{"id":35034,"date":"2025-01-08T06:56:49","date_gmt":"2025-01-08T05:56:49","guid":{"rendered":"https:\/\/www.organisator.ch\/?p=35034"},"modified":"2025-01-07T15:57:16","modified_gmt":"2025-01-07T14:57:16","slug":"neues-institut-fokussiert-auf-mentale-und-organisationale-gesundheit","status":"publish","type":"post","link":"https:\/\/www.organisator.ch\/fr\/weiterbildung\/2025-01-08\/neues-institut-fokussiert-auf-mentale-und-organisationale-gesundheit\/","title":{"rendered":"Un nouvel institut se concentre sur la sant\u00e9 mentale et organisationnelle"},"content":{"rendered":"<figure id=\"attachment_35035\" aria-describedby=\"caption-attachment-35035\" style=\"width: 680px\" class=\"wp-caption alignnone\"><img loading=\"lazy\" decoding=\"async\" class=\"size-full wp-image-35035\" src=\"https:\/\/www.organisator.ch\/wp-content\/uploads\/2025\/01\/FHNW_Bild1_ps.jpg\" alt=\"\" width=\"680\" height=\"453\" srcset=\"https:\/\/www.organisator.ch\/wp-content\/uploads\/2025\/01\/FHNW_Bild1_ps.jpg 680w, https:\/\/www.organisator.ch\/wp-content\/uploads\/2025\/01\/FHNW_Bild1_ps-18x12.jpg 18w, https:\/\/www.organisator.ch\/wp-content\/uploads\/2025\/01\/FHNW_Bild1_ps-375x250.jpg 375w, https:\/\/www.organisator.ch\/wp-content\/uploads\/2025\/01\/FHNW_Bild1_ps-525x350.jpg 525w\" sizes=\"auto, (max-width: 680px) 100vw, 680px\" \/><figcaption id=\"caption-attachment-35035\" class=\"wp-caption-text\">Vivre, travailler et changer en bonne sant\u00e9 - les principaux champs d'action de l'Institut pour la sant\u00e9 mentale et organisationnelle (MOG). (Image : Haute \u00e9cole de psychologie appliqu\u00e9e FHNW)<\/figcaption><\/figure>\n<p>L'Institut pour la sant\u00e9 mentale et organisationnelle (MOG), cr\u00e9\u00e9 le 1er janvier 2025, se consacre \u00e0 la conception de conditions de travail favorables \u00e0 la sant\u00e9, \u00e0 l'accompagnement des changements organisationnels ainsi qu'au renforcement de la r\u00e9silience au niveau individuel, des \u00e9quipes et de l'organisation. \"Le maintien et la promotion de la sant\u00e9 dans le monde du travail posent de plus en plus de d\u00e9fis aux organisations et \u00e0 la soci\u00e9t\u00e9\", explique le professeur Tanja Manser, directrice de la Haute \u00e9cole de psychologie appliqu\u00e9e FHNW. \"Avec la cr\u00e9ation du nouvel institut, nous soutenons les entreprises avec des solutions scientifiques et pratiques et contribuons avec des comp\u00e9tences psychologiques au champ d'avenir strat\u00e9gique Future Health de la FHNW\".<\/p>\n<h3><strong>Une base solide pour l'avenir<\/strong><\/h3>\n<p>La Haute \u00e9cole de psychologie appliqu\u00e9e FHNW dispose d'une expertise reconnue dans le domaine du travail et de la sant\u00e9. Michaela Knecht et Andreas Krause et leur \u00e9quipe apportent depuis de nombreuses ann\u00e9es une contribution importante \u00e0 la promotion de la sant\u00e9 mentale et organisationnelle gr\u00e2ce \u00e0 des projets de recherche novateurs, des conseils pratiques et des formats d'enseignement innovants. Ces comp\u00e9tences constituent la base de la poursuite du d\u00e9veloppement et de la mise en place de nouvelles priorit\u00e9s en fonction des besoins de l'\u00e9conomie et de la soci\u00e9t\u00e9.<\/p>\n<h3><strong>L'anticipation de nouvelles possibilit\u00e9s<\/strong><\/h3>\n<p>La cr\u00e9ation de l'institut ouvre la possibilit\u00e9 d'utiliser de mani\u00e8re encore plus cibl\u00e9e l'expertise d\u00e9velopp\u00e9e \u00e0 la Haute \u00e9cole de psychologie appliqu\u00e9e FHNW et de donner des impulsions durables pour le monde du travail de demain. \"Nous nous r\u00e9jouissons de d\u00e9velopper et d'exp\u00e9rimenter de nouvelles approches pour renforcer la sant\u00e9 mentale et organisationnelle en collaboration avec des partenaires issus de l'\u00e9conomie, de la soci\u00e9t\u00e9 et de la recherche\", ont d\u00e9clar\u00e9 Michaela Knecht et Andreas Krause.<\/p>\n<h3><strong>Vivre, travailler et changer en bonne sant\u00e9<\/strong><\/h3>\n<p>L'Institut pour la sant\u00e9 mentale et organisationnelle (MOG) se concentre sur trois champs d'action centraux qui r\u00e9pondent aux besoins de l'\u00e9conomie et de la soci\u00e9t\u00e9 :<\/p>\n<ul>\n<li><strong>Vivre en bonne sant\u00e9 :<\/strong> Promouvoir l'\u00e9quilibre entre le travail et la vie priv\u00e9e et renforcer le sens et la sant\u00e9 au quotidien.<\/li>\n<li><strong>Travailler en bonne sant\u00e9 :<\/strong> Recherche et diffusion de la gestion de la sant\u00e9 en entreprise (GSE), analyse des risques et ressources psychosociaux au travail et soutien \u00e0 l'auto-soin et \u00e0 la pr\u00e9vention de l'auto-danger.<\/li>\n<li><strong>Changer pour \u00eatre en bonne sant\u00e9 :<\/strong> Accompagnement de la promotion de la sant\u00e9 dans les processus de changement au sein des organisations, notamment lors de l'introduction de nouvelles formes de travail et de collaboration.<\/li>\n<\/ul>\n<h3><strong>\u00c9v\u00e9nement pratique \"Future Health - la contribution de la psychologie appliqu\u00e9e\", 7 mai 2025, Olten<\/strong><\/h3>\n<p>Des experts de l'Institut pour la sant\u00e9 mentale et organisationnelle pr\u00e9senteront des approches innovantes pour r\u00e9pondre aux d\u00e9fis d'un monde du travail de plus en plus complexe et dynamique. L'accent sera mis sur des solutions visant \u00e0 promouvoir la r\u00e9silience, la sant\u00e9 mentale et la performance durable dans les entreprises.<\/p>\n<p><em>Source : <a href=\"http:\/\/www.fhnw.ch\">www.fhnw.ch<\/a><\/em><\/p>","protected":false},"excerpt":{"rendered":"<p>Avec le nouvel Institut de sant\u00e9 mentale et organisationnelle, la Haute \u00e9cole de psychologie appliqu\u00e9e FHNW donne un signal fort quant \u00e0 l'importance de la sant\u00e9 mentale et organisationnelle dans un monde du travail en pleine mutation. La codirection est assur\u00e9e par les professeurs Michaela Knecht et Andreas Krause.<\/p>","protected":false},"author":80,"featured_media":35035,"comment_status":"closed","ping_status":"closed","sticky":false,"template":"","format":"standard","meta":{"_acf_changed":false,"_yoast_wpseo_focuskw":"FHNW","_yoast_wpseo_metadesc":"Das neue Institut der FHNW st\u00e4rkt mentale und organisationale Gesundheit mit praxisnahen und wissenschaftlich fundierten L\u00f6sungen.","articlekey":"","footnotes":""},"categories":[30],"tags":[4049,1168,242,4985,1688],"class_list":["post-35034","post","type-post","status-publish","format-standard","has-post-thumbnail","hentry","category-weiterbildung","tag-arbeitswelt","tag-fhnw","tag-gesundheit","tag-institut-fuer-mentale-und-organisationale-gesundheit","tag-mentale-gesundheit"],"acf":[],"yoast_head":"<!-- This site is optimized with the Yoast SEO plugin v27.5 - https:\/\/yoast.com\/product\/yoast-seo-wordpress\/ -->\n<title>Neues Institut fokussiert auf mentale und organisationale Gesundheit - Organisator<\/title>\n<meta name=\"description\" content=\"Das neue Institut der FHNW st\u00e4rkt mentale und organisationale Gesundheit mit praxisnahen und wissenschaftlich fundierten L\u00f6sungen.\" \/>\n<meta name=\"robots\" content=\"index, follow, max-snippet:-1, max-image-preview:large, max-video-preview:-1\" \/>\n<link rel=\"canonical\" href=\"https:\/\/www.organisator.ch\/fr\/formation-continue-2\/2025-01-08\/neues-institut-fokussiert-auf-mentale-und-organisationale-gesundheit\/\" \/>\n<meta property=\"og:locale\" content=\"fr_FR\" \/>\n<meta property=\"og:type\" content=\"article\" \/>\n<meta property=\"og:title\" content=\"Neues Institut fokussiert auf mentale und organisationale Gesundheit\" \/>\n<meta property=\"og:description\" content=\"Das neue Institut der FHNW st\u00e4rkt mentale und organisationale Gesundheit mit praxisnahen und wissenschaftlich fundierten L\u00f6sungen.\" \/>\n<meta property=\"og:url\" content=\"https:\/\/www.organisator.ch\/fr\/formation-continue-2\/2025-01-08\/neues-institut-fokussiert-auf-mentale-und-organisationale-gesundheit\/\" \/>\n<meta property=\"og:site_name\" content=\"Organisator\" \/>\n<meta property=\"article:publisher\" content=\"https:\/\/www.facebook.com\/OrganisatorFachmagazin\" \/>\n<meta property=\"article:published_time\" content=\"2025-01-08T05:56:49+00:00\" \/>\n<meta property=\"og:image\" content=\"https:\/\/www.organisator.ch\/wp-content\/uploads\/2025\/01\/FHNW_Bild1_ps.jpg\" \/>\n\t<meta property=\"og:image:width\" content=\"680\" \/>\n\t<meta property=\"og:image:height\" content=\"453\" \/>\n\t<meta property=\"og:image:type\" content=\"image\/jpeg\" \/>\n<meta name=\"author\" content=\"Dzana Muminovic\" \/>\n<meta name=\"twitter:card\" content=\"summary_large_image\" \/>\n<meta name=\"twitter:title\" content=\"Neues Institut fokussiert auf mentale und organisationale Gesundheit\" \/>\n<meta name=\"twitter:description\" content=\"Das neue #Institut der #FHNW st\u00e4rkt mentale und organisationale #Gesundheit mit praxisnahen und wissenschaftlich fundierten #L\u00f6sungen.\" \/>\n<meta name=\"twitter:image\" content=\"https:\/\/www.organisator.ch\/wp-content\/uploads\/2025\/01\/FHNW_Bild1_ps.jpg\" \/>\n<script type=\"application\/ld+json\" class=\"yoast-schema-graph\">{\"@context\":\"https:\\\/\\\/schema.org\",\"@graph\":[{\"@type\":\"Article\",\"@id\":\"https:\\\/\\\/www.organisator.ch\\\/weiterbildung\\\/2025-01-08\\\/neues-institut-fokussiert-auf-mentale-und-organisationale-gesundheit\\\/#article\",\"isPartOf\":{\"@id\":\"https:\\\/\\\/www.organisator.ch\\\/weiterbildung\\\/2025-01-08\\\/neues-institut-fokussiert-auf-mentale-und-organisationale-gesundheit\\\/\"},\"author\":{\"name\":\"Dzana Muminovic\",\"@id\":\"https:\\\/\\\/www.organisator.ch\\\/#\\\/schema\\\/person\\\/afccda3a71c06d4be2ed9100dd163db7\"},\"headline\":\"Neues Institut fokussiert auf mentale und organisationale Gesundheit\",\"datePublished\":\"2025-01-08T05:56:49+00:00\",\"mainEntityOfPage\":{\"@id\":\"https:\\\/\\\/www.organisator.ch\\\/weiterbildung\\\/2025-01-08\\\/neues-institut-fokussiert-auf-mentale-und-organisationale-gesundheit\\\/\"},\"wordCount\":443,\"publisher\":{\"@id\":\"https:\\\/\\\/www.organisator.ch\\\/#organization\"},\"image\":{\"@id\":\"https:\\\/\\\/www.organisator.ch\\\/weiterbildung\\\/2025-01-08\\\/neues-institut-fokussiert-auf-mentale-und-organisationale-gesundheit\\\/#primaryimage\"},\"thumbnailUrl\":\"https:\\\/\\\/www.organisator.ch\\\/wp-content\\\/uploads\\\/2025\\\/01\\\/FHNW_Bild1_ps.jpg\",\"keywords\":[\"Arbeitswelt\",\"FHNW\",\"Gesundheit\",\"Institut f\u00fcr Mentale und Organisationale Gesundheit\",\"Mentale Gesundheit\"],\"articleSection\":[\"WEITERBILDUNG\"],\"inLanguage\":\"fr-FR\"},{\"@type\":\"WebPage\",\"@id\":\"https:\\\/\\\/www.organisator.ch\\\/weiterbildung\\\/2025-01-08\\\/neues-institut-fokussiert-auf-mentale-und-organisationale-gesundheit\\\/\",\"url\":\"https:\\\/\\\/www.organisator.ch\\\/weiterbildung\\\/2025-01-08\\\/neues-institut-fokussiert-auf-mentale-und-organisationale-gesundheit\\\/\",\"name\":\"Neues Institut fokussiert auf mentale und organisationale Gesundheit - Organisator\",\"isPartOf\":{\"@id\":\"https:\\\/\\\/www.organisator.ch\\\/#website\"},\"primaryImageOfPage\":{\"@id\":\"https:\\\/\\\/www.organisator.ch\\\/weiterbildung\\\/2025-01-08\\\/neues-institut-fokussiert-auf-mentale-und-organisationale-gesundheit\\\/#primaryimage\"},\"image\":{\"@id\":\"https:\\\/\\\/www.organisator.ch\\\/weiterbildung\\\/2025-01-08\\\/neues-institut-fokussiert-auf-mentale-und-organisationale-gesundheit\\\/#primaryimage\"},\"thumbnailUrl\":\"https:\\\/\\\/www.organisator.ch\\\/wp-content\\\/uploads\\\/2025\\\/01\\\/FHNW_Bild1_ps.jpg\",\"datePublished\":\"2025-01-08T05:56:49+00:00\",\"description\":\"Das neue Institut der FHNW st\u00e4rkt mentale und organisationale Gesundheit mit praxisnahen und wissenschaftlich fundierten L\u00f6sungen.\",\"breadcrumb\":{\"@id\":\"https:\\\/\\\/www.organisator.ch\\\/weiterbildung\\\/2025-01-08\\\/neues-institut-fokussiert-auf-mentale-und-organisationale-gesundheit\\\/#breadcrumb\"},\"inLanguage\":\"fr-FR\",\"potentialAction\":[{\"@type\":\"ReadAction\",\"target\":[\"https:\\\/\\\/www.organisator.ch\\\/weiterbildung\\\/2025-01-08\\\/neues-institut-fokussiert-auf-mentale-und-organisationale-gesundheit\\\/\"]}]},{\"@type\":\"ImageObject\",\"inLanguage\":\"fr-FR\",\"@id\":\"https:\\\/\\\/www.organisator.ch\\\/weiterbildung\\\/2025-01-08\\\/neues-institut-fokussiert-auf-mentale-und-organisationale-gesundheit\\\/#primaryimage\",\"url\":\"https:\\\/\\\/www.organisator.ch\\\/wp-content\\\/uploads\\\/2025\\\/01\\\/FHNW_Bild1_ps.jpg\",\"contentUrl\":\"https:\\\/\\\/www.organisator.ch\\\/wp-content\\\/uploads\\\/2025\\\/01\\\/FHNW_Bild1_ps.jpg\",\"width\":680,\"height\":453,\"caption\":\"Gesund leben, arbeiten und ver\u00e4ndern \u2013 die zentralen Handlungsfelder des Instituts f\u00fcr Mentale und Organisationale Gesundheit (MOG). (Bild: Hochschule f\u00fcr Angewandte Psychologie FHNW)\"},{\"@type\":\"BreadcrumbList\",\"@id\":\"https:\\\/\\\/www.organisator.ch\\\/weiterbildung\\\/2025-01-08\\\/neues-institut-fokussiert-auf-mentale-und-organisationale-gesundheit\\\/#breadcrumb\",\"itemListElement\":[{\"@type\":\"ListItem\",\"position\":1,\"name\":\"Home\",\"item\":\"https:\\\/\\\/www.organisator.ch\\\/\"},{\"@type\":\"ListItem\",\"position\":2,\"name\":\"Neues Institut fokussiert auf mentale und organisationale Gesundheit\"}]},{\"@type\":\"WebSite\",\"@id\":\"https:\\\/\\\/www.organisator.ch\\\/#website\",\"url\":\"https:\\\/\\\/www.organisator.ch\\\/\",\"name\":\"Organisator\",\"description\":\"Kompetent. Praxisnah. Der ORGANISATOR bereitet in 10 Ausgaben pro Jahr die wesentlichen Themen f\u00fcr F\u00fchrungskr\u00e4fte von KMU auf.\",\"publisher\":{\"@id\":\"https:\\\/\\\/www.organisator.ch\\\/#organization\"},\"potentialAction\":[{\"@type\":\"SearchAction\",\"target\":{\"@type\":\"EntryPoint\",\"urlTemplate\":\"https:\\\/\\\/www.organisator.ch\\\/?s={search_term_string}\"},\"query-input\":{\"@type\":\"PropertyValueSpecification\",\"valueRequired\":true,\"valueName\":\"search_term_string\"}}],\"inLanguage\":\"fr-FR\"},{\"@type\":\"Organization\",\"@id\":\"https:\\\/\\\/www.organisator.ch\\\/#organization\",\"name\":\"Organisator\",\"url\":\"https:\\\/\\\/www.organisator.ch\\\/\",\"logo\":{\"@type\":\"ImageObject\",\"inLanguage\":\"fr-FR\",\"@id\":\"https:\\\/\\\/www.organisator.ch\\\/#\\\/schema\\\/logo\\\/image\\\/\",\"url\":\"https:\\\/\\\/www.organisator.ch\\\/wp-content\\\/uploads\\\/2022\\\/01\\\/Logo_Organisator_Website.png\",\"contentUrl\":\"https:\\\/\\\/www.organisator.ch\\\/wp-content\\\/uploads\\\/2022\\\/01\\\/Logo_Organisator_Website.png\",\"width\":800,\"height\":77,\"caption\":\"Organisator\"},\"image\":{\"@id\":\"https:\\\/\\\/www.organisator.ch\\\/#\\\/schema\\\/logo\\\/image\\\/\"},\"sameAs\":[\"https:\\\/\\\/www.facebook.com\\\/OrganisatorFachmagazin\",\"https:\\\/\\\/www.linkedin.com\\\/showcase\\\/organisator-das-magazin-fr-kmu\",\"https:\\\/\\\/www.xing.com\\\/news\\\/pages\\\/organisator-ch-695\",\"https:\\\/\\\/www.youtube.com\\\/channel\\\/UCGP2Sq0iWaZwT3BdIAQFYpw\"]},{\"@type\":\"Person\",\"@id\":\"https:\\\/\\\/www.organisator.ch\\\/#\\\/schema\\\/person\\\/afccda3a71c06d4be2ed9100dd163db7\",\"name\":\"Dzana Muminovic\",\"image\":{\"@type\":\"ImageObject\",\"inLanguage\":\"fr-FR\",\"@id\":\"https:\\\/\\\/secure.gravatar.com\\\/avatar\\\/909c5c71aff4b38e88686f2ab2f1ba152571f394f41ed8bae431ea56ced93050?s=96&d=mm&r=g\",\"url\":\"https:\\\/\\\/secure.gravatar.com\\\/avatar\\\/909c5c71aff4b38e88686f2ab2f1ba152571f394f41ed8bae431ea56ced93050?s=96&d=mm&r=g\",\"contentUrl\":\"https:\\\/\\\/secure.gravatar.com\\\/avatar\\\/909c5c71aff4b38e88686f2ab2f1ba152571f394f41ed8bae431ea56ced93050?s=96&d=mm&r=g\",\"caption\":\"Dzana Muminovic\"},\"url\":\"https:\\\/\\\/www.organisator.ch\\\/fr\\\/author\\\/dzana-muminovic\\\/\"}]}<\/script>\n<!-- \/ Yoast SEO plugin. -->","yoast_head_json":{"title":"Un nouvel institut se concentre sur la sant\u00e9 mentale et organisationnelle - Organisateur","description":"Le nouvel institut de la FHNW renforce la sant\u00e9 mentale et organisationnelle avec des solutions pratiques et scientifiquement fond\u00e9es.","robots":{"index":"index","follow":"follow","max-snippet":"max-snippet:-1","max-image-preview":"max-image-preview:large","max-video-preview":"max-video-preview:-1"},"canonical":"https:\/\/www.organisator.ch\/fr\/formation-continue-2\/2025-01-08\/neues-institut-fokussiert-auf-mentale-und-organisationale-gesundheit\/","og_locale":"fr_FR","og_type":"article","og_title":"Neues Institut fokussiert auf mentale und organisationale Gesundheit","og_description":"Das neue Institut der FHNW st\u00e4rkt mentale und organisationale Gesundheit mit praxisnahen und wissenschaftlich fundierten L\u00f6sungen.","og_url":"https:\/\/www.organisator.ch\/fr\/formation-continue-2\/2025-01-08\/neues-institut-fokussiert-auf-mentale-und-organisationale-gesundheit\/","og_site_name":"Organisator","article_publisher":"https:\/\/www.facebook.com\/OrganisatorFachmagazin","article_published_time":"2025-01-08T05:56:49+00:00","og_image":[{"width":680,"height":453,"url":"https:\/\/www.organisator.ch\/wp-content\/uploads\/2025\/01\/FHNW_Bild1_ps.jpg","type":"image\/jpeg"}],"author":"Dzana Muminovic","twitter_card":"summary_large_image","twitter_title":"Neues Institut fokussiert auf mentale und organisationale Gesundheit","twitter_description":"Das neue #Institut der #FHNW st\u00e4rkt mentale und organisationale #Gesundheit mit praxisnahen und wissenschaftlich fundierten #L\u00f6sungen.","twitter_image":"https:\/\/www.organisator.ch\/wp-content\/uploads\/2025\/01\/FHNW_Bild1_ps.jpg","schema":{"@context":"https:\/\/schema.org","@graph":[{"@type":"Article","@id":"https:\/\/www.organisator.ch\/weiterbildung\/2025-01-08\/neues-institut-fokussiert-auf-mentale-und-organisationale-gesundheit\/#article","isPartOf":{"@id":"https:\/\/www.organisator.ch\/weiterbildung\/2025-01-08\/neues-institut-fokussiert-auf-mentale-und-organisationale-gesundheit\/"},"author":{"name":"Dzana Muminovic","@id":"https:\/\/www.organisator.ch\/#\/schema\/person\/afccda3a71c06d4be2ed9100dd163db7"},"headline":"Neues Institut fokussiert auf mentale und organisationale Gesundheit","datePublished":"2025-01-08T05:56:49+00:00","mainEntityOfPage":{"@id":"https:\/\/www.organisator.ch\/weiterbildung\/2025-01-08\/neues-institut-fokussiert-auf-mentale-und-organisationale-gesundheit\/"},"wordCount":443,"publisher":{"@id":"https:\/\/www.organisator.ch\/#organization"},"image":{"@id":"https:\/\/www.organisator.ch\/weiterbildung\/2025-01-08\/neues-institut-fokussiert-auf-mentale-und-organisationale-gesundheit\/#primaryimage"},"thumbnailUrl":"https:\/\/www.organisator.ch\/wp-content\/uploads\/2025\/01\/FHNW_Bild1_ps.jpg","keywords":["Arbeitswelt","FHNW","Gesundheit","Institut f\u00fcr Mentale und Organisationale Gesundheit","Mentale Gesundheit"],"articleSection":["WEITERBILDUNG"],"inLanguage":"fr-FR"},{"@type":"WebPage","@id":"https:\/\/www.organisator.ch\/weiterbildung\/2025-01-08\/neues-institut-fokussiert-auf-mentale-und-organisationale-gesundheit\/","url":"https:\/\/www.organisator.ch\/weiterbildung\/2025-01-08\/neues-institut-fokussiert-auf-mentale-und-organisationale-gesundheit\/","name":"Un nouvel institut se concentre sur la sant\u00e9 mentale et organisationnelle - Organisateur","isPartOf":{"@id":"https:\/\/www.organisator.ch\/#website"},"primaryImageOfPage":{"@id":"https:\/\/www.organisator.ch\/weiterbildung\/2025-01-08\/neues-institut-fokussiert-auf-mentale-und-organisationale-gesundheit\/#primaryimage"},"image":{"@id":"https:\/\/www.organisator.ch\/weiterbildung\/2025-01-08\/neues-institut-fokussiert-auf-mentale-und-organisationale-gesundheit\/#primaryimage"},"thumbnailUrl":"https:\/\/www.organisator.ch\/wp-content\/uploads\/2025\/01\/FHNW_Bild1_ps.jpg","datePublished":"2025-01-08T05:56:49+00:00","description":"Le nouvel institut de la FHNW renforce la sant\u00e9 mentale et organisationnelle avec des solutions pratiques et scientifiquement fond\u00e9es.","breadcrumb":{"@id":"https:\/\/www.organisator.ch\/weiterbildung\/2025-01-08\/neues-institut-fokussiert-auf-mentale-und-organisationale-gesundheit\/#breadcrumb"},"inLanguage":"fr-FR","potentialAction":[{"@type":"ReadAction","target":["https:\/\/www.organisator.ch\/weiterbildung\/2025-01-08\/neues-institut-fokussiert-auf-mentale-und-organisationale-gesundheit\/"]}]},{"@type":"ImageObject","inLanguage":"fr-FR","@id":"https:\/\/www.organisator.ch\/weiterbildung\/2025-01-08\/neues-institut-fokussiert-auf-mentale-und-organisationale-gesundheit\/#primaryimage","url":"https:\/\/www.organisator.ch\/wp-content\/uploads\/2025\/01\/FHNW_Bild1_ps.jpg","contentUrl":"https:\/\/www.organisator.ch\/wp-content\/uploads\/2025\/01\/FHNW_Bild1_ps.jpg","width":680,"height":453,"caption":"Gesund leben, arbeiten und ver\u00e4ndern \u2013 die zentralen Handlungsfelder des Instituts f\u00fcr Mentale und Organisationale Gesundheit (MOG). (Bild: Hochschule f\u00fcr Angewandte Psychologie FHNW)"},{"@type":"BreadcrumbList","@id":"https:\/\/www.organisator.ch\/weiterbildung\/2025-01-08\/neues-institut-fokussiert-auf-mentale-und-organisationale-gesundheit\/#breadcrumb","itemListElement":[{"@type":"ListItem","position":1,"name":"Home","item":"https:\/\/www.organisator.ch\/"},{"@type":"ListItem","position":2,"name":"Neues Institut fokussiert auf mentale und organisationale Gesundheit"}]},{"@type":"WebSite","@id":"https:\/\/www.organisator.ch\/#website","url":"https:\/\/www.organisator.ch\/","name":"Organisateur","description":"Comp\u00e9tence et comp\u00e9tence. Proches de la pratique. L'ORGANISATEUR pr\u00e9pare 10 num\u00e9ros par an sur les th\u00e8mes essentiels pour les dirigeants de PME.","publisher":{"@id":"https:\/\/www.organisator.ch\/#organization"},"potentialAction":[{"@type":"SearchAction","target":{"@type":"EntryPoint","urlTemplate":"https:\/\/www.organisator.ch\/?s={search_term_string}"},"query-input":{"@type":"PropertyValueSpecification","valueRequired":true,"valueName":"search_term_string"}}],"inLanguage":"fr-FR"},{"@type":"Organization","@id":"https:\/\/www.organisator.ch\/#organization","name":"Organisateur","url":"https:\/\/www.organisator.ch\/","logo":{"@type":"ImageObject","inLanguage":"fr-FR","@id":"https:\/\/www.organisator.ch\/#\/schema\/logo\/image\/","url":"https:\/\/www.organisator.ch\/wp-content\/uploads\/2022\/01\/Logo_Organisator_Website.png","contentUrl":"https:\/\/www.organisator.ch\/wp-content\/uploads\/2022\/01\/Logo_Organisator_Website.png","width":800,"height":77,"caption":"Organisator"},"image":{"@id":"https:\/\/www.organisator.ch\/#\/schema\/logo\/image\/"},"sameAs":["https:\/\/www.facebook.com\/OrganisatorFachmagazin","https:\/\/www.linkedin.com\/showcase\/organisator-das-magazin-fr-kmu","https:\/\/www.xing.com\/news\/pages\/organisator-ch-695","https:\/\/www.youtube.com\/channel\/UCGP2Sq0iWaZwT3BdIAQFYpw"]},{"@type":"Person","@id":"https:\/\/www.organisator.ch\/#\/schema\/person\/afccda3a71c06d4be2ed9100dd163db7","name":"Dzana Muminovic","image":{"@type":"ImageObject","inLanguage":"fr-FR","@id":"https:\/\/secure.gravatar.com\/avatar\/909c5c71aff4b38e88686f2ab2f1ba152571f394f41ed8bae431ea56ced93050?s=96&d=mm&r=g","url":"https:\/\/secure.gravatar.com\/avatar\/909c5c71aff4b38e88686f2ab2f1ba152571f394f41ed8bae431ea56ced93050?s=96&d=mm&r=g","contentUrl":"https:\/\/secure.gravatar.com\/avatar\/909c5c71aff4b38e88686f2ab2f1ba152571f394f41ed8bae431ea56ced93050?s=96&d=mm&r=g","caption":"Dzana Muminovic"},"url":"https:\/\/www.organisator.ch\/fr\/author\/dzana-muminovic\/"}]}},"_links":{"self":[{"href":"https:\/\/www.organisator.ch\/fr\/wp-json\/wp\/v2\/posts\/35034","targetHints":{"allow":["GET"]}}],"collection":[{"href":"https:\/\/www.organisator.ch\/fr\/wp-json\/wp\/v2\/posts"}],"about":[{"href":"https:\/\/www.organisator.ch\/fr\/wp-json\/wp\/v2\/types\/post"}],"author":[{"embeddable":true,"href":"https:\/\/www.organisator.ch\/fr\/wp-json\/wp\/v2\/users\/80"}],"replies":[{"embeddable":true,"href":"https:\/\/www.organisator.ch\/fr\/wp-json\/wp\/v2\/comments?post=35034"}],"version-history":[{"count":3,"href":"https:\/\/www.organisator.ch\/fr\/wp-json\/wp\/v2\/posts\/35034\/revisions"}],"predecessor-version":[{"id":35068,"href":"https:\/\/www.organisator.ch\/fr\/wp-json\/wp\/v2\/posts\/35034\/revisions\/35068"}],"wp:featuredmedia":[{"embeddable":true,"href":"https:\/\/www.organisator.ch\/fr\/wp-json\/wp\/v2\/media\/35035"}],"wp:attachment":[{"href":"https:\/\/www.organisator.ch\/fr\/wp-json\/wp\/v2\/media?parent=35034"}],"wp:term":[{"taxonomy":"category","embeddable":true,"href":"https:\/\/www.organisator.ch\/fr\/wp-json\/wp\/v2\/categories?post=35034"},{"taxonomy":"post_tag","embeddable":true,"href":"https:\/\/www.organisator.ch\/fr\/wp-json\/wp\/v2\/tags?post=35034"}],"curies":[{"name":"wp","href":"https:\/\/api.w.org\/{rel}","templated":true}]}}