{"id":35049,"date":"2025-01-08T08:27:58","date_gmt":"2025-01-08T07:27:58","guid":{"rendered":"https:\/\/www.organisator.ch\/?p=35049"},"modified":"2025-01-08T08:57:02","modified_gmt":"2025-01-08T07:57:02","slug":"nachhaltige-logistik-renault-trucks-e-tech-d-beweist-leistungsfaehigkeit-bei-langstreckentest","status":"publish","type":"post","link":"https:\/\/www.organisator.ch\/fr\/sustainability\/2025-01-08\/nachhaltige-logistik-renault-trucks-e-tech-d-beweist-leistungsfaehigkeit-bei-langstreckentest\/","title":{"rendered":"Logistique durable : Renault Trucks E-Tech D prouve ses performances lors d'un test longue distance"},"content":{"rendered":"<figure id=\"attachment_35057\" aria-describedby=\"caption-attachment-35057\" style=\"width: 680px\" class=\"wp-caption alignnone\"><img loading=\"lazy\" decoding=\"async\" class=\"wp-image-35057 size-full\" src=\"https:\/\/www.organisator.ch\/wp-content\/uploads\/2025\/01\/Dachser_Bild2_ps.jpg\" alt=\"\" width=\"680\" height=\"475\" srcset=\"https:\/\/www.organisator.ch\/wp-content\/uploads\/2025\/01\/Dachser_Bild2_ps.jpg 680w, https:\/\/www.organisator.ch\/wp-content\/uploads\/2025\/01\/Dachser_Bild2_ps-18x12.jpg 18w, https:\/\/www.organisator.ch\/wp-content\/uploads\/2025\/01\/Dachser_Bild2_ps-375x262.jpg 375w, https:\/\/www.organisator.ch\/wp-content\/uploads\/2025\/01\/Dachser_Bild2_ps-501x350.jpg 501w\" sizes=\"auto, (max-width: 680px) 100vw, 680px\" \/><figcaption id=\"caption-attachment-35057\" class=\"wp-caption-text\">2.000 kilom\u00e8tres \u00e9lectriques : Dachser teste le Renault Trucks E-Tech D sur longue distance. R\u00e9sultat : fiable et adapt\u00e9 \u00e0 la vie quotidienne. (Photo : www.renault-trucks.de)<\/figcaption><\/figure>\n<p>Le Renault Trucks E-Tech D a effectu\u00e9 avec succ\u00e8s un voyage aller-retour longue distance de plus de 2 000 kilom\u00e8tres entre Bad Salzuflen, en Rh\u00e9nanie du Nord-Westphalie, et la Hongrie. Le trajet a \u00e9t\u00e9 effectu\u00e9 par Matthias Syrbe, planificateur chez Dachser, et son copilote, pour transporter des meubles en Hongrie \u00e0 des fins caritatives.<\/p>\n<p>\"Au d\u00e9but, nous avions des doutes\", raconte Syrbe. \"Mais avec une planification minutieuse et le soutien de mon copilote, nous avons r\u00e9ussi \u00e0 parcourir le trajet. Le camion \u00e0 batterie \u00e9lectrique a parcouru tout le trajet sans probl\u00e8me\".<\/p>\n<p>Le plus grand d\u00e9fi a \u00e9t\u00e9 de trouver des stations de recharge ad\u00e9quates le long de l'itin\u00e9raire. Gr\u00e2ce \u00e0 des applications modernes et \u00e0 une planification minutieuse, les pauses de recharge n\u00e9cessaires ont toutefois pu \u00eatre effectu\u00e9es efficacement. Au total, neuf arr\u00eats de recharge ont \u00e9t\u00e9 n\u00e9cessaires pour mener \u00e0 bien le parcours.<\/p>\n<h3><strong>354 kilom\u00e8tres parcourus d'une traite<\/strong><\/h3>\n<p>\"Une fois, nous \u00e9tions vraiment \u00e0 l'\u00e9troit. Nous avions choisi \u00e0 l'avance un point de recharge avec une capacit\u00e9 de 330 kW. Mais sur place, nous n'avons re\u00e7u que 45 kW de courant de charge. Cela a compl\u00e8tement perturb\u00e9 notre emploi du temps. Nous avons interrompu le processus de chargement et cherch\u00e9 une autre possibilit\u00e9 de chargement. Une fois sur place, le camion \u00e9tait trop haut pour le nouveau point de charge - nous avons d\u00fb repartir avec 10% de charge restante. Finalement, nous avons trouv\u00e9 une autre possibilit\u00e9 de chargement. Il restait alors 2% dans les batteries - et nous \u00e9tions tous les deux l\u00e9g\u00e8rement paniqu\u00e9s. Mais tout s'est bien pass\u00e9, et cette situation a aussi eu un c\u00f4t\u00e9 positif : nous savons maintenant que le camion \u00e9lectrique peut parcourir 354 kilom\u00e8tres quand il le faut\", poursuit Syrbe.<\/p>\n<p>Frederic Ruesche, directeur g\u00e9n\u00e9ral de Renault Trucks Allemagne, a d\u00e9clar\u00e9 : \"Ce voyage longue distance r\u00e9ussi montre de mani\u00e8re impressionnante que nos camions \u00e9lectriques sont parfaitement adapt\u00e9s non seulement \u00e0 une utilisation urbaine, mais aussi \u00e0 des trajets plus longs. Nous sommes fiers de pouvoir proposer une solution de transport durable et fiable avec le Renault Trucks E-Tech D\".<\/p>\n<p>\"C'\u00e9tait tr\u00e8s amusant de rouler \u00e0 l'\u00e9lectricit\u00e9\", r\u00e9sume Syrbe. \"Le camion \u00e9lectrique \u00e0 batterie a montr\u00e9 que l'\u00e9lectromobilit\u00e9 est \u00e9galement possible sur de longues distances\".<\/p>\n<h3><strong>Parfait pour la distribution<\/strong><\/h3>\n<p>Le Renault Trucks E-Tech D est sp\u00e9cialement con\u00e7u pour la distribution urbaine et r\u00e9gionale. Avec un poids total autoris\u00e9 de 16 tonnes et une capacit\u00e9 de batterie de 200 \u00e0 400 kWh, il offre une autonomie suffisante pour la plupart des t\u00e2ches de distribution. Le v\u00e9hicule \u00e9lectrique de Renault est disponible en diff\u00e9rentes variantes de carrosserie et convient aussi bien au transport de marchandises s\u00e8ches que de marchandises r\u00e9frig\u00e9r\u00e9es. De plus, il est qualifi\u00e9 pour une utilisation dans des zones \u00e0 faibles \u00e9missions.<\/p>\n<p><em>Source : <a href=\"http:\/\/www.renault-trucks.de\">www.renault-trucks.de<\/a><\/em><\/p>","protected":false},"excerpt":{"rendered":"<p>2 000 kilom\u00e8tres avec le Renault Trucks E-Tech D : Dachser a r\u00e9alis\u00e9 avec succ\u00e8s le test pratique. Ce trajet longue distance souligne les performances et la fiabilit\u00e9 du camion \u00e9lectrique \u00e0 batterie et marque une nouvelle \u00e9tape vers des solutions logistiques durables.<\/p>","protected":false},"author":80,"featured_media":35057,"comment_status":"closed","ping_status":"closed","sticky":false,"template":"","format":"standard","meta":{"_acf_changed":false,"_yoast_wpseo_focuskw":"Renault Trucks","_yoast_wpseo_metadesc":"2.000 Kilometer elektrisch: Dachser testet den Renault Trucks E-Tech D auf Langstrecke. Ergebnis: zuverl\u00e4ssig und alltagstauglich.","articlekey":"","footnotes":""},"categories":[580],"tags":[4988,1004,1035,1787,2321],"class_list":["post-35049","post","type-post","status-publish","format-standard","has-post-thumbnail","hentry","category-sustainability","tag-dachser","tag-e-fahrzeuge","tag-elektrofahrzeug","tag-nachhaltigkeit","tag-transport"],"acf":[],"yoast_head":"<!-- This site is optimized with the Yoast SEO plugin v27.4 - https:\/\/yoast.com\/product\/yoast-seo-wordpress\/ -->\n<title>Nachhaltige Logistik: Renault Trucks E-Tech D beweist Leistungsf\u00e4higkeit bei Langstreckentest - Organisator<\/title>\n<meta name=\"description\" content=\"2.000 Kilometer elektrisch: Dachser testet den Renault Trucks E-Tech D auf Langstrecke. Ergebnis: zuverl\u00e4ssig und alltagstauglich.\" \/>\n<meta name=\"robots\" content=\"index, follow, max-snippet:-1, max-image-preview:large, max-video-preview:-1\" \/>\n<link rel=\"canonical\" href=\"https:\/\/www.organisator.ch\/fr\/sustainability\/2025-01-08\/nachhaltige-logistik-renault-trucks-e-tech-d-beweist-leistungsfaehigkeit-bei-langstreckentest\/\" \/>\n<meta property=\"og:locale\" content=\"fr_FR\" \/>\n<meta property=\"og:type\" content=\"article\" \/>\n<meta property=\"og:title\" content=\"Renault Trucks E-Tech D beweist Leistungsf\u00e4higkeit bei Langstreckentest\" \/>\n<meta property=\"og:description\" content=\"2.000 Kilometer elektrisch: Dachser testet den Renault Trucks E-Tech D auf Langstrecke. Ergebnis: zuverl\u00e4ssig und alltagstauglich.\" \/>\n<meta property=\"og:url\" content=\"https:\/\/www.organisator.ch\/fr\/sustainability\/2025-01-08\/nachhaltige-logistik-renault-trucks-e-tech-d-beweist-leistungsfaehigkeit-bei-langstreckentest\/\" \/>\n<meta property=\"og:site_name\" content=\"Organisator\" \/>\n<meta property=\"article:publisher\" content=\"https:\/\/www.facebook.com\/OrganisatorFachmagazin\" \/>\n<meta property=\"article:published_time\" content=\"2025-01-08T07:27:58+00:00\" \/>\n<meta property=\"article:modified_time\" content=\"2025-01-08T07:57:02+00:00\" \/>\n<meta property=\"og:image\" content=\"https:\/\/www.organisator.ch\/wp-content\/uploads\/2025\/01\/Dachser_Bild2_ps.jpg\" \/>\n\t<meta property=\"og:image:width\" content=\"680\" \/>\n\t<meta property=\"og:image:height\" content=\"475\" \/>\n\t<meta property=\"og:image:type\" content=\"image\/jpeg\" \/>\n<meta name=\"author\" content=\"Dzana Muminovic\" \/>\n<meta name=\"twitter:card\" content=\"summary_large_image\" \/>\n<meta name=\"twitter:title\" content=\"Renault Trucks E-Tech D beweist Leistungsf\u00e4higkeit bei Langstreckentest\" \/>\n<meta name=\"twitter:description\" content=\"2.000 Kilometer elektrisch: #Dachser testet den #Renault #Trucks E-Tech D auf Langstrecke. Ergebnis: #zuverl\u00e4ssig und #alltagstauglich.\" \/>\n<meta name=\"twitter:image\" content=\"https:\/\/www.organisator.ch\/wp-content\/uploads\/2025\/01\/Dachser_Bild2_ps.jpg\" \/>\n<script type=\"application\/ld+json\" class=\"yoast-schema-graph\">{\"@context\":\"https:\\\/\\\/schema.org\",\"@graph\":[{\"@type\":\"Article\",\"@id\":\"https:\\\/\\\/www.organisator.ch\\\/sustainability\\\/2025-01-08\\\/nachhaltige-logistik-renault-trucks-e-tech-d-beweist-leistungsfaehigkeit-bei-langstreckentest\\\/#article\",\"isPartOf\":{\"@id\":\"https:\\\/\\\/www.organisator.ch\\\/sustainability\\\/2025-01-08\\\/nachhaltige-logistik-renault-trucks-e-tech-d-beweist-leistungsfaehigkeit-bei-langstreckentest\\\/\"},\"author\":{\"name\":\"Dzana Muminovic\",\"@id\":\"https:\\\/\\\/www.organisator.ch\\\/#\\\/schema\\\/person\\\/afccda3a71c06d4be2ed9100dd163db7\"},\"headline\":\"Nachhaltige Logistik: Renault Trucks E-Tech D beweist Leistungsf\u00e4higkeit bei Langstreckentest\",\"datePublished\":\"2025-01-08T07:27:58+00:00\",\"dateModified\":\"2025-01-08T07:57:02+00:00\",\"mainEntityOfPage\":{\"@id\":\"https:\\\/\\\/www.organisator.ch\\\/sustainability\\\/2025-01-08\\\/nachhaltige-logistik-renault-trucks-e-tech-d-beweist-leistungsfaehigkeit-bei-langstreckentest\\\/\"},\"wordCount\":455,\"publisher\":{\"@id\":\"https:\\\/\\\/www.organisator.ch\\\/#organization\"},\"image\":{\"@id\":\"https:\\\/\\\/www.organisator.ch\\\/sustainability\\\/2025-01-08\\\/nachhaltige-logistik-renault-trucks-e-tech-d-beweist-leistungsfaehigkeit-bei-langstreckentest\\\/#primaryimage\"},\"thumbnailUrl\":\"https:\\\/\\\/www.organisator.ch\\\/wp-content\\\/uploads\\\/2025\\\/01\\\/Dachser_Bild2_ps.jpg\",\"keywords\":[\"Dachser\",\"E-Fahrzeuge\",\"Elektrofahrzeug\",\"Nachhaltigkeit\",\"Transport\"],\"articleSection\":[\"SUSTAINABILITY\"],\"inLanguage\":\"fr-FR\"},{\"@type\":\"WebPage\",\"@id\":\"https:\\\/\\\/www.organisator.ch\\\/sustainability\\\/2025-01-08\\\/nachhaltige-logistik-renault-trucks-e-tech-d-beweist-leistungsfaehigkeit-bei-langstreckentest\\\/\",\"url\":\"https:\\\/\\\/www.organisator.ch\\\/sustainability\\\/2025-01-08\\\/nachhaltige-logistik-renault-trucks-e-tech-d-beweist-leistungsfaehigkeit-bei-langstreckentest\\\/\",\"name\":\"Nachhaltige Logistik: Renault Trucks E-Tech D beweist Leistungsf\u00e4higkeit bei Langstreckentest - Organisator\",\"isPartOf\":{\"@id\":\"https:\\\/\\\/www.organisator.ch\\\/#website\"},\"primaryImageOfPage\":{\"@id\":\"https:\\\/\\\/www.organisator.ch\\\/sustainability\\\/2025-01-08\\\/nachhaltige-logistik-renault-trucks-e-tech-d-beweist-leistungsfaehigkeit-bei-langstreckentest\\\/#primaryimage\"},\"image\":{\"@id\":\"https:\\\/\\\/www.organisator.ch\\\/sustainability\\\/2025-01-08\\\/nachhaltige-logistik-renault-trucks-e-tech-d-beweist-leistungsfaehigkeit-bei-langstreckentest\\\/#primaryimage\"},\"thumbnailUrl\":\"https:\\\/\\\/www.organisator.ch\\\/wp-content\\\/uploads\\\/2025\\\/01\\\/Dachser_Bild2_ps.jpg\",\"datePublished\":\"2025-01-08T07:27:58+00:00\",\"dateModified\":\"2025-01-08T07:57:02+00:00\",\"description\":\"2.000 Kilometer elektrisch: Dachser testet den Renault Trucks E-Tech D auf Langstrecke. Ergebnis: zuverl\u00e4ssig und alltagstauglich.\",\"breadcrumb\":{\"@id\":\"https:\\\/\\\/www.organisator.ch\\\/sustainability\\\/2025-01-08\\\/nachhaltige-logistik-renault-trucks-e-tech-d-beweist-leistungsfaehigkeit-bei-langstreckentest\\\/#breadcrumb\"},\"inLanguage\":\"fr-FR\",\"potentialAction\":[{\"@type\":\"ReadAction\",\"target\":[\"https:\\\/\\\/www.organisator.ch\\\/sustainability\\\/2025-01-08\\\/nachhaltige-logistik-renault-trucks-e-tech-d-beweist-leistungsfaehigkeit-bei-langstreckentest\\\/\"]}]},{\"@type\":\"ImageObject\",\"inLanguage\":\"fr-FR\",\"@id\":\"https:\\\/\\\/www.organisator.ch\\\/sustainability\\\/2025-01-08\\\/nachhaltige-logistik-renault-trucks-e-tech-d-beweist-leistungsfaehigkeit-bei-langstreckentest\\\/#primaryimage\",\"url\":\"https:\\\/\\\/www.organisator.ch\\\/wp-content\\\/uploads\\\/2025\\\/01\\\/Dachser_Bild2_ps.jpg\",\"contentUrl\":\"https:\\\/\\\/www.organisator.ch\\\/wp-content\\\/uploads\\\/2025\\\/01\\\/Dachser_Bild2_ps.jpg\",\"width\":680,\"height\":475,\"caption\":\"2.000 Kilometer elektrisch: Dachser testet den Renault Trucks E-Tech D auf Langstrecke. Ergebnis: zuverl\u00e4ssig und alltagstauglich. (Bild: www.renault-trucks.de)\"},{\"@type\":\"BreadcrumbList\",\"@id\":\"https:\\\/\\\/www.organisator.ch\\\/sustainability\\\/2025-01-08\\\/nachhaltige-logistik-renault-trucks-e-tech-d-beweist-leistungsfaehigkeit-bei-langstreckentest\\\/#breadcrumb\",\"itemListElement\":[{\"@type\":\"ListItem\",\"position\":1,\"name\":\"Home\",\"item\":\"https:\\\/\\\/www.organisator.ch\\\/\"},{\"@type\":\"ListItem\",\"position\":2,\"name\":\"Nachhaltige Logistik: Renault Trucks E-Tech D beweist Leistungsf\u00e4higkeit bei Langstreckentest\"}]},{\"@type\":\"WebSite\",\"@id\":\"https:\\\/\\\/www.organisator.ch\\\/#website\",\"url\":\"https:\\\/\\\/www.organisator.ch\\\/\",\"name\":\"Organisator\",\"description\":\"Kompetent. Praxisnah. Der ORGANISATOR bereitet in 10 Ausgaben pro Jahr die wesentlichen Themen f\u00fcr F\u00fchrungskr\u00e4fte von KMU auf.\",\"publisher\":{\"@id\":\"https:\\\/\\\/www.organisator.ch\\\/#organization\"},\"potentialAction\":[{\"@type\":\"SearchAction\",\"target\":{\"@type\":\"EntryPoint\",\"urlTemplate\":\"https:\\\/\\\/www.organisator.ch\\\/?s={search_term_string}\"},\"query-input\":{\"@type\":\"PropertyValueSpecification\",\"valueRequired\":true,\"valueName\":\"search_term_string\"}}],\"inLanguage\":\"fr-FR\"},{\"@type\":\"Organization\",\"@id\":\"https:\\\/\\\/www.organisator.ch\\\/#organization\",\"name\":\"Organisator\",\"url\":\"https:\\\/\\\/www.organisator.ch\\\/\",\"logo\":{\"@type\":\"ImageObject\",\"inLanguage\":\"fr-FR\",\"@id\":\"https:\\\/\\\/www.organisator.ch\\\/#\\\/schema\\\/logo\\\/image\\\/\",\"url\":\"https:\\\/\\\/www.organisator.ch\\\/wp-content\\\/uploads\\\/2022\\\/01\\\/Logo_Organisator_Website.png\",\"contentUrl\":\"https:\\\/\\\/www.organisator.ch\\\/wp-content\\\/uploads\\\/2022\\\/01\\\/Logo_Organisator_Website.png\",\"width\":800,\"height\":77,\"caption\":\"Organisator\"},\"image\":{\"@id\":\"https:\\\/\\\/www.organisator.ch\\\/#\\\/schema\\\/logo\\\/image\\\/\"},\"sameAs\":[\"https:\\\/\\\/www.facebook.com\\\/OrganisatorFachmagazin\",\"https:\\\/\\\/www.linkedin.com\\\/showcase\\\/organisator-das-magazin-fr-kmu\",\"https:\\\/\\\/www.xing.com\\\/news\\\/pages\\\/organisator-ch-695\",\"https:\\\/\\\/www.youtube.com\\\/channel\\\/UCGP2Sq0iWaZwT3BdIAQFYpw\"]},{\"@type\":\"Person\",\"@id\":\"https:\\\/\\\/www.organisator.ch\\\/#\\\/schema\\\/person\\\/afccda3a71c06d4be2ed9100dd163db7\",\"name\":\"Dzana Muminovic\",\"image\":{\"@type\":\"ImageObject\",\"inLanguage\":\"fr-FR\",\"@id\":\"https:\\\/\\\/secure.gravatar.com\\\/avatar\\\/909c5c71aff4b38e88686f2ab2f1ba152571f394f41ed8bae431ea56ced93050?s=96&d=mm&r=g\",\"url\":\"https:\\\/\\\/secure.gravatar.com\\\/avatar\\\/909c5c71aff4b38e88686f2ab2f1ba152571f394f41ed8bae431ea56ced93050?s=96&d=mm&r=g\",\"contentUrl\":\"https:\\\/\\\/secure.gravatar.com\\\/avatar\\\/909c5c71aff4b38e88686f2ab2f1ba152571f394f41ed8bae431ea56ced93050?s=96&d=mm&r=g\",\"caption\":\"Dzana Muminovic\"},\"url\":\"https:\\\/\\\/www.organisator.ch\\\/fr\\\/author\\\/dzana-muminovic\\\/\"}]}<\/script>\n<!-- \/ Yoast SEO plugin. -->","yoast_head_json":{"title":"Logistique durable : Renault Trucks E-Tech D prouve ses performances lors d'un test longue distance - Organisateur","description":"2.000 kilom\u00e8tres \u00e9lectriques : Dachser teste le Renault Trucks E-Tech D sur longue distance. R\u00e9sultat : fiable et adapt\u00e9 \u00e0 la vie quotidienne.","robots":{"index":"index","follow":"follow","max-snippet":"max-snippet:-1","max-image-preview":"max-image-preview:large","max-video-preview":"max-video-preview:-1"},"canonical":"https:\/\/www.organisator.ch\/fr\/sustainability\/2025-01-08\/nachhaltige-logistik-renault-trucks-e-tech-d-beweist-leistungsfaehigkeit-bei-langstreckentest\/","og_locale":"fr_FR","og_type":"article","og_title":"Renault Trucks E-Tech D beweist Leistungsf\u00e4higkeit bei Langstreckentest","og_description":"2.000 Kilometer elektrisch: Dachser testet den Renault Trucks E-Tech D auf Langstrecke. Ergebnis: zuverl\u00e4ssig und alltagstauglich.","og_url":"https:\/\/www.organisator.ch\/fr\/sustainability\/2025-01-08\/nachhaltige-logistik-renault-trucks-e-tech-d-beweist-leistungsfaehigkeit-bei-langstreckentest\/","og_site_name":"Organisator","article_publisher":"https:\/\/www.facebook.com\/OrganisatorFachmagazin","article_published_time":"2025-01-08T07:27:58+00:00","article_modified_time":"2025-01-08T07:57:02+00:00","og_image":[{"width":680,"height":475,"url":"https:\/\/www.organisator.ch\/wp-content\/uploads\/2025\/01\/Dachser_Bild2_ps.jpg","type":"image\/jpeg"}],"author":"Dzana Muminovic","twitter_card":"summary_large_image","twitter_title":"Renault Trucks E-Tech D beweist Leistungsf\u00e4higkeit bei Langstreckentest","twitter_description":"2.000 Kilometer elektrisch: #Dachser testet den #Renault #Trucks E-Tech D auf Langstrecke. Ergebnis: #zuverl\u00e4ssig und #alltagstauglich.","twitter_image":"https:\/\/www.organisator.ch\/wp-content\/uploads\/2025\/01\/Dachser_Bild2_ps.jpg","schema":{"@context":"https:\/\/schema.org","@graph":[{"@type":"Article","@id":"https:\/\/www.organisator.ch\/sustainability\/2025-01-08\/nachhaltige-logistik-renault-trucks-e-tech-d-beweist-leistungsfaehigkeit-bei-langstreckentest\/#article","isPartOf":{"@id":"https:\/\/www.organisator.ch\/sustainability\/2025-01-08\/nachhaltige-logistik-renault-trucks-e-tech-d-beweist-leistungsfaehigkeit-bei-langstreckentest\/"},"author":{"name":"Dzana Muminovic","@id":"https:\/\/www.organisator.ch\/#\/schema\/person\/afccda3a71c06d4be2ed9100dd163db7"},"headline":"Nachhaltige Logistik: Renault Trucks E-Tech D beweist Leistungsf\u00e4higkeit bei Langstreckentest","datePublished":"2025-01-08T07:27:58+00:00","dateModified":"2025-01-08T07:57:02+00:00","mainEntityOfPage":{"@id":"https:\/\/www.organisator.ch\/sustainability\/2025-01-08\/nachhaltige-logistik-renault-trucks-e-tech-d-beweist-leistungsfaehigkeit-bei-langstreckentest\/"},"wordCount":455,"publisher":{"@id":"https:\/\/www.organisator.ch\/#organization"},"image":{"@id":"https:\/\/www.organisator.ch\/sustainability\/2025-01-08\/nachhaltige-logistik-renault-trucks-e-tech-d-beweist-leistungsfaehigkeit-bei-langstreckentest\/#primaryimage"},"thumbnailUrl":"https:\/\/www.organisator.ch\/wp-content\/uploads\/2025\/01\/Dachser_Bild2_ps.jpg","keywords":["Dachser","E-Fahrzeuge","Elektrofahrzeug","Nachhaltigkeit","Transport"],"articleSection":["SUSTAINABILITY"],"inLanguage":"fr-FR"},{"@type":"WebPage","@id":"https:\/\/www.organisator.ch\/sustainability\/2025-01-08\/nachhaltige-logistik-renault-trucks-e-tech-d-beweist-leistungsfaehigkeit-bei-langstreckentest\/","url":"https:\/\/www.organisator.ch\/sustainability\/2025-01-08\/nachhaltige-logistik-renault-trucks-e-tech-d-beweist-leistungsfaehigkeit-bei-langstreckentest\/","name":"Logistique durable : Renault Trucks E-Tech D prouve ses performances lors d'un test longue distance - Organisateur","isPartOf":{"@id":"https:\/\/www.organisator.ch\/#website"},"primaryImageOfPage":{"@id":"https:\/\/www.organisator.ch\/sustainability\/2025-01-08\/nachhaltige-logistik-renault-trucks-e-tech-d-beweist-leistungsfaehigkeit-bei-langstreckentest\/#primaryimage"},"image":{"@id":"https:\/\/www.organisator.ch\/sustainability\/2025-01-08\/nachhaltige-logistik-renault-trucks-e-tech-d-beweist-leistungsfaehigkeit-bei-langstreckentest\/#primaryimage"},"thumbnailUrl":"https:\/\/www.organisator.ch\/wp-content\/uploads\/2025\/01\/Dachser_Bild2_ps.jpg","datePublished":"2025-01-08T07:27:58+00:00","dateModified":"2025-01-08T07:57:02+00:00","description":"2.000 kilom\u00e8tres \u00e9lectriques : Dachser teste le Renault Trucks E-Tech D sur longue distance. R\u00e9sultat : fiable et adapt\u00e9 \u00e0 la vie quotidienne.","breadcrumb":{"@id":"https:\/\/www.organisator.ch\/sustainability\/2025-01-08\/nachhaltige-logistik-renault-trucks-e-tech-d-beweist-leistungsfaehigkeit-bei-langstreckentest\/#breadcrumb"},"inLanguage":"fr-FR","potentialAction":[{"@type":"ReadAction","target":["https:\/\/www.organisator.ch\/sustainability\/2025-01-08\/nachhaltige-logistik-renault-trucks-e-tech-d-beweist-leistungsfaehigkeit-bei-langstreckentest\/"]}]},{"@type":"ImageObject","inLanguage":"fr-FR","@id":"https:\/\/www.organisator.ch\/sustainability\/2025-01-08\/nachhaltige-logistik-renault-trucks-e-tech-d-beweist-leistungsfaehigkeit-bei-langstreckentest\/#primaryimage","url":"https:\/\/www.organisator.ch\/wp-content\/uploads\/2025\/01\/Dachser_Bild2_ps.jpg","contentUrl":"https:\/\/www.organisator.ch\/wp-content\/uploads\/2025\/01\/Dachser_Bild2_ps.jpg","width":680,"height":475,"caption":"2.000 Kilometer elektrisch: Dachser testet den Renault Trucks E-Tech D auf Langstrecke. Ergebnis: zuverl\u00e4ssig und alltagstauglich. (Bild: www.renault-trucks.de)"},{"@type":"BreadcrumbList","@id":"https:\/\/www.organisator.ch\/sustainability\/2025-01-08\/nachhaltige-logistik-renault-trucks-e-tech-d-beweist-leistungsfaehigkeit-bei-langstreckentest\/#breadcrumb","itemListElement":[{"@type":"ListItem","position":1,"name":"Home","item":"https:\/\/www.organisator.ch\/"},{"@type":"ListItem","position":2,"name":"Nachhaltige Logistik: Renault Trucks E-Tech D beweist Leistungsf\u00e4higkeit bei Langstreckentest"}]},{"@type":"WebSite","@id":"https:\/\/www.organisator.ch\/#website","url":"https:\/\/www.organisator.ch\/","name":"Organisateur","description":"Comp\u00e9tence et comp\u00e9tence. Proches de la pratique. L'ORGANISATEUR pr\u00e9pare 10 num\u00e9ros par an sur les th\u00e8mes essentiels pour les dirigeants de PME.","publisher":{"@id":"https:\/\/www.organisator.ch\/#organization"},"potentialAction":[{"@type":"SearchAction","target":{"@type":"EntryPoint","urlTemplate":"https:\/\/www.organisator.ch\/?s={search_term_string}"},"query-input":{"@type":"PropertyValueSpecification","valueRequired":true,"valueName":"search_term_string"}}],"inLanguage":"fr-FR"},{"@type":"Organization","@id":"https:\/\/www.organisator.ch\/#organization","name":"Organisateur","url":"https:\/\/www.organisator.ch\/","logo":{"@type":"ImageObject","inLanguage":"fr-FR","@id":"https:\/\/www.organisator.ch\/#\/schema\/logo\/image\/","url":"https:\/\/www.organisator.ch\/wp-content\/uploads\/2022\/01\/Logo_Organisator_Website.png","contentUrl":"https:\/\/www.organisator.ch\/wp-content\/uploads\/2022\/01\/Logo_Organisator_Website.png","width":800,"height":77,"caption":"Organisator"},"image":{"@id":"https:\/\/www.organisator.ch\/#\/schema\/logo\/image\/"},"sameAs":["https:\/\/www.facebook.com\/OrganisatorFachmagazin","https:\/\/www.linkedin.com\/showcase\/organisator-das-magazin-fr-kmu","https:\/\/www.xing.com\/news\/pages\/organisator-ch-695","https:\/\/www.youtube.com\/channel\/UCGP2Sq0iWaZwT3BdIAQFYpw"]},{"@type":"Person","@id":"https:\/\/www.organisator.ch\/#\/schema\/person\/afccda3a71c06d4be2ed9100dd163db7","name":"Dzana Muminovic","image":{"@type":"ImageObject","inLanguage":"fr-FR","@id":"https:\/\/secure.gravatar.com\/avatar\/909c5c71aff4b38e88686f2ab2f1ba152571f394f41ed8bae431ea56ced93050?s=96&d=mm&r=g","url":"https:\/\/secure.gravatar.com\/avatar\/909c5c71aff4b38e88686f2ab2f1ba152571f394f41ed8bae431ea56ced93050?s=96&d=mm&r=g","contentUrl":"https:\/\/secure.gravatar.com\/avatar\/909c5c71aff4b38e88686f2ab2f1ba152571f394f41ed8bae431ea56ced93050?s=96&d=mm&r=g","caption":"Dzana Muminovic"},"url":"https:\/\/www.organisator.ch\/fr\/author\/dzana-muminovic\/"}]}},"_links":{"self":[{"href":"https:\/\/www.organisator.ch\/fr\/wp-json\/wp\/v2\/posts\/35049","targetHints":{"allow":["GET"]}}],"collection":[{"href":"https:\/\/www.organisator.ch\/fr\/wp-json\/wp\/v2\/posts"}],"about":[{"href":"https:\/\/www.organisator.ch\/fr\/wp-json\/wp\/v2\/types\/post"}],"author":[{"embeddable":true,"href":"https:\/\/www.organisator.ch\/fr\/wp-json\/wp\/v2\/users\/80"}],"replies":[{"embeddable":true,"href":"https:\/\/www.organisator.ch\/fr\/wp-json\/wp\/v2\/comments?post=35049"}],"version-history":[{"count":6,"href":"https:\/\/www.organisator.ch\/fr\/wp-json\/wp\/v2\/posts\/35049\/revisions"}],"predecessor-version":[{"id":35059,"href":"https:\/\/www.organisator.ch\/fr\/wp-json\/wp\/v2\/posts\/35049\/revisions\/35059"}],"wp:featuredmedia":[{"embeddable":true,"href":"https:\/\/www.organisator.ch\/fr\/wp-json\/wp\/v2\/media\/35057"}],"wp:attachment":[{"href":"https:\/\/www.organisator.ch\/fr\/wp-json\/wp\/v2\/media?parent=35049"}],"wp:term":[{"taxonomy":"category","embeddable":true,"href":"https:\/\/www.organisator.ch\/fr\/wp-json\/wp\/v2\/categories?post=35049"},{"taxonomy":"post_tag","embeddable":true,"href":"https:\/\/www.organisator.ch\/fr\/wp-json\/wp\/v2\/tags?post=35049"}],"curies":[{"name":"wp","href":"https:\/\/api.w.org\/{rel}","templated":true}]}}