{"id":35070,"date":"2025-01-09T07:45:56","date_gmt":"2025-01-09T06:45:56","guid":{"rendered":"https:\/\/www.markt-kom.com\/?p=228656"},"modified":"2025-01-09T07:24:09","modified_gmt":"2025-01-09T06:24:09","slug":"fachwerk-advertising-wird-kommunikationspartnerin-von-pharmadavos","status":"publish","type":"post","link":"https:\/\/www.organisator.ch\/fr\/marketing\/2025-01-09\/fachwerk-advertising-wird-kommunikationspartnerin-von-pharmadavos\/","title":{"rendered":"Fachwerk Advertising devient partenaire de communication de PharmaDavos"},"content":{"rendered":"<p><a href=\"https:\/\/www.markt-kom.com\/wp-content\/uploads\/2025\/01\/Pharmadavos-Fachwerk.jpg\"><img class=\"aligncenter size-full wp-image-228657\" src=\"https:\/\/www.markt-kom.com\/wp-content\/uploads\/2025\/01\/Pharmadavos-Fachwerk.jpg\" sizes=\"(max-width: 1200px) 100vw, 1200px\" srcset=\"https:\/\/www.markt-kom.com\/wp-content\/uploads\/2025\/01\/Pharmadavos-Fachwerk.jpg 1200w, https:\/\/www.markt-kom.com\/wp-content\/uploads\/2025\/01\/Pharmadavos-Fachwerk-600x425.jpg 600w, https:\/\/www.markt-kom.com\/wp-content\/uploads\/2025\/01\/Pharmadavos-Fachwerk-1024x725.jpg 1024w, https:\/\/www.markt-kom.com\/wp-content\/uploads\/2025\/01\/Pharmadavos-Fachwerk-768x544.jpg 768w, https:\/\/www.markt-kom.com\/wp-content\/uploads\/2025\/01\/Pharmadavos-Fachwerk-18x12.jpg 18w, https:\/\/www.markt-kom.com\/wp-content\/uploads\/2025\/01\/Pharmadavos-Fachwerk-247x175.jpg 247w, https:\/\/www.markt-kom.com\/wp-content\/uploads\/2025\/01\/Pharmadavos-Fachwerk-494x350.jpg 494w, https:\/\/www.markt-kom.com\/wp-content\/uploads\/2025\/01\/Pharmadavos-Fachwerk-1000x708.jpg 1000w\" alt=\"\" width=\"1200\" height=\"850\" \/><\/a><\/p>\r\n<p>Fachwerk Advertising de Sursee sera le partenaire de communication officiel de PharmaDavos \u00e0 partir de 2025. L'agence, active dans le domaine du marketing pharmaceutique et de la sant\u00e9, souligne ainsi sa comp\u00e9tence \u00e0 d\u00e9velopper des solutions de communication innovantes et conformes aux r\u00e8gles pour le secteur de la sant\u00e9.<\/p>\r\n<p>Ces derni\u00e8res ann\u00e9es, Fachwerk Advertising a convaincu avec des campagnes intelligentes pour les fabricants de m\u00e9dicaments et du recrutement social pour les pharmacies. \"L\u00e0 o\u00f9 les r\u00e8gles imposent des limites, nous d\u00e9ployons notre cr\u00e9ativit\u00e9. Avec passion et esprit d'innovation, nous d\u00e9veloppons des solutions qui ne se contentent pas de r\u00e9pondre \u00e0 des directives strictes, mais qui suscitent aussi des \u00e9motions et laissent une impression durable\", explique le CEO Nektarios Thanasis. \"La collaboration avec PharmaDavos est une formidable opportunit\u00e9 de d\u00e9velopper notre expertise et de renforcer la communication dans le secteur de la sant\u00e9\".<\/p>\r\n<p>Le partenariat avec PharmaDavos permettra \u00e0 Fachwerk Advertising de soutenir les pharmacies et les fabricants de m\u00e9dicaments de mani\u00e8re encore plus cibl\u00e9e et d'accro\u00eetre leur visibilit\u00e9 dans le secteur, a-t-il ajout\u00e9. \"Nous nous r\u00e9jouissons de la collaboration et des impulsions cr\u00e9atives de l'agence et sommes convaincus que son expertise et son exp\u00e9rience apporteront une contribution pr\u00e9cieuse \u00e0 notre strat\u00e9gie de communication\", d\u00e9clare Natascha Rohrer du comit\u00e9 d'organisation PharmaDavos.<\/p>\r\n<p>Au cours des prochains mois, Fachwerk Advertising soutiendra PharmaDavos dans ses activit\u00e9s planifi\u00e9es afin d'optimiser la communication et de mieux r\u00e9pondre aux besoins des pharmacies et des fabricants de m\u00e9dicaments.<\/p>","protected":false},"excerpt":{"rendered":"<p>Fachwerk Advertising continue \u00e0 d\u00e9velopper son expertise dans le domaine du marketing pharmaceutique et de la sant\u00e9 et s'engage \u00e0 partir de 2025 comme partenaire de communication officiel du congr\u00e8s PharmaDavos.<\/p>","protected":false},"author":8,"featured_media":0,"comment_status":"closed","ping_status":"closed","sticky":false,"template":"","format":"standard","meta":{"_acf_changed":false,"_yoast_wpseo_focuskw":"Fachwerk Advertising","_yoast_wpseo_metadesc":"Fachwerk Advertising wird ab 2025 Kommunikationspartnerin von PharmaDavos und st\u00e4rkt ihre Position im Pharma- und Healthcare Marketing.","articlekey":"","footnotes":""},"categories":[29],"tags":[4990,4343,2799],"class_list":["post-35070","post","type-post","status-publish","format-standard","hentry","category-marketing","tag-fachwerk","tag-markom","tag-messen-und-events"],"acf":[],"yoast_head":"<!-- This site is optimized with the Yoast SEO plugin v27.4 - https:\/\/yoast.com\/product\/yoast-seo-wordpress\/ -->\n<title>Fachwerk Advertising wird Kommunikationspartnerin von PharmaDavos - Organisator<\/title>\n<meta name=\"description\" content=\"Fachwerk Advertising wird ab 2025 Kommunikationspartnerin von PharmaDavos und st\u00e4rkt ihre Position im Pharma- und Healthcare Marketing.\" \/>\n<meta name=\"robots\" content=\"index, follow, max-snippet:-1, max-image-preview:large, max-video-preview:-1\" \/>\n<link rel=\"canonical\" href=\"https:\/\/www.organisator.ch\/fr\/marketing\/2025-01-09\/fachwerk-advertising-wird-kommunikationspartnerin-von-pharmadavos\/\" \/>\n<meta property=\"og:locale\" content=\"fr_FR\" \/>\n<meta property=\"og:type\" content=\"article\" \/>\n<meta property=\"og:title\" content=\"Fachwerk Advertising wird Kommunikationspartnerin von PharmaDavos - Organisator\" \/>\n<meta property=\"og:description\" content=\"Fachwerk Advertising wird ab 2025 Kommunikationspartnerin von PharmaDavos und st\u00e4rkt ihre Position im Pharma- und Healthcare Marketing.\" \/>\n<meta property=\"og:url\" content=\"https:\/\/www.organisator.ch\/fr\/marketing\/2025-01-09\/fachwerk-advertising-wird-kommunikationspartnerin-von-pharmadavos\/\" \/>\n<meta property=\"og:site_name\" content=\"Organisator\" \/>\n<meta property=\"article:publisher\" content=\"https:\/\/www.facebook.com\/OrganisatorFachmagazin\" \/>\n<meta property=\"article:published_time\" content=\"2025-01-09T06:45:56+00:00\" \/>\n<meta name=\"author\" content=\"galledia\" \/>\n<meta name=\"twitter:card\" content=\"summary_large_image\" \/>\n<meta name=\"twitter:creator\" content=\"@admin\" \/>\n<script type=\"application\/ld+json\" class=\"yoast-schema-graph\">{\"@context\":\"https:\\\/\\\/schema.org\",\"@graph\":[{\"@type\":\"Article\",\"@id\":\"https:\\\/\\\/www.organisator.ch\\\/marketing\\\/2025-01-09\\\/fachwerk-advertising-wird-kommunikationspartnerin-von-pharmadavos\\\/#article\",\"isPartOf\":{\"@id\":\"https:\\\/\\\/www.organisator.ch\\\/marketing\\\/2025-01-09\\\/fachwerk-advertising-wird-kommunikationspartnerin-von-pharmadavos\\\/\"},\"author\":{\"name\":\"galledia\",\"@id\":\"https:\\\/\\\/www.organisator.ch\\\/#\\\/schema\\\/person\\\/4e51799071cd2dd1232ac003643ef5f0\"},\"headline\":\"Fachwerk Advertising wird Kommunikationspartnerin von PharmaDavos\",\"datePublished\":\"2025-01-09T06:45:56+00:00\",\"mainEntityOfPage\":{\"@id\":\"https:\\\/\\\/www.organisator.ch\\\/marketing\\\/2025-01-09\\\/fachwerk-advertising-wird-kommunikationspartnerin-von-pharmadavos\\\/\"},\"wordCount\":207,\"publisher\":{\"@id\":\"https:\\\/\\\/www.organisator.ch\\\/#organization\"},\"image\":{\"@id\":\"https:\\\/\\\/www.organisator.ch\\\/marketing\\\/2025-01-09\\\/fachwerk-advertising-wird-kommunikationspartnerin-von-pharmadavos\\\/#primaryimage\"},\"thumbnailUrl\":\"https:\\\/\\\/www.markt-kom.com\\\/wp-content\\\/uploads\\\/2025\\\/01\\\/Pharmadavos-Fachwerk.jpg\",\"keywords\":[\"Fachwerk\",\"MarKom\",\"Messen und Events\"],\"articleSection\":[\"MARKETING\"],\"inLanguage\":\"fr-FR\"},{\"@type\":\"WebPage\",\"@id\":\"https:\\\/\\\/www.organisator.ch\\\/marketing\\\/2025-01-09\\\/fachwerk-advertising-wird-kommunikationspartnerin-von-pharmadavos\\\/\",\"url\":\"https:\\\/\\\/www.organisator.ch\\\/marketing\\\/2025-01-09\\\/fachwerk-advertising-wird-kommunikationspartnerin-von-pharmadavos\\\/\",\"name\":\"Fachwerk Advertising wird Kommunikationspartnerin von PharmaDavos - Organisator\",\"isPartOf\":{\"@id\":\"https:\\\/\\\/www.organisator.ch\\\/#website\"},\"primaryImageOfPage\":{\"@id\":\"https:\\\/\\\/www.organisator.ch\\\/marketing\\\/2025-01-09\\\/fachwerk-advertising-wird-kommunikationspartnerin-von-pharmadavos\\\/#primaryimage\"},\"image\":{\"@id\":\"https:\\\/\\\/www.organisator.ch\\\/marketing\\\/2025-01-09\\\/fachwerk-advertising-wird-kommunikationspartnerin-von-pharmadavos\\\/#primaryimage\"},\"thumbnailUrl\":\"https:\\\/\\\/www.markt-kom.com\\\/wp-content\\\/uploads\\\/2025\\\/01\\\/Pharmadavos-Fachwerk.jpg\",\"datePublished\":\"2025-01-09T06:45:56+00:00\",\"description\":\"Fachwerk Advertising wird ab 2025 Kommunikationspartnerin von PharmaDavos und st\u00e4rkt ihre Position im Pharma- und Healthcare Marketing.\",\"breadcrumb\":{\"@id\":\"https:\\\/\\\/www.organisator.ch\\\/marketing\\\/2025-01-09\\\/fachwerk-advertising-wird-kommunikationspartnerin-von-pharmadavos\\\/#breadcrumb\"},\"inLanguage\":\"fr-FR\",\"potentialAction\":[{\"@type\":\"ReadAction\",\"target\":[\"https:\\\/\\\/www.organisator.ch\\\/marketing\\\/2025-01-09\\\/fachwerk-advertising-wird-kommunikationspartnerin-von-pharmadavos\\\/\"]}]},{\"@type\":\"ImageObject\",\"inLanguage\":\"fr-FR\",\"@id\":\"https:\\\/\\\/www.organisator.ch\\\/marketing\\\/2025-01-09\\\/fachwerk-advertising-wird-kommunikationspartnerin-von-pharmadavos\\\/#primaryimage\",\"url\":\"https:\\\/\\\/www.markt-kom.com\\\/wp-content\\\/uploads\\\/2025\\\/01\\\/Pharmadavos-Fachwerk.jpg\",\"contentUrl\":\"https:\\\/\\\/www.markt-kom.com\\\/wp-content\\\/uploads\\\/2025\\\/01\\\/Pharmadavos-Fachwerk.jpg\"},{\"@type\":\"BreadcrumbList\",\"@id\":\"https:\\\/\\\/www.organisator.ch\\\/marketing\\\/2025-01-09\\\/fachwerk-advertising-wird-kommunikationspartnerin-von-pharmadavos\\\/#breadcrumb\",\"itemListElement\":[{\"@type\":\"ListItem\",\"position\":1,\"name\":\"Home\",\"item\":\"https:\\\/\\\/www.organisator.ch\\\/\"},{\"@type\":\"ListItem\",\"position\":2,\"name\":\"Fachwerk Advertising wird Kommunikationspartnerin von PharmaDavos\"}]},{\"@type\":\"WebSite\",\"@id\":\"https:\\\/\\\/www.organisator.ch\\\/#website\",\"url\":\"https:\\\/\\\/www.organisator.ch\\\/\",\"name\":\"Organisator\",\"description\":\"Kompetent. Praxisnah. Der ORGANISATOR bereitet in 10 Ausgaben pro Jahr die wesentlichen Themen f\u00fcr F\u00fchrungskr\u00e4fte von KMU auf.\",\"publisher\":{\"@id\":\"https:\\\/\\\/www.organisator.ch\\\/#organization\"},\"potentialAction\":[{\"@type\":\"SearchAction\",\"target\":{\"@type\":\"EntryPoint\",\"urlTemplate\":\"https:\\\/\\\/www.organisator.ch\\\/?s={search_term_string}\"},\"query-input\":{\"@type\":\"PropertyValueSpecification\",\"valueRequired\":true,\"valueName\":\"search_term_string\"}}],\"inLanguage\":\"fr-FR\"},{\"@type\":\"Organization\",\"@id\":\"https:\\\/\\\/www.organisator.ch\\\/#organization\",\"name\":\"Organisator\",\"url\":\"https:\\\/\\\/www.organisator.ch\\\/\",\"logo\":{\"@type\":\"ImageObject\",\"inLanguage\":\"fr-FR\",\"@id\":\"https:\\\/\\\/www.organisator.ch\\\/#\\\/schema\\\/logo\\\/image\\\/\",\"url\":\"https:\\\/\\\/www.organisator.ch\\\/wp-content\\\/uploads\\\/2022\\\/01\\\/Logo_Organisator_Website.png\",\"contentUrl\":\"https:\\\/\\\/www.organisator.ch\\\/wp-content\\\/uploads\\\/2022\\\/01\\\/Logo_Organisator_Website.png\",\"width\":800,\"height\":77,\"caption\":\"Organisator\"},\"image\":{\"@id\":\"https:\\\/\\\/www.organisator.ch\\\/#\\\/schema\\\/logo\\\/image\\\/\"},\"sameAs\":[\"https:\\\/\\\/www.facebook.com\\\/OrganisatorFachmagazin\",\"https:\\\/\\\/www.linkedin.com\\\/showcase\\\/organisator-das-magazin-fr-kmu\",\"https:\\\/\\\/www.xing.com\\\/news\\\/pages\\\/organisator-ch-695\",\"https:\\\/\\\/www.youtube.com\\\/channel\\\/UCGP2Sq0iWaZwT3BdIAQFYpw\"]},{\"@type\":\"Person\",\"@id\":\"https:\\\/\\\/www.organisator.ch\\\/#\\\/schema\\\/person\\\/4e51799071cd2dd1232ac003643ef5f0\",\"name\":\"galledia\",\"image\":{\"@type\":\"ImageObject\",\"inLanguage\":\"fr-FR\",\"@id\":\"https:\\\/\\\/secure.gravatar.com\\\/avatar\\\/78a7f90c01fc2bfc875782a0d4922b37cde2cf184ce347b91316d23cd7f69a36?s=96&d=mm&r=g\",\"url\":\"https:\\\/\\\/secure.gravatar.com\\\/avatar\\\/78a7f90c01fc2bfc875782a0d4922b37cde2cf184ce347b91316d23cd7f69a36?s=96&d=mm&r=g\",\"contentUrl\":\"https:\\\/\\\/secure.gravatar.com\\\/avatar\\\/78a7f90c01fc2bfc875782a0d4922b37cde2cf184ce347b91316d23cd7f69a36?s=96&d=mm&r=g\",\"caption\":\"galledia\"},\"sameAs\":[\"https:\\\/\\\/x.com\\\/admin\"],\"url\":\"https:\\\/\\\/www.organisator.ch\\\/fr\\\/author\\\/galledia\\\/\"}]}<\/script>\n<!-- \/ Yoast SEO plugin. -->","yoast_head_json":{"title":"Fachwerk Advertising devient partenaire de communication de PharmaDavos - Organisateur","description":"Fachwerk Advertising devient partenaire de communication de PharmaDavos \u00e0 partir de 2025 et renforce sa position dans le marketing pharmaceutique et de sant\u00e9.","robots":{"index":"index","follow":"follow","max-snippet":"max-snippet:-1","max-image-preview":"max-image-preview:large","max-video-preview":"max-video-preview:-1"},"canonical":"https:\/\/www.organisator.ch\/fr\/marketing\/2025-01-09\/fachwerk-advertising-wird-kommunikationspartnerin-von-pharmadavos\/","og_locale":"fr_FR","og_type":"article","og_title":"Fachwerk Advertising wird Kommunikationspartnerin von PharmaDavos - Organisator","og_description":"Fachwerk Advertising wird ab 2025 Kommunikationspartnerin von PharmaDavos und st\u00e4rkt ihre Position im Pharma- und Healthcare Marketing.","og_url":"https:\/\/www.organisator.ch\/fr\/marketing\/2025-01-09\/fachwerk-advertising-wird-kommunikationspartnerin-von-pharmadavos\/","og_site_name":"Organisator","article_publisher":"https:\/\/www.facebook.com\/OrganisatorFachmagazin","article_published_time":"2025-01-09T06:45:56+00:00","author":"galledia","twitter_card":"summary_large_image","twitter_creator":"@admin","schema":{"@context":"https:\/\/schema.org","@graph":[{"@type":"Article","@id":"https:\/\/www.organisator.ch\/marketing\/2025-01-09\/fachwerk-advertising-wird-kommunikationspartnerin-von-pharmadavos\/#article","isPartOf":{"@id":"https:\/\/www.organisator.ch\/marketing\/2025-01-09\/fachwerk-advertising-wird-kommunikationspartnerin-von-pharmadavos\/"},"author":{"name":"galledia","@id":"https:\/\/www.organisator.ch\/#\/schema\/person\/4e51799071cd2dd1232ac003643ef5f0"},"headline":"Fachwerk Advertising wird Kommunikationspartnerin von PharmaDavos","datePublished":"2025-01-09T06:45:56+00:00","mainEntityOfPage":{"@id":"https:\/\/www.organisator.ch\/marketing\/2025-01-09\/fachwerk-advertising-wird-kommunikationspartnerin-von-pharmadavos\/"},"wordCount":207,"publisher":{"@id":"https:\/\/www.organisator.ch\/#organization"},"image":{"@id":"https:\/\/www.organisator.ch\/marketing\/2025-01-09\/fachwerk-advertising-wird-kommunikationspartnerin-von-pharmadavos\/#primaryimage"},"thumbnailUrl":"https:\/\/www.markt-kom.com\/wp-content\/uploads\/2025\/01\/Pharmadavos-Fachwerk.jpg","keywords":["Fachwerk","MarKom","Messen und Events"],"articleSection":["MARKETING"],"inLanguage":"fr-FR"},{"@type":"WebPage","@id":"https:\/\/www.organisator.ch\/marketing\/2025-01-09\/fachwerk-advertising-wird-kommunikationspartnerin-von-pharmadavos\/","url":"https:\/\/www.organisator.ch\/marketing\/2025-01-09\/fachwerk-advertising-wird-kommunikationspartnerin-von-pharmadavos\/","name":"Fachwerk Advertising devient partenaire de communication de PharmaDavos - Organisateur","isPartOf":{"@id":"https:\/\/www.organisator.ch\/#website"},"primaryImageOfPage":{"@id":"https:\/\/www.organisator.ch\/marketing\/2025-01-09\/fachwerk-advertising-wird-kommunikationspartnerin-von-pharmadavos\/#primaryimage"},"image":{"@id":"https:\/\/www.organisator.ch\/marketing\/2025-01-09\/fachwerk-advertising-wird-kommunikationspartnerin-von-pharmadavos\/#primaryimage"},"thumbnailUrl":"https:\/\/www.markt-kom.com\/wp-content\/uploads\/2025\/01\/Pharmadavos-Fachwerk.jpg","datePublished":"2025-01-09T06:45:56+00:00","description":"Fachwerk Advertising devient partenaire de communication de PharmaDavos \u00e0 partir de 2025 et renforce sa position dans le marketing pharmaceutique et de sant\u00e9.","breadcrumb":{"@id":"https:\/\/www.organisator.ch\/marketing\/2025-01-09\/fachwerk-advertising-wird-kommunikationspartnerin-von-pharmadavos\/#breadcrumb"},"inLanguage":"fr-FR","potentialAction":[{"@type":"ReadAction","target":["https:\/\/www.organisator.ch\/marketing\/2025-01-09\/fachwerk-advertising-wird-kommunikationspartnerin-von-pharmadavos\/"]}]},{"@type":"ImageObject","inLanguage":"fr-FR","@id":"https:\/\/www.organisator.ch\/marketing\/2025-01-09\/fachwerk-advertising-wird-kommunikationspartnerin-von-pharmadavos\/#primaryimage","url":"https:\/\/www.markt-kom.com\/wp-content\/uploads\/2025\/01\/Pharmadavos-Fachwerk.jpg","contentUrl":"https:\/\/www.markt-kom.com\/wp-content\/uploads\/2025\/01\/Pharmadavos-Fachwerk.jpg"},{"@type":"BreadcrumbList","@id":"https:\/\/www.organisator.ch\/marketing\/2025-01-09\/fachwerk-advertising-wird-kommunikationspartnerin-von-pharmadavos\/#breadcrumb","itemListElement":[{"@type":"ListItem","position":1,"name":"Home","item":"https:\/\/www.organisator.ch\/"},{"@type":"ListItem","position":2,"name":"Fachwerk Advertising wird Kommunikationspartnerin von PharmaDavos"}]},{"@type":"WebSite","@id":"https:\/\/www.organisator.ch\/#website","url":"https:\/\/www.organisator.ch\/","name":"Organisateur","description":"Comp\u00e9tence et comp\u00e9tence. Proches de la pratique. L'ORGANISATEUR pr\u00e9pare 10 num\u00e9ros par an sur les th\u00e8mes essentiels pour les dirigeants de PME.","publisher":{"@id":"https:\/\/www.organisator.ch\/#organization"},"potentialAction":[{"@type":"SearchAction","target":{"@type":"EntryPoint","urlTemplate":"https:\/\/www.organisator.ch\/?s={search_term_string}"},"query-input":{"@type":"PropertyValueSpecification","valueRequired":true,"valueName":"search_term_string"}}],"inLanguage":"fr-FR"},{"@type":"Organization","@id":"https:\/\/www.organisator.ch\/#organization","name":"Organisateur","url":"https:\/\/www.organisator.ch\/","logo":{"@type":"ImageObject","inLanguage":"fr-FR","@id":"https:\/\/www.organisator.ch\/#\/schema\/logo\/image\/","url":"https:\/\/www.organisator.ch\/wp-content\/uploads\/2022\/01\/Logo_Organisator_Website.png","contentUrl":"https:\/\/www.organisator.ch\/wp-content\/uploads\/2022\/01\/Logo_Organisator_Website.png","width":800,"height":77,"caption":"Organisator"},"image":{"@id":"https:\/\/www.organisator.ch\/#\/schema\/logo\/image\/"},"sameAs":["https:\/\/www.facebook.com\/OrganisatorFachmagazin","https:\/\/www.linkedin.com\/showcase\/organisator-das-magazin-fr-kmu","https:\/\/www.xing.com\/news\/pages\/organisator-ch-695","https:\/\/www.youtube.com\/channel\/UCGP2Sq0iWaZwT3BdIAQFYpw"]},{"@type":"Person","@id":"https:\/\/www.organisator.ch\/#\/schema\/person\/4e51799071cd2dd1232ac003643ef5f0","name":"galledia","image":{"@type":"ImageObject","inLanguage":"fr-FR","@id":"https:\/\/secure.gravatar.com\/avatar\/78a7f90c01fc2bfc875782a0d4922b37cde2cf184ce347b91316d23cd7f69a36?s=96&d=mm&r=g","url":"https:\/\/secure.gravatar.com\/avatar\/78a7f90c01fc2bfc875782a0d4922b37cde2cf184ce347b91316d23cd7f69a36?s=96&d=mm&r=g","contentUrl":"https:\/\/secure.gravatar.com\/avatar\/78a7f90c01fc2bfc875782a0d4922b37cde2cf184ce347b91316d23cd7f69a36?s=96&d=mm&r=g","caption":"galledia"},"sameAs":["https:\/\/x.com\/admin"],"url":"https:\/\/www.organisator.ch\/fr\/author\/galledia\/"}]}},"_links":{"self":[{"href":"https:\/\/www.organisator.ch\/fr\/wp-json\/wp\/v2\/posts\/35070","targetHints":{"allow":["GET"]}}],"collection":[{"href":"https:\/\/www.organisator.ch\/fr\/wp-json\/wp\/v2\/posts"}],"about":[{"href":"https:\/\/www.organisator.ch\/fr\/wp-json\/wp\/v2\/types\/post"}],"author":[{"embeddable":true,"href":"https:\/\/www.organisator.ch\/fr\/wp-json\/wp\/v2\/users\/8"}],"replies":[{"embeddable":true,"href":"https:\/\/www.organisator.ch\/fr\/wp-json\/wp\/v2\/comments?post=35070"}],"version-history":[{"count":4,"href":"https:\/\/www.organisator.ch\/fr\/wp-json\/wp\/v2\/posts\/35070\/revisions"}],"predecessor-version":[{"id":35083,"href":"https:\/\/www.organisator.ch\/fr\/wp-json\/wp\/v2\/posts\/35070\/revisions\/35083"}],"wp:attachment":[{"href":"https:\/\/www.organisator.ch\/fr\/wp-json\/wp\/v2\/media?parent=35070"}],"wp:term":[{"taxonomy":"category","embeddable":true,"href":"https:\/\/www.organisator.ch\/fr\/wp-json\/wp\/v2\/categories?post=35070"},{"taxonomy":"post_tag","embeddable":true,"href":"https:\/\/www.organisator.ch\/fr\/wp-json\/wp\/v2\/tags?post=35070"}],"curies":[{"name":"wp","href":"https:\/\/api.w.org\/{rel}","templated":true}]}}