{"id":35121,"date":"2025-01-10T07:20:14","date_gmt":"2025-01-10T06:20:14","guid":{"rendered":"https:\/\/www.organisator.ch\/?p=35121"},"modified":"2025-01-10T08:50:47","modified_gmt":"2025-01-10T07:50:47","slug":"flughafen-zuerich-weiterhin-im-hoehenflug-als-meistgesuchter-arbeitgeber","status":"publish","type":"post","link":"https:\/\/www.organisator.ch\/fr\/human-resources\/2025-01-10\/flughafen-zuerich-weiterhin-im-hoehenflug-als-meistgesuchter-arbeitgeber\/","title":{"rendered":"L'a\u00e9roport de Zurich poursuit son ascension en tant qu'employeur le plus recherch\u00e9"},"content":{"rendered":"<figure id=\"attachment_35122\" aria-describedby=\"caption-attachment-35122\" style=\"width: 540px\" class=\"wp-caption alignnone\"><img loading=\"lazy\" decoding=\"async\" class=\"wp-image-35122 size-full\" src=\"https:\/\/www.organisator.ch\/wp-content\/uploads\/2025\/01\/Arbeitgeberranking_Bild1-e1736495444314.jpg\" alt=\"\" width=\"540\" height=\"392\" srcset=\"https:\/\/www.organisator.ch\/wp-content\/uploads\/2025\/01\/Arbeitgeberranking_Bild1-e1736495444314.jpg 540w, https:\/\/www.organisator.ch\/wp-content\/uploads\/2025\/01\/Arbeitgeberranking_Bild1-e1736495444314-18x12.jpg 18w, https:\/\/www.organisator.ch\/wp-content\/uploads\/2025\/01\/Arbeitgeberranking_Bild1-e1736495444314-375x272.jpg 375w, https:\/\/www.organisator.ch\/wp-content\/uploads\/2025\/01\/Arbeitgeberranking_Bild1-e1736495444314-482x350.jpg 482w\" sizes=\"auto, (max-width: 540px) 100vw, 540px\" \/><figcaption id=\"caption-attachment-35122\" class=\"wp-caption-text\">JobCloud montre quelles entreprises ont \u00e9t\u00e9 le plus souvent recherch\u00e9es sur jobs.ch en 2024. L'a\u00e9roport de Zurich est \u00e0 nouveau en t\u00eate du classement. (Image : www.jobcloud.ch)<\/figcaption><\/figure>\n<p>JobCloud, l'entreprise num\u00e9rique leader sur le march\u00e9 suisse de l'emploi, a analys\u00e9 quels employeurs \u00e9taient le plus souvent recherch\u00e9s sur jobs.ch en 2024 - et en a tir\u00e9 un classement des dix employeurs les plus demand\u00e9s.<\/p>\n<p>La premi\u00e8re place revient une fois de plus \u00e0 l'a\u00e9roport de Zurich, qui prouve son attractivit\u00e9 en tant que lieu de travail. Coop et Migros occupent les places suivantes sur le podium. Un autre d\u00e9taillant, Aldi, se positionne \u00e0 la cinqui\u00e8me place. Les grandes entreprises sont attrayantes parce qu'elles offrent de nombreuses possibilit\u00e9s de carri\u00e8re et sont pr\u00e9sentes dans toute la Suisse\", explique Davide Villa, CEO de JobCloud.<\/p>\n<p>L'entreprise de s\u00e9curit\u00e9 Securitas a gagn\u00e9 trois places et peut se r\u00e9jouir de la quatri\u00e8me place en 2024. Les CFF (7e place) et la Poste (8e place) ont perdu un peu de leur popularit\u00e9. Le prestataire de services de Facility Management ISS est d\u00e9sormais repr\u00e9sent\u00e9 (9e). Avec BMW \u00e0 la 10e place, c'est la premi\u00e8re fois qu'un groupe automobile figure dans le classement des entreprises les plus appr\u00e9ci\u00e9es lors de la recherche d'un emploi.<\/p>\n<p>\"M\u00eame si les marques renomm\u00e9es et les grands groupes font habituellement partie des employeurs les plus recherch\u00e9s, avec un large \u00e9ventail de postes \u00e0 pourvoir, les PME peuvent \u00e9galement s'affirmer fortement sur le march\u00e9 du travail. Il est essentiel qu'elles communiquent leur Employee Value Proposition, c'est-\u00e0-dire leurs caract\u00e9ristiques uniques, de mani\u00e8re claire, authentique et transparente. JobCloud est le compagnon id\u00e9al pour atteindre les talents souhait\u00e9s en fonction des besoins\", conclut Villa.<\/p>\n<p><em>Source : <a href=\"http:\/\/www.jobcloud.ch\">www.jobcloud.ch<\/a><\/em><\/p>","protected":false},"excerpt":{"rendered":"<p>JobCloud a de nouveau analys\u00e9 quelles entreprises ont \u00e9t\u00e9 les plus recherch\u00e9es l'ann\u00e9e derni\u00e8re sur le portail d'emploi suisse le plus populaire, jobs.ch. En 2024, l'a\u00e9roport de Zurich n'a pas \u00e9t\u00e9 battu non plus. Le commerce de d\u00e9tail est \u00e0 nouveau particuli\u00e8rement bien repr\u00e9sent\u00e9 dans le classement des 10 employeurs les plus recherch\u00e9s. On y trouve en outre, entre autres, des entreprises proches de l'Etat, une entreprise pharmaceutique et, pour la premi\u00e8re fois, un groupe automobile.<\/p>","protected":false},"author":80,"featured_media":35122,"comment_status":"closed","ping_status":"closed","sticky":false,"template":"","format":"standard","meta":{"_acf_changed":false,"_yoast_wpseo_focuskw":"Arbeitgeber","_yoast_wpseo_metadesc":"JobCloud zeigt, welche Unternehmen 2024 auf jobs.ch am h\u00e4ufigsten gesucht wurden. Der Flughafen Z\u00fcrich f\u00fchrt das Ranking erneut an.","articlekey":"","footnotes":""},"categories":[579],"tags":[4029,1196,2687,404,492],"class_list":["post-35121","post","type-post","status-publish","format-standard","has-post-thumbnail","hentry","category-human-resources","tag-arbeitgeber","tag-flughafen-zuerich","tag-jobs","tag-ranking","tag-unternehmen"],"acf":[],"yoast_head":"<!-- This site is optimized with the Yoast SEO plugin v27.5 - https:\/\/yoast.com\/product\/yoast-seo-wordpress\/ -->\n<title>Flughafen Z\u00fcrich weiterhin im H\u00f6henflug als meistgesuchter Arbeitgeber - Organisator<\/title>\n<meta name=\"description\" content=\"JobCloud zeigt, welche Unternehmen 2024 auf jobs.ch am h\u00e4ufigsten gesucht wurden. Der Flughafen Z\u00fcrich f\u00fchrt das Ranking erneut an.\" \/>\n<meta name=\"robots\" content=\"index, follow, max-snippet:-1, max-image-preview:large, max-video-preview:-1\" \/>\n<link rel=\"canonical\" href=\"https:\/\/www.organisator.ch\/fr\/ressources-humaines\/2025-01-10\/flughafen-zuerich-weiterhin-im-hoehenflug-als-meistgesuchter-arbeitgeber\/\" \/>\n<meta property=\"og:locale\" content=\"fr_FR\" \/>\n<meta property=\"og:type\" content=\"article\" \/>\n<meta property=\"og:title\" content=\"Flughafen Z\u00fcrich weiterhin im H\u00f6henflug als meistgesuchter Arbeitgeber\" \/>\n<meta property=\"og:description\" content=\"JobCloud zeigt, welche Unternehmen 2024 auf jobs.ch am h\u00e4ufigsten gesucht wurden. Der Flughafen Z\u00fcrich f\u00fchrt das Ranking erneut an.\" \/>\n<meta property=\"og:url\" content=\"https:\/\/www.organisator.ch\/fr\/ressources-humaines\/2025-01-10\/flughafen-zuerich-weiterhin-im-hoehenflug-als-meistgesuchter-arbeitgeber\/\" \/>\n<meta property=\"og:site_name\" content=\"Organisator\" \/>\n<meta property=\"article:publisher\" content=\"https:\/\/www.facebook.com\/OrganisatorFachmagazin\" \/>\n<meta property=\"article:published_time\" content=\"2025-01-10T06:20:14+00:00\" \/>\n<meta property=\"article:modified_time\" content=\"2025-01-10T07:50:47+00:00\" \/>\n<meta property=\"og:image\" content=\"https:\/\/www.organisator.ch\/wp-content\/uploads\/2025\/01\/Arbeitgeberranking_Bild1-e1736495444314.jpg\" \/>\n\t<meta property=\"og:image:width\" content=\"540\" \/>\n\t<meta property=\"og:image:height\" content=\"392\" \/>\n\t<meta property=\"og:image:type\" content=\"image\/jpeg\" \/>\n<meta name=\"author\" content=\"Dzana Muminovic\" \/>\n<meta name=\"twitter:card\" content=\"summary_large_image\" \/>\n<meta name=\"twitter:title\" content=\"Flughafen Z\u00fcrich weiterhin im H\u00f6henflug als meistgesuchter Arbeitgeber\" \/>\n<meta name=\"twitter:description\" content=\"#JobCloud zeigt, welche #Unternehmen 2024 auf #jobs.ch am h\u00e4ufigsten gesucht wurden. Der #Flughafen #Z\u00fcrich f\u00fchrt das #Ranking erneut an.\" \/>\n<meta name=\"twitter:image\" content=\"https:\/\/www.organisator.ch\/wp-content\/uploads\/2025\/01\/Arbeitgeberranking_Bild1-e1736495444314.jpg\" \/>\n<script type=\"application\/ld+json\" class=\"yoast-schema-graph\">{\"@context\":\"https:\\\/\\\/schema.org\",\"@graph\":[{\"@type\":\"Article\",\"@id\":\"https:\\\/\\\/www.organisator.ch\\\/human-resources\\\/2025-01-10\\\/flughafen-zuerich-weiterhin-im-hoehenflug-als-meistgesuchter-arbeitgeber\\\/#article\",\"isPartOf\":{\"@id\":\"https:\\\/\\\/www.organisator.ch\\\/human-resources\\\/2025-01-10\\\/flughafen-zuerich-weiterhin-im-hoehenflug-als-meistgesuchter-arbeitgeber\\\/\"},\"author\":{\"name\":\"Dzana Muminovic\",\"@id\":\"https:\\\/\\\/www.organisator.ch\\\/#\\\/schema\\\/person\\\/afccda3a71c06d4be2ed9100dd163db7\"},\"headline\":\"Flughafen Z\u00fcrich weiterhin im H\u00f6henflug als meistgesuchter Arbeitgeber\",\"datePublished\":\"2025-01-10T06:20:14+00:00\",\"dateModified\":\"2025-01-10T07:50:47+00:00\",\"mainEntityOfPage\":{\"@id\":\"https:\\\/\\\/www.organisator.ch\\\/human-resources\\\/2025-01-10\\\/flughafen-zuerich-weiterhin-im-hoehenflug-als-meistgesuchter-arbeitgeber\\\/\"},\"wordCount\":276,\"publisher\":{\"@id\":\"https:\\\/\\\/www.organisator.ch\\\/#organization\"},\"image\":{\"@id\":\"https:\\\/\\\/www.organisator.ch\\\/human-resources\\\/2025-01-10\\\/flughafen-zuerich-weiterhin-im-hoehenflug-als-meistgesuchter-arbeitgeber\\\/#primaryimage\"},\"thumbnailUrl\":\"https:\\\/\\\/www.organisator.ch\\\/wp-content\\\/uploads\\\/2025\\\/01\\\/Arbeitgeberranking_Bild1-e1736495444314.jpg\",\"keywords\":[\"Arbeitgeber\",\"Flughafen Z\u00fcrich\",\"Jobs\",\"Ranking\",\"Unternehmen\"],\"articleSection\":[\"HUMAN RESOURCES\"],\"inLanguage\":\"fr-FR\"},{\"@type\":\"WebPage\",\"@id\":\"https:\\\/\\\/www.organisator.ch\\\/human-resources\\\/2025-01-10\\\/flughafen-zuerich-weiterhin-im-hoehenflug-als-meistgesuchter-arbeitgeber\\\/\",\"url\":\"https:\\\/\\\/www.organisator.ch\\\/human-resources\\\/2025-01-10\\\/flughafen-zuerich-weiterhin-im-hoehenflug-als-meistgesuchter-arbeitgeber\\\/\",\"name\":\"Flughafen Z\u00fcrich weiterhin im H\u00f6henflug als meistgesuchter Arbeitgeber - Organisator\",\"isPartOf\":{\"@id\":\"https:\\\/\\\/www.organisator.ch\\\/#website\"},\"primaryImageOfPage\":{\"@id\":\"https:\\\/\\\/www.organisator.ch\\\/human-resources\\\/2025-01-10\\\/flughafen-zuerich-weiterhin-im-hoehenflug-als-meistgesuchter-arbeitgeber\\\/#primaryimage\"},\"image\":{\"@id\":\"https:\\\/\\\/www.organisator.ch\\\/human-resources\\\/2025-01-10\\\/flughafen-zuerich-weiterhin-im-hoehenflug-als-meistgesuchter-arbeitgeber\\\/#primaryimage\"},\"thumbnailUrl\":\"https:\\\/\\\/www.organisator.ch\\\/wp-content\\\/uploads\\\/2025\\\/01\\\/Arbeitgeberranking_Bild1-e1736495444314.jpg\",\"datePublished\":\"2025-01-10T06:20:14+00:00\",\"dateModified\":\"2025-01-10T07:50:47+00:00\",\"description\":\"JobCloud zeigt, welche Unternehmen 2024 auf jobs.ch am h\u00e4ufigsten gesucht wurden. Der Flughafen Z\u00fcrich f\u00fchrt das Ranking erneut an.\",\"breadcrumb\":{\"@id\":\"https:\\\/\\\/www.organisator.ch\\\/human-resources\\\/2025-01-10\\\/flughafen-zuerich-weiterhin-im-hoehenflug-als-meistgesuchter-arbeitgeber\\\/#breadcrumb\"},\"inLanguage\":\"fr-FR\",\"potentialAction\":[{\"@type\":\"ReadAction\",\"target\":[\"https:\\\/\\\/www.organisator.ch\\\/human-resources\\\/2025-01-10\\\/flughafen-zuerich-weiterhin-im-hoehenflug-als-meistgesuchter-arbeitgeber\\\/\"]}]},{\"@type\":\"ImageObject\",\"inLanguage\":\"fr-FR\",\"@id\":\"https:\\\/\\\/www.organisator.ch\\\/human-resources\\\/2025-01-10\\\/flughafen-zuerich-weiterhin-im-hoehenflug-als-meistgesuchter-arbeitgeber\\\/#primaryimage\",\"url\":\"https:\\\/\\\/www.organisator.ch\\\/wp-content\\\/uploads\\\/2025\\\/01\\\/Arbeitgeberranking_Bild1-e1736495444314.jpg\",\"contentUrl\":\"https:\\\/\\\/www.organisator.ch\\\/wp-content\\\/uploads\\\/2025\\\/01\\\/Arbeitgeberranking_Bild1-e1736495444314.jpg\",\"width\":540,\"height\":392,\"caption\":\"JobCloud zeigt, welche Unternehmen 2024 auf jobs.ch am h\u00e4ufigsten gesucht wurden. Der Flughafen Z\u00fcrich f\u00fchrt das Ranking erneut an. (Bild: www.jobcloud.ch)\"},{\"@type\":\"BreadcrumbList\",\"@id\":\"https:\\\/\\\/www.organisator.ch\\\/human-resources\\\/2025-01-10\\\/flughafen-zuerich-weiterhin-im-hoehenflug-als-meistgesuchter-arbeitgeber\\\/#breadcrumb\",\"itemListElement\":[{\"@type\":\"ListItem\",\"position\":1,\"name\":\"Home\",\"item\":\"https:\\\/\\\/www.organisator.ch\\\/\"},{\"@type\":\"ListItem\",\"position\":2,\"name\":\"Flughafen Z\u00fcrich weiterhin im H\u00f6henflug als meistgesuchter Arbeitgeber\"}]},{\"@type\":\"WebSite\",\"@id\":\"https:\\\/\\\/www.organisator.ch\\\/#website\",\"url\":\"https:\\\/\\\/www.organisator.ch\\\/\",\"name\":\"Organisator\",\"description\":\"Kompetent. Praxisnah. Der ORGANISATOR bereitet in 10 Ausgaben pro Jahr die wesentlichen Themen f\u00fcr F\u00fchrungskr\u00e4fte von KMU auf.\",\"publisher\":{\"@id\":\"https:\\\/\\\/www.organisator.ch\\\/#organization\"},\"potentialAction\":[{\"@type\":\"SearchAction\",\"target\":{\"@type\":\"EntryPoint\",\"urlTemplate\":\"https:\\\/\\\/www.organisator.ch\\\/?s={search_term_string}\"},\"query-input\":{\"@type\":\"PropertyValueSpecification\",\"valueRequired\":true,\"valueName\":\"search_term_string\"}}],\"inLanguage\":\"fr-FR\"},{\"@type\":\"Organization\",\"@id\":\"https:\\\/\\\/www.organisator.ch\\\/#organization\",\"name\":\"Organisator\",\"url\":\"https:\\\/\\\/www.organisator.ch\\\/\",\"logo\":{\"@type\":\"ImageObject\",\"inLanguage\":\"fr-FR\",\"@id\":\"https:\\\/\\\/www.organisator.ch\\\/#\\\/schema\\\/logo\\\/image\\\/\",\"url\":\"https:\\\/\\\/www.organisator.ch\\\/wp-content\\\/uploads\\\/2022\\\/01\\\/Logo_Organisator_Website.png\",\"contentUrl\":\"https:\\\/\\\/www.organisator.ch\\\/wp-content\\\/uploads\\\/2022\\\/01\\\/Logo_Organisator_Website.png\",\"width\":800,\"height\":77,\"caption\":\"Organisator\"},\"image\":{\"@id\":\"https:\\\/\\\/www.organisator.ch\\\/#\\\/schema\\\/logo\\\/image\\\/\"},\"sameAs\":[\"https:\\\/\\\/www.facebook.com\\\/OrganisatorFachmagazin\",\"https:\\\/\\\/www.linkedin.com\\\/showcase\\\/organisator-das-magazin-fr-kmu\",\"https:\\\/\\\/www.xing.com\\\/news\\\/pages\\\/organisator-ch-695\",\"https:\\\/\\\/www.youtube.com\\\/channel\\\/UCGP2Sq0iWaZwT3BdIAQFYpw\"]},{\"@type\":\"Person\",\"@id\":\"https:\\\/\\\/www.organisator.ch\\\/#\\\/schema\\\/person\\\/afccda3a71c06d4be2ed9100dd163db7\",\"name\":\"Dzana Muminovic\",\"image\":{\"@type\":\"ImageObject\",\"inLanguage\":\"fr-FR\",\"@id\":\"https:\\\/\\\/secure.gravatar.com\\\/avatar\\\/909c5c71aff4b38e88686f2ab2f1ba152571f394f41ed8bae431ea56ced93050?s=96&d=mm&r=g\",\"url\":\"https:\\\/\\\/secure.gravatar.com\\\/avatar\\\/909c5c71aff4b38e88686f2ab2f1ba152571f394f41ed8bae431ea56ced93050?s=96&d=mm&r=g\",\"contentUrl\":\"https:\\\/\\\/secure.gravatar.com\\\/avatar\\\/909c5c71aff4b38e88686f2ab2f1ba152571f394f41ed8bae431ea56ced93050?s=96&d=mm&r=g\",\"caption\":\"Dzana Muminovic\"},\"url\":\"https:\\\/\\\/www.organisator.ch\\\/fr\\\/author\\\/dzana-muminovic\\\/\"}]}<\/script>\n<!-- \/ Yoast SEO plugin. -->","yoast_head_json":{"title":"L'a\u00e9roport de Zurich poursuit son ascension en tant qu'employeur le plus recherch\u00e9 - Organisateur","description":"JobCloud montre quelles entreprises ont \u00e9t\u00e9 le plus souvent recherch\u00e9es sur jobs.ch en 2024. L'a\u00e9roport de Zurich est \u00e0 nouveau en t\u00eate du classement.","robots":{"index":"index","follow":"follow","max-snippet":"max-snippet:-1","max-image-preview":"max-image-preview:large","max-video-preview":"max-video-preview:-1"},"canonical":"https:\/\/www.organisator.ch\/fr\/ressources-humaines\/2025-01-10\/flughafen-zuerich-weiterhin-im-hoehenflug-als-meistgesuchter-arbeitgeber\/","og_locale":"fr_FR","og_type":"article","og_title":"Flughafen Z\u00fcrich weiterhin im H\u00f6henflug als meistgesuchter Arbeitgeber","og_description":"JobCloud zeigt, welche Unternehmen 2024 auf jobs.ch am h\u00e4ufigsten gesucht wurden. Der Flughafen Z\u00fcrich f\u00fchrt das Ranking erneut an.","og_url":"https:\/\/www.organisator.ch\/fr\/ressources-humaines\/2025-01-10\/flughafen-zuerich-weiterhin-im-hoehenflug-als-meistgesuchter-arbeitgeber\/","og_site_name":"Organisator","article_publisher":"https:\/\/www.facebook.com\/OrganisatorFachmagazin","article_published_time":"2025-01-10T06:20:14+00:00","article_modified_time":"2025-01-10T07:50:47+00:00","og_image":[{"width":540,"height":392,"url":"https:\/\/www.organisator.ch\/wp-content\/uploads\/2025\/01\/Arbeitgeberranking_Bild1-e1736495444314.jpg","type":"image\/jpeg"}],"author":"Dzana Muminovic","twitter_card":"summary_large_image","twitter_title":"Flughafen Z\u00fcrich weiterhin im H\u00f6henflug als meistgesuchter Arbeitgeber","twitter_description":"#JobCloud zeigt, welche #Unternehmen 2024 auf #jobs.ch am h\u00e4ufigsten gesucht wurden. Der #Flughafen #Z\u00fcrich f\u00fchrt das #Ranking erneut an.","twitter_image":"https:\/\/www.organisator.ch\/wp-content\/uploads\/2025\/01\/Arbeitgeberranking_Bild1-e1736495444314.jpg","schema":{"@context":"https:\/\/schema.org","@graph":[{"@type":"Article","@id":"https:\/\/www.organisator.ch\/human-resources\/2025-01-10\/flughafen-zuerich-weiterhin-im-hoehenflug-als-meistgesuchter-arbeitgeber\/#article","isPartOf":{"@id":"https:\/\/www.organisator.ch\/human-resources\/2025-01-10\/flughafen-zuerich-weiterhin-im-hoehenflug-als-meistgesuchter-arbeitgeber\/"},"author":{"name":"Dzana Muminovic","@id":"https:\/\/www.organisator.ch\/#\/schema\/person\/afccda3a71c06d4be2ed9100dd163db7"},"headline":"Flughafen Z\u00fcrich weiterhin im H\u00f6henflug als meistgesuchter Arbeitgeber","datePublished":"2025-01-10T06:20:14+00:00","dateModified":"2025-01-10T07:50:47+00:00","mainEntityOfPage":{"@id":"https:\/\/www.organisator.ch\/human-resources\/2025-01-10\/flughafen-zuerich-weiterhin-im-hoehenflug-als-meistgesuchter-arbeitgeber\/"},"wordCount":276,"publisher":{"@id":"https:\/\/www.organisator.ch\/#organization"},"image":{"@id":"https:\/\/www.organisator.ch\/human-resources\/2025-01-10\/flughafen-zuerich-weiterhin-im-hoehenflug-als-meistgesuchter-arbeitgeber\/#primaryimage"},"thumbnailUrl":"https:\/\/www.organisator.ch\/wp-content\/uploads\/2025\/01\/Arbeitgeberranking_Bild1-e1736495444314.jpg","keywords":["Arbeitgeber","Flughafen Z\u00fcrich","Jobs","Ranking","Unternehmen"],"articleSection":["HUMAN RESOURCES"],"inLanguage":"fr-FR"},{"@type":"WebPage","@id":"https:\/\/www.organisator.ch\/human-resources\/2025-01-10\/flughafen-zuerich-weiterhin-im-hoehenflug-als-meistgesuchter-arbeitgeber\/","url":"https:\/\/www.organisator.ch\/human-resources\/2025-01-10\/flughafen-zuerich-weiterhin-im-hoehenflug-als-meistgesuchter-arbeitgeber\/","name":"L'a\u00e9roport de Zurich poursuit son ascension en tant qu'employeur le plus recherch\u00e9 - Organisateur","isPartOf":{"@id":"https:\/\/www.organisator.ch\/#website"},"primaryImageOfPage":{"@id":"https:\/\/www.organisator.ch\/human-resources\/2025-01-10\/flughafen-zuerich-weiterhin-im-hoehenflug-als-meistgesuchter-arbeitgeber\/#primaryimage"},"image":{"@id":"https:\/\/www.organisator.ch\/human-resources\/2025-01-10\/flughafen-zuerich-weiterhin-im-hoehenflug-als-meistgesuchter-arbeitgeber\/#primaryimage"},"thumbnailUrl":"https:\/\/www.organisator.ch\/wp-content\/uploads\/2025\/01\/Arbeitgeberranking_Bild1-e1736495444314.jpg","datePublished":"2025-01-10T06:20:14+00:00","dateModified":"2025-01-10T07:50:47+00:00","description":"JobCloud montre quelles entreprises ont \u00e9t\u00e9 le plus souvent recherch\u00e9es sur jobs.ch en 2024. L'a\u00e9roport de Zurich est \u00e0 nouveau en t\u00eate du classement.","breadcrumb":{"@id":"https:\/\/www.organisator.ch\/human-resources\/2025-01-10\/flughafen-zuerich-weiterhin-im-hoehenflug-als-meistgesuchter-arbeitgeber\/#breadcrumb"},"inLanguage":"fr-FR","potentialAction":[{"@type":"ReadAction","target":["https:\/\/www.organisator.ch\/human-resources\/2025-01-10\/flughafen-zuerich-weiterhin-im-hoehenflug-als-meistgesuchter-arbeitgeber\/"]}]},{"@type":"ImageObject","inLanguage":"fr-FR","@id":"https:\/\/www.organisator.ch\/human-resources\/2025-01-10\/flughafen-zuerich-weiterhin-im-hoehenflug-als-meistgesuchter-arbeitgeber\/#primaryimage","url":"https:\/\/www.organisator.ch\/wp-content\/uploads\/2025\/01\/Arbeitgeberranking_Bild1-e1736495444314.jpg","contentUrl":"https:\/\/www.organisator.ch\/wp-content\/uploads\/2025\/01\/Arbeitgeberranking_Bild1-e1736495444314.jpg","width":540,"height":392,"caption":"JobCloud zeigt, welche Unternehmen 2024 auf jobs.ch am h\u00e4ufigsten gesucht wurden. Der Flughafen Z\u00fcrich f\u00fchrt das Ranking erneut an. (Bild: www.jobcloud.ch)"},{"@type":"BreadcrumbList","@id":"https:\/\/www.organisator.ch\/human-resources\/2025-01-10\/flughafen-zuerich-weiterhin-im-hoehenflug-als-meistgesuchter-arbeitgeber\/#breadcrumb","itemListElement":[{"@type":"ListItem","position":1,"name":"Home","item":"https:\/\/www.organisator.ch\/"},{"@type":"ListItem","position":2,"name":"Flughafen Z\u00fcrich weiterhin im H\u00f6henflug als meistgesuchter Arbeitgeber"}]},{"@type":"WebSite","@id":"https:\/\/www.organisator.ch\/#website","url":"https:\/\/www.organisator.ch\/","name":"Organisateur","description":"Comp\u00e9tence et comp\u00e9tence. Proches de la pratique. L'ORGANISATEUR pr\u00e9pare 10 num\u00e9ros par an sur les th\u00e8mes essentiels pour les dirigeants de PME.","publisher":{"@id":"https:\/\/www.organisator.ch\/#organization"},"potentialAction":[{"@type":"SearchAction","target":{"@type":"EntryPoint","urlTemplate":"https:\/\/www.organisator.ch\/?s={search_term_string}"},"query-input":{"@type":"PropertyValueSpecification","valueRequired":true,"valueName":"search_term_string"}}],"inLanguage":"fr-FR"},{"@type":"Organization","@id":"https:\/\/www.organisator.ch\/#organization","name":"Organisateur","url":"https:\/\/www.organisator.ch\/","logo":{"@type":"ImageObject","inLanguage":"fr-FR","@id":"https:\/\/www.organisator.ch\/#\/schema\/logo\/image\/","url":"https:\/\/www.organisator.ch\/wp-content\/uploads\/2022\/01\/Logo_Organisator_Website.png","contentUrl":"https:\/\/www.organisator.ch\/wp-content\/uploads\/2022\/01\/Logo_Organisator_Website.png","width":800,"height":77,"caption":"Organisator"},"image":{"@id":"https:\/\/www.organisator.ch\/#\/schema\/logo\/image\/"},"sameAs":["https:\/\/www.facebook.com\/OrganisatorFachmagazin","https:\/\/www.linkedin.com\/showcase\/organisator-das-magazin-fr-kmu","https:\/\/www.xing.com\/news\/pages\/organisator-ch-695","https:\/\/www.youtube.com\/channel\/UCGP2Sq0iWaZwT3BdIAQFYpw"]},{"@type":"Person","@id":"https:\/\/www.organisator.ch\/#\/schema\/person\/afccda3a71c06d4be2ed9100dd163db7","name":"Dzana Muminovic","image":{"@type":"ImageObject","inLanguage":"fr-FR","@id":"https:\/\/secure.gravatar.com\/avatar\/909c5c71aff4b38e88686f2ab2f1ba152571f394f41ed8bae431ea56ced93050?s=96&d=mm&r=g","url":"https:\/\/secure.gravatar.com\/avatar\/909c5c71aff4b38e88686f2ab2f1ba152571f394f41ed8bae431ea56ced93050?s=96&d=mm&r=g","contentUrl":"https:\/\/secure.gravatar.com\/avatar\/909c5c71aff4b38e88686f2ab2f1ba152571f394f41ed8bae431ea56ced93050?s=96&d=mm&r=g","caption":"Dzana Muminovic"},"url":"https:\/\/www.organisator.ch\/fr\/author\/dzana-muminovic\/"}]}},"_links":{"self":[{"href":"https:\/\/www.organisator.ch\/fr\/wp-json\/wp\/v2\/posts\/35121","targetHints":{"allow":["GET"]}}],"collection":[{"href":"https:\/\/www.organisator.ch\/fr\/wp-json\/wp\/v2\/posts"}],"about":[{"href":"https:\/\/www.organisator.ch\/fr\/wp-json\/wp\/v2\/types\/post"}],"author":[{"embeddable":true,"href":"https:\/\/www.organisator.ch\/fr\/wp-json\/wp\/v2\/users\/80"}],"replies":[{"embeddable":true,"href":"https:\/\/www.organisator.ch\/fr\/wp-json\/wp\/v2\/comments?post=35121"}],"version-history":[{"count":5,"href":"https:\/\/www.organisator.ch\/fr\/wp-json\/wp\/v2\/posts\/35121\/revisions"}],"predecessor-version":[{"id":35139,"href":"https:\/\/www.organisator.ch\/fr\/wp-json\/wp\/v2\/posts\/35121\/revisions\/35139"}],"wp:featuredmedia":[{"embeddable":true,"href":"https:\/\/www.organisator.ch\/fr\/wp-json\/wp\/v2\/media\/35122"}],"wp:attachment":[{"href":"https:\/\/www.organisator.ch\/fr\/wp-json\/wp\/v2\/media?parent=35121"}],"wp:term":[{"taxonomy":"category","embeddable":true,"href":"https:\/\/www.organisator.ch\/fr\/wp-json\/wp\/v2\/categories?post=35121"},{"taxonomy":"post_tag","embeddable":true,"href":"https:\/\/www.organisator.ch\/fr\/wp-json\/wp\/v2\/tags?post=35121"}],"curies":[{"name":"wp","href":"https:\/\/api.w.org\/{rel}","templated":true}]}}