{"id":35125,"date":"2025-01-10T07:52:41","date_gmt":"2025-01-10T06:52:41","guid":{"rendered":"https:\/\/www.markt-kom.com\/?p=228767"},"modified":"2025-01-10T07:30:01","modified_gmt":"2025-01-10T06:30:01","slug":"eva-egger-uebernimmt-leitung-von-oesterreich-werbung-schweiz","status":"publish","type":"post","link":"https:\/\/www.organisator.ch\/fr\/marketing\/2025-01-10\/eva-egger-uebernimmt-leitung-von-oesterreich-werbung-schweiz\/","title":{"rendered":"Eva Egger prend la direction d'\u00d6sterreich Werbung Schweiz"},"content":{"rendered":"<figure id=\"attachment_228768\" class=\"wp-caption aligncenter\" style=\"width: 1200px;\" aria-describedby=\"caption-attachment-228768\"><a href=\"https:\/\/www.markt-kom.com\/wp-content\/uploads\/2025\/01\/OeW_Carmen-Breuss_Eva-Egger.jpg\"><img class=\"size-full wp-image-228768\" src=\"https:\/\/www.markt-kom.com\/wp-content\/uploads\/2025\/01\/OeW_Carmen-Breuss_Eva-Egger.jpg\" sizes=\"(max-width: 1200px) 100vw, 1200px\" srcset=\"https:\/\/www.markt-kom.com\/wp-content\/uploads\/2025\/01\/OeW_Carmen-Breuss_Eva-Egger.jpg 1200w, https:\/\/www.markt-kom.com\/wp-content\/uploads\/2025\/01\/OeW_Carmen-Breuss_Eva-Egger-600x450.jpg 600w, https:\/\/www.markt-kom.com\/wp-content\/uploads\/2025\/01\/OeW_Carmen-Breuss_Eva-Egger-1024x768.jpg 1024w, https:\/\/www.markt-kom.com\/wp-content\/uploads\/2025\/01\/OeW_Carmen-Breuss_Eva-Egger-768x576.jpg 768w, https:\/\/www.markt-kom.com\/wp-content\/uploads\/2025\/01\/OeW_Carmen-Breuss_Eva-Egger-16x12.jpg 16w, https:\/\/www.markt-kom.com\/wp-content\/uploads\/2025\/01\/OeW_Carmen-Breuss_Eva-Egger-233x175.jpg 233w, https:\/\/www.markt-kom.com\/wp-content\/uploads\/2025\/01\/OeW_Carmen-Breuss_Eva-Egger-467x350.jpg 467w, https:\/\/www.markt-kom.com\/wp-content\/uploads\/2025\/01\/OeW_Carmen-Breuss_Eva-Egger-1000x750.jpg 1000w\" alt=\"\" width=\"1200\" height=\"900\" \/><\/a>\r\n<figcaption id=\"caption-attachment-228768\" class=\"wp-caption-text\">Carmen Breuss (\u00e0 gauche) c\u00e8de sa place \u00e0 Eva Egger. (Photo : \u00d6W Suisse\/Carmen Breuss)<\/figcaption>\r\n<\/figure>\r\n<p>Carmen Breuss a derri\u00e8re elle 27 ann\u00e9es d'engagement au sein d'\u00d6sterreich Werbung. En tant que responsable du march\u00e9 suisse, elle a jou\u00e9 un r\u00f4le d\u00e9terminant dans le positionnement de l'Autriche en tant que pays touristique sur le troisi\u00e8me march\u00e9 de provenance \u00e9tranger et a fait d\u00e9couvrir aux clients suisses la joie de vivre particuli\u00e8re de l'Autriche. \"Les canaux ont certes \u00e9volu\u00e9 au fil des ann\u00e9es, mais la mission centrale, \u00e0 savoir susciter l'enthousiasme pour l'Autriche, est toujours rest\u00e9e au centre des pr\u00e9occupations\", r\u00e9sume Mme Breuss.<\/p>\r\n<p>D\u00e8s le 1er juillet 2024, elle a repris la fonction de Head of Market Development au sein du management d'\u00d6sterreich Werbung afin de se consacrer au d\u00e9veloppement des march\u00e9s \u00e9trangers.<\/p>\r\n<h3>Une nouvelle \u00e8re avec Egger<\/h3>\r\n<p>La nouvelle Head of Market Suisse, Eva Egger, prend la direction de l'\u00e9quipe zurichoise avec beaucoup d'enthousiasme et des objectifs clairs. Elle est convaincue du potentiel toujours important du march\u00e9 suisse : \"La Suisse est un march\u00e9 source central pour l'Autriche, mais elle est en forte concurrence avec d'autres destinations. Avec notre \u00e9quipe et nos partenaires de la branche, nous voulons trouver des approches innovantes et rendre l'art de vivre autrichien encore plus pr\u00e9sent\", explique Egger.<\/p>","protected":false},"excerpt":{"rendered":"<p>Apr\u00e8s 27 ans au poste de Head of Market Suisse, Carmen Breuss transmet la direction d'\u00d6sterreich Werbung (\u00d6W) Suisse \u00e0 Eva Egger.<\/p>","protected":false},"author":8,"featured_media":0,"comment_status":"closed","ping_status":"closed","sticky":false,"template":"","format":"standard","meta":{"_acf_changed":false,"_yoast_wpseo_focuskw":"\u00d6W Schweiz","_yoast_wpseo_metadesc":"Nach 27 Jahren \u00fcbergibt Carmen Breuss die Leitung von \u00d6W Schweiz an Eva Egger, die neue Impulse f\u00fcr den Schweizer Markt setzen will.","articlekey":"","footnotes":""},"categories":[29],"tags":[4345,4351,4995,4996],"class_list":["post-35125","post","type-post","status-publish","format-standard","hentry","category-marketing","tag-business","tag-dexat","tag-oesterreich","tag-oesterreich-werbung"],"acf":[],"yoast_head":"<!-- This site is optimized with the Yoast SEO plugin v27.5 - https:\/\/yoast.com\/product\/yoast-seo-wordpress\/ -->\n<title>Eva Egger \u00fcbernimmt Leitung von \u00d6sterreich Werbung Schweiz - Organisator<\/title>\n<meta name=\"description\" content=\"Nach 27 Jahren \u00fcbergibt Carmen Breuss die Leitung von \u00d6W Schweiz an Eva Egger, die neue Impulse f\u00fcr den Schweizer Markt setzen will.\" \/>\n<meta name=\"robots\" content=\"index, follow, max-snippet:-1, max-image-preview:large, max-video-preview:-1\" \/>\n<link rel=\"canonical\" href=\"https:\/\/www.organisator.ch\/fr\/marketing\/2025-01-10\/eva-egger-uebernimmt-leitung-von-oesterreich-werbung-schweiz\/\" \/>\n<meta property=\"og:locale\" content=\"fr_FR\" \/>\n<meta property=\"og:type\" content=\"article\" \/>\n<meta property=\"og:title\" content=\"Eva Egger \u00fcbernimmt Leitung von \u00d6sterreich Werbung Schweiz - Organisator\" \/>\n<meta property=\"og:description\" content=\"Nach 27 Jahren \u00fcbergibt Carmen Breuss die Leitung von \u00d6W Schweiz an Eva Egger, die neue Impulse f\u00fcr den Schweizer Markt setzen will.\" \/>\n<meta property=\"og:url\" content=\"https:\/\/www.organisator.ch\/fr\/marketing\/2025-01-10\/eva-egger-uebernimmt-leitung-von-oesterreich-werbung-schweiz\/\" \/>\n<meta property=\"og:site_name\" content=\"Organisator\" \/>\n<meta property=\"article:publisher\" content=\"https:\/\/www.facebook.com\/OrganisatorFachmagazin\" \/>\n<meta property=\"article:published_time\" content=\"2025-01-10T06:52:41+00:00\" \/>\n<meta name=\"author\" content=\"galledia\" \/>\n<meta name=\"twitter:card\" content=\"summary_large_image\" \/>\n<meta name=\"twitter:creator\" content=\"@admin\" \/>\n<script type=\"application\/ld+json\" class=\"yoast-schema-graph\">{\"@context\":\"https:\\\/\\\/schema.org\",\"@graph\":[{\"@type\":\"Article\",\"@id\":\"https:\\\/\\\/www.organisator.ch\\\/marketing\\\/2025-01-10\\\/eva-egger-uebernimmt-leitung-von-oesterreich-werbung-schweiz\\\/#article\",\"isPartOf\":{\"@id\":\"https:\\\/\\\/www.organisator.ch\\\/marketing\\\/2025-01-10\\\/eva-egger-uebernimmt-leitung-von-oesterreich-werbung-schweiz\\\/\"},\"author\":{\"name\":\"galledia\",\"@id\":\"https:\\\/\\\/www.organisator.ch\\\/#\\\/schema\\\/person\\\/4e51799071cd2dd1232ac003643ef5f0\"},\"headline\":\"Eva Egger \u00fcbernimmt Leitung von \u00d6sterreich Werbung Schweiz\",\"datePublished\":\"2025-01-10T06:52:41+00:00\",\"mainEntityOfPage\":{\"@id\":\"https:\\\/\\\/www.organisator.ch\\\/marketing\\\/2025-01-10\\\/eva-egger-uebernimmt-leitung-von-oesterreich-werbung-schweiz\\\/\"},\"wordCount\":208,\"publisher\":{\"@id\":\"https:\\\/\\\/www.organisator.ch\\\/#organization\"},\"image\":{\"@id\":\"https:\\\/\\\/www.organisator.ch\\\/marketing\\\/2025-01-10\\\/eva-egger-uebernimmt-leitung-von-oesterreich-werbung-schweiz\\\/#primaryimage\"},\"thumbnailUrl\":\"https:\\\/\\\/www.markt-kom.com\\\/wp-content\\\/uploads\\\/2025\\\/01\\\/OeW_Carmen-Breuss_Eva-Egger.jpg\",\"keywords\":[\"Business\",\"DExAT\",\"\u00d6sterreich\",\"\u00d6sterreich Werbung\"],\"articleSection\":[\"MARKETING\"],\"inLanguage\":\"fr-FR\"},{\"@type\":\"WebPage\",\"@id\":\"https:\\\/\\\/www.organisator.ch\\\/marketing\\\/2025-01-10\\\/eva-egger-uebernimmt-leitung-von-oesterreich-werbung-schweiz\\\/\",\"url\":\"https:\\\/\\\/www.organisator.ch\\\/marketing\\\/2025-01-10\\\/eva-egger-uebernimmt-leitung-von-oesterreich-werbung-schweiz\\\/\",\"name\":\"Eva Egger \u00fcbernimmt Leitung von \u00d6sterreich Werbung Schweiz - Organisator\",\"isPartOf\":{\"@id\":\"https:\\\/\\\/www.organisator.ch\\\/#website\"},\"primaryImageOfPage\":{\"@id\":\"https:\\\/\\\/www.organisator.ch\\\/marketing\\\/2025-01-10\\\/eva-egger-uebernimmt-leitung-von-oesterreich-werbung-schweiz\\\/#primaryimage\"},\"image\":{\"@id\":\"https:\\\/\\\/www.organisator.ch\\\/marketing\\\/2025-01-10\\\/eva-egger-uebernimmt-leitung-von-oesterreich-werbung-schweiz\\\/#primaryimage\"},\"thumbnailUrl\":\"https:\\\/\\\/www.markt-kom.com\\\/wp-content\\\/uploads\\\/2025\\\/01\\\/OeW_Carmen-Breuss_Eva-Egger.jpg\",\"datePublished\":\"2025-01-10T06:52:41+00:00\",\"description\":\"Nach 27 Jahren \u00fcbergibt Carmen Breuss die Leitung von \u00d6W Schweiz an Eva Egger, die neue Impulse f\u00fcr den Schweizer Markt setzen will.\",\"breadcrumb\":{\"@id\":\"https:\\\/\\\/www.organisator.ch\\\/marketing\\\/2025-01-10\\\/eva-egger-uebernimmt-leitung-von-oesterreich-werbung-schweiz\\\/#breadcrumb\"},\"inLanguage\":\"fr-FR\",\"potentialAction\":[{\"@type\":\"ReadAction\",\"target\":[\"https:\\\/\\\/www.organisator.ch\\\/marketing\\\/2025-01-10\\\/eva-egger-uebernimmt-leitung-von-oesterreich-werbung-schweiz\\\/\"]}]},{\"@type\":\"ImageObject\",\"inLanguage\":\"fr-FR\",\"@id\":\"https:\\\/\\\/www.organisator.ch\\\/marketing\\\/2025-01-10\\\/eva-egger-uebernimmt-leitung-von-oesterreich-werbung-schweiz\\\/#primaryimage\",\"url\":\"https:\\\/\\\/www.markt-kom.com\\\/wp-content\\\/uploads\\\/2025\\\/01\\\/OeW_Carmen-Breuss_Eva-Egger.jpg\",\"contentUrl\":\"https:\\\/\\\/www.markt-kom.com\\\/wp-content\\\/uploads\\\/2025\\\/01\\\/OeW_Carmen-Breuss_Eva-Egger.jpg\"},{\"@type\":\"BreadcrumbList\",\"@id\":\"https:\\\/\\\/www.organisator.ch\\\/marketing\\\/2025-01-10\\\/eva-egger-uebernimmt-leitung-von-oesterreich-werbung-schweiz\\\/#breadcrumb\",\"itemListElement\":[{\"@type\":\"ListItem\",\"position\":1,\"name\":\"Home\",\"item\":\"https:\\\/\\\/www.organisator.ch\\\/\"},{\"@type\":\"ListItem\",\"position\":2,\"name\":\"Eva Egger \u00fcbernimmt Leitung von \u00d6sterreich Werbung Schweiz\"}]},{\"@type\":\"WebSite\",\"@id\":\"https:\\\/\\\/www.organisator.ch\\\/#website\",\"url\":\"https:\\\/\\\/www.organisator.ch\\\/\",\"name\":\"Organisator\",\"description\":\"Kompetent. Praxisnah. Der ORGANISATOR bereitet in 10 Ausgaben pro Jahr die wesentlichen Themen f\u00fcr F\u00fchrungskr\u00e4fte von KMU auf.\",\"publisher\":{\"@id\":\"https:\\\/\\\/www.organisator.ch\\\/#organization\"},\"potentialAction\":[{\"@type\":\"SearchAction\",\"target\":{\"@type\":\"EntryPoint\",\"urlTemplate\":\"https:\\\/\\\/www.organisator.ch\\\/?s={search_term_string}\"},\"query-input\":{\"@type\":\"PropertyValueSpecification\",\"valueRequired\":true,\"valueName\":\"search_term_string\"}}],\"inLanguage\":\"fr-FR\"},{\"@type\":\"Organization\",\"@id\":\"https:\\\/\\\/www.organisator.ch\\\/#organization\",\"name\":\"Organisator\",\"url\":\"https:\\\/\\\/www.organisator.ch\\\/\",\"logo\":{\"@type\":\"ImageObject\",\"inLanguage\":\"fr-FR\",\"@id\":\"https:\\\/\\\/www.organisator.ch\\\/#\\\/schema\\\/logo\\\/image\\\/\",\"url\":\"https:\\\/\\\/www.organisator.ch\\\/wp-content\\\/uploads\\\/2022\\\/01\\\/Logo_Organisator_Website.png\",\"contentUrl\":\"https:\\\/\\\/www.organisator.ch\\\/wp-content\\\/uploads\\\/2022\\\/01\\\/Logo_Organisator_Website.png\",\"width\":800,\"height\":77,\"caption\":\"Organisator\"},\"image\":{\"@id\":\"https:\\\/\\\/www.organisator.ch\\\/#\\\/schema\\\/logo\\\/image\\\/\"},\"sameAs\":[\"https:\\\/\\\/www.facebook.com\\\/OrganisatorFachmagazin\",\"https:\\\/\\\/www.linkedin.com\\\/showcase\\\/organisator-das-magazin-fr-kmu\",\"https:\\\/\\\/www.xing.com\\\/news\\\/pages\\\/organisator-ch-695\",\"https:\\\/\\\/www.youtube.com\\\/channel\\\/UCGP2Sq0iWaZwT3BdIAQFYpw\"]},{\"@type\":\"Person\",\"@id\":\"https:\\\/\\\/www.organisator.ch\\\/#\\\/schema\\\/person\\\/4e51799071cd2dd1232ac003643ef5f0\",\"name\":\"galledia\",\"image\":{\"@type\":\"ImageObject\",\"inLanguage\":\"fr-FR\",\"@id\":\"https:\\\/\\\/secure.gravatar.com\\\/avatar\\\/78a7f90c01fc2bfc875782a0d4922b37cde2cf184ce347b91316d23cd7f69a36?s=96&d=mm&r=g\",\"url\":\"https:\\\/\\\/secure.gravatar.com\\\/avatar\\\/78a7f90c01fc2bfc875782a0d4922b37cde2cf184ce347b91316d23cd7f69a36?s=96&d=mm&r=g\",\"contentUrl\":\"https:\\\/\\\/secure.gravatar.com\\\/avatar\\\/78a7f90c01fc2bfc875782a0d4922b37cde2cf184ce347b91316d23cd7f69a36?s=96&d=mm&r=g\",\"caption\":\"galledia\"},\"sameAs\":[\"https:\\\/\\\/x.com\\\/admin\"],\"url\":\"https:\\\/\\\/www.organisator.ch\\\/fr\\\/author\\\/galledia\\\/\"}]}<\/script>\n<!-- \/ Yoast SEO plugin. -->","yoast_head_json":{"title":"Eva Egger prend la direction d'\u00d6sterreich Werbung Schweiz - Organisateur","description":"Apr\u00e8s 27 ans, Carmen Breuss transmet la direction de \u00d6W Suisse \u00e0 Eva Egger, qui souhaite donner de nouvelles impulsions au march\u00e9 suisse.","robots":{"index":"index","follow":"follow","max-snippet":"max-snippet:-1","max-image-preview":"max-image-preview:large","max-video-preview":"max-video-preview:-1"},"canonical":"https:\/\/www.organisator.ch\/fr\/marketing\/2025-01-10\/eva-egger-uebernimmt-leitung-von-oesterreich-werbung-schweiz\/","og_locale":"fr_FR","og_type":"article","og_title":"Eva Egger \u00fcbernimmt Leitung von \u00d6sterreich Werbung Schweiz - Organisator","og_description":"Nach 27 Jahren \u00fcbergibt Carmen Breuss die Leitung von \u00d6W Schweiz an Eva Egger, die neue Impulse f\u00fcr den Schweizer Markt setzen will.","og_url":"https:\/\/www.organisator.ch\/fr\/marketing\/2025-01-10\/eva-egger-uebernimmt-leitung-von-oesterreich-werbung-schweiz\/","og_site_name":"Organisator","article_publisher":"https:\/\/www.facebook.com\/OrganisatorFachmagazin","article_published_time":"2025-01-10T06:52:41+00:00","author":"galledia","twitter_card":"summary_large_image","twitter_creator":"@admin","schema":{"@context":"https:\/\/schema.org","@graph":[{"@type":"Article","@id":"https:\/\/www.organisator.ch\/marketing\/2025-01-10\/eva-egger-uebernimmt-leitung-von-oesterreich-werbung-schweiz\/#article","isPartOf":{"@id":"https:\/\/www.organisator.ch\/marketing\/2025-01-10\/eva-egger-uebernimmt-leitung-von-oesterreich-werbung-schweiz\/"},"author":{"name":"galledia","@id":"https:\/\/www.organisator.ch\/#\/schema\/person\/4e51799071cd2dd1232ac003643ef5f0"},"headline":"Eva Egger \u00fcbernimmt Leitung von \u00d6sterreich Werbung Schweiz","datePublished":"2025-01-10T06:52:41+00:00","mainEntityOfPage":{"@id":"https:\/\/www.organisator.ch\/marketing\/2025-01-10\/eva-egger-uebernimmt-leitung-von-oesterreich-werbung-schweiz\/"},"wordCount":208,"publisher":{"@id":"https:\/\/www.organisator.ch\/#organization"},"image":{"@id":"https:\/\/www.organisator.ch\/marketing\/2025-01-10\/eva-egger-uebernimmt-leitung-von-oesterreich-werbung-schweiz\/#primaryimage"},"thumbnailUrl":"https:\/\/www.markt-kom.com\/wp-content\/uploads\/2025\/01\/OeW_Carmen-Breuss_Eva-Egger.jpg","keywords":["Business","DExAT","\u00d6sterreich","\u00d6sterreich Werbung"],"articleSection":["MARKETING"],"inLanguage":"fr-FR"},{"@type":"WebPage","@id":"https:\/\/www.organisator.ch\/marketing\/2025-01-10\/eva-egger-uebernimmt-leitung-von-oesterreich-werbung-schweiz\/","url":"https:\/\/www.organisator.ch\/marketing\/2025-01-10\/eva-egger-uebernimmt-leitung-von-oesterreich-werbung-schweiz\/","name":"Eva Egger prend la direction d'\u00d6sterreich Werbung Schweiz - Organisateur","isPartOf":{"@id":"https:\/\/www.organisator.ch\/#website"},"primaryImageOfPage":{"@id":"https:\/\/www.organisator.ch\/marketing\/2025-01-10\/eva-egger-uebernimmt-leitung-von-oesterreich-werbung-schweiz\/#primaryimage"},"image":{"@id":"https:\/\/www.organisator.ch\/marketing\/2025-01-10\/eva-egger-uebernimmt-leitung-von-oesterreich-werbung-schweiz\/#primaryimage"},"thumbnailUrl":"https:\/\/www.markt-kom.com\/wp-content\/uploads\/2025\/01\/OeW_Carmen-Breuss_Eva-Egger.jpg","datePublished":"2025-01-10T06:52:41+00:00","description":"Apr\u00e8s 27 ans, Carmen Breuss transmet la direction de \u00d6W Suisse \u00e0 Eva Egger, qui souhaite donner de nouvelles impulsions au march\u00e9 suisse.","breadcrumb":{"@id":"https:\/\/www.organisator.ch\/marketing\/2025-01-10\/eva-egger-uebernimmt-leitung-von-oesterreich-werbung-schweiz\/#breadcrumb"},"inLanguage":"fr-FR","potentialAction":[{"@type":"ReadAction","target":["https:\/\/www.organisator.ch\/marketing\/2025-01-10\/eva-egger-uebernimmt-leitung-von-oesterreich-werbung-schweiz\/"]}]},{"@type":"ImageObject","inLanguage":"fr-FR","@id":"https:\/\/www.organisator.ch\/marketing\/2025-01-10\/eva-egger-uebernimmt-leitung-von-oesterreich-werbung-schweiz\/#primaryimage","url":"https:\/\/www.markt-kom.com\/wp-content\/uploads\/2025\/01\/OeW_Carmen-Breuss_Eva-Egger.jpg","contentUrl":"https:\/\/www.markt-kom.com\/wp-content\/uploads\/2025\/01\/OeW_Carmen-Breuss_Eva-Egger.jpg"},{"@type":"BreadcrumbList","@id":"https:\/\/www.organisator.ch\/marketing\/2025-01-10\/eva-egger-uebernimmt-leitung-von-oesterreich-werbung-schweiz\/#breadcrumb","itemListElement":[{"@type":"ListItem","position":1,"name":"Home","item":"https:\/\/www.organisator.ch\/"},{"@type":"ListItem","position":2,"name":"Eva Egger \u00fcbernimmt Leitung von \u00d6sterreich Werbung Schweiz"}]},{"@type":"WebSite","@id":"https:\/\/www.organisator.ch\/#website","url":"https:\/\/www.organisator.ch\/","name":"Organisateur","description":"Comp\u00e9tence et comp\u00e9tence. Proches de la pratique. L'ORGANISATEUR pr\u00e9pare 10 num\u00e9ros par an sur les th\u00e8mes essentiels pour les dirigeants de PME.","publisher":{"@id":"https:\/\/www.organisator.ch\/#organization"},"potentialAction":[{"@type":"SearchAction","target":{"@type":"EntryPoint","urlTemplate":"https:\/\/www.organisator.ch\/?s={search_term_string}"},"query-input":{"@type":"PropertyValueSpecification","valueRequired":true,"valueName":"search_term_string"}}],"inLanguage":"fr-FR"},{"@type":"Organization","@id":"https:\/\/www.organisator.ch\/#organization","name":"Organisateur","url":"https:\/\/www.organisator.ch\/","logo":{"@type":"ImageObject","inLanguage":"fr-FR","@id":"https:\/\/www.organisator.ch\/#\/schema\/logo\/image\/","url":"https:\/\/www.organisator.ch\/wp-content\/uploads\/2022\/01\/Logo_Organisator_Website.png","contentUrl":"https:\/\/www.organisator.ch\/wp-content\/uploads\/2022\/01\/Logo_Organisator_Website.png","width":800,"height":77,"caption":"Organisator"},"image":{"@id":"https:\/\/www.organisator.ch\/#\/schema\/logo\/image\/"},"sameAs":["https:\/\/www.facebook.com\/OrganisatorFachmagazin","https:\/\/www.linkedin.com\/showcase\/organisator-das-magazin-fr-kmu","https:\/\/www.xing.com\/news\/pages\/organisator-ch-695","https:\/\/www.youtube.com\/channel\/UCGP2Sq0iWaZwT3BdIAQFYpw"]},{"@type":"Person","@id":"https:\/\/www.organisator.ch\/#\/schema\/person\/4e51799071cd2dd1232ac003643ef5f0","name":"galledia","image":{"@type":"ImageObject","inLanguage":"fr-FR","@id":"https:\/\/secure.gravatar.com\/avatar\/78a7f90c01fc2bfc875782a0d4922b37cde2cf184ce347b91316d23cd7f69a36?s=96&d=mm&r=g","url":"https:\/\/secure.gravatar.com\/avatar\/78a7f90c01fc2bfc875782a0d4922b37cde2cf184ce347b91316d23cd7f69a36?s=96&d=mm&r=g","contentUrl":"https:\/\/secure.gravatar.com\/avatar\/78a7f90c01fc2bfc875782a0d4922b37cde2cf184ce347b91316d23cd7f69a36?s=96&d=mm&r=g","caption":"galledia"},"sameAs":["https:\/\/x.com\/admin"],"url":"https:\/\/www.organisator.ch\/fr\/author\/galledia\/"}]}},"_links":{"self":[{"href":"https:\/\/www.organisator.ch\/fr\/wp-json\/wp\/v2\/posts\/35125","targetHints":{"allow":["GET"]}}],"collection":[{"href":"https:\/\/www.organisator.ch\/fr\/wp-json\/wp\/v2\/posts"}],"about":[{"href":"https:\/\/www.organisator.ch\/fr\/wp-json\/wp\/v2\/types\/post"}],"author":[{"embeddable":true,"href":"https:\/\/www.organisator.ch\/fr\/wp-json\/wp\/v2\/users\/8"}],"replies":[{"embeddable":true,"href":"https:\/\/www.organisator.ch\/fr\/wp-json\/wp\/v2\/comments?post=35125"}],"version-history":[{"count":4,"href":"https:\/\/www.organisator.ch\/fr\/wp-json\/wp\/v2\/posts\/35125\/revisions"}],"predecessor-version":[{"id":35157,"href":"https:\/\/www.organisator.ch\/fr\/wp-json\/wp\/v2\/posts\/35125\/revisions\/35157"}],"wp:attachment":[{"href":"https:\/\/www.organisator.ch\/fr\/wp-json\/wp\/v2\/media?parent=35125"}],"wp:term":[{"taxonomy":"category","embeddable":true,"href":"https:\/\/www.organisator.ch\/fr\/wp-json\/wp\/v2\/categories?post=35125"},{"taxonomy":"post_tag","embeddable":true,"href":"https:\/\/www.organisator.ch\/fr\/wp-json\/wp\/v2\/tags?post=35125"}],"curies":[{"name":"wp","href":"https:\/\/api.w.org\/{rel}","templated":true}]}}