{"id":35140,"date":"2025-01-10T09:16:23","date_gmt":"2025-01-10T08:16:23","guid":{"rendered":"https:\/\/www.organisator.ch\/?p=35140"},"modified":"2025-01-10T09:16:23","modified_gmt":"2025-01-10T08:16:23","slug":"chicoree-im-jahr-2024-nahe-am-umsatzrekord","status":"publish","type":"post","link":"https:\/\/www.organisator.ch\/fr\/management\/2025-01-10\/chicoree-im-jahr-2024-nahe-am-umsatzrekord\/","title":{"rendered":"L'endive proche du record de ventes en 2024"},"content":{"rendered":"<figure id=\"attachment_35141\" aria-describedby=\"caption-attachment-35141\" style=\"width: 680px\" class=\"wp-caption alignnone\"><img loading=\"lazy\" decoding=\"async\" class=\"size-full wp-image-35141\" src=\"https:\/\/www.organisator.ch\/wp-content\/uploads\/2025\/01\/Chicoree_Bild1_ps.jpg\" alt=\"\" width=\"680\" height=\"454\" srcset=\"https:\/\/www.organisator.ch\/wp-content\/uploads\/2025\/01\/Chicoree_Bild1_ps.jpg 680w, https:\/\/www.organisator.ch\/wp-content\/uploads\/2025\/01\/Chicoree_Bild1_ps-18x12.jpg 18w, https:\/\/www.organisator.ch\/wp-content\/uploads\/2025\/01\/Chicoree_Bild1_ps-375x250.jpg 375w, https:\/\/www.organisator.ch\/wp-content\/uploads\/2025\/01\/Chicoree_Bild1_ps-524x350.jpg 524w\" sizes=\"auto, (max-width: 680px) 100vw, 680px\" \/><figcaption id=\"caption-attachment-35141\" class=\"wp-caption-text\">Le groupe Chicor\u00e9e a r\u00e9alis\u00e9 un chiffre d'affaires de 185 millions de CHF en 2024. Le CEO Thomas Ullmann pr\u00e9voit une nouvelle croissance et de nouvelles filiales pour 2025. (KEYSTONE\/Christian Beutler)<\/figcaption><\/figure>\n<p>En 2024, 2 nouvelles filiales ont \u00e9t\u00e9 ouvertes. D\u00e9sormais, le groupe Chicor\u00e9e compte 182 sites dans toutes les r\u00e9gions de Suisse et emploie plus de 950 collaboratrices et collaborateurs.<\/p>\n<p>\"Nous sommes heureux d'avoir pu maintenir un niveau de chiffre d'affaires aussi \u00e9lev\u00e9 en 2024, malgr\u00e9 un contexte de march\u00e9 difficile dans le commerce de d\u00e9tail, apr\u00e8s une ann\u00e9e 2023 forte et un r\u00e9sultat record. L'ann\u00e9e derni\u00e8re a \u00e9t\u00e9 marqu\u00e9e par un d\u00e9but d'\u00e9t\u00e9 frais et pluvieux. La collection d'\u00e9t\u00e9 s'est donc tr\u00e8s mal vendue, surtout pendant le mois de juin, qui est pourtant un mois important. Le d\u00e9but de l'automne s'est en revanche d\u00e9roul\u00e9 de mani\u00e8re id\u00e9ale, en raison du changement tr\u00e8s rapide de temp\u00e9rature et de temps. Les ventes de No\u00ebl se sont maintenues au niveau de l'ann\u00e9e pr\u00e9c\u00e9dente. Pour l'ann\u00e9e 2025 qui vient de commencer, nous voulons \u00e0 nouveau augmenter clairement le chiffre d'affaires global. En outre, la reprise des prix des mati\u00e8res premi\u00e8res, la normalisation de la cha\u00eene d'approvisionnement et un franc suisse fort auront un effet positif sur le r\u00e9sultat annuel\", d\u00e9clare Thomas Ullmann, CEO du groupe Chicor\u00e9e.<\/p>\n<h3><strong>Les emplacements en centre-ville sous pression, les emplacements d'agglom\u00e9ration et de march\u00e9s sp\u00e9cialis\u00e9s progressent<\/strong><\/h3>\n<p>M\u00eame pendant l'ann\u00e9e 2024, les emplacements du centre-ville ont continu\u00e9 \u00e0 \u00eatre sous pression.<\/p>\n<p>Les emplacements d'agglom\u00e9ration et les march\u00e9s sp\u00e9cialis\u00e9s ont en revanche progress\u00e9. Les chiffres d'affaires au m\u00e8tre carr\u00e9 les plus \u00e9lev\u00e9s continuent d'\u00eatre r\u00e9alis\u00e9s dans les gares.<\/p>\n<h3><strong>Une nouvelle g\u00e9n\u00e9ration sur la voie de la croissance<\/strong><\/h3>\n<p>En 2020, J\u00f6rg Weber, propri\u00e9taire et fondateur de la cha\u00eene de mode suisse Chicor\u00e9e, s'est retir\u00e9 du conseil d'administration apr\u00e8s plus de 38 ans d'activit\u00e9 op\u00e9rationnelle et a transmis la direction de l'entreprise \u00e0 son nouveau CEO Thomas Ullmann et \u00e0 ses deux fils Pascal Weber et Mathias Weber, qui ont rejoint la direction de l'entreprise gr\u00e2ce \u00e0 leurs nouvelles fonctions de co-CEO.<\/p>\n<p>Le quatri\u00e8me exercice pour Chicor\u00e9e, sous la nouvelle direction, s'av\u00e8re \u00e9galement fructueux. \"Les innovations dans tous les d\u00e9partements et la concentration sur le produit et le client vont \u00e0 nouveau stimuler la croissance de Chicor\u00e9e l'ann\u00e9e prochaine\", d\u00e9clare Thomas Ullmann.<\/p>\n<h3><strong>Focalisation sur le programme client et nouvelle boutique en ligne<\/strong><\/h3>\n<p>En 2025, l'accent sera \u00e0 nouveau fortement mis sur le programme client et la personnalisation de la communication avec les clients. La boutique en ligne sera \u00e9tendue \u00e0 la majeure partie de l'assortiment et de nouveaux services omnicanaux sont pr\u00e9vus, comme par exemple le Click &amp; Collect (r\u00e9server des produits en ligne et les payer ou les retirer dans le magasin). Les investissements dans la technologie et la strat\u00e9gie omnicanal portent leurs fruits gr\u00e2ce \u00e0 une fid\u00e9lisation accrue de la client\u00e8le et \u00e0 des processus plus efficaces.<\/p>\n<h3><strong>Poursuite de l'expansion en se concentrant sur la Suisse romande et le Tessin<\/strong><\/h3>\n<p>Pour l'ann\u00e9e 2025, Chicor\u00e9e vise toujours un rythme \u00e9lev\u00e9 et une croissance suppl\u00e9mentaire. Entre 5 et 10 nouveaux sites sont pr\u00e9vus. Le r\u00e9seau de magasins Chicor\u00e9e couvre d\u00e9j\u00e0 la plus grande partie de la Suisse.<\/p>\n<p>Comme l'ann\u00e9e derni\u00e8re, l'expansion se poursuit principalement en Suisse romande et au Tessin.<\/p>\n<p><em>Source : <a href=\"http:\/\/www.chicoree.ch\">www.chicoree.ch<\/a><\/em><\/p>","protected":false},"excerpt":{"rendered":"<p>Le groupe Chicor\u00e9e a r\u00e9alis\u00e9 un chiffre d'affaires total de 185 millions de CHF pour l'ann\u00e9e 2024, ce qui correspond \u00e0 une baisse de 2 % par rapport \u00e0 l'ann\u00e9e pr\u00e9c\u00e9dente, qui \u00e9tait un record.<\/p>","protected":false},"author":80,"featured_media":35141,"comment_status":"closed","ping_status":"closed","sticky":false,"template":"","format":"standard","meta":{"_acf_changed":false,"_yoast_wpseo_focuskw":"Chicor\u00e9e","_yoast_wpseo_metadesc":"Die Chicor\u00e9e Gruppe erzielte 2024 einen Umsatz von 185 Mio. CHF. CEO Thomas Ullmann erwartet f\u00fcr 2025 weiteres Wachstum und neue Filialen.","articlekey":"","footnotes":""},"categories":[28],"tags":[149,3785,2004,4999,3551],"class_list":["post-35140","post","type-post","status-publish","format-standard","has-post-thumbnail","hentry","category-management","tag-detailhandel","tag-kundenzufriedenheit","tag-rekord","tag-standorterweiterung","tag-umsatzwachstum"],"acf":[],"yoast_head":"<!-- This site is optimized with the Yoast SEO plugin v27.5 - https:\/\/yoast.com\/product\/yoast-seo-wordpress\/ -->\n<title>Chicor\u00e9e im Jahr 2024 nahe am Umsatzrekord - Organisator<\/title>\n<meta name=\"description\" content=\"Die Chicor\u00e9e Gruppe erzielte 2024 einen Umsatz von 185 Mio. CHF. CEO Thomas Ullmann erwartet f\u00fcr 2025 weiteres Wachstum und neue Filialen.\" \/>\n<meta name=\"robots\" content=\"index, follow, max-snippet:-1, max-image-preview:large, max-video-preview:-1\" \/>\n<link rel=\"canonical\" href=\"https:\/\/www.organisator.ch\/fr\/gestion-2\/2025-01-10\/chicoree-im-jahr-2024-nahe-am-umsatzrekord\/\" \/>\n<meta property=\"og:locale\" content=\"fr_FR\" \/>\n<meta property=\"og:type\" content=\"article\" \/>\n<meta property=\"og:title\" content=\"Chicor\u00e9e im Jahr 2024 nahe am Umsatzrekord\" \/>\n<meta property=\"og:description\" content=\"Die Chicor\u00e9e Gruppe erzielte 2024 einen Umsatz von 185 Mio. CHF. CEO Thomas Ullmann erwartet f\u00fcr 2025 weiteres Wachstum und neue Filialen.\" \/>\n<meta property=\"og:url\" content=\"https:\/\/www.organisator.ch\/fr\/gestion-2\/2025-01-10\/chicoree-im-jahr-2024-nahe-am-umsatzrekord\/\" \/>\n<meta property=\"og:site_name\" content=\"Organisator\" \/>\n<meta property=\"article:publisher\" content=\"https:\/\/www.facebook.com\/OrganisatorFachmagazin\" \/>\n<meta property=\"article:published_time\" content=\"2025-01-10T08:16:23+00:00\" \/>\n<meta property=\"og:image\" content=\"https:\/\/www.organisator.ch\/wp-content\/uploads\/2025\/01\/Chicoree_Bild1_ps.jpg\" \/>\n\t<meta property=\"og:image:width\" content=\"680\" \/>\n\t<meta property=\"og:image:height\" content=\"454\" \/>\n\t<meta property=\"og:image:type\" content=\"image\/jpeg\" \/>\n<meta name=\"author\" content=\"Dzana Muminovic\" \/>\n<meta name=\"twitter:card\" content=\"summary_large_image\" \/>\n<meta name=\"twitter:title\" content=\"Chicor\u00e9e im Jahr 2024 nahe am Umsatzrekord\" \/>\n<meta name=\"twitter:description\" content=\"Die #Chicor\u00e9e #Gruppe erzielte 2024 einen #Umsatz von 185 Mio. CHF. CEO #Thomas #Ullmann erwartet f\u00fcr #2025 weiteres #Wachstum und neue Filialen.\" \/>\n<meta name=\"twitter:image\" content=\"https:\/\/www.organisator.ch\/wp-content\/uploads\/2025\/01\/Chicoree_Bild1_ps.jpg\" \/>\n<script type=\"application\/ld+json\" class=\"yoast-schema-graph\">{\"@context\":\"https:\\\/\\\/schema.org\",\"@graph\":[{\"@type\":\"Article\",\"@id\":\"https:\\\/\\\/www.organisator.ch\\\/management\\\/2025-01-10\\\/chicoree-im-jahr-2024-nahe-am-umsatzrekord\\\/#article\",\"isPartOf\":{\"@id\":\"https:\\\/\\\/www.organisator.ch\\\/management\\\/2025-01-10\\\/chicoree-im-jahr-2024-nahe-am-umsatzrekord\\\/\"},\"author\":{\"name\":\"Dzana Muminovic\",\"@id\":\"https:\\\/\\\/www.organisator.ch\\\/#\\\/schema\\\/person\\\/afccda3a71c06d4be2ed9100dd163db7\"},\"headline\":\"Chicor\u00e9e im Jahr 2024 nahe am Umsatzrekord\",\"datePublished\":\"2025-01-10T08:16:23+00:00\",\"mainEntityOfPage\":{\"@id\":\"https:\\\/\\\/www.organisator.ch\\\/management\\\/2025-01-10\\\/chicoree-im-jahr-2024-nahe-am-umsatzrekord\\\/\"},\"wordCount\":456,\"publisher\":{\"@id\":\"https:\\\/\\\/www.organisator.ch\\\/#organization\"},\"image\":{\"@id\":\"https:\\\/\\\/www.organisator.ch\\\/management\\\/2025-01-10\\\/chicoree-im-jahr-2024-nahe-am-umsatzrekord\\\/#primaryimage\"},\"thumbnailUrl\":\"https:\\\/\\\/www.organisator.ch\\\/wp-content\\\/uploads\\\/2025\\\/01\\\/Chicoree_Bild1_ps.jpg\",\"keywords\":[\"Detailhandel\",\"Kundenzufriedenheit\",\"Rekord\",\"Standorterweiterung\",\"Umsatzwachstum\"],\"articleSection\":[\"MANAGEMENT\"],\"inLanguage\":\"fr-FR\"},{\"@type\":\"WebPage\",\"@id\":\"https:\\\/\\\/www.organisator.ch\\\/management\\\/2025-01-10\\\/chicoree-im-jahr-2024-nahe-am-umsatzrekord\\\/\",\"url\":\"https:\\\/\\\/www.organisator.ch\\\/management\\\/2025-01-10\\\/chicoree-im-jahr-2024-nahe-am-umsatzrekord\\\/\",\"name\":\"Chicor\u00e9e im Jahr 2024 nahe am Umsatzrekord - Organisator\",\"isPartOf\":{\"@id\":\"https:\\\/\\\/www.organisator.ch\\\/#website\"},\"primaryImageOfPage\":{\"@id\":\"https:\\\/\\\/www.organisator.ch\\\/management\\\/2025-01-10\\\/chicoree-im-jahr-2024-nahe-am-umsatzrekord\\\/#primaryimage\"},\"image\":{\"@id\":\"https:\\\/\\\/www.organisator.ch\\\/management\\\/2025-01-10\\\/chicoree-im-jahr-2024-nahe-am-umsatzrekord\\\/#primaryimage\"},\"thumbnailUrl\":\"https:\\\/\\\/www.organisator.ch\\\/wp-content\\\/uploads\\\/2025\\\/01\\\/Chicoree_Bild1_ps.jpg\",\"datePublished\":\"2025-01-10T08:16:23+00:00\",\"description\":\"Die Chicor\u00e9e Gruppe erzielte 2024 einen Umsatz von 185 Mio. CHF. CEO Thomas Ullmann erwartet f\u00fcr 2025 weiteres Wachstum und neue Filialen.\",\"breadcrumb\":{\"@id\":\"https:\\\/\\\/www.organisator.ch\\\/management\\\/2025-01-10\\\/chicoree-im-jahr-2024-nahe-am-umsatzrekord\\\/#breadcrumb\"},\"inLanguage\":\"fr-FR\",\"potentialAction\":[{\"@type\":\"ReadAction\",\"target\":[\"https:\\\/\\\/www.organisator.ch\\\/management\\\/2025-01-10\\\/chicoree-im-jahr-2024-nahe-am-umsatzrekord\\\/\"]}]},{\"@type\":\"ImageObject\",\"inLanguage\":\"fr-FR\",\"@id\":\"https:\\\/\\\/www.organisator.ch\\\/management\\\/2025-01-10\\\/chicoree-im-jahr-2024-nahe-am-umsatzrekord\\\/#primaryimage\",\"url\":\"https:\\\/\\\/www.organisator.ch\\\/wp-content\\\/uploads\\\/2025\\\/01\\\/Chicoree_Bild1_ps.jpg\",\"contentUrl\":\"https:\\\/\\\/www.organisator.ch\\\/wp-content\\\/uploads\\\/2025\\\/01\\\/Chicoree_Bild1_ps.jpg\",\"width\":680,\"height\":454,\"caption\":\"Die Chicor\u00e9e Gruppe erzielte 2024 einen Umsatz von 185 Mio. CHF. CEO Thomas Ullmann erwartet f\u00fcr 2025 weiteres Wachstum und neue Filialen. (KEYSTONE\\\/Christian Beutler)\"},{\"@type\":\"BreadcrumbList\",\"@id\":\"https:\\\/\\\/www.organisator.ch\\\/management\\\/2025-01-10\\\/chicoree-im-jahr-2024-nahe-am-umsatzrekord\\\/#breadcrumb\",\"itemListElement\":[{\"@type\":\"ListItem\",\"position\":1,\"name\":\"Home\",\"item\":\"https:\\\/\\\/www.organisator.ch\\\/\"},{\"@type\":\"ListItem\",\"position\":2,\"name\":\"Chicor\u00e9e im Jahr 2024 nahe am Umsatzrekord\"}]},{\"@type\":\"WebSite\",\"@id\":\"https:\\\/\\\/www.organisator.ch\\\/#website\",\"url\":\"https:\\\/\\\/www.organisator.ch\\\/\",\"name\":\"Organisator\",\"description\":\"Kompetent. Praxisnah. Der ORGANISATOR bereitet in 10 Ausgaben pro Jahr die wesentlichen Themen f\u00fcr F\u00fchrungskr\u00e4fte von KMU auf.\",\"publisher\":{\"@id\":\"https:\\\/\\\/www.organisator.ch\\\/#organization\"},\"potentialAction\":[{\"@type\":\"SearchAction\",\"target\":{\"@type\":\"EntryPoint\",\"urlTemplate\":\"https:\\\/\\\/www.organisator.ch\\\/?s={search_term_string}\"},\"query-input\":{\"@type\":\"PropertyValueSpecification\",\"valueRequired\":true,\"valueName\":\"search_term_string\"}}],\"inLanguage\":\"fr-FR\"},{\"@type\":\"Organization\",\"@id\":\"https:\\\/\\\/www.organisator.ch\\\/#organization\",\"name\":\"Organisator\",\"url\":\"https:\\\/\\\/www.organisator.ch\\\/\",\"logo\":{\"@type\":\"ImageObject\",\"inLanguage\":\"fr-FR\",\"@id\":\"https:\\\/\\\/www.organisator.ch\\\/#\\\/schema\\\/logo\\\/image\\\/\",\"url\":\"https:\\\/\\\/www.organisator.ch\\\/wp-content\\\/uploads\\\/2022\\\/01\\\/Logo_Organisator_Website.png\",\"contentUrl\":\"https:\\\/\\\/www.organisator.ch\\\/wp-content\\\/uploads\\\/2022\\\/01\\\/Logo_Organisator_Website.png\",\"width\":800,\"height\":77,\"caption\":\"Organisator\"},\"image\":{\"@id\":\"https:\\\/\\\/www.organisator.ch\\\/#\\\/schema\\\/logo\\\/image\\\/\"},\"sameAs\":[\"https:\\\/\\\/www.facebook.com\\\/OrganisatorFachmagazin\",\"https:\\\/\\\/www.linkedin.com\\\/showcase\\\/organisator-das-magazin-fr-kmu\",\"https:\\\/\\\/www.xing.com\\\/news\\\/pages\\\/organisator-ch-695\",\"https:\\\/\\\/www.youtube.com\\\/channel\\\/UCGP2Sq0iWaZwT3BdIAQFYpw\"]},{\"@type\":\"Person\",\"@id\":\"https:\\\/\\\/www.organisator.ch\\\/#\\\/schema\\\/person\\\/afccda3a71c06d4be2ed9100dd163db7\",\"name\":\"Dzana Muminovic\",\"image\":{\"@type\":\"ImageObject\",\"inLanguage\":\"fr-FR\",\"@id\":\"https:\\\/\\\/secure.gravatar.com\\\/avatar\\\/909c5c71aff4b38e88686f2ab2f1ba152571f394f41ed8bae431ea56ced93050?s=96&d=mm&r=g\",\"url\":\"https:\\\/\\\/secure.gravatar.com\\\/avatar\\\/909c5c71aff4b38e88686f2ab2f1ba152571f394f41ed8bae431ea56ced93050?s=96&d=mm&r=g\",\"contentUrl\":\"https:\\\/\\\/secure.gravatar.com\\\/avatar\\\/909c5c71aff4b38e88686f2ab2f1ba152571f394f41ed8bae431ea56ced93050?s=96&d=mm&r=g\",\"caption\":\"Dzana Muminovic\"},\"url\":\"https:\\\/\\\/www.organisator.ch\\\/fr\\\/author\\\/dzana-muminovic\\\/\"}]}<\/script>\n<!-- \/ Yoast SEO plugin. -->","yoast_head_json":{"title":"L'endive proche du record de ventes en 2024 - Organisateur","description":"Le groupe Chicor\u00e9e a r\u00e9alis\u00e9 un chiffre d'affaires de 185 millions de CHF en 2024. Le CEO Thomas Ullmann s'attend \u00e0 une nouvelle croissance et \u00e0 de nouveaux magasins en 2025.","robots":{"index":"index","follow":"follow","max-snippet":"max-snippet:-1","max-image-preview":"max-image-preview:large","max-video-preview":"max-video-preview:-1"},"canonical":"https:\/\/www.organisator.ch\/fr\/gestion-2\/2025-01-10\/chicoree-im-jahr-2024-nahe-am-umsatzrekord\/","og_locale":"fr_FR","og_type":"article","og_title":"Chicor\u00e9e im Jahr 2024 nahe am Umsatzrekord","og_description":"Die Chicor\u00e9e Gruppe erzielte 2024 einen Umsatz von 185 Mio. CHF. CEO Thomas Ullmann erwartet f\u00fcr 2025 weiteres Wachstum und neue Filialen.","og_url":"https:\/\/www.organisator.ch\/fr\/gestion-2\/2025-01-10\/chicoree-im-jahr-2024-nahe-am-umsatzrekord\/","og_site_name":"Organisator","article_publisher":"https:\/\/www.facebook.com\/OrganisatorFachmagazin","article_published_time":"2025-01-10T08:16:23+00:00","og_image":[{"width":680,"height":454,"url":"https:\/\/www.organisator.ch\/wp-content\/uploads\/2025\/01\/Chicoree_Bild1_ps.jpg","type":"image\/jpeg"}],"author":"Dzana Muminovic","twitter_card":"summary_large_image","twitter_title":"Chicor\u00e9e im Jahr 2024 nahe am Umsatzrekord","twitter_description":"Die #Chicor\u00e9e #Gruppe erzielte 2024 einen #Umsatz von 185 Mio. CHF. CEO #Thomas #Ullmann erwartet f\u00fcr #2025 weiteres #Wachstum und neue Filialen.","twitter_image":"https:\/\/www.organisator.ch\/wp-content\/uploads\/2025\/01\/Chicoree_Bild1_ps.jpg","schema":{"@context":"https:\/\/schema.org","@graph":[{"@type":"Article","@id":"https:\/\/www.organisator.ch\/management\/2025-01-10\/chicoree-im-jahr-2024-nahe-am-umsatzrekord\/#article","isPartOf":{"@id":"https:\/\/www.organisator.ch\/management\/2025-01-10\/chicoree-im-jahr-2024-nahe-am-umsatzrekord\/"},"author":{"name":"Dzana Muminovic","@id":"https:\/\/www.organisator.ch\/#\/schema\/person\/afccda3a71c06d4be2ed9100dd163db7"},"headline":"Chicor\u00e9e im Jahr 2024 nahe am Umsatzrekord","datePublished":"2025-01-10T08:16:23+00:00","mainEntityOfPage":{"@id":"https:\/\/www.organisator.ch\/management\/2025-01-10\/chicoree-im-jahr-2024-nahe-am-umsatzrekord\/"},"wordCount":456,"publisher":{"@id":"https:\/\/www.organisator.ch\/#organization"},"image":{"@id":"https:\/\/www.organisator.ch\/management\/2025-01-10\/chicoree-im-jahr-2024-nahe-am-umsatzrekord\/#primaryimage"},"thumbnailUrl":"https:\/\/www.organisator.ch\/wp-content\/uploads\/2025\/01\/Chicoree_Bild1_ps.jpg","keywords":["Detailhandel","Kundenzufriedenheit","Rekord","Standorterweiterung","Umsatzwachstum"],"articleSection":["MANAGEMENT"],"inLanguage":"fr-FR"},{"@type":"WebPage","@id":"https:\/\/www.organisator.ch\/management\/2025-01-10\/chicoree-im-jahr-2024-nahe-am-umsatzrekord\/","url":"https:\/\/www.organisator.ch\/management\/2025-01-10\/chicoree-im-jahr-2024-nahe-am-umsatzrekord\/","name":"L'endive proche du record de ventes en 2024 - Organisateur","isPartOf":{"@id":"https:\/\/www.organisator.ch\/#website"},"primaryImageOfPage":{"@id":"https:\/\/www.organisator.ch\/management\/2025-01-10\/chicoree-im-jahr-2024-nahe-am-umsatzrekord\/#primaryimage"},"image":{"@id":"https:\/\/www.organisator.ch\/management\/2025-01-10\/chicoree-im-jahr-2024-nahe-am-umsatzrekord\/#primaryimage"},"thumbnailUrl":"https:\/\/www.organisator.ch\/wp-content\/uploads\/2025\/01\/Chicoree_Bild1_ps.jpg","datePublished":"2025-01-10T08:16:23+00:00","description":"Le groupe Chicor\u00e9e a r\u00e9alis\u00e9 un chiffre d'affaires de 185 millions de CHF en 2024. Le CEO Thomas Ullmann s'attend \u00e0 une nouvelle croissance et \u00e0 de nouveaux magasins en 2025.","breadcrumb":{"@id":"https:\/\/www.organisator.ch\/management\/2025-01-10\/chicoree-im-jahr-2024-nahe-am-umsatzrekord\/#breadcrumb"},"inLanguage":"fr-FR","potentialAction":[{"@type":"ReadAction","target":["https:\/\/www.organisator.ch\/management\/2025-01-10\/chicoree-im-jahr-2024-nahe-am-umsatzrekord\/"]}]},{"@type":"ImageObject","inLanguage":"fr-FR","@id":"https:\/\/www.organisator.ch\/management\/2025-01-10\/chicoree-im-jahr-2024-nahe-am-umsatzrekord\/#primaryimage","url":"https:\/\/www.organisator.ch\/wp-content\/uploads\/2025\/01\/Chicoree_Bild1_ps.jpg","contentUrl":"https:\/\/www.organisator.ch\/wp-content\/uploads\/2025\/01\/Chicoree_Bild1_ps.jpg","width":680,"height":454,"caption":"Die Chicor\u00e9e Gruppe erzielte 2024 einen Umsatz von 185 Mio. CHF. CEO Thomas Ullmann erwartet f\u00fcr 2025 weiteres Wachstum und neue Filialen. (KEYSTONE\/Christian Beutler)"},{"@type":"BreadcrumbList","@id":"https:\/\/www.organisator.ch\/management\/2025-01-10\/chicoree-im-jahr-2024-nahe-am-umsatzrekord\/#breadcrumb","itemListElement":[{"@type":"ListItem","position":1,"name":"Home","item":"https:\/\/www.organisator.ch\/"},{"@type":"ListItem","position":2,"name":"Chicor\u00e9e im Jahr 2024 nahe am Umsatzrekord"}]},{"@type":"WebSite","@id":"https:\/\/www.organisator.ch\/#website","url":"https:\/\/www.organisator.ch\/","name":"Organisateur","description":"Comp\u00e9tence et comp\u00e9tence. Proches de la pratique. L'ORGANISATEUR pr\u00e9pare 10 num\u00e9ros par an sur les th\u00e8mes essentiels pour les dirigeants de PME.","publisher":{"@id":"https:\/\/www.organisator.ch\/#organization"},"potentialAction":[{"@type":"SearchAction","target":{"@type":"EntryPoint","urlTemplate":"https:\/\/www.organisator.ch\/?s={search_term_string}"},"query-input":{"@type":"PropertyValueSpecification","valueRequired":true,"valueName":"search_term_string"}}],"inLanguage":"fr-FR"},{"@type":"Organization","@id":"https:\/\/www.organisator.ch\/#organization","name":"Organisateur","url":"https:\/\/www.organisator.ch\/","logo":{"@type":"ImageObject","inLanguage":"fr-FR","@id":"https:\/\/www.organisator.ch\/#\/schema\/logo\/image\/","url":"https:\/\/www.organisator.ch\/wp-content\/uploads\/2022\/01\/Logo_Organisator_Website.png","contentUrl":"https:\/\/www.organisator.ch\/wp-content\/uploads\/2022\/01\/Logo_Organisator_Website.png","width":800,"height":77,"caption":"Organisator"},"image":{"@id":"https:\/\/www.organisator.ch\/#\/schema\/logo\/image\/"},"sameAs":["https:\/\/www.facebook.com\/OrganisatorFachmagazin","https:\/\/www.linkedin.com\/showcase\/organisator-das-magazin-fr-kmu","https:\/\/www.xing.com\/news\/pages\/organisator-ch-695","https:\/\/www.youtube.com\/channel\/UCGP2Sq0iWaZwT3BdIAQFYpw"]},{"@type":"Person","@id":"https:\/\/www.organisator.ch\/#\/schema\/person\/afccda3a71c06d4be2ed9100dd163db7","name":"Dzana Muminovic","image":{"@type":"ImageObject","inLanguage":"fr-FR","@id":"https:\/\/secure.gravatar.com\/avatar\/909c5c71aff4b38e88686f2ab2f1ba152571f394f41ed8bae431ea56ced93050?s=96&d=mm&r=g","url":"https:\/\/secure.gravatar.com\/avatar\/909c5c71aff4b38e88686f2ab2f1ba152571f394f41ed8bae431ea56ced93050?s=96&d=mm&r=g","contentUrl":"https:\/\/secure.gravatar.com\/avatar\/909c5c71aff4b38e88686f2ab2f1ba152571f394f41ed8bae431ea56ced93050?s=96&d=mm&r=g","caption":"Dzana Muminovic"},"url":"https:\/\/www.organisator.ch\/fr\/author\/dzana-muminovic\/"}]}},"_links":{"self":[{"href":"https:\/\/www.organisator.ch\/fr\/wp-json\/wp\/v2\/posts\/35140","targetHints":{"allow":["GET"]}}],"collection":[{"href":"https:\/\/www.organisator.ch\/fr\/wp-json\/wp\/v2\/posts"}],"about":[{"href":"https:\/\/www.organisator.ch\/fr\/wp-json\/wp\/v2\/types\/post"}],"author":[{"embeddable":true,"href":"https:\/\/www.organisator.ch\/fr\/wp-json\/wp\/v2\/users\/80"}],"replies":[{"embeddable":true,"href":"https:\/\/www.organisator.ch\/fr\/wp-json\/wp\/v2\/comments?post=35140"}],"version-history":[{"count":4,"href":"https:\/\/www.organisator.ch\/fr\/wp-json\/wp\/v2\/posts\/35140\/revisions"}],"predecessor-version":[{"id":35167,"href":"https:\/\/www.organisator.ch\/fr\/wp-json\/wp\/v2\/posts\/35140\/revisions\/35167"}],"wp:featuredmedia":[{"embeddable":true,"href":"https:\/\/www.organisator.ch\/fr\/wp-json\/wp\/v2\/media\/35141"}],"wp:attachment":[{"href":"https:\/\/www.organisator.ch\/fr\/wp-json\/wp\/v2\/media?parent=35140"}],"wp:term":[{"taxonomy":"category","embeddable":true,"href":"https:\/\/www.organisator.ch\/fr\/wp-json\/wp\/v2\/categories?post=35140"},{"taxonomy":"post_tag","embeddable":true,"href":"https:\/\/www.organisator.ch\/fr\/wp-json\/wp\/v2\/tags?post=35140"}],"curies":[{"name":"wp","href":"https:\/\/api.w.org\/{rel}","templated":true}]}}