{"id":35151,"date":"2025-01-10T11:10:45","date_gmt":"2025-01-10T10:10:45","guid":{"rendered":"https:\/\/www.markt-kom.com\/?p=228805"},"modified":"2025-01-10T11:50:21","modified_gmt":"2025-01-10T10:50:21","slug":"primcom-uebernimmt-die-medienarbeit-von-made-in-bern","status":"publish","type":"post","link":"https:\/\/www.organisator.ch\/fr\/marketing\/2025-01-10\/primcom-uebernimmt-die-medienarbeit-von-made-in-bern\/","title":{"rendered":"Primcom prend en charge les relations m\u00e9dias de Made in Bern"},"content":{"rendered":"<figure id=\"attachment_228807\" class=\"wp-caption alignnone\" style=\"width: 1400px;\" aria-describedby=\"caption-attachment-228807\"><img class=\"wp-image-228807 size-full\" src=\"https:\/\/www.markt-kom.com\/wp-content\/uploads\/2025\/01\/2024_MIB_Paragliding-in-Interlaken-%C2%A9-Callum-Snape-scaled.jpg\" sizes=\"(max-width: 1400px) 100vw, 1400px\" srcset=\"https:\/\/www.markt-kom.com\/wp-content\/uploads\/2025\/01\/2024_MIB_Paragliding-in-Interlaken-\u00a9-Callum-Snape-scaled.jpg 1300w, https:\/\/www.markt-kom.com\/wp-content\/uploads\/2025\/01\/2024_MIB_Paragliding-in-Interlaken-\u00a9-Callum-Snape-600x300.jpg 600w, https:\/\/www.markt-kom.com\/wp-content\/uploads\/2025\/01\/2024_MIB_Paragliding-in-Interlaken-\u00a9-Callum-Snape-1024x512.jpg 1024w, https:\/\/www.markt-kom.com\/wp-content\/uploads\/2025\/01\/2024_MIB_Paragliding-in-Interlaken-\u00a9-Callum-Snape-768x384.jpg 768w, https:\/\/www.markt-kom.com\/wp-content\/uploads\/2025\/01\/2024_MIB_Paragliding-in-Interlaken-\u00a9-Callum-Snape-1536x768.jpg 1536w, https:\/\/www.markt-kom.com\/wp-content\/uploads\/2025\/01\/2024_MIB_Paragliding-in-Interlaken-\u00a9-Callum-Snape-2048x1024.jpg 2048w, https:\/\/www.markt-kom.com\/wp-content\/uploads\/2025\/01\/2024_MIB_Paragliding-in-Interlaken-\u00a9-Callum-Snape-18x9.jpg 18w, https:\/\/www.markt-kom.com\/wp-content\/uploads\/2025\/01\/2024_MIB_Paragliding-in-Interlaken-\u00a9-Callum-Snape-350x175.jpg 350w, https:\/\/www.markt-kom.com\/wp-content\/uploads\/2025\/01\/2024_MIB_Paragliding-in-Interlaken-\u00a9-Callum-Snape-700x350.jpg 700w, https:\/\/www.markt-kom.com\/wp-content\/uploads\/2025\/01\/2024_MIB_Paragliding-in-Interlaken-\u00a9-Callum-Snape-1000x500.jpg 1000w\" alt=\"\" width=\"1400\" height=\"700\" \/>\r\n<figcaption id=\"caption-attachment-228807\" class=\"wp-caption-text\">Image : Callum Rogue.<\/figcaption>\r\n<\/figure>\r\n<p>L'agence de relations publiques Primus Communications GmbH (en abr\u00e9g\u00e9 Primcom) a \u00e9largi son portefeuille \u00e0 une nouvelle r\u00e9gion de vacances suisse : \u00e0 partir de janvier 2025, Primcom soutiendra l'\u00e9quipe de Made in Bern dans sa communication \u00e0 l'\u00e9chelle nationale. Made in Bern AG est l'organisation de marketing fa\u00eeti\u00e8re du canton de Berne, dont font partie les destinations Adelboden-Lenk-Kandersteg, Berne, les r\u00e9gions de vacances de Gstaad et Interlaken, la r\u00e9gion de la Jungfrau ainsi que Bienne-Seeland et le Grand Chasseral.<\/p>\r\n<p>Parmi les temps forts de la communication en 2025 figurent l'ouverture de la nouvelle salle des f\u00eates sur le site de Bernexpo ainsi que l'UEFA Women's EURO, dont les villes h\u00f4tes seront Thoune et Berne.<\/p>","protected":false},"excerpt":{"rendered":"<p>L'agence Primcom, sp\u00e9cialis\u00e9e dans le tourisme, continue de renforcer sa position sur le march\u00e9 de la Suisse, pays de vacances. Avec Made in Bern, une nouvelle r\u00e9gion suisse vient compl\u00e9ter son portefeuille.<\/p>","protected":false},"author":8,"featured_media":0,"comment_status":"closed","ping_status":"closed","sticky":false,"template":"","format":"standard","meta":{"_acf_changed":false,"_yoast_wpseo_focuskw":"Primcom","_yoast_wpseo_metadesc":"Primcom erweitert ihr Portfolio: Ab Januar 2025 \u00fcbernimmt die Agentur die Kommunikation f\u00fcr die Schweizer Ferienregion Made in Bern.","articlekey":"","footnotes":""},"categories":[29],"tags":[4343,5000],"class_list":["post-35151","post","type-post","status-publish","format-standard","hentry","category-marketing","tag-markom","tag-primcom"],"acf":[],"yoast_head":"<!-- This site is optimized with the Yoast SEO plugin v27.4 - https:\/\/yoast.com\/product\/yoast-seo-wordpress\/ -->\n<title>Primcom \u00fcbernimmt die Medienarbeit von Made in Bern - Organisator<\/title>\n<meta name=\"description\" content=\"Primcom erweitert ihr Portfolio: Ab Januar 2025 \u00fcbernimmt die Agentur die Kommunikation f\u00fcr die Schweizer Ferienregion Made in Bern.\" \/>\n<meta name=\"robots\" content=\"index, follow, max-snippet:-1, max-image-preview:large, max-video-preview:-1\" \/>\n<link rel=\"canonical\" href=\"https:\/\/www.organisator.ch\/fr\/marketing\/2025-01-10\/primcom-uebernimmt-die-medienarbeit-von-made-in-bern\/\" \/>\n<meta property=\"og:locale\" content=\"fr_FR\" \/>\n<meta property=\"og:type\" content=\"article\" \/>\n<meta property=\"og:title\" content=\"Primcom \u00fcbernimmt die Medienarbeit von Made in Bern - Organisator\" \/>\n<meta property=\"og:description\" content=\"Primcom erweitert ihr Portfolio: Ab Januar 2025 \u00fcbernimmt die Agentur die Kommunikation f\u00fcr die Schweizer Ferienregion Made in Bern.\" \/>\n<meta property=\"og:url\" content=\"https:\/\/www.organisator.ch\/fr\/marketing\/2025-01-10\/primcom-uebernimmt-die-medienarbeit-von-made-in-bern\/\" \/>\n<meta property=\"og:site_name\" content=\"Organisator\" \/>\n<meta property=\"article:publisher\" content=\"https:\/\/www.facebook.com\/OrganisatorFachmagazin\" \/>\n<meta property=\"article:published_time\" content=\"2025-01-10T10:10:45+00:00\" \/>\n<meta property=\"article:modified_time\" content=\"2025-01-10T10:50:21+00:00\" \/>\n<meta name=\"author\" content=\"galledia\" \/>\n<meta name=\"twitter:card\" content=\"summary_large_image\" \/>\n<meta name=\"twitter:creator\" content=\"@admin\" \/>\n<script type=\"application\/ld+json\" class=\"yoast-schema-graph\">{\"@context\":\"https:\\\/\\\/schema.org\",\"@graph\":[{\"@type\":\"Article\",\"@id\":\"https:\\\/\\\/www.organisator.ch\\\/marketing\\\/2025-01-10\\\/primcom-uebernimmt-die-medienarbeit-von-made-in-bern\\\/#article\",\"isPartOf\":{\"@id\":\"https:\\\/\\\/www.organisator.ch\\\/marketing\\\/2025-01-10\\\/primcom-uebernimmt-die-medienarbeit-von-made-in-bern\\\/\"},\"author\":{\"name\":\"galledia\",\"@id\":\"https:\\\/\\\/www.organisator.ch\\\/#\\\/schema\\\/person\\\/4e51799071cd2dd1232ac003643ef5f0\"},\"headline\":\"Primcom \u00fcbernimmt die Medienarbeit von Made in Bern\",\"datePublished\":\"2025-01-10T10:10:45+00:00\",\"dateModified\":\"2025-01-10T10:50:21+00:00\",\"mainEntityOfPage\":{\"@id\":\"https:\\\/\\\/www.organisator.ch\\\/marketing\\\/2025-01-10\\\/primcom-uebernimmt-die-medienarbeit-von-made-in-bern\\\/\"},\"wordCount\":103,\"publisher\":{\"@id\":\"https:\\\/\\\/www.organisator.ch\\\/#organization\"},\"image\":{\"@id\":\"https:\\\/\\\/www.organisator.ch\\\/marketing\\\/2025-01-10\\\/primcom-uebernimmt-die-medienarbeit-von-made-in-bern\\\/#primaryimage\"},\"thumbnailUrl\":\"https:\\\/\\\/www.markt-kom.com\\\/wp-content\\\/uploads\\\/2025\\\/01\\\/2024_MIB_Paragliding-in-Interlaken-%C2%A9-Callum-Snape-scaled.jpg\",\"keywords\":[\"MarKom\",\"Primcom\"],\"articleSection\":[\"MARKETING\"],\"inLanguage\":\"fr-FR\"},{\"@type\":\"WebPage\",\"@id\":\"https:\\\/\\\/www.organisator.ch\\\/marketing\\\/2025-01-10\\\/primcom-uebernimmt-die-medienarbeit-von-made-in-bern\\\/\",\"url\":\"https:\\\/\\\/www.organisator.ch\\\/marketing\\\/2025-01-10\\\/primcom-uebernimmt-die-medienarbeit-von-made-in-bern\\\/\",\"name\":\"Primcom \u00fcbernimmt die Medienarbeit von Made in Bern - Organisator\",\"isPartOf\":{\"@id\":\"https:\\\/\\\/www.organisator.ch\\\/#website\"},\"primaryImageOfPage\":{\"@id\":\"https:\\\/\\\/www.organisator.ch\\\/marketing\\\/2025-01-10\\\/primcom-uebernimmt-die-medienarbeit-von-made-in-bern\\\/#primaryimage\"},\"image\":{\"@id\":\"https:\\\/\\\/www.organisator.ch\\\/marketing\\\/2025-01-10\\\/primcom-uebernimmt-die-medienarbeit-von-made-in-bern\\\/#primaryimage\"},\"thumbnailUrl\":\"https:\\\/\\\/www.markt-kom.com\\\/wp-content\\\/uploads\\\/2025\\\/01\\\/2024_MIB_Paragliding-in-Interlaken-%C2%A9-Callum-Snape-scaled.jpg\",\"datePublished\":\"2025-01-10T10:10:45+00:00\",\"dateModified\":\"2025-01-10T10:50:21+00:00\",\"description\":\"Primcom erweitert ihr Portfolio: Ab Januar 2025 \u00fcbernimmt die Agentur die Kommunikation f\u00fcr die Schweizer Ferienregion Made in Bern.\",\"breadcrumb\":{\"@id\":\"https:\\\/\\\/www.organisator.ch\\\/marketing\\\/2025-01-10\\\/primcom-uebernimmt-die-medienarbeit-von-made-in-bern\\\/#breadcrumb\"},\"inLanguage\":\"fr-FR\",\"potentialAction\":[{\"@type\":\"ReadAction\",\"target\":[\"https:\\\/\\\/www.organisator.ch\\\/marketing\\\/2025-01-10\\\/primcom-uebernimmt-die-medienarbeit-von-made-in-bern\\\/\"]}]},{\"@type\":\"ImageObject\",\"inLanguage\":\"fr-FR\",\"@id\":\"https:\\\/\\\/www.organisator.ch\\\/marketing\\\/2025-01-10\\\/primcom-uebernimmt-die-medienarbeit-von-made-in-bern\\\/#primaryimage\",\"url\":\"https:\\\/\\\/www.markt-kom.com\\\/wp-content\\\/uploads\\\/2025\\\/01\\\/2024_MIB_Paragliding-in-Interlaken-%C2%A9-Callum-Snape-scaled.jpg\",\"contentUrl\":\"https:\\\/\\\/www.markt-kom.com\\\/wp-content\\\/uploads\\\/2025\\\/01\\\/2024_MIB_Paragliding-in-Interlaken-%C2%A9-Callum-Snape-scaled.jpg\"},{\"@type\":\"BreadcrumbList\",\"@id\":\"https:\\\/\\\/www.organisator.ch\\\/marketing\\\/2025-01-10\\\/primcom-uebernimmt-die-medienarbeit-von-made-in-bern\\\/#breadcrumb\",\"itemListElement\":[{\"@type\":\"ListItem\",\"position\":1,\"name\":\"Home\",\"item\":\"https:\\\/\\\/www.organisator.ch\\\/\"},{\"@type\":\"ListItem\",\"position\":2,\"name\":\"Primcom \u00fcbernimmt die Medienarbeit von Made in Bern\"}]},{\"@type\":\"WebSite\",\"@id\":\"https:\\\/\\\/www.organisator.ch\\\/#website\",\"url\":\"https:\\\/\\\/www.organisator.ch\\\/\",\"name\":\"Organisator\",\"description\":\"Kompetent. Praxisnah. Der ORGANISATOR bereitet in 10 Ausgaben pro Jahr die wesentlichen Themen f\u00fcr F\u00fchrungskr\u00e4fte von KMU auf.\",\"publisher\":{\"@id\":\"https:\\\/\\\/www.organisator.ch\\\/#organization\"},\"potentialAction\":[{\"@type\":\"SearchAction\",\"target\":{\"@type\":\"EntryPoint\",\"urlTemplate\":\"https:\\\/\\\/www.organisator.ch\\\/?s={search_term_string}\"},\"query-input\":{\"@type\":\"PropertyValueSpecification\",\"valueRequired\":true,\"valueName\":\"search_term_string\"}}],\"inLanguage\":\"fr-FR\"},{\"@type\":\"Organization\",\"@id\":\"https:\\\/\\\/www.organisator.ch\\\/#organization\",\"name\":\"Organisator\",\"url\":\"https:\\\/\\\/www.organisator.ch\\\/\",\"logo\":{\"@type\":\"ImageObject\",\"inLanguage\":\"fr-FR\",\"@id\":\"https:\\\/\\\/www.organisator.ch\\\/#\\\/schema\\\/logo\\\/image\\\/\",\"url\":\"https:\\\/\\\/www.organisator.ch\\\/wp-content\\\/uploads\\\/2022\\\/01\\\/Logo_Organisator_Website.png\",\"contentUrl\":\"https:\\\/\\\/www.organisator.ch\\\/wp-content\\\/uploads\\\/2022\\\/01\\\/Logo_Organisator_Website.png\",\"width\":800,\"height\":77,\"caption\":\"Organisator\"},\"image\":{\"@id\":\"https:\\\/\\\/www.organisator.ch\\\/#\\\/schema\\\/logo\\\/image\\\/\"},\"sameAs\":[\"https:\\\/\\\/www.facebook.com\\\/OrganisatorFachmagazin\",\"https:\\\/\\\/www.linkedin.com\\\/showcase\\\/organisator-das-magazin-fr-kmu\",\"https:\\\/\\\/www.xing.com\\\/news\\\/pages\\\/organisator-ch-695\",\"https:\\\/\\\/www.youtube.com\\\/channel\\\/UCGP2Sq0iWaZwT3BdIAQFYpw\"]},{\"@type\":\"Person\",\"@id\":\"https:\\\/\\\/www.organisator.ch\\\/#\\\/schema\\\/person\\\/4e51799071cd2dd1232ac003643ef5f0\",\"name\":\"galledia\",\"image\":{\"@type\":\"ImageObject\",\"inLanguage\":\"fr-FR\",\"@id\":\"https:\\\/\\\/secure.gravatar.com\\\/avatar\\\/78a7f90c01fc2bfc875782a0d4922b37cde2cf184ce347b91316d23cd7f69a36?s=96&d=mm&r=g\",\"url\":\"https:\\\/\\\/secure.gravatar.com\\\/avatar\\\/78a7f90c01fc2bfc875782a0d4922b37cde2cf184ce347b91316d23cd7f69a36?s=96&d=mm&r=g\",\"contentUrl\":\"https:\\\/\\\/secure.gravatar.com\\\/avatar\\\/78a7f90c01fc2bfc875782a0d4922b37cde2cf184ce347b91316d23cd7f69a36?s=96&d=mm&r=g\",\"caption\":\"galledia\"},\"sameAs\":[\"https:\\\/\\\/x.com\\\/admin\"],\"url\":\"https:\\\/\\\/www.organisator.ch\\\/fr\\\/author\\\/galledia\\\/\"}]}<\/script>\n<!-- \/ Yoast SEO plugin. -->","yoast_head_json":{"title":"Primcom prend en charge les relations m\u00e9dias de Made in Bern - Organisateur","description":"Primcom \u00e9largit son portefeuille : \u00c0 partir de janvier 2025, l'agence se chargera de la communication pour la r\u00e9gion de vacances suisse Made in Bern.","robots":{"index":"index","follow":"follow","max-snippet":"max-snippet:-1","max-image-preview":"max-image-preview:large","max-video-preview":"max-video-preview:-1"},"canonical":"https:\/\/www.organisator.ch\/fr\/marketing\/2025-01-10\/primcom-uebernimmt-die-medienarbeit-von-made-in-bern\/","og_locale":"fr_FR","og_type":"article","og_title":"Primcom \u00fcbernimmt die Medienarbeit von Made in Bern - Organisator","og_description":"Primcom erweitert ihr Portfolio: Ab Januar 2025 \u00fcbernimmt die Agentur die Kommunikation f\u00fcr die Schweizer Ferienregion Made in Bern.","og_url":"https:\/\/www.organisator.ch\/fr\/marketing\/2025-01-10\/primcom-uebernimmt-die-medienarbeit-von-made-in-bern\/","og_site_name":"Organisator","article_publisher":"https:\/\/www.facebook.com\/OrganisatorFachmagazin","article_published_time":"2025-01-10T10:10:45+00:00","article_modified_time":"2025-01-10T10:50:21+00:00","author":"galledia","twitter_card":"summary_large_image","twitter_creator":"@admin","schema":{"@context":"https:\/\/schema.org","@graph":[{"@type":"Article","@id":"https:\/\/www.organisator.ch\/marketing\/2025-01-10\/primcom-uebernimmt-die-medienarbeit-von-made-in-bern\/#article","isPartOf":{"@id":"https:\/\/www.organisator.ch\/marketing\/2025-01-10\/primcom-uebernimmt-die-medienarbeit-von-made-in-bern\/"},"author":{"name":"galledia","@id":"https:\/\/www.organisator.ch\/#\/schema\/person\/4e51799071cd2dd1232ac003643ef5f0"},"headline":"Primcom \u00fcbernimmt die Medienarbeit von Made in Bern","datePublished":"2025-01-10T10:10:45+00:00","dateModified":"2025-01-10T10:50:21+00:00","mainEntityOfPage":{"@id":"https:\/\/www.organisator.ch\/marketing\/2025-01-10\/primcom-uebernimmt-die-medienarbeit-von-made-in-bern\/"},"wordCount":103,"publisher":{"@id":"https:\/\/www.organisator.ch\/#organization"},"image":{"@id":"https:\/\/www.organisator.ch\/marketing\/2025-01-10\/primcom-uebernimmt-die-medienarbeit-von-made-in-bern\/#primaryimage"},"thumbnailUrl":"https:\/\/www.markt-kom.com\/wp-content\/uploads\/2025\/01\/2024_MIB_Paragliding-in-Interlaken-%C2%A9-Callum-Snape-scaled.jpg","keywords":["MarKom","Primcom"],"articleSection":["MARKETING"],"inLanguage":"fr-FR"},{"@type":"WebPage","@id":"https:\/\/www.organisator.ch\/marketing\/2025-01-10\/primcom-uebernimmt-die-medienarbeit-von-made-in-bern\/","url":"https:\/\/www.organisator.ch\/marketing\/2025-01-10\/primcom-uebernimmt-die-medienarbeit-von-made-in-bern\/","name":"Primcom prend en charge les relations m\u00e9dias de Made in Bern - Organisateur","isPartOf":{"@id":"https:\/\/www.organisator.ch\/#website"},"primaryImageOfPage":{"@id":"https:\/\/www.organisator.ch\/marketing\/2025-01-10\/primcom-uebernimmt-die-medienarbeit-von-made-in-bern\/#primaryimage"},"image":{"@id":"https:\/\/www.organisator.ch\/marketing\/2025-01-10\/primcom-uebernimmt-die-medienarbeit-von-made-in-bern\/#primaryimage"},"thumbnailUrl":"https:\/\/www.markt-kom.com\/wp-content\/uploads\/2025\/01\/2024_MIB_Paragliding-in-Interlaken-%C2%A9-Callum-Snape-scaled.jpg","datePublished":"2025-01-10T10:10:45+00:00","dateModified":"2025-01-10T10:50:21+00:00","description":"Primcom \u00e9largit son portefeuille : \u00c0 partir de janvier 2025, l'agence se chargera de la communication pour la r\u00e9gion de vacances suisse Made in Bern.","breadcrumb":{"@id":"https:\/\/www.organisator.ch\/marketing\/2025-01-10\/primcom-uebernimmt-die-medienarbeit-von-made-in-bern\/#breadcrumb"},"inLanguage":"fr-FR","potentialAction":[{"@type":"ReadAction","target":["https:\/\/www.organisator.ch\/marketing\/2025-01-10\/primcom-uebernimmt-die-medienarbeit-von-made-in-bern\/"]}]},{"@type":"ImageObject","inLanguage":"fr-FR","@id":"https:\/\/www.organisator.ch\/marketing\/2025-01-10\/primcom-uebernimmt-die-medienarbeit-von-made-in-bern\/#primaryimage","url":"https:\/\/www.markt-kom.com\/wp-content\/uploads\/2025\/01\/2024_MIB_Paragliding-in-Interlaken-%C2%A9-Callum-Snape-scaled.jpg","contentUrl":"https:\/\/www.markt-kom.com\/wp-content\/uploads\/2025\/01\/2024_MIB_Paragliding-in-Interlaken-%C2%A9-Callum-Snape-scaled.jpg"},{"@type":"BreadcrumbList","@id":"https:\/\/www.organisator.ch\/marketing\/2025-01-10\/primcom-uebernimmt-die-medienarbeit-von-made-in-bern\/#breadcrumb","itemListElement":[{"@type":"ListItem","position":1,"name":"Home","item":"https:\/\/www.organisator.ch\/"},{"@type":"ListItem","position":2,"name":"Primcom \u00fcbernimmt die Medienarbeit von Made in Bern"}]},{"@type":"WebSite","@id":"https:\/\/www.organisator.ch\/#website","url":"https:\/\/www.organisator.ch\/","name":"Organisateur","description":"Comp\u00e9tence et comp\u00e9tence. Proches de la pratique. L'ORGANISATEUR pr\u00e9pare 10 num\u00e9ros par an sur les th\u00e8mes essentiels pour les dirigeants de PME.","publisher":{"@id":"https:\/\/www.organisator.ch\/#organization"},"potentialAction":[{"@type":"SearchAction","target":{"@type":"EntryPoint","urlTemplate":"https:\/\/www.organisator.ch\/?s={search_term_string}"},"query-input":{"@type":"PropertyValueSpecification","valueRequired":true,"valueName":"search_term_string"}}],"inLanguage":"fr-FR"},{"@type":"Organization","@id":"https:\/\/www.organisator.ch\/#organization","name":"Organisateur","url":"https:\/\/www.organisator.ch\/","logo":{"@type":"ImageObject","inLanguage":"fr-FR","@id":"https:\/\/www.organisator.ch\/#\/schema\/logo\/image\/","url":"https:\/\/www.organisator.ch\/wp-content\/uploads\/2022\/01\/Logo_Organisator_Website.png","contentUrl":"https:\/\/www.organisator.ch\/wp-content\/uploads\/2022\/01\/Logo_Organisator_Website.png","width":800,"height":77,"caption":"Organisator"},"image":{"@id":"https:\/\/www.organisator.ch\/#\/schema\/logo\/image\/"},"sameAs":["https:\/\/www.facebook.com\/OrganisatorFachmagazin","https:\/\/www.linkedin.com\/showcase\/organisator-das-magazin-fr-kmu","https:\/\/www.xing.com\/news\/pages\/organisator-ch-695","https:\/\/www.youtube.com\/channel\/UCGP2Sq0iWaZwT3BdIAQFYpw"]},{"@type":"Person","@id":"https:\/\/www.organisator.ch\/#\/schema\/person\/4e51799071cd2dd1232ac003643ef5f0","name":"galledia","image":{"@type":"ImageObject","inLanguage":"fr-FR","@id":"https:\/\/secure.gravatar.com\/avatar\/78a7f90c01fc2bfc875782a0d4922b37cde2cf184ce347b91316d23cd7f69a36?s=96&d=mm&r=g","url":"https:\/\/secure.gravatar.com\/avatar\/78a7f90c01fc2bfc875782a0d4922b37cde2cf184ce347b91316d23cd7f69a36?s=96&d=mm&r=g","contentUrl":"https:\/\/secure.gravatar.com\/avatar\/78a7f90c01fc2bfc875782a0d4922b37cde2cf184ce347b91316d23cd7f69a36?s=96&d=mm&r=g","caption":"galledia"},"sameAs":["https:\/\/x.com\/admin"],"url":"https:\/\/www.organisator.ch\/fr\/author\/galledia\/"}]}},"_links":{"self":[{"href":"https:\/\/www.organisator.ch\/fr\/wp-json\/wp\/v2\/posts\/35151","targetHints":{"allow":["GET"]}}],"collection":[{"href":"https:\/\/www.organisator.ch\/fr\/wp-json\/wp\/v2\/posts"}],"about":[{"href":"https:\/\/www.organisator.ch\/fr\/wp-json\/wp\/v2\/types\/post"}],"author":[{"embeddable":true,"href":"https:\/\/www.organisator.ch\/fr\/wp-json\/wp\/v2\/users\/8"}],"replies":[{"embeddable":true,"href":"https:\/\/www.organisator.ch\/fr\/wp-json\/wp\/v2\/comments?post=35151"}],"version-history":[{"count":4,"href":"https:\/\/www.organisator.ch\/fr\/wp-json\/wp\/v2\/posts\/35151\/revisions"}],"predecessor-version":[{"id":35163,"href":"https:\/\/www.organisator.ch\/fr\/wp-json\/wp\/v2\/posts\/35151\/revisions\/35163"}],"wp:attachment":[{"href":"https:\/\/www.organisator.ch\/fr\/wp-json\/wp\/v2\/media?parent=35151"}],"wp:term":[{"taxonomy":"category","embeddable":true,"href":"https:\/\/www.organisator.ch\/fr\/wp-json\/wp\/v2\/categories?post=35151"},{"taxonomy":"post_tag","embeddable":true,"href":"https:\/\/www.organisator.ch\/fr\/wp-json\/wp\/v2\/tags?post=35151"}],"curies":[{"name":"wp","href":"https:\/\/api.w.org\/{rel}","templated":true}]}}