{"id":35168,"date":"2025-01-10T14:04:59","date_gmt":"2025-01-10T13:04:59","guid":{"rendered":"https:\/\/www.organisator.ch\/?p=35168"},"modified":"2025-01-10T14:04:59","modified_gmt":"2025-01-10T13:04:59","slug":"jubilaeums-wifo-ausverkauft","status":"publish","type":"post","link":"https:\/\/www.organisator.ch\/fr\/management\/2025-01-10\/jubilaeums-wifo-ausverkauft\/","title":{"rendered":"Le Wifo du jubil\u00e9 affiche complet"},"content":{"rendered":"<figure id=\"attachment_35169\" aria-describedby=\"caption-attachment-35169\" style=\"width: 680px\" class=\"wp-caption alignnone\"><img loading=\"lazy\" decoding=\"async\" class=\"size-full wp-image-35169\" src=\"https:\/\/www.organisator.ch\/wp-content\/uploads\/2025\/01\/Wifo_Bild1_ps.jpg\" alt=\"\" width=\"680\" height=\"453\" srcset=\"https:\/\/www.organisator.ch\/wp-content\/uploads\/2025\/01\/Wifo_Bild1_ps.jpg 680w, https:\/\/www.organisator.ch\/wp-content\/uploads\/2025\/01\/Wifo_Bild1_ps-18x12.jpg 18w, https:\/\/www.organisator.ch\/wp-content\/uploads\/2025\/01\/Wifo_Bild1_ps-375x250.jpg 375w, https:\/\/www.organisator.ch\/wp-content\/uploads\/2025\/01\/Wifo_Bild1_ps-525x350.jpg 525w\" sizes=\"auto, (max-width: 680px) 100vw, 680px\" \/><figcaption id=\"caption-attachment-35169\" class=\"wp-caption-text\">Rheintaler Wirtschaftsforum 2025 : complet avec plus de 750 participants. (Image : Galledia Event AG)<\/figcaption><\/figure>\n<p>Le Forum \u00e9conomique de la vall\u00e9e du Rhin aura lieu le vendredi 17 janvier 2025 sur le th\u00e8me \"Site, strat\u00e9gie, passage de t\u00e9moin\" et s'adresse ainsi \u00e0 trois facteurs de r\u00e9ussite essentiels pour l'avenir des entreprises. Des repr\u00e9sentants de haut niveau de l'\u00e9conomie et de la politique approfondiront ces th\u00e8mes dans des keynotes et des discussions passionnantes. Le conseiller f\u00e9d\u00e9ral Guy Parmelin, le CEO de Hilti Jahangir Doongaji ou la CEO de Vaude Antje von Dewitz seront notamment de la partie. Pour clore la manifestation, Dominic Deville apportera un contrepoint particulier avec son humour inimitable et cl\u00f4turera comme il se doit cette \u00e9dition anniversaire.<\/p>\n<h3><strong>Liste d'attente pour les personnes int\u00e9ress\u00e9es<\/strong><\/h3>\n<p>Bien que le forum soit complet, il arrive r\u00e9guli\u00e8rement que des participants annulent leur participation \u00e0 la derni\u00e8re minute. Dans de tels cas, les inscriptions des personnes figurant sur la liste d'attente sont prises en compte. Les personnes int\u00e9ress\u00e9es peuvent s'inscrire sur la liste d'attente en envoyant un message \u00e0 info@wifo.ch.<\/p>\n<h3><strong>Diffusion en direct avec mode Replay<\/strong><\/h3>\n<p>L'\u00e9v\u00e9nement peut \u00e9galement \u00eatre suivi en direct via le streaming. Les expos\u00e9s peuvent \u00e9galement \u00eatre visionn\u00e9s ult\u00e9rieurement en mode Replay. Les inscriptions pour le live-stream sont toujours possibles via le site web <a href=\"http:\/\/www.wifo.ch\/anmeldung\">www.wifo.ch\/anmeldung<\/a> possible.<\/p>\n<p><a href=\"https:\/\/www.wifo.ch\/\"><em>Plus d'informations<\/em><\/a><\/p>","protected":false},"excerpt":{"rendered":"<p>Pour sa 30e \u00e9dition, le Forum \u00e9conomique du Rheintal jouit d'une popularit\u00e9 intacte : avec plus de 750 participants, le forum affiche \u00e0 nouveau complet. Les organisateurs tiennent une liste d'attente. Les inscriptions pour le streaming en direct sont toujours possibles.<\/p>","protected":false},"author":80,"featured_media":35169,"comment_status":"closed","ping_status":"closed","sticky":false,"template":"","format":"standard","meta":{"_acf_changed":false,"_yoast_wpseo_focuskw":"Rheintaler Wirtschaftsforum","_yoast_wpseo_metadesc":"Das Rheintaler Wirtschaftsforum 2025 ist ausgebucht. Jetzt f\u00fcr den Live-Stream anmelden oder einen Platz auf der Warteliste sichern!","articlekey":"","footnotes":""},"categories":[28],"tags":[5001,3348,5003,2193,458,5002],"class_list":["post-35168","post","type-post","status-publish","format-standard","has-post-thumbnail","hentry","category-management","tag-ausverkauft","tag-rheintaler-wirtschaftsforum","tag-stabsuebergabe","tag-standort","tag-strategie","tag-warteliste"],"acf":[],"yoast_head":"<!-- This site is optimized with the Yoast SEO plugin v27.5 - https:\/\/yoast.com\/product\/yoast-seo-wordpress\/ -->\n<title>Jubil\u00e4ums-Wifo ausverkauft - Organisator<\/title>\n<meta name=\"description\" content=\"Das Rheintaler Wirtschaftsforum 2025 ist ausgebucht. Jetzt f\u00fcr den Live-Stream anmelden oder einen Platz auf der Warteliste sichern!\" \/>\n<meta name=\"robots\" content=\"index, follow, max-snippet:-1, max-image-preview:large, max-video-preview:-1\" \/>\n<link rel=\"canonical\" href=\"https:\/\/www.organisator.ch\/fr\/gestion-2\/2025-01-10\/jubilaeums-wifo-ausverkauft\/\" \/>\n<meta property=\"og:locale\" content=\"fr_FR\" \/>\n<meta property=\"og:type\" content=\"article\" \/>\n<meta property=\"og:title\" content=\"Jubil\u00e4ums-Wifo ausverkauft\" \/>\n<meta property=\"og:description\" content=\"Das Rheintaler Wirtschaftsforum 2025 ist ausgebucht. Jetzt f\u00fcr den Live-Stream anmelden oder einen Platz auf der Warteliste sichern!\" \/>\n<meta property=\"og:url\" content=\"https:\/\/www.organisator.ch\/fr\/gestion-2\/2025-01-10\/jubilaeums-wifo-ausverkauft\/\" \/>\n<meta property=\"og:site_name\" content=\"Organisator\" \/>\n<meta property=\"article:publisher\" content=\"https:\/\/www.facebook.com\/OrganisatorFachmagazin\" \/>\n<meta property=\"article:published_time\" content=\"2025-01-10T13:04:59+00:00\" \/>\n<meta property=\"og:image\" content=\"https:\/\/www.organisator.ch\/wp-content\/uploads\/2025\/01\/Wifo_Bild1_ps.jpg\" \/>\n\t<meta property=\"og:image:width\" content=\"680\" \/>\n\t<meta property=\"og:image:height\" content=\"453\" \/>\n\t<meta property=\"og:image:type\" content=\"image\/jpeg\" \/>\n<meta name=\"author\" content=\"Dzana Muminovic\" \/>\n<meta name=\"twitter:card\" content=\"summary_large_image\" \/>\n<meta name=\"twitter:title\" content=\"Jubil\u00e4ums-Wifo ausverkauft\" \/>\n<meta name=\"twitter:description\" content=\"Das #Rheintaler #Wirtschaftsforum 2025 ist ausgebucht. Jetzt f\u00fcr den #Live-#Stream anmelden oder einen Platz auf der Warteliste sichern!\" \/>\n<meta name=\"twitter:image\" content=\"https:\/\/www.organisator.ch\/wp-content\/uploads\/2025\/01\/Wifo_Bild1_ps.jpg\" \/>\n<script type=\"application\/ld+json\" class=\"yoast-schema-graph\">{\"@context\":\"https:\\\/\\\/schema.org\",\"@graph\":[{\"@type\":\"Article\",\"@id\":\"https:\\\/\\\/www.organisator.ch\\\/management\\\/2025-01-10\\\/jubilaeums-wifo-ausverkauft\\\/#article\",\"isPartOf\":{\"@id\":\"https:\\\/\\\/www.organisator.ch\\\/management\\\/2025-01-10\\\/jubilaeums-wifo-ausverkauft\\\/\"},\"author\":{\"name\":\"Dzana Muminovic\",\"@id\":\"https:\\\/\\\/www.organisator.ch\\\/#\\\/schema\\\/person\\\/afccda3a71c06d4be2ed9100dd163db7\"},\"headline\":\"Jubil\u00e4ums-Wifo ausverkauft\",\"datePublished\":\"2025-01-10T13:04:59+00:00\",\"mainEntityOfPage\":{\"@id\":\"https:\\\/\\\/www.organisator.ch\\\/management\\\/2025-01-10\\\/jubilaeums-wifo-ausverkauft\\\/\"},\"wordCount\":196,\"publisher\":{\"@id\":\"https:\\\/\\\/www.organisator.ch\\\/#organization\"},\"image\":{\"@id\":\"https:\\\/\\\/www.organisator.ch\\\/management\\\/2025-01-10\\\/jubilaeums-wifo-ausverkauft\\\/#primaryimage\"},\"thumbnailUrl\":\"https:\\\/\\\/www.organisator.ch\\\/wp-content\\\/uploads\\\/2025\\\/01\\\/Wifo_Bild1_ps.jpg\",\"keywords\":[\"Ausverkauft\",\"Rheintaler Wirtschaftsforum\",\"Stabs\u00fcbergabe\",\"Standort\",\"Strategie\",\"Warteliste\"],\"articleSection\":[\"MANAGEMENT\"],\"inLanguage\":\"fr-FR\"},{\"@type\":\"WebPage\",\"@id\":\"https:\\\/\\\/www.organisator.ch\\\/management\\\/2025-01-10\\\/jubilaeums-wifo-ausverkauft\\\/\",\"url\":\"https:\\\/\\\/www.organisator.ch\\\/management\\\/2025-01-10\\\/jubilaeums-wifo-ausverkauft\\\/\",\"name\":\"Jubil\u00e4ums-Wifo ausverkauft - Organisator\",\"isPartOf\":{\"@id\":\"https:\\\/\\\/www.organisator.ch\\\/#website\"},\"primaryImageOfPage\":{\"@id\":\"https:\\\/\\\/www.organisator.ch\\\/management\\\/2025-01-10\\\/jubilaeums-wifo-ausverkauft\\\/#primaryimage\"},\"image\":{\"@id\":\"https:\\\/\\\/www.organisator.ch\\\/management\\\/2025-01-10\\\/jubilaeums-wifo-ausverkauft\\\/#primaryimage\"},\"thumbnailUrl\":\"https:\\\/\\\/www.organisator.ch\\\/wp-content\\\/uploads\\\/2025\\\/01\\\/Wifo_Bild1_ps.jpg\",\"datePublished\":\"2025-01-10T13:04:59+00:00\",\"description\":\"Das Rheintaler Wirtschaftsforum 2025 ist ausgebucht. Jetzt f\u00fcr den Live-Stream anmelden oder einen Platz auf der Warteliste sichern!\",\"breadcrumb\":{\"@id\":\"https:\\\/\\\/www.organisator.ch\\\/management\\\/2025-01-10\\\/jubilaeums-wifo-ausverkauft\\\/#breadcrumb\"},\"inLanguage\":\"fr-FR\",\"potentialAction\":[{\"@type\":\"ReadAction\",\"target\":[\"https:\\\/\\\/www.organisator.ch\\\/management\\\/2025-01-10\\\/jubilaeums-wifo-ausverkauft\\\/\"]}]},{\"@type\":\"ImageObject\",\"inLanguage\":\"fr-FR\",\"@id\":\"https:\\\/\\\/www.organisator.ch\\\/management\\\/2025-01-10\\\/jubilaeums-wifo-ausverkauft\\\/#primaryimage\",\"url\":\"https:\\\/\\\/www.organisator.ch\\\/wp-content\\\/uploads\\\/2025\\\/01\\\/Wifo_Bild1_ps.jpg\",\"contentUrl\":\"https:\\\/\\\/www.organisator.ch\\\/wp-content\\\/uploads\\\/2025\\\/01\\\/Wifo_Bild1_ps.jpg\",\"width\":680,\"height\":453,\"caption\":\"Rheintaler Wirtschaftsforum 2025: Ausgebucht mit \u00fcber 750 Teilnehmenden. (Bild: Galledia Event AG)\"},{\"@type\":\"BreadcrumbList\",\"@id\":\"https:\\\/\\\/www.organisator.ch\\\/management\\\/2025-01-10\\\/jubilaeums-wifo-ausverkauft\\\/#breadcrumb\",\"itemListElement\":[{\"@type\":\"ListItem\",\"position\":1,\"name\":\"Home\",\"item\":\"https:\\\/\\\/www.organisator.ch\\\/\"},{\"@type\":\"ListItem\",\"position\":2,\"name\":\"Jubil\u00e4ums-Wifo ausverkauft\"}]},{\"@type\":\"WebSite\",\"@id\":\"https:\\\/\\\/www.organisator.ch\\\/#website\",\"url\":\"https:\\\/\\\/www.organisator.ch\\\/\",\"name\":\"Organisator\",\"description\":\"Kompetent. Praxisnah. Der ORGANISATOR bereitet in 10 Ausgaben pro Jahr die wesentlichen Themen f\u00fcr F\u00fchrungskr\u00e4fte von KMU auf.\",\"publisher\":{\"@id\":\"https:\\\/\\\/www.organisator.ch\\\/#organization\"},\"potentialAction\":[{\"@type\":\"SearchAction\",\"target\":{\"@type\":\"EntryPoint\",\"urlTemplate\":\"https:\\\/\\\/www.organisator.ch\\\/?s={search_term_string}\"},\"query-input\":{\"@type\":\"PropertyValueSpecification\",\"valueRequired\":true,\"valueName\":\"search_term_string\"}}],\"inLanguage\":\"fr-FR\"},{\"@type\":\"Organization\",\"@id\":\"https:\\\/\\\/www.organisator.ch\\\/#organization\",\"name\":\"Organisator\",\"url\":\"https:\\\/\\\/www.organisator.ch\\\/\",\"logo\":{\"@type\":\"ImageObject\",\"inLanguage\":\"fr-FR\",\"@id\":\"https:\\\/\\\/www.organisator.ch\\\/#\\\/schema\\\/logo\\\/image\\\/\",\"url\":\"https:\\\/\\\/www.organisator.ch\\\/wp-content\\\/uploads\\\/2022\\\/01\\\/Logo_Organisator_Website.png\",\"contentUrl\":\"https:\\\/\\\/www.organisator.ch\\\/wp-content\\\/uploads\\\/2022\\\/01\\\/Logo_Organisator_Website.png\",\"width\":800,\"height\":77,\"caption\":\"Organisator\"},\"image\":{\"@id\":\"https:\\\/\\\/www.organisator.ch\\\/#\\\/schema\\\/logo\\\/image\\\/\"},\"sameAs\":[\"https:\\\/\\\/www.facebook.com\\\/OrganisatorFachmagazin\",\"https:\\\/\\\/www.linkedin.com\\\/showcase\\\/organisator-das-magazin-fr-kmu\",\"https:\\\/\\\/www.xing.com\\\/news\\\/pages\\\/organisator-ch-695\",\"https:\\\/\\\/www.youtube.com\\\/channel\\\/UCGP2Sq0iWaZwT3BdIAQFYpw\"]},{\"@type\":\"Person\",\"@id\":\"https:\\\/\\\/www.organisator.ch\\\/#\\\/schema\\\/person\\\/afccda3a71c06d4be2ed9100dd163db7\",\"name\":\"Dzana Muminovic\",\"image\":{\"@type\":\"ImageObject\",\"inLanguage\":\"fr-FR\",\"@id\":\"https:\\\/\\\/secure.gravatar.com\\\/avatar\\\/909c5c71aff4b38e88686f2ab2f1ba152571f394f41ed8bae431ea56ced93050?s=96&d=mm&r=g\",\"url\":\"https:\\\/\\\/secure.gravatar.com\\\/avatar\\\/909c5c71aff4b38e88686f2ab2f1ba152571f394f41ed8bae431ea56ced93050?s=96&d=mm&r=g\",\"contentUrl\":\"https:\\\/\\\/secure.gravatar.com\\\/avatar\\\/909c5c71aff4b38e88686f2ab2f1ba152571f394f41ed8bae431ea56ced93050?s=96&d=mm&r=g\",\"caption\":\"Dzana Muminovic\"},\"url\":\"https:\\\/\\\/www.organisator.ch\\\/fr\\\/author\\\/dzana-muminovic\\\/\"}]}<\/script>\n<!-- \/ Yoast SEO plugin. -->","yoast_head_json":{"title":"Le Wifo du jubil\u00e9 affiche complet - Organisateur","description":"Le Forum \u00e9conomique du Rhin 2025 est complet. Inscrivez-vous d\u00e8s maintenant pour le streaming en direct ou assurez-vous une place sur la liste d'attente !","robots":{"index":"index","follow":"follow","max-snippet":"max-snippet:-1","max-image-preview":"max-image-preview:large","max-video-preview":"max-video-preview:-1"},"canonical":"https:\/\/www.organisator.ch\/fr\/gestion-2\/2025-01-10\/jubilaeums-wifo-ausverkauft\/","og_locale":"fr_FR","og_type":"article","og_title":"Jubil\u00e4ums-Wifo ausverkauft","og_description":"Das Rheintaler Wirtschaftsforum 2025 ist ausgebucht. Jetzt f\u00fcr den Live-Stream anmelden oder einen Platz auf der Warteliste sichern!","og_url":"https:\/\/www.organisator.ch\/fr\/gestion-2\/2025-01-10\/jubilaeums-wifo-ausverkauft\/","og_site_name":"Organisator","article_publisher":"https:\/\/www.facebook.com\/OrganisatorFachmagazin","article_published_time":"2025-01-10T13:04:59+00:00","og_image":[{"width":680,"height":453,"url":"https:\/\/www.organisator.ch\/wp-content\/uploads\/2025\/01\/Wifo_Bild1_ps.jpg","type":"image\/jpeg"}],"author":"Dzana Muminovic","twitter_card":"summary_large_image","twitter_title":"Jubil\u00e4ums-Wifo ausverkauft","twitter_description":"Das #Rheintaler #Wirtschaftsforum 2025 ist ausgebucht. Jetzt f\u00fcr den #Live-#Stream anmelden oder einen Platz auf der Warteliste sichern!","twitter_image":"https:\/\/www.organisator.ch\/wp-content\/uploads\/2025\/01\/Wifo_Bild1_ps.jpg","schema":{"@context":"https:\/\/schema.org","@graph":[{"@type":"Article","@id":"https:\/\/www.organisator.ch\/management\/2025-01-10\/jubilaeums-wifo-ausverkauft\/#article","isPartOf":{"@id":"https:\/\/www.organisator.ch\/management\/2025-01-10\/jubilaeums-wifo-ausverkauft\/"},"author":{"name":"Dzana Muminovic","@id":"https:\/\/www.organisator.ch\/#\/schema\/person\/afccda3a71c06d4be2ed9100dd163db7"},"headline":"Jubil\u00e4ums-Wifo ausverkauft","datePublished":"2025-01-10T13:04:59+00:00","mainEntityOfPage":{"@id":"https:\/\/www.organisator.ch\/management\/2025-01-10\/jubilaeums-wifo-ausverkauft\/"},"wordCount":196,"publisher":{"@id":"https:\/\/www.organisator.ch\/#organization"},"image":{"@id":"https:\/\/www.organisator.ch\/management\/2025-01-10\/jubilaeums-wifo-ausverkauft\/#primaryimage"},"thumbnailUrl":"https:\/\/www.organisator.ch\/wp-content\/uploads\/2025\/01\/Wifo_Bild1_ps.jpg","keywords":["Ausverkauft","Rheintaler Wirtschaftsforum","Stabs\u00fcbergabe","Standort","Strategie","Warteliste"],"articleSection":["MANAGEMENT"],"inLanguage":"fr-FR"},{"@type":"WebPage","@id":"https:\/\/www.organisator.ch\/management\/2025-01-10\/jubilaeums-wifo-ausverkauft\/","url":"https:\/\/www.organisator.ch\/management\/2025-01-10\/jubilaeums-wifo-ausverkauft\/","name":"Le Wifo du jubil\u00e9 affiche complet - Organisateur","isPartOf":{"@id":"https:\/\/www.organisator.ch\/#website"},"primaryImageOfPage":{"@id":"https:\/\/www.organisator.ch\/management\/2025-01-10\/jubilaeums-wifo-ausverkauft\/#primaryimage"},"image":{"@id":"https:\/\/www.organisator.ch\/management\/2025-01-10\/jubilaeums-wifo-ausverkauft\/#primaryimage"},"thumbnailUrl":"https:\/\/www.organisator.ch\/wp-content\/uploads\/2025\/01\/Wifo_Bild1_ps.jpg","datePublished":"2025-01-10T13:04:59+00:00","description":"Le Forum \u00e9conomique du Rhin 2025 est complet. Inscrivez-vous d\u00e8s maintenant pour le streaming en direct ou assurez-vous une place sur la liste d'attente !","breadcrumb":{"@id":"https:\/\/www.organisator.ch\/management\/2025-01-10\/jubilaeums-wifo-ausverkauft\/#breadcrumb"},"inLanguage":"fr-FR","potentialAction":[{"@type":"ReadAction","target":["https:\/\/www.organisator.ch\/management\/2025-01-10\/jubilaeums-wifo-ausverkauft\/"]}]},{"@type":"ImageObject","inLanguage":"fr-FR","@id":"https:\/\/www.organisator.ch\/management\/2025-01-10\/jubilaeums-wifo-ausverkauft\/#primaryimage","url":"https:\/\/www.organisator.ch\/wp-content\/uploads\/2025\/01\/Wifo_Bild1_ps.jpg","contentUrl":"https:\/\/www.organisator.ch\/wp-content\/uploads\/2025\/01\/Wifo_Bild1_ps.jpg","width":680,"height":453,"caption":"Rheintaler Wirtschaftsforum 2025: Ausgebucht mit \u00fcber 750 Teilnehmenden. (Bild: Galledia Event AG)"},{"@type":"BreadcrumbList","@id":"https:\/\/www.organisator.ch\/management\/2025-01-10\/jubilaeums-wifo-ausverkauft\/#breadcrumb","itemListElement":[{"@type":"ListItem","position":1,"name":"Home","item":"https:\/\/www.organisator.ch\/"},{"@type":"ListItem","position":2,"name":"Jubil\u00e4ums-Wifo ausverkauft"}]},{"@type":"WebSite","@id":"https:\/\/www.organisator.ch\/#website","url":"https:\/\/www.organisator.ch\/","name":"Organisateur","description":"Comp\u00e9tence et comp\u00e9tence. Proches de la pratique. L'ORGANISATEUR pr\u00e9pare 10 num\u00e9ros par an sur les th\u00e8mes essentiels pour les dirigeants de PME.","publisher":{"@id":"https:\/\/www.organisator.ch\/#organization"},"potentialAction":[{"@type":"SearchAction","target":{"@type":"EntryPoint","urlTemplate":"https:\/\/www.organisator.ch\/?s={search_term_string}"},"query-input":{"@type":"PropertyValueSpecification","valueRequired":true,"valueName":"search_term_string"}}],"inLanguage":"fr-FR"},{"@type":"Organization","@id":"https:\/\/www.organisator.ch\/#organization","name":"Organisateur","url":"https:\/\/www.organisator.ch\/","logo":{"@type":"ImageObject","inLanguage":"fr-FR","@id":"https:\/\/www.organisator.ch\/#\/schema\/logo\/image\/","url":"https:\/\/www.organisator.ch\/wp-content\/uploads\/2022\/01\/Logo_Organisator_Website.png","contentUrl":"https:\/\/www.organisator.ch\/wp-content\/uploads\/2022\/01\/Logo_Organisator_Website.png","width":800,"height":77,"caption":"Organisator"},"image":{"@id":"https:\/\/www.organisator.ch\/#\/schema\/logo\/image\/"},"sameAs":["https:\/\/www.facebook.com\/OrganisatorFachmagazin","https:\/\/www.linkedin.com\/showcase\/organisator-das-magazin-fr-kmu","https:\/\/www.xing.com\/news\/pages\/organisator-ch-695","https:\/\/www.youtube.com\/channel\/UCGP2Sq0iWaZwT3BdIAQFYpw"]},{"@type":"Person","@id":"https:\/\/www.organisator.ch\/#\/schema\/person\/afccda3a71c06d4be2ed9100dd163db7","name":"Dzana Muminovic","image":{"@type":"ImageObject","inLanguage":"fr-FR","@id":"https:\/\/secure.gravatar.com\/avatar\/909c5c71aff4b38e88686f2ab2f1ba152571f394f41ed8bae431ea56ced93050?s=96&d=mm&r=g","url":"https:\/\/secure.gravatar.com\/avatar\/909c5c71aff4b38e88686f2ab2f1ba152571f394f41ed8bae431ea56ced93050?s=96&d=mm&r=g","contentUrl":"https:\/\/secure.gravatar.com\/avatar\/909c5c71aff4b38e88686f2ab2f1ba152571f394f41ed8bae431ea56ced93050?s=96&d=mm&r=g","caption":"Dzana Muminovic"},"url":"https:\/\/www.organisator.ch\/fr\/author\/dzana-muminovic\/"}]}},"_links":{"self":[{"href":"https:\/\/www.organisator.ch\/fr\/wp-json\/wp\/v2\/posts\/35168","targetHints":{"allow":["GET"]}}],"collection":[{"href":"https:\/\/www.organisator.ch\/fr\/wp-json\/wp\/v2\/posts"}],"about":[{"href":"https:\/\/www.organisator.ch\/fr\/wp-json\/wp\/v2\/types\/post"}],"author":[{"embeddable":true,"href":"https:\/\/www.organisator.ch\/fr\/wp-json\/wp\/v2\/users\/80"}],"replies":[{"embeddable":true,"href":"https:\/\/www.organisator.ch\/fr\/wp-json\/wp\/v2\/comments?post=35168"}],"version-history":[{"count":4,"href":"https:\/\/www.organisator.ch\/fr\/wp-json\/wp\/v2\/posts\/35168\/revisions"}],"predecessor-version":[{"id":35195,"href":"https:\/\/www.organisator.ch\/fr\/wp-json\/wp\/v2\/posts\/35168\/revisions\/35195"}],"wp:featuredmedia":[{"embeddable":true,"href":"https:\/\/www.organisator.ch\/fr\/wp-json\/wp\/v2\/media\/35169"}],"wp:attachment":[{"href":"https:\/\/www.organisator.ch\/fr\/wp-json\/wp\/v2\/media?parent=35168"}],"wp:term":[{"taxonomy":"category","embeddable":true,"href":"https:\/\/www.organisator.ch\/fr\/wp-json\/wp\/v2\/categories?post=35168"},{"taxonomy":"post_tag","embeddable":true,"href":"https:\/\/www.organisator.ch\/fr\/wp-json\/wp\/v2\/tags?post=35168"}],"curies":[{"name":"wp","href":"https:\/\/api.w.org\/{rel}","templated":true}]}}