{"id":35237,"date":"2025-01-14T13:25:45","date_gmt":"2025-01-14T12:25:45","guid":{"rendered":"https:\/\/www.markt-kom.com\/?p=228940"},"modified":"2025-01-14T13:51:03","modified_gmt":"2025-01-14T12:51:03","slug":"coop-beendet-franchise-mit-the-body-shop-und-setzt-auf-neue-perspektiven","status":"publish","type":"post","link":"https:\/\/www.organisator.ch\/fr\/marketing\/2025-01-14\/coop-beendet-franchise-mit-the-body-shop-und-setzt-auf-neue-perspektiven\/","title":{"rendered":"Coop met fin \u00e0 sa franchise avec The Body Shop et mise sur de nouvelles perspectives"},"content":{"rendered":"<figure id=\"attachment_156468\" class=\"wp-caption alignnone\" style=\"width: 1200px;\" aria-describedby=\"caption-attachment-156468\"><a href=\"https:\/\/www.markt-kom.com\/wp-content\/uploads\/2021\/08\/mediathek_coop_supermarkt_02_site_newsletter.jpg\"><img class=\"size-full wp-image-156468\" src=\"https:\/\/www.markt-kom.com\/wp-content\/uploads\/2021\/08\/mediathek_coop_supermarkt_02_site_newsletter.jpg\" sizes=\"(max-width: 1200px) 100vw, 1200px\" srcset=\"https:\/\/www.markt-kom.com\/wp-content\/uploads\/2021\/08\/mediathek_coop_supermarkt_02_site_newsletter.jpg 1200w, https:\/\/www.markt-kom.com\/wp-content\/uploads\/2021\/08\/mediathek_coop_supermarkt_02_site_newsletter-300x169.jpg 300w, https:\/\/www.markt-kom.com\/wp-content\/uploads\/2021\/08\/mediathek_coop_supermarkt_02_site_newsletter-1024x576.jpg 1024w, https:\/\/www.markt-kom.com\/wp-content\/uploads\/2021\/08\/mediathek_coop_supermarkt_02_site_newsletter-768x432.jpg 768w, https:\/\/www.markt-kom.com\/wp-content\/uploads\/2021\/08\/mediathek_coop_supermarkt_02_site_newsletter-18x10.jpg 18w, https:\/\/www.markt-kom.com\/wp-content\/uploads\/2021\/08\/mediathek_coop_supermarkt_02_site_newsletter-311x175.jpg 311w, https:\/\/www.markt-kom.com\/wp-content\/uploads\/2021\/08\/mediathek_coop_supermarkt_02_site_newsletter-622x350.jpg 622w, https:\/\/www.markt-kom.com\/wp-content\/uploads\/2021\/08\/mediathek_coop_supermarkt_02_site_newsletter-920x518.jpg 920w\" alt=\"Neo Advertising\" width=\"1200\" height=\"675\" \/><\/a>\r\n<figcaption id=\"caption-attachment-156468\" class=\"wp-caption-text\">Magasin Coop, ext\u00e9rieur<\/figcaption>\r\n<\/figure>\r\n<p>Coop a d\u00e9cid\u00e9 de ne pas renouveler le contrat de franchise avec The Body Shop Switzerland. Cette d\u00e9cision fait suite \u00e0 une analyse approfondie qui a r\u00e9v\u00e9l\u00e9 que le positionnement unique de la marque sur le march\u00e9, tel qu'il avait \u00e9t\u00e9 d\u00e9fini \u00e0 l'origine par le franchiseur, n'existe plus aujourd'hui. \"Le programme de revitalisation du franchiseur n'a pas pu produire l'effet escompt\u00e9, malgr\u00e9 les efforts intensifs et le grand engagement des collaborateurs\", explique Coop.<\/p>\r\n<p>Les 33 surfaces de vente de The Body Shop Switzerland seront lib\u00e9r\u00e9es \u00e0 partir de mai 2025. Coop examine actuellement comment ces surfaces peuvent \u00eatre utilis\u00e9es de mani\u00e8re optimale par d'autres formats sp\u00e9cialis\u00e9s au sein de la coop\u00e9rative. Des offres de r\u00e9emploi au sein du groupe Coop ont d\u00e9j\u00e0 \u00e9t\u00e9 pr\u00e9par\u00e9es pour les 108 collaborateurs de The Body Shop Switzerland.<\/p>\r\n<p>En mettant fin au contrat de franchise, Coop fait preuve de flexibilit\u00e9 et de volont\u00e9 de r\u00e9agir \u00e0 l'\u00e9volution des conditions du march\u00e9. En m\u00eame temps, l'entreprise s'assure que les collaborateurs ont des perspectives d'avenir au sein du groupe.<\/p>","protected":false},"excerpt":{"rendered":"<p>Coop laisse expirer le contrat de franchise avec The Body Shop Switzerland. Les surfaces de vente seront \u00e0 l'avenir utilis\u00e9es par d'autres formats sp\u00e9cialis\u00e9s, tandis que tous les collaborateurs se verront proposer des offres de r\u00e9emploi.<\/p>","protected":false},"author":8,"featured_media":0,"comment_status":"closed","ping_status":"closed","sticky":false,"template":"","format":"standard","meta":{"_acf_changed":false,"_yoast_wpseo_focuskw":"The Body Shop","_yoast_wpseo_metadesc":"Coop beendet den Franchisevertrag mit The Body Shop Switzerland. Verkaufsfl\u00e4chen werden neu genutzt, Mitarbeitende erhalten Angebote.","articlekey":"","footnotes":""},"categories":[29],"tags":[5007,4345,944],"class_list":["post-35237","post","type-post","status-publish","format-standard","hentry","category-marketing","tag-body-shop","tag-business","tag-coop"],"acf":[],"yoast_head":"<!-- This site is optimized with the Yoast SEO plugin v27.4 - https:\/\/yoast.com\/product\/yoast-seo-wordpress\/ -->\n<title>Coop beendet Franchise mit The Body Shop und setzt auf neue Perspektiven - Organisator<\/title>\n<meta name=\"description\" content=\"Coop beendet den Franchisevertrag mit The Body Shop Switzerland. Verkaufsfl\u00e4chen werden neu genutzt, Mitarbeitende erhalten Angebote.\" \/>\n<meta name=\"robots\" content=\"index, follow, max-snippet:-1, max-image-preview:large, max-video-preview:-1\" \/>\n<link rel=\"canonical\" href=\"https:\/\/www.organisator.ch\/fr\/marketing\/2025-01-14\/coop-beendet-franchise-mit-the-body-shop-und-setzt-auf-neue-perspektiven\/\" \/>\n<meta property=\"og:locale\" content=\"fr_FR\" \/>\n<meta property=\"og:type\" content=\"article\" \/>\n<meta property=\"og:title\" content=\"Coop beendet Franchise mit The Body Shop und setzt auf neue Perspektiven - Organisator\" \/>\n<meta property=\"og:description\" content=\"Coop beendet den Franchisevertrag mit The Body Shop Switzerland. Verkaufsfl\u00e4chen werden neu genutzt, Mitarbeitende erhalten Angebote.\" \/>\n<meta property=\"og:url\" content=\"https:\/\/www.organisator.ch\/fr\/marketing\/2025-01-14\/coop-beendet-franchise-mit-the-body-shop-und-setzt-auf-neue-perspektiven\/\" \/>\n<meta property=\"og:site_name\" content=\"Organisator\" \/>\n<meta property=\"article:publisher\" content=\"https:\/\/www.facebook.com\/OrganisatorFachmagazin\" \/>\n<meta property=\"article:published_time\" content=\"2025-01-14T12:25:45+00:00\" \/>\n<meta property=\"article:modified_time\" content=\"2025-01-14T12:51:03+00:00\" \/>\n<meta name=\"author\" content=\"galledia\" \/>\n<meta name=\"twitter:card\" content=\"summary_large_image\" \/>\n<meta name=\"twitter:creator\" content=\"@admin\" \/>\n<script type=\"application\/ld+json\" class=\"yoast-schema-graph\">{\"@context\":\"https:\\\/\\\/schema.org\",\"@graph\":[{\"@type\":\"Article\",\"@id\":\"https:\\\/\\\/www.organisator.ch\\\/marketing\\\/2025-01-14\\\/coop-beendet-franchise-mit-the-body-shop-und-setzt-auf-neue-perspektiven\\\/#article\",\"isPartOf\":{\"@id\":\"https:\\\/\\\/www.organisator.ch\\\/marketing\\\/2025-01-14\\\/coop-beendet-franchise-mit-the-body-shop-und-setzt-auf-neue-perspektiven\\\/\"},\"author\":{\"name\":\"galledia\",\"@id\":\"https:\\\/\\\/www.organisator.ch\\\/#\\\/schema\\\/person\\\/4e51799071cd2dd1232ac003643ef5f0\"},\"headline\":\"Coop beendet Franchise mit The Body Shop und setzt auf neue Perspektiven\",\"datePublished\":\"2025-01-14T12:25:45+00:00\",\"dateModified\":\"2025-01-14T12:51:03+00:00\",\"mainEntityOfPage\":{\"@id\":\"https:\\\/\\\/www.organisator.ch\\\/marketing\\\/2025-01-14\\\/coop-beendet-franchise-mit-the-body-shop-und-setzt-auf-neue-perspektiven\\\/\"},\"wordCount\":162,\"publisher\":{\"@id\":\"https:\\\/\\\/www.organisator.ch\\\/#organization\"},\"image\":{\"@id\":\"https:\\\/\\\/www.organisator.ch\\\/marketing\\\/2025-01-14\\\/coop-beendet-franchise-mit-the-body-shop-und-setzt-auf-neue-perspektiven\\\/#primaryimage\"},\"thumbnailUrl\":\"https:\\\/\\\/www.markt-kom.com\\\/wp-content\\\/uploads\\\/2021\\\/08\\\/mediathek_coop_supermarkt_02_site_newsletter.jpg\",\"keywords\":[\"Body Shop\",\"Business\",\"Coop\"],\"articleSection\":[\"MARKETING\"],\"inLanguage\":\"fr-FR\"},{\"@type\":\"WebPage\",\"@id\":\"https:\\\/\\\/www.organisator.ch\\\/marketing\\\/2025-01-14\\\/coop-beendet-franchise-mit-the-body-shop-und-setzt-auf-neue-perspektiven\\\/\",\"url\":\"https:\\\/\\\/www.organisator.ch\\\/marketing\\\/2025-01-14\\\/coop-beendet-franchise-mit-the-body-shop-und-setzt-auf-neue-perspektiven\\\/\",\"name\":\"Coop beendet Franchise mit The Body Shop und setzt auf neue Perspektiven - Organisator\",\"isPartOf\":{\"@id\":\"https:\\\/\\\/www.organisator.ch\\\/#website\"},\"primaryImageOfPage\":{\"@id\":\"https:\\\/\\\/www.organisator.ch\\\/marketing\\\/2025-01-14\\\/coop-beendet-franchise-mit-the-body-shop-und-setzt-auf-neue-perspektiven\\\/#primaryimage\"},\"image\":{\"@id\":\"https:\\\/\\\/www.organisator.ch\\\/marketing\\\/2025-01-14\\\/coop-beendet-franchise-mit-the-body-shop-und-setzt-auf-neue-perspektiven\\\/#primaryimage\"},\"thumbnailUrl\":\"https:\\\/\\\/www.markt-kom.com\\\/wp-content\\\/uploads\\\/2021\\\/08\\\/mediathek_coop_supermarkt_02_site_newsletter.jpg\",\"datePublished\":\"2025-01-14T12:25:45+00:00\",\"dateModified\":\"2025-01-14T12:51:03+00:00\",\"description\":\"Coop beendet den Franchisevertrag mit The Body Shop Switzerland. Verkaufsfl\u00e4chen werden neu genutzt, Mitarbeitende erhalten Angebote.\",\"breadcrumb\":{\"@id\":\"https:\\\/\\\/www.organisator.ch\\\/marketing\\\/2025-01-14\\\/coop-beendet-franchise-mit-the-body-shop-und-setzt-auf-neue-perspektiven\\\/#breadcrumb\"},\"inLanguage\":\"fr-FR\",\"potentialAction\":[{\"@type\":\"ReadAction\",\"target\":[\"https:\\\/\\\/www.organisator.ch\\\/marketing\\\/2025-01-14\\\/coop-beendet-franchise-mit-the-body-shop-und-setzt-auf-neue-perspektiven\\\/\"]}]},{\"@type\":\"ImageObject\",\"inLanguage\":\"fr-FR\",\"@id\":\"https:\\\/\\\/www.organisator.ch\\\/marketing\\\/2025-01-14\\\/coop-beendet-franchise-mit-the-body-shop-und-setzt-auf-neue-perspektiven\\\/#primaryimage\",\"url\":\"https:\\\/\\\/www.markt-kom.com\\\/wp-content\\\/uploads\\\/2021\\\/08\\\/mediathek_coop_supermarkt_02_site_newsletter.jpg\",\"contentUrl\":\"https:\\\/\\\/www.markt-kom.com\\\/wp-content\\\/uploads\\\/2021\\\/08\\\/mediathek_coop_supermarkt_02_site_newsletter.jpg\"},{\"@type\":\"BreadcrumbList\",\"@id\":\"https:\\\/\\\/www.organisator.ch\\\/marketing\\\/2025-01-14\\\/coop-beendet-franchise-mit-the-body-shop-und-setzt-auf-neue-perspektiven\\\/#breadcrumb\",\"itemListElement\":[{\"@type\":\"ListItem\",\"position\":1,\"name\":\"Home\",\"item\":\"https:\\\/\\\/www.organisator.ch\\\/\"},{\"@type\":\"ListItem\",\"position\":2,\"name\":\"Coop beendet Franchise mit The Body Shop und setzt auf neue Perspektiven\"}]},{\"@type\":\"WebSite\",\"@id\":\"https:\\\/\\\/www.organisator.ch\\\/#website\",\"url\":\"https:\\\/\\\/www.organisator.ch\\\/\",\"name\":\"Organisator\",\"description\":\"Kompetent. Praxisnah. Der ORGANISATOR bereitet in 10 Ausgaben pro Jahr die wesentlichen Themen f\u00fcr F\u00fchrungskr\u00e4fte von KMU auf.\",\"publisher\":{\"@id\":\"https:\\\/\\\/www.organisator.ch\\\/#organization\"},\"potentialAction\":[{\"@type\":\"SearchAction\",\"target\":{\"@type\":\"EntryPoint\",\"urlTemplate\":\"https:\\\/\\\/www.organisator.ch\\\/?s={search_term_string}\"},\"query-input\":{\"@type\":\"PropertyValueSpecification\",\"valueRequired\":true,\"valueName\":\"search_term_string\"}}],\"inLanguage\":\"fr-FR\"},{\"@type\":\"Organization\",\"@id\":\"https:\\\/\\\/www.organisator.ch\\\/#organization\",\"name\":\"Organisator\",\"url\":\"https:\\\/\\\/www.organisator.ch\\\/\",\"logo\":{\"@type\":\"ImageObject\",\"inLanguage\":\"fr-FR\",\"@id\":\"https:\\\/\\\/www.organisator.ch\\\/#\\\/schema\\\/logo\\\/image\\\/\",\"url\":\"https:\\\/\\\/www.organisator.ch\\\/wp-content\\\/uploads\\\/2022\\\/01\\\/Logo_Organisator_Website.png\",\"contentUrl\":\"https:\\\/\\\/www.organisator.ch\\\/wp-content\\\/uploads\\\/2022\\\/01\\\/Logo_Organisator_Website.png\",\"width\":800,\"height\":77,\"caption\":\"Organisator\"},\"image\":{\"@id\":\"https:\\\/\\\/www.organisator.ch\\\/#\\\/schema\\\/logo\\\/image\\\/\"},\"sameAs\":[\"https:\\\/\\\/www.facebook.com\\\/OrganisatorFachmagazin\",\"https:\\\/\\\/www.linkedin.com\\\/showcase\\\/organisator-das-magazin-fr-kmu\",\"https:\\\/\\\/www.xing.com\\\/news\\\/pages\\\/organisator-ch-695\",\"https:\\\/\\\/www.youtube.com\\\/channel\\\/UCGP2Sq0iWaZwT3BdIAQFYpw\"]},{\"@type\":\"Person\",\"@id\":\"https:\\\/\\\/www.organisator.ch\\\/#\\\/schema\\\/person\\\/4e51799071cd2dd1232ac003643ef5f0\",\"name\":\"galledia\",\"image\":{\"@type\":\"ImageObject\",\"inLanguage\":\"fr-FR\",\"@id\":\"https:\\\/\\\/secure.gravatar.com\\\/avatar\\\/78a7f90c01fc2bfc875782a0d4922b37cde2cf184ce347b91316d23cd7f69a36?s=96&d=mm&r=g\",\"url\":\"https:\\\/\\\/secure.gravatar.com\\\/avatar\\\/78a7f90c01fc2bfc875782a0d4922b37cde2cf184ce347b91316d23cd7f69a36?s=96&d=mm&r=g\",\"contentUrl\":\"https:\\\/\\\/secure.gravatar.com\\\/avatar\\\/78a7f90c01fc2bfc875782a0d4922b37cde2cf184ce347b91316d23cd7f69a36?s=96&d=mm&r=g\",\"caption\":\"galledia\"},\"sameAs\":[\"https:\\\/\\\/x.com\\\/admin\"],\"url\":\"https:\\\/\\\/www.organisator.ch\\\/fr\\\/author\\\/galledia\\\/\"}]}<\/script>\n<!-- \/ Yoast SEO plugin. -->","yoast_head_json":{"title":"Coop met fin \u00e0 la franchise de The Body Shop et mise sur de nouvelles perspectives - Organisateur","description":"Coop met fin au contrat de franchise avec The Body Shop Switzerland. Les surfaces de vente sont r\u00e9utilis\u00e9es, les collaborateurs re\u00e7oivent des offres.","robots":{"index":"index","follow":"follow","max-snippet":"max-snippet:-1","max-image-preview":"max-image-preview:large","max-video-preview":"max-video-preview:-1"},"canonical":"https:\/\/www.organisator.ch\/fr\/marketing\/2025-01-14\/coop-beendet-franchise-mit-the-body-shop-und-setzt-auf-neue-perspektiven\/","og_locale":"fr_FR","og_type":"article","og_title":"Coop beendet Franchise mit The Body Shop und setzt auf neue Perspektiven - Organisator","og_description":"Coop beendet den Franchisevertrag mit The Body Shop Switzerland. Verkaufsfl\u00e4chen werden neu genutzt, Mitarbeitende erhalten Angebote.","og_url":"https:\/\/www.organisator.ch\/fr\/marketing\/2025-01-14\/coop-beendet-franchise-mit-the-body-shop-und-setzt-auf-neue-perspektiven\/","og_site_name":"Organisator","article_publisher":"https:\/\/www.facebook.com\/OrganisatorFachmagazin","article_published_time":"2025-01-14T12:25:45+00:00","article_modified_time":"2025-01-14T12:51:03+00:00","author":"galledia","twitter_card":"summary_large_image","twitter_creator":"@admin","schema":{"@context":"https:\/\/schema.org","@graph":[{"@type":"Article","@id":"https:\/\/www.organisator.ch\/marketing\/2025-01-14\/coop-beendet-franchise-mit-the-body-shop-und-setzt-auf-neue-perspektiven\/#article","isPartOf":{"@id":"https:\/\/www.organisator.ch\/marketing\/2025-01-14\/coop-beendet-franchise-mit-the-body-shop-und-setzt-auf-neue-perspektiven\/"},"author":{"name":"galledia","@id":"https:\/\/www.organisator.ch\/#\/schema\/person\/4e51799071cd2dd1232ac003643ef5f0"},"headline":"Coop beendet Franchise mit The Body Shop und setzt auf neue Perspektiven","datePublished":"2025-01-14T12:25:45+00:00","dateModified":"2025-01-14T12:51:03+00:00","mainEntityOfPage":{"@id":"https:\/\/www.organisator.ch\/marketing\/2025-01-14\/coop-beendet-franchise-mit-the-body-shop-und-setzt-auf-neue-perspektiven\/"},"wordCount":162,"publisher":{"@id":"https:\/\/www.organisator.ch\/#organization"},"image":{"@id":"https:\/\/www.organisator.ch\/marketing\/2025-01-14\/coop-beendet-franchise-mit-the-body-shop-und-setzt-auf-neue-perspektiven\/#primaryimage"},"thumbnailUrl":"https:\/\/www.markt-kom.com\/wp-content\/uploads\/2021\/08\/mediathek_coop_supermarkt_02_site_newsletter.jpg","keywords":["Body Shop","Business","Coop"],"articleSection":["MARKETING"],"inLanguage":"fr-FR"},{"@type":"WebPage","@id":"https:\/\/www.organisator.ch\/marketing\/2025-01-14\/coop-beendet-franchise-mit-the-body-shop-und-setzt-auf-neue-perspektiven\/","url":"https:\/\/www.organisator.ch\/marketing\/2025-01-14\/coop-beendet-franchise-mit-the-body-shop-und-setzt-auf-neue-perspektiven\/","name":"Coop met fin \u00e0 la franchise de The Body Shop et mise sur de nouvelles perspectives - Organisateur","isPartOf":{"@id":"https:\/\/www.organisator.ch\/#website"},"primaryImageOfPage":{"@id":"https:\/\/www.organisator.ch\/marketing\/2025-01-14\/coop-beendet-franchise-mit-the-body-shop-und-setzt-auf-neue-perspektiven\/#primaryimage"},"image":{"@id":"https:\/\/www.organisator.ch\/marketing\/2025-01-14\/coop-beendet-franchise-mit-the-body-shop-und-setzt-auf-neue-perspektiven\/#primaryimage"},"thumbnailUrl":"https:\/\/www.markt-kom.com\/wp-content\/uploads\/2021\/08\/mediathek_coop_supermarkt_02_site_newsletter.jpg","datePublished":"2025-01-14T12:25:45+00:00","dateModified":"2025-01-14T12:51:03+00:00","description":"Coop met fin au contrat de franchise avec The Body Shop Switzerland. Les surfaces de vente sont r\u00e9utilis\u00e9es, les collaborateurs re\u00e7oivent des offres.","breadcrumb":{"@id":"https:\/\/www.organisator.ch\/marketing\/2025-01-14\/coop-beendet-franchise-mit-the-body-shop-und-setzt-auf-neue-perspektiven\/#breadcrumb"},"inLanguage":"fr-FR","potentialAction":[{"@type":"ReadAction","target":["https:\/\/www.organisator.ch\/marketing\/2025-01-14\/coop-beendet-franchise-mit-the-body-shop-und-setzt-auf-neue-perspektiven\/"]}]},{"@type":"ImageObject","inLanguage":"fr-FR","@id":"https:\/\/www.organisator.ch\/marketing\/2025-01-14\/coop-beendet-franchise-mit-the-body-shop-und-setzt-auf-neue-perspektiven\/#primaryimage","url":"https:\/\/www.markt-kom.com\/wp-content\/uploads\/2021\/08\/mediathek_coop_supermarkt_02_site_newsletter.jpg","contentUrl":"https:\/\/www.markt-kom.com\/wp-content\/uploads\/2021\/08\/mediathek_coop_supermarkt_02_site_newsletter.jpg"},{"@type":"BreadcrumbList","@id":"https:\/\/www.organisator.ch\/marketing\/2025-01-14\/coop-beendet-franchise-mit-the-body-shop-und-setzt-auf-neue-perspektiven\/#breadcrumb","itemListElement":[{"@type":"ListItem","position":1,"name":"Home","item":"https:\/\/www.organisator.ch\/"},{"@type":"ListItem","position":2,"name":"Coop beendet Franchise mit The Body Shop und setzt auf neue Perspektiven"}]},{"@type":"WebSite","@id":"https:\/\/www.organisator.ch\/#website","url":"https:\/\/www.organisator.ch\/","name":"Organisateur","description":"Comp\u00e9tence et comp\u00e9tence. Proches de la pratique. L'ORGANISATEUR pr\u00e9pare 10 num\u00e9ros par an sur les th\u00e8mes essentiels pour les dirigeants de PME.","publisher":{"@id":"https:\/\/www.organisator.ch\/#organization"},"potentialAction":[{"@type":"SearchAction","target":{"@type":"EntryPoint","urlTemplate":"https:\/\/www.organisator.ch\/?s={search_term_string}"},"query-input":{"@type":"PropertyValueSpecification","valueRequired":true,"valueName":"search_term_string"}}],"inLanguage":"fr-FR"},{"@type":"Organization","@id":"https:\/\/www.organisator.ch\/#organization","name":"Organisateur","url":"https:\/\/www.organisator.ch\/","logo":{"@type":"ImageObject","inLanguage":"fr-FR","@id":"https:\/\/www.organisator.ch\/#\/schema\/logo\/image\/","url":"https:\/\/www.organisator.ch\/wp-content\/uploads\/2022\/01\/Logo_Organisator_Website.png","contentUrl":"https:\/\/www.organisator.ch\/wp-content\/uploads\/2022\/01\/Logo_Organisator_Website.png","width":800,"height":77,"caption":"Organisator"},"image":{"@id":"https:\/\/www.organisator.ch\/#\/schema\/logo\/image\/"},"sameAs":["https:\/\/www.facebook.com\/OrganisatorFachmagazin","https:\/\/www.linkedin.com\/showcase\/organisator-das-magazin-fr-kmu","https:\/\/www.xing.com\/news\/pages\/organisator-ch-695","https:\/\/www.youtube.com\/channel\/UCGP2Sq0iWaZwT3BdIAQFYpw"]},{"@type":"Person","@id":"https:\/\/www.organisator.ch\/#\/schema\/person\/4e51799071cd2dd1232ac003643ef5f0","name":"galledia","image":{"@type":"ImageObject","inLanguage":"fr-FR","@id":"https:\/\/secure.gravatar.com\/avatar\/78a7f90c01fc2bfc875782a0d4922b37cde2cf184ce347b91316d23cd7f69a36?s=96&d=mm&r=g","url":"https:\/\/secure.gravatar.com\/avatar\/78a7f90c01fc2bfc875782a0d4922b37cde2cf184ce347b91316d23cd7f69a36?s=96&d=mm&r=g","contentUrl":"https:\/\/secure.gravatar.com\/avatar\/78a7f90c01fc2bfc875782a0d4922b37cde2cf184ce347b91316d23cd7f69a36?s=96&d=mm&r=g","caption":"galledia"},"sameAs":["https:\/\/x.com\/admin"],"url":"https:\/\/www.organisator.ch\/fr\/author\/galledia\/"}]}},"_links":{"self":[{"href":"https:\/\/www.organisator.ch\/fr\/wp-json\/wp\/v2\/posts\/35237","targetHints":{"allow":["GET"]}}],"collection":[{"href":"https:\/\/www.organisator.ch\/fr\/wp-json\/wp\/v2\/posts"}],"about":[{"href":"https:\/\/www.organisator.ch\/fr\/wp-json\/wp\/v2\/types\/post"}],"author":[{"embeddable":true,"href":"https:\/\/www.organisator.ch\/fr\/wp-json\/wp\/v2\/users\/8"}],"replies":[{"embeddable":true,"href":"https:\/\/www.organisator.ch\/fr\/wp-json\/wp\/v2\/comments?post=35237"}],"version-history":[{"count":4,"href":"https:\/\/www.organisator.ch\/fr\/wp-json\/wp\/v2\/posts\/35237\/revisions"}],"predecessor-version":[{"id":35244,"href":"https:\/\/www.organisator.ch\/fr\/wp-json\/wp\/v2\/posts\/35237\/revisions\/35244"}],"wp:attachment":[{"href":"https:\/\/www.organisator.ch\/fr\/wp-json\/wp\/v2\/media?parent=35237"}],"wp:term":[{"taxonomy":"category","embeddable":true,"href":"https:\/\/www.organisator.ch\/fr\/wp-json\/wp\/v2\/categories?post=35237"},{"taxonomy":"post_tag","embeddable":true,"href":"https:\/\/www.organisator.ch\/fr\/wp-json\/wp\/v2\/tags?post=35237"}],"curies":[{"name":"wp","href":"https:\/\/api.w.org\/{rel}","templated":true}]}}