{"id":35271,"date":"2025-01-16T08:59:50","date_gmt":"2025-01-16T07:59:50","guid":{"rendered":"https:\/\/www.markt-kom.com\/?p=228995"},"modified":"2025-01-16T09:28:45","modified_gmt":"2025-01-16T08:28:45","slug":"evoq-neustes-mitglied-von-leading-swiss-agencies","status":"publish","type":"post","link":"https:\/\/www.organisator.ch\/fr\/marketing\/2025-01-16\/evoq-neustes-mitglied-von-leading-swiss-agencies\/","title":{"rendered":"Evoq, nouveau membre des Leading Swiss Agencies"},"content":{"rendered":"<figure id=\"attachment_228996\" class=\"wp-caption aligncenter\" style=\"width: 710px;\" aria-describedby=\"caption-attachment-228996\"><a href=\"https:\/\/www.markt-kom.com\/wp-content\/uploads\/2025\/01\/evoq_GL_Christian_Sutter_Adrian_Haussener_Dominique_Schaffner_Susanne_Pfaeffli.jpg\"><img class=\"size-full wp-image-228996\" src=\"https:\/\/www.markt-kom.com\/wp-content\/uploads\/2025\/01\/evoq_GL_Christian_Sutter_Adrian_Haussener_Dominique_Schaffner_Susanne_Pfaeffli.jpg\" sizes=\"(max-width: 710px) 100vw, 710px\" srcset=\"https:\/\/www.markt-kom.com\/wp-content\/uploads\/2025\/01\/evoq_GL_Christian_Sutter_Adrian_Haussener_Dominique_Schaffner_Susanne_Pfaeffli.jpg 710w, https:\/\/www.markt-kom.com\/wp-content\/uploads\/2025\/01\/evoq_GL_Christian_Sutter_Adrian_Haussener_Dominique_Schaffner_Susanne_Pfaeffli-600x450.jpg 600w, https:\/\/www.markt-kom.com\/wp-content\/uploads\/2025\/01\/evoq_GL_Christian_Sutter_Adrian_Haussener_Dominique_Schaffner_Susanne_Pfaeffli-16x12.jpg 16w, https:\/\/www.markt-kom.com\/wp-content\/uploads\/2025\/01\/evoq_GL_Christian_Sutter_Adrian_Haussener_Dominique_Schaffner_Susanne_Pfaeffli-233x175.jpg 233w, https:\/\/www.markt-kom.com\/wp-content\/uploads\/2025\/01\/evoq_GL_Christian_Sutter_Adrian_Haussener_Dominique_Schaffner_Susanne_Pfaeffli-466x350.jpg 466w\" alt=\"\" width=\"710\" height=\"533\" \/><\/a>\r\n<figcaption id=\"caption-attachment-228996\" class=\"wp-caption-text\">La direction d'Evoq (de g. \u00e0 dr.) : Christian Sutter, Adrian Haussener, Dominique Schaffner et Susanne Pf\u00e4ffli. (Image : zVg.)<\/figcaption>\r\n<\/figure>\r\n<p><a href=\"https:\/\/www.evoq.ch\/\" rel=\"noopener\">Evoq<\/a> a \u00e9t\u00e9 fond\u00e9e il y a 18 ans lors d'une randonn\u00e9e en montagne et a depuis atteint d'innombrables sommets avec sa client\u00e8le. L'agence de services complets dispose d'un large portefeuille qui comprend notamment des noms comme les CFF, Swissmem, la Poste ou l'\u0153uvre sociale du pasteur Sieber.<\/p>\r\n<p>Gr\u00e2ce \u00e0 une approche interdisciplinaire et une \u00e9quipe de 20 personnes, Evoq r\u00e9alise des solutions de communication durables. Son offre de services compl\u00e8te va du branding au design d'orientation en passant par la publicit\u00e9 et les m\u00e9dias num\u00e9riques.<\/p>\r\n<p>\"Nous sommes tr\u00e8s heureux d'\u00eatre admis au LSA\", d\u00e9clare Christian Sutter, Managing Partner et cofondateur. \"Au cours des derni\u00e8res ann\u00e9es, Evoq n'a pas seulement grandi, elle s'est aussi diversifi\u00e9e et est devenue plus cr\u00e9ative. L'adh\u00e9sion \u00e0 la LSA est pour nous une \u00e9tape strat\u00e9gique importante pour le d\u00e9veloppement de notre agence et l'\u00e9largissement de notre r\u00e9seau\".<\/p>","protected":false},"excerpt":{"rendered":"<p>L'agence zurichoise Evoq Communications est membre depuis le 1er janvier 2025 de Leading Swiss Agencies (LSA), l'association des principales agences de communication de Suisse.<\/p>","protected":false},"author":8,"featured_media":0,"comment_status":"closed","ping_status":"closed","sticky":false,"template":"","format":"standard","meta":{"_acf_changed":false,"_yoast_wpseo_focuskw":"Evoq Communications","_yoast_wpseo_metadesc":"Evoq Communications ist neues Mitglied der Leading Swiss Agencies und bietet nachhaltige Full-Service-Kommunikationsl\u00f6sungen.","articlekey":"","footnotes":""},"categories":[29],"tags":[3391,3659,4343],"class_list":["post-35271","post","type-post","status-publish","format-standard","hentry","category-marketing","tag-evoq","tag-lsa-leading-swiss-agencies","tag-markom"],"acf":[],"yoast_head":"<!-- This site is optimized with the Yoast SEO plugin v27.5 - https:\/\/yoast.com\/product\/yoast-seo-wordpress\/ -->\n<title>Evoq neustes Mitglied von Leading Swiss Agencies - Organisator<\/title>\n<meta name=\"description\" content=\"Evoq Communications ist neues Mitglied der Leading Swiss Agencies und bietet nachhaltige Full-Service-Kommunikationsl\u00f6sungen.\" \/>\n<meta name=\"robots\" content=\"index, follow, max-snippet:-1, max-image-preview:large, max-video-preview:-1\" \/>\n<link rel=\"canonical\" href=\"https:\/\/www.organisator.ch\/fr\/marketing\/2025-01-16\/evoq-neustes-mitglied-von-leading-swiss-agencies\/\" \/>\n<meta property=\"og:locale\" content=\"fr_FR\" \/>\n<meta property=\"og:type\" content=\"article\" \/>\n<meta property=\"og:title\" content=\"Evoq neustes Mitglied von Leading Swiss Agencies - Organisator\" \/>\n<meta property=\"og:description\" content=\"Evoq Communications ist neues Mitglied der Leading Swiss Agencies und bietet nachhaltige Full-Service-Kommunikationsl\u00f6sungen.\" \/>\n<meta property=\"og:url\" content=\"https:\/\/www.organisator.ch\/fr\/marketing\/2025-01-16\/evoq-neustes-mitglied-von-leading-swiss-agencies\/\" \/>\n<meta property=\"og:site_name\" content=\"Organisator\" \/>\n<meta property=\"article:publisher\" content=\"https:\/\/www.facebook.com\/OrganisatorFachmagazin\" \/>\n<meta property=\"article:published_time\" content=\"2025-01-16T07:59:50+00:00\" \/>\n<meta property=\"article:modified_time\" content=\"2025-01-16T08:28:45+00:00\" \/>\n<meta name=\"author\" content=\"galledia\" \/>\n<meta name=\"twitter:card\" content=\"summary_large_image\" \/>\n<meta name=\"twitter:creator\" content=\"@admin\" \/>\n<script type=\"application\/ld+json\" class=\"yoast-schema-graph\">{\"@context\":\"https:\\\/\\\/schema.org\",\"@graph\":[{\"@type\":\"Article\",\"@id\":\"https:\\\/\\\/www.organisator.ch\\\/marketing\\\/2025-01-16\\\/evoq-neustes-mitglied-von-leading-swiss-agencies\\\/#article\",\"isPartOf\":{\"@id\":\"https:\\\/\\\/www.organisator.ch\\\/marketing\\\/2025-01-16\\\/evoq-neustes-mitglied-von-leading-swiss-agencies\\\/\"},\"author\":{\"name\":\"galledia\",\"@id\":\"https:\\\/\\\/www.organisator.ch\\\/#\\\/schema\\\/person\\\/4e51799071cd2dd1232ac003643ef5f0\"},\"headline\":\"Evoq neustes Mitglied von Leading Swiss Agencies\",\"datePublished\":\"2025-01-16T07:59:50+00:00\",\"dateModified\":\"2025-01-16T08:28:45+00:00\",\"mainEntityOfPage\":{\"@id\":\"https:\\\/\\\/www.organisator.ch\\\/marketing\\\/2025-01-16\\\/evoq-neustes-mitglied-von-leading-swiss-agencies\\\/\"},\"wordCount\":155,\"publisher\":{\"@id\":\"https:\\\/\\\/www.organisator.ch\\\/#organization\"},\"image\":{\"@id\":\"https:\\\/\\\/www.organisator.ch\\\/marketing\\\/2025-01-16\\\/evoq-neustes-mitglied-von-leading-swiss-agencies\\\/#primaryimage\"},\"thumbnailUrl\":\"https:\\\/\\\/www.markt-kom.com\\\/wp-content\\\/uploads\\\/2025\\\/01\\\/evoq_GL_Christian_Sutter_Adrian_Haussener_Dominique_Schaffner_Susanne_Pfaeffli.jpg\",\"keywords\":[\"Evoq\",\"LSA Leading Swiss Agencies\",\"MarKom\"],\"articleSection\":[\"MARKETING\"],\"inLanguage\":\"fr-FR\"},{\"@type\":\"WebPage\",\"@id\":\"https:\\\/\\\/www.organisator.ch\\\/marketing\\\/2025-01-16\\\/evoq-neustes-mitglied-von-leading-swiss-agencies\\\/\",\"url\":\"https:\\\/\\\/www.organisator.ch\\\/marketing\\\/2025-01-16\\\/evoq-neustes-mitglied-von-leading-swiss-agencies\\\/\",\"name\":\"Evoq neustes Mitglied von Leading Swiss Agencies - Organisator\",\"isPartOf\":{\"@id\":\"https:\\\/\\\/www.organisator.ch\\\/#website\"},\"primaryImageOfPage\":{\"@id\":\"https:\\\/\\\/www.organisator.ch\\\/marketing\\\/2025-01-16\\\/evoq-neustes-mitglied-von-leading-swiss-agencies\\\/#primaryimage\"},\"image\":{\"@id\":\"https:\\\/\\\/www.organisator.ch\\\/marketing\\\/2025-01-16\\\/evoq-neustes-mitglied-von-leading-swiss-agencies\\\/#primaryimage\"},\"thumbnailUrl\":\"https:\\\/\\\/www.markt-kom.com\\\/wp-content\\\/uploads\\\/2025\\\/01\\\/evoq_GL_Christian_Sutter_Adrian_Haussener_Dominique_Schaffner_Susanne_Pfaeffli.jpg\",\"datePublished\":\"2025-01-16T07:59:50+00:00\",\"dateModified\":\"2025-01-16T08:28:45+00:00\",\"description\":\"Evoq Communications ist neues Mitglied der Leading Swiss Agencies und bietet nachhaltige Full-Service-Kommunikationsl\u00f6sungen.\",\"breadcrumb\":{\"@id\":\"https:\\\/\\\/www.organisator.ch\\\/marketing\\\/2025-01-16\\\/evoq-neustes-mitglied-von-leading-swiss-agencies\\\/#breadcrumb\"},\"inLanguage\":\"fr-FR\",\"potentialAction\":[{\"@type\":\"ReadAction\",\"target\":[\"https:\\\/\\\/www.organisator.ch\\\/marketing\\\/2025-01-16\\\/evoq-neustes-mitglied-von-leading-swiss-agencies\\\/\"]}]},{\"@type\":\"ImageObject\",\"inLanguage\":\"fr-FR\",\"@id\":\"https:\\\/\\\/www.organisator.ch\\\/marketing\\\/2025-01-16\\\/evoq-neustes-mitglied-von-leading-swiss-agencies\\\/#primaryimage\",\"url\":\"https:\\\/\\\/www.markt-kom.com\\\/wp-content\\\/uploads\\\/2025\\\/01\\\/evoq_GL_Christian_Sutter_Adrian_Haussener_Dominique_Schaffner_Susanne_Pfaeffli.jpg\",\"contentUrl\":\"https:\\\/\\\/www.markt-kom.com\\\/wp-content\\\/uploads\\\/2025\\\/01\\\/evoq_GL_Christian_Sutter_Adrian_Haussener_Dominique_Schaffner_Susanne_Pfaeffli.jpg\"},{\"@type\":\"BreadcrumbList\",\"@id\":\"https:\\\/\\\/www.organisator.ch\\\/marketing\\\/2025-01-16\\\/evoq-neustes-mitglied-von-leading-swiss-agencies\\\/#breadcrumb\",\"itemListElement\":[{\"@type\":\"ListItem\",\"position\":1,\"name\":\"Home\",\"item\":\"https:\\\/\\\/www.organisator.ch\\\/\"},{\"@type\":\"ListItem\",\"position\":2,\"name\":\"Evoq neustes Mitglied von Leading Swiss Agencies\"}]},{\"@type\":\"WebSite\",\"@id\":\"https:\\\/\\\/www.organisator.ch\\\/#website\",\"url\":\"https:\\\/\\\/www.organisator.ch\\\/\",\"name\":\"Organisator\",\"description\":\"Kompetent. Praxisnah. Der ORGANISATOR bereitet in 10 Ausgaben pro Jahr die wesentlichen Themen f\u00fcr F\u00fchrungskr\u00e4fte von KMU auf.\",\"publisher\":{\"@id\":\"https:\\\/\\\/www.organisator.ch\\\/#organization\"},\"potentialAction\":[{\"@type\":\"SearchAction\",\"target\":{\"@type\":\"EntryPoint\",\"urlTemplate\":\"https:\\\/\\\/www.organisator.ch\\\/?s={search_term_string}\"},\"query-input\":{\"@type\":\"PropertyValueSpecification\",\"valueRequired\":true,\"valueName\":\"search_term_string\"}}],\"inLanguage\":\"fr-FR\"},{\"@type\":\"Organization\",\"@id\":\"https:\\\/\\\/www.organisator.ch\\\/#organization\",\"name\":\"Organisator\",\"url\":\"https:\\\/\\\/www.organisator.ch\\\/\",\"logo\":{\"@type\":\"ImageObject\",\"inLanguage\":\"fr-FR\",\"@id\":\"https:\\\/\\\/www.organisator.ch\\\/#\\\/schema\\\/logo\\\/image\\\/\",\"url\":\"https:\\\/\\\/www.organisator.ch\\\/wp-content\\\/uploads\\\/2022\\\/01\\\/Logo_Organisator_Website.png\",\"contentUrl\":\"https:\\\/\\\/www.organisator.ch\\\/wp-content\\\/uploads\\\/2022\\\/01\\\/Logo_Organisator_Website.png\",\"width\":800,\"height\":77,\"caption\":\"Organisator\"},\"image\":{\"@id\":\"https:\\\/\\\/www.organisator.ch\\\/#\\\/schema\\\/logo\\\/image\\\/\"},\"sameAs\":[\"https:\\\/\\\/www.facebook.com\\\/OrganisatorFachmagazin\",\"https:\\\/\\\/www.linkedin.com\\\/showcase\\\/organisator-das-magazin-fr-kmu\",\"https:\\\/\\\/www.xing.com\\\/news\\\/pages\\\/organisator-ch-695\",\"https:\\\/\\\/www.youtube.com\\\/channel\\\/UCGP2Sq0iWaZwT3BdIAQFYpw\"]},{\"@type\":\"Person\",\"@id\":\"https:\\\/\\\/www.organisator.ch\\\/#\\\/schema\\\/person\\\/4e51799071cd2dd1232ac003643ef5f0\",\"name\":\"galledia\",\"image\":{\"@type\":\"ImageObject\",\"inLanguage\":\"fr-FR\",\"@id\":\"https:\\\/\\\/secure.gravatar.com\\\/avatar\\\/78a7f90c01fc2bfc875782a0d4922b37cde2cf184ce347b91316d23cd7f69a36?s=96&d=mm&r=g\",\"url\":\"https:\\\/\\\/secure.gravatar.com\\\/avatar\\\/78a7f90c01fc2bfc875782a0d4922b37cde2cf184ce347b91316d23cd7f69a36?s=96&d=mm&r=g\",\"contentUrl\":\"https:\\\/\\\/secure.gravatar.com\\\/avatar\\\/78a7f90c01fc2bfc875782a0d4922b37cde2cf184ce347b91316d23cd7f69a36?s=96&d=mm&r=g\",\"caption\":\"galledia\"},\"sameAs\":[\"https:\\\/\\\/x.com\\\/admin\"],\"url\":\"https:\\\/\\\/www.organisator.ch\\\/fr\\\/author\\\/galledia\\\/\"}]}<\/script>\n<!-- \/ Yoast SEO plugin. -->","yoast_head_json":{"title":"Evoq nouveau membre de Leading Swiss Agencies - Organisateur","description":"Evoq Communications est un nouveau membre des Leading Swiss Agencies et propose des solutions de communication durables \u00e0 service complet.","robots":{"index":"index","follow":"follow","max-snippet":"max-snippet:-1","max-image-preview":"max-image-preview:large","max-video-preview":"max-video-preview:-1"},"canonical":"https:\/\/www.organisator.ch\/fr\/marketing\/2025-01-16\/evoq-neustes-mitglied-von-leading-swiss-agencies\/","og_locale":"fr_FR","og_type":"article","og_title":"Evoq neustes Mitglied von Leading Swiss Agencies - Organisator","og_description":"Evoq Communications ist neues Mitglied der Leading Swiss Agencies und bietet nachhaltige Full-Service-Kommunikationsl\u00f6sungen.","og_url":"https:\/\/www.organisator.ch\/fr\/marketing\/2025-01-16\/evoq-neustes-mitglied-von-leading-swiss-agencies\/","og_site_name":"Organisator","article_publisher":"https:\/\/www.facebook.com\/OrganisatorFachmagazin","article_published_time":"2025-01-16T07:59:50+00:00","article_modified_time":"2025-01-16T08:28:45+00:00","author":"galledia","twitter_card":"summary_large_image","twitter_creator":"@admin","schema":{"@context":"https:\/\/schema.org","@graph":[{"@type":"Article","@id":"https:\/\/www.organisator.ch\/marketing\/2025-01-16\/evoq-neustes-mitglied-von-leading-swiss-agencies\/#article","isPartOf":{"@id":"https:\/\/www.organisator.ch\/marketing\/2025-01-16\/evoq-neustes-mitglied-von-leading-swiss-agencies\/"},"author":{"name":"galledia","@id":"https:\/\/www.organisator.ch\/#\/schema\/person\/4e51799071cd2dd1232ac003643ef5f0"},"headline":"Evoq neustes Mitglied von Leading Swiss Agencies","datePublished":"2025-01-16T07:59:50+00:00","dateModified":"2025-01-16T08:28:45+00:00","mainEntityOfPage":{"@id":"https:\/\/www.organisator.ch\/marketing\/2025-01-16\/evoq-neustes-mitglied-von-leading-swiss-agencies\/"},"wordCount":155,"publisher":{"@id":"https:\/\/www.organisator.ch\/#organization"},"image":{"@id":"https:\/\/www.organisator.ch\/marketing\/2025-01-16\/evoq-neustes-mitglied-von-leading-swiss-agencies\/#primaryimage"},"thumbnailUrl":"https:\/\/www.markt-kom.com\/wp-content\/uploads\/2025\/01\/evoq_GL_Christian_Sutter_Adrian_Haussener_Dominique_Schaffner_Susanne_Pfaeffli.jpg","keywords":["Evoq","LSA Leading Swiss Agencies","MarKom"],"articleSection":["MARKETING"],"inLanguage":"fr-FR"},{"@type":"WebPage","@id":"https:\/\/www.organisator.ch\/marketing\/2025-01-16\/evoq-neustes-mitglied-von-leading-swiss-agencies\/","url":"https:\/\/www.organisator.ch\/marketing\/2025-01-16\/evoq-neustes-mitglied-von-leading-swiss-agencies\/","name":"Evoq nouveau membre de Leading Swiss Agencies - Organisateur","isPartOf":{"@id":"https:\/\/www.organisator.ch\/#website"},"primaryImageOfPage":{"@id":"https:\/\/www.organisator.ch\/marketing\/2025-01-16\/evoq-neustes-mitglied-von-leading-swiss-agencies\/#primaryimage"},"image":{"@id":"https:\/\/www.organisator.ch\/marketing\/2025-01-16\/evoq-neustes-mitglied-von-leading-swiss-agencies\/#primaryimage"},"thumbnailUrl":"https:\/\/www.markt-kom.com\/wp-content\/uploads\/2025\/01\/evoq_GL_Christian_Sutter_Adrian_Haussener_Dominique_Schaffner_Susanne_Pfaeffli.jpg","datePublished":"2025-01-16T07:59:50+00:00","dateModified":"2025-01-16T08:28:45+00:00","description":"Evoq Communications est un nouveau membre des Leading Swiss Agencies et propose des solutions de communication durables \u00e0 service complet.","breadcrumb":{"@id":"https:\/\/www.organisator.ch\/marketing\/2025-01-16\/evoq-neustes-mitglied-von-leading-swiss-agencies\/#breadcrumb"},"inLanguage":"fr-FR","potentialAction":[{"@type":"ReadAction","target":["https:\/\/www.organisator.ch\/marketing\/2025-01-16\/evoq-neustes-mitglied-von-leading-swiss-agencies\/"]}]},{"@type":"ImageObject","inLanguage":"fr-FR","@id":"https:\/\/www.organisator.ch\/marketing\/2025-01-16\/evoq-neustes-mitglied-von-leading-swiss-agencies\/#primaryimage","url":"https:\/\/www.markt-kom.com\/wp-content\/uploads\/2025\/01\/evoq_GL_Christian_Sutter_Adrian_Haussener_Dominique_Schaffner_Susanne_Pfaeffli.jpg","contentUrl":"https:\/\/www.markt-kom.com\/wp-content\/uploads\/2025\/01\/evoq_GL_Christian_Sutter_Adrian_Haussener_Dominique_Schaffner_Susanne_Pfaeffli.jpg"},{"@type":"BreadcrumbList","@id":"https:\/\/www.organisator.ch\/marketing\/2025-01-16\/evoq-neustes-mitglied-von-leading-swiss-agencies\/#breadcrumb","itemListElement":[{"@type":"ListItem","position":1,"name":"Home","item":"https:\/\/www.organisator.ch\/"},{"@type":"ListItem","position":2,"name":"Evoq neustes Mitglied von Leading Swiss Agencies"}]},{"@type":"WebSite","@id":"https:\/\/www.organisator.ch\/#website","url":"https:\/\/www.organisator.ch\/","name":"Organisateur","description":"Comp\u00e9tence et comp\u00e9tence. Proches de la pratique. L'ORGANISATEUR pr\u00e9pare 10 num\u00e9ros par an sur les th\u00e8mes essentiels pour les dirigeants de PME.","publisher":{"@id":"https:\/\/www.organisator.ch\/#organization"},"potentialAction":[{"@type":"SearchAction","target":{"@type":"EntryPoint","urlTemplate":"https:\/\/www.organisator.ch\/?s={search_term_string}"},"query-input":{"@type":"PropertyValueSpecification","valueRequired":true,"valueName":"search_term_string"}}],"inLanguage":"fr-FR"},{"@type":"Organization","@id":"https:\/\/www.organisator.ch\/#organization","name":"Organisateur","url":"https:\/\/www.organisator.ch\/","logo":{"@type":"ImageObject","inLanguage":"fr-FR","@id":"https:\/\/www.organisator.ch\/#\/schema\/logo\/image\/","url":"https:\/\/www.organisator.ch\/wp-content\/uploads\/2022\/01\/Logo_Organisator_Website.png","contentUrl":"https:\/\/www.organisator.ch\/wp-content\/uploads\/2022\/01\/Logo_Organisator_Website.png","width":800,"height":77,"caption":"Organisator"},"image":{"@id":"https:\/\/www.organisator.ch\/#\/schema\/logo\/image\/"},"sameAs":["https:\/\/www.facebook.com\/OrganisatorFachmagazin","https:\/\/www.linkedin.com\/showcase\/organisator-das-magazin-fr-kmu","https:\/\/www.xing.com\/news\/pages\/organisator-ch-695","https:\/\/www.youtube.com\/channel\/UCGP2Sq0iWaZwT3BdIAQFYpw"]},{"@type":"Person","@id":"https:\/\/www.organisator.ch\/#\/schema\/person\/4e51799071cd2dd1232ac003643ef5f0","name":"galledia","image":{"@type":"ImageObject","inLanguage":"fr-FR","@id":"https:\/\/secure.gravatar.com\/avatar\/78a7f90c01fc2bfc875782a0d4922b37cde2cf184ce347b91316d23cd7f69a36?s=96&d=mm&r=g","url":"https:\/\/secure.gravatar.com\/avatar\/78a7f90c01fc2bfc875782a0d4922b37cde2cf184ce347b91316d23cd7f69a36?s=96&d=mm&r=g","contentUrl":"https:\/\/secure.gravatar.com\/avatar\/78a7f90c01fc2bfc875782a0d4922b37cde2cf184ce347b91316d23cd7f69a36?s=96&d=mm&r=g","caption":"galledia"},"sameAs":["https:\/\/x.com\/admin"],"url":"https:\/\/www.organisator.ch\/fr\/author\/galledia\/"}]}},"_links":{"self":[{"href":"https:\/\/www.organisator.ch\/fr\/wp-json\/wp\/v2\/posts\/35271","targetHints":{"allow":["GET"]}}],"collection":[{"href":"https:\/\/www.organisator.ch\/fr\/wp-json\/wp\/v2\/posts"}],"about":[{"href":"https:\/\/www.organisator.ch\/fr\/wp-json\/wp\/v2\/types\/post"}],"author":[{"embeddable":true,"href":"https:\/\/www.organisator.ch\/fr\/wp-json\/wp\/v2\/users\/8"}],"replies":[{"embeddable":true,"href":"https:\/\/www.organisator.ch\/fr\/wp-json\/wp\/v2\/comments?post=35271"}],"version-history":[{"count":3,"href":"https:\/\/www.organisator.ch\/fr\/wp-json\/wp\/v2\/posts\/35271\/revisions"}],"predecessor-version":[{"id":35297,"href":"https:\/\/www.organisator.ch\/fr\/wp-json\/wp\/v2\/posts\/35271\/revisions\/35297"}],"wp:attachment":[{"href":"https:\/\/www.organisator.ch\/fr\/wp-json\/wp\/v2\/media?parent=35271"}],"wp:term":[{"taxonomy":"category","embeddable":true,"href":"https:\/\/www.organisator.ch\/fr\/wp-json\/wp\/v2\/categories?post=35271"},{"taxonomy":"post_tag","embeddable":true,"href":"https:\/\/www.organisator.ch\/fr\/wp-json\/wp\/v2\/tags?post=35271"}],"curies":[{"name":"wp","href":"https:\/\/api.w.org\/{rel}","templated":true}]}}