{"id":353,"date":"2016-05-19T16:08:55","date_gmt":"2016-05-19T14:08:55","guid":{"rendered":"https:\/\/dev.umweltperspektiven.ch\/?p=353"},"modified":"2016-05-19T16:08:55","modified_gmt":"2016-05-19T14:08:55","slug":"zusaetzliche-mittel-fuer-die-biodiversitaet","status":"publish","type":"post","link":"https:\/\/www.organisator.ch\/fr\/allgemein\/2016-05-19\/zusaetzliche-mittel-fuer-die-biodiversitaet\/","title":{"rendered":"Des moyens suppl\u00e9mentaires pour la biodiversit\u00e9"},"content":{"rendered":"<figure id=\"attachment_354\" aria-describedby=\"caption-attachment-354\" style=\"width: 680px\" class=\"wp-caption alignnone\"><a href=\"\/\/dev.umweltperspektiven.ch\/wp-content\/uploads\/2016\/12\/Zus\u00e4tzliche-Mittel-f\u00fcr-die-Biodiversit\u00e4t-umweltperspektiven.jpg\"><img loading=\"lazy\" decoding=\"async\" class=\"size-medium wp-image-354\" src=\"\/\/dev.umweltperspektiven.ch\/wp-content\/uploads\/2016\/12\/Zus\u00e4tzliche-Mittel-f\u00fcr-die-Biodiversit\u00e4t-umweltperspektiven.jpg\" alt=\"Les fonds doivent notamment \u00eatre utilis\u00e9s pour la biodiversit\u00e9 dans les for\u00eats.\" width=\"680\" height=\"452\" \/><\/a><figcaption id=\"caption-attachment-354\" class=\"wp-caption-text\">Les fonds doivent notamment \u00eatre utilis\u00e9s pour la biodiversit\u00e9 dans les for\u00eats.<\/figcaption><\/figure>\n<p>La diversit\u00e9 biologique et les services qu'elle fournit \u00e0 l'\u00e9conomie et \u00e0 la soci\u00e9t\u00e9 sont sous pression. L'utilisation intensive des ressources naturelles par l'agriculture, la mobilit\u00e9, l'extension de l'habitat et les activit\u00e9s de loisirs a fait reculer les surfaces des zones alluviales de 70%, des marais de 80% et des prairies et p\u00e2turages secs de 95% depuis 1900. Plus d'un tiers de toutes les esp\u00e8ces \u00e9tudi\u00e9es en Suisse sont menac\u00e9es. La propagation croissante d'esp\u00e8ces exotiques envahissantes ainsi que le changement climatique continuent de mettre la biodiversit\u00e9 sous pression.<\/p>\n<p><strong>Mesures imm\u00e9diates pour la biodiversit\u00e9\u00a0<\/strong><\/p>\n<p>Le Conseil f\u00e9d\u00e9ral veut contrer cette \u00e9volution et a donc r\u00e9affect\u00e9 80 millions du budget de l'OFEV \u00e0 la promotion de la biodiversit\u00e9, en compl\u00e9ment des efforts actuels de la Conf\u00e9d\u00e9ration et des cantons, et allou\u00e9 55 millions de francs suppl\u00e9mentaires. Ces moyens servent \u00e0 entreprendre rapidement les mesures d'assainissement et de revalorisation les plus urgentes. Ils seront utilis\u00e9s par tranches (2017 : 20 millions de francs ; 2018 : 35 millions de francs ; 2019 et 2020 : 40 millions de francs chacun). Les cantons participeront au financement des mesures urgentes dans des proportions similaires.<\/p>\n<p>Ces mesures ont pour but d'am\u00e9liorer la qualit\u00e9 des biotopes d'importance nationale et de promouvoir la biodiversit\u00e9 en for\u00eat. Il s'agit par exemple de supprimer les anciens drains et foss\u00e9s de drainage des marais, qui sont pourtant toujours efficaces, de prendre des mesures contre les esp\u00e8ces exotiques probl\u00e9matiques et de cr\u00e9er des r\u00e9serves foresti\u00e8res ou des \u00eelots de vieux bois et de bois mort pour soutenir les esp\u00e8ces foresti\u00e8res. Actuellement, il est urgent d'assainir 25% des sites de reproduction des amphibiens, 30% des zones alluviales, 80% des hauts-marais, 30% des bas-marais et 20% des prairies et p\u00e2turages secs. En mati\u00e8re de biodiversit\u00e9 foresti\u00e8re, l'accent est mis sur la promotion des r\u00e9serves foresti\u00e8res, des \u00eelots de vieux bois et de bois mort ainsi que des esp\u00e8ces et des habitats prioritaires au niveau national.<\/p>\n<p><strong>Strat\u00e9gie de la Suisse concernant les esp\u00e8ces exotiques envahissantes<\/strong><\/p>\n<p>Les fonds allou\u00e9s doivent \u00e9galement \u00eatre utilis\u00e9s pour mettre en \u0153uvre les mesures de la strat\u00e9gie relative aux esp\u00e8ces exotiques envahissantes. Le Conseil f\u00e9d\u00e9ral les a \u00e9galement approuv\u00e9es aujourd'hui en r\u00e9ponse au postulat Vogler (Po. 13.3636), afin de lutter contre les dommages caus\u00e9s par ces esp\u00e8ces et d'en pr\u00e9venir de futurs. Les esp\u00e8ces exotiques envahissantes peuvent avoir des effets n\u00e9gatifs sur la sant\u00e9 humaine et animale (par exemple en provoquant des allergies par le pollen ou en transmettant des maladies), modifier durablement des habitats particuli\u00e8rement sensibles ou dignes de protection (par exemple en \u00e9vin\u00e7ant des esp\u00e8ces v\u00e9g\u00e9tales indig\u00e8nes menac\u00e9es) ou endommager des infrastructures (par exemple en d\u00e9stabilisant des digues pour la protection contre les crues). L'harmonisation et l'adaptation des bases l\u00e9gales relatives aux esp\u00e8ces exotiques font partie de la mise en \u0153uvre de la strat\u00e9gie. Le DETEC est maintenant charg\u00e9 d'\u00e9laborer un projet dans ce sens.<\/p>\n<p><strong>Plan d'action pour la mise en \u0153uvre de la Strat\u00e9gie Biodiversit\u00e9 Suisse<\/strong><\/p>\n<p>Par ses d\u00e9cisions, le Conseil f\u00e9d\u00e9ral souligne son intention de mettre en \u0153uvre la Strat\u00e9gie Biodiversit\u00e9 Suisse (SBS) et d'atteindre les objectifs qui y sont formul\u00e9s. Il a pris connaissance aujourd'hui du rapport sur les r\u00e9sultats de la pr\u00e9consultation concernant le catalogue de mesures du plan d'action SBS. D'ici la fin de l'ann\u00e9e, le DETEC \u00e9laborera un projet de consultation correspondant \u00e0 l'attention du Conseil f\u00e9d\u00e9ral. La SBS constitue la base du maintien \u00e0 long terme d'une biodiversit\u00e9 riche, capable de s'adapter aux changements (p. ex. au r\u00e9chauffement climatique). En outre, les g\u00e9n\u00e9rations futures de la population suisse doivent \u00e9galement pouvoir profiter des prestations gratuites de la biodiversit\u00e9 (par exemple la mise \u00e0 disposition de nourriture, d'eau propre, de sources d'\u00e9nergie ou de ressources g\u00e9n\u00e9tiques).<\/p>","protected":false},"excerpt":{"rendered":"<p>Die biologische Vielfalt und ihre Leistungen f\u00fcr Wirtschaft und Gesellschaft sind unter Druck. Die intensive Nutzung nat\u00fcrlicher Ressourcen durch Landwirtschaft, Mobilit\u00e4t, Siedlungsausdehnung und Freizeitaktivit\u00e4ten liessen seit 1900 die Fl\u00e4chen der Auen um 70%, der Moore um 80% und der Trockenwiesen und -weiden um 95% schrumpfen. Mehr als ein Drittel aller untersuchten Arten der Schweiz ist [&hellip;]<\/p>\n","protected":false},"author":1,"featured_media":354,"comment_status":"open","ping_status":"open","sticky":false,"template":"","format":"standard","meta":{"_acf_changed":false,"_yoast_wpseo_focuskw":"Biodiversit\u00e4t","_yoast_wpseo_metadesc":"Der Bundesrat spricht f\u00fcr die n\u00e4chsten vier Jahre zus\u00e4tzliche 55 Millionen Franken f\u00fcr die Erhaltung der biologischen Vielfalt in der Schweiz.","articlekey":"","footnotes":""},"categories":[1],"tags":[829,841,100,1441,2499],"class_list":["post-353","post","type-post","status-publish","format-standard","has-post-thumbnail","hentry","category-allgemein","tag-biodiversitaet","tag-biologische-vielfalt","tag-bundesrat","tag-investition","tag-wald"],"acf":[],"yoast_head":"<!-- This site is optimized with the Yoast SEO plugin v27.5 - https:\/\/yoast.com\/product\/yoast-seo-wordpress\/ -->\n<title>Zus\u00e4tzliche Mittel f\u00fcr die Biodiversit\u00e4t - Organisator<\/title>\n<meta name=\"description\" content=\"Der Bundesrat spricht f\u00fcr die n\u00e4chsten vier Jahre zus\u00e4tzliche 55 Millionen Franken f\u00fcr die Erhaltung der biologischen Vielfalt in der Schweiz.\" \/>\n<meta name=\"robots\" content=\"index, follow, max-snippet:-1, max-image-preview:large, max-video-preview:-1\" \/>\n<link rel=\"canonical\" href=\"https:\/\/www.organisator.ch\/fr\/general\/2016-05-19\/zusaetzliche-mittel-fuer-die-biodiversitaet\/\" \/>\n<meta property=\"og:locale\" content=\"fr_FR\" \/>\n<meta property=\"og:type\" content=\"article\" \/>\n<meta property=\"og:title\" content=\"Zus\u00e4tzliche Mittel f\u00fcr die Biodiversit\u00e4t - Organisator\" \/>\n<meta property=\"og:description\" content=\"Der Bundesrat spricht f\u00fcr die n\u00e4chsten vier Jahre zus\u00e4tzliche 55 Millionen Franken f\u00fcr die Erhaltung der biologischen Vielfalt in der Schweiz.\" \/>\n<meta property=\"og:url\" content=\"https:\/\/www.organisator.ch\/fr\/general\/2016-05-19\/zusaetzliche-mittel-fuer-die-biodiversitaet\/\" \/>\n<meta property=\"og:site_name\" content=\"Organisator\" \/>\n<meta property=\"article:publisher\" content=\"https:\/\/www.facebook.com\/OrganisatorFachmagazin\" \/>\n<meta property=\"article:published_time\" content=\"2016-05-19T14:08:55+00:00\" \/>\n<meta property=\"og:image\" content=\"https:\/\/www.organisator.ch\/wp-content\/uploads\/2016\/12\/Zusaetzliche-Mittel-fuer-die-Biodiversitaet-umweltperspektiven.jpg\" \/>\n\t<meta property=\"og:image:width\" content=\"1000\" \/>\n\t<meta property=\"og:image:height\" content=\"665\" \/>\n\t<meta property=\"og:image:type\" content=\"image\/jpeg\" \/>\n<meta name=\"author\" content=\"admin\" \/>\n<meta name=\"twitter:card\" content=\"summary_large_image\" \/>\n<script type=\"application\/ld+json\" class=\"yoast-schema-graph\">{\"@context\":\"https:\\\/\\\/schema.org\",\"@graph\":[{\"@type\":\"Article\",\"@id\":\"https:\\\/\\\/www.organisator.ch\\\/it\\\/generale\\\/2016-05-19\\\/zusaetzliche-mittel-fuer-die-biodiversitaet\\\/#article\",\"isPartOf\":{\"@id\":\"https:\\\/\\\/www.organisator.ch\\\/it\\\/generale\\\/2016-05-19\\\/zusaetzliche-mittel-fuer-die-biodiversitaet\\\/\"},\"author\":{\"name\":\"admin\",\"@id\":\"https:\\\/\\\/www.organisator.ch\\\/#\\\/schema\\\/person\\\/aa2bace6c5c5aad60102004a50c4eb1c\"},\"headline\":\"Zus\u00e4tzliche Mittel f\u00fcr die Biodiversit\u00e4t\",\"datePublished\":\"2016-05-19T14:08:55+00:00\",\"mainEntityOfPage\":{\"@id\":\"https:\\\/\\\/www.organisator.ch\\\/it\\\/generale\\\/2016-05-19\\\/zusaetzliche-mittel-fuer-die-biodiversitaet\\\/\"},\"wordCount\":538,\"commentCount\":0,\"publisher\":{\"@id\":\"https:\\\/\\\/www.organisator.ch\\\/#organization\"},\"image\":{\"@id\":\"https:\\\/\\\/www.organisator.ch\\\/it\\\/generale\\\/2016-05-19\\\/zusaetzliche-mittel-fuer-die-biodiversitaet\\\/#primaryimage\"},\"thumbnailUrl\":\"https:\\\/\\\/www.organisator.ch\\\/wp-content\\\/uploads\\\/2016\\\/12\\\/Zusaetzliche-Mittel-fuer-die-Biodiversitaet-umweltperspektiven.jpg\",\"keywords\":[\"Biodiversit\u00e4t\",\"biologische Vielfalt\",\"Bundesrat\",\"Investition\",\"Wald\"],\"articleSection\":[\"Allgemein\"],\"inLanguage\":\"fr-FR\"},{\"@type\":\"WebPage\",\"@id\":\"https:\\\/\\\/www.organisator.ch\\\/it\\\/generale\\\/2016-05-19\\\/zusaetzliche-mittel-fuer-die-biodiversitaet\\\/\",\"url\":\"https:\\\/\\\/www.organisator.ch\\\/it\\\/generale\\\/2016-05-19\\\/zusaetzliche-mittel-fuer-die-biodiversitaet\\\/\",\"name\":\"Zus\u00e4tzliche Mittel f\u00fcr die Biodiversit\u00e4t - Organisator\",\"isPartOf\":{\"@id\":\"https:\\\/\\\/www.organisator.ch\\\/#website\"},\"primaryImageOfPage\":{\"@id\":\"https:\\\/\\\/www.organisator.ch\\\/it\\\/generale\\\/2016-05-19\\\/zusaetzliche-mittel-fuer-die-biodiversitaet\\\/#primaryimage\"},\"image\":{\"@id\":\"https:\\\/\\\/www.organisator.ch\\\/it\\\/generale\\\/2016-05-19\\\/zusaetzliche-mittel-fuer-die-biodiversitaet\\\/#primaryimage\"},\"thumbnailUrl\":\"https:\\\/\\\/www.organisator.ch\\\/wp-content\\\/uploads\\\/2016\\\/12\\\/Zusaetzliche-Mittel-fuer-die-Biodiversitaet-umweltperspektiven.jpg\",\"datePublished\":\"2016-05-19T14:08:55+00:00\",\"description\":\"Der Bundesrat spricht f\u00fcr die n\u00e4chsten vier Jahre zus\u00e4tzliche 55 Millionen Franken f\u00fcr die Erhaltung der biologischen Vielfalt in der Schweiz.\",\"breadcrumb\":{\"@id\":\"https:\\\/\\\/www.organisator.ch\\\/it\\\/generale\\\/2016-05-19\\\/zusaetzliche-mittel-fuer-die-biodiversitaet\\\/#breadcrumb\"},\"inLanguage\":\"fr-FR\",\"potentialAction\":[{\"@type\":\"ReadAction\",\"target\":[\"https:\\\/\\\/www.organisator.ch\\\/it\\\/generale\\\/2016-05-19\\\/zusaetzliche-mittel-fuer-die-biodiversitaet\\\/\"]}]},{\"@type\":\"ImageObject\",\"inLanguage\":\"fr-FR\",\"@id\":\"https:\\\/\\\/www.organisator.ch\\\/it\\\/generale\\\/2016-05-19\\\/zusaetzliche-mittel-fuer-die-biodiversitaet\\\/#primaryimage\",\"url\":\"https:\\\/\\\/www.organisator.ch\\\/wp-content\\\/uploads\\\/2016\\\/12\\\/Zusaetzliche-Mittel-fuer-die-Biodiversitaet-umweltperspektiven.jpg\",\"contentUrl\":\"https:\\\/\\\/www.organisator.ch\\\/wp-content\\\/uploads\\\/2016\\\/12\\\/Zusaetzliche-Mittel-fuer-die-Biodiversitaet-umweltperspektiven.jpg\",\"width\":1000,\"height\":665,\"caption\":\"Die Gelder sollen unter anderem f\u00fcr die Biodiversit\u00e4t im Wald eingesetzt werden.\"},{\"@type\":\"BreadcrumbList\",\"@id\":\"https:\\\/\\\/www.organisator.ch\\\/it\\\/generale\\\/2016-05-19\\\/zusaetzliche-mittel-fuer-die-biodiversitaet\\\/#breadcrumb\",\"itemListElement\":[{\"@type\":\"ListItem\",\"position\":1,\"name\":\"Home\",\"item\":\"https:\\\/\\\/www.organisator.ch\\\/\"},{\"@type\":\"ListItem\",\"position\":2,\"name\":\"Zus\u00e4tzliche Mittel f\u00fcr die Biodiversit\u00e4t\"}]},{\"@type\":\"WebSite\",\"@id\":\"https:\\\/\\\/www.organisator.ch\\\/#website\",\"url\":\"https:\\\/\\\/www.organisator.ch\\\/\",\"name\":\"Organisator\",\"description\":\"Kompetent. Praxisnah. Der ORGANISATOR bereitet in 10 Ausgaben pro Jahr die wesentlichen Themen f\u00fcr F\u00fchrungskr\u00e4fte von KMU auf.\",\"publisher\":{\"@id\":\"https:\\\/\\\/www.organisator.ch\\\/#organization\"},\"potentialAction\":[{\"@type\":\"SearchAction\",\"target\":{\"@type\":\"EntryPoint\",\"urlTemplate\":\"https:\\\/\\\/www.organisator.ch\\\/?s={search_term_string}\"},\"query-input\":{\"@type\":\"PropertyValueSpecification\",\"valueRequired\":true,\"valueName\":\"search_term_string\"}}],\"inLanguage\":\"fr-FR\"},{\"@type\":\"Organization\",\"@id\":\"https:\\\/\\\/www.organisator.ch\\\/#organization\",\"name\":\"Organisator\",\"url\":\"https:\\\/\\\/www.organisator.ch\\\/\",\"logo\":{\"@type\":\"ImageObject\",\"inLanguage\":\"fr-FR\",\"@id\":\"https:\\\/\\\/www.organisator.ch\\\/#\\\/schema\\\/logo\\\/image\\\/\",\"url\":\"https:\\\/\\\/www.organisator.ch\\\/wp-content\\\/uploads\\\/2022\\\/01\\\/Logo_Organisator_Website.png\",\"contentUrl\":\"https:\\\/\\\/www.organisator.ch\\\/wp-content\\\/uploads\\\/2022\\\/01\\\/Logo_Organisator_Website.png\",\"width\":800,\"height\":77,\"caption\":\"Organisator\"},\"image\":{\"@id\":\"https:\\\/\\\/www.organisator.ch\\\/#\\\/schema\\\/logo\\\/image\\\/\"},\"sameAs\":[\"https:\\\/\\\/www.facebook.com\\\/OrganisatorFachmagazin\",\"https:\\\/\\\/www.linkedin.com\\\/showcase\\\/organisator-das-magazin-fr-kmu\",\"https:\\\/\\\/www.xing.com\\\/news\\\/pages\\\/organisator-ch-695\",\"https:\\\/\\\/www.youtube.com\\\/channel\\\/UCGP2Sq0iWaZwT3BdIAQFYpw\"]},{\"@type\":\"Person\",\"@id\":\"https:\\\/\\\/www.organisator.ch\\\/#\\\/schema\\\/person\\\/aa2bace6c5c5aad60102004a50c4eb1c\",\"name\":\"admin\",\"image\":{\"@type\":\"ImageObject\",\"inLanguage\":\"fr-FR\",\"@id\":\"https:\\\/\\\/secure.gravatar.com\\\/avatar\\\/ae2f4d718e6c49043e314ce431e7e645d646302a24a5ef5a8bc8e3f5a032e319?s=96&d=mm&r=g\",\"url\":\"https:\\\/\\\/secure.gravatar.com\\\/avatar\\\/ae2f4d718e6c49043e314ce431e7e645d646302a24a5ef5a8bc8e3f5a032e319?s=96&d=mm&r=g\",\"contentUrl\":\"https:\\\/\\\/secure.gravatar.com\\\/avatar\\\/ae2f4d718e6c49043e314ce431e7e645d646302a24a5ef5a8bc8e3f5a032e319?s=96&d=mm&r=g\",\"caption\":\"admin\"},\"sameAs\":[\"https:\\\/\\\/www.organisator.ch\"],\"url\":\"https:\\\/\\\/www.organisator.ch\\\/fr\\\/author\\\/admin\\\/\"}]}<\/script>\n<!-- \/ Yoast SEO plugin. -->","yoast_head_json":{"title":"Des moyens suppl\u00e9mentaires pour la biodiversit\u00e9 - Organisateur","description":"Le Conseil f\u00e9d\u00e9ral alloue 55 millions de francs suppl\u00e9mentaires pour les quatre prochaines ann\u00e9es \u00e0 la conservation de la diversit\u00e9 biologique en Suisse.","robots":{"index":"index","follow":"follow","max-snippet":"max-snippet:-1","max-image-preview":"max-image-preview:large","max-video-preview":"max-video-preview:-1"},"canonical":"https:\/\/www.organisator.ch\/fr\/general\/2016-05-19\/zusaetzliche-mittel-fuer-die-biodiversitaet\/","og_locale":"fr_FR","og_type":"article","og_title":"Zus\u00e4tzliche Mittel f\u00fcr die Biodiversit\u00e4t - Organisator","og_description":"Der Bundesrat spricht f\u00fcr die n\u00e4chsten vier Jahre zus\u00e4tzliche 55 Millionen Franken f\u00fcr die Erhaltung der biologischen Vielfalt in der Schweiz.","og_url":"https:\/\/www.organisator.ch\/fr\/general\/2016-05-19\/zusaetzliche-mittel-fuer-die-biodiversitaet\/","og_site_name":"Organisator","article_publisher":"https:\/\/www.facebook.com\/OrganisatorFachmagazin","article_published_time":"2016-05-19T14:08:55+00:00","og_image":[{"width":1000,"height":665,"url":"https:\/\/www.organisator.ch\/wp-content\/uploads\/2016\/12\/Zusaetzliche-Mittel-fuer-die-Biodiversitaet-umweltperspektiven.jpg","type":"image\/jpeg"}],"author":"admin","twitter_card":"summary_large_image","schema":{"@context":"https:\/\/schema.org","@graph":[{"@type":"Article","@id":"https:\/\/www.organisator.ch\/it\/generale\/2016-05-19\/zusaetzliche-mittel-fuer-die-biodiversitaet\/#article","isPartOf":{"@id":"https:\/\/www.organisator.ch\/it\/generale\/2016-05-19\/zusaetzliche-mittel-fuer-die-biodiversitaet\/"},"author":{"name":"admin","@id":"https:\/\/www.organisator.ch\/#\/schema\/person\/aa2bace6c5c5aad60102004a50c4eb1c"},"headline":"Zus\u00e4tzliche Mittel f\u00fcr die Biodiversit\u00e4t","datePublished":"2016-05-19T14:08:55+00:00","mainEntityOfPage":{"@id":"https:\/\/www.organisator.ch\/it\/generale\/2016-05-19\/zusaetzliche-mittel-fuer-die-biodiversitaet\/"},"wordCount":538,"commentCount":0,"publisher":{"@id":"https:\/\/www.organisator.ch\/#organization"},"image":{"@id":"https:\/\/www.organisator.ch\/it\/generale\/2016-05-19\/zusaetzliche-mittel-fuer-die-biodiversitaet\/#primaryimage"},"thumbnailUrl":"https:\/\/www.organisator.ch\/wp-content\/uploads\/2016\/12\/Zusaetzliche-Mittel-fuer-die-Biodiversitaet-umweltperspektiven.jpg","keywords":["Biodiversit\u00e4t","biologische Vielfalt","Bundesrat","Investition","Wald"],"articleSection":["Allgemein"],"inLanguage":"fr-FR"},{"@type":"WebPage","@id":"https:\/\/www.organisator.ch\/it\/generale\/2016-05-19\/zusaetzliche-mittel-fuer-die-biodiversitaet\/","url":"https:\/\/www.organisator.ch\/it\/generale\/2016-05-19\/zusaetzliche-mittel-fuer-die-biodiversitaet\/","name":"Des moyens suppl\u00e9mentaires pour la biodiversit\u00e9 - Organisateur","isPartOf":{"@id":"https:\/\/www.organisator.ch\/#website"},"primaryImageOfPage":{"@id":"https:\/\/www.organisator.ch\/it\/generale\/2016-05-19\/zusaetzliche-mittel-fuer-die-biodiversitaet\/#primaryimage"},"image":{"@id":"https:\/\/www.organisator.ch\/it\/generale\/2016-05-19\/zusaetzliche-mittel-fuer-die-biodiversitaet\/#primaryimage"},"thumbnailUrl":"https:\/\/www.organisator.ch\/wp-content\/uploads\/2016\/12\/Zusaetzliche-Mittel-fuer-die-Biodiversitaet-umweltperspektiven.jpg","datePublished":"2016-05-19T14:08:55+00:00","description":"Le Conseil f\u00e9d\u00e9ral alloue 55 millions de francs suppl\u00e9mentaires pour les quatre prochaines ann\u00e9es \u00e0 la conservation de la diversit\u00e9 biologique en Suisse.","breadcrumb":{"@id":"https:\/\/www.organisator.ch\/it\/generale\/2016-05-19\/zusaetzliche-mittel-fuer-die-biodiversitaet\/#breadcrumb"},"inLanguage":"fr-FR","potentialAction":[{"@type":"ReadAction","target":["https:\/\/www.organisator.ch\/it\/generale\/2016-05-19\/zusaetzliche-mittel-fuer-die-biodiversitaet\/"]}]},{"@type":"ImageObject","inLanguage":"fr-FR","@id":"https:\/\/www.organisator.ch\/it\/generale\/2016-05-19\/zusaetzliche-mittel-fuer-die-biodiversitaet\/#primaryimage","url":"https:\/\/www.organisator.ch\/wp-content\/uploads\/2016\/12\/Zusaetzliche-Mittel-fuer-die-Biodiversitaet-umweltperspektiven.jpg","contentUrl":"https:\/\/www.organisator.ch\/wp-content\/uploads\/2016\/12\/Zusaetzliche-Mittel-fuer-die-Biodiversitaet-umweltperspektiven.jpg","width":1000,"height":665,"caption":"Die Gelder sollen unter anderem f\u00fcr die Biodiversit\u00e4t im Wald eingesetzt werden."},{"@type":"BreadcrumbList","@id":"https:\/\/www.organisator.ch\/it\/generale\/2016-05-19\/zusaetzliche-mittel-fuer-die-biodiversitaet\/#breadcrumb","itemListElement":[{"@type":"ListItem","position":1,"name":"Home","item":"https:\/\/www.organisator.ch\/"},{"@type":"ListItem","position":2,"name":"Zus\u00e4tzliche Mittel f\u00fcr die Biodiversit\u00e4t"}]},{"@type":"WebSite","@id":"https:\/\/www.organisator.ch\/#website","url":"https:\/\/www.organisator.ch\/","name":"Organisateur","description":"Comp\u00e9tence et comp\u00e9tence. Proches de la pratique. L'ORGANISATEUR pr\u00e9pare 10 num\u00e9ros par an sur les th\u00e8mes essentiels pour les dirigeants de PME.","publisher":{"@id":"https:\/\/www.organisator.ch\/#organization"},"potentialAction":[{"@type":"SearchAction","target":{"@type":"EntryPoint","urlTemplate":"https:\/\/www.organisator.ch\/?s={search_term_string}"},"query-input":{"@type":"PropertyValueSpecification","valueRequired":true,"valueName":"search_term_string"}}],"inLanguage":"fr-FR"},{"@type":"Organization","@id":"https:\/\/www.organisator.ch\/#organization","name":"Organisateur","url":"https:\/\/www.organisator.ch\/","logo":{"@type":"ImageObject","inLanguage":"fr-FR","@id":"https:\/\/www.organisator.ch\/#\/schema\/logo\/image\/","url":"https:\/\/www.organisator.ch\/wp-content\/uploads\/2022\/01\/Logo_Organisator_Website.png","contentUrl":"https:\/\/www.organisator.ch\/wp-content\/uploads\/2022\/01\/Logo_Organisator_Website.png","width":800,"height":77,"caption":"Organisator"},"image":{"@id":"https:\/\/www.organisator.ch\/#\/schema\/logo\/image\/"},"sameAs":["https:\/\/www.facebook.com\/OrganisatorFachmagazin","https:\/\/www.linkedin.com\/showcase\/organisator-das-magazin-fr-kmu","https:\/\/www.xing.com\/news\/pages\/organisator-ch-695","https:\/\/www.youtube.com\/channel\/UCGP2Sq0iWaZwT3BdIAQFYpw"]},{"@type":"Person","@id":"https:\/\/www.organisator.ch\/#\/schema\/person\/aa2bace6c5c5aad60102004a50c4eb1c","name":"admin","image":{"@type":"ImageObject","inLanguage":"fr-FR","@id":"https:\/\/secure.gravatar.com\/avatar\/ae2f4d718e6c49043e314ce431e7e645d646302a24a5ef5a8bc8e3f5a032e319?s=96&d=mm&r=g","url":"https:\/\/secure.gravatar.com\/avatar\/ae2f4d718e6c49043e314ce431e7e645d646302a24a5ef5a8bc8e3f5a032e319?s=96&d=mm&r=g","contentUrl":"https:\/\/secure.gravatar.com\/avatar\/ae2f4d718e6c49043e314ce431e7e645d646302a24a5ef5a8bc8e3f5a032e319?s=96&d=mm&r=g","caption":"admin"},"sameAs":["https:\/\/www.organisator.ch"],"url":"https:\/\/www.organisator.ch\/fr\/author\/admin\/"}]}},"_links":{"self":[{"href":"https:\/\/www.organisator.ch\/fr\/wp-json\/wp\/v2\/posts\/353","targetHints":{"allow":["GET"]}}],"collection":[{"href":"https:\/\/www.organisator.ch\/fr\/wp-json\/wp\/v2\/posts"}],"about":[{"href":"https:\/\/www.organisator.ch\/fr\/wp-json\/wp\/v2\/types\/post"}],"author":[{"embeddable":true,"href":"https:\/\/www.organisator.ch\/fr\/wp-json\/wp\/v2\/users\/1"}],"replies":[{"embeddable":true,"href":"https:\/\/www.organisator.ch\/fr\/wp-json\/wp\/v2\/comments?post=353"}],"version-history":[{"count":0,"href":"https:\/\/www.organisator.ch\/fr\/wp-json\/wp\/v2\/posts\/353\/revisions"}],"wp:featuredmedia":[{"embeddable":true,"href":"https:\/\/www.organisator.ch\/fr\/wp-json\/wp\/v2\/media\/354"}],"wp:attachment":[{"href":"https:\/\/www.organisator.ch\/fr\/wp-json\/wp\/v2\/media?parent=353"}],"wp:term":[{"taxonomy":"category","embeddable":true,"href":"https:\/\/www.organisator.ch\/fr\/wp-json\/wp\/v2\/categories?post=353"},{"taxonomy":"post_tag","embeddable":true,"href":"https:\/\/www.organisator.ch\/fr\/wp-json\/wp\/v2\/tags?post=353"}],"curies":[{"name":"wp","href":"https:\/\/api.w.org\/{rel}","templated":true}]}}