{"id":35306,"date":"2025-01-16T15:30:08","date_gmt":"2025-01-16T14:30:08","guid":{"rendered":"https:\/\/www.markt-kom.com\/?p=229034"},"modified":"2025-01-16T15:30:40","modified_gmt":"2025-01-16T14:30:40","slug":"kraft-des-kollektivs-agentur-comm-unity-gegruendet","status":"publish","type":"post","link":"https:\/\/www.organisator.ch\/fr\/marketing\/2025-01-16\/kraft-des-kollektivs-agentur-comm-unity-gegruendet\/","title":{"rendered":"La force du collectif : l'agence \"Comm-unity\" est cr\u00e9\u00e9e"},"content":{"rendered":"<figure id=\"attachment_229035\" class=\"wp-caption aligncenter\" style=\"width: 1200px;\" aria-describedby=\"caption-attachment-229035\"><a href=\"https:\/\/www.markt-kom.com\/wp-content\/uploads\/2025\/01\/comm-unity-Agentur.jpg\"><img class=\"size-full wp-image-229035\" src=\"https:\/\/www.markt-kom.com\/wp-content\/uploads\/2025\/01\/comm-unity-Agentur.jpg\" sizes=\"(max-width: 1200px) 100vw, 1200px\" srcset=\"https:\/\/www.markt-kom.com\/wp-content\/uploads\/2025\/01\/comm-unity-Agentur.jpg 1200w, https:\/\/www.markt-kom.com\/wp-content\/uploads\/2025\/01\/comm-unity-Agentur-600x450.jpg 600w, https:\/\/www.markt-kom.com\/wp-content\/uploads\/2025\/01\/comm-unity-Agentur-1024x768.jpg 1024w, https:\/\/www.markt-kom.com\/wp-content\/uploads\/2025\/01\/comm-unity-Agentur-768x576.jpg 768w, https:\/\/www.markt-kom.com\/wp-content\/uploads\/2025\/01\/comm-unity-Agentur-16x12.jpg 16w, https:\/\/www.markt-kom.com\/wp-content\/uploads\/2025\/01\/comm-unity-Agentur-233x175.jpg 233w, https:\/\/www.markt-kom.com\/wp-content\/uploads\/2025\/01\/comm-unity-Agentur-467x350.jpg 467w, https:\/\/www.markt-kom.com\/wp-content\/uploads\/2025\/01\/comm-unity-Agentur-1000x750.jpg 1000w\" alt=\"\" width=\"1200\" height=\"900\" \/><\/a>\r\n<figcaption id=\"caption-attachment-229035\" class=\"wp-caption-text\">La direction de Comm-unity (de g. \u00e0 dr.) : Albin Kirchhofer, (mentor &amp; m\u00e9diateur), Stephan Lehmann-Maldonado (partenaire &amp; Lead Content), Roman Albertini (partenaire &amp; Lead Design), Thomas Aerni (partenaire &amp; Lead Strategy), Michael Aerni (partenaire &amp; Lead Digital), Markus Siegenthaler (Strategy &amp; conseil d'administration) et Markus Baumgartner (PR &amp; pr\u00e9sident du conseil d'administration). (Image : zVg.)<\/figcaption>\r\n<\/figure>\r\n<p>Des entreprises comme Apple, Swatch et On doivent leur perc\u00e9e internationale non seulement \u00e0 la technologie, mais aussi au design et au storytelling. Elles montrent de mani\u00e8re exemplaire que la cr\u00e9ativit\u00e9 constitue un facteur cl\u00e9 de succ\u00e8s sur le march\u00e9.<\/p>\r\n<p>Mais que faut-il pour que les entreprises accordent suffisamment de place \u00e0 la cr\u00e9ativit\u00e9 ? Et en faire l'affaire du chef ? \"Les entreprises ont besoin de compagnons de voyage qui les soutiennent sur cette voie\", explique Thomas Aerni, partenaire et Lead Strategy chez Comm-unity. Ceux-ci doivent d'une part comprendre la cha\u00eene de cr\u00e9ation de valeur, d'autre part \u00eatre en mesure de donner de nouvelles impulsions - et de les traduire en solutions r\u00e9alisables. \"C'est pr\u00e9cis\u00e9ment pour cela que nous avons d\u00e9velopp\u00e9 notre nouveau mod\u00e8le d'agence, Comm-unity creative collective AG\".<\/p>\r\n<p>Comm-unity est n\u00e9e de la fusion des agences Basel West Unternehmensskommunikation, Sagbar, Visuelle Fabrik et Aerni Digital Solutions. La plus ancienne de ses racines remonte \u00e0 1969, lorsqu'Albin Kirchhofer a fond\u00e9 le pr\u00e9curseur de Basel West. Tr\u00e8s t\u00f4t, il a mis\u00e9 sur le marketing de contenu, raison pour laquelle Comm-unity se consid\u00e8re comme un pionnier suisse dans ce domaine.<\/p>\r\n<h2>La communaut\u00e9 plut\u00f4t que la hi\u00e9rarchie<\/h2>\r\n<p>\"Notre collaboration n'est pas le fruit d'un coup de t\u00eate, mais s'est d\u00e9velopp\u00e9e de mani\u00e8re organique gr\u00e2ce \u00e0 des projets communs\", explique Aerni. \"Nous sommes convaincus que le collectif nous permet de gagner en force - gr\u00e2ce \u00e0 la cr\u00e9ativit\u00e9, \u00e0 la collaboration, \u00e0 la communication et \u00e0 la pens\u00e9e critique\".<\/p>\r\n<p>Les quatre propri\u00e9taires Thomas Aerni (Lead Strategy), Stephan Lehmann-Maldonado (Lead Content), Roman Albertini (Lead Design) et Michael Aerni (Lead Digital) forment l'\u00e9quipe de direction. Chacun a derri\u00e8re lui une carri\u00e8re d'entrepreneur r\u00e9ussie et est un expert dans sa discipline. \"Chacun de nous ma\u00eetrise des instruments diff\u00e9rents. Pour nous, l'art consiste \u00e0 ne pas se contenter de jouer des notes sur une feuille, mais \u00e0 improviser collectivement. C'est ainsi que nous parvenons souvent \u00e0 des solutions innovantes qui provoquent des moments d'eur\u00eaka chez les clients\", explique Stephan Lehmann-Maldonado. \"Comm-unity\" signifie pour nous que nous ma\u00eetrisons les d\u00e9fis ensemble - au lieu de construire des hi\u00e9rarchies qui divisent\".<\/p>\r\n<p>Le nouveau collectif cr\u00e9atif travaille de mani\u00e8re d\u00e9centralis\u00e9e \u00e0 partir de plusieurs sites - B\u00e2le, Aarau, Bremgarten, Rotkreuz et Zurich. \"Notre mod\u00e8le nous permet de mieux prendre le pouls des march\u00e9s et d'\u00eatre g\u00e9ographiquement plus proches de nos clients\", explique Roman Albertini.<\/p>","protected":false},"excerpt":{"rendered":"<p>Thomas Aerni, Roman Albertini, Michael Aerni et Stephan Lehmann-Maldonado se lancent dans un nouveau mod\u00e8le d'agence. La Comm-unity creative collective AG r\u00e9unit des expertises en branding, content marketing, design, solutions num\u00e9riques, storytelling et strat\u00e9gie et mise sur un travail d\u00e9centralis\u00e9 et la force cr\u00e9ative du collectif.<\/p>","protected":false},"author":8,"featured_media":0,"comment_status":"closed","ping_status":"closed","sticky":false,"template":"","format":"standard","meta":{"_acf_changed":false,"_yoast_wpseo_focuskw":"Kreativagentur","_yoast_wpseo_metadesc":"Comm-unity creative collective AG: Dezentrales Agenturmodell vereint Branding, Content Marketing und Strategie f\u00fcr innovative L\u00f6sungen.","articlekey":"","footnotes":""},"categories":[29],"tags":[4345,5016],"class_list":["post-35306","post","type-post","status-publish","format-standard","hentry","category-marketing","tag-business","tag-comm-unity-creative-collective"],"acf":[],"yoast_head":"<!-- This site is optimized with the Yoast SEO plugin v27.5 - https:\/\/yoast.com\/product\/yoast-seo-wordpress\/ -->\n<title>Kraft des Kollektivs: Agentur \u00abComm-unity\u00bb gegr\u00fcndet - Organisator<\/title>\n<meta name=\"description\" content=\"Comm-unity creative collective AG: Dezentrales Agenturmodell vereint Branding, Content Marketing und Strategie f\u00fcr innovative L\u00f6sungen.\" \/>\n<meta name=\"robots\" content=\"index, follow, max-snippet:-1, max-image-preview:large, max-video-preview:-1\" \/>\n<link rel=\"canonical\" href=\"https:\/\/www.organisator.ch\/fr\/marketing\/2025-01-16\/kraft-des-kollektivs-agentur-comm-unity-gegruendet\/\" \/>\n<meta property=\"og:locale\" content=\"fr_FR\" \/>\n<meta property=\"og:type\" content=\"article\" \/>\n<meta property=\"og:title\" content=\"Kraft des Kollektivs: Agentur \u00abComm-unity\u00bb gegr\u00fcndet - Organisator\" \/>\n<meta property=\"og:description\" content=\"Comm-unity creative collective AG: Dezentrales Agenturmodell vereint Branding, Content Marketing und Strategie f\u00fcr innovative L\u00f6sungen.\" \/>\n<meta property=\"og:url\" content=\"https:\/\/www.organisator.ch\/fr\/marketing\/2025-01-16\/kraft-des-kollektivs-agentur-comm-unity-gegruendet\/\" \/>\n<meta property=\"og:site_name\" content=\"Organisator\" \/>\n<meta property=\"article:publisher\" content=\"https:\/\/www.facebook.com\/OrganisatorFachmagazin\" \/>\n<meta property=\"article:published_time\" content=\"2025-01-16T14:30:08+00:00\" \/>\n<meta property=\"article:modified_time\" content=\"2025-01-16T14:30:40+00:00\" \/>\n<meta name=\"author\" content=\"galledia\" \/>\n<meta name=\"twitter:card\" content=\"summary_large_image\" \/>\n<meta name=\"twitter:creator\" content=\"@admin\" \/>\n<script type=\"application\/ld+json\" class=\"yoast-schema-graph\">{\"@context\":\"https:\\\/\\\/schema.org\",\"@graph\":[{\"@type\":\"Article\",\"@id\":\"https:\\\/\\\/www.organisator.ch\\\/marketing\\\/2025-01-16\\\/kraft-des-kollektivs-agentur-comm-unity-gegruendet\\\/#article\",\"isPartOf\":{\"@id\":\"https:\\\/\\\/www.organisator.ch\\\/marketing\\\/2025-01-16\\\/kraft-des-kollektivs-agentur-comm-unity-gegruendet\\\/\"},\"author\":{\"name\":\"galledia\",\"@id\":\"https:\\\/\\\/www.organisator.ch\\\/#\\\/schema\\\/person\\\/4e51799071cd2dd1232ac003643ef5f0\"},\"headline\":\"Kraft des Kollektivs: Agentur \u00abComm-unity\u00bb gegr\u00fcndet\",\"datePublished\":\"2025-01-16T14:30:08+00:00\",\"dateModified\":\"2025-01-16T14:30:40+00:00\",\"mainEntityOfPage\":{\"@id\":\"https:\\\/\\\/www.organisator.ch\\\/marketing\\\/2025-01-16\\\/kraft-des-kollektivs-agentur-comm-unity-gegruendet\\\/\"},\"wordCount\":399,\"publisher\":{\"@id\":\"https:\\\/\\\/www.organisator.ch\\\/#organization\"},\"image\":{\"@id\":\"https:\\\/\\\/www.organisator.ch\\\/marketing\\\/2025-01-16\\\/kraft-des-kollektivs-agentur-comm-unity-gegruendet\\\/#primaryimage\"},\"thumbnailUrl\":\"https:\\\/\\\/www.markt-kom.com\\\/wp-content\\\/uploads\\\/2025\\\/01\\\/comm-unity-Agentur.jpg\",\"keywords\":[\"Business\",\"Comm-unity creative collective\"],\"articleSection\":[\"MARKETING\"],\"inLanguage\":\"fr-FR\"},{\"@type\":\"WebPage\",\"@id\":\"https:\\\/\\\/www.organisator.ch\\\/marketing\\\/2025-01-16\\\/kraft-des-kollektivs-agentur-comm-unity-gegruendet\\\/\",\"url\":\"https:\\\/\\\/www.organisator.ch\\\/marketing\\\/2025-01-16\\\/kraft-des-kollektivs-agentur-comm-unity-gegruendet\\\/\",\"name\":\"Kraft des Kollektivs: Agentur \u00abComm-unity\u00bb gegr\u00fcndet - Organisator\",\"isPartOf\":{\"@id\":\"https:\\\/\\\/www.organisator.ch\\\/#website\"},\"primaryImageOfPage\":{\"@id\":\"https:\\\/\\\/www.organisator.ch\\\/marketing\\\/2025-01-16\\\/kraft-des-kollektivs-agentur-comm-unity-gegruendet\\\/#primaryimage\"},\"image\":{\"@id\":\"https:\\\/\\\/www.organisator.ch\\\/marketing\\\/2025-01-16\\\/kraft-des-kollektivs-agentur-comm-unity-gegruendet\\\/#primaryimage\"},\"thumbnailUrl\":\"https:\\\/\\\/www.markt-kom.com\\\/wp-content\\\/uploads\\\/2025\\\/01\\\/comm-unity-Agentur.jpg\",\"datePublished\":\"2025-01-16T14:30:08+00:00\",\"dateModified\":\"2025-01-16T14:30:40+00:00\",\"description\":\"Comm-unity creative collective AG: Dezentrales Agenturmodell vereint Branding, Content Marketing und Strategie f\u00fcr innovative L\u00f6sungen.\",\"breadcrumb\":{\"@id\":\"https:\\\/\\\/www.organisator.ch\\\/marketing\\\/2025-01-16\\\/kraft-des-kollektivs-agentur-comm-unity-gegruendet\\\/#breadcrumb\"},\"inLanguage\":\"fr-FR\",\"potentialAction\":[{\"@type\":\"ReadAction\",\"target\":[\"https:\\\/\\\/www.organisator.ch\\\/marketing\\\/2025-01-16\\\/kraft-des-kollektivs-agentur-comm-unity-gegruendet\\\/\"]}]},{\"@type\":\"ImageObject\",\"inLanguage\":\"fr-FR\",\"@id\":\"https:\\\/\\\/www.organisator.ch\\\/marketing\\\/2025-01-16\\\/kraft-des-kollektivs-agentur-comm-unity-gegruendet\\\/#primaryimage\",\"url\":\"https:\\\/\\\/www.markt-kom.com\\\/wp-content\\\/uploads\\\/2025\\\/01\\\/comm-unity-Agentur.jpg\",\"contentUrl\":\"https:\\\/\\\/www.markt-kom.com\\\/wp-content\\\/uploads\\\/2025\\\/01\\\/comm-unity-Agentur.jpg\"},{\"@type\":\"BreadcrumbList\",\"@id\":\"https:\\\/\\\/www.organisator.ch\\\/marketing\\\/2025-01-16\\\/kraft-des-kollektivs-agentur-comm-unity-gegruendet\\\/#breadcrumb\",\"itemListElement\":[{\"@type\":\"ListItem\",\"position\":1,\"name\":\"Home\",\"item\":\"https:\\\/\\\/www.organisator.ch\\\/\"},{\"@type\":\"ListItem\",\"position\":2,\"name\":\"Kraft des Kollektivs: Agentur \u00abComm-unity\u00bb gegr\u00fcndet\"}]},{\"@type\":\"WebSite\",\"@id\":\"https:\\\/\\\/www.organisator.ch\\\/#website\",\"url\":\"https:\\\/\\\/www.organisator.ch\\\/\",\"name\":\"Organisator\",\"description\":\"Kompetent. Praxisnah. Der ORGANISATOR bereitet in 10 Ausgaben pro Jahr die wesentlichen Themen f\u00fcr F\u00fchrungskr\u00e4fte von KMU auf.\",\"publisher\":{\"@id\":\"https:\\\/\\\/www.organisator.ch\\\/#organization\"},\"potentialAction\":[{\"@type\":\"SearchAction\",\"target\":{\"@type\":\"EntryPoint\",\"urlTemplate\":\"https:\\\/\\\/www.organisator.ch\\\/?s={search_term_string}\"},\"query-input\":{\"@type\":\"PropertyValueSpecification\",\"valueRequired\":true,\"valueName\":\"search_term_string\"}}],\"inLanguage\":\"fr-FR\"},{\"@type\":\"Organization\",\"@id\":\"https:\\\/\\\/www.organisator.ch\\\/#organization\",\"name\":\"Organisator\",\"url\":\"https:\\\/\\\/www.organisator.ch\\\/\",\"logo\":{\"@type\":\"ImageObject\",\"inLanguage\":\"fr-FR\",\"@id\":\"https:\\\/\\\/www.organisator.ch\\\/#\\\/schema\\\/logo\\\/image\\\/\",\"url\":\"https:\\\/\\\/www.organisator.ch\\\/wp-content\\\/uploads\\\/2022\\\/01\\\/Logo_Organisator_Website.png\",\"contentUrl\":\"https:\\\/\\\/www.organisator.ch\\\/wp-content\\\/uploads\\\/2022\\\/01\\\/Logo_Organisator_Website.png\",\"width\":800,\"height\":77,\"caption\":\"Organisator\"},\"image\":{\"@id\":\"https:\\\/\\\/www.organisator.ch\\\/#\\\/schema\\\/logo\\\/image\\\/\"},\"sameAs\":[\"https:\\\/\\\/www.facebook.com\\\/OrganisatorFachmagazin\",\"https:\\\/\\\/www.linkedin.com\\\/showcase\\\/organisator-das-magazin-fr-kmu\",\"https:\\\/\\\/www.xing.com\\\/news\\\/pages\\\/organisator-ch-695\",\"https:\\\/\\\/www.youtube.com\\\/channel\\\/UCGP2Sq0iWaZwT3BdIAQFYpw\"]},{\"@type\":\"Person\",\"@id\":\"https:\\\/\\\/www.organisator.ch\\\/#\\\/schema\\\/person\\\/4e51799071cd2dd1232ac003643ef5f0\",\"name\":\"galledia\",\"image\":{\"@type\":\"ImageObject\",\"inLanguage\":\"fr-FR\",\"@id\":\"https:\\\/\\\/secure.gravatar.com\\\/avatar\\\/78a7f90c01fc2bfc875782a0d4922b37cde2cf184ce347b91316d23cd7f69a36?s=96&d=mm&r=g\",\"url\":\"https:\\\/\\\/secure.gravatar.com\\\/avatar\\\/78a7f90c01fc2bfc875782a0d4922b37cde2cf184ce347b91316d23cd7f69a36?s=96&d=mm&r=g\",\"contentUrl\":\"https:\\\/\\\/secure.gravatar.com\\\/avatar\\\/78a7f90c01fc2bfc875782a0d4922b37cde2cf184ce347b91316d23cd7f69a36?s=96&d=mm&r=g\",\"caption\":\"galledia\"},\"sameAs\":[\"https:\\\/\\\/x.com\\\/admin\"],\"url\":\"https:\\\/\\\/www.organisator.ch\\\/fr\\\/author\\\/galledia\\\/\"}]}<\/script>\n<!-- \/ Yoast SEO plugin. -->","yoast_head_json":{"title":"La force du collectif : cr\u00e9ation de l'agence \"Comm-unity\" - Organisateur","description":"Comm-unity creative collective AG : un mod\u00e8le d'agence d\u00e9centralis\u00e9 r\u00e9unit branding, content marketing et strat\u00e9gie pour des solutions innovantes.","robots":{"index":"index","follow":"follow","max-snippet":"max-snippet:-1","max-image-preview":"max-image-preview:large","max-video-preview":"max-video-preview:-1"},"canonical":"https:\/\/www.organisator.ch\/fr\/marketing\/2025-01-16\/kraft-des-kollektivs-agentur-comm-unity-gegruendet\/","og_locale":"fr_FR","og_type":"article","og_title":"Kraft des Kollektivs: Agentur \u00abComm-unity\u00bb gegr\u00fcndet - Organisator","og_description":"Comm-unity creative collective AG: Dezentrales Agenturmodell vereint Branding, Content Marketing und Strategie f\u00fcr innovative L\u00f6sungen.","og_url":"https:\/\/www.organisator.ch\/fr\/marketing\/2025-01-16\/kraft-des-kollektivs-agentur-comm-unity-gegruendet\/","og_site_name":"Organisator","article_publisher":"https:\/\/www.facebook.com\/OrganisatorFachmagazin","article_published_time":"2025-01-16T14:30:08+00:00","article_modified_time":"2025-01-16T14:30:40+00:00","author":"galledia","twitter_card":"summary_large_image","twitter_creator":"@admin","schema":{"@context":"https:\/\/schema.org","@graph":[{"@type":"Article","@id":"https:\/\/www.organisator.ch\/marketing\/2025-01-16\/kraft-des-kollektivs-agentur-comm-unity-gegruendet\/#article","isPartOf":{"@id":"https:\/\/www.organisator.ch\/marketing\/2025-01-16\/kraft-des-kollektivs-agentur-comm-unity-gegruendet\/"},"author":{"name":"galledia","@id":"https:\/\/www.organisator.ch\/#\/schema\/person\/4e51799071cd2dd1232ac003643ef5f0"},"headline":"Kraft des Kollektivs: Agentur \u00abComm-unity\u00bb gegr\u00fcndet","datePublished":"2025-01-16T14:30:08+00:00","dateModified":"2025-01-16T14:30:40+00:00","mainEntityOfPage":{"@id":"https:\/\/www.organisator.ch\/marketing\/2025-01-16\/kraft-des-kollektivs-agentur-comm-unity-gegruendet\/"},"wordCount":399,"publisher":{"@id":"https:\/\/www.organisator.ch\/#organization"},"image":{"@id":"https:\/\/www.organisator.ch\/marketing\/2025-01-16\/kraft-des-kollektivs-agentur-comm-unity-gegruendet\/#primaryimage"},"thumbnailUrl":"https:\/\/www.markt-kom.com\/wp-content\/uploads\/2025\/01\/comm-unity-Agentur.jpg","keywords":["Business","Comm-unity creative collective"],"articleSection":["MARKETING"],"inLanguage":"fr-FR"},{"@type":"WebPage","@id":"https:\/\/www.organisator.ch\/marketing\/2025-01-16\/kraft-des-kollektivs-agentur-comm-unity-gegruendet\/","url":"https:\/\/www.organisator.ch\/marketing\/2025-01-16\/kraft-des-kollektivs-agentur-comm-unity-gegruendet\/","name":"La force du collectif : cr\u00e9ation de l'agence \"Comm-unity\" - Organisateur","isPartOf":{"@id":"https:\/\/www.organisator.ch\/#website"},"primaryImageOfPage":{"@id":"https:\/\/www.organisator.ch\/marketing\/2025-01-16\/kraft-des-kollektivs-agentur-comm-unity-gegruendet\/#primaryimage"},"image":{"@id":"https:\/\/www.organisator.ch\/marketing\/2025-01-16\/kraft-des-kollektivs-agentur-comm-unity-gegruendet\/#primaryimage"},"thumbnailUrl":"https:\/\/www.markt-kom.com\/wp-content\/uploads\/2025\/01\/comm-unity-Agentur.jpg","datePublished":"2025-01-16T14:30:08+00:00","dateModified":"2025-01-16T14:30:40+00:00","description":"Comm-unity creative collective AG : un mod\u00e8le d'agence d\u00e9centralis\u00e9 r\u00e9unit branding, content marketing et strat\u00e9gie pour des solutions innovantes.","breadcrumb":{"@id":"https:\/\/www.organisator.ch\/marketing\/2025-01-16\/kraft-des-kollektivs-agentur-comm-unity-gegruendet\/#breadcrumb"},"inLanguage":"fr-FR","potentialAction":[{"@type":"ReadAction","target":["https:\/\/www.organisator.ch\/marketing\/2025-01-16\/kraft-des-kollektivs-agentur-comm-unity-gegruendet\/"]}]},{"@type":"ImageObject","inLanguage":"fr-FR","@id":"https:\/\/www.organisator.ch\/marketing\/2025-01-16\/kraft-des-kollektivs-agentur-comm-unity-gegruendet\/#primaryimage","url":"https:\/\/www.markt-kom.com\/wp-content\/uploads\/2025\/01\/comm-unity-Agentur.jpg","contentUrl":"https:\/\/www.markt-kom.com\/wp-content\/uploads\/2025\/01\/comm-unity-Agentur.jpg"},{"@type":"BreadcrumbList","@id":"https:\/\/www.organisator.ch\/marketing\/2025-01-16\/kraft-des-kollektivs-agentur-comm-unity-gegruendet\/#breadcrumb","itemListElement":[{"@type":"ListItem","position":1,"name":"Home","item":"https:\/\/www.organisator.ch\/"},{"@type":"ListItem","position":2,"name":"Kraft des Kollektivs: Agentur \u00abComm-unity\u00bb gegr\u00fcndet"}]},{"@type":"WebSite","@id":"https:\/\/www.organisator.ch\/#website","url":"https:\/\/www.organisator.ch\/","name":"Organisateur","description":"Comp\u00e9tence et comp\u00e9tence. Proches de la pratique. L'ORGANISATEUR pr\u00e9pare 10 num\u00e9ros par an sur les th\u00e8mes essentiels pour les dirigeants de PME.","publisher":{"@id":"https:\/\/www.organisator.ch\/#organization"},"potentialAction":[{"@type":"SearchAction","target":{"@type":"EntryPoint","urlTemplate":"https:\/\/www.organisator.ch\/?s={search_term_string}"},"query-input":{"@type":"PropertyValueSpecification","valueRequired":true,"valueName":"search_term_string"}}],"inLanguage":"fr-FR"},{"@type":"Organization","@id":"https:\/\/www.organisator.ch\/#organization","name":"Organisateur","url":"https:\/\/www.organisator.ch\/","logo":{"@type":"ImageObject","inLanguage":"fr-FR","@id":"https:\/\/www.organisator.ch\/#\/schema\/logo\/image\/","url":"https:\/\/www.organisator.ch\/wp-content\/uploads\/2022\/01\/Logo_Organisator_Website.png","contentUrl":"https:\/\/www.organisator.ch\/wp-content\/uploads\/2022\/01\/Logo_Organisator_Website.png","width":800,"height":77,"caption":"Organisator"},"image":{"@id":"https:\/\/www.organisator.ch\/#\/schema\/logo\/image\/"},"sameAs":["https:\/\/www.facebook.com\/OrganisatorFachmagazin","https:\/\/www.linkedin.com\/showcase\/organisator-das-magazin-fr-kmu","https:\/\/www.xing.com\/news\/pages\/organisator-ch-695","https:\/\/www.youtube.com\/channel\/UCGP2Sq0iWaZwT3BdIAQFYpw"]},{"@type":"Person","@id":"https:\/\/www.organisator.ch\/#\/schema\/person\/4e51799071cd2dd1232ac003643ef5f0","name":"galledia","image":{"@type":"ImageObject","inLanguage":"fr-FR","@id":"https:\/\/secure.gravatar.com\/avatar\/78a7f90c01fc2bfc875782a0d4922b37cde2cf184ce347b91316d23cd7f69a36?s=96&d=mm&r=g","url":"https:\/\/secure.gravatar.com\/avatar\/78a7f90c01fc2bfc875782a0d4922b37cde2cf184ce347b91316d23cd7f69a36?s=96&d=mm&r=g","contentUrl":"https:\/\/secure.gravatar.com\/avatar\/78a7f90c01fc2bfc875782a0d4922b37cde2cf184ce347b91316d23cd7f69a36?s=96&d=mm&r=g","caption":"galledia"},"sameAs":["https:\/\/x.com\/admin"],"url":"https:\/\/www.organisator.ch\/fr\/author\/galledia\/"}]}},"_links":{"self":[{"href":"https:\/\/www.organisator.ch\/fr\/wp-json\/wp\/v2\/posts\/35306","targetHints":{"allow":["GET"]}}],"collection":[{"href":"https:\/\/www.organisator.ch\/fr\/wp-json\/wp\/v2\/posts"}],"about":[{"href":"https:\/\/www.organisator.ch\/fr\/wp-json\/wp\/v2\/types\/post"}],"author":[{"embeddable":true,"href":"https:\/\/www.organisator.ch\/fr\/wp-json\/wp\/v2\/users\/8"}],"replies":[{"embeddable":true,"href":"https:\/\/www.organisator.ch\/fr\/wp-json\/wp\/v2\/comments?post=35306"}],"version-history":[{"count":4,"href":"https:\/\/www.organisator.ch\/fr\/wp-json\/wp\/v2\/posts\/35306\/revisions"}],"predecessor-version":[{"id":35315,"href":"https:\/\/www.organisator.ch\/fr\/wp-json\/wp\/v2\/posts\/35306\/revisions\/35315"}],"wp:attachment":[{"href":"https:\/\/www.organisator.ch\/fr\/wp-json\/wp\/v2\/media?parent=35306"}],"wp:term":[{"taxonomy":"category","embeddable":true,"href":"https:\/\/www.organisator.ch\/fr\/wp-json\/wp\/v2\/categories?post=35306"},{"taxonomy":"post_tag","embeddable":true,"href":"https:\/\/www.organisator.ch\/fr\/wp-json\/wp\/v2\/tags?post=35306"}],"curies":[{"name":"wp","href":"https:\/\/api.w.org\/{rel}","templated":true}]}}