{"id":35395,"date":"2025-01-20T15:40:07","date_gmt":"2025-01-20T14:40:07","guid":{"rendered":"https:\/\/www.organisator.ch\/?p=35395"},"modified":"2025-01-20T17:12:33","modified_gmt":"2025-01-20T16:12:33","slug":"coca-cola-schweiz-ernennt-fabio-cella-zum-neuen-country-manager","status":"publish","type":"post","link":"https:\/\/www.organisator.ch\/fr\/management\/2025-01-20\/coca-cola-schweiz-ernennt-fabio-cella-zum-neuen-country-manager\/","title":{"rendered":"Coca-Cola Suisse nomme Fabio Cella nouveau Country Manager"},"content":{"rendered":"<figure id=\"attachment_35404\" aria-describedby=\"caption-attachment-35404\" style=\"width: 680px\" class=\"wp-caption alignnone\"><img loading=\"lazy\" decoding=\"async\" class=\"size-full wp-image-35404\" src=\"https:\/\/www.organisator.ch\/wp-content\/uploads\/2025\/01\/Coca-Cola_Bild1_ps.jpg\" alt=\"\" width=\"680\" height=\"453\" srcset=\"https:\/\/www.organisator.ch\/wp-content\/uploads\/2025\/01\/Coca-Cola_Bild1_ps.jpg 680w, https:\/\/www.organisator.ch\/wp-content\/uploads\/2025\/01\/Coca-Cola_Bild1_ps-18x12.jpg 18w, https:\/\/www.organisator.ch\/wp-content\/uploads\/2025\/01\/Coca-Cola_Bild1_ps-375x250.jpg 375w, https:\/\/www.organisator.ch\/wp-content\/uploads\/2025\/01\/Coca-Cola_Bild1_ps-525x350.jpg 525w\" sizes=\"auto, (max-width: 680px) 100vw, 680px\" \/><figcaption id=\"caption-attachment-35404\" class=\"wp-caption-text\">Fabio Cella est le nouveau Country Manager de Coca-Cola Suisse depuis janvier 2025 et apporte avec lui une vaste exp\u00e9rience de l'Autriche. (Image : www.coca-cola.ch)<\/figcaption><\/figure>\n<p>Dipl\u00f4m\u00e9 en \u00e9conomie de l'universit\u00e9 de Pavie et titulaire d'un master en \u00e9conomie appliqu\u00e9e de l'universit\u00e9 Grenoble Alpes, Fabio Cella (48 ans) a commenc\u00e9 sa carri\u00e8re dans l'industrie alimentaire et des boissons. Cella a d'abord acquis une vaste exp\u00e9rience de direction chez Danone, o\u00f9 il a contribu\u00e9 de mani\u00e8re significative \u00e0 la croissance et \u00e0 l'am\u00e9lioration de l'efficacit\u00e9, avant de rejoindre Coca-Cola en 2021. En tant que Country Manager chez Coca-Cola Autriche, il a augment\u00e9 les ventes de syst\u00e8mes, approfondi le partenariat avec la Coca-Cola Hellenic Bottling Company et dirig\u00e9 des projets innovants tels que \"Shelf of the Future\" avec des partenaires commerciaux de premier plan.<\/p>\n<p>Dans sa nouvelle fonction de Country Manager chez Coca-Cola, Fabio Cella mettra l'accent sur le d\u00e9veloppement durable de l'entreprise et le renforcement de la collaboration avec les partenaires. \"Je me r\u00e9jouis de travailler avec notre \u00e9quipe et nos partenaires pour faire avancer des projets qui renforcent les liens et apportent des changements positifs dans les communaut\u00e9s locales\", explique Fabio Cella. Vincent Rameau quitte Coca-Cola apr\u00e8s cinq ans pour donner une nouvelle orientation \u00e0 sa carri\u00e8re.<\/p>\n<p><em>Source : <a href=\"http:\/\/www.coca-colacompany.com\">www.coca-colacompany.com<\/a><\/em><\/p>\n<p>&nbsp;<\/p>","protected":false},"excerpt":{"rendered":"<p>Fabio Cella est le nouveau Country Manager de Coca-Cola Suisse depuis le 1er janvier 2025. Cet Italien d'origine apporte une vaste exp\u00e9rience de son ancien r\u00f4le de Managing Director chez Coca-Cola Autriche et succ\u00e8de \u00e0 Vincent Rameau, qui quitte l'entreprise.<\/p>","protected":false},"author":80,"featured_media":35404,"comment_status":"closed","ping_status":"closed","sticky":false,"template":"","format":"standard","meta":{"_acf_changed":false,"_yoast_wpseo_focuskw":"Fabio Cella","_yoast_wpseo_metadesc":"Fabio Cella ist seit Januar 2025 neuer Country Manager von Coca-Cola Schweiz und bringt umfassende Erfahrung aus \u00d6sterreich mit.","articlekey":"","footnotes":""},"categories":[28],"tags":[2883,338,1787,424,4301],"class_list":["post-35395","post","type-post","status-publish","format-standard","has-post-thumbnail","hentry","category-management","tag-coca-cola","tag-manager","tag-nachhaltigkeit","tag-schweiz","tag-wechsel"],"acf":[],"yoast_head":"<!-- This site is optimized with the Yoast SEO plugin v27.4 - https:\/\/yoast.com\/product\/yoast-seo-wordpress\/ -->\n<title>Coca-Cola Schweiz ernennt Fabio Cella zum neuen Country Manager - Organisator<\/title>\n<meta name=\"description\" content=\"Fabio Cella ist seit Januar 2025 neuer Country Manager von Coca-Cola Schweiz und bringt umfassende Erfahrung aus \u00d6sterreich mit.\" \/>\n<meta name=\"robots\" content=\"index, follow, max-snippet:-1, max-image-preview:large, max-video-preview:-1\" \/>\n<link rel=\"canonical\" href=\"https:\/\/www.organisator.ch\/fr\/gestion-2\/2025-01-20\/coca-cola-schweiz-ernennt-fabio-cella-zum-neuen-country-manager\/\" \/>\n<meta property=\"og:locale\" content=\"fr_FR\" \/>\n<meta property=\"og:type\" content=\"article\" \/>\n<meta property=\"og:title\" content=\"Coca-Cola Schweiz ernennt Fabio Cella zum neuen Country Manager\" \/>\n<meta property=\"og:description\" content=\"Fabio Cella ist seit Januar 2025 neuer Country Manager von Coca-Cola Schweiz und bringt umfassende Erfahrung aus \u00d6sterreich mit.\" \/>\n<meta property=\"og:url\" content=\"https:\/\/www.organisator.ch\/fr\/gestion-2\/2025-01-20\/coca-cola-schweiz-ernennt-fabio-cella-zum-neuen-country-manager\/\" \/>\n<meta property=\"og:site_name\" content=\"Organisator\" \/>\n<meta property=\"article:publisher\" content=\"https:\/\/www.facebook.com\/OrganisatorFachmagazin\" \/>\n<meta property=\"article:published_time\" content=\"2025-01-20T14:40:07+00:00\" \/>\n<meta property=\"article:modified_time\" content=\"2025-01-20T16:12:33+00:00\" \/>\n<meta property=\"og:image\" content=\"https:\/\/www.organisator.ch\/wp-content\/uploads\/2025\/01\/Coca-Cola_Bild1_ps.jpg\" \/>\n\t<meta property=\"og:image:width\" content=\"680\" \/>\n\t<meta property=\"og:image:height\" content=\"453\" \/>\n\t<meta property=\"og:image:type\" content=\"image\/jpeg\" \/>\n<meta name=\"author\" content=\"Dzana Muminovic\" \/>\n<meta name=\"twitter:card\" content=\"summary_large_image\" \/>\n<meta name=\"twitter:title\" content=\"Coca-Cola Schweiz ernennt Fabio Cella zum neuen Country Manager\" \/>\n<meta name=\"twitter:description\" content=\"#Fabio #Cella ist seit Januar 2025 neuer #Country #Manager von #Coca-#Cola #Schweiz und bringt umfassende #Erfahrung aus \u00d6sterreich mit.\" \/>\n<meta name=\"twitter:image\" content=\"https:\/\/www.organisator.ch\/wp-content\/uploads\/2025\/01\/Coca-Cola_Bild1_ps.jpg\" \/>\n<script type=\"application\/ld+json\" class=\"yoast-schema-graph\">{\"@context\":\"https:\\\/\\\/schema.org\",\"@graph\":[{\"@type\":\"Article\",\"@id\":\"https:\\\/\\\/www.organisator.ch\\\/management\\\/2025-01-20\\\/coca-cola-schweiz-ernennt-fabio-cella-zum-neuen-country-manager\\\/#article\",\"isPartOf\":{\"@id\":\"https:\\\/\\\/www.organisator.ch\\\/management\\\/2025-01-20\\\/coca-cola-schweiz-ernennt-fabio-cella-zum-neuen-country-manager\\\/\"},\"author\":{\"name\":\"Dzana Muminovic\",\"@id\":\"https:\\\/\\\/www.organisator.ch\\\/#\\\/schema\\\/person\\\/afccda3a71c06d4be2ed9100dd163db7\"},\"headline\":\"Coca-Cola Schweiz ernennt Fabio Cella zum neuen Country Manager\",\"datePublished\":\"2025-01-20T14:40:07+00:00\",\"dateModified\":\"2025-01-20T16:12:33+00:00\",\"mainEntityOfPage\":{\"@id\":\"https:\\\/\\\/www.organisator.ch\\\/management\\\/2025-01-20\\\/coca-cola-schweiz-ernennt-fabio-cella-zum-neuen-country-manager\\\/\"},\"wordCount\":206,\"publisher\":{\"@id\":\"https:\\\/\\\/www.organisator.ch\\\/#organization\"},\"image\":{\"@id\":\"https:\\\/\\\/www.organisator.ch\\\/management\\\/2025-01-20\\\/coca-cola-schweiz-ernennt-fabio-cella-zum-neuen-country-manager\\\/#primaryimage\"},\"thumbnailUrl\":\"https:\\\/\\\/www.organisator.ch\\\/wp-content\\\/uploads\\\/2025\\\/01\\\/Coca-Cola_Bild1_ps.jpg\",\"keywords\":[\"Coca-Cola\",\"Manager\",\"Nachhaltigkeit\",\"Schweiz\",\"Wechsel\"],\"articleSection\":[\"MANAGEMENT\"],\"inLanguage\":\"fr-FR\"},{\"@type\":\"WebPage\",\"@id\":\"https:\\\/\\\/www.organisator.ch\\\/management\\\/2025-01-20\\\/coca-cola-schweiz-ernennt-fabio-cella-zum-neuen-country-manager\\\/\",\"url\":\"https:\\\/\\\/www.organisator.ch\\\/management\\\/2025-01-20\\\/coca-cola-schweiz-ernennt-fabio-cella-zum-neuen-country-manager\\\/\",\"name\":\"Coca-Cola Schweiz ernennt Fabio Cella zum neuen Country Manager - Organisator\",\"isPartOf\":{\"@id\":\"https:\\\/\\\/www.organisator.ch\\\/#website\"},\"primaryImageOfPage\":{\"@id\":\"https:\\\/\\\/www.organisator.ch\\\/management\\\/2025-01-20\\\/coca-cola-schweiz-ernennt-fabio-cella-zum-neuen-country-manager\\\/#primaryimage\"},\"image\":{\"@id\":\"https:\\\/\\\/www.organisator.ch\\\/management\\\/2025-01-20\\\/coca-cola-schweiz-ernennt-fabio-cella-zum-neuen-country-manager\\\/#primaryimage\"},\"thumbnailUrl\":\"https:\\\/\\\/www.organisator.ch\\\/wp-content\\\/uploads\\\/2025\\\/01\\\/Coca-Cola_Bild1_ps.jpg\",\"datePublished\":\"2025-01-20T14:40:07+00:00\",\"dateModified\":\"2025-01-20T16:12:33+00:00\",\"description\":\"Fabio Cella ist seit Januar 2025 neuer Country Manager von Coca-Cola Schweiz und bringt umfassende Erfahrung aus \u00d6sterreich mit.\",\"breadcrumb\":{\"@id\":\"https:\\\/\\\/www.organisator.ch\\\/management\\\/2025-01-20\\\/coca-cola-schweiz-ernennt-fabio-cella-zum-neuen-country-manager\\\/#breadcrumb\"},\"inLanguage\":\"fr-FR\",\"potentialAction\":[{\"@type\":\"ReadAction\",\"target\":[\"https:\\\/\\\/www.organisator.ch\\\/management\\\/2025-01-20\\\/coca-cola-schweiz-ernennt-fabio-cella-zum-neuen-country-manager\\\/\"]}]},{\"@type\":\"ImageObject\",\"inLanguage\":\"fr-FR\",\"@id\":\"https:\\\/\\\/www.organisator.ch\\\/management\\\/2025-01-20\\\/coca-cola-schweiz-ernennt-fabio-cella-zum-neuen-country-manager\\\/#primaryimage\",\"url\":\"https:\\\/\\\/www.organisator.ch\\\/wp-content\\\/uploads\\\/2025\\\/01\\\/Coca-Cola_Bild1_ps.jpg\",\"contentUrl\":\"https:\\\/\\\/www.organisator.ch\\\/wp-content\\\/uploads\\\/2025\\\/01\\\/Coca-Cola_Bild1_ps.jpg\",\"width\":680,\"height\":453,\"caption\":\"Fabio Cella ist seit Januar 2025 neuer Country Manager von Coca-Cola Schweiz und bringt umfassende Erfahrung aus \u00d6sterreich mit. (Bild: www.coca-cola.ch)\"},{\"@type\":\"BreadcrumbList\",\"@id\":\"https:\\\/\\\/www.organisator.ch\\\/management\\\/2025-01-20\\\/coca-cola-schweiz-ernennt-fabio-cella-zum-neuen-country-manager\\\/#breadcrumb\",\"itemListElement\":[{\"@type\":\"ListItem\",\"position\":1,\"name\":\"Home\",\"item\":\"https:\\\/\\\/www.organisator.ch\\\/\"},{\"@type\":\"ListItem\",\"position\":2,\"name\":\"Coca-Cola Schweiz ernennt Fabio Cella zum neuen Country Manager\"}]},{\"@type\":\"WebSite\",\"@id\":\"https:\\\/\\\/www.organisator.ch\\\/#website\",\"url\":\"https:\\\/\\\/www.organisator.ch\\\/\",\"name\":\"Organisator\",\"description\":\"Kompetent. Praxisnah. Der ORGANISATOR bereitet in 10 Ausgaben pro Jahr die wesentlichen Themen f\u00fcr F\u00fchrungskr\u00e4fte von KMU auf.\",\"publisher\":{\"@id\":\"https:\\\/\\\/www.organisator.ch\\\/#organization\"},\"potentialAction\":[{\"@type\":\"SearchAction\",\"target\":{\"@type\":\"EntryPoint\",\"urlTemplate\":\"https:\\\/\\\/www.organisator.ch\\\/?s={search_term_string}\"},\"query-input\":{\"@type\":\"PropertyValueSpecification\",\"valueRequired\":true,\"valueName\":\"search_term_string\"}}],\"inLanguage\":\"fr-FR\"},{\"@type\":\"Organization\",\"@id\":\"https:\\\/\\\/www.organisator.ch\\\/#organization\",\"name\":\"Organisator\",\"url\":\"https:\\\/\\\/www.organisator.ch\\\/\",\"logo\":{\"@type\":\"ImageObject\",\"inLanguage\":\"fr-FR\",\"@id\":\"https:\\\/\\\/www.organisator.ch\\\/#\\\/schema\\\/logo\\\/image\\\/\",\"url\":\"https:\\\/\\\/www.organisator.ch\\\/wp-content\\\/uploads\\\/2022\\\/01\\\/Logo_Organisator_Website.png\",\"contentUrl\":\"https:\\\/\\\/www.organisator.ch\\\/wp-content\\\/uploads\\\/2022\\\/01\\\/Logo_Organisator_Website.png\",\"width\":800,\"height\":77,\"caption\":\"Organisator\"},\"image\":{\"@id\":\"https:\\\/\\\/www.organisator.ch\\\/#\\\/schema\\\/logo\\\/image\\\/\"},\"sameAs\":[\"https:\\\/\\\/www.facebook.com\\\/OrganisatorFachmagazin\",\"https:\\\/\\\/www.linkedin.com\\\/showcase\\\/organisator-das-magazin-fr-kmu\",\"https:\\\/\\\/www.xing.com\\\/news\\\/pages\\\/organisator-ch-695\",\"https:\\\/\\\/www.youtube.com\\\/channel\\\/UCGP2Sq0iWaZwT3BdIAQFYpw\"]},{\"@type\":\"Person\",\"@id\":\"https:\\\/\\\/www.organisator.ch\\\/#\\\/schema\\\/person\\\/afccda3a71c06d4be2ed9100dd163db7\",\"name\":\"Dzana Muminovic\",\"image\":{\"@type\":\"ImageObject\",\"inLanguage\":\"fr-FR\",\"@id\":\"https:\\\/\\\/secure.gravatar.com\\\/avatar\\\/909c5c71aff4b38e88686f2ab2f1ba152571f394f41ed8bae431ea56ced93050?s=96&d=mm&r=g\",\"url\":\"https:\\\/\\\/secure.gravatar.com\\\/avatar\\\/909c5c71aff4b38e88686f2ab2f1ba152571f394f41ed8bae431ea56ced93050?s=96&d=mm&r=g\",\"contentUrl\":\"https:\\\/\\\/secure.gravatar.com\\\/avatar\\\/909c5c71aff4b38e88686f2ab2f1ba152571f394f41ed8bae431ea56ced93050?s=96&d=mm&r=g\",\"caption\":\"Dzana Muminovic\"},\"url\":\"https:\\\/\\\/www.organisator.ch\\\/fr\\\/author\\\/dzana-muminovic\\\/\"}]}<\/script>\n<!-- \/ Yoast SEO plugin. -->","yoast_head_json":{"title":"Coca-Cola Suisse nomme Fabio Cella nouveau Country Manager - Organisateur","description":"Fabio Cella est le nouveau Country Manager de Coca-Cola Suisse depuis janvier 2025 et apporte avec lui une vaste exp\u00e9rience acquise en Autriche.","robots":{"index":"index","follow":"follow","max-snippet":"max-snippet:-1","max-image-preview":"max-image-preview:large","max-video-preview":"max-video-preview:-1"},"canonical":"https:\/\/www.organisator.ch\/fr\/gestion-2\/2025-01-20\/coca-cola-schweiz-ernennt-fabio-cella-zum-neuen-country-manager\/","og_locale":"fr_FR","og_type":"article","og_title":"Coca-Cola Schweiz ernennt Fabio Cella zum neuen Country Manager","og_description":"Fabio Cella ist seit Januar 2025 neuer Country Manager von Coca-Cola Schweiz und bringt umfassende Erfahrung aus \u00d6sterreich mit.","og_url":"https:\/\/www.organisator.ch\/fr\/gestion-2\/2025-01-20\/coca-cola-schweiz-ernennt-fabio-cella-zum-neuen-country-manager\/","og_site_name":"Organisator","article_publisher":"https:\/\/www.facebook.com\/OrganisatorFachmagazin","article_published_time":"2025-01-20T14:40:07+00:00","article_modified_time":"2025-01-20T16:12:33+00:00","og_image":[{"width":680,"height":453,"url":"https:\/\/www.organisator.ch\/wp-content\/uploads\/2025\/01\/Coca-Cola_Bild1_ps.jpg","type":"image\/jpeg"}],"author":"Dzana Muminovic","twitter_card":"summary_large_image","twitter_title":"Coca-Cola Schweiz ernennt Fabio Cella zum neuen Country Manager","twitter_description":"#Fabio #Cella ist seit Januar 2025 neuer #Country #Manager von #Coca-#Cola #Schweiz und bringt umfassende #Erfahrung aus \u00d6sterreich mit.","twitter_image":"https:\/\/www.organisator.ch\/wp-content\/uploads\/2025\/01\/Coca-Cola_Bild1_ps.jpg","schema":{"@context":"https:\/\/schema.org","@graph":[{"@type":"Article","@id":"https:\/\/www.organisator.ch\/management\/2025-01-20\/coca-cola-schweiz-ernennt-fabio-cella-zum-neuen-country-manager\/#article","isPartOf":{"@id":"https:\/\/www.organisator.ch\/management\/2025-01-20\/coca-cola-schweiz-ernennt-fabio-cella-zum-neuen-country-manager\/"},"author":{"name":"Dzana Muminovic","@id":"https:\/\/www.organisator.ch\/#\/schema\/person\/afccda3a71c06d4be2ed9100dd163db7"},"headline":"Coca-Cola Schweiz ernennt Fabio Cella zum neuen Country Manager","datePublished":"2025-01-20T14:40:07+00:00","dateModified":"2025-01-20T16:12:33+00:00","mainEntityOfPage":{"@id":"https:\/\/www.organisator.ch\/management\/2025-01-20\/coca-cola-schweiz-ernennt-fabio-cella-zum-neuen-country-manager\/"},"wordCount":206,"publisher":{"@id":"https:\/\/www.organisator.ch\/#organization"},"image":{"@id":"https:\/\/www.organisator.ch\/management\/2025-01-20\/coca-cola-schweiz-ernennt-fabio-cella-zum-neuen-country-manager\/#primaryimage"},"thumbnailUrl":"https:\/\/www.organisator.ch\/wp-content\/uploads\/2025\/01\/Coca-Cola_Bild1_ps.jpg","keywords":["Coca-Cola","Manager","Nachhaltigkeit","Schweiz","Wechsel"],"articleSection":["MANAGEMENT"],"inLanguage":"fr-FR"},{"@type":"WebPage","@id":"https:\/\/www.organisator.ch\/management\/2025-01-20\/coca-cola-schweiz-ernennt-fabio-cella-zum-neuen-country-manager\/","url":"https:\/\/www.organisator.ch\/management\/2025-01-20\/coca-cola-schweiz-ernennt-fabio-cella-zum-neuen-country-manager\/","name":"Coca-Cola Suisse nomme Fabio Cella nouveau Country Manager - Organisateur","isPartOf":{"@id":"https:\/\/www.organisator.ch\/#website"},"primaryImageOfPage":{"@id":"https:\/\/www.organisator.ch\/management\/2025-01-20\/coca-cola-schweiz-ernennt-fabio-cella-zum-neuen-country-manager\/#primaryimage"},"image":{"@id":"https:\/\/www.organisator.ch\/management\/2025-01-20\/coca-cola-schweiz-ernennt-fabio-cella-zum-neuen-country-manager\/#primaryimage"},"thumbnailUrl":"https:\/\/www.organisator.ch\/wp-content\/uploads\/2025\/01\/Coca-Cola_Bild1_ps.jpg","datePublished":"2025-01-20T14:40:07+00:00","dateModified":"2025-01-20T16:12:33+00:00","description":"Fabio Cella est le nouveau Country Manager de Coca-Cola Suisse depuis janvier 2025 et apporte avec lui une vaste exp\u00e9rience acquise en Autriche.","breadcrumb":{"@id":"https:\/\/www.organisator.ch\/management\/2025-01-20\/coca-cola-schweiz-ernennt-fabio-cella-zum-neuen-country-manager\/#breadcrumb"},"inLanguage":"fr-FR","potentialAction":[{"@type":"ReadAction","target":["https:\/\/www.organisator.ch\/management\/2025-01-20\/coca-cola-schweiz-ernennt-fabio-cella-zum-neuen-country-manager\/"]}]},{"@type":"ImageObject","inLanguage":"fr-FR","@id":"https:\/\/www.organisator.ch\/management\/2025-01-20\/coca-cola-schweiz-ernennt-fabio-cella-zum-neuen-country-manager\/#primaryimage","url":"https:\/\/www.organisator.ch\/wp-content\/uploads\/2025\/01\/Coca-Cola_Bild1_ps.jpg","contentUrl":"https:\/\/www.organisator.ch\/wp-content\/uploads\/2025\/01\/Coca-Cola_Bild1_ps.jpg","width":680,"height":453,"caption":"Fabio Cella ist seit Januar 2025 neuer Country Manager von Coca-Cola Schweiz und bringt umfassende Erfahrung aus \u00d6sterreich mit. (Bild: www.coca-cola.ch)"},{"@type":"BreadcrumbList","@id":"https:\/\/www.organisator.ch\/management\/2025-01-20\/coca-cola-schweiz-ernennt-fabio-cella-zum-neuen-country-manager\/#breadcrumb","itemListElement":[{"@type":"ListItem","position":1,"name":"Home","item":"https:\/\/www.organisator.ch\/"},{"@type":"ListItem","position":2,"name":"Coca-Cola Schweiz ernennt Fabio Cella zum neuen Country Manager"}]},{"@type":"WebSite","@id":"https:\/\/www.organisator.ch\/#website","url":"https:\/\/www.organisator.ch\/","name":"Organisateur","description":"Comp\u00e9tence et comp\u00e9tence. Proches de la pratique. L'ORGANISATEUR pr\u00e9pare 10 num\u00e9ros par an sur les th\u00e8mes essentiels pour les dirigeants de PME.","publisher":{"@id":"https:\/\/www.organisator.ch\/#organization"},"potentialAction":[{"@type":"SearchAction","target":{"@type":"EntryPoint","urlTemplate":"https:\/\/www.organisator.ch\/?s={search_term_string}"},"query-input":{"@type":"PropertyValueSpecification","valueRequired":true,"valueName":"search_term_string"}}],"inLanguage":"fr-FR"},{"@type":"Organization","@id":"https:\/\/www.organisator.ch\/#organization","name":"Organisateur","url":"https:\/\/www.organisator.ch\/","logo":{"@type":"ImageObject","inLanguage":"fr-FR","@id":"https:\/\/www.organisator.ch\/#\/schema\/logo\/image\/","url":"https:\/\/www.organisator.ch\/wp-content\/uploads\/2022\/01\/Logo_Organisator_Website.png","contentUrl":"https:\/\/www.organisator.ch\/wp-content\/uploads\/2022\/01\/Logo_Organisator_Website.png","width":800,"height":77,"caption":"Organisator"},"image":{"@id":"https:\/\/www.organisator.ch\/#\/schema\/logo\/image\/"},"sameAs":["https:\/\/www.facebook.com\/OrganisatorFachmagazin","https:\/\/www.linkedin.com\/showcase\/organisator-das-magazin-fr-kmu","https:\/\/www.xing.com\/news\/pages\/organisator-ch-695","https:\/\/www.youtube.com\/channel\/UCGP2Sq0iWaZwT3BdIAQFYpw"]},{"@type":"Person","@id":"https:\/\/www.organisator.ch\/#\/schema\/person\/afccda3a71c06d4be2ed9100dd163db7","name":"Dzana Muminovic","image":{"@type":"ImageObject","inLanguage":"fr-FR","@id":"https:\/\/secure.gravatar.com\/avatar\/909c5c71aff4b38e88686f2ab2f1ba152571f394f41ed8bae431ea56ced93050?s=96&d=mm&r=g","url":"https:\/\/secure.gravatar.com\/avatar\/909c5c71aff4b38e88686f2ab2f1ba152571f394f41ed8bae431ea56ced93050?s=96&d=mm&r=g","contentUrl":"https:\/\/secure.gravatar.com\/avatar\/909c5c71aff4b38e88686f2ab2f1ba152571f394f41ed8bae431ea56ced93050?s=96&d=mm&r=g","caption":"Dzana Muminovic"},"url":"https:\/\/www.organisator.ch\/fr\/author\/dzana-muminovic\/"}]}},"_links":{"self":[{"href":"https:\/\/www.organisator.ch\/fr\/wp-json\/wp\/v2\/posts\/35395","targetHints":{"allow":["GET"]}}],"collection":[{"href":"https:\/\/www.organisator.ch\/fr\/wp-json\/wp\/v2\/posts"}],"about":[{"href":"https:\/\/www.organisator.ch\/fr\/wp-json\/wp\/v2\/types\/post"}],"author":[{"embeddable":true,"href":"https:\/\/www.organisator.ch\/fr\/wp-json\/wp\/v2\/users\/80"}],"replies":[{"embeddable":true,"href":"https:\/\/www.organisator.ch\/fr\/wp-json\/wp\/v2\/comments?post=35395"}],"version-history":[{"count":7,"href":"https:\/\/www.organisator.ch\/fr\/wp-json\/wp\/v2\/posts\/35395\/revisions"}],"predecessor-version":[{"id":35409,"href":"https:\/\/www.organisator.ch\/fr\/wp-json\/wp\/v2\/posts\/35395\/revisions\/35409"}],"wp:featuredmedia":[{"embeddable":true,"href":"https:\/\/www.organisator.ch\/fr\/wp-json\/wp\/v2\/media\/35404"}],"wp:attachment":[{"href":"https:\/\/www.organisator.ch\/fr\/wp-json\/wp\/v2\/media?parent=35395"}],"wp:term":[{"taxonomy":"category","embeddable":true,"href":"https:\/\/www.organisator.ch\/fr\/wp-json\/wp\/v2\/categories?post=35395"},{"taxonomy":"post_tag","embeddable":true,"href":"https:\/\/www.organisator.ch\/fr\/wp-json\/wp\/v2\/tags?post=35395"}],"curies":[{"name":"wp","href":"https:\/\/api.w.org\/{rel}","templated":true}]}}