{"id":3540,"date":"2018-05-03T10:15:48","date_gmt":"2018-05-03T08:15:48","guid":{"rendered":"https:\/\/www.organisator.ch\/?p=3540"},"modified":"2018-05-03T10:15:48","modified_gmt":"2018-05-03T08:15:48","slug":"helmut-reisinger-ist-neuer-ceo-von-orange-business-services","status":"publish","type":"post","link":"https:\/\/www.organisator.ch\/fr\/allgemein\/2018-05-03\/helmut-reisinger-ist-neuer-ceo-von-orange-business-services\/","title":{"rendered":"Helmut Reisinger est le nouveau CEO d'Orange Business Services"},"content":{"rendered":"<figure id=\"attachment_3541\" aria-describedby=\"caption-attachment-3541\" style=\"width: 640px\" class=\"wp-caption alignnone\"><img loading=\"lazy\" decoding=\"async\" class=\"size-full wp-image-3541\" src=\"https:\/\/www.organisator.ch\/wp-content\/uploads\/2018\/05\/Helmut-Reisinger-ist-neuer-CEO-von-Orange-Business-Services_Organisator.jpg\" alt=\"\" width=\"640\" height=\"427\" srcset=\"https:\/\/www.organisator.ch\/wp-content\/uploads\/2018\/05\/Helmut-Reisinger-ist-neuer-CEO-von-Orange-Business-Services_Organisator.jpg 640w, https:\/\/www.organisator.ch\/wp-content\/uploads\/2018\/05\/Helmut-Reisinger-ist-neuer-CEO-von-Orange-Business-Services_Organisator-16x12.jpg 16w, https:\/\/www.organisator.ch\/wp-content\/uploads\/2018\/05\/Helmut-Reisinger-ist-neuer-CEO-von-Orange-Business-Services_Organisator-262x175.jpg 262w, https:\/\/www.organisator.ch\/wp-content\/uploads\/2018\/05\/Helmut-Reisinger-ist-neuer-CEO-von-Orange-Business-Services_Organisator-525x350.jpg 525w, https:\/\/www.organisator.ch\/wp-content\/uploads\/2018\/05\/Helmut-Reisinger-ist-neuer-CEO-von-Orange-Business-Services_Organisator-300x200.jpg 300w\" sizes=\"auto, (max-width: 640px) 100vw, 640px\" \/><figcaption id=\"caption-attachment-3541\" class=\"wp-caption-text\">Dr. Helmut Reisinger, nouveau CEO d'Orange Business Services. (Image : OBS)<\/figcaption><\/figure>\n<p>Le 5 mars, Orange a annonc\u00e9 son intention de mettre en place un conseil d'administration plus diversifi\u00e9 et plus international. En cons\u00e9quence, Helmut Reisinger rapportera dans ses nouvelles fonctions \u00e0 St\u00e9phane Richard, pr\u00e9sident-directeur g\u00e9n\u00e9ral d'Orange, et sera membre du conseil d'administration du groupe. Auparavant, Helmut Reisinger \u00e9tait vice-pr\u00e9sident ex\u00e9cutif international d'Orange Business Services, responsable de toutes les activit\u00e9s commerciales internationales, \u00e0 l'exception de la France. En tant que CEO, il d\u00e9finira la strat\u00e9gie de l'entreprise pour soutenir la transformation num\u00e9rique des entreprises clientes en France et dans le monde.<\/p>\n<p>\"Je suis honor\u00e9 et impatient de diriger Orange Business Services dans son ambition d'\u00eatre \u00e0 la pointe de l'\u00e9conomie ax\u00e9e sur les donn\u00e9es. Je suis convaincu que notre r\u00e9seau mondial, notre expertise et nos actifs nous permettront d'offrir une exp\u00e9rience sans pr\u00e9c\u00e9dent \u00e0 nos entreprises clientes dans le monde entier. Avec une orientation client inlassable - associ\u00e9e \u00e0 l'implication des collaborateurs et \u00e0 l'engagement en faveur de l'innovation - je suis confiant dans le fait que nous continuerons \u00e0 g\u00e9n\u00e9rer succ\u00e8s et croissance, tant pour nos clients que pour Orange\", a d\u00e9clar\u00e9 Helmut Reisinger, Chief Executive Officer, Orange Business Services.<\/p>\n<p>Avec plus de 20 ans d'exp\u00e9rience dans le march\u00e9 des entreprises et des solutions, Helmut Reisinger poss\u00e8de un vaste parcours international et orient\u00e9 vers les clients, avec de nombreux postes de direction. Avant de rejoindre Orange Business Services en 2007, il a occup\u00e9 des postes de direction dans toute l'Europe chez Avaya Inc, NextiraOne Allemagne et Alcatel Autriche.<\/p>\n<p><a href=\"http:\/\/www.orange-business.com\"><em>Plus d'informations<\/em><\/a><\/p>","protected":false},"excerpt":{"rendered":"<p>Am 5. M\u00e4rz hat Orange angek\u00fcndigt,\u00a0einen diversifizierteren und internationaleren Vorstand aufbauen zu wollen. Entsprechend wird Helmut Reisinger in seiner neuen Funktion\u00a0an St\u00e9phane Richard, Chairman und CEO von Orange, berichten und Mitglied des Vorstands der Gruppe sein. Zuletzt war Helmut Reisinger als Executive Vice President International bei Orange Business Services f\u00fcr alle internationalen Gesch\u00e4ftsaktivit\u00e4ten mit Ausnahme [&hellip;]<\/p>\n","protected":false},"author":4,"featured_media":3541,"comment_status":"open","ping_status":"open","sticky":false,"template":"","format":"standard","meta":{"_acf_changed":false,"_yoast_wpseo_focuskw":"Helmut Reisinger","_yoast_wpseo_metadesc":"Helmut Reisinger ist seit dem 1. Mai neuer Chief Executive Officer (CEO) von Orange Business Services und tritt damit die Nachfolge von Thierry Bonhomme an.","articlekey":"","footnotes":""},"categories":[1],"tags":[286,381,492,496],"class_list":["post-3540","post","type-post","status-publish","format-standard","has-post-thumbnail","hentry","category-allgemein","tag-it","tag-personalia","tag-unternehmen","tag-unternehmensfuehrung"],"acf":[],"yoast_head":"<!-- This site is optimized with the Yoast SEO plugin v27.4 - https:\/\/yoast.com\/product\/yoast-seo-wordpress\/ -->\n<title>Helmut Reisinger ist neuer CEO von Orange Business Services - Organisator<\/title>\n<meta name=\"description\" content=\"Helmut Reisinger ist seit dem 1. Mai neuer Chief Executive Officer (CEO) von Orange Business Services und tritt damit die Nachfolge von Thierry Bonhomme an.\" \/>\n<meta name=\"robots\" content=\"index, follow, max-snippet:-1, max-image-preview:large, max-video-preview:-1\" \/>\n<link rel=\"canonical\" href=\"https:\/\/www.organisator.ch\/fr\/general\/2018-05-03\/helmut-reisinger-ist-neuer-ceo-von-orange-business-services\/\" \/>\n<meta property=\"og:locale\" content=\"fr_FR\" \/>\n<meta property=\"og:type\" content=\"article\" \/>\n<meta property=\"og:title\" content=\"Helmut Reisinger ist neuer CEO von Orange Business Services\" \/>\n<meta property=\"og:description\" content=\"Helmut #Reisinger ist seit dem 1. Mai neuer Chief Executive Officer (CEO) von #Orange Business Services und tritt damit die Nachfolge von Thierry Bonhomme an,\" \/>\n<meta property=\"og:url\" content=\"https:\/\/www.organisator.ch\/fr\/general\/2018-05-03\/helmut-reisinger-ist-neuer-ceo-von-orange-business-services\/\" \/>\n<meta property=\"og:site_name\" content=\"Organisator\" \/>\n<meta property=\"article:publisher\" content=\"https:\/\/www.facebook.com\/OrganisatorFachmagazin\" \/>\n<meta property=\"article:published_time\" content=\"2018-05-03T08:15:48+00:00\" \/>\n<meta property=\"og:image\" content=\"https:\/\/www.organisator.ch\/wp-content\/uploads\/2018\/05\/Helmut-Reisinger-ist-neuer-CEO-von-Orange-Business-Services_Organisator.jpg\" \/>\n\t<meta property=\"og:image:width\" content=\"640\" \/>\n\t<meta property=\"og:image:height\" content=\"427\" \/>\n\t<meta property=\"og:image:type\" content=\"image\/jpeg\" \/>\n<meta name=\"author\" content=\"thomas.berner\" \/>\n<meta name=\"twitter:card\" content=\"summary_large_image\" \/>\n<meta name=\"twitter:title\" content=\"Helmut #Reisinger ist neuer CEO von #OrangeBusinessServices\" \/>\n<meta name=\"twitter:description\" content=\"Helmut #Reisinger ist seit dem 1. Mai neuer Chief Executive Officer (CEO) von #Orange Business Services und tritt damit die Nachfolge von Thierry Bonhomme an.\" \/>\n<meta name=\"twitter:image\" content=\"https:\/\/www.organisator.ch\/wp-content\/uploads\/2018\/05\/Helmut-Reisinger-ist-neuer-CEO-von-Orange-Business-Services_Organisator.jpg\" \/>\n<script type=\"application\/ld+json\" class=\"yoast-schema-graph\">{\"@context\":\"https:\\\/\\\/schema.org\",\"@graph\":[{\"@type\":\"Article\",\"@id\":\"https:\\\/\\\/www.organisator.ch\\\/it\\\/generale\\\/2018-05-03\\\/helmut-reisinger-ist-neuer-ceo-von-orange-business-services\\\/#article\",\"isPartOf\":{\"@id\":\"https:\\\/\\\/www.organisator.ch\\\/it\\\/generale\\\/2018-05-03\\\/helmut-reisinger-ist-neuer-ceo-von-orange-business-services\\\/\"},\"author\":{\"name\":\"thomas.berner\",\"@id\":\"https:\\\/\\\/www.organisator.ch\\\/#\\\/schema\\\/person\\\/6f650f90b2842cd4c0cc334b4e36f67e\"},\"headline\":\"Helmut Reisinger ist neuer CEO von Orange Business Services\",\"datePublished\":\"2018-05-03T08:15:48+00:00\",\"mainEntityOfPage\":{\"@id\":\"https:\\\/\\\/www.organisator.ch\\\/it\\\/generale\\\/2018-05-03\\\/helmut-reisinger-ist-neuer-ceo-von-orange-business-services\\\/\"},\"wordCount\":269,\"commentCount\":0,\"publisher\":{\"@id\":\"https:\\\/\\\/www.organisator.ch\\\/#organization\"},\"image\":{\"@id\":\"https:\\\/\\\/www.organisator.ch\\\/it\\\/generale\\\/2018-05-03\\\/helmut-reisinger-ist-neuer-ceo-von-orange-business-services\\\/#primaryimage\"},\"thumbnailUrl\":\"https:\\\/\\\/www.organisator.ch\\\/wp-content\\\/uploads\\\/2018\\\/05\\\/Helmut-Reisinger-ist-neuer-CEO-von-Orange-Business-Services_Organisator.jpg\",\"keywords\":[\"IT\",\"Personalia\",\"Unternehmen\",\"Unternehmensf\u00fchrung\"],\"articleSection\":[\"Allgemein\"],\"inLanguage\":\"fr-FR\"},{\"@type\":\"WebPage\",\"@id\":\"https:\\\/\\\/www.organisator.ch\\\/it\\\/generale\\\/2018-05-03\\\/helmut-reisinger-ist-neuer-ceo-von-orange-business-services\\\/\",\"url\":\"https:\\\/\\\/www.organisator.ch\\\/it\\\/generale\\\/2018-05-03\\\/helmut-reisinger-ist-neuer-ceo-von-orange-business-services\\\/\",\"name\":\"Helmut Reisinger ist neuer CEO von Orange Business Services - Organisator\",\"isPartOf\":{\"@id\":\"https:\\\/\\\/www.organisator.ch\\\/#website\"},\"primaryImageOfPage\":{\"@id\":\"https:\\\/\\\/www.organisator.ch\\\/it\\\/generale\\\/2018-05-03\\\/helmut-reisinger-ist-neuer-ceo-von-orange-business-services\\\/#primaryimage\"},\"image\":{\"@id\":\"https:\\\/\\\/www.organisator.ch\\\/it\\\/generale\\\/2018-05-03\\\/helmut-reisinger-ist-neuer-ceo-von-orange-business-services\\\/#primaryimage\"},\"thumbnailUrl\":\"https:\\\/\\\/www.organisator.ch\\\/wp-content\\\/uploads\\\/2018\\\/05\\\/Helmut-Reisinger-ist-neuer-CEO-von-Orange-Business-Services_Organisator.jpg\",\"datePublished\":\"2018-05-03T08:15:48+00:00\",\"description\":\"Helmut Reisinger ist seit dem 1. Mai neuer Chief Executive Officer (CEO) von Orange Business Services und tritt damit die Nachfolge von Thierry Bonhomme an.\",\"breadcrumb\":{\"@id\":\"https:\\\/\\\/www.organisator.ch\\\/it\\\/generale\\\/2018-05-03\\\/helmut-reisinger-ist-neuer-ceo-von-orange-business-services\\\/#breadcrumb\"},\"inLanguage\":\"fr-FR\",\"potentialAction\":[{\"@type\":\"ReadAction\",\"target\":[\"https:\\\/\\\/www.organisator.ch\\\/it\\\/generale\\\/2018-05-03\\\/helmut-reisinger-ist-neuer-ceo-von-orange-business-services\\\/\"]}]},{\"@type\":\"ImageObject\",\"inLanguage\":\"fr-FR\",\"@id\":\"https:\\\/\\\/www.organisator.ch\\\/it\\\/generale\\\/2018-05-03\\\/helmut-reisinger-ist-neuer-ceo-von-orange-business-services\\\/#primaryimage\",\"url\":\"https:\\\/\\\/www.organisator.ch\\\/wp-content\\\/uploads\\\/2018\\\/05\\\/Helmut-Reisinger-ist-neuer-CEO-von-Orange-Business-Services_Organisator.jpg\",\"contentUrl\":\"https:\\\/\\\/www.organisator.ch\\\/wp-content\\\/uploads\\\/2018\\\/05\\\/Helmut-Reisinger-ist-neuer-CEO-von-Orange-Business-Services_Organisator.jpg\",\"width\":640,\"height\":427,\"caption\":\"Dr. Helmut Reisinger, neuer CEO von Orange Business Services. (Bild: OBS)\"},{\"@type\":\"BreadcrumbList\",\"@id\":\"https:\\\/\\\/www.organisator.ch\\\/it\\\/generale\\\/2018-05-03\\\/helmut-reisinger-ist-neuer-ceo-von-orange-business-services\\\/#breadcrumb\",\"itemListElement\":[{\"@type\":\"ListItem\",\"position\":1,\"name\":\"Home\",\"item\":\"https:\\\/\\\/www.organisator.ch\\\/\"},{\"@type\":\"ListItem\",\"position\":2,\"name\":\"Helmut Reisinger ist neuer CEO von Orange Business Services\"}]},{\"@type\":\"WebSite\",\"@id\":\"https:\\\/\\\/www.organisator.ch\\\/#website\",\"url\":\"https:\\\/\\\/www.organisator.ch\\\/\",\"name\":\"Organisator\",\"description\":\"Kompetent. Praxisnah. Der ORGANISATOR bereitet in 10 Ausgaben pro Jahr die wesentlichen Themen f\u00fcr F\u00fchrungskr\u00e4fte von KMU auf.\",\"publisher\":{\"@id\":\"https:\\\/\\\/www.organisator.ch\\\/#organization\"},\"potentialAction\":[{\"@type\":\"SearchAction\",\"target\":{\"@type\":\"EntryPoint\",\"urlTemplate\":\"https:\\\/\\\/www.organisator.ch\\\/?s={search_term_string}\"},\"query-input\":{\"@type\":\"PropertyValueSpecification\",\"valueRequired\":true,\"valueName\":\"search_term_string\"}}],\"inLanguage\":\"fr-FR\"},{\"@type\":\"Organization\",\"@id\":\"https:\\\/\\\/www.organisator.ch\\\/#organization\",\"name\":\"Organisator\",\"url\":\"https:\\\/\\\/www.organisator.ch\\\/\",\"logo\":{\"@type\":\"ImageObject\",\"inLanguage\":\"fr-FR\",\"@id\":\"https:\\\/\\\/www.organisator.ch\\\/#\\\/schema\\\/logo\\\/image\\\/\",\"url\":\"https:\\\/\\\/www.organisator.ch\\\/wp-content\\\/uploads\\\/2022\\\/01\\\/Logo_Organisator_Website.png\",\"contentUrl\":\"https:\\\/\\\/www.organisator.ch\\\/wp-content\\\/uploads\\\/2022\\\/01\\\/Logo_Organisator_Website.png\",\"width\":800,\"height\":77,\"caption\":\"Organisator\"},\"image\":{\"@id\":\"https:\\\/\\\/www.organisator.ch\\\/#\\\/schema\\\/logo\\\/image\\\/\"},\"sameAs\":[\"https:\\\/\\\/www.facebook.com\\\/OrganisatorFachmagazin\",\"https:\\\/\\\/www.linkedin.com\\\/showcase\\\/organisator-das-magazin-fr-kmu\",\"https:\\\/\\\/www.xing.com\\\/news\\\/pages\\\/organisator-ch-695\",\"https:\\\/\\\/www.youtube.com\\\/channel\\\/UCGP2Sq0iWaZwT3BdIAQFYpw\"]},{\"@type\":\"Person\",\"@id\":\"https:\\\/\\\/www.organisator.ch\\\/#\\\/schema\\\/person\\\/6f650f90b2842cd4c0cc334b4e36f67e\",\"name\":\"thomas.berner\",\"image\":{\"@type\":\"ImageObject\",\"inLanguage\":\"fr-FR\",\"@id\":\"https:\\\/\\\/secure.gravatar.com\\\/avatar\\\/ac5001d2a36cb6c6cd3e50789007ffca834b477b74a2144564522e944eabff61?s=96&d=mm&r=g\",\"url\":\"https:\\\/\\\/secure.gravatar.com\\\/avatar\\\/ac5001d2a36cb6c6cd3e50789007ffca834b477b74a2144564522e944eabff61?s=96&d=mm&r=g\",\"contentUrl\":\"https:\\\/\\\/secure.gravatar.com\\\/avatar\\\/ac5001d2a36cb6c6cd3e50789007ffca834b477b74a2144564522e944eabff61?s=96&d=mm&r=g\",\"caption\":\"thomas.berner\"},\"url\":\"https:\\\/\\\/www.organisator.ch\\\/fr\\\/author\\\/thomas-berner\\\/\"}]}<\/script>\n<!-- \/ Yoast SEO plugin. -->","yoast_head_json":{"title":"Helmut Reisinger est le nouveau CEO d'Orange Business Services - Organisateur","description":"Helmut Reisinger est le nouveau Chief Executive Officer (CEO) d'Orange Business Services depuis le 1er mai et succ\u00e8de ainsi \u00e0 Thierry Bonhomme.","robots":{"index":"index","follow":"follow","max-snippet":"max-snippet:-1","max-image-preview":"max-image-preview:large","max-video-preview":"max-video-preview:-1"},"canonical":"https:\/\/www.organisator.ch\/fr\/general\/2018-05-03\/helmut-reisinger-ist-neuer-ceo-von-orange-business-services\/","og_locale":"fr_FR","og_type":"article","og_title":"Helmut Reisinger ist neuer CEO von Orange Business Services","og_description":"Helmut #Reisinger ist seit dem 1. Mai neuer Chief Executive Officer (CEO) von #Orange Business Services und tritt damit die Nachfolge von Thierry Bonhomme an,","og_url":"https:\/\/www.organisator.ch\/fr\/general\/2018-05-03\/helmut-reisinger-ist-neuer-ceo-von-orange-business-services\/","og_site_name":"Organisator","article_publisher":"https:\/\/www.facebook.com\/OrganisatorFachmagazin","article_published_time":"2018-05-03T08:15:48+00:00","og_image":[{"width":640,"height":427,"url":"https:\/\/www.organisator.ch\/wp-content\/uploads\/2018\/05\/Helmut-Reisinger-ist-neuer-CEO-von-Orange-Business-Services_Organisator.jpg","type":"image\/jpeg"}],"author":"thomas.berner","twitter_card":"summary_large_image","twitter_title":"Helmut #Reisinger ist neuer CEO von #OrangeBusinessServices","twitter_description":"Helmut #Reisinger ist seit dem 1. Mai neuer Chief Executive Officer (CEO) von #Orange Business Services und tritt damit die Nachfolge von Thierry Bonhomme an.","twitter_image":"https:\/\/www.organisator.ch\/wp-content\/uploads\/2018\/05\/Helmut-Reisinger-ist-neuer-CEO-von-Orange-Business-Services_Organisator.jpg","schema":{"@context":"https:\/\/schema.org","@graph":[{"@type":"Article","@id":"https:\/\/www.organisator.ch\/it\/generale\/2018-05-03\/helmut-reisinger-ist-neuer-ceo-von-orange-business-services\/#article","isPartOf":{"@id":"https:\/\/www.organisator.ch\/it\/generale\/2018-05-03\/helmut-reisinger-ist-neuer-ceo-von-orange-business-services\/"},"author":{"name":"thomas.berner","@id":"https:\/\/www.organisator.ch\/#\/schema\/person\/6f650f90b2842cd4c0cc334b4e36f67e"},"headline":"Helmut Reisinger ist neuer CEO von Orange Business Services","datePublished":"2018-05-03T08:15:48+00:00","mainEntityOfPage":{"@id":"https:\/\/www.organisator.ch\/it\/generale\/2018-05-03\/helmut-reisinger-ist-neuer-ceo-von-orange-business-services\/"},"wordCount":269,"commentCount":0,"publisher":{"@id":"https:\/\/www.organisator.ch\/#organization"},"image":{"@id":"https:\/\/www.organisator.ch\/it\/generale\/2018-05-03\/helmut-reisinger-ist-neuer-ceo-von-orange-business-services\/#primaryimage"},"thumbnailUrl":"https:\/\/www.organisator.ch\/wp-content\/uploads\/2018\/05\/Helmut-Reisinger-ist-neuer-CEO-von-Orange-Business-Services_Organisator.jpg","keywords":["IT","Personalia","Unternehmen","Unternehmensf\u00fchrung"],"articleSection":["Allgemein"],"inLanguage":"fr-FR"},{"@type":"WebPage","@id":"https:\/\/www.organisator.ch\/it\/generale\/2018-05-03\/helmut-reisinger-ist-neuer-ceo-von-orange-business-services\/","url":"https:\/\/www.organisator.ch\/it\/generale\/2018-05-03\/helmut-reisinger-ist-neuer-ceo-von-orange-business-services\/","name":"Helmut Reisinger est le nouveau CEO d'Orange Business Services - Organisateur","isPartOf":{"@id":"https:\/\/www.organisator.ch\/#website"},"primaryImageOfPage":{"@id":"https:\/\/www.organisator.ch\/it\/generale\/2018-05-03\/helmut-reisinger-ist-neuer-ceo-von-orange-business-services\/#primaryimage"},"image":{"@id":"https:\/\/www.organisator.ch\/it\/generale\/2018-05-03\/helmut-reisinger-ist-neuer-ceo-von-orange-business-services\/#primaryimage"},"thumbnailUrl":"https:\/\/www.organisator.ch\/wp-content\/uploads\/2018\/05\/Helmut-Reisinger-ist-neuer-CEO-von-Orange-Business-Services_Organisator.jpg","datePublished":"2018-05-03T08:15:48+00:00","description":"Helmut Reisinger est le nouveau Chief Executive Officer (CEO) d'Orange Business Services depuis le 1er mai et succ\u00e8de ainsi \u00e0 Thierry Bonhomme.","breadcrumb":{"@id":"https:\/\/www.organisator.ch\/it\/generale\/2018-05-03\/helmut-reisinger-ist-neuer-ceo-von-orange-business-services\/#breadcrumb"},"inLanguage":"fr-FR","potentialAction":[{"@type":"ReadAction","target":["https:\/\/www.organisator.ch\/it\/generale\/2018-05-03\/helmut-reisinger-ist-neuer-ceo-von-orange-business-services\/"]}]},{"@type":"ImageObject","inLanguage":"fr-FR","@id":"https:\/\/www.organisator.ch\/it\/generale\/2018-05-03\/helmut-reisinger-ist-neuer-ceo-von-orange-business-services\/#primaryimage","url":"https:\/\/www.organisator.ch\/wp-content\/uploads\/2018\/05\/Helmut-Reisinger-ist-neuer-CEO-von-Orange-Business-Services_Organisator.jpg","contentUrl":"https:\/\/www.organisator.ch\/wp-content\/uploads\/2018\/05\/Helmut-Reisinger-ist-neuer-CEO-von-Orange-Business-Services_Organisator.jpg","width":640,"height":427,"caption":"Dr. Helmut Reisinger, neuer CEO von Orange Business Services. (Bild: OBS)"},{"@type":"BreadcrumbList","@id":"https:\/\/www.organisator.ch\/it\/generale\/2018-05-03\/helmut-reisinger-ist-neuer-ceo-von-orange-business-services\/#breadcrumb","itemListElement":[{"@type":"ListItem","position":1,"name":"Home","item":"https:\/\/www.organisator.ch\/"},{"@type":"ListItem","position":2,"name":"Helmut Reisinger ist neuer CEO von Orange Business Services"}]},{"@type":"WebSite","@id":"https:\/\/www.organisator.ch\/#website","url":"https:\/\/www.organisator.ch\/","name":"Organisateur","description":"Comp\u00e9tence et comp\u00e9tence. Proches de la pratique. L'ORGANISATEUR pr\u00e9pare 10 num\u00e9ros par an sur les th\u00e8mes essentiels pour les dirigeants de PME.","publisher":{"@id":"https:\/\/www.organisator.ch\/#organization"},"potentialAction":[{"@type":"SearchAction","target":{"@type":"EntryPoint","urlTemplate":"https:\/\/www.organisator.ch\/?s={search_term_string}"},"query-input":{"@type":"PropertyValueSpecification","valueRequired":true,"valueName":"search_term_string"}}],"inLanguage":"fr-FR"},{"@type":"Organization","@id":"https:\/\/www.organisator.ch\/#organization","name":"Organisateur","url":"https:\/\/www.organisator.ch\/","logo":{"@type":"ImageObject","inLanguage":"fr-FR","@id":"https:\/\/www.organisator.ch\/#\/schema\/logo\/image\/","url":"https:\/\/www.organisator.ch\/wp-content\/uploads\/2022\/01\/Logo_Organisator_Website.png","contentUrl":"https:\/\/www.organisator.ch\/wp-content\/uploads\/2022\/01\/Logo_Organisator_Website.png","width":800,"height":77,"caption":"Organisator"},"image":{"@id":"https:\/\/www.organisator.ch\/#\/schema\/logo\/image\/"},"sameAs":["https:\/\/www.facebook.com\/OrganisatorFachmagazin","https:\/\/www.linkedin.com\/showcase\/organisator-das-magazin-fr-kmu","https:\/\/www.xing.com\/news\/pages\/organisator-ch-695","https:\/\/www.youtube.com\/channel\/UCGP2Sq0iWaZwT3BdIAQFYpw"]},{"@type":"Person","@id":"https:\/\/www.organisator.ch\/#\/schema\/person\/6f650f90b2842cd4c0cc334b4e36f67e","name":"thomas.berner","image":{"@type":"ImageObject","inLanguage":"fr-FR","@id":"https:\/\/secure.gravatar.com\/avatar\/ac5001d2a36cb6c6cd3e50789007ffca834b477b74a2144564522e944eabff61?s=96&d=mm&r=g","url":"https:\/\/secure.gravatar.com\/avatar\/ac5001d2a36cb6c6cd3e50789007ffca834b477b74a2144564522e944eabff61?s=96&d=mm&r=g","contentUrl":"https:\/\/secure.gravatar.com\/avatar\/ac5001d2a36cb6c6cd3e50789007ffca834b477b74a2144564522e944eabff61?s=96&d=mm&r=g","caption":"thomas.berner"},"url":"https:\/\/www.organisator.ch\/fr\/author\/thomas-berner\/"}]}},"_links":{"self":[{"href":"https:\/\/www.organisator.ch\/fr\/wp-json\/wp\/v2\/posts\/3540","targetHints":{"allow":["GET"]}}],"collection":[{"href":"https:\/\/www.organisator.ch\/fr\/wp-json\/wp\/v2\/posts"}],"about":[{"href":"https:\/\/www.organisator.ch\/fr\/wp-json\/wp\/v2\/types\/post"}],"author":[{"embeddable":true,"href":"https:\/\/www.organisator.ch\/fr\/wp-json\/wp\/v2\/users\/4"}],"replies":[{"embeddable":true,"href":"https:\/\/www.organisator.ch\/fr\/wp-json\/wp\/v2\/comments?post=3540"}],"version-history":[{"count":0,"href":"https:\/\/www.organisator.ch\/fr\/wp-json\/wp\/v2\/posts\/3540\/revisions"}],"wp:featuredmedia":[{"embeddable":true,"href":"https:\/\/www.organisator.ch\/fr\/wp-json\/wp\/v2\/media\/3541"}],"wp:attachment":[{"href":"https:\/\/www.organisator.ch\/fr\/wp-json\/wp\/v2\/media?parent=3540"}],"wp:term":[{"taxonomy":"category","embeddable":true,"href":"https:\/\/www.organisator.ch\/fr\/wp-json\/wp\/v2\/categories?post=3540"},{"taxonomy":"post_tag","embeddable":true,"href":"https:\/\/www.organisator.ch\/fr\/wp-json\/wp\/v2\/tags?post=3540"}],"curies":[{"name":"wp","href":"https:\/\/api.w.org\/{rel}","templated":true}]}}