{"id":35413,"date":"2025-01-21T10:51:43","date_gmt":"2025-01-21T09:51:43","guid":{"rendered":"https:\/\/www.organisator.ch\/?p=35413"},"modified":"2025-01-21T10:51:43","modified_gmt":"2025-01-21T09:51:43","slug":"universitaet-st-gallen-gruendet-auto-schweiz-lehrstuhl-fuer-mobilitaet","status":"publish","type":"post","link":"https:\/\/www.organisator.ch\/fr\/weiterbildung\/2025-01-21\/universitaet-st-gallen-gruendet-auto-schweiz-lehrstuhl-fuer-mobilitaet\/","title":{"rendered":"L'Universit\u00e9 de Saint-Gall cr\u00e9e la \"Chaire Auto-Suisse pour la mobilit\u00e9\"."},"content":{"rendered":"<figure id=\"attachment_35414\" aria-describedby=\"caption-attachment-35414\" style=\"width: 680px\" class=\"wp-caption alignnone\"><img loading=\"lazy\" decoding=\"async\" class=\"size-full wp-image-35414\" src=\"https:\/\/www.organisator.ch\/wp-content\/uploads\/2025\/01\/HSG_Bild1_ps.jpg\" alt=\"\" width=\"680\" height=\"453\" srcset=\"https:\/\/www.organisator.ch\/wp-content\/uploads\/2025\/01\/HSG_Bild1_ps.jpg 680w, https:\/\/www.organisator.ch\/wp-content\/uploads\/2025\/01\/HSG_Bild1_ps-18x12.jpg 18w, https:\/\/www.organisator.ch\/wp-content\/uploads\/2025\/01\/HSG_Bild1_ps-375x250.jpg 375w, https:\/\/www.organisator.ch\/wp-content\/uploads\/2025\/01\/HSG_Bild1_ps-525x350.jpg 525w\" sizes=\"auto, (max-width: 680px) 100vw, 680px\" \/><figcaption id=\"caption-attachment-35414\" class=\"wp-caption-text\">De gauche \u00e0 droite : Thomas R\u00fccker (directeur d'Auto-Suisse), Dr Peter Gr\u00fcnenfelder (pr\u00e9sident d'Auto-Suisse), Prof. Dr Manuel Ammann (recteur de l'Universit\u00e9 de St-Gall) et Prof. Dr Andreas Herrmann (directeur de l'Institut de la mobilit\u00e9). (Image : Universit\u00e9 de Saint-Gall \/ Hannes Thalmann)<\/figcaption><\/figure>\n<p>La cr\u00e9ation de la \"Chaire Auto-Suisse pour la mobilit\u00e9\" est rendue possible gr\u00e2ce \u00e0 une g\u00e9n\u00e9reuse contribution de soutien de 2,68 millions de francs de l'Association des importateurs suisses d'automobiles \u00e0 la Fondation de l'Universit\u00e9 de Saint-Gall. L'accord de coop\u00e9ration pr\u00e9voit une dur\u00e9e de huit ans.<\/p>\n<h3><strong>Transformation dans l'industrie automobile<\/strong><\/h3>\n<p>L'industrie automobile est confront\u00e9e \u00e0 des d\u00e9fis majeurs dans le monde entier et se trouve au c\u0153ur du plus grand processus de transformation de son histoire bien plus que centenaire. Les m\u00e9gatendances telles que la num\u00e9risation, l'\u00e9lectrification ou l'automatisation offrent un \u00e9norme potentiel pour les futurs mod\u00e8les commerciaux, mais comportent en m\u00eame temps des risques pour les structures \u00e9tablies, par exemple dans le commerce automobile ou la mobilit\u00e9. Avec une contribution d'encouragement d'un montant total de 2'680'000 francs suisses, Auto-Suisse veut permettre un accompagnement scientifique approfondi de ces th\u00e8mes par l'Universit\u00e9 de Saint-Gall (HSG). La \"Chaire Auto-Suisse pour la mobilit\u00e9\" cr\u00e9\u00e9e gr\u00e2ce \u00e0 la contribution d'encouragement doit \u00eatre fond\u00e9e rapidement et pourvue \u00e0 l'aide d'une proc\u00e9dure de nomination.<\/p>\n<p>\"La HSG est l'une des universit\u00e9s \u00e9conomiques les plus progressistes et les plus innovantes d'Europe\", constate Peter Gr\u00fcnenfelder, pr\u00e9sident d'Auto Suisse. \"En m\u00eame temps, l'industrie automobile est le moteur de l'\u00e9conomie et, avec sa foi in\u00e9branlable en l'avenir, elle investit chaque ann\u00e9e des milliards dans la recherche et le d\u00e9veloppement de nouvelles technologies. Notre collaboration et l'\u00e9tude de th\u00e8mes d'avenir par la HSG ne sont donc rien d'autre que coh\u00e9rentes. Avec la nouvelle chaire auto-suisse pour la mobilit\u00e9, l'automobilit\u00e9, l'un des secteurs \u00e9conomiques suisses les plus importants, b\u00e9n\u00e9ficie d'un accompagnement scientifique fond\u00e9 pour relever les d\u00e9fis actuels et futurs\".<\/p>\n<h3><strong>Des th\u00e8mes de recherche vari\u00e9s pour la nouvelle chaire de mobilit\u00e9<\/strong><\/h3>\n<p>Gr\u00e2ce \u00e0 ce partenariat, Auto-Suisse permet \u00e0 la HSG de d\u00e9velopper des capacit\u00e9s et une expertise suppl\u00e9mentaires dans le domaine de la gestion de la mobilit\u00e9, o\u00f9 se posent d'importantes questions d'avenir. La chaire comprend un poste d'assistant et un poste de secr\u00e9tariat (respectivement 100 et 50 pour cent). \"Nous sommes tr\u00e8s reconnaissants \u00e0 Auto-Suisse de nous aider \u00e0 d\u00e9velopper des solutions d'avenir pour une interaction optimale de toutes les offres de mobilit\u00e9\", d\u00e9clare le professeur Manuel Ammann, recteur de la HSG. La HSG ne conclut de tels partenariats que si la libert\u00e9 de recherche, d'enseignement et de publication est garantie \u00e0 tout moment. En cons\u00e9quence, Auto-Suisse n'exerce aucune influence sur le processus de nomination ou sur le contenu du travail de la nouvelle chaire \u00e0 cr\u00e9er.<\/p>\n<p>La diversit\u00e9 des th\u00e8mes parmi lesquels la \"Chaire Auto-Suisse pour la mobilit\u00e9\" de la HSG peut choisir ses futurs domaines de recherche est quasiment in\u00e9puisable. Ainsi, le d\u00e9veloppement futur de l'\u00e9lectromobilit\u00e9 et sa contribution \u00e0 la r\u00e9duction des \u00e9missions constituent actuellement un champ d'action central de l'\u00e9conomie automobile, explique le directeur d'Auto Suisse Thomas R\u00fccker. \"Mais en m\u00eame temps, d'autres solutions auront leur place et il ne faut pas sous-estimer les diff\u00e9rences de besoins des diff\u00e9rents types de v\u00e9hicules dans le syst\u00e8me global des transports et de la mobilit\u00e9. A cela s'ajoutent des d\u00e9fis en mati\u00e8re d'am\u00e9nagement du territoire, notamment en ce qui concerne l'interaction entre les diff\u00e9rents modes de transport, ainsi que les tendances de la num\u00e9risation et de l'automatisation.\" L'accessibilit\u00e9 financi\u00e8re et la disponibilit\u00e9 illimit\u00e9e de la mobilit\u00e9 pour l'ensemble de la soci\u00e9t\u00e9 repr\u00e9sentent \u00e9galement une question importante pour l'avenir.<\/p>\n<p><em>Source : <\/em><a href=\"https:\/\/www.auto.swiss\/\"><em>www.auto.swiss<\/em><\/a><\/p>","protected":false},"excerpt":{"rendered":"<p>Fin 2024, l'Universit\u00e9 de Saint-Gall et Auto-Suisse ont sign\u00e9 une convention de subvention pour le financement d'une chaire de gestion de la mobilit\u00e9. La cr\u00e9ation de cette institution de recherche doit permettre d'\u00e9tudier et d'accompagner scientifiquement des th\u00e8mes centraux tels que la transformation de l'industrie automobile et la mobilit\u00e9 du futur. <\/p>","protected":false},"author":80,"featured_media":35414,"comment_status":"closed","ping_status":"closed","sticky":false,"template":"","format":"standard","meta":{"_acf_changed":false,"_yoast_wpseo_focuskw":"Auto-Schweiz Lehrstuhl","_yoast_wpseo_metadesc":"Auto-Schweiz und die HSG schaffen mit einem F\u00f6rderbeitrag einen Lehrstuhl, um die Zukunft der Mobilit\u00e4t wissenschaftlich zu erforschen.","articlekey":"","footnotes":""},"categories":[30],"tags":[3013,5025,3993,354,2700,5008],"class_list":["post-35413","post","type-post","status-publish","format-standard","has-post-thumbnail","hentry","category-weiterbildung","tag-automobilindustrie","tag-forschungseinrichtung","tag-hsg","tag-mobilitaet","tag-transformation","tag-vereinbarung"],"acf":[],"yoast_head":"<!-- This site is optimized with the Yoast SEO plugin v27.5 - https:\/\/yoast.com\/product\/yoast-seo-wordpress\/ -->\n<title>Universit\u00e4t St.Gallen gr\u00fcndet \u00abAuto-Schweiz Lehrstuhl f\u00fcr Mobilit\u00e4t\u00bb - Organisator<\/title>\n<meta name=\"description\" content=\"Auto-Schweiz und die HSG schaffen mit einem F\u00f6rderbeitrag einen Lehrstuhl, um die Zukunft der Mobilit\u00e4t wissenschaftlich zu erforschen.\" \/>\n<meta name=\"robots\" content=\"index, follow, max-snippet:-1, max-image-preview:large, max-video-preview:-1\" \/>\n<link rel=\"canonical\" href=\"https:\/\/www.organisator.ch\/fr\/formation-continue-2\/2025-01-21\/universitaet-st-gallen-gruendet-auto-schweiz-lehrstuhl-fuer-mobilitaet\/\" \/>\n<meta property=\"og:locale\" content=\"fr_FR\" \/>\n<meta property=\"og:type\" content=\"article\" \/>\n<meta property=\"og:title\" content=\"Universit\u00e4t St.Gallen gr\u00fcndet \u00abAuto-Schweiz Lehrstuhl f\u00fcr Mobilit\u00e4t\u00bb\" \/>\n<meta property=\"og:description\" content=\"Auto-Schweiz und die HSG schaffen mit einem F\u00f6rderbeitrag einen Lehrstuhl, um die Zukunft der Mobilit\u00e4t wissenschaftlich zu erforschen.\" \/>\n<meta property=\"og:url\" content=\"https:\/\/www.organisator.ch\/fr\/formation-continue-2\/2025-01-21\/universitaet-st-gallen-gruendet-auto-schweiz-lehrstuhl-fuer-mobilitaet\/\" \/>\n<meta property=\"og:site_name\" content=\"Organisator\" \/>\n<meta property=\"article:publisher\" content=\"https:\/\/www.facebook.com\/OrganisatorFachmagazin\" \/>\n<meta property=\"article:published_time\" content=\"2025-01-21T09:51:43+00:00\" \/>\n<meta property=\"og:image\" content=\"https:\/\/www.organisator.ch\/wp-content\/uploads\/2025\/01\/HSG_Bild1_ps.jpg\" \/>\n\t<meta property=\"og:image:width\" content=\"680\" \/>\n\t<meta property=\"og:image:height\" content=\"453\" \/>\n\t<meta property=\"og:image:type\" content=\"image\/jpeg\" \/>\n<meta name=\"author\" content=\"Dzana Muminovic\" \/>\n<meta name=\"twitter:card\" content=\"summary_large_image\" \/>\n<meta name=\"twitter:title\" content=\"Universit\u00e4t St.Gallen gr\u00fcndet \u00abAuto-Schweiz Lehrstuhl f\u00fcr Mobilit\u00e4t\u00bb\" \/>\n<meta name=\"twitter:description\" content=\"#Auto-#Schweiz und die #HSG schaffen mit einem #F\u00f6rderbeitrag einen #Lehrstuhl, um die Zukunft der #Mobilit\u00e4t wissenschaftlich zu erforschen.\" \/>\n<meta name=\"twitter:image\" content=\"https:\/\/www.organisator.ch\/wp-content\/uploads\/2025\/01\/HSG_Bild1_ps.jpg\" \/>\n<script type=\"application\/ld+json\" class=\"yoast-schema-graph\">{\"@context\":\"https:\\\/\\\/schema.org\",\"@graph\":[{\"@type\":\"Article\",\"@id\":\"https:\\\/\\\/www.organisator.ch\\\/weiterbildung\\\/2025-01-21\\\/universitaet-st-gallen-gruendet-auto-schweiz-lehrstuhl-fuer-mobilitaet\\\/#article\",\"isPartOf\":{\"@id\":\"https:\\\/\\\/www.organisator.ch\\\/weiterbildung\\\/2025-01-21\\\/universitaet-st-gallen-gruendet-auto-schweiz-lehrstuhl-fuer-mobilitaet\\\/\"},\"author\":{\"name\":\"Dzana Muminovic\",\"@id\":\"https:\\\/\\\/www.organisator.ch\\\/#\\\/schema\\\/person\\\/afccda3a71c06d4be2ed9100dd163db7\"},\"headline\":\"Universit\u00e4t St.Gallen gr\u00fcndet \u00abAuto-Schweiz Lehrstuhl f\u00fcr Mobilit\u00e4t\u00bb\",\"datePublished\":\"2025-01-21T09:51:43+00:00\",\"mainEntityOfPage\":{\"@id\":\"https:\\\/\\\/www.organisator.ch\\\/weiterbildung\\\/2025-01-21\\\/universitaet-st-gallen-gruendet-auto-schweiz-lehrstuhl-fuer-mobilitaet\\\/\"},\"wordCount\":540,\"publisher\":{\"@id\":\"https:\\\/\\\/www.organisator.ch\\\/#organization\"},\"image\":{\"@id\":\"https:\\\/\\\/www.organisator.ch\\\/weiterbildung\\\/2025-01-21\\\/universitaet-st-gallen-gruendet-auto-schweiz-lehrstuhl-fuer-mobilitaet\\\/#primaryimage\"},\"thumbnailUrl\":\"https:\\\/\\\/www.organisator.ch\\\/wp-content\\\/uploads\\\/2025\\\/01\\\/HSG_Bild1_ps.jpg\",\"keywords\":[\"Automobilindustrie\",\"Forschungseinrichtung\",\"HSG\",\"Mobilit\u00e4t\",\"Transformation\",\"Vereinbarung\"],\"articleSection\":[\"WEITERBILDUNG\"],\"inLanguage\":\"fr-FR\"},{\"@type\":\"WebPage\",\"@id\":\"https:\\\/\\\/www.organisator.ch\\\/weiterbildung\\\/2025-01-21\\\/universitaet-st-gallen-gruendet-auto-schweiz-lehrstuhl-fuer-mobilitaet\\\/\",\"url\":\"https:\\\/\\\/www.organisator.ch\\\/weiterbildung\\\/2025-01-21\\\/universitaet-st-gallen-gruendet-auto-schweiz-lehrstuhl-fuer-mobilitaet\\\/\",\"name\":\"Universit\u00e4t St.Gallen gr\u00fcndet \u00abAuto-Schweiz Lehrstuhl f\u00fcr Mobilit\u00e4t\u00bb - Organisator\",\"isPartOf\":{\"@id\":\"https:\\\/\\\/www.organisator.ch\\\/#website\"},\"primaryImageOfPage\":{\"@id\":\"https:\\\/\\\/www.organisator.ch\\\/weiterbildung\\\/2025-01-21\\\/universitaet-st-gallen-gruendet-auto-schweiz-lehrstuhl-fuer-mobilitaet\\\/#primaryimage\"},\"image\":{\"@id\":\"https:\\\/\\\/www.organisator.ch\\\/weiterbildung\\\/2025-01-21\\\/universitaet-st-gallen-gruendet-auto-schweiz-lehrstuhl-fuer-mobilitaet\\\/#primaryimage\"},\"thumbnailUrl\":\"https:\\\/\\\/www.organisator.ch\\\/wp-content\\\/uploads\\\/2025\\\/01\\\/HSG_Bild1_ps.jpg\",\"datePublished\":\"2025-01-21T09:51:43+00:00\",\"description\":\"Auto-Schweiz und die HSG schaffen mit einem F\u00f6rderbeitrag einen Lehrstuhl, um die Zukunft der Mobilit\u00e4t wissenschaftlich zu erforschen.\",\"breadcrumb\":{\"@id\":\"https:\\\/\\\/www.organisator.ch\\\/weiterbildung\\\/2025-01-21\\\/universitaet-st-gallen-gruendet-auto-schweiz-lehrstuhl-fuer-mobilitaet\\\/#breadcrumb\"},\"inLanguage\":\"fr-FR\",\"potentialAction\":[{\"@type\":\"ReadAction\",\"target\":[\"https:\\\/\\\/www.organisator.ch\\\/weiterbildung\\\/2025-01-21\\\/universitaet-st-gallen-gruendet-auto-schweiz-lehrstuhl-fuer-mobilitaet\\\/\"]}]},{\"@type\":\"ImageObject\",\"inLanguage\":\"fr-FR\",\"@id\":\"https:\\\/\\\/www.organisator.ch\\\/weiterbildung\\\/2025-01-21\\\/universitaet-st-gallen-gruendet-auto-schweiz-lehrstuhl-fuer-mobilitaet\\\/#primaryimage\",\"url\":\"https:\\\/\\\/www.organisator.ch\\\/wp-content\\\/uploads\\\/2025\\\/01\\\/HSG_Bild1_ps.jpg\",\"contentUrl\":\"https:\\\/\\\/www.organisator.ch\\\/wp-content\\\/uploads\\\/2025\\\/01\\\/HSG_Bild1_ps.jpg\",\"width\":680,\"height\":453,\"caption\":\"Von links: Thomas R\u00fccker (Direktor Auto-Schweiz), Dr. Peter Gr\u00fcnenfelder (Pr\u00e4sident Auto-Schweiz), Prof. Dr. Manuel Ammann (Rektor der Universit\u00e4t St.Gallen) und Prof. Dr. Andreas Herrmann (Direktor des Instituts f\u00fcr Mobilit\u00e4t). (Bild: Universit\u00e4t St.Gallen \\\/ Hannes Thalmann)\"},{\"@type\":\"BreadcrumbList\",\"@id\":\"https:\\\/\\\/www.organisator.ch\\\/weiterbildung\\\/2025-01-21\\\/universitaet-st-gallen-gruendet-auto-schweiz-lehrstuhl-fuer-mobilitaet\\\/#breadcrumb\",\"itemListElement\":[{\"@type\":\"ListItem\",\"position\":1,\"name\":\"Home\",\"item\":\"https:\\\/\\\/www.organisator.ch\\\/\"},{\"@type\":\"ListItem\",\"position\":2,\"name\":\"Universit\u00e4t St.Gallen gr\u00fcndet \u00abAuto-Schweiz Lehrstuhl f\u00fcr Mobilit\u00e4t\u00bb\"}]},{\"@type\":\"WebSite\",\"@id\":\"https:\\\/\\\/www.organisator.ch\\\/#website\",\"url\":\"https:\\\/\\\/www.organisator.ch\\\/\",\"name\":\"Organisator\",\"description\":\"Kompetent. Praxisnah. Der ORGANISATOR bereitet in 10 Ausgaben pro Jahr die wesentlichen Themen f\u00fcr F\u00fchrungskr\u00e4fte von KMU auf.\",\"publisher\":{\"@id\":\"https:\\\/\\\/www.organisator.ch\\\/#organization\"},\"potentialAction\":[{\"@type\":\"SearchAction\",\"target\":{\"@type\":\"EntryPoint\",\"urlTemplate\":\"https:\\\/\\\/www.organisator.ch\\\/?s={search_term_string}\"},\"query-input\":{\"@type\":\"PropertyValueSpecification\",\"valueRequired\":true,\"valueName\":\"search_term_string\"}}],\"inLanguage\":\"fr-FR\"},{\"@type\":\"Organization\",\"@id\":\"https:\\\/\\\/www.organisator.ch\\\/#organization\",\"name\":\"Organisator\",\"url\":\"https:\\\/\\\/www.organisator.ch\\\/\",\"logo\":{\"@type\":\"ImageObject\",\"inLanguage\":\"fr-FR\",\"@id\":\"https:\\\/\\\/www.organisator.ch\\\/#\\\/schema\\\/logo\\\/image\\\/\",\"url\":\"https:\\\/\\\/www.organisator.ch\\\/wp-content\\\/uploads\\\/2022\\\/01\\\/Logo_Organisator_Website.png\",\"contentUrl\":\"https:\\\/\\\/www.organisator.ch\\\/wp-content\\\/uploads\\\/2022\\\/01\\\/Logo_Organisator_Website.png\",\"width\":800,\"height\":77,\"caption\":\"Organisator\"},\"image\":{\"@id\":\"https:\\\/\\\/www.organisator.ch\\\/#\\\/schema\\\/logo\\\/image\\\/\"},\"sameAs\":[\"https:\\\/\\\/www.facebook.com\\\/OrganisatorFachmagazin\",\"https:\\\/\\\/www.linkedin.com\\\/showcase\\\/organisator-das-magazin-fr-kmu\",\"https:\\\/\\\/www.xing.com\\\/news\\\/pages\\\/organisator-ch-695\",\"https:\\\/\\\/www.youtube.com\\\/channel\\\/UCGP2Sq0iWaZwT3BdIAQFYpw\"]},{\"@type\":\"Person\",\"@id\":\"https:\\\/\\\/www.organisator.ch\\\/#\\\/schema\\\/person\\\/afccda3a71c06d4be2ed9100dd163db7\",\"name\":\"Dzana Muminovic\",\"image\":{\"@type\":\"ImageObject\",\"inLanguage\":\"fr-FR\",\"@id\":\"https:\\\/\\\/secure.gravatar.com\\\/avatar\\\/909c5c71aff4b38e88686f2ab2f1ba152571f394f41ed8bae431ea56ced93050?s=96&d=mm&r=g\",\"url\":\"https:\\\/\\\/secure.gravatar.com\\\/avatar\\\/909c5c71aff4b38e88686f2ab2f1ba152571f394f41ed8bae431ea56ced93050?s=96&d=mm&r=g\",\"contentUrl\":\"https:\\\/\\\/secure.gravatar.com\\\/avatar\\\/909c5c71aff4b38e88686f2ab2f1ba152571f394f41ed8bae431ea56ced93050?s=96&d=mm&r=g\",\"caption\":\"Dzana Muminovic\"},\"url\":\"https:\\\/\\\/www.organisator.ch\\\/fr\\\/author\\\/dzana-muminovic\\\/\"}]}<\/script>\n<!-- \/ Yoast SEO plugin. -->","yoast_head_json":{"title":"L'Universit\u00e9 de Saint-Gall cr\u00e9e la \"Chaire Auto-Suisse pour la mobilit\u00e9\" - Organisateur","description":"Auto-Suisse et la HSG cr\u00e9ent, gr\u00e2ce \u00e0 une contribution d'encouragement, une chaire afin d'\u00e9tudier scientifiquement l'avenir de la mobilit\u00e9.","robots":{"index":"index","follow":"follow","max-snippet":"max-snippet:-1","max-image-preview":"max-image-preview:large","max-video-preview":"max-video-preview:-1"},"canonical":"https:\/\/www.organisator.ch\/fr\/formation-continue-2\/2025-01-21\/universitaet-st-gallen-gruendet-auto-schweiz-lehrstuhl-fuer-mobilitaet\/","og_locale":"fr_FR","og_type":"article","og_title":"Universit\u00e4t St.Gallen gr\u00fcndet \u00abAuto-Schweiz Lehrstuhl f\u00fcr Mobilit\u00e4t\u00bb","og_description":"Auto-Schweiz und die HSG schaffen mit einem F\u00f6rderbeitrag einen Lehrstuhl, um die Zukunft der Mobilit\u00e4t wissenschaftlich zu erforschen.","og_url":"https:\/\/www.organisator.ch\/fr\/formation-continue-2\/2025-01-21\/universitaet-st-gallen-gruendet-auto-schweiz-lehrstuhl-fuer-mobilitaet\/","og_site_name":"Organisator","article_publisher":"https:\/\/www.facebook.com\/OrganisatorFachmagazin","article_published_time":"2025-01-21T09:51:43+00:00","og_image":[{"width":680,"height":453,"url":"https:\/\/www.organisator.ch\/wp-content\/uploads\/2025\/01\/HSG_Bild1_ps.jpg","type":"image\/jpeg"}],"author":"Dzana Muminovic","twitter_card":"summary_large_image","twitter_title":"Universit\u00e4t St.Gallen gr\u00fcndet \u00abAuto-Schweiz Lehrstuhl f\u00fcr Mobilit\u00e4t\u00bb","twitter_description":"#Auto-#Schweiz und die #HSG schaffen mit einem #F\u00f6rderbeitrag einen #Lehrstuhl, um die Zukunft der #Mobilit\u00e4t wissenschaftlich zu erforschen.","twitter_image":"https:\/\/www.organisator.ch\/wp-content\/uploads\/2025\/01\/HSG_Bild1_ps.jpg","schema":{"@context":"https:\/\/schema.org","@graph":[{"@type":"Article","@id":"https:\/\/www.organisator.ch\/weiterbildung\/2025-01-21\/universitaet-st-gallen-gruendet-auto-schweiz-lehrstuhl-fuer-mobilitaet\/#article","isPartOf":{"@id":"https:\/\/www.organisator.ch\/weiterbildung\/2025-01-21\/universitaet-st-gallen-gruendet-auto-schweiz-lehrstuhl-fuer-mobilitaet\/"},"author":{"name":"Dzana Muminovic","@id":"https:\/\/www.organisator.ch\/#\/schema\/person\/afccda3a71c06d4be2ed9100dd163db7"},"headline":"Universit\u00e4t St.Gallen gr\u00fcndet \u00abAuto-Schweiz Lehrstuhl f\u00fcr Mobilit\u00e4t\u00bb","datePublished":"2025-01-21T09:51:43+00:00","mainEntityOfPage":{"@id":"https:\/\/www.organisator.ch\/weiterbildung\/2025-01-21\/universitaet-st-gallen-gruendet-auto-schweiz-lehrstuhl-fuer-mobilitaet\/"},"wordCount":540,"publisher":{"@id":"https:\/\/www.organisator.ch\/#organization"},"image":{"@id":"https:\/\/www.organisator.ch\/weiterbildung\/2025-01-21\/universitaet-st-gallen-gruendet-auto-schweiz-lehrstuhl-fuer-mobilitaet\/#primaryimage"},"thumbnailUrl":"https:\/\/www.organisator.ch\/wp-content\/uploads\/2025\/01\/HSG_Bild1_ps.jpg","keywords":["Automobilindustrie","Forschungseinrichtung","HSG","Mobilit\u00e4t","Transformation","Vereinbarung"],"articleSection":["WEITERBILDUNG"],"inLanguage":"fr-FR"},{"@type":"WebPage","@id":"https:\/\/www.organisator.ch\/weiterbildung\/2025-01-21\/universitaet-st-gallen-gruendet-auto-schweiz-lehrstuhl-fuer-mobilitaet\/","url":"https:\/\/www.organisator.ch\/weiterbildung\/2025-01-21\/universitaet-st-gallen-gruendet-auto-schweiz-lehrstuhl-fuer-mobilitaet\/","name":"L'Universit\u00e9 de Saint-Gall cr\u00e9e la \"Chaire Auto-Suisse pour la mobilit\u00e9\" - Organisateur","isPartOf":{"@id":"https:\/\/www.organisator.ch\/#website"},"primaryImageOfPage":{"@id":"https:\/\/www.organisator.ch\/weiterbildung\/2025-01-21\/universitaet-st-gallen-gruendet-auto-schweiz-lehrstuhl-fuer-mobilitaet\/#primaryimage"},"image":{"@id":"https:\/\/www.organisator.ch\/weiterbildung\/2025-01-21\/universitaet-st-gallen-gruendet-auto-schweiz-lehrstuhl-fuer-mobilitaet\/#primaryimage"},"thumbnailUrl":"https:\/\/www.organisator.ch\/wp-content\/uploads\/2025\/01\/HSG_Bild1_ps.jpg","datePublished":"2025-01-21T09:51:43+00:00","description":"Auto-Suisse et la HSG cr\u00e9ent, gr\u00e2ce \u00e0 une contribution d'encouragement, une chaire afin d'\u00e9tudier scientifiquement l'avenir de la mobilit\u00e9.","breadcrumb":{"@id":"https:\/\/www.organisator.ch\/weiterbildung\/2025-01-21\/universitaet-st-gallen-gruendet-auto-schweiz-lehrstuhl-fuer-mobilitaet\/#breadcrumb"},"inLanguage":"fr-FR","potentialAction":[{"@type":"ReadAction","target":["https:\/\/www.organisator.ch\/weiterbildung\/2025-01-21\/universitaet-st-gallen-gruendet-auto-schweiz-lehrstuhl-fuer-mobilitaet\/"]}]},{"@type":"ImageObject","inLanguage":"fr-FR","@id":"https:\/\/www.organisator.ch\/weiterbildung\/2025-01-21\/universitaet-st-gallen-gruendet-auto-schweiz-lehrstuhl-fuer-mobilitaet\/#primaryimage","url":"https:\/\/www.organisator.ch\/wp-content\/uploads\/2025\/01\/HSG_Bild1_ps.jpg","contentUrl":"https:\/\/www.organisator.ch\/wp-content\/uploads\/2025\/01\/HSG_Bild1_ps.jpg","width":680,"height":453,"caption":"Von links: Thomas R\u00fccker (Direktor Auto-Schweiz), Dr. Peter Gr\u00fcnenfelder (Pr\u00e4sident Auto-Schweiz), Prof. Dr. Manuel Ammann (Rektor der Universit\u00e4t St.Gallen) und Prof. Dr. Andreas Herrmann (Direktor des Instituts f\u00fcr Mobilit\u00e4t). (Bild: Universit\u00e4t St.Gallen \/ Hannes Thalmann)"},{"@type":"BreadcrumbList","@id":"https:\/\/www.organisator.ch\/weiterbildung\/2025-01-21\/universitaet-st-gallen-gruendet-auto-schweiz-lehrstuhl-fuer-mobilitaet\/#breadcrumb","itemListElement":[{"@type":"ListItem","position":1,"name":"Home","item":"https:\/\/www.organisator.ch\/"},{"@type":"ListItem","position":2,"name":"Universit\u00e4t St.Gallen gr\u00fcndet \u00abAuto-Schweiz Lehrstuhl f\u00fcr Mobilit\u00e4t\u00bb"}]},{"@type":"WebSite","@id":"https:\/\/www.organisator.ch\/#website","url":"https:\/\/www.organisator.ch\/","name":"Organisateur","description":"Comp\u00e9tence et comp\u00e9tence. Proches de la pratique. L'ORGANISATEUR pr\u00e9pare 10 num\u00e9ros par an sur les th\u00e8mes essentiels pour les dirigeants de PME.","publisher":{"@id":"https:\/\/www.organisator.ch\/#organization"},"potentialAction":[{"@type":"SearchAction","target":{"@type":"EntryPoint","urlTemplate":"https:\/\/www.organisator.ch\/?s={search_term_string}"},"query-input":{"@type":"PropertyValueSpecification","valueRequired":true,"valueName":"search_term_string"}}],"inLanguage":"fr-FR"},{"@type":"Organization","@id":"https:\/\/www.organisator.ch\/#organization","name":"Organisateur","url":"https:\/\/www.organisator.ch\/","logo":{"@type":"ImageObject","inLanguage":"fr-FR","@id":"https:\/\/www.organisator.ch\/#\/schema\/logo\/image\/","url":"https:\/\/www.organisator.ch\/wp-content\/uploads\/2022\/01\/Logo_Organisator_Website.png","contentUrl":"https:\/\/www.organisator.ch\/wp-content\/uploads\/2022\/01\/Logo_Organisator_Website.png","width":800,"height":77,"caption":"Organisator"},"image":{"@id":"https:\/\/www.organisator.ch\/#\/schema\/logo\/image\/"},"sameAs":["https:\/\/www.facebook.com\/OrganisatorFachmagazin","https:\/\/www.linkedin.com\/showcase\/organisator-das-magazin-fr-kmu","https:\/\/www.xing.com\/news\/pages\/organisator-ch-695","https:\/\/www.youtube.com\/channel\/UCGP2Sq0iWaZwT3BdIAQFYpw"]},{"@type":"Person","@id":"https:\/\/www.organisator.ch\/#\/schema\/person\/afccda3a71c06d4be2ed9100dd163db7","name":"Dzana Muminovic","image":{"@type":"ImageObject","inLanguage":"fr-FR","@id":"https:\/\/secure.gravatar.com\/avatar\/909c5c71aff4b38e88686f2ab2f1ba152571f394f41ed8bae431ea56ced93050?s=96&d=mm&r=g","url":"https:\/\/secure.gravatar.com\/avatar\/909c5c71aff4b38e88686f2ab2f1ba152571f394f41ed8bae431ea56ced93050?s=96&d=mm&r=g","contentUrl":"https:\/\/secure.gravatar.com\/avatar\/909c5c71aff4b38e88686f2ab2f1ba152571f394f41ed8bae431ea56ced93050?s=96&d=mm&r=g","caption":"Dzana Muminovic"},"url":"https:\/\/www.organisator.ch\/fr\/author\/dzana-muminovic\/"}]}},"_links":{"self":[{"href":"https:\/\/www.organisator.ch\/fr\/wp-json\/wp\/v2\/posts\/35413","targetHints":{"allow":["GET"]}}],"collection":[{"href":"https:\/\/www.organisator.ch\/fr\/wp-json\/wp\/v2\/posts"}],"about":[{"href":"https:\/\/www.organisator.ch\/fr\/wp-json\/wp\/v2\/types\/post"}],"author":[{"embeddable":true,"href":"https:\/\/www.organisator.ch\/fr\/wp-json\/wp\/v2\/users\/80"}],"replies":[{"embeddable":true,"href":"https:\/\/www.organisator.ch\/fr\/wp-json\/wp\/v2\/comments?post=35413"}],"version-history":[{"count":4,"href":"https:\/\/www.organisator.ch\/fr\/wp-json\/wp\/v2\/posts\/35413\/revisions"}],"predecessor-version":[{"id":35456,"href":"https:\/\/www.organisator.ch\/fr\/wp-json\/wp\/v2\/posts\/35413\/revisions\/35456"}],"wp:featuredmedia":[{"embeddable":true,"href":"https:\/\/www.organisator.ch\/fr\/wp-json\/wp\/v2\/media\/35414"}],"wp:attachment":[{"href":"https:\/\/www.organisator.ch\/fr\/wp-json\/wp\/v2\/media?parent=35413"}],"wp:term":[{"taxonomy":"category","embeddable":true,"href":"https:\/\/www.organisator.ch\/fr\/wp-json\/wp\/v2\/categories?post=35413"},{"taxonomy":"post_tag","embeddable":true,"href":"https:\/\/www.organisator.ch\/fr\/wp-json\/wp\/v2\/tags?post=35413"}],"curies":[{"name":"wp","href":"https:\/\/api.w.org\/{rel}","templated":true}]}}