{"id":35417,"date":"2025-01-21T13:25:06","date_gmt":"2025-01-21T12:25:06","guid":{"rendered":"https:\/\/www.organisator.ch\/?p=35417"},"modified":"2025-01-21T11:42:43","modified_gmt":"2025-01-21T10:42:43","slug":"zufriedenheit-mit-dem-standort-winterthur-gesunken","status":"publish","type":"post","link":"https:\/\/www.organisator.ch\/fr\/management\/2025-01-21\/zufriedenheit-mit-dem-standort-winterthur-gesunken\/","title":{"rendered":"Baisse de la satisfaction \u00e0 l'\u00e9gard du site de Winterthur"},"content":{"rendered":"<figure id=\"attachment_35418\" aria-describedby=\"caption-attachment-35418\" style=\"width: 680px\" class=\"wp-caption alignnone\"><img loading=\"lazy\" decoding=\"async\" class=\"wp-image-35418 size-full\" src=\"https:\/\/www.organisator.ch\/wp-content\/uploads\/2025\/01\/Winterthur_Bild1_ps.jpg\" alt=\"\" width=\"680\" height=\"510\" srcset=\"https:\/\/www.organisator.ch\/wp-content\/uploads\/2025\/01\/Winterthur_Bild1_ps.jpg 680w, https:\/\/www.organisator.ch\/wp-content\/uploads\/2025\/01\/Winterthur_Bild1_ps-16x12.jpg 16w, https:\/\/www.organisator.ch\/wp-content\/uploads\/2025\/01\/Winterthur_Bild1_ps-375x281.jpg 375w, https:\/\/www.organisator.ch\/wp-content\/uploads\/2025\/01\/Winterthur_Bild1_ps-467x350.jpg 467w\" sizes=\"auto, (max-width: 680px) 100vw, 680px\" \/><figcaption id=\"caption-attachment-35418\" class=\"wp-caption-text\">L'enqu\u00eate aupr\u00e8s des entreprises le montre : La satisfaction \u00e0 Winterthour diminue, mais la volont\u00e9 d'investir et les attentes commerciales restent positives. (Image : www.winterthur.com)<\/figcaption><\/figure>\n<p>Les r\u00e9sultats de l'enqu\u00eate aupr\u00e8s des entreprises 2024 montrent que le sentiment g\u00e9n\u00e9ral des entreprises de la r\u00e9gion \u00e9conomique de Winterthur est largement majoritairement positif. Toutefois, la satisfaction vis-\u00e0-vis des conditions \u00e9conomiques g\u00e9n\u00e9rales a sensiblement baiss\u00e9. La satisfaction du site a nettement diminu\u00e9 par rapport \u00e0 l'ann\u00e9e pr\u00e9c\u00e9dente. Pr\u00e8s de 70% des entreprises interrog\u00e9es ont indiqu\u00e9 \u00eatre plut\u00f4t satisfaites ou tr\u00e8s satisfaites des conditions-cadres de la r\u00e9gion \u00e9conomique de Winterthur. L'ann\u00e9e pr\u00e9c\u00e9dente, ce chiffre \u00e9tait encore d'environ 87 pour cent.<\/p>\n<p>\"Cette \u00e9volution souligne la n\u00e9cessit\u00e9 de s'engager en faveur des entreprises implant\u00e9es ici et de leurs besoins\", explique Jakob B\u00e4chtold, directeur et responsable de l'\u00e9conomie de House of Winterthur. Afin de pouvoir tirer de meilleures conclusions sur les raisons de la baisse de satisfaction, House of Winterthur augmentera en 2025 le nombre de visites d'entreprises et de membres et m\u00e8nera davantage d'entretiens avec des repr\u00e9sentants de l'\u00e9conomie.<\/p>\n<h3><strong>La p\u00e9nurie de main-d'\u0153uvre qualifi\u00e9e pr\u00e9occupe les entreprises, la volont\u00e9 d'investir augmente<\/strong><\/h3>\n<p>Dans l'enqu\u00eate, la p\u00e9nurie de main-d'\u0153uvre qualifi\u00e9e est cit\u00e9e par les entreprises comme le plus grand d\u00e9fi pour l'ann\u00e9e \u00e0 venir, suivie des dispositions politiques, de la pression sur les prix, de la situation des commandes et du comportement des consommateurs. Malgr\u00e9 les d\u00e9fis cit\u00e9s, trois quarts des entreprises s'attendent \u00e0 une \u00e9volution plut\u00f4t positive \u00e0 tr\u00e8s positive de leurs affaires en 2025. Ce chiffre est l\u00e9g\u00e8rement inf\u00e9rieur \u00e0 celui de l'ann\u00e9e pr\u00e9c\u00e9dente (80 %). La volont\u00e9 d'investir a encore l\u00e9g\u00e8rement augment\u00e9, atteignant un nouveau record avec plus de 55 pour cent, ce qui montre que de nombreuses entreprises vont continuer \u00e0 se d\u00e9velopper sur le site.<\/p>\n<h3><strong>Proximit\u00e9 et situation immobili\u00e8re : des facteurs d'implantation importants<\/strong><\/h3>\n<p>Les facteurs d\u00e9cisifs pour le choix du lieu d'implantation pour les entreprises sont principalement la proximit\u00e9 des clients (19,9%) et le domicile priv\u00e9 (17,2%), suivis par la proximit\u00e9 du r\u00e9seau priv\u00e9, la disponibilit\u00e9 de biens immobiliers et les prix plus bas des loyers et de l'immobilier.<\/p>\n<h3><strong>Vers l'enqu\u00eate aupr\u00e8s des entreprises<\/strong><\/h3>\n<p>Depuis sept ans, House of Winterthur r\u00e9alise une enqu\u00eate aupr\u00e8s des entreprises de la ville et de la r\u00e9gion de Winterthur. Les questions portent \u00e0 chaque fois sur des th\u00e8mes tels que la satisfaction vis-\u00e0-vis du site et les d\u00e9fis actuels. Environ 150 entreprises ont particip\u00e9 \u00e0 l'enqu\u00eate \u00e0 la fin de l'automne 2024. Les quatre cinqui\u00e8mes des r\u00e9ponses ont \u00e9t\u00e9 fournies par des membres de la direction.<\/p>\n<p><em>Source : <a href=\"http:\/\/www.winterthur.com\">www.winterthur.com<\/a><\/em><\/p>","protected":false},"excerpt":{"rendered":"<p>Les entreprises sont moins satisfaites de la place \u00e9conomique de Winterthur que ces derni\u00e8res ann\u00e9es. C'est ce que montrent les r\u00e9sultats de l'enqu\u00eate 2024 aupr\u00e8s des entreprises de House of Winterthur. Avec une volont\u00e9 d'investissement en hausse et des attentes commerciales optimistes pour l'ann\u00e9e \u00e0 venir, l'ambiance reste n\u00e9anmoins positive dans la r\u00e9gion \u00e9conomique. <\/p>","protected":false},"author":80,"featured_media":35418,"comment_status":"closed","ping_status":"closed","sticky":false,"template":"","format":"standard","meta":{"_acf_changed":false,"_yoast_wpseo_focuskw":"Winterthur","_yoast_wpseo_metadesc":"Die Unternehmensbefragung zeigt: Zufriedenheit in Winterthur sinkt, doch Investitionsbereitschaft und Gesch\u00e4ftserwartungen bleiben positiv.","articlekey":"","footnotes":""},"categories":[28],"tags":[5026,2193,492,2574,2576,541],"class_list":["post-35417","post","type-post","status-publish","format-standard","has-post-thumbnail","hentry","category-management","tag-investitionsbereitschaft","tag-standort","tag-unternehmen","tag-winterthur","tag-wirtschaft","tag-zufriedenheit"],"acf":[],"yoast_head":"<!-- This site is optimized with the Yoast SEO plugin v27.5 - https:\/\/yoast.com\/product\/yoast-seo-wordpress\/ -->\n<title>Zufriedenheit mit dem Standort Winterthur gesunken - Organisator<\/title>\n<meta name=\"description\" content=\"Die Unternehmensbefragung zeigt: Zufriedenheit in Winterthur sinkt, doch Investitionsbereitschaft und Gesch\u00e4ftserwartungen bleiben positiv.\" \/>\n<meta name=\"robots\" content=\"index, follow, max-snippet:-1, max-image-preview:large, max-video-preview:-1\" \/>\n<link rel=\"canonical\" href=\"https:\/\/www.organisator.ch\/fr\/gestion-2\/2025-01-21\/zufriedenheit-mit-dem-standort-winterthur-gesunken\/\" \/>\n<meta property=\"og:locale\" content=\"fr_FR\" \/>\n<meta property=\"og:type\" content=\"article\" \/>\n<meta property=\"og:title\" content=\"Zufriedenheit mit dem Standort Winterthur gesunken\" \/>\n<meta property=\"og:description\" content=\"Die Unternehmensbefragung zeigt: Zufriedenheit in Winterthur sinkt, doch Investitionsbereitschaft und Gesch\u00e4ftserwartungen bleiben positiv.\" \/>\n<meta property=\"og:url\" content=\"https:\/\/www.organisator.ch\/fr\/gestion-2\/2025-01-21\/zufriedenheit-mit-dem-standort-winterthur-gesunken\/\" \/>\n<meta property=\"og:site_name\" content=\"Organisator\" \/>\n<meta property=\"article:publisher\" content=\"https:\/\/www.facebook.com\/OrganisatorFachmagazin\" \/>\n<meta property=\"article:published_time\" content=\"2025-01-21T12:25:06+00:00\" \/>\n<meta property=\"og:image\" content=\"https:\/\/www.organisator.ch\/wp-content\/uploads\/2025\/01\/Winterthur_Bild1_ps.jpg\" \/>\n\t<meta property=\"og:image:width\" content=\"680\" \/>\n\t<meta property=\"og:image:height\" content=\"510\" \/>\n\t<meta property=\"og:image:type\" content=\"image\/jpeg\" \/>\n<meta name=\"author\" content=\"Dzana Muminovic\" \/>\n<meta name=\"twitter:card\" content=\"summary_large_image\" \/>\n<meta name=\"twitter:title\" content=\"Zufriedenheit mit dem Standort Winterthur gesunken\" \/>\n<meta name=\"twitter:description\" content=\"Die #Unternehmensbefragung zeigt: #Zufriedenheit in #Winterthur sinkt, doch #Investitionsbereitschaft und #Gesch\u00e4ftserwartungen bleiben positiv.\" \/>\n<meta name=\"twitter:image\" content=\"https:\/\/www.organisator.ch\/wp-content\/uploads\/2025\/01\/Winterthur_Bild1_ps.jpg\" \/>\n<script type=\"application\/ld+json\" class=\"yoast-schema-graph\">{\"@context\":\"https:\\\/\\\/schema.org\",\"@graph\":[{\"@type\":\"Article\",\"@id\":\"https:\\\/\\\/www.organisator.ch\\\/management\\\/2025-01-21\\\/zufriedenheit-mit-dem-standort-winterthur-gesunken\\\/#article\",\"isPartOf\":{\"@id\":\"https:\\\/\\\/www.organisator.ch\\\/management\\\/2025-01-21\\\/zufriedenheit-mit-dem-standort-winterthur-gesunken\\\/\"},\"author\":{\"name\":\"Dzana Muminovic\",\"@id\":\"https:\\\/\\\/www.organisator.ch\\\/#\\\/schema\\\/person\\\/afccda3a71c06d4be2ed9100dd163db7\"},\"headline\":\"Zufriedenheit mit dem Standort Winterthur gesunken\",\"datePublished\":\"2025-01-21T12:25:06+00:00\",\"mainEntityOfPage\":{\"@id\":\"https:\\\/\\\/www.organisator.ch\\\/management\\\/2025-01-21\\\/zufriedenheit-mit-dem-standort-winterthur-gesunken\\\/\"},\"wordCount\":362,\"publisher\":{\"@id\":\"https:\\\/\\\/www.organisator.ch\\\/#organization\"},\"image\":{\"@id\":\"https:\\\/\\\/www.organisator.ch\\\/management\\\/2025-01-21\\\/zufriedenheit-mit-dem-standort-winterthur-gesunken\\\/#primaryimage\"},\"thumbnailUrl\":\"https:\\\/\\\/www.organisator.ch\\\/wp-content\\\/uploads\\\/2025\\\/01\\\/Winterthur_Bild1_ps.jpg\",\"keywords\":[\"Investitionsbereitschaft\",\"Standort\",\"Unternehmen\",\"Winterthur\",\"Wirtschaft\",\"Zufriedenheit\"],\"articleSection\":[\"MANAGEMENT\"],\"inLanguage\":\"fr-FR\"},{\"@type\":\"WebPage\",\"@id\":\"https:\\\/\\\/www.organisator.ch\\\/management\\\/2025-01-21\\\/zufriedenheit-mit-dem-standort-winterthur-gesunken\\\/\",\"url\":\"https:\\\/\\\/www.organisator.ch\\\/management\\\/2025-01-21\\\/zufriedenheit-mit-dem-standort-winterthur-gesunken\\\/\",\"name\":\"Zufriedenheit mit dem Standort Winterthur gesunken - Organisator\",\"isPartOf\":{\"@id\":\"https:\\\/\\\/www.organisator.ch\\\/#website\"},\"primaryImageOfPage\":{\"@id\":\"https:\\\/\\\/www.organisator.ch\\\/management\\\/2025-01-21\\\/zufriedenheit-mit-dem-standort-winterthur-gesunken\\\/#primaryimage\"},\"image\":{\"@id\":\"https:\\\/\\\/www.organisator.ch\\\/management\\\/2025-01-21\\\/zufriedenheit-mit-dem-standort-winterthur-gesunken\\\/#primaryimage\"},\"thumbnailUrl\":\"https:\\\/\\\/www.organisator.ch\\\/wp-content\\\/uploads\\\/2025\\\/01\\\/Winterthur_Bild1_ps.jpg\",\"datePublished\":\"2025-01-21T12:25:06+00:00\",\"description\":\"Die Unternehmensbefragung zeigt: Zufriedenheit in Winterthur sinkt, doch Investitionsbereitschaft und Gesch\u00e4ftserwartungen bleiben positiv.\",\"breadcrumb\":{\"@id\":\"https:\\\/\\\/www.organisator.ch\\\/management\\\/2025-01-21\\\/zufriedenheit-mit-dem-standort-winterthur-gesunken\\\/#breadcrumb\"},\"inLanguage\":\"fr-FR\",\"potentialAction\":[{\"@type\":\"ReadAction\",\"target\":[\"https:\\\/\\\/www.organisator.ch\\\/management\\\/2025-01-21\\\/zufriedenheit-mit-dem-standort-winterthur-gesunken\\\/\"]}]},{\"@type\":\"ImageObject\",\"inLanguage\":\"fr-FR\",\"@id\":\"https:\\\/\\\/www.organisator.ch\\\/management\\\/2025-01-21\\\/zufriedenheit-mit-dem-standort-winterthur-gesunken\\\/#primaryimage\",\"url\":\"https:\\\/\\\/www.organisator.ch\\\/wp-content\\\/uploads\\\/2025\\\/01\\\/Winterthur_Bild1_ps.jpg\",\"contentUrl\":\"https:\\\/\\\/www.organisator.ch\\\/wp-content\\\/uploads\\\/2025\\\/01\\\/Winterthur_Bild1_ps.jpg\",\"width\":680,\"height\":510,\"caption\":\"Die Unternehmensbefragung zeigt: Zufriedenheit in Winterthur sinkt, doch Investitionsbereitschaft und Gesch\u00e4ftserwartungen bleiben positiv. (Bild: www.winterthur.com)\"},{\"@type\":\"BreadcrumbList\",\"@id\":\"https:\\\/\\\/www.organisator.ch\\\/management\\\/2025-01-21\\\/zufriedenheit-mit-dem-standort-winterthur-gesunken\\\/#breadcrumb\",\"itemListElement\":[{\"@type\":\"ListItem\",\"position\":1,\"name\":\"Home\",\"item\":\"https:\\\/\\\/www.organisator.ch\\\/\"},{\"@type\":\"ListItem\",\"position\":2,\"name\":\"Zufriedenheit mit dem Standort Winterthur gesunken\"}]},{\"@type\":\"WebSite\",\"@id\":\"https:\\\/\\\/www.organisator.ch\\\/#website\",\"url\":\"https:\\\/\\\/www.organisator.ch\\\/\",\"name\":\"Organisator\",\"description\":\"Kompetent. Praxisnah. Der ORGANISATOR bereitet in 10 Ausgaben pro Jahr die wesentlichen Themen f\u00fcr F\u00fchrungskr\u00e4fte von KMU auf.\",\"publisher\":{\"@id\":\"https:\\\/\\\/www.organisator.ch\\\/#organization\"},\"potentialAction\":[{\"@type\":\"SearchAction\",\"target\":{\"@type\":\"EntryPoint\",\"urlTemplate\":\"https:\\\/\\\/www.organisator.ch\\\/?s={search_term_string}\"},\"query-input\":{\"@type\":\"PropertyValueSpecification\",\"valueRequired\":true,\"valueName\":\"search_term_string\"}}],\"inLanguage\":\"fr-FR\"},{\"@type\":\"Organization\",\"@id\":\"https:\\\/\\\/www.organisator.ch\\\/#organization\",\"name\":\"Organisator\",\"url\":\"https:\\\/\\\/www.organisator.ch\\\/\",\"logo\":{\"@type\":\"ImageObject\",\"inLanguage\":\"fr-FR\",\"@id\":\"https:\\\/\\\/www.organisator.ch\\\/#\\\/schema\\\/logo\\\/image\\\/\",\"url\":\"https:\\\/\\\/www.organisator.ch\\\/wp-content\\\/uploads\\\/2022\\\/01\\\/Logo_Organisator_Website.png\",\"contentUrl\":\"https:\\\/\\\/www.organisator.ch\\\/wp-content\\\/uploads\\\/2022\\\/01\\\/Logo_Organisator_Website.png\",\"width\":800,\"height\":77,\"caption\":\"Organisator\"},\"image\":{\"@id\":\"https:\\\/\\\/www.organisator.ch\\\/#\\\/schema\\\/logo\\\/image\\\/\"},\"sameAs\":[\"https:\\\/\\\/www.facebook.com\\\/OrganisatorFachmagazin\",\"https:\\\/\\\/www.linkedin.com\\\/showcase\\\/organisator-das-magazin-fr-kmu\",\"https:\\\/\\\/www.xing.com\\\/news\\\/pages\\\/organisator-ch-695\",\"https:\\\/\\\/www.youtube.com\\\/channel\\\/UCGP2Sq0iWaZwT3BdIAQFYpw\"]},{\"@type\":\"Person\",\"@id\":\"https:\\\/\\\/www.organisator.ch\\\/#\\\/schema\\\/person\\\/afccda3a71c06d4be2ed9100dd163db7\",\"name\":\"Dzana Muminovic\",\"image\":{\"@type\":\"ImageObject\",\"inLanguage\":\"fr-FR\",\"@id\":\"https:\\\/\\\/secure.gravatar.com\\\/avatar\\\/909c5c71aff4b38e88686f2ab2f1ba152571f394f41ed8bae431ea56ced93050?s=96&d=mm&r=g\",\"url\":\"https:\\\/\\\/secure.gravatar.com\\\/avatar\\\/909c5c71aff4b38e88686f2ab2f1ba152571f394f41ed8bae431ea56ced93050?s=96&d=mm&r=g\",\"contentUrl\":\"https:\\\/\\\/secure.gravatar.com\\\/avatar\\\/909c5c71aff4b38e88686f2ab2f1ba152571f394f41ed8bae431ea56ced93050?s=96&d=mm&r=g\",\"caption\":\"Dzana Muminovic\"},\"url\":\"https:\\\/\\\/www.organisator.ch\\\/fr\\\/author\\\/dzana-muminovic\\\/\"}]}<\/script>\n<!-- \/ Yoast SEO plugin. -->","yoast_head_json":{"title":"Baisse de la satisfaction vis-\u00e0-vis du site de Winterthur - Organisateur","description":"L'enqu\u00eate aupr\u00e8s des entreprises le montre : La satisfaction \u00e0 Winterthur diminue, mais la volont\u00e9 d'investir et les attentes commerciales restent positives.","robots":{"index":"index","follow":"follow","max-snippet":"max-snippet:-1","max-image-preview":"max-image-preview:large","max-video-preview":"max-video-preview:-1"},"canonical":"https:\/\/www.organisator.ch\/fr\/gestion-2\/2025-01-21\/zufriedenheit-mit-dem-standort-winterthur-gesunken\/","og_locale":"fr_FR","og_type":"article","og_title":"Zufriedenheit mit dem Standort Winterthur gesunken","og_description":"Die Unternehmensbefragung zeigt: Zufriedenheit in Winterthur sinkt, doch Investitionsbereitschaft und Gesch\u00e4ftserwartungen bleiben positiv.","og_url":"https:\/\/www.organisator.ch\/fr\/gestion-2\/2025-01-21\/zufriedenheit-mit-dem-standort-winterthur-gesunken\/","og_site_name":"Organisator","article_publisher":"https:\/\/www.facebook.com\/OrganisatorFachmagazin","article_published_time":"2025-01-21T12:25:06+00:00","og_image":[{"width":680,"height":510,"url":"https:\/\/www.organisator.ch\/wp-content\/uploads\/2025\/01\/Winterthur_Bild1_ps.jpg","type":"image\/jpeg"}],"author":"Dzana Muminovic","twitter_card":"summary_large_image","twitter_title":"Zufriedenheit mit dem Standort Winterthur gesunken","twitter_description":"Die #Unternehmensbefragung zeigt: #Zufriedenheit in #Winterthur sinkt, doch #Investitionsbereitschaft und #Gesch\u00e4ftserwartungen bleiben positiv.","twitter_image":"https:\/\/www.organisator.ch\/wp-content\/uploads\/2025\/01\/Winterthur_Bild1_ps.jpg","schema":{"@context":"https:\/\/schema.org","@graph":[{"@type":"Article","@id":"https:\/\/www.organisator.ch\/management\/2025-01-21\/zufriedenheit-mit-dem-standort-winterthur-gesunken\/#article","isPartOf":{"@id":"https:\/\/www.organisator.ch\/management\/2025-01-21\/zufriedenheit-mit-dem-standort-winterthur-gesunken\/"},"author":{"name":"Dzana Muminovic","@id":"https:\/\/www.organisator.ch\/#\/schema\/person\/afccda3a71c06d4be2ed9100dd163db7"},"headline":"Zufriedenheit mit dem Standort Winterthur gesunken","datePublished":"2025-01-21T12:25:06+00:00","mainEntityOfPage":{"@id":"https:\/\/www.organisator.ch\/management\/2025-01-21\/zufriedenheit-mit-dem-standort-winterthur-gesunken\/"},"wordCount":362,"publisher":{"@id":"https:\/\/www.organisator.ch\/#organization"},"image":{"@id":"https:\/\/www.organisator.ch\/management\/2025-01-21\/zufriedenheit-mit-dem-standort-winterthur-gesunken\/#primaryimage"},"thumbnailUrl":"https:\/\/www.organisator.ch\/wp-content\/uploads\/2025\/01\/Winterthur_Bild1_ps.jpg","keywords":["Investitionsbereitschaft","Standort","Unternehmen","Winterthur","Wirtschaft","Zufriedenheit"],"articleSection":["MANAGEMENT"],"inLanguage":"fr-FR"},{"@type":"WebPage","@id":"https:\/\/www.organisator.ch\/management\/2025-01-21\/zufriedenheit-mit-dem-standort-winterthur-gesunken\/","url":"https:\/\/www.organisator.ch\/management\/2025-01-21\/zufriedenheit-mit-dem-standort-winterthur-gesunken\/","name":"Baisse de la satisfaction vis-\u00e0-vis du site de Winterthur - Organisateur","isPartOf":{"@id":"https:\/\/www.organisator.ch\/#website"},"primaryImageOfPage":{"@id":"https:\/\/www.organisator.ch\/management\/2025-01-21\/zufriedenheit-mit-dem-standort-winterthur-gesunken\/#primaryimage"},"image":{"@id":"https:\/\/www.organisator.ch\/management\/2025-01-21\/zufriedenheit-mit-dem-standort-winterthur-gesunken\/#primaryimage"},"thumbnailUrl":"https:\/\/www.organisator.ch\/wp-content\/uploads\/2025\/01\/Winterthur_Bild1_ps.jpg","datePublished":"2025-01-21T12:25:06+00:00","description":"L'enqu\u00eate aupr\u00e8s des entreprises le montre : La satisfaction \u00e0 Winterthur diminue, mais la volont\u00e9 d'investir et les attentes commerciales restent positives.","breadcrumb":{"@id":"https:\/\/www.organisator.ch\/management\/2025-01-21\/zufriedenheit-mit-dem-standort-winterthur-gesunken\/#breadcrumb"},"inLanguage":"fr-FR","potentialAction":[{"@type":"ReadAction","target":["https:\/\/www.organisator.ch\/management\/2025-01-21\/zufriedenheit-mit-dem-standort-winterthur-gesunken\/"]}]},{"@type":"ImageObject","inLanguage":"fr-FR","@id":"https:\/\/www.organisator.ch\/management\/2025-01-21\/zufriedenheit-mit-dem-standort-winterthur-gesunken\/#primaryimage","url":"https:\/\/www.organisator.ch\/wp-content\/uploads\/2025\/01\/Winterthur_Bild1_ps.jpg","contentUrl":"https:\/\/www.organisator.ch\/wp-content\/uploads\/2025\/01\/Winterthur_Bild1_ps.jpg","width":680,"height":510,"caption":"Die Unternehmensbefragung zeigt: Zufriedenheit in Winterthur sinkt, doch Investitionsbereitschaft und Gesch\u00e4ftserwartungen bleiben positiv. (Bild: www.winterthur.com)"},{"@type":"BreadcrumbList","@id":"https:\/\/www.organisator.ch\/management\/2025-01-21\/zufriedenheit-mit-dem-standort-winterthur-gesunken\/#breadcrumb","itemListElement":[{"@type":"ListItem","position":1,"name":"Home","item":"https:\/\/www.organisator.ch\/"},{"@type":"ListItem","position":2,"name":"Zufriedenheit mit dem Standort Winterthur gesunken"}]},{"@type":"WebSite","@id":"https:\/\/www.organisator.ch\/#website","url":"https:\/\/www.organisator.ch\/","name":"Organisateur","description":"Comp\u00e9tence et comp\u00e9tence. Proches de la pratique. L'ORGANISATEUR pr\u00e9pare 10 num\u00e9ros par an sur les th\u00e8mes essentiels pour les dirigeants de PME.","publisher":{"@id":"https:\/\/www.organisator.ch\/#organization"},"potentialAction":[{"@type":"SearchAction","target":{"@type":"EntryPoint","urlTemplate":"https:\/\/www.organisator.ch\/?s={search_term_string}"},"query-input":{"@type":"PropertyValueSpecification","valueRequired":true,"valueName":"search_term_string"}}],"inLanguage":"fr-FR"},{"@type":"Organization","@id":"https:\/\/www.organisator.ch\/#organization","name":"Organisateur","url":"https:\/\/www.organisator.ch\/","logo":{"@type":"ImageObject","inLanguage":"fr-FR","@id":"https:\/\/www.organisator.ch\/#\/schema\/logo\/image\/","url":"https:\/\/www.organisator.ch\/wp-content\/uploads\/2022\/01\/Logo_Organisator_Website.png","contentUrl":"https:\/\/www.organisator.ch\/wp-content\/uploads\/2022\/01\/Logo_Organisator_Website.png","width":800,"height":77,"caption":"Organisator"},"image":{"@id":"https:\/\/www.organisator.ch\/#\/schema\/logo\/image\/"},"sameAs":["https:\/\/www.facebook.com\/OrganisatorFachmagazin","https:\/\/www.linkedin.com\/showcase\/organisator-das-magazin-fr-kmu","https:\/\/www.xing.com\/news\/pages\/organisator-ch-695","https:\/\/www.youtube.com\/channel\/UCGP2Sq0iWaZwT3BdIAQFYpw"]},{"@type":"Person","@id":"https:\/\/www.organisator.ch\/#\/schema\/person\/afccda3a71c06d4be2ed9100dd163db7","name":"Dzana Muminovic","image":{"@type":"ImageObject","inLanguage":"fr-FR","@id":"https:\/\/secure.gravatar.com\/avatar\/909c5c71aff4b38e88686f2ab2f1ba152571f394f41ed8bae431ea56ced93050?s=96&d=mm&r=g","url":"https:\/\/secure.gravatar.com\/avatar\/909c5c71aff4b38e88686f2ab2f1ba152571f394f41ed8bae431ea56ced93050?s=96&d=mm&r=g","contentUrl":"https:\/\/secure.gravatar.com\/avatar\/909c5c71aff4b38e88686f2ab2f1ba152571f394f41ed8bae431ea56ced93050?s=96&d=mm&r=g","caption":"Dzana Muminovic"},"url":"https:\/\/www.organisator.ch\/fr\/author\/dzana-muminovic\/"}]}},"_links":{"self":[{"href":"https:\/\/www.organisator.ch\/fr\/wp-json\/wp\/v2\/posts\/35417","targetHints":{"allow":["GET"]}}],"collection":[{"href":"https:\/\/www.organisator.ch\/fr\/wp-json\/wp\/v2\/posts"}],"about":[{"href":"https:\/\/www.organisator.ch\/fr\/wp-json\/wp\/v2\/types\/post"}],"author":[{"embeddable":true,"href":"https:\/\/www.organisator.ch\/fr\/wp-json\/wp\/v2\/users\/80"}],"replies":[{"embeddable":true,"href":"https:\/\/www.organisator.ch\/fr\/wp-json\/wp\/v2\/comments?post=35417"}],"version-history":[{"count":3,"href":"https:\/\/www.organisator.ch\/fr\/wp-json\/wp\/v2\/posts\/35417\/revisions"}],"predecessor-version":[{"id":35455,"href":"https:\/\/www.organisator.ch\/fr\/wp-json\/wp\/v2\/posts\/35417\/revisions\/35455"}],"wp:featuredmedia":[{"embeddable":true,"href":"https:\/\/www.organisator.ch\/fr\/wp-json\/wp\/v2\/media\/35418"}],"wp:attachment":[{"href":"https:\/\/www.organisator.ch\/fr\/wp-json\/wp\/v2\/media?parent=35417"}],"wp:term":[{"taxonomy":"category","embeddable":true,"href":"https:\/\/www.organisator.ch\/fr\/wp-json\/wp\/v2\/categories?post=35417"},{"taxonomy":"post_tag","embeddable":true,"href":"https:\/\/www.organisator.ch\/fr\/wp-json\/wp\/v2\/tags?post=35417"}],"curies":[{"name":"wp","href":"https:\/\/api.w.org\/{rel}","templated":true}]}}