{"id":35441,"date":"2025-01-22T07:35:16","date_gmt":"2025-01-22T06:35:16","guid":{"rendered":"https:\/\/www.markt-kom.com\/?p=229247"},"modified":"2025-01-22T07:37:00","modified_gmt":"2025-01-22T06:37:00","slug":"teads-definiert-fuenf-schluesselthemen-2025-fuer-medien-und-marketingstrategien","status":"publish","type":"post","link":"https:\/\/www.organisator.ch\/fr\/marketing\/2025-01-22\/teads-definiert-fuenf-schluesselthemen-2025-fuer-medien-und-marketingstrategien\/","title":{"rendered":"Teads d\u00e9finit cinq th\u00e8mes cl\u00e9s en 2025 pour les strat\u00e9gies m\u00e9dia et marketing"},"content":{"rendered":"<p><a href=\"https:\/\/www.markt-kom.com\/wp-content\/uploads\/2025\/01\/Teads-eBook_Tech-Themes-2025.jpg\"><img class=\"aligncenter size-full wp-image-229248\" src=\"https:\/\/www.markt-kom.com\/wp-content\/uploads\/2025\/01\/Teads-eBook_Tech-Themes-2025.jpg\" sizes=\"(max-width: 1200px) 100vw, 1200px\" srcset=\"https:\/\/www.markt-kom.com\/wp-content\/uploads\/2025\/01\/Teads-eBook_Tech-Themes-2025.jpg 1200w, https:\/\/www.markt-kom.com\/wp-content\/uploads\/2025\/01\/Teads-eBook_Tech-Themes-2025-600x450.jpg 600w, https:\/\/www.markt-kom.com\/wp-content\/uploads\/2025\/01\/Teads-eBook_Tech-Themes-2025-1024x768.jpg 1024w, https:\/\/www.markt-kom.com\/wp-content\/uploads\/2025\/01\/Teads-eBook_Tech-Themes-2025-768x576.jpg 768w, https:\/\/www.markt-kom.com\/wp-content\/uploads\/2025\/01\/Teads-eBook_Tech-Themes-2025-16x12.jpg 16w, https:\/\/www.markt-kom.com\/wp-content\/uploads\/2025\/01\/Teads-eBook_Tech-Themes-2025-233x175.jpg 233w, https:\/\/www.markt-kom.com\/wp-content\/uploads\/2025\/01\/Teads-eBook_Tech-Themes-2025-467x350.jpg 467w, https:\/\/www.markt-kom.com\/wp-content\/uploads\/2025\/01\/Teads-eBook_Tech-Themes-2025-1000x750.jpg 1000w\" alt=\"\" width=\"1200\" height=\"900\" \/><\/a><\/p>\r\n<p>En 2025, la technologie, la protection des donn\u00e9es et le ciblage seront au c\u0153ur des strat\u00e9gies marketing et m\u00e9dias. Selon une analyse de Teads, cinq tendances en particulier marqueront les \u00e9volutions.<\/p>\r\n<h3>Plus d'engagement avec les vid\u00e9os omnicanales<\/h3>\r\n<p>Les campagnes qui se d\u00e9roulent sans interruption sur diff\u00e9rents \u00e9crans gagnent en importance. Les strat\u00e9gies de vid\u00e9o omni-canal assurent une couverture coh\u00e9rente et efficace qui s'\u00e9tend sans interruption sur tous les \u00e9crans. L'accent est mis sur une visibilit\u00e9 accrue et un engagement plus fort du groupe cible.<\/p>\r\n<h3>Concilier personnalisation et respect de la vie priv\u00e9e pour augmenter l'impact<\/h3>\r\n<p>Les annonceurs misent de plus en plus sur le ciblage contextuel pour r\u00e9pondre aux exigences de protection des donn\u00e9es tout en cr\u00e9ant des exp\u00e9riences personnalis\u00e9es. Il s'agit d'une solution efficace, car elle aligne de mani\u00e8re transparente les publicit\u00e9s sur le contenu et l'environnement en temps r\u00e9el, sans aucun suivi invasif.<\/p>\r\n<h3>Cr\u00e9er de la confiance et de la pertinence dans des environnements premium<\/h3>\r\n<p>Les environnements publicitaires de haute qualit\u00e9 ont une influence positive \u00e0 la fois sur la perception de la marque et sur les performances de la campagne, ce qui en fait une option prometteuse pour les annonceurs qui cherchent \u00e0 trouver un \u00e9quilibre entre l'image de marque et la port\u00e9e.<\/p>\r\n<h3>Pertinence gr\u00e2ce \u00e0 des moments significatifs<\/h3>\r\n<p>Des \u00e9v\u00e9nements mondiaux comme les Jeux olympiques aux \u00e9v\u00e9nements culturels quotidiens, les marques qui adaptent leurs campagnes aux \u00e9v\u00e9nements mondiaux ou culturels obtiennent des taux d'engagement plus \u00e9lev\u00e9s et une plus grande fid\u00e9lisation des clients.<\/p>\r\n<h3>Attention \u00e0 chaque point de contact gr\u00e2ce \u00e0 l'IA<\/h3>\r\n<p>Cr\u00e9ativit\u00e9 et technologie : de nouveaux outils tels que les voix off bas\u00e9es sur l'IA ou les formats CTV \u00e0 la demande aident les annonceurs \u00e0 diffuser efficacement leurs messages sur diff\u00e9rents canaux.<\/p>\r\n<hr \/>\r\n<p><em>L'analyse compl\u00e8te et d'autres aper\u00e7us ont \u00e9t\u00e9 publi\u00e9s par Teads <a href=\"https:\/\/content.teads.com\/i\/Zo234RLFCaJJD___0HmTJcc0w6AwRHj5EBM54hR9mICm16ehz5QFe2EPDT7zVBMM___rjDEsYwHz361OPZShSuKgr78gzyqeminl76I7nJHcgzMEQUALSIGN?_sc=NDUxODcyNiMxMzE%3D\">consign\u00e9es dans un livre \u00e9lectronique<\/a>.<\/em><\/p>","protected":false},"excerpt":{"rendered":"<p>Quels th\u00e8mes d\u00e9termineront les strat\u00e9gies dans les m\u00e9dias et la publicit\u00e9 en 2025 ? La plateforme Teads analyse cinq th\u00e8mes cl\u00e9s qui devraient \"red\u00e9finir\" les strat\u00e9gies publicitaires en 2025.<\/p>","protected":false},"author":8,"featured_media":0,"comment_status":"closed","ping_status":"closed","sticky":false,"template":"","format":"standard","meta":{"_acf_changed":false,"_yoast_wpseo_focuskw":"Marketingtrends 2025","_yoast_wpseo_metadesc":"Teads analysiert 5 Trends f\u00fcr Marketingstrategien 2025: Omnichannel-Videos, Personalisierung, Premium-Umfelder, KI und kulturelle Relevanz.","articlekey":"","footnotes":""},"categories":[29],"tags":[4343,459,2795],"class_list":["post-35441","post","type-post","status-publish","format-standard","hentry","category-marketing","tag-markom","tag-studie","tag-teads"],"acf":[],"yoast_head":"<!-- This site is optimized with the Yoast SEO plugin v27.5 - https:\/\/yoast.com\/product\/yoast-seo-wordpress\/ -->\n<title>Teads definiert f\u00fcnf Schl\u00fcsselthemen 2025 f\u00fcr Medien- und Marketingstrategien - Organisator<\/title>\n<meta name=\"description\" content=\"Teads analysiert 5 Trends f\u00fcr Marketingstrategien 2025: Omnichannel-Videos, Personalisierung, Premium-Umfelder, KI und kulturelle Relevanz.\" \/>\n<meta name=\"robots\" content=\"index, follow, max-snippet:-1, max-image-preview:large, max-video-preview:-1\" \/>\n<link rel=\"canonical\" href=\"https:\/\/www.organisator.ch\/fr\/marketing\/2025-01-22\/teads-definiert-fuenf-schluesselthemen-2025-fuer-medien-und-marketingstrategien\/\" \/>\n<meta property=\"og:locale\" content=\"fr_FR\" \/>\n<meta property=\"og:type\" content=\"article\" \/>\n<meta property=\"og:title\" content=\"Teads definiert f\u00fcnf Schl\u00fcsselthemen 2025 f\u00fcr Medien- und Marketingstrategien - Organisator\" \/>\n<meta property=\"og:description\" content=\"Teads analysiert 5 Trends f\u00fcr Marketingstrategien 2025: Omnichannel-Videos, Personalisierung, Premium-Umfelder, KI und kulturelle Relevanz.\" \/>\n<meta property=\"og:url\" content=\"https:\/\/www.organisator.ch\/fr\/marketing\/2025-01-22\/teads-definiert-fuenf-schluesselthemen-2025-fuer-medien-und-marketingstrategien\/\" \/>\n<meta property=\"og:site_name\" content=\"Organisator\" \/>\n<meta property=\"article:publisher\" content=\"https:\/\/www.facebook.com\/OrganisatorFachmagazin\" \/>\n<meta property=\"article:published_time\" content=\"2025-01-22T06:35:16+00:00\" \/>\n<meta property=\"article:modified_time\" content=\"2025-01-22T06:37:00+00:00\" \/>\n<meta name=\"author\" content=\"galledia\" \/>\n<meta name=\"twitter:card\" content=\"summary_large_image\" \/>\n<meta name=\"twitter:creator\" content=\"@admin\" \/>\n<script type=\"application\/ld+json\" class=\"yoast-schema-graph\">{\"@context\":\"https:\\\/\\\/schema.org\",\"@graph\":[{\"@type\":\"Article\",\"@id\":\"https:\\\/\\\/www.organisator.ch\\\/marketing\\\/2025-01-22\\\/teads-definiert-fuenf-schluesselthemen-2025-fuer-medien-und-marketingstrategien\\\/#article\",\"isPartOf\":{\"@id\":\"https:\\\/\\\/www.organisator.ch\\\/marketing\\\/2025-01-22\\\/teads-definiert-fuenf-schluesselthemen-2025-fuer-medien-und-marketingstrategien\\\/\"},\"author\":{\"name\":\"galledia\",\"@id\":\"https:\\\/\\\/www.organisator.ch\\\/#\\\/schema\\\/person\\\/4e51799071cd2dd1232ac003643ef5f0\"},\"headline\":\"Teads definiert f\u00fcnf Schl\u00fcsselthemen 2025 f\u00fcr Medien- und Marketingstrategien\",\"datePublished\":\"2025-01-22T06:35:16+00:00\",\"dateModified\":\"2025-01-22T06:37:00+00:00\",\"mainEntityOfPage\":{\"@id\":\"https:\\\/\\\/www.organisator.ch\\\/marketing\\\/2025-01-22\\\/teads-definiert-fuenf-schluesselthemen-2025-fuer-medien-und-marketingstrategien\\\/\"},\"wordCount\":244,\"publisher\":{\"@id\":\"https:\\\/\\\/www.organisator.ch\\\/#organization\"},\"image\":{\"@id\":\"https:\\\/\\\/www.organisator.ch\\\/marketing\\\/2025-01-22\\\/teads-definiert-fuenf-schluesselthemen-2025-fuer-medien-und-marketingstrategien\\\/#primaryimage\"},\"thumbnailUrl\":\"https:\\\/\\\/www.markt-kom.com\\\/wp-content\\\/uploads\\\/2025\\\/01\\\/Teads-eBook_Tech-Themes-2025.jpg\",\"keywords\":[\"MarKom\",\"Studie\",\"Teads\"],\"articleSection\":[\"MARKETING\"],\"inLanguage\":\"fr-FR\"},{\"@type\":\"WebPage\",\"@id\":\"https:\\\/\\\/www.organisator.ch\\\/marketing\\\/2025-01-22\\\/teads-definiert-fuenf-schluesselthemen-2025-fuer-medien-und-marketingstrategien\\\/\",\"url\":\"https:\\\/\\\/www.organisator.ch\\\/marketing\\\/2025-01-22\\\/teads-definiert-fuenf-schluesselthemen-2025-fuer-medien-und-marketingstrategien\\\/\",\"name\":\"Teads definiert f\u00fcnf Schl\u00fcsselthemen 2025 f\u00fcr Medien- und Marketingstrategien - Organisator\",\"isPartOf\":{\"@id\":\"https:\\\/\\\/www.organisator.ch\\\/#website\"},\"primaryImageOfPage\":{\"@id\":\"https:\\\/\\\/www.organisator.ch\\\/marketing\\\/2025-01-22\\\/teads-definiert-fuenf-schluesselthemen-2025-fuer-medien-und-marketingstrategien\\\/#primaryimage\"},\"image\":{\"@id\":\"https:\\\/\\\/www.organisator.ch\\\/marketing\\\/2025-01-22\\\/teads-definiert-fuenf-schluesselthemen-2025-fuer-medien-und-marketingstrategien\\\/#primaryimage\"},\"thumbnailUrl\":\"https:\\\/\\\/www.markt-kom.com\\\/wp-content\\\/uploads\\\/2025\\\/01\\\/Teads-eBook_Tech-Themes-2025.jpg\",\"datePublished\":\"2025-01-22T06:35:16+00:00\",\"dateModified\":\"2025-01-22T06:37:00+00:00\",\"description\":\"Teads analysiert 5 Trends f\u00fcr Marketingstrategien 2025: Omnichannel-Videos, Personalisierung, Premium-Umfelder, KI und kulturelle Relevanz.\",\"breadcrumb\":{\"@id\":\"https:\\\/\\\/www.organisator.ch\\\/marketing\\\/2025-01-22\\\/teads-definiert-fuenf-schluesselthemen-2025-fuer-medien-und-marketingstrategien\\\/#breadcrumb\"},\"inLanguage\":\"fr-FR\",\"potentialAction\":[{\"@type\":\"ReadAction\",\"target\":[\"https:\\\/\\\/www.organisator.ch\\\/marketing\\\/2025-01-22\\\/teads-definiert-fuenf-schluesselthemen-2025-fuer-medien-und-marketingstrategien\\\/\"]}]},{\"@type\":\"ImageObject\",\"inLanguage\":\"fr-FR\",\"@id\":\"https:\\\/\\\/www.organisator.ch\\\/marketing\\\/2025-01-22\\\/teads-definiert-fuenf-schluesselthemen-2025-fuer-medien-und-marketingstrategien\\\/#primaryimage\",\"url\":\"https:\\\/\\\/www.markt-kom.com\\\/wp-content\\\/uploads\\\/2025\\\/01\\\/Teads-eBook_Tech-Themes-2025.jpg\",\"contentUrl\":\"https:\\\/\\\/www.markt-kom.com\\\/wp-content\\\/uploads\\\/2025\\\/01\\\/Teads-eBook_Tech-Themes-2025.jpg\"},{\"@type\":\"BreadcrumbList\",\"@id\":\"https:\\\/\\\/www.organisator.ch\\\/marketing\\\/2025-01-22\\\/teads-definiert-fuenf-schluesselthemen-2025-fuer-medien-und-marketingstrategien\\\/#breadcrumb\",\"itemListElement\":[{\"@type\":\"ListItem\",\"position\":1,\"name\":\"Home\",\"item\":\"https:\\\/\\\/www.organisator.ch\\\/\"},{\"@type\":\"ListItem\",\"position\":2,\"name\":\"Teads definiert f\u00fcnf Schl\u00fcsselthemen 2025 f\u00fcr Medien- und Marketingstrategien\"}]},{\"@type\":\"WebSite\",\"@id\":\"https:\\\/\\\/www.organisator.ch\\\/#website\",\"url\":\"https:\\\/\\\/www.organisator.ch\\\/\",\"name\":\"Organisator\",\"description\":\"Kompetent. Praxisnah. Der ORGANISATOR bereitet in 10 Ausgaben pro Jahr die wesentlichen Themen f\u00fcr F\u00fchrungskr\u00e4fte von KMU auf.\",\"publisher\":{\"@id\":\"https:\\\/\\\/www.organisator.ch\\\/#organization\"},\"potentialAction\":[{\"@type\":\"SearchAction\",\"target\":{\"@type\":\"EntryPoint\",\"urlTemplate\":\"https:\\\/\\\/www.organisator.ch\\\/?s={search_term_string}\"},\"query-input\":{\"@type\":\"PropertyValueSpecification\",\"valueRequired\":true,\"valueName\":\"search_term_string\"}}],\"inLanguage\":\"fr-FR\"},{\"@type\":\"Organization\",\"@id\":\"https:\\\/\\\/www.organisator.ch\\\/#organization\",\"name\":\"Organisator\",\"url\":\"https:\\\/\\\/www.organisator.ch\\\/\",\"logo\":{\"@type\":\"ImageObject\",\"inLanguage\":\"fr-FR\",\"@id\":\"https:\\\/\\\/www.organisator.ch\\\/#\\\/schema\\\/logo\\\/image\\\/\",\"url\":\"https:\\\/\\\/www.organisator.ch\\\/wp-content\\\/uploads\\\/2022\\\/01\\\/Logo_Organisator_Website.png\",\"contentUrl\":\"https:\\\/\\\/www.organisator.ch\\\/wp-content\\\/uploads\\\/2022\\\/01\\\/Logo_Organisator_Website.png\",\"width\":800,\"height\":77,\"caption\":\"Organisator\"},\"image\":{\"@id\":\"https:\\\/\\\/www.organisator.ch\\\/#\\\/schema\\\/logo\\\/image\\\/\"},\"sameAs\":[\"https:\\\/\\\/www.facebook.com\\\/OrganisatorFachmagazin\",\"https:\\\/\\\/www.linkedin.com\\\/showcase\\\/organisator-das-magazin-fr-kmu\",\"https:\\\/\\\/www.xing.com\\\/news\\\/pages\\\/organisator-ch-695\",\"https:\\\/\\\/www.youtube.com\\\/channel\\\/UCGP2Sq0iWaZwT3BdIAQFYpw\"]},{\"@type\":\"Person\",\"@id\":\"https:\\\/\\\/www.organisator.ch\\\/#\\\/schema\\\/person\\\/4e51799071cd2dd1232ac003643ef5f0\",\"name\":\"galledia\",\"image\":{\"@type\":\"ImageObject\",\"inLanguage\":\"fr-FR\",\"@id\":\"https:\\\/\\\/secure.gravatar.com\\\/avatar\\\/78a7f90c01fc2bfc875782a0d4922b37cde2cf184ce347b91316d23cd7f69a36?s=96&d=mm&r=g\",\"url\":\"https:\\\/\\\/secure.gravatar.com\\\/avatar\\\/78a7f90c01fc2bfc875782a0d4922b37cde2cf184ce347b91316d23cd7f69a36?s=96&d=mm&r=g\",\"contentUrl\":\"https:\\\/\\\/secure.gravatar.com\\\/avatar\\\/78a7f90c01fc2bfc875782a0d4922b37cde2cf184ce347b91316d23cd7f69a36?s=96&d=mm&r=g\",\"caption\":\"galledia\"},\"sameAs\":[\"https:\\\/\\\/x.com\\\/admin\"],\"url\":\"https:\\\/\\\/www.organisator.ch\\\/fr\\\/author\\\/galledia\\\/\"}]}<\/script>\n<!-- \/ Yoast SEO plugin. -->","yoast_head_json":{"title":"Teads d\u00e9finit cinq th\u00e8mes cl\u00e9s en 2025 pour les strat\u00e9gies m\u00e9dias et marketing - Organisateur","description":"Teads analyse 5 tendances pour les strat\u00e9gies marketing de 2025 : vid\u00e9os omnicanales, personnalisation, environnements premium, IA et pertinence culturelle.","robots":{"index":"index","follow":"follow","max-snippet":"max-snippet:-1","max-image-preview":"max-image-preview:large","max-video-preview":"max-video-preview:-1"},"canonical":"https:\/\/www.organisator.ch\/fr\/marketing\/2025-01-22\/teads-definiert-fuenf-schluesselthemen-2025-fuer-medien-und-marketingstrategien\/","og_locale":"fr_FR","og_type":"article","og_title":"Teads definiert f\u00fcnf Schl\u00fcsselthemen 2025 f\u00fcr Medien- und Marketingstrategien - Organisator","og_description":"Teads analysiert 5 Trends f\u00fcr Marketingstrategien 2025: Omnichannel-Videos, Personalisierung, Premium-Umfelder, KI und kulturelle Relevanz.","og_url":"https:\/\/www.organisator.ch\/fr\/marketing\/2025-01-22\/teads-definiert-fuenf-schluesselthemen-2025-fuer-medien-und-marketingstrategien\/","og_site_name":"Organisator","article_publisher":"https:\/\/www.facebook.com\/OrganisatorFachmagazin","article_published_time":"2025-01-22T06:35:16+00:00","article_modified_time":"2025-01-22T06:37:00+00:00","author":"galledia","twitter_card":"summary_large_image","twitter_creator":"@admin","schema":{"@context":"https:\/\/schema.org","@graph":[{"@type":"Article","@id":"https:\/\/www.organisator.ch\/marketing\/2025-01-22\/teads-definiert-fuenf-schluesselthemen-2025-fuer-medien-und-marketingstrategien\/#article","isPartOf":{"@id":"https:\/\/www.organisator.ch\/marketing\/2025-01-22\/teads-definiert-fuenf-schluesselthemen-2025-fuer-medien-und-marketingstrategien\/"},"author":{"name":"galledia","@id":"https:\/\/www.organisator.ch\/#\/schema\/person\/4e51799071cd2dd1232ac003643ef5f0"},"headline":"Teads definiert f\u00fcnf Schl\u00fcsselthemen 2025 f\u00fcr Medien- und Marketingstrategien","datePublished":"2025-01-22T06:35:16+00:00","dateModified":"2025-01-22T06:37:00+00:00","mainEntityOfPage":{"@id":"https:\/\/www.organisator.ch\/marketing\/2025-01-22\/teads-definiert-fuenf-schluesselthemen-2025-fuer-medien-und-marketingstrategien\/"},"wordCount":244,"publisher":{"@id":"https:\/\/www.organisator.ch\/#organization"},"image":{"@id":"https:\/\/www.organisator.ch\/marketing\/2025-01-22\/teads-definiert-fuenf-schluesselthemen-2025-fuer-medien-und-marketingstrategien\/#primaryimage"},"thumbnailUrl":"https:\/\/www.markt-kom.com\/wp-content\/uploads\/2025\/01\/Teads-eBook_Tech-Themes-2025.jpg","keywords":["MarKom","Studie","Teads"],"articleSection":["MARKETING"],"inLanguage":"fr-FR"},{"@type":"WebPage","@id":"https:\/\/www.organisator.ch\/marketing\/2025-01-22\/teads-definiert-fuenf-schluesselthemen-2025-fuer-medien-und-marketingstrategien\/","url":"https:\/\/www.organisator.ch\/marketing\/2025-01-22\/teads-definiert-fuenf-schluesselthemen-2025-fuer-medien-und-marketingstrategien\/","name":"Teads d\u00e9finit cinq th\u00e8mes cl\u00e9s en 2025 pour les strat\u00e9gies m\u00e9dias et marketing - Organisateur","isPartOf":{"@id":"https:\/\/www.organisator.ch\/#website"},"primaryImageOfPage":{"@id":"https:\/\/www.organisator.ch\/marketing\/2025-01-22\/teads-definiert-fuenf-schluesselthemen-2025-fuer-medien-und-marketingstrategien\/#primaryimage"},"image":{"@id":"https:\/\/www.organisator.ch\/marketing\/2025-01-22\/teads-definiert-fuenf-schluesselthemen-2025-fuer-medien-und-marketingstrategien\/#primaryimage"},"thumbnailUrl":"https:\/\/www.markt-kom.com\/wp-content\/uploads\/2025\/01\/Teads-eBook_Tech-Themes-2025.jpg","datePublished":"2025-01-22T06:35:16+00:00","dateModified":"2025-01-22T06:37:00+00:00","description":"Teads analyse 5 tendances pour les strat\u00e9gies marketing de 2025 : vid\u00e9os omnicanales, personnalisation, environnements premium, IA et pertinence culturelle.","breadcrumb":{"@id":"https:\/\/www.organisator.ch\/marketing\/2025-01-22\/teads-definiert-fuenf-schluesselthemen-2025-fuer-medien-und-marketingstrategien\/#breadcrumb"},"inLanguage":"fr-FR","potentialAction":[{"@type":"ReadAction","target":["https:\/\/www.organisator.ch\/marketing\/2025-01-22\/teads-definiert-fuenf-schluesselthemen-2025-fuer-medien-und-marketingstrategien\/"]}]},{"@type":"ImageObject","inLanguage":"fr-FR","@id":"https:\/\/www.organisator.ch\/marketing\/2025-01-22\/teads-definiert-fuenf-schluesselthemen-2025-fuer-medien-und-marketingstrategien\/#primaryimage","url":"https:\/\/www.markt-kom.com\/wp-content\/uploads\/2025\/01\/Teads-eBook_Tech-Themes-2025.jpg","contentUrl":"https:\/\/www.markt-kom.com\/wp-content\/uploads\/2025\/01\/Teads-eBook_Tech-Themes-2025.jpg"},{"@type":"BreadcrumbList","@id":"https:\/\/www.organisator.ch\/marketing\/2025-01-22\/teads-definiert-fuenf-schluesselthemen-2025-fuer-medien-und-marketingstrategien\/#breadcrumb","itemListElement":[{"@type":"ListItem","position":1,"name":"Home","item":"https:\/\/www.organisator.ch\/"},{"@type":"ListItem","position":2,"name":"Teads definiert f\u00fcnf Schl\u00fcsselthemen 2025 f\u00fcr Medien- und Marketingstrategien"}]},{"@type":"WebSite","@id":"https:\/\/www.organisator.ch\/#website","url":"https:\/\/www.organisator.ch\/","name":"Organisateur","description":"Comp\u00e9tence et comp\u00e9tence. Proches de la pratique. L'ORGANISATEUR pr\u00e9pare 10 num\u00e9ros par an sur les th\u00e8mes essentiels pour les dirigeants de PME.","publisher":{"@id":"https:\/\/www.organisator.ch\/#organization"},"potentialAction":[{"@type":"SearchAction","target":{"@type":"EntryPoint","urlTemplate":"https:\/\/www.organisator.ch\/?s={search_term_string}"},"query-input":{"@type":"PropertyValueSpecification","valueRequired":true,"valueName":"search_term_string"}}],"inLanguage":"fr-FR"},{"@type":"Organization","@id":"https:\/\/www.organisator.ch\/#organization","name":"Organisateur","url":"https:\/\/www.organisator.ch\/","logo":{"@type":"ImageObject","inLanguage":"fr-FR","@id":"https:\/\/www.organisator.ch\/#\/schema\/logo\/image\/","url":"https:\/\/www.organisator.ch\/wp-content\/uploads\/2022\/01\/Logo_Organisator_Website.png","contentUrl":"https:\/\/www.organisator.ch\/wp-content\/uploads\/2022\/01\/Logo_Organisator_Website.png","width":800,"height":77,"caption":"Organisator"},"image":{"@id":"https:\/\/www.organisator.ch\/#\/schema\/logo\/image\/"},"sameAs":["https:\/\/www.facebook.com\/OrganisatorFachmagazin","https:\/\/www.linkedin.com\/showcase\/organisator-das-magazin-fr-kmu","https:\/\/www.xing.com\/news\/pages\/organisator-ch-695","https:\/\/www.youtube.com\/channel\/UCGP2Sq0iWaZwT3BdIAQFYpw"]},{"@type":"Person","@id":"https:\/\/www.organisator.ch\/#\/schema\/person\/4e51799071cd2dd1232ac003643ef5f0","name":"galledia","image":{"@type":"ImageObject","inLanguage":"fr-FR","@id":"https:\/\/secure.gravatar.com\/avatar\/78a7f90c01fc2bfc875782a0d4922b37cde2cf184ce347b91316d23cd7f69a36?s=96&d=mm&r=g","url":"https:\/\/secure.gravatar.com\/avatar\/78a7f90c01fc2bfc875782a0d4922b37cde2cf184ce347b91316d23cd7f69a36?s=96&d=mm&r=g","contentUrl":"https:\/\/secure.gravatar.com\/avatar\/78a7f90c01fc2bfc875782a0d4922b37cde2cf184ce347b91316d23cd7f69a36?s=96&d=mm&r=g","caption":"galledia"},"sameAs":["https:\/\/x.com\/admin"],"url":"https:\/\/www.organisator.ch\/fr\/author\/galledia\/"}]}},"_links":{"self":[{"href":"https:\/\/www.organisator.ch\/fr\/wp-json\/wp\/v2\/posts\/35441","targetHints":{"allow":["GET"]}}],"collection":[{"href":"https:\/\/www.organisator.ch\/fr\/wp-json\/wp\/v2\/posts"}],"about":[{"href":"https:\/\/www.organisator.ch\/fr\/wp-json\/wp\/v2\/types\/post"}],"author":[{"embeddable":true,"href":"https:\/\/www.organisator.ch\/fr\/wp-json\/wp\/v2\/users\/8"}],"replies":[{"embeddable":true,"href":"https:\/\/www.organisator.ch\/fr\/wp-json\/wp\/v2\/comments?post=35441"}],"version-history":[{"count":4,"href":"https:\/\/www.organisator.ch\/fr\/wp-json\/wp\/v2\/posts\/35441\/revisions"}],"predecessor-version":[{"id":35448,"href":"https:\/\/www.organisator.ch\/fr\/wp-json\/wp\/v2\/posts\/35441\/revisions\/35448"}],"wp:attachment":[{"href":"https:\/\/www.organisator.ch\/fr\/wp-json\/wp\/v2\/media?parent=35441"}],"wp:term":[{"taxonomy":"category","embeddable":true,"href":"https:\/\/www.organisator.ch\/fr\/wp-json\/wp\/v2\/categories?post=35441"},{"taxonomy":"post_tag","embeddable":true,"href":"https:\/\/www.organisator.ch\/fr\/wp-json\/wp\/v2\/tags?post=35441"}],"curies":[{"name":"wp","href":"https:\/\/api.w.org\/{rel}","templated":true}]}}