{"id":35444,"date":"2025-01-22T08:00:31","date_gmt":"2025-01-22T07:00:31","guid":{"rendered":"https:\/\/www.markt-kom.com\/?p=229266"},"modified":"2025-01-22T07:38:31","modified_gmt":"2025-01-22T06:38:31","slug":"boom-holt-verstaerkung-an-bord","status":"publish","type":"post","link":"https:\/\/www.organisator.ch\/fr\/marketing\/2025-01-22\/boom-holt-verstaerkung-an-bord\/","title":{"rendered":"Boom accueille des renforts \u00e0 bord"},"content":{"rendered":"<figure id=\"attachment_229269\" class=\"wp-caption aligncenter\" style=\"width: 1200px;\" aria-describedby=\"caption-attachment-229269\"><a href=\"https:\/\/www.markt-kom.com\/wp-content\/uploads\/2025\/01\/20241114_boom_Teamfoto_hires-6345-1.jpg\"><img class=\"size-full wp-image-229269\" src=\"https:\/\/www.markt-kom.com\/wp-content\/uploads\/2025\/01\/20241114_boom_Teamfoto_hires-6345-1.jpg\" sizes=\"(max-width: 1200px) 100vw, 1200px\" srcset=\"https:\/\/www.markt-kom.com\/wp-content\/uploads\/2025\/01\/20241114_boom_Teamfoto_hires-6345-1.jpg 1200w, https:\/\/www.markt-kom.com\/wp-content\/uploads\/2025\/01\/20241114_boom_Teamfoto_hires-6345-1-600x450.jpg 600w, https:\/\/www.markt-kom.com\/wp-content\/uploads\/2025\/01\/20241114_boom_Teamfoto_hires-6345-1-1024x768.jpg 1024w, https:\/\/www.markt-kom.com\/wp-content\/uploads\/2025\/01\/20241114_boom_Teamfoto_hires-6345-1-768x576.jpg 768w, https:\/\/www.markt-kom.com\/wp-content\/uploads\/2025\/01\/20241114_boom_Teamfoto_hires-6345-1-16x12.jpg 16w, https:\/\/www.markt-kom.com\/wp-content\/uploads\/2025\/01\/20241114_boom_Teamfoto_hires-6345-1-233x175.jpg 233w, https:\/\/www.markt-kom.com\/wp-content\/uploads\/2025\/01\/20241114_boom_Teamfoto_hires-6345-1-467x350.jpg 467w, https:\/\/www.markt-kom.com\/wp-content\/uploads\/2025\/01\/20241114_boom_Teamfoto_hires-6345-1-1000x750.jpg 1000w\" alt=\"\" width=\"1200\" height=\"900\" \/><\/a>\r\n<figcaption id=\"caption-attachment-229269\" class=\"wp-caption-text\">Annina Zimmermann, fondatrice de Boom, en compagnie de Vera Hartmann et Ruwanie Hayoz (de gauche \u00e0 droite). (Image : zVg.)<\/figcaption>\r\n<\/figure>\r\n<p>Apr\u00e8s plus de deux ans sur le march\u00e9, Boom Creative Studio s'est impos\u00e9 comme une force cr\u00e9ative. Parmi les succ\u00e8s obtenus jusqu'\u00e0 pr\u00e9sent, on compte des campagnes pour des marques telles que Migros, Yallo, Ovo et Qoqa. \"D\u00e8s le d\u00e9but, nos cr\u00e9atifs ont cr\u00e9\u00e9 le sentiment d'une famille Boom gr\u00e2ce \u00e0 leur vision et \u00e0 leur engagement\", souligne la fondatrice Annina Zimmermann.<\/p>\r\n<p>L'\u00e9quipe est d\u00e9sormais compl\u00e9t\u00e9e par Vera Hartmann et Ruwanie Hayoz. Vera Hartmann apporte 20 ans d'exp\u00e9rience en tant que photographe et soutient le studio depuis le printemps en tant qu'assistante de production. \"Je me r\u00e9jouis d'encourager les talents cr\u00e9atifs \u00e9mergents dans un environnement dynamique\", d\u00e9clare Hartmann \u00e0 propos de ses nouvelles fonctions.<\/p>\r\n<p>Apr\u00e8s quatre ans et demi en tant qu'Agency Producer chez Wirz, Ruwanie Hayoz passe \u00e0 Boom du c\u00f4t\u00e9 de la production afin de se concentrer davantage sur la r\u00e9alisation cr\u00e9ative. : \"Boom Creative Studio m'a convaincu parce qu'il correspond parfaitement \u00e0 l'esprit du temps. Je me r\u00e9jouis de ce nouveau d\u00e9fi et de pouvoir continuer \u00e0 d\u00e9velopper mes connaissances ici\", explique Hayoz.<\/p>\r\n<p>Avec le renforcement de l'\u00e9quipe, Zimmermann se r\u00e9jouit de l'avenir : \"Les d\u00e9veloppements rapides dans le domaine de l'intelligence artificielle nous mettent au d\u00e9fi de penser de mani\u00e8re cr\u00e9ative et de poser de nouveaux jalons. Avec des approches non conventionnelles, nous souhaitons contribuer activement \u00e0 fa\u00e7onner les possibilit\u00e9s de ces technologies avec nos cr\u00e9atifs. Notre objectif est de cr\u00e9er, avec nos clients et nos partenaires, un avenir qui se nourrit d'innovation et d'inspiration\".<\/p>","protected":false},"excerpt":{"rendered":"<p>Boom Creative Studio accueille de nouveaux talents dans son \u00e9quipe. Ruwanie Hayoz et Vera Hartmann viennent renforcer l'\u00e9quipe et apportent des id\u00e9es innovantes ainsi que de nouvelles perspectives.<\/p>","protected":false},"author":8,"featured_media":0,"comment_status":"closed","ping_status":"closed","sticky":false,"template":"","format":"standard","meta":{"_acf_changed":false,"_yoast_wpseo_focuskw":"Boom Creative Studio Teamverst\u00e4rkung","_yoast_wpseo_metadesc":"Boom Creative Studio erweitert sein Team: Ruwanie Hayoz und Vera Hartmann bringen frische Perspektiven und st\u00e4rken die kreative Vision.","articlekey":"","footnotes":""},"categories":[29],"tags":[5032,4345],"class_list":["post-35444","post","type-post","status-publish","format-standard","hentry","category-marketing","tag-boom-creative-studio","tag-business"],"acf":[],"yoast_head":"<!-- This site is optimized with the Yoast SEO plugin v27.5 - https:\/\/yoast.com\/product\/yoast-seo-wordpress\/ -->\n<title>Boom holt Verst\u00e4rkung an Bord - Organisator<\/title>\n<meta name=\"description\" content=\"Boom Creative Studio erweitert sein Team: Ruwanie Hayoz und Vera Hartmann bringen frische Perspektiven und st\u00e4rken die kreative Vision.\" \/>\n<meta name=\"robots\" content=\"index, follow, max-snippet:-1, max-image-preview:large, max-video-preview:-1\" \/>\n<link rel=\"canonical\" href=\"https:\/\/www.organisator.ch\/fr\/marketing\/2025-01-22\/boom-holt-verstaerkung-an-bord\/\" \/>\n<meta property=\"og:locale\" content=\"fr_FR\" \/>\n<meta property=\"og:type\" content=\"article\" \/>\n<meta property=\"og:title\" content=\"Boom holt Verst\u00e4rkung an Bord - Organisator\" \/>\n<meta property=\"og:description\" content=\"Boom Creative Studio erweitert sein Team: Ruwanie Hayoz und Vera Hartmann bringen frische Perspektiven und st\u00e4rken die kreative Vision.\" \/>\n<meta property=\"og:url\" content=\"https:\/\/www.organisator.ch\/fr\/marketing\/2025-01-22\/boom-holt-verstaerkung-an-bord\/\" \/>\n<meta property=\"og:site_name\" content=\"Organisator\" \/>\n<meta property=\"article:publisher\" content=\"https:\/\/www.facebook.com\/OrganisatorFachmagazin\" \/>\n<meta property=\"article:published_time\" content=\"2025-01-22T07:00:31+00:00\" \/>\n<meta name=\"author\" content=\"galledia\" \/>\n<meta name=\"twitter:card\" content=\"summary_large_image\" \/>\n<meta name=\"twitter:creator\" content=\"@admin\" \/>\n<script type=\"application\/ld+json\" class=\"yoast-schema-graph\">{\"@context\":\"https:\\\/\\\/schema.org\",\"@graph\":[{\"@type\":\"Article\",\"@id\":\"https:\\\/\\\/www.organisator.ch\\\/marketing\\\/2025-01-22\\\/boom-holt-verstaerkung-an-bord\\\/#article\",\"isPartOf\":{\"@id\":\"https:\\\/\\\/www.organisator.ch\\\/marketing\\\/2025-01-22\\\/boom-holt-verstaerkung-an-bord\\\/\"},\"author\":{\"name\":\"galledia\",\"@id\":\"https:\\\/\\\/www.organisator.ch\\\/#\\\/schema\\\/person\\\/4e51799071cd2dd1232ac003643ef5f0\"},\"headline\":\"Boom holt Verst\u00e4rkung an Bord\",\"datePublished\":\"2025-01-22T07:00:31+00:00\",\"mainEntityOfPage\":{\"@id\":\"https:\\\/\\\/www.organisator.ch\\\/marketing\\\/2025-01-22\\\/boom-holt-verstaerkung-an-bord\\\/\"},\"wordCount\":257,\"publisher\":{\"@id\":\"https:\\\/\\\/www.organisator.ch\\\/#organization\"},\"image\":{\"@id\":\"https:\\\/\\\/www.organisator.ch\\\/marketing\\\/2025-01-22\\\/boom-holt-verstaerkung-an-bord\\\/#primaryimage\"},\"thumbnailUrl\":\"https:\\\/\\\/www.markt-kom.com\\\/wp-content\\\/uploads\\\/2025\\\/01\\\/20241114_boom_Teamfoto_hires-6345-1.jpg\",\"keywords\":[\"Boom Creative Studio\",\"Business\"],\"articleSection\":[\"MARKETING\"],\"inLanguage\":\"fr-FR\"},{\"@type\":\"WebPage\",\"@id\":\"https:\\\/\\\/www.organisator.ch\\\/marketing\\\/2025-01-22\\\/boom-holt-verstaerkung-an-bord\\\/\",\"url\":\"https:\\\/\\\/www.organisator.ch\\\/marketing\\\/2025-01-22\\\/boom-holt-verstaerkung-an-bord\\\/\",\"name\":\"Boom holt Verst\u00e4rkung an Bord - Organisator\",\"isPartOf\":{\"@id\":\"https:\\\/\\\/www.organisator.ch\\\/#website\"},\"primaryImageOfPage\":{\"@id\":\"https:\\\/\\\/www.organisator.ch\\\/marketing\\\/2025-01-22\\\/boom-holt-verstaerkung-an-bord\\\/#primaryimage\"},\"image\":{\"@id\":\"https:\\\/\\\/www.organisator.ch\\\/marketing\\\/2025-01-22\\\/boom-holt-verstaerkung-an-bord\\\/#primaryimage\"},\"thumbnailUrl\":\"https:\\\/\\\/www.markt-kom.com\\\/wp-content\\\/uploads\\\/2025\\\/01\\\/20241114_boom_Teamfoto_hires-6345-1.jpg\",\"datePublished\":\"2025-01-22T07:00:31+00:00\",\"description\":\"Boom Creative Studio erweitert sein Team: Ruwanie Hayoz und Vera Hartmann bringen frische Perspektiven und st\u00e4rken die kreative Vision.\",\"breadcrumb\":{\"@id\":\"https:\\\/\\\/www.organisator.ch\\\/marketing\\\/2025-01-22\\\/boom-holt-verstaerkung-an-bord\\\/#breadcrumb\"},\"inLanguage\":\"fr-FR\",\"potentialAction\":[{\"@type\":\"ReadAction\",\"target\":[\"https:\\\/\\\/www.organisator.ch\\\/marketing\\\/2025-01-22\\\/boom-holt-verstaerkung-an-bord\\\/\"]}]},{\"@type\":\"ImageObject\",\"inLanguage\":\"fr-FR\",\"@id\":\"https:\\\/\\\/www.organisator.ch\\\/marketing\\\/2025-01-22\\\/boom-holt-verstaerkung-an-bord\\\/#primaryimage\",\"url\":\"https:\\\/\\\/www.markt-kom.com\\\/wp-content\\\/uploads\\\/2025\\\/01\\\/20241114_boom_Teamfoto_hires-6345-1.jpg\",\"contentUrl\":\"https:\\\/\\\/www.markt-kom.com\\\/wp-content\\\/uploads\\\/2025\\\/01\\\/20241114_boom_Teamfoto_hires-6345-1.jpg\"},{\"@type\":\"BreadcrumbList\",\"@id\":\"https:\\\/\\\/www.organisator.ch\\\/marketing\\\/2025-01-22\\\/boom-holt-verstaerkung-an-bord\\\/#breadcrumb\",\"itemListElement\":[{\"@type\":\"ListItem\",\"position\":1,\"name\":\"Home\",\"item\":\"https:\\\/\\\/www.organisator.ch\\\/\"},{\"@type\":\"ListItem\",\"position\":2,\"name\":\"Boom holt Verst\u00e4rkung an Bord\"}]},{\"@type\":\"WebSite\",\"@id\":\"https:\\\/\\\/www.organisator.ch\\\/#website\",\"url\":\"https:\\\/\\\/www.organisator.ch\\\/\",\"name\":\"Organisator\",\"description\":\"Kompetent. Praxisnah. Der ORGANISATOR bereitet in 10 Ausgaben pro Jahr die wesentlichen Themen f\u00fcr F\u00fchrungskr\u00e4fte von KMU auf.\",\"publisher\":{\"@id\":\"https:\\\/\\\/www.organisator.ch\\\/#organization\"},\"potentialAction\":[{\"@type\":\"SearchAction\",\"target\":{\"@type\":\"EntryPoint\",\"urlTemplate\":\"https:\\\/\\\/www.organisator.ch\\\/?s={search_term_string}\"},\"query-input\":{\"@type\":\"PropertyValueSpecification\",\"valueRequired\":true,\"valueName\":\"search_term_string\"}}],\"inLanguage\":\"fr-FR\"},{\"@type\":\"Organization\",\"@id\":\"https:\\\/\\\/www.organisator.ch\\\/#organization\",\"name\":\"Organisator\",\"url\":\"https:\\\/\\\/www.organisator.ch\\\/\",\"logo\":{\"@type\":\"ImageObject\",\"inLanguage\":\"fr-FR\",\"@id\":\"https:\\\/\\\/www.organisator.ch\\\/#\\\/schema\\\/logo\\\/image\\\/\",\"url\":\"https:\\\/\\\/www.organisator.ch\\\/wp-content\\\/uploads\\\/2022\\\/01\\\/Logo_Organisator_Website.png\",\"contentUrl\":\"https:\\\/\\\/www.organisator.ch\\\/wp-content\\\/uploads\\\/2022\\\/01\\\/Logo_Organisator_Website.png\",\"width\":800,\"height\":77,\"caption\":\"Organisator\"},\"image\":{\"@id\":\"https:\\\/\\\/www.organisator.ch\\\/#\\\/schema\\\/logo\\\/image\\\/\"},\"sameAs\":[\"https:\\\/\\\/www.facebook.com\\\/OrganisatorFachmagazin\",\"https:\\\/\\\/www.linkedin.com\\\/showcase\\\/organisator-das-magazin-fr-kmu\",\"https:\\\/\\\/www.xing.com\\\/news\\\/pages\\\/organisator-ch-695\",\"https:\\\/\\\/www.youtube.com\\\/channel\\\/UCGP2Sq0iWaZwT3BdIAQFYpw\"]},{\"@type\":\"Person\",\"@id\":\"https:\\\/\\\/www.organisator.ch\\\/#\\\/schema\\\/person\\\/4e51799071cd2dd1232ac003643ef5f0\",\"name\":\"galledia\",\"image\":{\"@type\":\"ImageObject\",\"inLanguage\":\"fr-FR\",\"@id\":\"https:\\\/\\\/secure.gravatar.com\\\/avatar\\\/78a7f90c01fc2bfc875782a0d4922b37cde2cf184ce347b91316d23cd7f69a36?s=96&d=mm&r=g\",\"url\":\"https:\\\/\\\/secure.gravatar.com\\\/avatar\\\/78a7f90c01fc2bfc875782a0d4922b37cde2cf184ce347b91316d23cd7f69a36?s=96&d=mm&r=g\",\"contentUrl\":\"https:\\\/\\\/secure.gravatar.com\\\/avatar\\\/78a7f90c01fc2bfc875782a0d4922b37cde2cf184ce347b91316d23cd7f69a36?s=96&d=mm&r=g\",\"caption\":\"galledia\"},\"sameAs\":[\"https:\\\/\\\/x.com\\\/admin\"],\"url\":\"https:\\\/\\\/www.organisator.ch\\\/fr\\\/author\\\/galledia\\\/\"}]}<\/script>\n<!-- \/ Yoast SEO plugin. -->","yoast_head_json":{"title":"Boom accueille des renforts \u00e0 bord - Organisateur","description":"Boom Creative Studio \u00e9largit son \u00e9quipe : Ruwanie Hayoz et Vera Hartmann apportent de nouvelles perspectives et renforcent la vision cr\u00e9ative.","robots":{"index":"index","follow":"follow","max-snippet":"max-snippet:-1","max-image-preview":"max-image-preview:large","max-video-preview":"max-video-preview:-1"},"canonical":"https:\/\/www.organisator.ch\/fr\/marketing\/2025-01-22\/boom-holt-verstaerkung-an-bord\/","og_locale":"fr_FR","og_type":"article","og_title":"Boom holt Verst\u00e4rkung an Bord - Organisator","og_description":"Boom Creative Studio erweitert sein Team: Ruwanie Hayoz und Vera Hartmann bringen frische Perspektiven und st\u00e4rken die kreative Vision.","og_url":"https:\/\/www.organisator.ch\/fr\/marketing\/2025-01-22\/boom-holt-verstaerkung-an-bord\/","og_site_name":"Organisator","article_publisher":"https:\/\/www.facebook.com\/OrganisatorFachmagazin","article_published_time":"2025-01-22T07:00:31+00:00","author":"galledia","twitter_card":"summary_large_image","twitter_creator":"@admin","schema":{"@context":"https:\/\/schema.org","@graph":[{"@type":"Article","@id":"https:\/\/www.organisator.ch\/marketing\/2025-01-22\/boom-holt-verstaerkung-an-bord\/#article","isPartOf":{"@id":"https:\/\/www.organisator.ch\/marketing\/2025-01-22\/boom-holt-verstaerkung-an-bord\/"},"author":{"name":"galledia","@id":"https:\/\/www.organisator.ch\/#\/schema\/person\/4e51799071cd2dd1232ac003643ef5f0"},"headline":"Boom holt Verst\u00e4rkung an Bord","datePublished":"2025-01-22T07:00:31+00:00","mainEntityOfPage":{"@id":"https:\/\/www.organisator.ch\/marketing\/2025-01-22\/boom-holt-verstaerkung-an-bord\/"},"wordCount":257,"publisher":{"@id":"https:\/\/www.organisator.ch\/#organization"},"image":{"@id":"https:\/\/www.organisator.ch\/marketing\/2025-01-22\/boom-holt-verstaerkung-an-bord\/#primaryimage"},"thumbnailUrl":"https:\/\/www.markt-kom.com\/wp-content\/uploads\/2025\/01\/20241114_boom_Teamfoto_hires-6345-1.jpg","keywords":["Boom Creative Studio","Business"],"articleSection":["MARKETING"],"inLanguage":"fr-FR"},{"@type":"WebPage","@id":"https:\/\/www.organisator.ch\/marketing\/2025-01-22\/boom-holt-verstaerkung-an-bord\/","url":"https:\/\/www.organisator.ch\/marketing\/2025-01-22\/boom-holt-verstaerkung-an-bord\/","name":"Boom accueille des renforts \u00e0 bord - Organisateur","isPartOf":{"@id":"https:\/\/www.organisator.ch\/#website"},"primaryImageOfPage":{"@id":"https:\/\/www.organisator.ch\/marketing\/2025-01-22\/boom-holt-verstaerkung-an-bord\/#primaryimage"},"image":{"@id":"https:\/\/www.organisator.ch\/marketing\/2025-01-22\/boom-holt-verstaerkung-an-bord\/#primaryimage"},"thumbnailUrl":"https:\/\/www.markt-kom.com\/wp-content\/uploads\/2025\/01\/20241114_boom_Teamfoto_hires-6345-1.jpg","datePublished":"2025-01-22T07:00:31+00:00","description":"Boom Creative Studio \u00e9largit son \u00e9quipe : Ruwanie Hayoz et Vera Hartmann apportent de nouvelles perspectives et renforcent la vision cr\u00e9ative.","breadcrumb":{"@id":"https:\/\/www.organisator.ch\/marketing\/2025-01-22\/boom-holt-verstaerkung-an-bord\/#breadcrumb"},"inLanguage":"fr-FR","potentialAction":[{"@type":"ReadAction","target":["https:\/\/www.organisator.ch\/marketing\/2025-01-22\/boom-holt-verstaerkung-an-bord\/"]}]},{"@type":"ImageObject","inLanguage":"fr-FR","@id":"https:\/\/www.organisator.ch\/marketing\/2025-01-22\/boom-holt-verstaerkung-an-bord\/#primaryimage","url":"https:\/\/www.markt-kom.com\/wp-content\/uploads\/2025\/01\/20241114_boom_Teamfoto_hires-6345-1.jpg","contentUrl":"https:\/\/www.markt-kom.com\/wp-content\/uploads\/2025\/01\/20241114_boom_Teamfoto_hires-6345-1.jpg"},{"@type":"BreadcrumbList","@id":"https:\/\/www.organisator.ch\/marketing\/2025-01-22\/boom-holt-verstaerkung-an-bord\/#breadcrumb","itemListElement":[{"@type":"ListItem","position":1,"name":"Home","item":"https:\/\/www.organisator.ch\/"},{"@type":"ListItem","position":2,"name":"Boom holt Verst\u00e4rkung an Bord"}]},{"@type":"WebSite","@id":"https:\/\/www.organisator.ch\/#website","url":"https:\/\/www.organisator.ch\/","name":"Organisateur","description":"Comp\u00e9tence et comp\u00e9tence. Proches de la pratique. L'ORGANISATEUR pr\u00e9pare 10 num\u00e9ros par an sur les th\u00e8mes essentiels pour les dirigeants de PME.","publisher":{"@id":"https:\/\/www.organisator.ch\/#organization"},"potentialAction":[{"@type":"SearchAction","target":{"@type":"EntryPoint","urlTemplate":"https:\/\/www.organisator.ch\/?s={search_term_string}"},"query-input":{"@type":"PropertyValueSpecification","valueRequired":true,"valueName":"search_term_string"}}],"inLanguage":"fr-FR"},{"@type":"Organization","@id":"https:\/\/www.organisator.ch\/#organization","name":"Organisateur","url":"https:\/\/www.organisator.ch\/","logo":{"@type":"ImageObject","inLanguage":"fr-FR","@id":"https:\/\/www.organisator.ch\/#\/schema\/logo\/image\/","url":"https:\/\/www.organisator.ch\/wp-content\/uploads\/2022\/01\/Logo_Organisator_Website.png","contentUrl":"https:\/\/www.organisator.ch\/wp-content\/uploads\/2022\/01\/Logo_Organisator_Website.png","width":800,"height":77,"caption":"Organisator"},"image":{"@id":"https:\/\/www.organisator.ch\/#\/schema\/logo\/image\/"},"sameAs":["https:\/\/www.facebook.com\/OrganisatorFachmagazin","https:\/\/www.linkedin.com\/showcase\/organisator-das-magazin-fr-kmu","https:\/\/www.xing.com\/news\/pages\/organisator-ch-695","https:\/\/www.youtube.com\/channel\/UCGP2Sq0iWaZwT3BdIAQFYpw"]},{"@type":"Person","@id":"https:\/\/www.organisator.ch\/#\/schema\/person\/4e51799071cd2dd1232ac003643ef5f0","name":"galledia","image":{"@type":"ImageObject","inLanguage":"fr-FR","@id":"https:\/\/secure.gravatar.com\/avatar\/78a7f90c01fc2bfc875782a0d4922b37cde2cf184ce347b91316d23cd7f69a36?s=96&d=mm&r=g","url":"https:\/\/secure.gravatar.com\/avatar\/78a7f90c01fc2bfc875782a0d4922b37cde2cf184ce347b91316d23cd7f69a36?s=96&d=mm&r=g","contentUrl":"https:\/\/secure.gravatar.com\/avatar\/78a7f90c01fc2bfc875782a0d4922b37cde2cf184ce347b91316d23cd7f69a36?s=96&d=mm&r=g","caption":"galledia"},"sameAs":["https:\/\/x.com\/admin"],"url":"https:\/\/www.organisator.ch\/fr\/author\/galledia\/"}]}},"_links":{"self":[{"href":"https:\/\/www.organisator.ch\/fr\/wp-json\/wp\/v2\/posts\/35444","targetHints":{"allow":["GET"]}}],"collection":[{"href":"https:\/\/www.organisator.ch\/fr\/wp-json\/wp\/v2\/posts"}],"about":[{"href":"https:\/\/www.organisator.ch\/fr\/wp-json\/wp\/v2\/types\/post"}],"author":[{"embeddable":true,"href":"https:\/\/www.organisator.ch\/fr\/wp-json\/wp\/v2\/users\/8"}],"replies":[{"embeddable":true,"href":"https:\/\/www.organisator.ch\/fr\/wp-json\/wp\/v2\/comments?post=35444"}],"version-history":[{"count":4,"href":"https:\/\/www.organisator.ch\/fr\/wp-json\/wp\/v2\/posts\/35444\/revisions"}],"predecessor-version":[{"id":35452,"href":"https:\/\/www.organisator.ch\/fr\/wp-json\/wp\/v2\/posts\/35444\/revisions\/35452"}],"wp:attachment":[{"href":"https:\/\/www.organisator.ch\/fr\/wp-json\/wp\/v2\/media?parent=35444"}],"wp:term":[{"taxonomy":"category","embeddable":true,"href":"https:\/\/www.organisator.ch\/fr\/wp-json\/wp\/v2\/categories?post=35444"},{"taxonomy":"post_tag","embeddable":true,"href":"https:\/\/www.organisator.ch\/fr\/wp-json\/wp\/v2\/tags?post=35444"}],"curies":[{"name":"wp","href":"https:\/\/api.w.org\/{rel}","templated":true}]}}