{"id":3545,"date":"2020-12-01T16:48:51","date_gmt":"2020-12-01T15:48:51","guid":{"rendered":"https:\/\/www.umweltperspektiven.ch\/?p=3545"},"modified":"2022-02-09T11:06:12","modified_gmt":"2022-02-09T10:06:12","slug":"ueber-60-sprachen-sich-gegen-windenergieverbot-aus","status":"publish","type":"post","link":"https:\/\/www.organisator.ch\/fr\/sustainability\/2020-12-01\/ueber-60-sprachen-sich-gegen-windenergieverbot-aus\/","title":{"rendered":"Plus de 60% se sont prononc\u00e9s contre l'interdiction de l'\u00e9nergie \u00e9olienne"},"content":{"rendered":"<figure id=\"attachment_3546\" aria-describedby=\"caption-attachment-3546\" style=\"width: 680px\" class=\"wp-caption aligncenter\"><img loading=\"lazy\" decoding=\"async\" class=\"size-medium wp-image-3546\" src=\"\/\/www.umweltperspektiven.ch\/wp-content\/uploads\/2020\/12\/Windenergie.jpg\" alt=\"\" width=\"680\" height=\"816\" srcset=\"https:\/\/www.organisator.ch\/wp-content\/uploads\/2020\/12\/Windenergie.jpg 788w, https:\/\/www.organisator.ch\/wp-content\/uploads\/2020\/12\/Windenergie-680x816.jpg 680w, https:\/\/www.organisator.ch\/wp-content\/uploads\/2020\/12\/Windenergie-768x922.jpg 768w, https:\/\/www.organisator.ch\/wp-content\/uploads\/2020\/12\/Windenergie-10x12.jpg 10w, https:\/\/www.organisator.ch\/wp-content\/uploads\/2020\/12\/Windenergie-146x175.jpg 146w, https:\/\/www.organisator.ch\/wp-content\/uploads\/2020\/12\/Windenergie-292x350.jpg 292w, https:\/\/www.organisator.ch\/wp-content\/uploads\/2020\/12\/Windenergie-666x800.jpg 666w, https:\/\/www.organisator.ch\/wp-content\/uploads\/2020\/12\/Windenergie-300x360.jpg 300w\" sizes=\"auto, (max-width: 680px) 100vw, 680px\" \/><figcaption id=\"caption-attachment-3546\" class=\"wp-caption-text\">Une \u00e9olienne GE 5.3-158, telle qu'elle est pr\u00e9vue \u00e0 Hitzkirch.<br \/>Source : GE Renewable Energy<\/figcaption><\/figure>\n<p>Un parc \u00e9olien de cinq \u00e9oliennes est en cours de planification sur le Lindenberg \u00e0 Hitzkirch : quatre \u00e9oliennes \u00e0 Beinwil dans le Freiamt en Argovie, une du c\u00f4t\u00e9 de Lucerne (cf. <a href=\"\/\/www.windpark-lindenberg.ch\/\">ici<\/a>). A Hitzkirch, l'association Pro Lindenberg avait lanc\u00e9 une initiative communale visant \u00e0 interdire l'utilisation de l'\u00e9nergie \u00e9olienne sur le versant lucernois du Lindenberg. Pr\u00e8s de 60% de la population ont suivi le conseil municipal et se sont prononc\u00e9s dimanche 29.11.20 dans les urnes contre une interdiction de l'\u00e9nergie \u00e9olienne dans la commune.<\/p>\n<p><strong>Interdiction g\u00e9n\u00e9rale rejet\u00e9e<\/strong><\/p>\n<p>Le conseil municipal est favorable \u00e0 un examen objectif d'un parc \u00e9olien d\u00e8s que des documents concrets relatifs au projet, y compris un rapport d'impact sur l'environnement, seront disponibles. Il a argument\u00e9 que ce n'est qu'\u00e0 ce moment-l\u00e0 qu'il sera possible de r\u00e9pondre \u00e0 la question de savoir si le Lindenberg se pr\u00eate ou non \u00e0 l'\u00e9nergie \u00e9olienne. L'initiative communale demandait une interdiction g\u00e9n\u00e9rale de l'utilisation de l'\u00e9nergie \u00e9olienne. Elle voulait ainsi emp\u00eacher que la partie du parc \u00e9olien du Lindenberg qui concerne la commune de Hitzkirch puisse faire l'objet d'une d\u00e9cision fond\u00e9e et objective sur la base de faits.<\/p>\n<p><strong>L'\u00e9tude d'impact sur l'environnement n'a pas encore \u00e9t\u00e9 r\u00e9alis\u00e9e<\/strong><\/p>\n<p>Les \u00e9lecteurs des communes de Beinwil et de Hitzkirch d\u00e9cideront si un parc \u00e9olien peut \u00eatre r\u00e9alis\u00e9 ou non sur le Lindenberg. Selon la bonne tradition suisse, ils ne le feront que lorsque tous les avantages et inconv\u00e9nients auront \u00e9t\u00e9 mis sur la table dans le cadre de la modification n\u00e9cessaire du plan de zone. Ce sera probablement le cas en 2022. On disposera alors, entre autres, d'une \u00e9tude d'impact sur l'environnement d\u00e9taill\u00e9e qui examinera le projet sous toutes les coutures. Un \"non\" aux urnes \u00e0 Hitzkirch n'aurait pas seulement \u00e9t\u00e9 un \"non\" pr\u00e9matur\u00e9 \u00e0 l'utilisation des \u00e9nergies renouvelables dans la r\u00e9gion, mais aurait \u00e9galement \u00e9t\u00e9 indigne des initiateurs locaux du projet, qui planifient avec engagement et s\u00e9rieux depuis 2007.<\/p>\n<p><em>Source : Suisse Eole<\/em><\/p>\n<p>&nbsp;<\/p>\n<p>&nbsp;<\/p>\n<p>&nbsp;<\/p>","protected":false},"excerpt":{"rendered":"<p>Auf dem Lindenberg in Hitzkirch ist ein Windpark mit f\u00fcnf Anlagen in Planung: vier Windenergieanlagen im aargauischen Beinwil im Freiamt, eine auf Luzerner Seite (vgl. hier). In Hitzkirch hatte der Verein Pro Lindenberg eine Gemeindeinitiative lanciert, die die Nutzung der Windenergie auf der Luzerner Seite des Lindenbergs verbieten w\u00fcrde. Knapp 60% der Bev\u00f6lkerung folgten dem [&hellip;]<\/p>\n","protected":false},"author":6,"featured_media":3546,"comment_status":"closed","ping_status":"closed","sticky":false,"template":"","format":"standard","meta":{"_acf_changed":false,"_yoast_wpseo_focuskw":"Windpark","_yoast_wpseo_metadesc":"Der Ausbau von erneuerbaren Energien st\u00f6sst nicht selten auf Widerstand. Nicht so in Hitzkirch - ein generelles Windenergieverbot wurde dort abgelehnt.","articlekey":"","footnotes":""},"categories":[580],"tags":[1363,2236,2568,2569],"class_list":["post-3545","post","type-post","status-publish","format-standard","has-post-thumbnail","hentry","category-sustainability","tag-hitzkirch","tag-suisse-eole","tag-windanlage","tag-windenergie"],"acf":[],"yoast_head":"<!-- This site is optimized with the Yoast SEO plugin v27.4 - https:\/\/yoast.com\/product\/yoast-seo-wordpress\/ -->\n<title>\u00dcber 60% sprachen sich gegen Windenergieverbot aus - Organisator<\/title>\n<meta name=\"description\" content=\"Der Ausbau von erneuerbaren Energien st\u00f6sst nicht selten auf Widerstand. Nicht so in Hitzkirch - ein generelles Windenergieverbot wurde dort abgelehnt.\" \/>\n<meta name=\"robots\" content=\"index, follow, max-snippet:-1, max-image-preview:large, max-video-preview:-1\" \/>\n<link rel=\"canonical\" href=\"https:\/\/www.organisator.ch\/fr\/sustainability\/2020-12-01\/ueber-60-sprachen-sich-gegen-windenergieverbot-aus\/\" \/>\n<meta property=\"og:locale\" content=\"fr_FR\" \/>\n<meta property=\"og:type\" content=\"article\" \/>\n<meta property=\"og:title\" content=\"\u00dcber 60% sprachen sich gegen Windenergieverbot aus - Organisator\" \/>\n<meta property=\"og:description\" content=\"Der Ausbau von erneuerbaren Energien st\u00f6sst nicht selten auf Widerstand. Nicht so in Hitzkirch - ein generelles Windenergieverbot wurde dort abgelehnt.\" \/>\n<meta property=\"og:url\" content=\"https:\/\/www.organisator.ch\/fr\/sustainability\/2020-12-01\/ueber-60-sprachen-sich-gegen-windenergieverbot-aus\/\" \/>\n<meta property=\"og:site_name\" content=\"Organisator\" \/>\n<meta property=\"article:publisher\" content=\"https:\/\/www.facebook.com\/OrganisatorFachmagazin\" \/>\n<meta property=\"article:published_time\" content=\"2020-12-01T15:48:51+00:00\" \/>\n<meta property=\"article:modified_time\" content=\"2022-02-09T10:06:12+00:00\" \/>\n<meta property=\"og:image\" content=\"https:\/\/www.organisator.ch\/wp-content\/uploads\/2020\/12\/Windenergie.jpg\" \/>\n\t<meta property=\"og:image:width\" content=\"788\" \/>\n\t<meta property=\"og:image:height\" content=\"946\" \/>\n\t<meta property=\"og:image:type\" content=\"image\/jpeg\" \/>\n<meta name=\"author\" content=\"roger.straessle\" \/>\n<meta name=\"twitter:card\" content=\"summary_large_image\" \/>\n<script type=\"application\/ld+json\" class=\"yoast-schema-graph\">{\"@context\":\"https:\\\/\\\/schema.org\",\"@graph\":[{\"@type\":\"Article\",\"@id\":\"https:\\\/\\\/www.organisator.ch\\\/sustainability\\\/2020-12-01\\\/ueber-60-sprachen-sich-gegen-windenergieverbot-aus\\\/#article\",\"isPartOf\":{\"@id\":\"https:\\\/\\\/www.organisator.ch\\\/sustainability\\\/2020-12-01\\\/ueber-60-sprachen-sich-gegen-windenergieverbot-aus\\\/\"},\"author\":{\"name\":\"roger.straessle\",\"@id\":\"https:\\\/\\\/www.organisator.ch\\\/#\\\/schema\\\/person\\\/a800b8c54e208b160517a7dcc323161d\"},\"headline\":\"\u00dcber 60% sprachen sich gegen Windenergieverbot aus\",\"datePublished\":\"2020-12-01T15:48:51+00:00\",\"dateModified\":\"2022-02-09T10:06:12+00:00\",\"mainEntityOfPage\":{\"@id\":\"https:\\\/\\\/www.organisator.ch\\\/sustainability\\\/2020-12-01\\\/ueber-60-sprachen-sich-gegen-windenergieverbot-aus\\\/\"},\"wordCount\":300,\"publisher\":{\"@id\":\"https:\\\/\\\/www.organisator.ch\\\/#organization\"},\"image\":{\"@id\":\"https:\\\/\\\/www.organisator.ch\\\/sustainability\\\/2020-12-01\\\/ueber-60-sprachen-sich-gegen-windenergieverbot-aus\\\/#primaryimage\"},\"thumbnailUrl\":\"https:\\\/\\\/www.organisator.ch\\\/wp-content\\\/uploads\\\/2020\\\/12\\\/Windenergie.jpg\",\"keywords\":[\"Hitzkirch\",\"Suisse Eole\",\"Windanlage\",\"Windenergie\"],\"articleSection\":[\"SUSTAINABILITY\"],\"inLanguage\":\"fr-FR\"},{\"@type\":\"WebPage\",\"@id\":\"https:\\\/\\\/www.organisator.ch\\\/sustainability\\\/2020-12-01\\\/ueber-60-sprachen-sich-gegen-windenergieverbot-aus\\\/\",\"url\":\"https:\\\/\\\/www.organisator.ch\\\/sustainability\\\/2020-12-01\\\/ueber-60-sprachen-sich-gegen-windenergieverbot-aus\\\/\",\"name\":\"\u00dcber 60% sprachen sich gegen Windenergieverbot aus - Organisator\",\"isPartOf\":{\"@id\":\"https:\\\/\\\/www.organisator.ch\\\/#website\"},\"primaryImageOfPage\":{\"@id\":\"https:\\\/\\\/www.organisator.ch\\\/sustainability\\\/2020-12-01\\\/ueber-60-sprachen-sich-gegen-windenergieverbot-aus\\\/#primaryimage\"},\"image\":{\"@id\":\"https:\\\/\\\/www.organisator.ch\\\/sustainability\\\/2020-12-01\\\/ueber-60-sprachen-sich-gegen-windenergieverbot-aus\\\/#primaryimage\"},\"thumbnailUrl\":\"https:\\\/\\\/www.organisator.ch\\\/wp-content\\\/uploads\\\/2020\\\/12\\\/Windenergie.jpg\",\"datePublished\":\"2020-12-01T15:48:51+00:00\",\"dateModified\":\"2022-02-09T10:06:12+00:00\",\"description\":\"Der Ausbau von erneuerbaren Energien st\u00f6sst nicht selten auf Widerstand. Nicht so in Hitzkirch - ein generelles Windenergieverbot wurde dort abgelehnt.\",\"breadcrumb\":{\"@id\":\"https:\\\/\\\/www.organisator.ch\\\/sustainability\\\/2020-12-01\\\/ueber-60-sprachen-sich-gegen-windenergieverbot-aus\\\/#breadcrumb\"},\"inLanguage\":\"fr-FR\",\"potentialAction\":[{\"@type\":\"ReadAction\",\"target\":[\"https:\\\/\\\/www.organisator.ch\\\/sustainability\\\/2020-12-01\\\/ueber-60-sprachen-sich-gegen-windenergieverbot-aus\\\/\"]}]},{\"@type\":\"ImageObject\",\"inLanguage\":\"fr-FR\",\"@id\":\"https:\\\/\\\/www.organisator.ch\\\/sustainability\\\/2020-12-01\\\/ueber-60-sprachen-sich-gegen-windenergieverbot-aus\\\/#primaryimage\",\"url\":\"https:\\\/\\\/www.organisator.ch\\\/wp-content\\\/uploads\\\/2020\\\/12\\\/Windenergie.jpg\",\"contentUrl\":\"https:\\\/\\\/www.organisator.ch\\\/wp-content\\\/uploads\\\/2020\\\/12\\\/Windenergie.jpg\",\"width\":788,\"height\":946,\"caption\":\"Eine Windenergieanlage GE 5.3-158, wie sie in Hitzkirch geplant ist. Quelle: GE Renewable Energy\"},{\"@type\":\"BreadcrumbList\",\"@id\":\"https:\\\/\\\/www.organisator.ch\\\/sustainability\\\/2020-12-01\\\/ueber-60-sprachen-sich-gegen-windenergieverbot-aus\\\/#breadcrumb\",\"itemListElement\":[{\"@type\":\"ListItem\",\"position\":1,\"name\":\"Home\",\"item\":\"https:\\\/\\\/www.organisator.ch\\\/\"},{\"@type\":\"ListItem\",\"position\":2,\"name\":\"\u00dcber 60% sprachen sich gegen Windenergieverbot aus\"}]},{\"@type\":\"WebSite\",\"@id\":\"https:\\\/\\\/www.organisator.ch\\\/#website\",\"url\":\"https:\\\/\\\/www.organisator.ch\\\/\",\"name\":\"Organisator\",\"description\":\"Kompetent. Praxisnah. Der ORGANISATOR bereitet in 10 Ausgaben pro Jahr die wesentlichen Themen f\u00fcr F\u00fchrungskr\u00e4fte von KMU auf.\",\"publisher\":{\"@id\":\"https:\\\/\\\/www.organisator.ch\\\/#organization\"},\"potentialAction\":[{\"@type\":\"SearchAction\",\"target\":{\"@type\":\"EntryPoint\",\"urlTemplate\":\"https:\\\/\\\/www.organisator.ch\\\/?s={search_term_string}\"},\"query-input\":{\"@type\":\"PropertyValueSpecification\",\"valueRequired\":true,\"valueName\":\"search_term_string\"}}],\"inLanguage\":\"fr-FR\"},{\"@type\":\"Organization\",\"@id\":\"https:\\\/\\\/www.organisator.ch\\\/#organization\",\"name\":\"Organisator\",\"url\":\"https:\\\/\\\/www.organisator.ch\\\/\",\"logo\":{\"@type\":\"ImageObject\",\"inLanguage\":\"fr-FR\",\"@id\":\"https:\\\/\\\/www.organisator.ch\\\/#\\\/schema\\\/logo\\\/image\\\/\",\"url\":\"https:\\\/\\\/www.organisator.ch\\\/wp-content\\\/uploads\\\/2022\\\/01\\\/Logo_Organisator_Website.png\",\"contentUrl\":\"https:\\\/\\\/www.organisator.ch\\\/wp-content\\\/uploads\\\/2022\\\/01\\\/Logo_Organisator_Website.png\",\"width\":800,\"height\":77,\"caption\":\"Organisator\"},\"image\":{\"@id\":\"https:\\\/\\\/www.organisator.ch\\\/#\\\/schema\\\/logo\\\/image\\\/\"},\"sameAs\":[\"https:\\\/\\\/www.facebook.com\\\/OrganisatorFachmagazin\",\"https:\\\/\\\/www.linkedin.com\\\/showcase\\\/organisator-das-magazin-fr-kmu\",\"https:\\\/\\\/www.xing.com\\\/news\\\/pages\\\/organisator-ch-695\",\"https:\\\/\\\/www.youtube.com\\\/channel\\\/UCGP2Sq0iWaZwT3BdIAQFYpw\"]},{\"@type\":\"Person\",\"@id\":\"https:\\\/\\\/www.organisator.ch\\\/#\\\/schema\\\/person\\\/a800b8c54e208b160517a7dcc323161d\",\"name\":\"roger.straessle\",\"image\":{\"@type\":\"ImageObject\",\"inLanguage\":\"fr-FR\",\"@id\":\"https:\\\/\\\/secure.gravatar.com\\\/avatar\\\/?s=96&d=mm&r=g\",\"url\":\"https:\\\/\\\/secure.gravatar.com\\\/avatar\\\/?s=96&d=mm&r=g\",\"contentUrl\":\"https:\\\/\\\/secure.gravatar.com\\\/avatar\\\/?s=96&d=mm&r=g\",\"caption\":\"roger.straessle\"},\"url\":\"https:\\\/\\\/www.organisator.ch\\\/fr\\\/author\\\/roger-straessle\\\/\"}]}<\/script>\n<!-- \/ Yoast SEO plugin. -->","yoast_head_json":{"title":"Plus de 60% se sont prononc\u00e9s contre l'interdiction de l'\u00e9nergie \u00e9olienne - Organisateur","description":"Il n'est pas rare que le d\u00e9veloppement des \u00e9nergies renouvelables se heurte \u00e0 des r\u00e9sistances. Ce n'est pas le cas \u00e0 Hitzkirch - une interdiction g\u00e9n\u00e9rale de l'\u00e9nergie \u00e9olienne y a \u00e9t\u00e9 rejet\u00e9e.","robots":{"index":"index","follow":"follow","max-snippet":"max-snippet:-1","max-image-preview":"max-image-preview:large","max-video-preview":"max-video-preview:-1"},"canonical":"https:\/\/www.organisator.ch\/fr\/sustainability\/2020-12-01\/ueber-60-sprachen-sich-gegen-windenergieverbot-aus\/","og_locale":"fr_FR","og_type":"article","og_title":"\u00dcber 60% sprachen sich gegen Windenergieverbot aus - Organisator","og_description":"Der Ausbau von erneuerbaren Energien st\u00f6sst nicht selten auf Widerstand. Nicht so in Hitzkirch - ein generelles Windenergieverbot wurde dort abgelehnt.","og_url":"https:\/\/www.organisator.ch\/fr\/sustainability\/2020-12-01\/ueber-60-sprachen-sich-gegen-windenergieverbot-aus\/","og_site_name":"Organisator","article_publisher":"https:\/\/www.facebook.com\/OrganisatorFachmagazin","article_published_time":"2020-12-01T15:48:51+00:00","article_modified_time":"2022-02-09T10:06:12+00:00","og_image":[{"width":788,"height":946,"url":"https:\/\/www.organisator.ch\/wp-content\/uploads\/2020\/12\/Windenergie.jpg","type":"image\/jpeg"}],"author":"roger.straessle","twitter_card":"summary_large_image","schema":{"@context":"https:\/\/schema.org","@graph":[{"@type":"Article","@id":"https:\/\/www.organisator.ch\/sustainability\/2020-12-01\/ueber-60-sprachen-sich-gegen-windenergieverbot-aus\/#article","isPartOf":{"@id":"https:\/\/www.organisator.ch\/sustainability\/2020-12-01\/ueber-60-sprachen-sich-gegen-windenergieverbot-aus\/"},"author":{"name":"roger.straessle","@id":"https:\/\/www.organisator.ch\/#\/schema\/person\/a800b8c54e208b160517a7dcc323161d"},"headline":"\u00dcber 60% sprachen sich gegen Windenergieverbot aus","datePublished":"2020-12-01T15:48:51+00:00","dateModified":"2022-02-09T10:06:12+00:00","mainEntityOfPage":{"@id":"https:\/\/www.organisator.ch\/sustainability\/2020-12-01\/ueber-60-sprachen-sich-gegen-windenergieverbot-aus\/"},"wordCount":300,"publisher":{"@id":"https:\/\/www.organisator.ch\/#organization"},"image":{"@id":"https:\/\/www.organisator.ch\/sustainability\/2020-12-01\/ueber-60-sprachen-sich-gegen-windenergieverbot-aus\/#primaryimage"},"thumbnailUrl":"https:\/\/www.organisator.ch\/wp-content\/uploads\/2020\/12\/Windenergie.jpg","keywords":["Hitzkirch","Suisse Eole","Windanlage","Windenergie"],"articleSection":["SUSTAINABILITY"],"inLanguage":"fr-FR"},{"@type":"WebPage","@id":"https:\/\/www.organisator.ch\/sustainability\/2020-12-01\/ueber-60-sprachen-sich-gegen-windenergieverbot-aus\/","url":"https:\/\/www.organisator.ch\/sustainability\/2020-12-01\/ueber-60-sprachen-sich-gegen-windenergieverbot-aus\/","name":"Plus de 60% se sont prononc\u00e9s contre l'interdiction de l'\u00e9nergie \u00e9olienne - Organisateur","isPartOf":{"@id":"https:\/\/www.organisator.ch\/#website"},"primaryImageOfPage":{"@id":"https:\/\/www.organisator.ch\/sustainability\/2020-12-01\/ueber-60-sprachen-sich-gegen-windenergieverbot-aus\/#primaryimage"},"image":{"@id":"https:\/\/www.organisator.ch\/sustainability\/2020-12-01\/ueber-60-sprachen-sich-gegen-windenergieverbot-aus\/#primaryimage"},"thumbnailUrl":"https:\/\/www.organisator.ch\/wp-content\/uploads\/2020\/12\/Windenergie.jpg","datePublished":"2020-12-01T15:48:51+00:00","dateModified":"2022-02-09T10:06:12+00:00","description":"Il n'est pas rare que le d\u00e9veloppement des \u00e9nergies renouvelables se heurte \u00e0 des r\u00e9sistances. Ce n'est pas le cas \u00e0 Hitzkirch - une interdiction g\u00e9n\u00e9rale de l'\u00e9nergie \u00e9olienne y a \u00e9t\u00e9 rejet\u00e9e.","breadcrumb":{"@id":"https:\/\/www.organisator.ch\/sustainability\/2020-12-01\/ueber-60-sprachen-sich-gegen-windenergieverbot-aus\/#breadcrumb"},"inLanguage":"fr-FR","potentialAction":[{"@type":"ReadAction","target":["https:\/\/www.organisator.ch\/sustainability\/2020-12-01\/ueber-60-sprachen-sich-gegen-windenergieverbot-aus\/"]}]},{"@type":"ImageObject","inLanguage":"fr-FR","@id":"https:\/\/www.organisator.ch\/sustainability\/2020-12-01\/ueber-60-sprachen-sich-gegen-windenergieverbot-aus\/#primaryimage","url":"https:\/\/www.organisator.ch\/wp-content\/uploads\/2020\/12\/Windenergie.jpg","contentUrl":"https:\/\/www.organisator.ch\/wp-content\/uploads\/2020\/12\/Windenergie.jpg","width":788,"height":946,"caption":"Eine Windenergieanlage GE 5.3-158, wie sie in Hitzkirch geplant ist. Quelle: GE Renewable Energy"},{"@type":"BreadcrumbList","@id":"https:\/\/www.organisator.ch\/sustainability\/2020-12-01\/ueber-60-sprachen-sich-gegen-windenergieverbot-aus\/#breadcrumb","itemListElement":[{"@type":"ListItem","position":1,"name":"Home","item":"https:\/\/www.organisator.ch\/"},{"@type":"ListItem","position":2,"name":"\u00dcber 60% sprachen sich gegen Windenergieverbot aus"}]},{"@type":"WebSite","@id":"https:\/\/www.organisator.ch\/#website","url":"https:\/\/www.organisator.ch\/","name":"Organisateur","description":"Comp\u00e9tence et comp\u00e9tence. Proches de la pratique. L'ORGANISATEUR pr\u00e9pare 10 num\u00e9ros par an sur les th\u00e8mes essentiels pour les dirigeants de PME.","publisher":{"@id":"https:\/\/www.organisator.ch\/#organization"},"potentialAction":[{"@type":"SearchAction","target":{"@type":"EntryPoint","urlTemplate":"https:\/\/www.organisator.ch\/?s={search_term_string}"},"query-input":{"@type":"PropertyValueSpecification","valueRequired":true,"valueName":"search_term_string"}}],"inLanguage":"fr-FR"},{"@type":"Organization","@id":"https:\/\/www.organisator.ch\/#organization","name":"Organisateur","url":"https:\/\/www.organisator.ch\/","logo":{"@type":"ImageObject","inLanguage":"fr-FR","@id":"https:\/\/www.organisator.ch\/#\/schema\/logo\/image\/","url":"https:\/\/www.organisator.ch\/wp-content\/uploads\/2022\/01\/Logo_Organisator_Website.png","contentUrl":"https:\/\/www.organisator.ch\/wp-content\/uploads\/2022\/01\/Logo_Organisator_Website.png","width":800,"height":77,"caption":"Organisator"},"image":{"@id":"https:\/\/www.organisator.ch\/#\/schema\/logo\/image\/"},"sameAs":["https:\/\/www.facebook.com\/OrganisatorFachmagazin","https:\/\/www.linkedin.com\/showcase\/organisator-das-magazin-fr-kmu","https:\/\/www.xing.com\/news\/pages\/organisator-ch-695","https:\/\/www.youtube.com\/channel\/UCGP2Sq0iWaZwT3BdIAQFYpw"]},{"@type":"Person","@id":"https:\/\/www.organisator.ch\/#\/schema\/person\/a800b8c54e208b160517a7dcc323161d","name":"roger.straessle","image":{"@type":"ImageObject","inLanguage":"fr-FR","@id":"https:\/\/secure.gravatar.com\/avatar\/?s=96&d=mm&r=g","url":"https:\/\/secure.gravatar.com\/avatar\/?s=96&d=mm&r=g","contentUrl":"https:\/\/secure.gravatar.com\/avatar\/?s=96&d=mm&r=g","caption":"roger.straessle"},"url":"https:\/\/www.organisator.ch\/fr\/author\/roger-straessle\/"}]}},"_links":{"self":[{"href":"https:\/\/www.organisator.ch\/fr\/wp-json\/wp\/v2\/posts\/3545","targetHints":{"allow":["GET"]}}],"collection":[{"href":"https:\/\/www.organisator.ch\/fr\/wp-json\/wp\/v2\/posts"}],"about":[{"href":"https:\/\/www.organisator.ch\/fr\/wp-json\/wp\/v2\/types\/post"}],"author":[{"embeddable":true,"href":"https:\/\/www.organisator.ch\/fr\/wp-json\/wp\/v2\/users\/6"}],"replies":[{"embeddable":true,"href":"https:\/\/www.organisator.ch\/fr\/wp-json\/wp\/v2\/comments?post=3545"}],"version-history":[{"count":1,"href":"https:\/\/www.organisator.ch\/fr\/wp-json\/wp\/v2\/posts\/3545\/revisions"}],"predecessor-version":[{"id":10508,"href":"https:\/\/www.organisator.ch\/fr\/wp-json\/wp\/v2\/posts\/3545\/revisions\/10508"}],"wp:featuredmedia":[{"embeddable":true,"href":"https:\/\/www.organisator.ch\/fr\/wp-json\/wp\/v2\/media\/3546"}],"wp:attachment":[{"href":"https:\/\/www.organisator.ch\/fr\/wp-json\/wp\/v2\/media?parent=3545"}],"wp:term":[{"taxonomy":"category","embeddable":true,"href":"https:\/\/www.organisator.ch\/fr\/wp-json\/wp\/v2\/categories?post=3545"},{"taxonomy":"post_tag","embeddable":true,"href":"https:\/\/www.organisator.ch\/fr\/wp-json\/wp\/v2\/tags?post=3545"}],"curies":[{"name":"wp","href":"https:\/\/api.w.org\/{rel}","templated":true}]}}