{"id":35470,"date":"2025-01-22T12:46:59","date_gmt":"2025-01-22T11:46:59","guid":{"rendered":"https:\/\/www.m-q.ch\/?p=20985"},"modified":"2025-01-22T13:47:45","modified_gmt":"2025-01-22T12:47:45","slug":"start-des-naechsten-kapitels-fuer-das-digital-trust-label","status":"publish","type":"post","link":"https:\/\/www.organisator.ch\/fr\/operational-excellence\/2025-01-22\/start-des-naechsten-kapitels-fuer-das-digital-trust-label\/","title":{"rendered":"Lancement du prochain chapitre pour le Digital Trust Label"},"content":{"rendered":"<figure id=\"attachment_20987\" class=\"wp-caption alignnone\" style=\"width: 680px;\" aria-describedby=\"caption-attachment-20987\"><img class=\"size-full wp-image-20987\" src=\"https:\/\/www.m-q.ch\/wp-content\/uploads\/2025\/01\/Digital-Trust_Bild1_ps.jpg\" sizes=\"(max-width: 680px) 100vw, 680px\" srcset=\"https:\/\/www.m-q.ch\/wp-content\/uploads\/2025\/01\/Digital-Trust_Bild1_ps.jpg 680w, https:\/\/www.m-q.ch\/wp-content\/uploads\/2025\/01\/Digital-Trust_Bild1_ps-18x12.jpg 18w, https:\/\/www.m-q.ch\/wp-content\/uploads\/2025\/01\/Digital-Trust_Bild1_ps-375x250.jpg 375w, https:\/\/www.m-q.ch\/wp-content\/uploads\/2025\/01\/Digital-Trust_Bild1_ps-525x350.jpg 525w\" alt=\"\" width=\"680\" height=\"453\" \/>\r\n<figcaption id=\"caption-attachment-20987\" class=\"wp-caption-text\">Doris Leuthard, pr\u00e9sidente de la Swiss Digital Initiative, et Jan Meemken, Sub-Regional Manager DACH chez SGS, c\u00e9l\u00e8brent la remise du Digital Trust Label \u00e0 SGS. (Photo : SDI)<\/figcaption>\r\n<\/figure>\r\n<p>Projet phare de la Swiss Digital Initiative, le travail sur le Digital Trust Label a d\u00e9but\u00e9 en 2020 avec une mission claire : relever le d\u00e9fi croissant de la confiance num\u00e9rique en \u00e9tablissant une nouvelle norme pour les services num\u00e9riques et en donnant aux utilisateurs un signal clair de fiabilit\u00e9. Avec son lancement officiel en janvier 2022, l'initiative a pris un essor consid\u00e9rable et a \u00e9t\u00e9 rapidement adopt\u00e9e par des entreprises de premier plan telles que Swiss Re, Swisscom, Swiss Post, Cisco, Wefox et d'autres. Une \u00e9tape importante a \u00e9t\u00e9 franchie en 2024 avec une mise \u00e0 jour compl\u00e8te du catalogue de crit\u00e8res, qui aborde notamment le r\u00f4le crucial de l'intelligence artificielle dans la confiance num\u00e9rique et assure la p\u00e9rennit\u00e9 du label.<\/p>\r\n<p>En outre, la Swiss Digital Initiative a publi\u00e9 un outil d'auto-\u00e9valuation pour aider les fournisseurs de services num\u00e9riques \u00e0 mettre en \u0153uvre l'IA en toute confiance. Dans le paysage num\u00e9rique en \u00e9volution rapide d'aujourd'hui, l'intelligence artificielle - en particulier l'IA g\u00e9n\u00e9rative - s'est r\u00e9v\u00e9l\u00e9e \u00eatre une force de transformation pour la conception de services num\u00e9riques. Alors que les entreprises se d\u00e9p\u00eachent d'int\u00e9grer ces technologies, la n\u00e9cessit\u00e9 d'une mise en \u0153uvre r\u00e9fl\u00e9chie n'a jamais \u00e9t\u00e9 aussi importante qu'aujourd'hui. Alors que le potentiel de l'IA g\u00e9n\u00e9rative pour am\u00e9liorer les services num\u00e9riques est immense, le paysage r\u00e9glementaire est encore en \u00e9volution et les normes sont encore en train d'\u00e9merger. Les entreprises doivent s'y retrouver dans cette complexit\u00e9 tout en gagnant la confiance de leurs utilisateurs finaux - un d\u00e9fi qui n\u00e9cessite de peser soigneusement les opportunit\u00e9s et les risques.<\/p>\r\n<h3><strong>Construire un avenir de confiance num\u00e9rique v\u00e9rifiable<\/strong><\/h3>\r\n<p>La Swiss Digital Initiative annonce le transfert du label Digital Trust \u00e0 SGS, le leader mondial des tests, de l'inspection et de la certification et un partenaire de longue date du projet. Le transfert \u00e0 SGS repr\u00e9sente une \u00e9volution naturelle dans le parcours du label, qui passe d'un concept innovant \u00e0 une norme v\u00e9rifiable. Sous la direction de SGS, le label Digital Trust \u00e9largira sa port\u00e9e tout en conservant ses normes strictes, rendant ainsi la confiance num\u00e9rique v\u00e9rifiable et r\u00e9alisable par les organisations du monde entier.<\/p>\r\n<p>\"Le label de confiance num\u00e9rique s'inscrit parfaitement dans notre vision strat\u00e9gique des services de confiance num\u00e9rique\", d\u00e9clare Jan Meemken, directeur sous-r\u00e9gional DACH chez SGS. \"Nous avons soutenu cette initiative d\u00e8s le d\u00e9but et reconnu son potentiel pour la confiance num\u00e9rique. Nous nous engageons \u00e0 diffuser cette innovation suisse \u00e0 l'\u00e9chelle internationale, tout en pr\u00e9servant ses normes \u00e9lev\u00e9es et sa cr\u00e9dibilit\u00e9\".<\/p>\r\n<p>Doris Leuthard, pr\u00e9sidente de Swiss Digital Initiative, revient sur le chemin parcouru : \"Je suis fi\u00e8re de voir comment notre vision de cr\u00e9er un 'label de commerce \u00e9quitable pour l'\u00e8re num\u00e9rique' est pass\u00e9e du concept \u00e0 la r\u00e9alit\u00e9 concr\u00e8te. Cet accomplissement n'aurait pas \u00e9t\u00e9 possible sans l'engagement de l'\u00e9quipe de la Swiss Digital Initiative, de nos soutiens, de nos partenaires, de nos clients et de nos experts, qui ont apport\u00e9 leur savoir-faire et leur passion\".<\/p>\r\n<p><em>Source : <\/em><em><a href=\"http:\/\/www.swiss-digital-initiative.org\/\">www.swiss-digital-initiative.org<\/a><\/em><\/p>\n<p class=\"syndicated-attribution\">Cet article est paru initialement sur m-q.ch - <a href=\"https:\/\/www.m-q.ch\/de\/start-des-naechsten-kapitels-fuer-das-digital-trust-label\/\" target=\"_blank\">https:\/\/www.m-q.ch\/de\/start-des-naechsten-kapitels-fuer-das-digital-trust-label\/<\/a><\/p>","protected":false},"excerpt":{"rendered":"<p>En collaboration avec des soutiens, des partenaires et des experts, la Swiss Digital Initiative a d\u00e9velopp\u00e9 le Digital Trust Label, un syst\u00e8me unique de certification de la fiabilit\u00e9 des services num\u00e9riques. Apr\u00e8s la validation du syst\u00e8me de certification sur le march\u00e9 et la mise \u00e0 jour de la norme d'intelligence artificielle, le temps est venu de passer au chapitre suivant de ce projet en le confiant \u00e0 SGS, partenaire d'audit de longue date.<\/p>","protected":false},"author":80,"featured_media":0,"comment_status":"closed","ping_status":"closed","sticky":false,"template":"","format":"standard","meta":{"_acf_changed":false,"_yoast_wpseo_focuskw":"Digital Trust Label","_yoast_wpseo_metadesc":"Die Swiss Digital Initiative \u00fcbertr\u00e4gt das Digital Trust Label an SGS, um digitales Vertrauen weltweit \u00fcberpr\u00fcfbar zu machen.","articlekey":"","footnotes":""},"categories":[582],"tags":[3992,612,319,605,5033,613],"class_list":["post-35470","post","type-post","status-publish","format-standard","hentry","category-operational-excellence","tag-dach","tag-digital-trust-label","tag-kuenstliche-intelligenz","tag-qualitaetsmanagement","tag-sgs","tag-zertifizierung"],"acf":[],"yoast_head":"<!-- This site is optimized with the Yoast SEO plugin v27.5 - https:\/\/yoast.com\/product\/yoast-seo-wordpress\/ -->\n<title>Start des n\u00e4chsten Kapitels f\u00fcr das Digital Trust Label - Organisator<\/title>\n<meta name=\"description\" content=\"Die Swiss Digital Initiative \u00fcbertr\u00e4gt das Digital Trust Label an SGS, um digitales Vertrauen weltweit \u00fcberpr\u00fcfbar zu machen.\" \/>\n<meta name=\"robots\" content=\"index, follow, max-snippet:-1, max-image-preview:large, max-video-preview:-1\" \/>\n<link rel=\"canonical\" href=\"https:\/\/www.organisator.ch\/fr\/excellence-operationnelle\/2025-01-22\/start-des-naechsten-kapitels-fuer-das-digital-trust-label\/\" \/>\n<meta property=\"og:locale\" content=\"fr_FR\" \/>\n<meta property=\"og:type\" content=\"article\" \/>\n<meta property=\"og:title\" content=\"Start des n\u00e4chsten Kapitels f\u00fcr das Digital Trust Label - Organisator\" \/>\n<meta property=\"og:description\" content=\"Die Swiss Digital Initiative \u00fcbertr\u00e4gt das Digital Trust Label an SGS, um digitales Vertrauen weltweit \u00fcberpr\u00fcfbar zu machen.\" \/>\n<meta property=\"og:url\" content=\"https:\/\/www.organisator.ch\/fr\/excellence-operationnelle\/2025-01-22\/start-des-naechsten-kapitels-fuer-das-digital-trust-label\/\" \/>\n<meta property=\"og:site_name\" content=\"Organisator\" \/>\n<meta property=\"article:publisher\" content=\"https:\/\/www.facebook.com\/OrganisatorFachmagazin\" \/>\n<meta property=\"article:published_time\" content=\"2025-01-22T11:46:59+00:00\" \/>\n<meta property=\"article:modified_time\" content=\"2025-01-22T12:47:45+00:00\" \/>\n<meta name=\"author\" content=\"Dzana Muminovic\" \/>\n<meta name=\"twitter:card\" content=\"summary_large_image\" \/>\n<script type=\"application\/ld+json\" class=\"yoast-schema-graph\">{\"@context\":\"https:\\\/\\\/schema.org\",\"@graph\":[{\"@type\":\"Article\",\"@id\":\"https:\\\/\\\/www.organisator.ch\\\/operational-excellence\\\/2025-01-22\\\/start-des-naechsten-kapitels-fuer-das-digital-trust-label\\\/#article\",\"isPartOf\":{\"@id\":\"https:\\\/\\\/www.organisator.ch\\\/operational-excellence\\\/2025-01-22\\\/start-des-naechsten-kapitels-fuer-das-digital-trust-label\\\/\"},\"author\":{\"name\":\"Dzana Muminovic\",\"@id\":\"https:\\\/\\\/www.organisator.ch\\\/#\\\/schema\\\/person\\\/afccda3a71c06d4be2ed9100dd163db7\"},\"headline\":\"Start des n\u00e4chsten Kapitels f\u00fcr das Digital Trust Label\",\"datePublished\":\"2025-01-22T11:46:59+00:00\",\"dateModified\":\"2025-01-22T12:47:45+00:00\",\"mainEntityOfPage\":{\"@id\":\"https:\\\/\\\/www.organisator.ch\\\/operational-excellence\\\/2025-01-22\\\/start-des-naechsten-kapitels-fuer-das-digital-trust-label\\\/\"},\"wordCount\":513,\"publisher\":{\"@id\":\"https:\\\/\\\/www.organisator.ch\\\/#organization\"},\"image\":{\"@id\":\"https:\\\/\\\/www.organisator.ch\\\/operational-excellence\\\/2025-01-22\\\/start-des-naechsten-kapitels-fuer-das-digital-trust-label\\\/#primaryimage\"},\"thumbnailUrl\":\"https:\\\/\\\/www.m-q.ch\\\/wp-content\\\/uploads\\\/2025\\\/01\\\/Digital-Trust_Bild1_ps.jpg\",\"keywords\":[\"DACH\",\"Digital Trust Label\",\"K\u00fcnstliche Intelligenz\",\"Qualit\u00e4tsmanagement\",\"SGS\",\"Zertifizierung\"],\"articleSection\":[\"OPERATIONAL EXCELLENCE\"],\"inLanguage\":\"fr-FR\"},{\"@type\":\"WebPage\",\"@id\":\"https:\\\/\\\/www.organisator.ch\\\/operational-excellence\\\/2025-01-22\\\/start-des-naechsten-kapitels-fuer-das-digital-trust-label\\\/\",\"url\":\"https:\\\/\\\/www.organisator.ch\\\/operational-excellence\\\/2025-01-22\\\/start-des-naechsten-kapitels-fuer-das-digital-trust-label\\\/\",\"name\":\"Start des n\u00e4chsten Kapitels f\u00fcr das Digital Trust Label - Organisator\",\"isPartOf\":{\"@id\":\"https:\\\/\\\/www.organisator.ch\\\/#website\"},\"primaryImageOfPage\":{\"@id\":\"https:\\\/\\\/www.organisator.ch\\\/operational-excellence\\\/2025-01-22\\\/start-des-naechsten-kapitels-fuer-das-digital-trust-label\\\/#primaryimage\"},\"image\":{\"@id\":\"https:\\\/\\\/www.organisator.ch\\\/operational-excellence\\\/2025-01-22\\\/start-des-naechsten-kapitels-fuer-das-digital-trust-label\\\/#primaryimage\"},\"thumbnailUrl\":\"https:\\\/\\\/www.m-q.ch\\\/wp-content\\\/uploads\\\/2025\\\/01\\\/Digital-Trust_Bild1_ps.jpg\",\"datePublished\":\"2025-01-22T11:46:59+00:00\",\"dateModified\":\"2025-01-22T12:47:45+00:00\",\"description\":\"Die Swiss Digital Initiative \u00fcbertr\u00e4gt das Digital Trust Label an SGS, um digitales Vertrauen weltweit \u00fcberpr\u00fcfbar zu machen.\",\"breadcrumb\":{\"@id\":\"https:\\\/\\\/www.organisator.ch\\\/operational-excellence\\\/2025-01-22\\\/start-des-naechsten-kapitels-fuer-das-digital-trust-label\\\/#breadcrumb\"},\"inLanguage\":\"fr-FR\",\"potentialAction\":[{\"@type\":\"ReadAction\",\"target\":[\"https:\\\/\\\/www.organisator.ch\\\/operational-excellence\\\/2025-01-22\\\/start-des-naechsten-kapitels-fuer-das-digital-trust-label\\\/\"]}]},{\"@type\":\"ImageObject\",\"inLanguage\":\"fr-FR\",\"@id\":\"https:\\\/\\\/www.organisator.ch\\\/operational-excellence\\\/2025-01-22\\\/start-des-naechsten-kapitels-fuer-das-digital-trust-label\\\/#primaryimage\",\"url\":\"https:\\\/\\\/www.m-q.ch\\\/wp-content\\\/uploads\\\/2025\\\/01\\\/Digital-Trust_Bild1_ps.jpg\",\"contentUrl\":\"https:\\\/\\\/www.m-q.ch\\\/wp-content\\\/uploads\\\/2025\\\/01\\\/Digital-Trust_Bild1_ps.jpg\"},{\"@type\":\"BreadcrumbList\",\"@id\":\"https:\\\/\\\/www.organisator.ch\\\/operational-excellence\\\/2025-01-22\\\/start-des-naechsten-kapitels-fuer-das-digital-trust-label\\\/#breadcrumb\",\"itemListElement\":[{\"@type\":\"ListItem\",\"position\":1,\"name\":\"Home\",\"item\":\"https:\\\/\\\/www.organisator.ch\\\/\"},{\"@type\":\"ListItem\",\"position\":2,\"name\":\"Start des n\u00e4chsten Kapitels f\u00fcr das Digital Trust Label\"}]},{\"@type\":\"WebSite\",\"@id\":\"https:\\\/\\\/www.organisator.ch\\\/#website\",\"url\":\"https:\\\/\\\/www.organisator.ch\\\/\",\"name\":\"Organisator\",\"description\":\"Kompetent. Praxisnah. Der ORGANISATOR bereitet in 10 Ausgaben pro Jahr die wesentlichen Themen f\u00fcr F\u00fchrungskr\u00e4fte von KMU auf.\",\"publisher\":{\"@id\":\"https:\\\/\\\/www.organisator.ch\\\/#organization\"},\"potentialAction\":[{\"@type\":\"SearchAction\",\"target\":{\"@type\":\"EntryPoint\",\"urlTemplate\":\"https:\\\/\\\/www.organisator.ch\\\/?s={search_term_string}\"},\"query-input\":{\"@type\":\"PropertyValueSpecification\",\"valueRequired\":true,\"valueName\":\"search_term_string\"}}],\"inLanguage\":\"fr-FR\"},{\"@type\":\"Organization\",\"@id\":\"https:\\\/\\\/www.organisator.ch\\\/#organization\",\"name\":\"Organisator\",\"url\":\"https:\\\/\\\/www.organisator.ch\\\/\",\"logo\":{\"@type\":\"ImageObject\",\"inLanguage\":\"fr-FR\",\"@id\":\"https:\\\/\\\/www.organisator.ch\\\/#\\\/schema\\\/logo\\\/image\\\/\",\"url\":\"https:\\\/\\\/www.organisator.ch\\\/wp-content\\\/uploads\\\/2022\\\/01\\\/Logo_Organisator_Website.png\",\"contentUrl\":\"https:\\\/\\\/www.organisator.ch\\\/wp-content\\\/uploads\\\/2022\\\/01\\\/Logo_Organisator_Website.png\",\"width\":800,\"height\":77,\"caption\":\"Organisator\"},\"image\":{\"@id\":\"https:\\\/\\\/www.organisator.ch\\\/#\\\/schema\\\/logo\\\/image\\\/\"},\"sameAs\":[\"https:\\\/\\\/www.facebook.com\\\/OrganisatorFachmagazin\",\"https:\\\/\\\/www.linkedin.com\\\/showcase\\\/organisator-das-magazin-fr-kmu\",\"https:\\\/\\\/www.xing.com\\\/news\\\/pages\\\/organisator-ch-695\",\"https:\\\/\\\/www.youtube.com\\\/channel\\\/UCGP2Sq0iWaZwT3BdIAQFYpw\"]},{\"@type\":\"Person\",\"@id\":\"https:\\\/\\\/www.organisator.ch\\\/#\\\/schema\\\/person\\\/afccda3a71c06d4be2ed9100dd163db7\",\"name\":\"Dzana Muminovic\",\"image\":{\"@type\":\"ImageObject\",\"inLanguage\":\"fr-FR\",\"@id\":\"https:\\\/\\\/secure.gravatar.com\\\/avatar\\\/909c5c71aff4b38e88686f2ab2f1ba152571f394f41ed8bae431ea56ced93050?s=96&d=mm&r=g\",\"url\":\"https:\\\/\\\/secure.gravatar.com\\\/avatar\\\/909c5c71aff4b38e88686f2ab2f1ba152571f394f41ed8bae431ea56ced93050?s=96&d=mm&r=g\",\"contentUrl\":\"https:\\\/\\\/secure.gravatar.com\\\/avatar\\\/909c5c71aff4b38e88686f2ab2f1ba152571f394f41ed8bae431ea56ced93050?s=96&d=mm&r=g\",\"caption\":\"Dzana Muminovic\"},\"url\":\"https:\\\/\\\/www.organisator.ch\\\/fr\\\/author\\\/dzana-muminovic\\\/\"}]}<\/script>\n<!-- \/ Yoast SEO plugin. -->","yoast_head_json":{"title":"Lancement du prochain chapitre pour le Digital Trust Label - Organisateur","description":"La Swiss Digital Initiative confie le label Digital Trust \u00e0 SGS afin de rendre la confiance num\u00e9rique v\u00e9rifiable dans le monde entier.","robots":{"index":"index","follow":"follow","max-snippet":"max-snippet:-1","max-image-preview":"max-image-preview:large","max-video-preview":"max-video-preview:-1"},"canonical":"https:\/\/www.organisator.ch\/fr\/excellence-operationnelle\/2025-01-22\/start-des-naechsten-kapitels-fuer-das-digital-trust-label\/","og_locale":"fr_FR","og_type":"article","og_title":"Start des n\u00e4chsten Kapitels f\u00fcr das Digital Trust Label - Organisator","og_description":"Die Swiss Digital Initiative \u00fcbertr\u00e4gt das Digital Trust Label an SGS, um digitales Vertrauen weltweit \u00fcberpr\u00fcfbar zu machen.","og_url":"https:\/\/www.organisator.ch\/fr\/excellence-operationnelle\/2025-01-22\/start-des-naechsten-kapitels-fuer-das-digital-trust-label\/","og_site_name":"Organisator","article_publisher":"https:\/\/www.facebook.com\/OrganisatorFachmagazin","article_published_time":"2025-01-22T11:46:59+00:00","article_modified_time":"2025-01-22T12:47:45+00:00","author":"Dzana Muminovic","twitter_card":"summary_large_image","schema":{"@context":"https:\/\/schema.org","@graph":[{"@type":"Article","@id":"https:\/\/www.organisator.ch\/operational-excellence\/2025-01-22\/start-des-naechsten-kapitels-fuer-das-digital-trust-label\/#article","isPartOf":{"@id":"https:\/\/www.organisator.ch\/operational-excellence\/2025-01-22\/start-des-naechsten-kapitels-fuer-das-digital-trust-label\/"},"author":{"name":"Dzana Muminovic","@id":"https:\/\/www.organisator.ch\/#\/schema\/person\/afccda3a71c06d4be2ed9100dd163db7"},"headline":"Start des n\u00e4chsten Kapitels f\u00fcr das Digital Trust Label","datePublished":"2025-01-22T11:46:59+00:00","dateModified":"2025-01-22T12:47:45+00:00","mainEntityOfPage":{"@id":"https:\/\/www.organisator.ch\/operational-excellence\/2025-01-22\/start-des-naechsten-kapitels-fuer-das-digital-trust-label\/"},"wordCount":513,"publisher":{"@id":"https:\/\/www.organisator.ch\/#organization"},"image":{"@id":"https:\/\/www.organisator.ch\/operational-excellence\/2025-01-22\/start-des-naechsten-kapitels-fuer-das-digital-trust-label\/#primaryimage"},"thumbnailUrl":"https:\/\/www.m-q.ch\/wp-content\/uploads\/2025\/01\/Digital-Trust_Bild1_ps.jpg","keywords":["DACH","Digital Trust Label","K\u00fcnstliche Intelligenz","Qualit\u00e4tsmanagement","SGS","Zertifizierung"],"articleSection":["OPERATIONAL EXCELLENCE"],"inLanguage":"fr-FR"},{"@type":"WebPage","@id":"https:\/\/www.organisator.ch\/operational-excellence\/2025-01-22\/start-des-naechsten-kapitels-fuer-das-digital-trust-label\/","url":"https:\/\/www.organisator.ch\/operational-excellence\/2025-01-22\/start-des-naechsten-kapitels-fuer-das-digital-trust-label\/","name":"Lancement du prochain chapitre pour le Digital Trust Label - Organisateur","isPartOf":{"@id":"https:\/\/www.organisator.ch\/#website"},"primaryImageOfPage":{"@id":"https:\/\/www.organisator.ch\/operational-excellence\/2025-01-22\/start-des-naechsten-kapitels-fuer-das-digital-trust-label\/#primaryimage"},"image":{"@id":"https:\/\/www.organisator.ch\/operational-excellence\/2025-01-22\/start-des-naechsten-kapitels-fuer-das-digital-trust-label\/#primaryimage"},"thumbnailUrl":"https:\/\/www.m-q.ch\/wp-content\/uploads\/2025\/01\/Digital-Trust_Bild1_ps.jpg","datePublished":"2025-01-22T11:46:59+00:00","dateModified":"2025-01-22T12:47:45+00:00","description":"La Swiss Digital Initiative confie le label Digital Trust \u00e0 SGS afin de rendre la confiance num\u00e9rique v\u00e9rifiable dans le monde entier.","breadcrumb":{"@id":"https:\/\/www.organisator.ch\/operational-excellence\/2025-01-22\/start-des-naechsten-kapitels-fuer-das-digital-trust-label\/#breadcrumb"},"inLanguage":"fr-FR","potentialAction":[{"@type":"ReadAction","target":["https:\/\/www.organisator.ch\/operational-excellence\/2025-01-22\/start-des-naechsten-kapitels-fuer-das-digital-trust-label\/"]}]},{"@type":"ImageObject","inLanguage":"fr-FR","@id":"https:\/\/www.organisator.ch\/operational-excellence\/2025-01-22\/start-des-naechsten-kapitels-fuer-das-digital-trust-label\/#primaryimage","url":"https:\/\/www.m-q.ch\/wp-content\/uploads\/2025\/01\/Digital-Trust_Bild1_ps.jpg","contentUrl":"https:\/\/www.m-q.ch\/wp-content\/uploads\/2025\/01\/Digital-Trust_Bild1_ps.jpg"},{"@type":"BreadcrumbList","@id":"https:\/\/www.organisator.ch\/operational-excellence\/2025-01-22\/start-des-naechsten-kapitels-fuer-das-digital-trust-label\/#breadcrumb","itemListElement":[{"@type":"ListItem","position":1,"name":"Home","item":"https:\/\/www.organisator.ch\/"},{"@type":"ListItem","position":2,"name":"Start des n\u00e4chsten Kapitels f\u00fcr das Digital Trust Label"}]},{"@type":"WebSite","@id":"https:\/\/www.organisator.ch\/#website","url":"https:\/\/www.organisator.ch\/","name":"Organisateur","description":"Comp\u00e9tence et comp\u00e9tence. Proches de la pratique. L'ORGANISATEUR pr\u00e9pare 10 num\u00e9ros par an sur les th\u00e8mes essentiels pour les dirigeants de PME.","publisher":{"@id":"https:\/\/www.organisator.ch\/#organization"},"potentialAction":[{"@type":"SearchAction","target":{"@type":"EntryPoint","urlTemplate":"https:\/\/www.organisator.ch\/?s={search_term_string}"},"query-input":{"@type":"PropertyValueSpecification","valueRequired":true,"valueName":"search_term_string"}}],"inLanguage":"fr-FR"},{"@type":"Organization","@id":"https:\/\/www.organisator.ch\/#organization","name":"Organisateur","url":"https:\/\/www.organisator.ch\/","logo":{"@type":"ImageObject","inLanguage":"fr-FR","@id":"https:\/\/www.organisator.ch\/#\/schema\/logo\/image\/","url":"https:\/\/www.organisator.ch\/wp-content\/uploads\/2022\/01\/Logo_Organisator_Website.png","contentUrl":"https:\/\/www.organisator.ch\/wp-content\/uploads\/2022\/01\/Logo_Organisator_Website.png","width":800,"height":77,"caption":"Organisator"},"image":{"@id":"https:\/\/www.organisator.ch\/#\/schema\/logo\/image\/"},"sameAs":["https:\/\/www.facebook.com\/OrganisatorFachmagazin","https:\/\/www.linkedin.com\/showcase\/organisator-das-magazin-fr-kmu","https:\/\/www.xing.com\/news\/pages\/organisator-ch-695","https:\/\/www.youtube.com\/channel\/UCGP2Sq0iWaZwT3BdIAQFYpw"]},{"@type":"Person","@id":"https:\/\/www.organisator.ch\/#\/schema\/person\/afccda3a71c06d4be2ed9100dd163db7","name":"Dzana Muminovic","image":{"@type":"ImageObject","inLanguage":"fr-FR","@id":"https:\/\/secure.gravatar.com\/avatar\/909c5c71aff4b38e88686f2ab2f1ba152571f394f41ed8bae431ea56ced93050?s=96&d=mm&r=g","url":"https:\/\/secure.gravatar.com\/avatar\/909c5c71aff4b38e88686f2ab2f1ba152571f394f41ed8bae431ea56ced93050?s=96&d=mm&r=g","contentUrl":"https:\/\/secure.gravatar.com\/avatar\/909c5c71aff4b38e88686f2ab2f1ba152571f394f41ed8bae431ea56ced93050?s=96&d=mm&r=g","caption":"Dzana Muminovic"},"url":"https:\/\/www.organisator.ch\/fr\/author\/dzana-muminovic\/"}]}},"_links":{"self":[{"href":"https:\/\/www.organisator.ch\/fr\/wp-json\/wp\/v2\/posts\/35470","targetHints":{"allow":["GET"]}}],"collection":[{"href":"https:\/\/www.organisator.ch\/fr\/wp-json\/wp\/v2\/posts"}],"about":[{"href":"https:\/\/www.organisator.ch\/fr\/wp-json\/wp\/v2\/types\/post"}],"author":[{"embeddable":true,"href":"https:\/\/www.organisator.ch\/fr\/wp-json\/wp\/v2\/users\/80"}],"replies":[{"embeddable":true,"href":"https:\/\/www.organisator.ch\/fr\/wp-json\/wp\/v2\/comments?post=35470"}],"version-history":[{"count":5,"href":"https:\/\/www.organisator.ch\/fr\/wp-json\/wp\/v2\/posts\/35470\/revisions"}],"predecessor-version":[{"id":35474,"href":"https:\/\/www.organisator.ch\/fr\/wp-json\/wp\/v2\/posts\/35470\/revisions\/35474"}],"wp:attachment":[{"href":"https:\/\/www.organisator.ch\/fr\/wp-json\/wp\/v2\/media?parent=35470"}],"wp:term":[{"taxonomy":"category","embeddable":true,"href":"https:\/\/www.organisator.ch\/fr\/wp-json\/wp\/v2\/categories?post=35470"},{"taxonomy":"post_tag","embeddable":true,"href":"https:\/\/www.organisator.ch\/fr\/wp-json\/wp\/v2\/tags?post=35470"}],"curies":[{"name":"wp","href":"https:\/\/api.w.org\/{rel}","templated":true}]}}