{"id":35481,"date":"2025-01-23T07:18:15","date_gmt":"2025-01-23T06:18:15","guid":{"rendered":"https:\/\/www.organisator.ch\/?p=35481"},"modified":"2025-01-22T15:34:39","modified_gmt":"2025-01-22T14:34:39","slug":"mtf-solutions-ag-uebertraegt-abacus-geschaeft-an-axept","status":"publish","type":"post","link":"https:\/\/www.organisator.ch\/fr\/management\/2025-01-23\/mtf-solutions-ag-uebertraegt-abacus-geschaeft-an-axept\/","title":{"rendered":"MTF Solutions AG transf\u00e8re son activit\u00e9 Abacus \u00e0 Axept"},"content":{"rendered":"<figure id=\"attachment_35482\" aria-describedby=\"caption-attachment-35482\" style=\"width: 680px\" class=\"wp-caption alignnone\"><img loading=\"lazy\" decoding=\"async\" class=\"size-full wp-image-35482\" src=\"https:\/\/www.organisator.ch\/wp-content\/uploads\/2025\/01\/MTF-Solutions_Bild1_ps.jpg\" alt=\"\" width=\"680\" height=\"383\" srcset=\"https:\/\/www.organisator.ch\/wp-content\/uploads\/2025\/01\/MTF-Solutions_Bild1_ps.jpg 680w, https:\/\/www.organisator.ch\/wp-content\/uploads\/2025\/01\/MTF-Solutions_Bild1_ps-18x10.jpg 18w, https:\/\/www.organisator.ch\/wp-content\/uploads\/2025\/01\/MTF-Solutions_Bild1_ps-375x211.jpg 375w, https:\/\/www.organisator.ch\/wp-content\/uploads\/2025\/01\/MTF-Solutions_Bild1_ps-621x350.jpg 621w\" sizes=\"auto, (max-width: 680px) 100vw, 680px\" \/><figcaption id=\"caption-attachment-35482\" class=\"wp-caption-text\">Raphael Kohler, CEO Axept Business Software AG et Dario Cardone, responsable des solutions Abacus, MTF Solutions AG. (Image : MTF Solutions SA)<\/figcaption><\/figure>\n<p>Afin de se concentrer sur son c\u0153ur de m\u00e9tier et d'offrir \u00e0 ses clients un acc\u00e8s plus large \u00e0 l'expertise et au savoir-faire, MTF Solutions SA, filiale de Swisscom et fournisseur leader de services informatiques pour les PME, confie l'ensemble de ses activit\u00e9s Abacus \u00e0 Axept Business Software SA, \u00e9galement membre du groupe Swisscom et fournisseur leader de solutions ERP Abacus en Suisse. Cette \u00e9tape strat\u00e9gique permet \u00e0 MTF Solutions SA de concentrer ses ressources de mani\u00e8re cibl\u00e9e sur les domaines du consulting, des services informatiques et du d\u00e9veloppement de sa solution Private Cloud.<\/p>\n<h3><strong>Renforcement de la r\u00e9gion de Schaffhouse par Axept Business Software AG<\/strong><\/h3>\n<p>Axept Business Software AG, le fournisseur leader de solutions ERP Abacus ainsi que de solutions num\u00e9riques de gestion de la construction et de business intelligence en Suisse, reprend non seulement l'\u00e9quipe Abacus exp\u00e9riment\u00e9e de MTF Solutions AG Schaffhausen, mais aussi le suivi des clients et le d\u00e9veloppement des solutions Abacus. L'\u00e9troite collaboration entre Axept et MTF sera maintenue. MTF continuera \u00e0 fournir l'infrastructure cloud pour les solutions Abacus, garantissant ainsi que les clients b\u00e9n\u00e9ficient d'une plateforme performante, stable et moderne. Parall\u00e8lement, Axept continuera \u00e0 d\u00e9velopper ses activit\u00e9s Abacus et \u00e0 exploiter les synergies dans la r\u00e9gion de Schaffhouse.<\/p>\n<p>\"L'int\u00e9gration de l'\u00e9quipe Abacus de MTF Solutions AG Schaffhausen est une \u00e9tape importante pour Axept Business Software AG. Ensemble, nous pouvons concentrer nos synergies et offrir \u00e0 nos clients un service encore meilleur, tout en renfor\u00e7ant notre pr\u00e9sence sur le march\u00e9 dans la r\u00e9gion du nord-est de la Suisse\", d\u00e9clare Raphael Kohler, CEO d'Axept Business Software AG. \"Nous nous r\u00e9jouissons d'associer le savoir-faire et la force d'innovation des deux \u00e9quipes\".<\/p>\n<p>Dario Cardone, responsable Abacus chez MTF Solutions AG Schaffhausen, ajoute : \"Nous sommes fiers de faire partie de la famille Axept. Cette collaboration nous ouvre, ainsi qu'\u00e0 nos clients, de nouvelles possibilit\u00e9s pour continuer \u00e0 agir avec succ\u00e8s dans un environnement de march\u00e9 des PME dynamique et en pleine croissance\".<\/p>\n<h3><strong>Une vision commune : l'orientation client en point de mire<\/strong><\/h3>\n<p>Le transfert des activit\u00e9s d'Abacus se fera progressivement au cours des prochains mois. Cela permettra d'assurer une transition en douceur pour les collaborateurs et les clients.<\/p>\n<p>Avantages pour les clients :<\/p>\n<ul>\n<li>Acc\u00e8s \u00e0 une expertise compl\u00e8te et \u00e0 un portefeuille \u00e9largi : Les clients b\u00e9n\u00e9ficient d'un savoir-faire \u00e9largi, de solutions logicielles innovantes et de services de conseil sur mesure.<\/li>\n<li>Pr\u00e9sence r\u00e9gionale renforc\u00e9e : un suivi plus rapide et plus personnalis\u00e9 est assur\u00e9 par la pr\u00e9sence locale renforc\u00e9e d'Axept Business Software AG.<\/li>\n<li>Continuit\u00e9 et d\u00e9veloppement : les prestations de service existantes sont int\u00e9gralement maintenues et seront d\u00e9velopp\u00e9es de mani\u00e8re cibl\u00e9e gr\u00e2ce aux possibilit\u00e9s \u00e9largies du nouveau partenariat.<\/li>\n<\/ul>\n<p>Florian Meier, CEO de MTF Solutions AG \u00e0 Schaffhouse, souligne : \"Les besoins de nos clients sont notre priorit\u00e9 absolue. Nous mettons tout en \u0153uvre pour assurer une transition en douceur, afin que nos clients continuent \u00e0 b\u00e9n\u00e9ficier d'un suivi de premier ordre et de solutions innovantes. Parall\u00e8lement, nous souhaitons exploiter pleinement les synergies issues de notre \u00e9troite collaboration avec Axept et MTF afin de cr\u00e9er une valeur ajout\u00e9e durable et de soutenir encore plus efficacement les transformations num\u00e9riques de nos clients\".<\/p>\n<p>Cette r\u00e9organisation renforce la position d'Axept Business Software AG sur le march\u00e9. Elle permet \u00e0 MTF Solutions AG de se concentrer davantage sur ses comp\u00e9tences cl\u00e9s.<\/p>\n<p><em>Source : <a href=\"http:\/\/www.mtf.ch\">www.mtf.ch<\/a><\/em><\/p>","protected":false},"excerpt":{"rendered":"<p>MTF Solutions AG, fournisseur leader de solutions informatiques globales pour les PME, annonce qu'elle transf\u00e9rera son activit\u00e9 Abacus \u00e0 Axept Business Software AG le 1er avril 2025. Outre la collaboration d\u00e9j\u00e0 \u00e9prouv\u00e9e entre Axept et MTF, le transfert de l'activit\u00e9 Abacus sera mis \u00e0 profit pour cr\u00e9er des synergies et renforcer la pr\u00e9sence dans la r\u00e9gion de Schaffhouse.<\/p>","protected":false},"author":80,"featured_media":35482,"comment_status":"closed","ping_status":"closed","sticky":false,"template":"","format":"standard","meta":{"_acf_changed":false,"_yoast_wpseo_focuskw":"Abacus-Gesch\u00e4ft \u00dcbergabe","_yoast_wpseo_metadesc":"MTF Solutions AG \u00fcbertr\u00e4gt ihr Abacus-Gesch\u00e4ft an Axept. Kunden profitieren von mehr Expertise und regionaler Pr\u00e4senz in Schaffhausen.","articlekey":"","footnotes":""},"categories":[28],"tags":[4245,3398,301,424,4881],"class_list":["post-35481","post","type-post","status-publish","format-standard","has-post-thumbnail","hentry","category-management","tag-abacus","tag-erp-loesungen","tag-kmu","tag-schweiz","tag-uebergabe"],"acf":[],"yoast_head":"<!-- This site is optimized with the Yoast SEO plugin v27.5 - https:\/\/yoast.com\/product\/yoast-seo-wordpress\/ -->\n<title>MTF Solutions AG \u00fcbertr\u00e4gt Abacus-Gesch\u00e4ft an Axept - Organisator<\/title>\n<meta name=\"description\" content=\"MTF Solutions AG \u00fcbertr\u00e4gt ihr Abacus-Gesch\u00e4ft an Axept. Kunden profitieren von mehr Expertise und regionaler Pr\u00e4senz in Schaffhausen.\" \/>\n<meta name=\"robots\" content=\"index, follow, max-snippet:-1, max-image-preview:large, max-video-preview:-1\" \/>\n<link rel=\"canonical\" href=\"https:\/\/www.organisator.ch\/fr\/gestion-2\/2025-01-23\/mtf-solutions-ag-uebertraegt-abacus-geschaeft-an-axept\/\" \/>\n<meta property=\"og:locale\" content=\"fr_FR\" \/>\n<meta property=\"og:type\" content=\"article\" \/>\n<meta property=\"og:title\" content=\"MTF Solutions AG \u00fcbertr\u00e4gt Abacus-Gesch\u00e4ft an Axept\" \/>\n<meta property=\"og:description\" content=\"MTF Solutions AG \u00fcbertr\u00e4gt ihr Abacus-Gesch\u00e4ft an Axept. Kunden profitieren von mehr Expertise und regionaler Pr\u00e4senz in Schaffhausen.\" \/>\n<meta property=\"og:url\" content=\"https:\/\/www.organisator.ch\/fr\/gestion-2\/2025-01-23\/mtf-solutions-ag-uebertraegt-abacus-geschaeft-an-axept\/\" \/>\n<meta property=\"og:site_name\" content=\"Organisator\" \/>\n<meta property=\"article:publisher\" content=\"https:\/\/www.facebook.com\/OrganisatorFachmagazin\" \/>\n<meta property=\"article:published_time\" content=\"2025-01-23T06:18:15+00:00\" \/>\n<meta property=\"og:image\" content=\"https:\/\/www.organisator.ch\/wp-content\/uploads\/2025\/01\/MTF-Solutions_Bild1_ps.jpg\" \/>\n\t<meta property=\"og:image:width\" content=\"680\" \/>\n\t<meta property=\"og:image:height\" content=\"383\" \/>\n\t<meta property=\"og:image:type\" content=\"image\/jpeg\" \/>\n<meta name=\"author\" content=\"Dzana Muminovic\" \/>\n<meta name=\"twitter:card\" content=\"summary_large_image\" \/>\n<meta name=\"twitter:title\" content=\"MTF Solutions AG \u00fcbertr\u00e4gt Abacus-Gesch\u00e4ft an Axept\" \/>\n<meta name=\"twitter:description\" content=\"#MTF #Solutions AG \u00fcbertr\u00e4gt ihr #Abacus-#Gesch\u00e4ft an #Axept. #Kunden profitieren von mehr #Expertise und regionaler #Pr\u00e4senz in #Schaffhausen.\" \/>\n<meta name=\"twitter:image\" content=\"https:\/\/www.organisator.ch\/wp-content\/uploads\/2025\/01\/MTF-Solutions_Bild1_ps.jpg\" \/>\n<script type=\"application\/ld+json\" class=\"yoast-schema-graph\">{\"@context\":\"https:\\\/\\\/schema.org\",\"@graph\":[{\"@type\":\"Article\",\"@id\":\"https:\\\/\\\/www.organisator.ch\\\/management\\\/2025-01-23\\\/mtf-solutions-ag-uebertraegt-abacus-geschaeft-an-axept\\\/#article\",\"isPartOf\":{\"@id\":\"https:\\\/\\\/www.organisator.ch\\\/management\\\/2025-01-23\\\/mtf-solutions-ag-uebertraegt-abacus-geschaeft-an-axept\\\/\"},\"author\":{\"name\":\"Dzana Muminovic\",\"@id\":\"https:\\\/\\\/www.organisator.ch\\\/#\\\/schema\\\/person\\\/afccda3a71c06d4be2ed9100dd163db7\"},\"headline\":\"MTF Solutions AG \u00fcbertr\u00e4gt Abacus-Gesch\u00e4ft an Axept\",\"datePublished\":\"2025-01-23T06:18:15+00:00\",\"mainEntityOfPage\":{\"@id\":\"https:\\\/\\\/www.organisator.ch\\\/management\\\/2025-01-23\\\/mtf-solutions-ag-uebertraegt-abacus-geschaeft-an-axept\\\/\"},\"wordCount\":547,\"publisher\":{\"@id\":\"https:\\\/\\\/www.organisator.ch\\\/#organization\"},\"image\":{\"@id\":\"https:\\\/\\\/www.organisator.ch\\\/management\\\/2025-01-23\\\/mtf-solutions-ag-uebertraegt-abacus-geschaeft-an-axept\\\/#primaryimage\"},\"thumbnailUrl\":\"https:\\\/\\\/www.organisator.ch\\\/wp-content\\\/uploads\\\/2025\\\/01\\\/MTF-Solutions_Bild1_ps.jpg\",\"keywords\":[\"Abacus\",\"ERP-L\u00f6sungen\",\"KMU\",\"Schweiz\",\"\u00dcbergabe\"],\"articleSection\":[\"MANAGEMENT\"],\"inLanguage\":\"fr-FR\"},{\"@type\":\"WebPage\",\"@id\":\"https:\\\/\\\/www.organisator.ch\\\/management\\\/2025-01-23\\\/mtf-solutions-ag-uebertraegt-abacus-geschaeft-an-axept\\\/\",\"url\":\"https:\\\/\\\/www.organisator.ch\\\/management\\\/2025-01-23\\\/mtf-solutions-ag-uebertraegt-abacus-geschaeft-an-axept\\\/\",\"name\":\"MTF Solutions AG \u00fcbertr\u00e4gt Abacus-Gesch\u00e4ft an Axept - Organisator\",\"isPartOf\":{\"@id\":\"https:\\\/\\\/www.organisator.ch\\\/#website\"},\"primaryImageOfPage\":{\"@id\":\"https:\\\/\\\/www.organisator.ch\\\/management\\\/2025-01-23\\\/mtf-solutions-ag-uebertraegt-abacus-geschaeft-an-axept\\\/#primaryimage\"},\"image\":{\"@id\":\"https:\\\/\\\/www.organisator.ch\\\/management\\\/2025-01-23\\\/mtf-solutions-ag-uebertraegt-abacus-geschaeft-an-axept\\\/#primaryimage\"},\"thumbnailUrl\":\"https:\\\/\\\/www.organisator.ch\\\/wp-content\\\/uploads\\\/2025\\\/01\\\/MTF-Solutions_Bild1_ps.jpg\",\"datePublished\":\"2025-01-23T06:18:15+00:00\",\"description\":\"MTF Solutions AG \u00fcbertr\u00e4gt ihr Abacus-Gesch\u00e4ft an Axept. Kunden profitieren von mehr Expertise und regionaler Pr\u00e4senz in Schaffhausen.\",\"breadcrumb\":{\"@id\":\"https:\\\/\\\/www.organisator.ch\\\/management\\\/2025-01-23\\\/mtf-solutions-ag-uebertraegt-abacus-geschaeft-an-axept\\\/#breadcrumb\"},\"inLanguage\":\"fr-FR\",\"potentialAction\":[{\"@type\":\"ReadAction\",\"target\":[\"https:\\\/\\\/www.organisator.ch\\\/management\\\/2025-01-23\\\/mtf-solutions-ag-uebertraegt-abacus-geschaeft-an-axept\\\/\"]}]},{\"@type\":\"ImageObject\",\"inLanguage\":\"fr-FR\",\"@id\":\"https:\\\/\\\/www.organisator.ch\\\/management\\\/2025-01-23\\\/mtf-solutions-ag-uebertraegt-abacus-geschaeft-an-axept\\\/#primaryimage\",\"url\":\"https:\\\/\\\/www.organisator.ch\\\/wp-content\\\/uploads\\\/2025\\\/01\\\/MTF-Solutions_Bild1_ps.jpg\",\"contentUrl\":\"https:\\\/\\\/www.organisator.ch\\\/wp-content\\\/uploads\\\/2025\\\/01\\\/MTF-Solutions_Bild1_ps.jpg\",\"width\":680,\"height\":383,\"caption\":\"Raphael Kohler, CEO Axept Business Software AG und Dario Cardone, Leiter Abacus-L\u00f6sungen, MTF Solutions AG. (Bild: MTF Solutions AG)\"},{\"@type\":\"BreadcrumbList\",\"@id\":\"https:\\\/\\\/www.organisator.ch\\\/management\\\/2025-01-23\\\/mtf-solutions-ag-uebertraegt-abacus-geschaeft-an-axept\\\/#breadcrumb\",\"itemListElement\":[{\"@type\":\"ListItem\",\"position\":1,\"name\":\"Home\",\"item\":\"https:\\\/\\\/www.organisator.ch\\\/\"},{\"@type\":\"ListItem\",\"position\":2,\"name\":\"MTF Solutions AG \u00fcbertr\u00e4gt Abacus-Gesch\u00e4ft an Axept\"}]},{\"@type\":\"WebSite\",\"@id\":\"https:\\\/\\\/www.organisator.ch\\\/#website\",\"url\":\"https:\\\/\\\/www.organisator.ch\\\/\",\"name\":\"Organisator\",\"description\":\"Kompetent. Praxisnah. Der ORGANISATOR bereitet in 10 Ausgaben pro Jahr die wesentlichen Themen f\u00fcr F\u00fchrungskr\u00e4fte von KMU auf.\",\"publisher\":{\"@id\":\"https:\\\/\\\/www.organisator.ch\\\/#organization\"},\"potentialAction\":[{\"@type\":\"SearchAction\",\"target\":{\"@type\":\"EntryPoint\",\"urlTemplate\":\"https:\\\/\\\/www.organisator.ch\\\/?s={search_term_string}\"},\"query-input\":{\"@type\":\"PropertyValueSpecification\",\"valueRequired\":true,\"valueName\":\"search_term_string\"}}],\"inLanguage\":\"fr-FR\"},{\"@type\":\"Organization\",\"@id\":\"https:\\\/\\\/www.organisator.ch\\\/#organization\",\"name\":\"Organisator\",\"url\":\"https:\\\/\\\/www.organisator.ch\\\/\",\"logo\":{\"@type\":\"ImageObject\",\"inLanguage\":\"fr-FR\",\"@id\":\"https:\\\/\\\/www.organisator.ch\\\/#\\\/schema\\\/logo\\\/image\\\/\",\"url\":\"https:\\\/\\\/www.organisator.ch\\\/wp-content\\\/uploads\\\/2022\\\/01\\\/Logo_Organisator_Website.png\",\"contentUrl\":\"https:\\\/\\\/www.organisator.ch\\\/wp-content\\\/uploads\\\/2022\\\/01\\\/Logo_Organisator_Website.png\",\"width\":800,\"height\":77,\"caption\":\"Organisator\"},\"image\":{\"@id\":\"https:\\\/\\\/www.organisator.ch\\\/#\\\/schema\\\/logo\\\/image\\\/\"},\"sameAs\":[\"https:\\\/\\\/www.facebook.com\\\/OrganisatorFachmagazin\",\"https:\\\/\\\/www.linkedin.com\\\/showcase\\\/organisator-das-magazin-fr-kmu\",\"https:\\\/\\\/www.xing.com\\\/news\\\/pages\\\/organisator-ch-695\",\"https:\\\/\\\/www.youtube.com\\\/channel\\\/UCGP2Sq0iWaZwT3BdIAQFYpw\"]},{\"@type\":\"Person\",\"@id\":\"https:\\\/\\\/www.organisator.ch\\\/#\\\/schema\\\/person\\\/afccda3a71c06d4be2ed9100dd163db7\",\"name\":\"Dzana Muminovic\",\"image\":{\"@type\":\"ImageObject\",\"inLanguage\":\"fr-FR\",\"@id\":\"https:\\\/\\\/secure.gravatar.com\\\/avatar\\\/909c5c71aff4b38e88686f2ab2f1ba152571f394f41ed8bae431ea56ced93050?s=96&d=mm&r=g\",\"url\":\"https:\\\/\\\/secure.gravatar.com\\\/avatar\\\/909c5c71aff4b38e88686f2ab2f1ba152571f394f41ed8bae431ea56ced93050?s=96&d=mm&r=g\",\"contentUrl\":\"https:\\\/\\\/secure.gravatar.com\\\/avatar\\\/909c5c71aff4b38e88686f2ab2f1ba152571f394f41ed8bae431ea56ced93050?s=96&d=mm&r=g\",\"caption\":\"Dzana Muminovic\"},\"url\":\"https:\\\/\\\/www.organisator.ch\\\/fr\\\/author\\\/dzana-muminovic\\\/\"}]}<\/script>\n<!-- \/ Yoast SEO plugin. -->","yoast_head_json":{"title":"MTF Solutions SA transf\u00e8re ses activit\u00e9s Abacus \u00e0 Axept - Organisateur","description":"MTF Solutions AG transf\u00e8re son activit\u00e9 Abacus \u00e0 Axept. Les clients b\u00e9n\u00e9ficient d'une expertise accrue et d'une pr\u00e9sence r\u00e9gionale \u00e0 Schaffhouse.","robots":{"index":"index","follow":"follow","max-snippet":"max-snippet:-1","max-image-preview":"max-image-preview:large","max-video-preview":"max-video-preview:-1"},"canonical":"https:\/\/www.organisator.ch\/fr\/gestion-2\/2025-01-23\/mtf-solutions-ag-uebertraegt-abacus-geschaeft-an-axept\/","og_locale":"fr_FR","og_type":"article","og_title":"MTF Solutions AG \u00fcbertr\u00e4gt Abacus-Gesch\u00e4ft an Axept","og_description":"MTF Solutions AG \u00fcbertr\u00e4gt ihr Abacus-Gesch\u00e4ft an Axept. Kunden profitieren von mehr Expertise und regionaler Pr\u00e4senz in Schaffhausen.","og_url":"https:\/\/www.organisator.ch\/fr\/gestion-2\/2025-01-23\/mtf-solutions-ag-uebertraegt-abacus-geschaeft-an-axept\/","og_site_name":"Organisator","article_publisher":"https:\/\/www.facebook.com\/OrganisatorFachmagazin","article_published_time":"2025-01-23T06:18:15+00:00","og_image":[{"width":680,"height":383,"url":"https:\/\/www.organisator.ch\/wp-content\/uploads\/2025\/01\/MTF-Solutions_Bild1_ps.jpg","type":"image\/jpeg"}],"author":"Dzana Muminovic","twitter_card":"summary_large_image","twitter_title":"MTF Solutions AG \u00fcbertr\u00e4gt Abacus-Gesch\u00e4ft an Axept","twitter_description":"#MTF #Solutions AG \u00fcbertr\u00e4gt ihr #Abacus-#Gesch\u00e4ft an #Axept. #Kunden profitieren von mehr #Expertise und regionaler #Pr\u00e4senz in #Schaffhausen.","twitter_image":"https:\/\/www.organisator.ch\/wp-content\/uploads\/2025\/01\/MTF-Solutions_Bild1_ps.jpg","schema":{"@context":"https:\/\/schema.org","@graph":[{"@type":"Article","@id":"https:\/\/www.organisator.ch\/management\/2025-01-23\/mtf-solutions-ag-uebertraegt-abacus-geschaeft-an-axept\/#article","isPartOf":{"@id":"https:\/\/www.organisator.ch\/management\/2025-01-23\/mtf-solutions-ag-uebertraegt-abacus-geschaeft-an-axept\/"},"author":{"name":"Dzana Muminovic","@id":"https:\/\/www.organisator.ch\/#\/schema\/person\/afccda3a71c06d4be2ed9100dd163db7"},"headline":"MTF Solutions AG \u00fcbertr\u00e4gt Abacus-Gesch\u00e4ft an Axept","datePublished":"2025-01-23T06:18:15+00:00","mainEntityOfPage":{"@id":"https:\/\/www.organisator.ch\/management\/2025-01-23\/mtf-solutions-ag-uebertraegt-abacus-geschaeft-an-axept\/"},"wordCount":547,"publisher":{"@id":"https:\/\/www.organisator.ch\/#organization"},"image":{"@id":"https:\/\/www.organisator.ch\/management\/2025-01-23\/mtf-solutions-ag-uebertraegt-abacus-geschaeft-an-axept\/#primaryimage"},"thumbnailUrl":"https:\/\/www.organisator.ch\/wp-content\/uploads\/2025\/01\/MTF-Solutions_Bild1_ps.jpg","keywords":["Abacus","ERP-L\u00f6sungen","KMU","Schweiz","\u00dcbergabe"],"articleSection":["MANAGEMENT"],"inLanguage":"fr-FR"},{"@type":"WebPage","@id":"https:\/\/www.organisator.ch\/management\/2025-01-23\/mtf-solutions-ag-uebertraegt-abacus-geschaeft-an-axept\/","url":"https:\/\/www.organisator.ch\/management\/2025-01-23\/mtf-solutions-ag-uebertraegt-abacus-geschaeft-an-axept\/","name":"MTF Solutions SA transf\u00e8re ses activit\u00e9s Abacus \u00e0 Axept - Organisateur","isPartOf":{"@id":"https:\/\/www.organisator.ch\/#website"},"primaryImageOfPage":{"@id":"https:\/\/www.organisator.ch\/management\/2025-01-23\/mtf-solutions-ag-uebertraegt-abacus-geschaeft-an-axept\/#primaryimage"},"image":{"@id":"https:\/\/www.organisator.ch\/management\/2025-01-23\/mtf-solutions-ag-uebertraegt-abacus-geschaeft-an-axept\/#primaryimage"},"thumbnailUrl":"https:\/\/www.organisator.ch\/wp-content\/uploads\/2025\/01\/MTF-Solutions_Bild1_ps.jpg","datePublished":"2025-01-23T06:18:15+00:00","description":"MTF Solutions AG transf\u00e8re son activit\u00e9 Abacus \u00e0 Axept. Les clients b\u00e9n\u00e9ficient d'une expertise accrue et d'une pr\u00e9sence r\u00e9gionale \u00e0 Schaffhouse.","breadcrumb":{"@id":"https:\/\/www.organisator.ch\/management\/2025-01-23\/mtf-solutions-ag-uebertraegt-abacus-geschaeft-an-axept\/#breadcrumb"},"inLanguage":"fr-FR","potentialAction":[{"@type":"ReadAction","target":["https:\/\/www.organisator.ch\/management\/2025-01-23\/mtf-solutions-ag-uebertraegt-abacus-geschaeft-an-axept\/"]}]},{"@type":"ImageObject","inLanguage":"fr-FR","@id":"https:\/\/www.organisator.ch\/management\/2025-01-23\/mtf-solutions-ag-uebertraegt-abacus-geschaeft-an-axept\/#primaryimage","url":"https:\/\/www.organisator.ch\/wp-content\/uploads\/2025\/01\/MTF-Solutions_Bild1_ps.jpg","contentUrl":"https:\/\/www.organisator.ch\/wp-content\/uploads\/2025\/01\/MTF-Solutions_Bild1_ps.jpg","width":680,"height":383,"caption":"Raphael Kohler, CEO Axept Business Software AG und Dario Cardone, Leiter Abacus-L\u00f6sungen, MTF Solutions AG. (Bild: MTF Solutions AG)"},{"@type":"BreadcrumbList","@id":"https:\/\/www.organisator.ch\/management\/2025-01-23\/mtf-solutions-ag-uebertraegt-abacus-geschaeft-an-axept\/#breadcrumb","itemListElement":[{"@type":"ListItem","position":1,"name":"Home","item":"https:\/\/www.organisator.ch\/"},{"@type":"ListItem","position":2,"name":"MTF Solutions AG \u00fcbertr\u00e4gt Abacus-Gesch\u00e4ft an Axept"}]},{"@type":"WebSite","@id":"https:\/\/www.organisator.ch\/#website","url":"https:\/\/www.organisator.ch\/","name":"Organisateur","description":"Comp\u00e9tence et comp\u00e9tence. Proches de la pratique. L'ORGANISATEUR pr\u00e9pare 10 num\u00e9ros par an sur les th\u00e8mes essentiels pour les dirigeants de PME.","publisher":{"@id":"https:\/\/www.organisator.ch\/#organization"},"potentialAction":[{"@type":"SearchAction","target":{"@type":"EntryPoint","urlTemplate":"https:\/\/www.organisator.ch\/?s={search_term_string}"},"query-input":{"@type":"PropertyValueSpecification","valueRequired":true,"valueName":"search_term_string"}}],"inLanguage":"fr-FR"},{"@type":"Organization","@id":"https:\/\/www.organisator.ch\/#organization","name":"Organisateur","url":"https:\/\/www.organisator.ch\/","logo":{"@type":"ImageObject","inLanguage":"fr-FR","@id":"https:\/\/www.organisator.ch\/#\/schema\/logo\/image\/","url":"https:\/\/www.organisator.ch\/wp-content\/uploads\/2022\/01\/Logo_Organisator_Website.png","contentUrl":"https:\/\/www.organisator.ch\/wp-content\/uploads\/2022\/01\/Logo_Organisator_Website.png","width":800,"height":77,"caption":"Organisator"},"image":{"@id":"https:\/\/www.organisator.ch\/#\/schema\/logo\/image\/"},"sameAs":["https:\/\/www.facebook.com\/OrganisatorFachmagazin","https:\/\/www.linkedin.com\/showcase\/organisator-das-magazin-fr-kmu","https:\/\/www.xing.com\/news\/pages\/organisator-ch-695","https:\/\/www.youtube.com\/channel\/UCGP2Sq0iWaZwT3BdIAQFYpw"]},{"@type":"Person","@id":"https:\/\/www.organisator.ch\/#\/schema\/person\/afccda3a71c06d4be2ed9100dd163db7","name":"Dzana Muminovic","image":{"@type":"ImageObject","inLanguage":"fr-FR","@id":"https:\/\/secure.gravatar.com\/avatar\/909c5c71aff4b38e88686f2ab2f1ba152571f394f41ed8bae431ea56ced93050?s=96&d=mm&r=g","url":"https:\/\/secure.gravatar.com\/avatar\/909c5c71aff4b38e88686f2ab2f1ba152571f394f41ed8bae431ea56ced93050?s=96&d=mm&r=g","contentUrl":"https:\/\/secure.gravatar.com\/avatar\/909c5c71aff4b38e88686f2ab2f1ba152571f394f41ed8bae431ea56ced93050?s=96&d=mm&r=g","caption":"Dzana Muminovic"},"url":"https:\/\/www.organisator.ch\/fr\/author\/dzana-muminovic\/"}]}},"_links":{"self":[{"href":"https:\/\/www.organisator.ch\/fr\/wp-json\/wp\/v2\/posts\/35481","targetHints":{"allow":["GET"]}}],"collection":[{"href":"https:\/\/www.organisator.ch\/fr\/wp-json\/wp\/v2\/posts"}],"about":[{"href":"https:\/\/www.organisator.ch\/fr\/wp-json\/wp\/v2\/types\/post"}],"author":[{"embeddable":true,"href":"https:\/\/www.organisator.ch\/fr\/wp-json\/wp\/v2\/users\/80"}],"replies":[{"embeddable":true,"href":"https:\/\/www.organisator.ch\/fr\/wp-json\/wp\/v2\/comments?post=35481"}],"version-history":[{"count":4,"href":"https:\/\/www.organisator.ch\/fr\/wp-json\/wp\/v2\/posts\/35481\/revisions"}],"predecessor-version":[{"id":35534,"href":"https:\/\/www.organisator.ch\/fr\/wp-json\/wp\/v2\/posts\/35481\/revisions\/35534"}],"wp:featuredmedia":[{"embeddable":true,"href":"https:\/\/www.organisator.ch\/fr\/wp-json\/wp\/v2\/media\/35482"}],"wp:attachment":[{"href":"https:\/\/www.organisator.ch\/fr\/wp-json\/wp\/v2\/media?parent=35481"}],"wp:term":[{"taxonomy":"category","embeddable":true,"href":"https:\/\/www.organisator.ch\/fr\/wp-json\/wp\/v2\/categories?post=35481"},{"taxonomy":"post_tag","embeddable":true,"href":"https:\/\/www.organisator.ch\/fr\/wp-json\/wp\/v2\/tags?post=35481"}],"curies":[{"name":"wp","href":"https:\/\/api.w.org\/{rel}","templated":true}]}}