{"id":35516,"date":"2025-01-24T07:24:45","date_gmt":"2025-01-24T06:24:45","guid":{"rendered":"https:\/\/www.organisator.ch\/?p=35516"},"modified":"2025-01-24T07:24:45","modified_gmt":"2025-01-24T06:24:45","slug":"pizolbahnen-und-ceo-reto-staub-gehen-getrennte-wege","status":"publish","type":"post","link":"https:\/\/www.organisator.ch\/fr\/management\/2025-01-24\/pizolbahnen-und-ceo-reto-staub-gehen-getrennte-wege\/","title":{"rendered":"Les Pizolbahnen et le CEO Reto Staub prennent des chemins diff\u00e9rents"},"content":{"rendered":"<figure id=\"attachment_35517\" aria-describedby=\"caption-attachment-35517\" style=\"width: 680px\" class=\"wp-caption alignnone\"><img loading=\"lazy\" decoding=\"async\" class=\"size-full wp-image-35517\" src=\"https:\/\/www.organisator.ch\/wp-content\/uploads\/2025\/01\/Pizolbahnen-und-CEO-Reto-Staub-gehen-getrennte-Wege_Organisator.jpg\" alt=\"\" width=\"680\" height=\"451\" srcset=\"https:\/\/www.organisator.ch\/wp-content\/uploads\/2025\/01\/Pizolbahnen-und-CEO-Reto-Staub-gehen-getrennte-Wege_Organisator.jpg 680w, https:\/\/www.organisator.ch\/wp-content\/uploads\/2025\/01\/Pizolbahnen-und-CEO-Reto-Staub-gehen-getrennte-Wege_Organisator-18x12.jpg 18w, https:\/\/www.organisator.ch\/wp-content\/uploads\/2025\/01\/Pizolbahnen-und-CEO-Reto-Staub-gehen-getrennte-Wege_Organisator-375x249.jpg 375w, https:\/\/www.organisator.ch\/wp-content\/uploads\/2025\/01\/Pizolbahnen-und-CEO-Reto-Staub-gehen-getrennte-Wege_Organisator-528x350.jpg 528w\" sizes=\"auto, (max-width: 680px) 100vw, 680px\" \/><figcaption id=\"caption-attachment-35517\" class=\"wp-caption-text\">Les remont\u00e9es m\u00e9caniques du Pizol se sont s\u00e9par\u00e9es de leur CEO Reto Staub en pleine haute saison. (Image : Pizolbahnen AG)<\/figcaption><\/figure>\n<p>Les Pizolbahnen ont d\u00e9cid\u00e9 de mettre fin avec effet imm\u00e9diat \u00e0 leur collaboration avec le CEO Reto Staub. C'est ce qu'a annonc\u00e9 l'entreprise par communiqu\u00e9 le jeudi 23 janvier 2025. Il y aurait eu des divergences de vues sur la direction de l'entreprise. Le conseil d'administration a donc d\u00e9cid\u00e9 de prendre des chemins diff\u00e9rents \u00e0 l'avenir. Le bien-\u00eatre et le d\u00e9veloppement des Pizolbahnen \u00e9taient au centre des r\u00e9flexions du conseil d'administration, selon le communiqu\u00e9.<\/p>\n<p>Reto Staub - lui-m\u00eame originaire de Bad Ragaz - a pris le poste de CEO il y a tout juste un an, le 1er f\u00e9vrier 2024. Il devait \"faire entrer l'entreprise de remont\u00e9es m\u00e9caniques dans une nouvelle \u00e8re gr\u00e2ce \u00e0 sa riche exp\u00e9rience et \u00e0 son esprit d'entreprise\", avait alors d\u00e9clar\u00e9 le pr\u00e9sident du conseil d'administration Markus Oppliger. Pendant son engagement, Reto Staub a en effet pu poser de nouveaux jalons positifs dans le domaine de la conception de l'offre et de la gastronomie. Le conseil d'administration remercie express\u00e9ment le CEO sortant pour son engagement bref mais tr\u00e8s intense en faveur des Pizolbahnen et lui souhaite le meilleur dans sa vie professionnelle et priv\u00e9e.<\/p>\n<p>En attendant l'arriv\u00e9e d'un successeur, certains membres du conseil d'administration s'occuperont de certains dossiers. En tant que \"directeur ad interim\", Markus Oppliger dirigera les affaires op\u00e9rationnelles en collaboration avec les cadres.<\/p>\n<p><em>Source et informations compl\u00e9mentaires : <a href=\"http:\/\/www.pizol.com\">Pizolbahnen AG<\/a><\/em><\/p>","protected":false},"excerpt":{"rendered":"<p>Coup de th\u00e9\u00e2tre en pleine saison : les Pizolbahnen se s\u00e9parent de leur CEO Reto Staub. La raison de cette s\u00e9paration serait des divergences de vues sur la gestion de l'entreprise.<\/p>","protected":false},"author":4,"featured_media":35517,"comment_status":"closed","ping_status":"closed","sticky":false,"template":"","format":"standard","meta":{"_acf_changed":false,"_yoast_wpseo_focuskw":"Reto Staub","_yoast_wpseo_metadesc":"Die Pizolbahnen trennen sich von ihrem CEO Reto Staub wegen unterschiedlicher Auffassungen \u00fcber die Unternehmensf\u00fchrung.","articlekey":"","footnotes":""},"categories":[28],"tags":[335,381,2317,492],"class_list":["post-35516","post","type-post","status-publish","format-standard","has-post-thumbnail","hentry","category-management","tag-management-und-unternehmensfuehrung","tag-personalia","tag-tourismus","tag-unternehmen"],"acf":[],"yoast_head":"<!-- This site is optimized with the Yoast SEO plugin v27.5 - https:\/\/yoast.com\/product\/yoast-seo-wordpress\/ -->\n<title>Pizolbahnen und CEO Reto Staub gehen getrennte Wege - Organisator<\/title>\n<meta name=\"description\" content=\"Die Pizolbahnen trennen sich von ihrem CEO Reto Staub wegen unterschiedlicher Auffassungen \u00fcber die Unternehmensf\u00fchrung.\" \/>\n<meta name=\"robots\" content=\"index, follow, max-snippet:-1, max-image-preview:large, max-video-preview:-1\" \/>\n<link rel=\"canonical\" href=\"https:\/\/www.organisator.ch\/fr\/gestion-2\/2025-01-24\/pizolbahnen-und-ceo-reto-staub-gehen-getrennte-wege\/\" \/>\n<meta property=\"og:locale\" content=\"fr_FR\" \/>\n<meta property=\"og:type\" content=\"article\" \/>\n<meta property=\"og:title\" content=\"Pizolbahnen und CEO Reto Staub gehen getrennte Wege\" \/>\n<meta property=\"og:description\" content=\"Die Pizolbahnen trennen sich von ihrem CEO Reto Staub wegen unterschiedlicher Auffassungen \u00fcber die Unternehmensf\u00fchrung.\" \/>\n<meta property=\"og:url\" content=\"https:\/\/www.organisator.ch\/fr\/gestion-2\/2025-01-24\/pizolbahnen-und-ceo-reto-staub-gehen-getrennte-wege\/\" \/>\n<meta property=\"og:site_name\" content=\"Organisator\" \/>\n<meta property=\"article:publisher\" content=\"https:\/\/www.facebook.com\/OrganisatorFachmagazin\" \/>\n<meta property=\"article:published_time\" content=\"2025-01-24T06:24:45+00:00\" \/>\n<meta property=\"og:image\" content=\"https:\/\/www.organisator.ch\/wp-content\/uploads\/2025\/01\/Pizolbahnen-und-CEO-Reto-Staub-gehen-getrennte-Wege_Organisator.jpg\" \/>\n\t<meta property=\"og:image:width\" content=\"680\" \/>\n\t<meta property=\"og:image:height\" content=\"451\" \/>\n\t<meta property=\"og:image:type\" content=\"image\/jpeg\" \/>\n<meta name=\"author\" content=\"thomas.berner\" \/>\n<meta name=\"twitter:card\" content=\"summary_large_image\" \/>\n<meta name=\"twitter:title\" content=\"#Pizolbahnen und CEO Reto Staub gehen getrennte Wege\" \/>\n<meta name=\"twitter:description\" content=\"Die #Pizolbahnen trennen sich von ihrem CEO Reto Staub wegen unterschiedlicher Auffassungen \u00fcber die Unternehmensf\u00fchrung.\" \/>\n<meta name=\"twitter:image\" content=\"https:\/\/www.organisator.ch\/wp-content\/uploads\/2025\/01\/Pizolbahnen-und-CEO-Reto-Staub-gehen-getrennte-Wege_Organisator.jpg\" \/>\n<script type=\"application\/ld+json\" class=\"yoast-schema-graph\">{\"@context\":\"https:\\\/\\\/schema.org\",\"@graph\":[{\"@type\":\"Article\",\"@id\":\"https:\\\/\\\/www.organisator.ch\\\/management\\\/2025-01-24\\\/pizolbahnen-und-ceo-reto-staub-gehen-getrennte-wege\\\/#article\",\"isPartOf\":{\"@id\":\"https:\\\/\\\/www.organisator.ch\\\/management\\\/2025-01-24\\\/pizolbahnen-und-ceo-reto-staub-gehen-getrennte-wege\\\/\"},\"author\":{\"name\":\"thomas.berner\",\"@id\":\"https:\\\/\\\/www.organisator.ch\\\/#\\\/schema\\\/person\\\/6f650f90b2842cd4c0cc334b4e36f67e\"},\"headline\":\"Pizolbahnen und CEO Reto Staub gehen getrennte Wege\",\"datePublished\":\"2025-01-24T06:24:45+00:00\",\"mainEntityOfPage\":{\"@id\":\"https:\\\/\\\/www.organisator.ch\\\/management\\\/2025-01-24\\\/pizolbahnen-und-ceo-reto-staub-gehen-getrennte-wege\\\/\"},\"wordCount\":232,\"publisher\":{\"@id\":\"https:\\\/\\\/www.organisator.ch\\\/#organization\"},\"image\":{\"@id\":\"https:\\\/\\\/www.organisator.ch\\\/management\\\/2025-01-24\\\/pizolbahnen-und-ceo-reto-staub-gehen-getrennte-wege\\\/#primaryimage\"},\"thumbnailUrl\":\"https:\\\/\\\/www.organisator.ch\\\/wp-content\\\/uploads\\\/2025\\\/01\\\/Pizolbahnen-und-CEO-Reto-Staub-gehen-getrennte-Wege_Organisator.jpg\",\"keywords\":[\"Management und Unternehmensf\u00fchrung\",\"Personalia\",\"Tourismus\",\"Unternehmen\"],\"articleSection\":[\"MANAGEMENT\"],\"inLanguage\":\"fr-FR\"},{\"@type\":\"WebPage\",\"@id\":\"https:\\\/\\\/www.organisator.ch\\\/management\\\/2025-01-24\\\/pizolbahnen-und-ceo-reto-staub-gehen-getrennte-wege\\\/\",\"url\":\"https:\\\/\\\/www.organisator.ch\\\/management\\\/2025-01-24\\\/pizolbahnen-und-ceo-reto-staub-gehen-getrennte-wege\\\/\",\"name\":\"Pizolbahnen und CEO Reto Staub gehen getrennte Wege - Organisator\",\"isPartOf\":{\"@id\":\"https:\\\/\\\/www.organisator.ch\\\/#website\"},\"primaryImageOfPage\":{\"@id\":\"https:\\\/\\\/www.organisator.ch\\\/management\\\/2025-01-24\\\/pizolbahnen-und-ceo-reto-staub-gehen-getrennte-wege\\\/#primaryimage\"},\"image\":{\"@id\":\"https:\\\/\\\/www.organisator.ch\\\/management\\\/2025-01-24\\\/pizolbahnen-und-ceo-reto-staub-gehen-getrennte-wege\\\/#primaryimage\"},\"thumbnailUrl\":\"https:\\\/\\\/www.organisator.ch\\\/wp-content\\\/uploads\\\/2025\\\/01\\\/Pizolbahnen-und-CEO-Reto-Staub-gehen-getrennte-Wege_Organisator.jpg\",\"datePublished\":\"2025-01-24T06:24:45+00:00\",\"description\":\"Die Pizolbahnen trennen sich von ihrem CEO Reto Staub wegen unterschiedlicher Auffassungen \u00fcber die Unternehmensf\u00fchrung.\",\"breadcrumb\":{\"@id\":\"https:\\\/\\\/www.organisator.ch\\\/management\\\/2025-01-24\\\/pizolbahnen-und-ceo-reto-staub-gehen-getrennte-wege\\\/#breadcrumb\"},\"inLanguage\":\"fr-FR\",\"potentialAction\":[{\"@type\":\"ReadAction\",\"target\":[\"https:\\\/\\\/www.organisator.ch\\\/management\\\/2025-01-24\\\/pizolbahnen-und-ceo-reto-staub-gehen-getrennte-wege\\\/\"]}]},{\"@type\":\"ImageObject\",\"inLanguage\":\"fr-FR\",\"@id\":\"https:\\\/\\\/www.organisator.ch\\\/management\\\/2025-01-24\\\/pizolbahnen-und-ceo-reto-staub-gehen-getrennte-wege\\\/#primaryimage\",\"url\":\"https:\\\/\\\/www.organisator.ch\\\/wp-content\\\/uploads\\\/2025\\\/01\\\/Pizolbahnen-und-CEO-Reto-Staub-gehen-getrennte-Wege_Organisator.jpg\",\"contentUrl\":\"https:\\\/\\\/www.organisator.ch\\\/wp-content\\\/uploads\\\/2025\\\/01\\\/Pizolbahnen-und-CEO-Reto-Staub-gehen-getrennte-Wege_Organisator.jpg\",\"width\":680,\"height\":451,\"caption\":\"Die Pizolbahnen haben sich mitten in der Hochsaison von ihrem CEO Reto Staub getrennt. (Bild: Pizolbahnen AG)\"},{\"@type\":\"BreadcrumbList\",\"@id\":\"https:\\\/\\\/www.organisator.ch\\\/management\\\/2025-01-24\\\/pizolbahnen-und-ceo-reto-staub-gehen-getrennte-wege\\\/#breadcrumb\",\"itemListElement\":[{\"@type\":\"ListItem\",\"position\":1,\"name\":\"Home\",\"item\":\"https:\\\/\\\/www.organisator.ch\\\/\"},{\"@type\":\"ListItem\",\"position\":2,\"name\":\"Pizolbahnen und CEO Reto Staub gehen getrennte Wege\"}]},{\"@type\":\"WebSite\",\"@id\":\"https:\\\/\\\/www.organisator.ch\\\/#website\",\"url\":\"https:\\\/\\\/www.organisator.ch\\\/\",\"name\":\"Organisator\",\"description\":\"Kompetent. Praxisnah. Der ORGANISATOR bereitet in 10 Ausgaben pro Jahr die wesentlichen Themen f\u00fcr F\u00fchrungskr\u00e4fte von KMU auf.\",\"publisher\":{\"@id\":\"https:\\\/\\\/www.organisator.ch\\\/#organization\"},\"potentialAction\":[{\"@type\":\"SearchAction\",\"target\":{\"@type\":\"EntryPoint\",\"urlTemplate\":\"https:\\\/\\\/www.organisator.ch\\\/?s={search_term_string}\"},\"query-input\":{\"@type\":\"PropertyValueSpecification\",\"valueRequired\":true,\"valueName\":\"search_term_string\"}}],\"inLanguage\":\"fr-FR\"},{\"@type\":\"Organization\",\"@id\":\"https:\\\/\\\/www.organisator.ch\\\/#organization\",\"name\":\"Organisator\",\"url\":\"https:\\\/\\\/www.organisator.ch\\\/\",\"logo\":{\"@type\":\"ImageObject\",\"inLanguage\":\"fr-FR\",\"@id\":\"https:\\\/\\\/www.organisator.ch\\\/#\\\/schema\\\/logo\\\/image\\\/\",\"url\":\"https:\\\/\\\/www.organisator.ch\\\/wp-content\\\/uploads\\\/2022\\\/01\\\/Logo_Organisator_Website.png\",\"contentUrl\":\"https:\\\/\\\/www.organisator.ch\\\/wp-content\\\/uploads\\\/2022\\\/01\\\/Logo_Organisator_Website.png\",\"width\":800,\"height\":77,\"caption\":\"Organisator\"},\"image\":{\"@id\":\"https:\\\/\\\/www.organisator.ch\\\/#\\\/schema\\\/logo\\\/image\\\/\"},\"sameAs\":[\"https:\\\/\\\/www.facebook.com\\\/OrganisatorFachmagazin\",\"https:\\\/\\\/www.linkedin.com\\\/showcase\\\/organisator-das-magazin-fr-kmu\",\"https:\\\/\\\/www.xing.com\\\/news\\\/pages\\\/organisator-ch-695\",\"https:\\\/\\\/www.youtube.com\\\/channel\\\/UCGP2Sq0iWaZwT3BdIAQFYpw\"]},{\"@type\":\"Person\",\"@id\":\"https:\\\/\\\/www.organisator.ch\\\/#\\\/schema\\\/person\\\/6f650f90b2842cd4c0cc334b4e36f67e\",\"name\":\"thomas.berner\",\"image\":{\"@type\":\"ImageObject\",\"inLanguage\":\"fr-FR\",\"@id\":\"https:\\\/\\\/secure.gravatar.com\\\/avatar\\\/ac5001d2a36cb6c6cd3e50789007ffca834b477b74a2144564522e944eabff61?s=96&d=mm&r=g\",\"url\":\"https:\\\/\\\/secure.gravatar.com\\\/avatar\\\/ac5001d2a36cb6c6cd3e50789007ffca834b477b74a2144564522e944eabff61?s=96&d=mm&r=g\",\"contentUrl\":\"https:\\\/\\\/secure.gravatar.com\\\/avatar\\\/ac5001d2a36cb6c6cd3e50789007ffca834b477b74a2144564522e944eabff61?s=96&d=mm&r=g\",\"caption\":\"thomas.berner\"},\"url\":\"https:\\\/\\\/www.organisator.ch\\\/fr\\\/author\\\/thomas-berner\\\/\"}]}<\/script>\n<!-- \/ Yoast SEO plugin. -->","yoast_head_json":{"title":"Les Pizolbahnen et le CEO Reto Staub se s\u00e9parent - Organisateur","description":"Les Pizolbahnen se s\u00e9parent de leur CEO Reto Staub en raison de divergences de vues sur la gestion de l'entreprise.","robots":{"index":"index","follow":"follow","max-snippet":"max-snippet:-1","max-image-preview":"max-image-preview:large","max-video-preview":"max-video-preview:-1"},"canonical":"https:\/\/www.organisator.ch\/fr\/gestion-2\/2025-01-24\/pizolbahnen-und-ceo-reto-staub-gehen-getrennte-wege\/","og_locale":"fr_FR","og_type":"article","og_title":"Pizolbahnen und CEO Reto Staub gehen getrennte Wege","og_description":"Die Pizolbahnen trennen sich von ihrem CEO Reto Staub wegen unterschiedlicher Auffassungen \u00fcber die Unternehmensf\u00fchrung.","og_url":"https:\/\/www.organisator.ch\/fr\/gestion-2\/2025-01-24\/pizolbahnen-und-ceo-reto-staub-gehen-getrennte-wege\/","og_site_name":"Organisator","article_publisher":"https:\/\/www.facebook.com\/OrganisatorFachmagazin","article_published_time":"2025-01-24T06:24:45+00:00","og_image":[{"width":680,"height":451,"url":"https:\/\/www.organisator.ch\/wp-content\/uploads\/2025\/01\/Pizolbahnen-und-CEO-Reto-Staub-gehen-getrennte-Wege_Organisator.jpg","type":"image\/jpeg"}],"author":"thomas.berner","twitter_card":"summary_large_image","twitter_title":"#Pizolbahnen und CEO Reto Staub gehen getrennte Wege","twitter_description":"Die #Pizolbahnen trennen sich von ihrem CEO Reto Staub wegen unterschiedlicher Auffassungen \u00fcber die Unternehmensf\u00fchrung.","twitter_image":"https:\/\/www.organisator.ch\/wp-content\/uploads\/2025\/01\/Pizolbahnen-und-CEO-Reto-Staub-gehen-getrennte-Wege_Organisator.jpg","schema":{"@context":"https:\/\/schema.org","@graph":[{"@type":"Article","@id":"https:\/\/www.organisator.ch\/management\/2025-01-24\/pizolbahnen-und-ceo-reto-staub-gehen-getrennte-wege\/#article","isPartOf":{"@id":"https:\/\/www.organisator.ch\/management\/2025-01-24\/pizolbahnen-und-ceo-reto-staub-gehen-getrennte-wege\/"},"author":{"name":"thomas.berner","@id":"https:\/\/www.organisator.ch\/#\/schema\/person\/6f650f90b2842cd4c0cc334b4e36f67e"},"headline":"Pizolbahnen und CEO Reto Staub gehen getrennte Wege","datePublished":"2025-01-24T06:24:45+00:00","mainEntityOfPage":{"@id":"https:\/\/www.organisator.ch\/management\/2025-01-24\/pizolbahnen-und-ceo-reto-staub-gehen-getrennte-wege\/"},"wordCount":232,"publisher":{"@id":"https:\/\/www.organisator.ch\/#organization"},"image":{"@id":"https:\/\/www.organisator.ch\/management\/2025-01-24\/pizolbahnen-und-ceo-reto-staub-gehen-getrennte-wege\/#primaryimage"},"thumbnailUrl":"https:\/\/www.organisator.ch\/wp-content\/uploads\/2025\/01\/Pizolbahnen-und-CEO-Reto-Staub-gehen-getrennte-Wege_Organisator.jpg","keywords":["Management und Unternehmensf\u00fchrung","Personalia","Tourismus","Unternehmen"],"articleSection":["MANAGEMENT"],"inLanguage":"fr-FR"},{"@type":"WebPage","@id":"https:\/\/www.organisator.ch\/management\/2025-01-24\/pizolbahnen-und-ceo-reto-staub-gehen-getrennte-wege\/","url":"https:\/\/www.organisator.ch\/management\/2025-01-24\/pizolbahnen-und-ceo-reto-staub-gehen-getrennte-wege\/","name":"Les Pizolbahnen et le CEO Reto Staub se s\u00e9parent - Organisateur","isPartOf":{"@id":"https:\/\/www.organisator.ch\/#website"},"primaryImageOfPage":{"@id":"https:\/\/www.organisator.ch\/management\/2025-01-24\/pizolbahnen-und-ceo-reto-staub-gehen-getrennte-wege\/#primaryimage"},"image":{"@id":"https:\/\/www.organisator.ch\/management\/2025-01-24\/pizolbahnen-und-ceo-reto-staub-gehen-getrennte-wege\/#primaryimage"},"thumbnailUrl":"https:\/\/www.organisator.ch\/wp-content\/uploads\/2025\/01\/Pizolbahnen-und-CEO-Reto-Staub-gehen-getrennte-Wege_Organisator.jpg","datePublished":"2025-01-24T06:24:45+00:00","description":"Les Pizolbahnen se s\u00e9parent de leur CEO Reto Staub en raison de divergences de vues sur la gestion de l'entreprise.","breadcrumb":{"@id":"https:\/\/www.organisator.ch\/management\/2025-01-24\/pizolbahnen-und-ceo-reto-staub-gehen-getrennte-wege\/#breadcrumb"},"inLanguage":"fr-FR","potentialAction":[{"@type":"ReadAction","target":["https:\/\/www.organisator.ch\/management\/2025-01-24\/pizolbahnen-und-ceo-reto-staub-gehen-getrennte-wege\/"]}]},{"@type":"ImageObject","inLanguage":"fr-FR","@id":"https:\/\/www.organisator.ch\/management\/2025-01-24\/pizolbahnen-und-ceo-reto-staub-gehen-getrennte-wege\/#primaryimage","url":"https:\/\/www.organisator.ch\/wp-content\/uploads\/2025\/01\/Pizolbahnen-und-CEO-Reto-Staub-gehen-getrennte-Wege_Organisator.jpg","contentUrl":"https:\/\/www.organisator.ch\/wp-content\/uploads\/2025\/01\/Pizolbahnen-und-CEO-Reto-Staub-gehen-getrennte-Wege_Organisator.jpg","width":680,"height":451,"caption":"Die Pizolbahnen haben sich mitten in der Hochsaison von ihrem CEO Reto Staub getrennt. (Bild: Pizolbahnen AG)"},{"@type":"BreadcrumbList","@id":"https:\/\/www.organisator.ch\/management\/2025-01-24\/pizolbahnen-und-ceo-reto-staub-gehen-getrennte-wege\/#breadcrumb","itemListElement":[{"@type":"ListItem","position":1,"name":"Home","item":"https:\/\/www.organisator.ch\/"},{"@type":"ListItem","position":2,"name":"Pizolbahnen und CEO Reto Staub gehen getrennte Wege"}]},{"@type":"WebSite","@id":"https:\/\/www.organisator.ch\/#website","url":"https:\/\/www.organisator.ch\/","name":"Organisateur","description":"Comp\u00e9tence et comp\u00e9tence. Proches de la pratique. L'ORGANISATEUR pr\u00e9pare 10 num\u00e9ros par an sur les th\u00e8mes essentiels pour les dirigeants de PME.","publisher":{"@id":"https:\/\/www.organisator.ch\/#organization"},"potentialAction":[{"@type":"SearchAction","target":{"@type":"EntryPoint","urlTemplate":"https:\/\/www.organisator.ch\/?s={search_term_string}"},"query-input":{"@type":"PropertyValueSpecification","valueRequired":true,"valueName":"search_term_string"}}],"inLanguage":"fr-FR"},{"@type":"Organization","@id":"https:\/\/www.organisator.ch\/#organization","name":"Organisateur","url":"https:\/\/www.organisator.ch\/","logo":{"@type":"ImageObject","inLanguage":"fr-FR","@id":"https:\/\/www.organisator.ch\/#\/schema\/logo\/image\/","url":"https:\/\/www.organisator.ch\/wp-content\/uploads\/2022\/01\/Logo_Organisator_Website.png","contentUrl":"https:\/\/www.organisator.ch\/wp-content\/uploads\/2022\/01\/Logo_Organisator_Website.png","width":800,"height":77,"caption":"Organisator"},"image":{"@id":"https:\/\/www.organisator.ch\/#\/schema\/logo\/image\/"},"sameAs":["https:\/\/www.facebook.com\/OrganisatorFachmagazin","https:\/\/www.linkedin.com\/showcase\/organisator-das-magazin-fr-kmu","https:\/\/www.xing.com\/news\/pages\/organisator-ch-695","https:\/\/www.youtube.com\/channel\/UCGP2Sq0iWaZwT3BdIAQFYpw"]},{"@type":"Person","@id":"https:\/\/www.organisator.ch\/#\/schema\/person\/6f650f90b2842cd4c0cc334b4e36f67e","name":"thomas.berner","image":{"@type":"ImageObject","inLanguage":"fr-FR","@id":"https:\/\/secure.gravatar.com\/avatar\/ac5001d2a36cb6c6cd3e50789007ffca834b477b74a2144564522e944eabff61?s=96&d=mm&r=g","url":"https:\/\/secure.gravatar.com\/avatar\/ac5001d2a36cb6c6cd3e50789007ffca834b477b74a2144564522e944eabff61?s=96&d=mm&r=g","contentUrl":"https:\/\/secure.gravatar.com\/avatar\/ac5001d2a36cb6c6cd3e50789007ffca834b477b74a2144564522e944eabff61?s=96&d=mm&r=g","caption":"thomas.berner"},"url":"https:\/\/www.organisator.ch\/fr\/author\/thomas-berner\/"}]}},"_links":{"self":[{"href":"https:\/\/www.organisator.ch\/fr\/wp-json\/wp\/v2\/posts\/35516","targetHints":{"allow":["GET"]}}],"collection":[{"href":"https:\/\/www.organisator.ch\/fr\/wp-json\/wp\/v2\/posts"}],"about":[{"href":"https:\/\/www.organisator.ch\/fr\/wp-json\/wp\/v2\/types\/post"}],"author":[{"embeddable":true,"href":"https:\/\/www.organisator.ch\/fr\/wp-json\/wp\/v2\/users\/4"}],"replies":[{"embeddable":true,"href":"https:\/\/www.organisator.ch\/fr\/wp-json\/wp\/v2\/comments?post=35516"}],"version-history":[{"count":2,"href":"https:\/\/www.organisator.ch\/fr\/wp-json\/wp\/v2\/posts\/35516\/revisions"}],"predecessor-version":[{"id":35532,"href":"https:\/\/www.organisator.ch\/fr\/wp-json\/wp\/v2\/posts\/35516\/revisions\/35532"}],"wp:featuredmedia":[{"embeddable":true,"href":"https:\/\/www.organisator.ch\/fr\/wp-json\/wp\/v2\/media\/35517"}],"wp:attachment":[{"href":"https:\/\/www.organisator.ch\/fr\/wp-json\/wp\/v2\/media?parent=35516"}],"wp:term":[{"taxonomy":"category","embeddable":true,"href":"https:\/\/www.organisator.ch\/fr\/wp-json\/wp\/v2\/categories?post=35516"},{"taxonomy":"post_tag","embeddable":true,"href":"https:\/\/www.organisator.ch\/fr\/wp-json\/wp\/v2\/tags?post=35516"}],"curies":[{"name":"wp","href":"https:\/\/api.w.org\/{rel}","templated":true}]}}