{"id":3554,"date":"2020-12-03T15:02:39","date_gmt":"2020-12-03T14:02:39","guid":{"rendered":"https:\/\/www.umweltperspektiven.ch\/?p=3554"},"modified":"2020-12-03T15:02:39","modified_gmt":"2020-12-03T14:02:39","slug":"mit-einer-laermstrategie-die-lebensqualitaet-verbessern","status":"publish","type":"post","link":"https:\/\/www.organisator.ch\/fr\/allgemein\/2020-12-03\/mit-einer-laermstrategie-die-lebensqualitaet-verbessern\/","title":{"rendered":"Am\u00e9liorer la qualit\u00e9 de vie gr\u00e2ce \u00e0 une strat\u00e9gie contre le bruit"},"content":{"rendered":"<figure id=\"attachment_3555\" aria-describedby=\"caption-attachment-3555\" style=\"width: 680px\" class=\"wp-caption aligncenter\"><img loading=\"lazy\" decoding=\"async\" class=\"size-medium wp-image-3555\" src=\"\/\/www.umweltperspektiven.ch\/wp-content\/uploads\/2020\/12\/Depositphotos_64915445_s-2019.jpg\" alt=\"\" width=\"680\" height=\"451\" \/><figcaption id=\"caption-attachment-3555\" class=\"wp-caption-text\">\u00a9 depositphotos, pxhidalgo<\/figcaption><\/figure>\n<p>Au cours des 20 prochaines ann\u00e9es, la population de la ville de Zurich passera de plus de 435 000 habitants aujourd'hui \u00e0 plus d'un demi-million. Le boom actuel de la construction va donc continuer \u00e0 augmenter et, avec lui, le risque de nuisances sonores suppl\u00e9mentaires. Une chose est s\u00fbre : le bruit nuit \u00e0 la qualit\u00e9 de vie et \u00e0 l'environnement. Selon les donn\u00e9es, environ un tiers de la population zurichoise vit et travaille d\u00e9j\u00e0 dans des b\u00e2timents expos\u00e9s \u00e0 un bruit excessif du trafic routier. Il existe \u00e9galement d'autres sources de bruit. Outre les chantiers et l'industrie, il y a aussi les manifestations. La tendance \u00e0 une soci\u00e9t\u00e9 fonctionnant 24 heures sur 24 va notamment \u00e0 l'encontre du facteur silence.<\/p>\n<p><strong>La protection contre le bruit dans une ville en pleine expansion <\/strong><\/p>\n<p>Afin de maintenir une qualit\u00e9 de vie \u00e9lev\u00e9e et de pr\u00e9server la sant\u00e9 des personnes qui y vivent, la ville de Zurich se concentre, dans sa strat\u00e9gie de protection contre le bruit, sur trois domaines pr\u00e9sentant un grand potentiel d'efficacit\u00e9 : le bruit du trafic routier, la pr\u00e9vention du bruit dans la planification et la construction ainsi que le bruit quotidien. La strat\u00e9gie d\u00e9finit des objectifs et des principes directeurs, d\u00e9termine les champs d'action et s'adresse aux principaux acteurs. \"Une bonne protection contre le bruit est un facteur cl\u00e9 pour la qualit\u00e9 de vie dans notre ville\", d\u00e9clare le conseiller municipal Andreas Hauri, chef du d\u00e9partement de la sant\u00e9 et de l'environnement. \"La strat\u00e9gie de protection contre le bruit vise \u00e0 concilier les int\u00e9r\u00eats d'une ville vivante et les besoins de calme de la population\". La nouvelle strat\u00e9gie d\u00e9signe les conflits d'objectifs existants et propose des solutions.<\/p>\n<p><strong>Suivre une trajectoire de r\u00e9duction contraignante et exploiter les synergies <\/strong><\/p>\n<p>En ville, il existe \u00e0 la fois un besoin d'agir et un potentiel de protection contre le bruit du trafic routier. En plus de l'objectif du projet Trafic urbain 2025, qui tente d'augmenter la part des transports publics, de la marche et du v\u00e9lo dans le volume total du trafic, ce sont surtout d'autres mesures \u00e0 la source qui doivent permettre d'y rem\u00e9dier. L'analyse d'impact montre que la combinaison d'une r\u00e9duction de la vitesse, de nouveaux rev\u00eatements, de pneus silencieux ainsi que de la mobilit\u00e9 \u00e9lectrique peut entra\u00eener un net recul du nombre de personnes excessivement expos\u00e9es au bruit, explique-t-on \u00e0 la ville. La strat\u00e9gie de protection contre le bruit entend exploiter ce potentiel par le biais d'une voie de r\u00e9duction qui reste \u00e0 d\u00e9finir.<\/p>\n<p>La protection contre le bruit doit en outre \u00eatre int\u00e9gr\u00e9e de mani\u00e8re renforc\u00e9e dans les plans d'urbanisation et d'affectation, \u00e0 tous les niveaux de planification et jusqu'aux projets de construction. En effet, le d\u00e9veloppement urbain vers l'int\u00e9rieur ne doit pas conduire \u00e0 une d\u00e9t\u00e9rioration de la situation sonore pour les habitants. La strat\u00e9gie de la ville fixe \u00e9galement des directives dans ce domaine, \u00e0 savoir la pr\u00e9vention du bruit lors de la planification et de la construction. Le bruit quotidien comprend, comme nous l'avons d\u00e9j\u00e0 mentionn\u00e9, les nuisances dues aux sorties et aux manifestations. La ville tient \u00e0 ce que la mixit\u00e9 croissante des usages n'entra\u00eene pas davantage de plaintes pour nuisances sonores, souligne-t-elle.<\/p>\n<p>Les conflits d'int\u00e9r\u00eats doivent \u00eatre trait\u00e9s \u00e0 l'aide des mesures \u00e9labor\u00e9es et \u00e9prouv\u00e9es dans le cadre de l'axe strat\u00e9gique \"Vie nocturne\" et de nouvelles approches, afin de concilier le besoin d'une ville anim\u00e9e et celui de tranquillit\u00e9.<\/p>\n<p><a href=\"\/\/www.stadt-zuerich.ch\/laermschutzstrategie\"><em>Cliquez ici pour acc\u00e9der \u00e0 la strat\u00e9gie de lutte contre le bruit et \u00e0 d'autres informations<\/em>.<\/a><\/p>","protected":false},"excerpt":{"rendered":"<p>In den n\u00e4chsten 20 Jahren wird die Bev\u00f6lkerungszahl in der Stadt Z\u00fcrich von heute mehr als 435&#8217;000 auf \u00fcber eine halbe Million anwachsen. Der heutige Bauboom wird also weiter zunehmen und damit steigt auch das Risiko zus\u00e4tzlicher L\u00e4rmbelastung. Klar ist: L\u00e4rm beeintr\u00e4chtigt die Lebens- und Umweltqualit\u00e4t. Gem\u00e4ss Angaben leben und arbeiten bereits heute etwa ein [&hellip;]<\/p>\n","protected":false},"author":6,"featured_media":9741,"comment_status":"closed","ping_status":"closed","sticky":false,"template":"","format":"standard","meta":{"_acf_changed":false,"_yoast_wpseo_focuskw":"L\u00e4rmschutzstrategie","_yoast_wpseo_metadesc":"Damit die hohe Lebensqualit\u00e4t erhalten bleibt, braucht es einen wirkungsvollen L\u00e4rmschutz. Die Stadt Z\u00fcrich arbeitet deshalb mit einer L\u00e4rmschutzstrategie.","articlekey":"","footnotes":""},"categories":[1],"tags":[1038,1598,1621],"class_list":["post-3554","post","type-post","status-publish","format-standard","has-post-thumbnail","hentry","category-allgemein","tag-elektromobilitaet","tag-laermschutzstrategie","tag-leise-reifen"],"acf":[],"yoast_head":"<!-- This site is optimized with the Yoast SEO plugin v27.5 - https:\/\/yoast.com\/product\/yoast-seo-wordpress\/ -->\n<title>Mit einer L\u00e4rmstrategie die Lebensqualit\u00e4t verbessern - Organisator<\/title>\n<meta name=\"description\" content=\"Damit die hohe Lebensqualit\u00e4t erhalten bleibt, braucht es einen wirkungsvollen L\u00e4rmschutz. Die Stadt Z\u00fcrich arbeitet deshalb mit einer L\u00e4rmschutzstrategie.\" \/>\n<meta name=\"robots\" content=\"index, follow, max-snippet:-1, max-image-preview:large, max-video-preview:-1\" \/>\n<link rel=\"canonical\" href=\"https:\/\/www.organisator.ch\/fr\/general\/2020-12-03\/mit-einer-laermstrategie-die-lebensqualitaet-verbessern\/\" \/>\n<meta property=\"og:locale\" content=\"fr_FR\" \/>\n<meta property=\"og:type\" content=\"article\" \/>\n<meta property=\"og:title\" content=\"Mit einer L\u00e4rmstrategie die Lebensqualit\u00e4t verbessern - Organisator\" \/>\n<meta property=\"og:description\" content=\"Damit die hohe Lebensqualit\u00e4t erhalten bleibt, braucht es einen wirkungsvollen L\u00e4rmschutz. Die Stadt Z\u00fcrich arbeitet deshalb mit einer L\u00e4rmschutzstrategie.\" \/>\n<meta property=\"og:url\" content=\"https:\/\/www.organisator.ch\/fr\/general\/2020-12-03\/mit-einer-laermstrategie-die-lebensqualitaet-verbessern\/\" \/>\n<meta property=\"og:site_name\" content=\"Organisator\" \/>\n<meta property=\"article:publisher\" content=\"https:\/\/www.facebook.com\/OrganisatorFachmagazin\" \/>\n<meta property=\"article:published_time\" content=\"2020-12-03T14:02:39+00:00\" \/>\n<meta property=\"og:image\" content=\"https:\/\/www.organisator.ch\/wp-content\/uploads\/2020\/12\/Depositphotos_64915445_s-2019.jpg\" \/>\n\t<meta property=\"og:image:width\" content=\"999\" \/>\n\t<meta property=\"og:image:height\" content=\"662\" \/>\n\t<meta property=\"og:image:type\" content=\"image\/jpeg\" \/>\n<meta name=\"author\" content=\"roger.straessle\" \/>\n<meta name=\"twitter:card\" content=\"summary_large_image\" \/>\n<script type=\"application\/ld+json\" class=\"yoast-schema-graph\">{\"@context\":\"https:\\\/\\\/schema.org\",\"@graph\":[{\"@type\":\"Article\",\"@id\":\"https:\\\/\\\/www.organisator.ch\\\/fr\\\/general\\\/2020-12-03\\\/mit-einer-laermstrategie-die-lebensqualitaet-verbessern\\\/#article\",\"isPartOf\":{\"@id\":\"https:\\\/\\\/www.organisator.ch\\\/fr\\\/general\\\/2020-12-03\\\/mit-einer-laermstrategie-die-lebensqualitaet-verbessern\\\/\"},\"author\":{\"name\":\"roger.straessle\",\"@id\":\"https:\\\/\\\/www.organisator.ch\\\/#\\\/schema\\\/person\\\/a800b8c54e208b160517a7dcc323161d\"},\"headline\":\"Mit einer L\u00e4rmstrategie die Lebensqualit\u00e4t verbessern\",\"datePublished\":\"2020-12-03T14:02:39+00:00\",\"mainEntityOfPage\":{\"@id\":\"https:\\\/\\\/www.organisator.ch\\\/fr\\\/general\\\/2020-12-03\\\/mit-einer-laermstrategie-die-lebensqualitaet-verbessern\\\/\"},\"wordCount\":479,\"publisher\":{\"@id\":\"https:\\\/\\\/www.organisator.ch\\\/#organization\"},\"image\":{\"@id\":\"https:\\\/\\\/www.organisator.ch\\\/fr\\\/general\\\/2020-12-03\\\/mit-einer-laermstrategie-die-lebensqualitaet-verbessern\\\/#primaryimage\"},\"thumbnailUrl\":\"https:\\\/\\\/www.organisator.ch\\\/wp-content\\\/uploads\\\/2020\\\/12\\\/Depositphotos_64915445_s-2019.jpg\",\"keywords\":[\"Elektromobilit\u00e4t\",\"L\u00e4rmschutzstrategie\",\"leise Reifen\"],\"articleSection\":[\"Allgemein\"],\"inLanguage\":\"fr-FR\"},{\"@type\":\"WebPage\",\"@id\":\"https:\\\/\\\/www.organisator.ch\\\/fr\\\/general\\\/2020-12-03\\\/mit-einer-laermstrategie-die-lebensqualitaet-verbessern\\\/\",\"url\":\"https:\\\/\\\/www.organisator.ch\\\/fr\\\/general\\\/2020-12-03\\\/mit-einer-laermstrategie-die-lebensqualitaet-verbessern\\\/\",\"name\":\"Mit einer L\u00e4rmstrategie die Lebensqualit\u00e4t verbessern - Organisator\",\"isPartOf\":{\"@id\":\"https:\\\/\\\/www.organisator.ch\\\/#website\"},\"primaryImageOfPage\":{\"@id\":\"https:\\\/\\\/www.organisator.ch\\\/fr\\\/general\\\/2020-12-03\\\/mit-einer-laermstrategie-die-lebensqualitaet-verbessern\\\/#primaryimage\"},\"image\":{\"@id\":\"https:\\\/\\\/www.organisator.ch\\\/fr\\\/general\\\/2020-12-03\\\/mit-einer-laermstrategie-die-lebensqualitaet-verbessern\\\/#primaryimage\"},\"thumbnailUrl\":\"https:\\\/\\\/www.organisator.ch\\\/wp-content\\\/uploads\\\/2020\\\/12\\\/Depositphotos_64915445_s-2019.jpg\",\"datePublished\":\"2020-12-03T14:02:39+00:00\",\"description\":\"Damit die hohe Lebensqualit\u00e4t erhalten bleibt, braucht es einen wirkungsvollen L\u00e4rmschutz. Die Stadt Z\u00fcrich arbeitet deshalb mit einer L\u00e4rmschutzstrategie.\",\"breadcrumb\":{\"@id\":\"https:\\\/\\\/www.organisator.ch\\\/fr\\\/general\\\/2020-12-03\\\/mit-einer-laermstrategie-die-lebensqualitaet-verbessern\\\/#breadcrumb\"},\"inLanguage\":\"fr-FR\",\"potentialAction\":[{\"@type\":\"ReadAction\",\"target\":[\"https:\\\/\\\/www.organisator.ch\\\/fr\\\/general\\\/2020-12-03\\\/mit-einer-laermstrategie-die-lebensqualitaet-verbessern\\\/\"]}]},{\"@type\":\"ImageObject\",\"inLanguage\":\"fr-FR\",\"@id\":\"https:\\\/\\\/www.organisator.ch\\\/fr\\\/general\\\/2020-12-03\\\/mit-einer-laermstrategie-die-lebensqualitaet-verbessern\\\/#primaryimage\",\"url\":\"https:\\\/\\\/www.organisator.ch\\\/wp-content\\\/uploads\\\/2020\\\/12\\\/Depositphotos_64915445_s-2019.jpg\",\"contentUrl\":\"https:\\\/\\\/www.organisator.ch\\\/wp-content\\\/uploads\\\/2020\\\/12\\\/Depositphotos_64915445_s-2019.jpg\",\"width\":999,\"height\":662,\"caption\":\"\u00a9 depositphotos, pxhidalgo\"},{\"@type\":\"BreadcrumbList\",\"@id\":\"https:\\\/\\\/www.organisator.ch\\\/fr\\\/general\\\/2020-12-03\\\/mit-einer-laermstrategie-die-lebensqualitaet-verbessern\\\/#breadcrumb\",\"itemListElement\":[{\"@type\":\"ListItem\",\"position\":1,\"name\":\"Home\",\"item\":\"https:\\\/\\\/www.organisator.ch\\\/\"},{\"@type\":\"ListItem\",\"position\":2,\"name\":\"Mit einer L\u00e4rmstrategie die Lebensqualit\u00e4t verbessern\"}]},{\"@type\":\"WebSite\",\"@id\":\"https:\\\/\\\/www.organisator.ch\\\/#website\",\"url\":\"https:\\\/\\\/www.organisator.ch\\\/\",\"name\":\"Organisator\",\"description\":\"Kompetent. Praxisnah. Der ORGANISATOR bereitet in 10 Ausgaben pro Jahr die wesentlichen Themen f\u00fcr F\u00fchrungskr\u00e4fte von KMU auf.\",\"publisher\":{\"@id\":\"https:\\\/\\\/www.organisator.ch\\\/#organization\"},\"potentialAction\":[{\"@type\":\"SearchAction\",\"target\":{\"@type\":\"EntryPoint\",\"urlTemplate\":\"https:\\\/\\\/www.organisator.ch\\\/?s={search_term_string}\"},\"query-input\":{\"@type\":\"PropertyValueSpecification\",\"valueRequired\":true,\"valueName\":\"search_term_string\"}}],\"inLanguage\":\"fr-FR\"},{\"@type\":\"Organization\",\"@id\":\"https:\\\/\\\/www.organisator.ch\\\/#organization\",\"name\":\"Organisator\",\"url\":\"https:\\\/\\\/www.organisator.ch\\\/\",\"logo\":{\"@type\":\"ImageObject\",\"inLanguage\":\"fr-FR\",\"@id\":\"https:\\\/\\\/www.organisator.ch\\\/#\\\/schema\\\/logo\\\/image\\\/\",\"url\":\"https:\\\/\\\/www.organisator.ch\\\/wp-content\\\/uploads\\\/2022\\\/01\\\/Logo_Organisator_Website.png\",\"contentUrl\":\"https:\\\/\\\/www.organisator.ch\\\/wp-content\\\/uploads\\\/2022\\\/01\\\/Logo_Organisator_Website.png\",\"width\":800,\"height\":77,\"caption\":\"Organisator\"},\"image\":{\"@id\":\"https:\\\/\\\/www.organisator.ch\\\/#\\\/schema\\\/logo\\\/image\\\/\"},\"sameAs\":[\"https:\\\/\\\/www.facebook.com\\\/OrganisatorFachmagazin\",\"https:\\\/\\\/www.linkedin.com\\\/showcase\\\/organisator-das-magazin-fr-kmu\",\"https:\\\/\\\/www.xing.com\\\/news\\\/pages\\\/organisator-ch-695\",\"https:\\\/\\\/www.youtube.com\\\/channel\\\/UCGP2Sq0iWaZwT3BdIAQFYpw\"]},{\"@type\":\"Person\",\"@id\":\"https:\\\/\\\/www.organisator.ch\\\/#\\\/schema\\\/person\\\/a800b8c54e208b160517a7dcc323161d\",\"name\":\"roger.straessle\",\"image\":{\"@type\":\"ImageObject\",\"inLanguage\":\"fr-FR\",\"@id\":\"https:\\\/\\\/secure.gravatar.com\\\/avatar\\\/?s=96&d=mm&r=g\",\"url\":\"https:\\\/\\\/secure.gravatar.com\\\/avatar\\\/?s=96&d=mm&r=g\",\"contentUrl\":\"https:\\\/\\\/secure.gravatar.com\\\/avatar\\\/?s=96&d=mm&r=g\",\"caption\":\"roger.straessle\"},\"url\":\"https:\\\/\\\/www.organisator.ch\\\/fr\\\/author\\\/roger-straessle\\\/\"}]}<\/script>\n<!-- \/ Yoast SEO plugin. -->","yoast_head_json":{"title":"Am\u00e9liorer la qualit\u00e9 de vie gr\u00e2ce \u00e0 une strat\u00e9gie contre le bruit - Organisateur","description":"Pour maintenir une qualit\u00e9 de vie \u00e9lev\u00e9e, il faut une protection efficace contre le bruit. C'est pourquoi la ville de Zurich travaille avec une strat\u00e9gie de protection contre le bruit.","robots":{"index":"index","follow":"follow","max-snippet":"max-snippet:-1","max-image-preview":"max-image-preview:large","max-video-preview":"max-video-preview:-1"},"canonical":"https:\/\/www.organisator.ch\/fr\/general\/2020-12-03\/mit-einer-laermstrategie-die-lebensqualitaet-verbessern\/","og_locale":"fr_FR","og_type":"article","og_title":"Mit einer L\u00e4rmstrategie die Lebensqualit\u00e4t verbessern - Organisator","og_description":"Damit die hohe Lebensqualit\u00e4t erhalten bleibt, braucht es einen wirkungsvollen L\u00e4rmschutz. Die Stadt Z\u00fcrich arbeitet deshalb mit einer L\u00e4rmschutzstrategie.","og_url":"https:\/\/www.organisator.ch\/fr\/general\/2020-12-03\/mit-einer-laermstrategie-die-lebensqualitaet-verbessern\/","og_site_name":"Organisator","article_publisher":"https:\/\/www.facebook.com\/OrganisatorFachmagazin","article_published_time":"2020-12-03T14:02:39+00:00","og_image":[{"width":999,"height":662,"url":"https:\/\/www.organisator.ch\/wp-content\/uploads\/2020\/12\/Depositphotos_64915445_s-2019.jpg","type":"image\/jpeg"}],"author":"roger.straessle","twitter_card":"summary_large_image","schema":{"@context":"https:\/\/schema.org","@graph":[{"@type":"Article","@id":"https:\/\/www.organisator.ch\/fr\/general\/2020-12-03\/mit-einer-laermstrategie-die-lebensqualitaet-verbessern\/#article","isPartOf":{"@id":"https:\/\/www.organisator.ch\/fr\/general\/2020-12-03\/mit-einer-laermstrategie-die-lebensqualitaet-verbessern\/"},"author":{"name":"roger.straessle","@id":"https:\/\/www.organisator.ch\/#\/schema\/person\/a800b8c54e208b160517a7dcc323161d"},"headline":"Mit einer L\u00e4rmstrategie die Lebensqualit\u00e4t verbessern","datePublished":"2020-12-03T14:02:39+00:00","mainEntityOfPage":{"@id":"https:\/\/www.organisator.ch\/fr\/general\/2020-12-03\/mit-einer-laermstrategie-die-lebensqualitaet-verbessern\/"},"wordCount":479,"publisher":{"@id":"https:\/\/www.organisator.ch\/#organization"},"image":{"@id":"https:\/\/www.organisator.ch\/fr\/general\/2020-12-03\/mit-einer-laermstrategie-die-lebensqualitaet-verbessern\/#primaryimage"},"thumbnailUrl":"https:\/\/www.organisator.ch\/wp-content\/uploads\/2020\/12\/Depositphotos_64915445_s-2019.jpg","keywords":["Elektromobilit\u00e4t","L\u00e4rmschutzstrategie","leise Reifen"],"articleSection":["Allgemein"],"inLanguage":"fr-FR"},{"@type":"WebPage","@id":"https:\/\/www.organisator.ch\/fr\/general\/2020-12-03\/mit-einer-laermstrategie-die-lebensqualitaet-verbessern\/","url":"https:\/\/www.organisator.ch\/fr\/general\/2020-12-03\/mit-einer-laermstrategie-die-lebensqualitaet-verbessern\/","name":"Am\u00e9liorer la qualit\u00e9 de vie gr\u00e2ce \u00e0 une strat\u00e9gie contre le bruit - Organisateur","isPartOf":{"@id":"https:\/\/www.organisator.ch\/#website"},"primaryImageOfPage":{"@id":"https:\/\/www.organisator.ch\/fr\/general\/2020-12-03\/mit-einer-laermstrategie-die-lebensqualitaet-verbessern\/#primaryimage"},"image":{"@id":"https:\/\/www.organisator.ch\/fr\/general\/2020-12-03\/mit-einer-laermstrategie-die-lebensqualitaet-verbessern\/#primaryimage"},"thumbnailUrl":"https:\/\/www.organisator.ch\/wp-content\/uploads\/2020\/12\/Depositphotos_64915445_s-2019.jpg","datePublished":"2020-12-03T14:02:39+00:00","description":"Pour maintenir une qualit\u00e9 de vie \u00e9lev\u00e9e, il faut une protection efficace contre le bruit. C'est pourquoi la ville de Zurich travaille avec une strat\u00e9gie de protection contre le bruit.","breadcrumb":{"@id":"https:\/\/www.organisator.ch\/fr\/general\/2020-12-03\/mit-einer-laermstrategie-die-lebensqualitaet-verbessern\/#breadcrumb"},"inLanguage":"fr-FR","potentialAction":[{"@type":"ReadAction","target":["https:\/\/www.organisator.ch\/fr\/general\/2020-12-03\/mit-einer-laermstrategie-die-lebensqualitaet-verbessern\/"]}]},{"@type":"ImageObject","inLanguage":"fr-FR","@id":"https:\/\/www.organisator.ch\/fr\/general\/2020-12-03\/mit-einer-laermstrategie-die-lebensqualitaet-verbessern\/#primaryimage","url":"https:\/\/www.organisator.ch\/wp-content\/uploads\/2020\/12\/Depositphotos_64915445_s-2019.jpg","contentUrl":"https:\/\/www.organisator.ch\/wp-content\/uploads\/2020\/12\/Depositphotos_64915445_s-2019.jpg","width":999,"height":662,"caption":"\u00a9 depositphotos, pxhidalgo"},{"@type":"BreadcrumbList","@id":"https:\/\/www.organisator.ch\/fr\/general\/2020-12-03\/mit-einer-laermstrategie-die-lebensqualitaet-verbessern\/#breadcrumb","itemListElement":[{"@type":"ListItem","position":1,"name":"Home","item":"https:\/\/www.organisator.ch\/"},{"@type":"ListItem","position":2,"name":"Mit einer L\u00e4rmstrategie die Lebensqualit\u00e4t verbessern"}]},{"@type":"WebSite","@id":"https:\/\/www.organisator.ch\/#website","url":"https:\/\/www.organisator.ch\/","name":"Organisateur","description":"Comp\u00e9tence et comp\u00e9tence. Proches de la pratique. L'ORGANISATEUR pr\u00e9pare 10 num\u00e9ros par an sur les th\u00e8mes essentiels pour les dirigeants de PME.","publisher":{"@id":"https:\/\/www.organisator.ch\/#organization"},"potentialAction":[{"@type":"SearchAction","target":{"@type":"EntryPoint","urlTemplate":"https:\/\/www.organisator.ch\/?s={search_term_string}"},"query-input":{"@type":"PropertyValueSpecification","valueRequired":true,"valueName":"search_term_string"}}],"inLanguage":"fr-FR"},{"@type":"Organization","@id":"https:\/\/www.organisator.ch\/#organization","name":"Organisateur","url":"https:\/\/www.organisator.ch\/","logo":{"@type":"ImageObject","inLanguage":"fr-FR","@id":"https:\/\/www.organisator.ch\/#\/schema\/logo\/image\/","url":"https:\/\/www.organisator.ch\/wp-content\/uploads\/2022\/01\/Logo_Organisator_Website.png","contentUrl":"https:\/\/www.organisator.ch\/wp-content\/uploads\/2022\/01\/Logo_Organisator_Website.png","width":800,"height":77,"caption":"Organisator"},"image":{"@id":"https:\/\/www.organisator.ch\/#\/schema\/logo\/image\/"},"sameAs":["https:\/\/www.facebook.com\/OrganisatorFachmagazin","https:\/\/www.linkedin.com\/showcase\/organisator-das-magazin-fr-kmu","https:\/\/www.xing.com\/news\/pages\/organisator-ch-695","https:\/\/www.youtube.com\/channel\/UCGP2Sq0iWaZwT3BdIAQFYpw"]},{"@type":"Person","@id":"https:\/\/www.organisator.ch\/#\/schema\/person\/a800b8c54e208b160517a7dcc323161d","name":"roger.straessle","image":{"@type":"ImageObject","inLanguage":"fr-FR","@id":"https:\/\/secure.gravatar.com\/avatar\/?s=96&d=mm&r=g","url":"https:\/\/secure.gravatar.com\/avatar\/?s=96&d=mm&r=g","contentUrl":"https:\/\/secure.gravatar.com\/avatar\/?s=96&d=mm&r=g","caption":"roger.straessle"},"url":"https:\/\/www.organisator.ch\/fr\/author\/roger-straessle\/"}]}},"_links":{"self":[{"href":"https:\/\/www.organisator.ch\/fr\/wp-json\/wp\/v2\/posts\/3554","targetHints":{"allow":["GET"]}}],"collection":[{"href":"https:\/\/www.organisator.ch\/fr\/wp-json\/wp\/v2\/posts"}],"about":[{"href":"https:\/\/www.organisator.ch\/fr\/wp-json\/wp\/v2\/types\/post"}],"author":[{"embeddable":true,"href":"https:\/\/www.organisator.ch\/fr\/wp-json\/wp\/v2\/users\/6"}],"replies":[{"embeddable":true,"href":"https:\/\/www.organisator.ch\/fr\/wp-json\/wp\/v2\/comments?post=3554"}],"version-history":[{"count":0,"href":"https:\/\/www.organisator.ch\/fr\/wp-json\/wp\/v2\/posts\/3554\/revisions"}],"wp:featuredmedia":[{"embeddable":true,"href":"https:\/\/www.organisator.ch\/fr\/wp-json\/wp\/v2\/media\/9741"}],"wp:attachment":[{"href":"https:\/\/www.organisator.ch\/fr\/wp-json\/wp\/v2\/media?parent=3554"}],"wp:term":[{"taxonomy":"category","embeddable":true,"href":"https:\/\/www.organisator.ch\/fr\/wp-json\/wp\/v2\/categories?post=3554"},{"taxonomy":"post_tag","embeddable":true,"href":"https:\/\/www.organisator.ch\/fr\/wp-json\/wp\/v2\/tags?post=3554"}],"curies":[{"name":"wp","href":"https:\/\/api.w.org\/{rel}","templated":true}]}}