{"id":35543,"date":"2025-01-27T07:30:20","date_gmt":"2025-01-27T06:30:20","guid":{"rendered":"https:\/\/www.markt-kom.com\/?p=229441"},"modified":"2025-01-27T07:27:56","modified_gmt":"2025-01-27T06:27:56","slug":"ogilvy-schweiz-und-ingo-zuerich-setzen-auf-wpp-open","status":"publish","type":"post","link":"https:\/\/www.organisator.ch\/fr\/marketing\/2025-01-27\/ogilvy-schweiz-und-ingo-zuerich-setzen-auf-wpp-open\/","title":{"rendered":"Ogilvy Suisse et Ingo Z\u00fcrich misent sur le WPP Open"},"content":{"rendered":"<figure id=\"attachment_229442\" class=\"wp-caption aligncenter\" style=\"width: 1200px;\" aria-describedby=\"caption-attachment-229442\"><a href=\"https:\/\/www.markt-kom.com\/wp-content\/uploads\/2025\/01\/Swen_Morath_SW-Kopie.jpg\"><img class=\"size-full wp-image-229442\" src=\"https:\/\/www.markt-kom.com\/wp-content\/uploads\/2025\/01\/Swen_Morath_SW-Kopie.jpg\" sizes=\"(max-width: 1200px) 100vw, 1200px\" srcset=\"https:\/\/www.markt-kom.com\/wp-content\/uploads\/2025\/01\/Swen_Morath_SW-Kopie.jpg 1200w, https:\/\/www.markt-kom.com\/wp-content\/uploads\/2025\/01\/Swen_Morath_SW-Kopie-600x450.jpg 600w, https:\/\/www.markt-kom.com\/wp-content\/uploads\/2025\/01\/Swen_Morath_SW-Kopie-1024x768.jpg 1024w, https:\/\/www.markt-kom.com\/wp-content\/uploads\/2025\/01\/Swen_Morath_SW-Kopie-768x576.jpg 768w, https:\/\/www.markt-kom.com\/wp-content\/uploads\/2025\/01\/Swen_Morath_SW-Kopie-16x12.jpg 16w, https:\/\/www.markt-kom.com\/wp-content\/uploads\/2025\/01\/Swen_Morath_SW-Kopie-233x175.jpg 233w, https:\/\/www.markt-kom.com\/wp-content\/uploads\/2025\/01\/Swen_Morath_SW-Kopie-467x350.jpg 467w, https:\/\/www.markt-kom.com\/wp-content\/uploads\/2025\/01\/Swen_Morath_SW-Kopie-1000x750.jpg 1000w\" alt=\"\" width=\"1200\" height=\"900\" \/><\/a>\r\n<figcaption id=\"caption-attachment-229442\" class=\"wp-caption-text\">Misent enti\u00e8rement sur WPP Open : Martin Keller d'Ogilvy et Swen Morath d'Ingo. (Images : zVg.)<\/figcaption>\r\n<\/figure>\r\n<p>WPP Open est une solution d'IA sp\u00e9cialement con\u00e7ue pour le secteur de la communication, qui allie donn\u00e9es, cr\u00e9ativit\u00e9 et technologie. Outre les donn\u00e9es g\u00e9n\u00e9rales, la plateforme a recours \u00e0 des \u00e9tudes WPP telles que le \"BrandAsset Valuator\" ou le \"Media Use Index\". De plus, des \"agents\" virtuels permettent de simuler des sc\u00e9narios et de prendre des d\u00e9cisions bas\u00e9es sur des donn\u00e9es, par exemple sur la strat\u00e9gie de marque ou le ciblage.<\/p>\r\n<p>L'IA aide \u00e9galement \u00e0 trouver des id\u00e9es en g\u00e9n\u00e9rant des titres ou en cr\u00e9ant des propositions visuelles bas\u00e9es sur les pr\u00e9f\u00e9rences du groupe cible. Des fonctionnalit\u00e9s telles que \"Shower Thoughts\" permettent un \u00e9change cr\u00e9atif entre l'homme et la machine afin de d\u00e9velopper des approches innovantes.<\/p>\r\n<p>Optimisation de bout en bout tout au long du processus<br \/>\r\nWPP Open va au-del\u00e0 du travail cr\u00e9atif : il optimise la planification, l'allocation des ressources et la mesure du succ\u00e8s des projets. La plateforme int\u00e8gre les processus de cr\u00e9ation, de m\u00e9dia et de production au sein du r\u00e9seau WPP et doit ainsi permettre des gains d'efficacit\u00e9 et une meilleure performance des campagnes.<\/p>\r\n<p>\"L'IA n'est pas seulement une tendance, mais une transformation que nous organisons activement afin d'atteindre les objectifs de communication de nos clients de mani\u00e8re encore plus efficace et efficiente\", d\u00e9clare Martin Keller, CEO d'Ogilvy Suisse.<\/p>\r\n<p>Pour Swen Morath, CEO d'Ingo Zurich, WPP Open est plus qu'un simple outil : \"C'est un partenaire cr\u00e9atif. Il \u00e9largit nos horizons, pousse notre imagination et nous permet de r\u00e9aliser des id\u00e9es qui \u00e9taient impensables jusqu'\u00e0 pr\u00e9sent. L'IA nous lib\u00e8re des t\u00e2ches r\u00e9p\u00e9titives et nous donne la libert\u00e9 de nous concentrer sur ce que nous faisons le mieux : Enthousiasmer les gens avec de grandes histoires\".<\/p>","protected":false},"excerpt":{"rendered":"<p>Ogilvy Suisse et Ingo Zurich sont les premi\u00e8res agences en Suisse \u00e0 miser enti\u00e8rement sur la solution d'intelligence artificielle multicouche WPP Open. En int\u00e9grant compl\u00e8tement cette technologie, les agences veulent augmenter l'efficacit\u00e9 et la cr\u00e9ativit\u00e9 dans leur travail de communication et donner \u00e0 leurs clients un avantage concurrentiel.<\/p>","protected":false},"author":8,"featured_media":0,"comment_status":"closed","ping_status":"closed","sticky":false,"template":"","format":"standard","meta":{"_acf_changed":false,"_yoast_wpseo_focuskw":"WPP Open KI-L\u00f6sung","_yoast_wpseo_metadesc":"Ogilvy Schweiz und Ingo Z\u00fcrich setzen als erste Agenturen in der Schweiz auf die Multi-Layer-KI-L\u00f6sung WPP Open f\u00fcr mehr Effizienz.","articlekey":"","footnotes":""},"categories":[29],"tags":[4345,4506,319,4172],"class_list":["post-35543","post","type-post","status-publish","format-standard","hentry","category-marketing","tag-business","tag-ingo","tag-kuenstliche-intelligenz","tag-ogilvy"],"acf":[],"yoast_head":"<!-- This site is optimized with the Yoast SEO plugin v27.5 - https:\/\/yoast.com\/product\/yoast-seo-wordpress\/ -->\n<title>Ogilvy Schweiz und Ingo Z\u00fcrich setzen auf WPP Open - Organisator<\/title>\n<meta name=\"description\" content=\"Ogilvy Schweiz und Ingo Z\u00fcrich setzen als erste Agenturen in der Schweiz auf die Multi-Layer-KI-L\u00f6sung WPP Open f\u00fcr mehr Effizienz.\" \/>\n<meta name=\"robots\" content=\"index, follow, max-snippet:-1, max-image-preview:large, max-video-preview:-1\" \/>\n<link rel=\"canonical\" href=\"https:\/\/www.organisator.ch\/fr\/marketing\/2025-01-27\/ogilvy-schweiz-und-ingo-zuerich-setzen-auf-wpp-open\/\" \/>\n<meta property=\"og:locale\" content=\"fr_FR\" \/>\n<meta property=\"og:type\" content=\"article\" \/>\n<meta property=\"og:title\" content=\"Ogilvy Schweiz und Ingo Z\u00fcrich setzen auf WPP Open - Organisator\" \/>\n<meta property=\"og:description\" content=\"Ogilvy Schweiz und Ingo Z\u00fcrich setzen als erste Agenturen in der Schweiz auf die Multi-Layer-KI-L\u00f6sung WPP Open f\u00fcr mehr Effizienz.\" \/>\n<meta property=\"og:url\" content=\"https:\/\/www.organisator.ch\/fr\/marketing\/2025-01-27\/ogilvy-schweiz-und-ingo-zuerich-setzen-auf-wpp-open\/\" \/>\n<meta property=\"og:site_name\" content=\"Organisator\" \/>\n<meta property=\"article:publisher\" content=\"https:\/\/www.facebook.com\/OrganisatorFachmagazin\" \/>\n<meta property=\"article:published_time\" content=\"2025-01-27T06:30:20+00:00\" \/>\n<meta name=\"author\" content=\"galledia\" \/>\n<meta name=\"twitter:card\" content=\"summary_large_image\" \/>\n<meta name=\"twitter:creator\" content=\"@admin\" \/>\n<script type=\"application\/ld+json\" class=\"yoast-schema-graph\">{\"@context\":\"https:\\\/\\\/schema.org\",\"@graph\":[{\"@type\":\"Article\",\"@id\":\"https:\\\/\\\/www.organisator.ch\\\/marketing\\\/2025-01-27\\\/ogilvy-schweiz-und-ingo-zuerich-setzen-auf-wpp-open\\\/#article\",\"isPartOf\":{\"@id\":\"https:\\\/\\\/www.organisator.ch\\\/marketing\\\/2025-01-27\\\/ogilvy-schweiz-und-ingo-zuerich-setzen-auf-wpp-open\\\/\"},\"author\":{\"name\":\"galledia\",\"@id\":\"https:\\\/\\\/www.organisator.ch\\\/#\\\/schema\\\/person\\\/4e51799071cd2dd1232ac003643ef5f0\"},\"headline\":\"Ogilvy Schweiz und Ingo Z\u00fcrich setzen auf WPP Open\",\"datePublished\":\"2025-01-27T06:30:20+00:00\",\"mainEntityOfPage\":{\"@id\":\"https:\\\/\\\/www.organisator.ch\\\/marketing\\\/2025-01-27\\\/ogilvy-schweiz-und-ingo-zuerich-setzen-auf-wpp-open\\\/\"},\"wordCount\":270,\"publisher\":{\"@id\":\"https:\\\/\\\/www.organisator.ch\\\/#organization\"},\"image\":{\"@id\":\"https:\\\/\\\/www.organisator.ch\\\/marketing\\\/2025-01-27\\\/ogilvy-schweiz-und-ingo-zuerich-setzen-auf-wpp-open\\\/#primaryimage\"},\"thumbnailUrl\":\"https:\\\/\\\/www.markt-kom.com\\\/wp-content\\\/uploads\\\/2025\\\/01\\\/Swen_Morath_SW-Kopie.jpg\",\"keywords\":[\"Business\",\"Ingo\",\"K\u00fcnstliche Intelligenz\",\"Ogilvy\"],\"articleSection\":[\"MARKETING\"],\"inLanguage\":\"fr-FR\"},{\"@type\":\"WebPage\",\"@id\":\"https:\\\/\\\/www.organisator.ch\\\/marketing\\\/2025-01-27\\\/ogilvy-schweiz-und-ingo-zuerich-setzen-auf-wpp-open\\\/\",\"url\":\"https:\\\/\\\/www.organisator.ch\\\/marketing\\\/2025-01-27\\\/ogilvy-schweiz-und-ingo-zuerich-setzen-auf-wpp-open\\\/\",\"name\":\"Ogilvy Schweiz und Ingo Z\u00fcrich setzen auf WPP Open - Organisator\",\"isPartOf\":{\"@id\":\"https:\\\/\\\/www.organisator.ch\\\/#website\"},\"primaryImageOfPage\":{\"@id\":\"https:\\\/\\\/www.organisator.ch\\\/marketing\\\/2025-01-27\\\/ogilvy-schweiz-und-ingo-zuerich-setzen-auf-wpp-open\\\/#primaryimage\"},\"image\":{\"@id\":\"https:\\\/\\\/www.organisator.ch\\\/marketing\\\/2025-01-27\\\/ogilvy-schweiz-und-ingo-zuerich-setzen-auf-wpp-open\\\/#primaryimage\"},\"thumbnailUrl\":\"https:\\\/\\\/www.markt-kom.com\\\/wp-content\\\/uploads\\\/2025\\\/01\\\/Swen_Morath_SW-Kopie.jpg\",\"datePublished\":\"2025-01-27T06:30:20+00:00\",\"description\":\"Ogilvy Schweiz und Ingo Z\u00fcrich setzen als erste Agenturen in der Schweiz auf die Multi-Layer-KI-L\u00f6sung WPP Open f\u00fcr mehr Effizienz.\",\"breadcrumb\":{\"@id\":\"https:\\\/\\\/www.organisator.ch\\\/marketing\\\/2025-01-27\\\/ogilvy-schweiz-und-ingo-zuerich-setzen-auf-wpp-open\\\/#breadcrumb\"},\"inLanguage\":\"fr-FR\",\"potentialAction\":[{\"@type\":\"ReadAction\",\"target\":[\"https:\\\/\\\/www.organisator.ch\\\/marketing\\\/2025-01-27\\\/ogilvy-schweiz-und-ingo-zuerich-setzen-auf-wpp-open\\\/\"]}]},{\"@type\":\"ImageObject\",\"inLanguage\":\"fr-FR\",\"@id\":\"https:\\\/\\\/www.organisator.ch\\\/marketing\\\/2025-01-27\\\/ogilvy-schweiz-und-ingo-zuerich-setzen-auf-wpp-open\\\/#primaryimage\",\"url\":\"https:\\\/\\\/www.markt-kom.com\\\/wp-content\\\/uploads\\\/2025\\\/01\\\/Swen_Morath_SW-Kopie.jpg\",\"contentUrl\":\"https:\\\/\\\/www.markt-kom.com\\\/wp-content\\\/uploads\\\/2025\\\/01\\\/Swen_Morath_SW-Kopie.jpg\"},{\"@type\":\"BreadcrumbList\",\"@id\":\"https:\\\/\\\/www.organisator.ch\\\/marketing\\\/2025-01-27\\\/ogilvy-schweiz-und-ingo-zuerich-setzen-auf-wpp-open\\\/#breadcrumb\",\"itemListElement\":[{\"@type\":\"ListItem\",\"position\":1,\"name\":\"Home\",\"item\":\"https:\\\/\\\/www.organisator.ch\\\/\"},{\"@type\":\"ListItem\",\"position\":2,\"name\":\"Ogilvy Schweiz und Ingo Z\u00fcrich setzen auf WPP Open\"}]},{\"@type\":\"WebSite\",\"@id\":\"https:\\\/\\\/www.organisator.ch\\\/#website\",\"url\":\"https:\\\/\\\/www.organisator.ch\\\/\",\"name\":\"Organisator\",\"description\":\"Kompetent. Praxisnah. Der ORGANISATOR bereitet in 10 Ausgaben pro Jahr die wesentlichen Themen f\u00fcr F\u00fchrungskr\u00e4fte von KMU auf.\",\"publisher\":{\"@id\":\"https:\\\/\\\/www.organisator.ch\\\/#organization\"},\"potentialAction\":[{\"@type\":\"SearchAction\",\"target\":{\"@type\":\"EntryPoint\",\"urlTemplate\":\"https:\\\/\\\/www.organisator.ch\\\/?s={search_term_string}\"},\"query-input\":{\"@type\":\"PropertyValueSpecification\",\"valueRequired\":true,\"valueName\":\"search_term_string\"}}],\"inLanguage\":\"fr-FR\"},{\"@type\":\"Organization\",\"@id\":\"https:\\\/\\\/www.organisator.ch\\\/#organization\",\"name\":\"Organisator\",\"url\":\"https:\\\/\\\/www.organisator.ch\\\/\",\"logo\":{\"@type\":\"ImageObject\",\"inLanguage\":\"fr-FR\",\"@id\":\"https:\\\/\\\/www.organisator.ch\\\/#\\\/schema\\\/logo\\\/image\\\/\",\"url\":\"https:\\\/\\\/www.organisator.ch\\\/wp-content\\\/uploads\\\/2022\\\/01\\\/Logo_Organisator_Website.png\",\"contentUrl\":\"https:\\\/\\\/www.organisator.ch\\\/wp-content\\\/uploads\\\/2022\\\/01\\\/Logo_Organisator_Website.png\",\"width\":800,\"height\":77,\"caption\":\"Organisator\"},\"image\":{\"@id\":\"https:\\\/\\\/www.organisator.ch\\\/#\\\/schema\\\/logo\\\/image\\\/\"},\"sameAs\":[\"https:\\\/\\\/www.facebook.com\\\/OrganisatorFachmagazin\",\"https:\\\/\\\/www.linkedin.com\\\/showcase\\\/organisator-das-magazin-fr-kmu\",\"https:\\\/\\\/www.xing.com\\\/news\\\/pages\\\/organisator-ch-695\",\"https:\\\/\\\/www.youtube.com\\\/channel\\\/UCGP2Sq0iWaZwT3BdIAQFYpw\"]},{\"@type\":\"Person\",\"@id\":\"https:\\\/\\\/www.organisator.ch\\\/#\\\/schema\\\/person\\\/4e51799071cd2dd1232ac003643ef5f0\",\"name\":\"galledia\",\"image\":{\"@type\":\"ImageObject\",\"inLanguage\":\"fr-FR\",\"@id\":\"https:\\\/\\\/secure.gravatar.com\\\/avatar\\\/78a7f90c01fc2bfc875782a0d4922b37cde2cf184ce347b91316d23cd7f69a36?s=96&d=mm&r=g\",\"url\":\"https:\\\/\\\/secure.gravatar.com\\\/avatar\\\/78a7f90c01fc2bfc875782a0d4922b37cde2cf184ce347b91316d23cd7f69a36?s=96&d=mm&r=g\",\"contentUrl\":\"https:\\\/\\\/secure.gravatar.com\\\/avatar\\\/78a7f90c01fc2bfc875782a0d4922b37cde2cf184ce347b91316d23cd7f69a36?s=96&d=mm&r=g\",\"caption\":\"galledia\"},\"sameAs\":[\"https:\\\/\\\/x.com\\\/admin\"],\"url\":\"https:\\\/\\\/www.organisator.ch\\\/fr\\\/author\\\/galledia\\\/\"}]}<\/script>\n<!-- \/ Yoast SEO plugin. -->","yoast_head_json":{"title":"Ogilvy Suisse et Ingo Z\u00fcrich misent sur le WPP Open - Organisateur","description":"Ogilvy Suisse et Ingo Z\u00fcrich sont les premi\u00e8res agences en Suisse \u00e0 utiliser la solution d'IA multi-couches WPP Open pour plus d'efficacit\u00e9.","robots":{"index":"index","follow":"follow","max-snippet":"max-snippet:-1","max-image-preview":"max-image-preview:large","max-video-preview":"max-video-preview:-1"},"canonical":"https:\/\/www.organisator.ch\/fr\/marketing\/2025-01-27\/ogilvy-schweiz-und-ingo-zuerich-setzen-auf-wpp-open\/","og_locale":"fr_FR","og_type":"article","og_title":"Ogilvy Schweiz und Ingo Z\u00fcrich setzen auf WPP Open - Organisator","og_description":"Ogilvy Schweiz und Ingo Z\u00fcrich setzen als erste Agenturen in der Schweiz auf die Multi-Layer-KI-L\u00f6sung WPP Open f\u00fcr mehr Effizienz.","og_url":"https:\/\/www.organisator.ch\/fr\/marketing\/2025-01-27\/ogilvy-schweiz-und-ingo-zuerich-setzen-auf-wpp-open\/","og_site_name":"Organisator","article_publisher":"https:\/\/www.facebook.com\/OrganisatorFachmagazin","article_published_time":"2025-01-27T06:30:20+00:00","author":"galledia","twitter_card":"summary_large_image","twitter_creator":"@admin","schema":{"@context":"https:\/\/schema.org","@graph":[{"@type":"Article","@id":"https:\/\/www.organisator.ch\/marketing\/2025-01-27\/ogilvy-schweiz-und-ingo-zuerich-setzen-auf-wpp-open\/#article","isPartOf":{"@id":"https:\/\/www.organisator.ch\/marketing\/2025-01-27\/ogilvy-schweiz-und-ingo-zuerich-setzen-auf-wpp-open\/"},"author":{"name":"galledia","@id":"https:\/\/www.organisator.ch\/#\/schema\/person\/4e51799071cd2dd1232ac003643ef5f0"},"headline":"Ogilvy Schweiz und Ingo Z\u00fcrich setzen auf WPP Open","datePublished":"2025-01-27T06:30:20+00:00","mainEntityOfPage":{"@id":"https:\/\/www.organisator.ch\/marketing\/2025-01-27\/ogilvy-schweiz-und-ingo-zuerich-setzen-auf-wpp-open\/"},"wordCount":270,"publisher":{"@id":"https:\/\/www.organisator.ch\/#organization"},"image":{"@id":"https:\/\/www.organisator.ch\/marketing\/2025-01-27\/ogilvy-schweiz-und-ingo-zuerich-setzen-auf-wpp-open\/#primaryimage"},"thumbnailUrl":"https:\/\/www.markt-kom.com\/wp-content\/uploads\/2025\/01\/Swen_Morath_SW-Kopie.jpg","keywords":["Business","Ingo","K\u00fcnstliche Intelligenz","Ogilvy"],"articleSection":["MARKETING"],"inLanguage":"fr-FR"},{"@type":"WebPage","@id":"https:\/\/www.organisator.ch\/marketing\/2025-01-27\/ogilvy-schweiz-und-ingo-zuerich-setzen-auf-wpp-open\/","url":"https:\/\/www.organisator.ch\/marketing\/2025-01-27\/ogilvy-schweiz-und-ingo-zuerich-setzen-auf-wpp-open\/","name":"Ogilvy Suisse et Ingo Z\u00fcrich misent sur le WPP Open - Organisateur","isPartOf":{"@id":"https:\/\/www.organisator.ch\/#website"},"primaryImageOfPage":{"@id":"https:\/\/www.organisator.ch\/marketing\/2025-01-27\/ogilvy-schweiz-und-ingo-zuerich-setzen-auf-wpp-open\/#primaryimage"},"image":{"@id":"https:\/\/www.organisator.ch\/marketing\/2025-01-27\/ogilvy-schweiz-und-ingo-zuerich-setzen-auf-wpp-open\/#primaryimage"},"thumbnailUrl":"https:\/\/www.markt-kom.com\/wp-content\/uploads\/2025\/01\/Swen_Morath_SW-Kopie.jpg","datePublished":"2025-01-27T06:30:20+00:00","description":"Ogilvy Suisse et Ingo Z\u00fcrich sont les premi\u00e8res agences en Suisse \u00e0 utiliser la solution d'IA multi-couches WPP Open pour plus d'efficacit\u00e9.","breadcrumb":{"@id":"https:\/\/www.organisator.ch\/marketing\/2025-01-27\/ogilvy-schweiz-und-ingo-zuerich-setzen-auf-wpp-open\/#breadcrumb"},"inLanguage":"fr-FR","potentialAction":[{"@type":"ReadAction","target":["https:\/\/www.organisator.ch\/marketing\/2025-01-27\/ogilvy-schweiz-und-ingo-zuerich-setzen-auf-wpp-open\/"]}]},{"@type":"ImageObject","inLanguage":"fr-FR","@id":"https:\/\/www.organisator.ch\/marketing\/2025-01-27\/ogilvy-schweiz-und-ingo-zuerich-setzen-auf-wpp-open\/#primaryimage","url":"https:\/\/www.markt-kom.com\/wp-content\/uploads\/2025\/01\/Swen_Morath_SW-Kopie.jpg","contentUrl":"https:\/\/www.markt-kom.com\/wp-content\/uploads\/2025\/01\/Swen_Morath_SW-Kopie.jpg"},{"@type":"BreadcrumbList","@id":"https:\/\/www.organisator.ch\/marketing\/2025-01-27\/ogilvy-schweiz-und-ingo-zuerich-setzen-auf-wpp-open\/#breadcrumb","itemListElement":[{"@type":"ListItem","position":1,"name":"Home","item":"https:\/\/www.organisator.ch\/"},{"@type":"ListItem","position":2,"name":"Ogilvy Schweiz und Ingo Z\u00fcrich setzen auf WPP Open"}]},{"@type":"WebSite","@id":"https:\/\/www.organisator.ch\/#website","url":"https:\/\/www.organisator.ch\/","name":"Organisateur","description":"Comp\u00e9tence et comp\u00e9tence. Proches de la pratique. L'ORGANISATEUR pr\u00e9pare 10 num\u00e9ros par an sur les th\u00e8mes essentiels pour les dirigeants de PME.","publisher":{"@id":"https:\/\/www.organisator.ch\/#organization"},"potentialAction":[{"@type":"SearchAction","target":{"@type":"EntryPoint","urlTemplate":"https:\/\/www.organisator.ch\/?s={search_term_string}"},"query-input":{"@type":"PropertyValueSpecification","valueRequired":true,"valueName":"search_term_string"}}],"inLanguage":"fr-FR"},{"@type":"Organization","@id":"https:\/\/www.organisator.ch\/#organization","name":"Organisateur","url":"https:\/\/www.organisator.ch\/","logo":{"@type":"ImageObject","inLanguage":"fr-FR","@id":"https:\/\/www.organisator.ch\/#\/schema\/logo\/image\/","url":"https:\/\/www.organisator.ch\/wp-content\/uploads\/2022\/01\/Logo_Organisator_Website.png","contentUrl":"https:\/\/www.organisator.ch\/wp-content\/uploads\/2022\/01\/Logo_Organisator_Website.png","width":800,"height":77,"caption":"Organisator"},"image":{"@id":"https:\/\/www.organisator.ch\/#\/schema\/logo\/image\/"},"sameAs":["https:\/\/www.facebook.com\/OrganisatorFachmagazin","https:\/\/www.linkedin.com\/showcase\/organisator-das-magazin-fr-kmu","https:\/\/www.xing.com\/news\/pages\/organisator-ch-695","https:\/\/www.youtube.com\/channel\/UCGP2Sq0iWaZwT3BdIAQFYpw"]},{"@type":"Person","@id":"https:\/\/www.organisator.ch\/#\/schema\/person\/4e51799071cd2dd1232ac003643ef5f0","name":"galledia","image":{"@type":"ImageObject","inLanguage":"fr-FR","@id":"https:\/\/secure.gravatar.com\/avatar\/78a7f90c01fc2bfc875782a0d4922b37cde2cf184ce347b91316d23cd7f69a36?s=96&d=mm&r=g","url":"https:\/\/secure.gravatar.com\/avatar\/78a7f90c01fc2bfc875782a0d4922b37cde2cf184ce347b91316d23cd7f69a36?s=96&d=mm&r=g","contentUrl":"https:\/\/secure.gravatar.com\/avatar\/78a7f90c01fc2bfc875782a0d4922b37cde2cf184ce347b91316d23cd7f69a36?s=96&d=mm&r=g","caption":"galledia"},"sameAs":["https:\/\/x.com\/admin"],"url":"https:\/\/www.organisator.ch\/fr\/author\/galledia\/"}]}},"_links":{"self":[{"href":"https:\/\/www.organisator.ch\/fr\/wp-json\/wp\/v2\/posts\/35543","targetHints":{"allow":["GET"]}}],"collection":[{"href":"https:\/\/www.organisator.ch\/fr\/wp-json\/wp\/v2\/posts"}],"about":[{"href":"https:\/\/www.organisator.ch\/fr\/wp-json\/wp\/v2\/types\/post"}],"author":[{"embeddable":true,"href":"https:\/\/www.organisator.ch\/fr\/wp-json\/wp\/v2\/users\/8"}],"replies":[{"embeddable":true,"href":"https:\/\/www.organisator.ch\/fr\/wp-json\/wp\/v2\/comments?post=35543"}],"version-history":[{"count":3,"href":"https:\/\/www.organisator.ch\/fr\/wp-json\/wp\/v2\/posts\/35543\/revisions"}],"predecessor-version":[{"id":35585,"href":"https:\/\/www.organisator.ch\/fr\/wp-json\/wp\/v2\/posts\/35543\/revisions\/35585"}],"wp:attachment":[{"href":"https:\/\/www.organisator.ch\/fr\/wp-json\/wp\/v2\/media?parent=35543"}],"wp:term":[{"taxonomy":"category","embeddable":true,"href":"https:\/\/www.organisator.ch\/fr\/wp-json\/wp\/v2\/categories?post=35543"},{"taxonomy":"post_tag","embeddable":true,"href":"https:\/\/www.organisator.ch\/fr\/wp-json\/wp\/v2\/tags?post=35543"}],"curies":[{"name":"wp","href":"https:\/\/api.w.org\/{rel}","templated":true}]}}