{"id":35550,"date":"2025-01-28T08:15:07","date_gmt":"2025-01-28T07:15:07","guid":{"rendered":"https:\/\/www.organisator.ch\/?p=35550"},"modified":"2025-02-21T08:24:23","modified_gmt":"2025-02-21T07:24:23","slug":"drei-fragen-fuer-ein-aussergewoehnliches-jahr","status":"publish","type":"post","link":"https:\/\/www.organisator.ch\/fr\/management\/2025-01-28\/drei-fragen-fuer-ein-aussergewoehnliches-jahr\/","title":{"rendered":"Trois questions pour une ann\u00e9e exceptionnelle"},"content":{"rendered":"<figure id=\"attachment_35551\" aria-describedby=\"caption-attachment-35551\" style=\"width: 680px\" class=\"wp-caption alignnone\"><img loading=\"lazy\" decoding=\"async\" class=\"size-full wp-image-35551\" src=\"https:\/\/www.organisator.ch\/wp-content\/uploads\/2025\/01\/Drei-Fragen-fuer-ein-aussergewoehnliches-Jahr_Organisator.jpg\" alt=\"\" width=\"680\" height=\"567\" srcset=\"https:\/\/www.organisator.ch\/wp-content\/uploads\/2025\/01\/Drei-Fragen-fuer-ein-aussergewoehnliches-Jahr_Organisator.jpg 680w, https:\/\/www.organisator.ch\/wp-content\/uploads\/2025\/01\/Drei-Fragen-fuer-ein-aussergewoehnliches-Jahr_Organisator-14x12.jpg 14w, https:\/\/www.organisator.ch\/wp-content\/uploads\/2025\/01\/Drei-Fragen-fuer-ein-aussergewoehnliches-Jahr_Organisator-360x300.jpg 360w, https:\/\/www.organisator.ch\/wp-content\/uploads\/2025\/01\/Drei-Fragen-fuer-ein-aussergewoehnliches-Jahr_Organisator-420x350.jpg 420w\" sizes=\"auto, (max-width: 680px) 100vw, 680px\" \/><figcaption id=\"caption-attachment-35551\" class=\"wp-caption-text\">L'ann\u00e9e 2025 doit-elle \u00eatre exceptionnelle ? Posez-vous trois questions.... (Image : G\u00e9n\u00e9r\u00e9 par l'IA \/ DALL-E)<\/figcaption><\/figure>\n<p>Il y a de ces jours o\u00f9 tout se passe comme si de rien n'\u00e9tait. Les d\u00e9cisions sont faciles \u00e0 prendre, les discussions sont productives et vous sentez que vous avez vraiment fait bouger les choses. Et puis il y a les autres jours : tr\u00e8s occup\u00e9s, mais au final sans r\u00e9sultats tangibles.<\/p>\n<p>Pourquoi cette diff\u00e9rence ? Souvent, ce n'est pas d\u00fb \u00e0 des circonstances ext\u00e9rieures, mais \u00e0 notre focalisation. Et cette focalisation est influenc\u00e9e de mani\u00e8re d\u00e9cisive par les questions que nous nous posons. Les questions sont plus puissantes que les r\u00e9ponses - elles guident nos pens\u00e9es et influencent nos actions. C'est particuli\u00e8rement important pour les dirigeants, car ils tracent la voie non seulement pour eux-m\u00eames, mais aussi pour leur \u00e9quipe.<\/p>\n<p>Trois questions permettent de rendre cette ann\u00e9e exceptionnelle.<\/p>\n<h3><strong>1. comment am\u00e9liorer durablement votre sant\u00e9 mentale ?<\/strong><\/h3>\n<p>La force mentale est la cl\u00e9 de la lucidit\u00e9 et de la pers\u00e9v\u00e9rance. Elle d\u00e9termine si vous prenez des d\u00e9cisions intelligentes et si vous restez performant \u00e0 long terme - ou si vous vous \u00e9puisez. Mais la force mentale ne se d\u00e9veloppe pas d'elle-m\u00eame.<\/p>\n<p>Veillez tout d'abord \u00e0 avoir une base physique stable : le sommeil, l'exercice et l'alimentation sont essentiels. Choisissez votre environnement en connaissance de cause, car les personnes qui vous entourent influencent consid\u00e9rablement votre \u00e9nergie. Et r\u00e9duisez les d\u00e9cisions inutiles en cr\u00e9ant des routines claires. Ainsi, votre esprit restera libre pour les choses vraiment importantes.<\/p>\n<p>La question est la suivante : que faites-vous pour d\u00e9velopper votre force mentale de mani\u00e8re cibl\u00e9e ?<\/p>\n<h3><strong>2. comment faites-vous pour rendre le monde meilleur cette ann\u00e9e ?<\/strong><\/h3>\n<p>Cette question vise votre influence dans votre environnement direct, que ce soit au sein de votre \u00e9quipe, de votre entreprise ou de votre famille. Beaucoup sous-estiment l'impact qu'ils peuvent avoir. Pourtant, ce sont souvent les petites choses qui font la plus grande diff\u00e9rence.<\/p>\n<p>Dirigez-vous vos collaborateurs de mani\u00e8re \u00e0 ce qu'ils puissent s'\u00e9panouir dans leurs t\u00e2ches ? Optimisez-vous les processus afin de rendre le travail plus efficace et plus agr\u00e9able pour tous ? Ou donnez-vous plus souvent un feed-back honn\u00eate qui reste longtemps en m\u00e9moire ? Votre contribution compte, m\u00eame si elle para\u00eet insignifiante au premier abord.<\/p>\n<h3><strong>3. qu'est-ce que vous ne remettez plus \u00e0 plus tard ?<\/strong><\/h3>\n<p>Tout le monde a des choses qu'il remet \u00e0 plus tard : une conversation d\u00e9sagr\u00e9able, une d\u00e9cision difficile ou m\u00eame la d\u00e9claration d'imp\u00f4ts. Mais la procrastination nous prive d'\u00e9nergie et nous emp\u00eache d'aller de l'avant.<\/p>\n<p>Souvent, le perfectionnisme ou la peur - des conflits, des changements ou de l'ins\u00e9curit\u00e9 - en sont \u00e0 l'origine. Mais d\u00e8s que vous faites le premier pas, vous vous sentez imm\u00e9diatement soulag\u00e9. Quelle est cette chose que vous repoussez depuis longtemps ? Et comment votre ann\u00e9e sera-t-elle diff\u00e9rente si vous vous y attaquez enfin ?<\/p>\n<h3><strong>Conclusion<\/strong><\/h3>\n<p>Les bonnes questions guident votre concentration et donc vos r\u00e9sultats. R\u00e9fl\u00e9chissez r\u00e9guli\u00e8rement \u00e0 ces trois questions et vous cr\u00e9erez les bases d'une ann\u00e9e extraordinaire - pour vous et votre entourage.<\/p>\n<p>&nbsp;<\/p>\n<p><i><strong>Vers l'auteur :<\/strong><br \/>\n<\/i><em>Volkmar V\u00f6lzke est un maximisateur de succ\u00e8s. Auteur de livres. Conseiller et consultant. Coach de formation. Orateur.\u00a0<a href=\"http:\/\/www.volkmarvoelzke.ch\/\">www.volkmarvoelzke.ch<\/a><\/em><\/p>","protected":false},"excerpt":{"rendered":"<p>L'ann\u00e9e 2025 a maintenant un mois. Que faut-il pour qu'elle soit exceptionnelle ? Une nouvelle impulsion de r\u00e9ussite aide \u00e0 se poser les bonnes questions.<\/p>","protected":false},"author":4,"featured_media":35551,"comment_status":"closed","ping_status":"closed","sticky":false,"template":"","format":"standard","meta":{"_acf_changed":false,"_yoast_wpseo_focuskw":"Drei Fragen","_yoast_wpseo_metadesc":"Das Jahr 2025 ist nun einen Monat alt. Was braucht es, damit es ein aussergew\u00f6hnliches wird? Ein neuer Erfolgs-Impuls stellt drei Fragen.","articlekey":"","footnotes":""},"categories":[28],"tags":[115,177,320,335,429],"class_list":["post-35550","post","type-post","status-publish","format-standard","has-post-thumbnail","hentry","category-management","tag-checklisten","tag-erfolgs-impuls","tag-leadership","tag-management-und-unternehmensfuehrung","tag-selbstmanagement"],"acf":[],"yoast_head":"<!-- This site is optimized with the Yoast SEO plugin v27.5 - https:\/\/yoast.com\/product\/yoast-seo-wordpress\/ -->\n<title>Drei Fragen f\u00fcr ein aussergew\u00f6hnliches Jahr - Organisator<\/title>\n<meta name=\"description\" content=\"Das Jahr 2025 ist nun einen Monat alt. Was braucht es, damit es ein aussergew\u00f6hnliches wird? Ein neuer Erfolgs-Impuls stellt drei Fragen.\" \/>\n<meta name=\"robots\" content=\"index, follow, max-snippet:-1, max-image-preview:large, max-video-preview:-1\" \/>\n<link rel=\"canonical\" href=\"https:\/\/www.organisator.ch\/fr\/gestion-2\/2025-01-28\/drei-fragen-fuer-ein-aussergewoehnliches-jahr\/\" \/>\n<meta property=\"og:locale\" content=\"fr_FR\" \/>\n<meta property=\"og:type\" content=\"article\" \/>\n<meta property=\"og:title\" content=\"Drei Fragen f\u00fcr ein aussergew\u00f6hnliches Jahr\" \/>\n<meta property=\"og:description\" content=\"Das Jahr 2025 ist nun einen Monat alt. Was braucht es, damit es ein aussergew\u00f6hnliches wird? Ein neuer Erfolgs-Impuls stellt drei Fragen.\" \/>\n<meta property=\"og:url\" content=\"https:\/\/www.organisator.ch\/fr\/gestion-2\/2025-01-28\/drei-fragen-fuer-ein-aussergewoehnliches-jahr\/\" \/>\n<meta property=\"og:site_name\" content=\"Organisator\" \/>\n<meta property=\"article:publisher\" content=\"https:\/\/www.facebook.com\/OrganisatorFachmagazin\" \/>\n<meta property=\"article:published_time\" content=\"2025-01-28T07:15:07+00:00\" \/>\n<meta property=\"article:modified_time\" content=\"2025-02-21T07:24:23+00:00\" \/>\n<meta property=\"og:image\" content=\"https:\/\/www.organisator.ch\/wp-content\/uploads\/2025\/01\/Drei-Fragen-fuer-ein-aussergewoehnliches-Jahr_Organisator.jpg\" \/>\n\t<meta property=\"og:image:width\" content=\"680\" \/>\n\t<meta property=\"og:image:height\" content=\"567\" \/>\n\t<meta property=\"og:image:type\" content=\"image\/jpeg\" \/>\n<meta name=\"author\" content=\"thomas.berner\" \/>\n<meta name=\"twitter:card\" content=\"summary_large_image\" \/>\n<meta name=\"twitter:title\" content=\"Drei Fragen f\u00fcr ein #aussergew\u00f6hnliches Jahr\" \/>\n<meta name=\"twitter:description\" content=\"Das Jahr 2025 ist nun einen Monat alt. Was braucht es, damit es ein aussergew\u00f6hnliches wird? Ein neuer #Erfolgs-Impuls stellt drei Fragen.\" \/>\n<meta name=\"twitter:image\" content=\"https:\/\/www.organisator.ch\/wp-content\/uploads\/2025\/01\/Drei-Fragen-fuer-ein-aussergewoehnliches-Jahr_Organisator.jpg\" \/>\n<script type=\"application\/ld+json\" class=\"yoast-schema-graph\">{\"@context\":\"https:\\\/\\\/schema.org\",\"@graph\":[{\"@type\":\"Article\",\"@id\":\"https:\\\/\\\/www.organisator.ch\\\/management\\\/2025-01-28\\\/drei-fragen-fuer-ein-aussergewoehnliches-jahr\\\/#article\",\"isPartOf\":{\"@id\":\"https:\\\/\\\/www.organisator.ch\\\/management\\\/2025-01-28\\\/drei-fragen-fuer-ein-aussergewoehnliches-jahr\\\/\"},\"author\":{\"name\":\"thomas.berner\",\"@id\":\"https:\\\/\\\/www.organisator.ch\\\/#\\\/schema\\\/person\\\/6f650f90b2842cd4c0cc334b4e36f67e\"},\"headline\":\"Drei Fragen f\u00fcr ein aussergew\u00f6hnliches Jahr\",\"datePublished\":\"2025-01-28T07:15:07+00:00\",\"dateModified\":\"2025-02-21T07:24:23+00:00\",\"mainEntityOfPage\":{\"@id\":\"https:\\\/\\\/www.organisator.ch\\\/management\\\/2025-01-28\\\/drei-fragen-fuer-ein-aussergewoehnliches-jahr\\\/\"},\"wordCount\":506,\"publisher\":{\"@id\":\"https:\\\/\\\/www.organisator.ch\\\/#organization\"},\"image\":{\"@id\":\"https:\\\/\\\/www.organisator.ch\\\/management\\\/2025-01-28\\\/drei-fragen-fuer-ein-aussergewoehnliches-jahr\\\/#primaryimage\"},\"thumbnailUrl\":\"https:\\\/\\\/www.organisator.ch\\\/wp-content\\\/uploads\\\/2025\\\/01\\\/Drei-Fragen-fuer-ein-aussergewoehnliches-Jahr_Organisator.jpg\",\"keywords\":[\"Checklisten\",\"Erfolgs-Impuls\",\"Leadership\",\"Management und Unternehmensf\u00fchrung\",\"Selbstmanagement\"],\"articleSection\":[\"MANAGEMENT\"],\"inLanguage\":\"fr-FR\"},{\"@type\":\"WebPage\",\"@id\":\"https:\\\/\\\/www.organisator.ch\\\/management\\\/2025-01-28\\\/drei-fragen-fuer-ein-aussergewoehnliches-jahr\\\/\",\"url\":\"https:\\\/\\\/www.organisator.ch\\\/management\\\/2025-01-28\\\/drei-fragen-fuer-ein-aussergewoehnliches-jahr\\\/\",\"name\":\"Drei Fragen f\u00fcr ein aussergew\u00f6hnliches Jahr - Organisator\",\"isPartOf\":{\"@id\":\"https:\\\/\\\/www.organisator.ch\\\/#website\"},\"primaryImageOfPage\":{\"@id\":\"https:\\\/\\\/www.organisator.ch\\\/management\\\/2025-01-28\\\/drei-fragen-fuer-ein-aussergewoehnliches-jahr\\\/#primaryimage\"},\"image\":{\"@id\":\"https:\\\/\\\/www.organisator.ch\\\/management\\\/2025-01-28\\\/drei-fragen-fuer-ein-aussergewoehnliches-jahr\\\/#primaryimage\"},\"thumbnailUrl\":\"https:\\\/\\\/www.organisator.ch\\\/wp-content\\\/uploads\\\/2025\\\/01\\\/Drei-Fragen-fuer-ein-aussergewoehnliches-Jahr_Organisator.jpg\",\"datePublished\":\"2025-01-28T07:15:07+00:00\",\"dateModified\":\"2025-02-21T07:24:23+00:00\",\"description\":\"Das Jahr 2025 ist nun einen Monat alt. Was braucht es, damit es ein aussergew\u00f6hnliches wird? Ein neuer Erfolgs-Impuls stellt drei Fragen.\",\"breadcrumb\":{\"@id\":\"https:\\\/\\\/www.organisator.ch\\\/management\\\/2025-01-28\\\/drei-fragen-fuer-ein-aussergewoehnliches-jahr\\\/#breadcrumb\"},\"inLanguage\":\"fr-FR\",\"potentialAction\":[{\"@type\":\"ReadAction\",\"target\":[\"https:\\\/\\\/www.organisator.ch\\\/management\\\/2025-01-28\\\/drei-fragen-fuer-ein-aussergewoehnliches-jahr\\\/\"]}]},{\"@type\":\"ImageObject\",\"inLanguage\":\"fr-FR\",\"@id\":\"https:\\\/\\\/www.organisator.ch\\\/management\\\/2025-01-28\\\/drei-fragen-fuer-ein-aussergewoehnliches-jahr\\\/#primaryimage\",\"url\":\"https:\\\/\\\/www.organisator.ch\\\/wp-content\\\/uploads\\\/2025\\\/01\\\/Drei-Fragen-fuer-ein-aussergewoehnliches-Jahr_Organisator.jpg\",\"contentUrl\":\"https:\\\/\\\/www.organisator.ch\\\/wp-content\\\/uploads\\\/2025\\\/01\\\/Drei-Fragen-fuer-ein-aussergewoehnliches-Jahr_Organisator.jpg\",\"width\":680,\"height\":567,\"caption\":\"Soll das Jahr 2025 aussergew\u00f6hnlich werden? Stellen Sie sich selbst drei Fragen.... (Bild: KI-generiert \\\/ DALL-E)\"},{\"@type\":\"BreadcrumbList\",\"@id\":\"https:\\\/\\\/www.organisator.ch\\\/management\\\/2025-01-28\\\/drei-fragen-fuer-ein-aussergewoehnliches-jahr\\\/#breadcrumb\",\"itemListElement\":[{\"@type\":\"ListItem\",\"position\":1,\"name\":\"Home\",\"item\":\"https:\\\/\\\/www.organisator.ch\\\/\"},{\"@type\":\"ListItem\",\"position\":2,\"name\":\"Drei Fragen f\u00fcr ein aussergew\u00f6hnliches Jahr\"}]},{\"@type\":\"WebSite\",\"@id\":\"https:\\\/\\\/www.organisator.ch\\\/#website\",\"url\":\"https:\\\/\\\/www.organisator.ch\\\/\",\"name\":\"Organisator\",\"description\":\"Kompetent. Praxisnah. Der ORGANISATOR bereitet in 10 Ausgaben pro Jahr die wesentlichen Themen f\u00fcr F\u00fchrungskr\u00e4fte von KMU auf.\",\"publisher\":{\"@id\":\"https:\\\/\\\/www.organisator.ch\\\/#organization\"},\"potentialAction\":[{\"@type\":\"SearchAction\",\"target\":{\"@type\":\"EntryPoint\",\"urlTemplate\":\"https:\\\/\\\/www.organisator.ch\\\/?s={search_term_string}\"},\"query-input\":{\"@type\":\"PropertyValueSpecification\",\"valueRequired\":true,\"valueName\":\"search_term_string\"}}],\"inLanguage\":\"fr-FR\"},{\"@type\":\"Organization\",\"@id\":\"https:\\\/\\\/www.organisator.ch\\\/#organization\",\"name\":\"Organisator\",\"url\":\"https:\\\/\\\/www.organisator.ch\\\/\",\"logo\":{\"@type\":\"ImageObject\",\"inLanguage\":\"fr-FR\",\"@id\":\"https:\\\/\\\/www.organisator.ch\\\/#\\\/schema\\\/logo\\\/image\\\/\",\"url\":\"https:\\\/\\\/www.organisator.ch\\\/wp-content\\\/uploads\\\/2022\\\/01\\\/Logo_Organisator_Website.png\",\"contentUrl\":\"https:\\\/\\\/www.organisator.ch\\\/wp-content\\\/uploads\\\/2022\\\/01\\\/Logo_Organisator_Website.png\",\"width\":800,\"height\":77,\"caption\":\"Organisator\"},\"image\":{\"@id\":\"https:\\\/\\\/www.organisator.ch\\\/#\\\/schema\\\/logo\\\/image\\\/\"},\"sameAs\":[\"https:\\\/\\\/www.facebook.com\\\/OrganisatorFachmagazin\",\"https:\\\/\\\/www.linkedin.com\\\/showcase\\\/organisator-das-magazin-fr-kmu\",\"https:\\\/\\\/www.xing.com\\\/news\\\/pages\\\/organisator-ch-695\",\"https:\\\/\\\/www.youtube.com\\\/channel\\\/UCGP2Sq0iWaZwT3BdIAQFYpw\"]},{\"@type\":\"Person\",\"@id\":\"https:\\\/\\\/www.organisator.ch\\\/#\\\/schema\\\/person\\\/6f650f90b2842cd4c0cc334b4e36f67e\",\"name\":\"thomas.berner\",\"image\":{\"@type\":\"ImageObject\",\"inLanguage\":\"fr-FR\",\"@id\":\"https:\\\/\\\/secure.gravatar.com\\\/avatar\\\/ac5001d2a36cb6c6cd3e50789007ffca834b477b74a2144564522e944eabff61?s=96&d=mm&r=g\",\"url\":\"https:\\\/\\\/secure.gravatar.com\\\/avatar\\\/ac5001d2a36cb6c6cd3e50789007ffca834b477b74a2144564522e944eabff61?s=96&d=mm&r=g\",\"contentUrl\":\"https:\\\/\\\/secure.gravatar.com\\\/avatar\\\/ac5001d2a36cb6c6cd3e50789007ffca834b477b74a2144564522e944eabff61?s=96&d=mm&r=g\",\"caption\":\"thomas.berner\"},\"url\":\"https:\\\/\\\/www.organisator.ch\\\/fr\\\/author\\\/thomas-berner\\\/\"}]}<\/script>\n<!-- \/ Yoast SEO plugin. -->","yoast_head_json":{"title":"Trois questions pour une ann\u00e9e exceptionnelle - Organisateur","description":"L'ann\u00e9e 2025 a maintenant un mois. Que faut-il pour qu'elle soit exceptionnelle ? Une nouvelle impulsion pour le succ\u00e8s pose trois questions.","robots":{"index":"index","follow":"follow","max-snippet":"max-snippet:-1","max-image-preview":"max-image-preview:large","max-video-preview":"max-video-preview:-1"},"canonical":"https:\/\/www.organisator.ch\/fr\/gestion-2\/2025-01-28\/drei-fragen-fuer-ein-aussergewoehnliches-jahr\/","og_locale":"fr_FR","og_type":"article","og_title":"Drei Fragen f\u00fcr ein aussergew\u00f6hnliches Jahr","og_description":"Das Jahr 2025 ist nun einen Monat alt. Was braucht es, damit es ein aussergew\u00f6hnliches wird? Ein neuer Erfolgs-Impuls stellt drei Fragen.","og_url":"https:\/\/www.organisator.ch\/fr\/gestion-2\/2025-01-28\/drei-fragen-fuer-ein-aussergewoehnliches-jahr\/","og_site_name":"Organisator","article_publisher":"https:\/\/www.facebook.com\/OrganisatorFachmagazin","article_published_time":"2025-01-28T07:15:07+00:00","article_modified_time":"2025-02-21T07:24:23+00:00","og_image":[{"width":680,"height":567,"url":"https:\/\/www.organisator.ch\/wp-content\/uploads\/2025\/01\/Drei-Fragen-fuer-ein-aussergewoehnliches-Jahr_Organisator.jpg","type":"image\/jpeg"}],"author":"thomas.berner","twitter_card":"summary_large_image","twitter_title":"Drei Fragen f\u00fcr ein #aussergew\u00f6hnliches Jahr","twitter_description":"Das Jahr 2025 ist nun einen Monat alt. Was braucht es, damit es ein aussergew\u00f6hnliches wird? Ein neuer #Erfolgs-Impuls stellt drei Fragen.","twitter_image":"https:\/\/www.organisator.ch\/wp-content\/uploads\/2025\/01\/Drei-Fragen-fuer-ein-aussergewoehnliches-Jahr_Organisator.jpg","schema":{"@context":"https:\/\/schema.org","@graph":[{"@type":"Article","@id":"https:\/\/www.organisator.ch\/management\/2025-01-28\/drei-fragen-fuer-ein-aussergewoehnliches-jahr\/#article","isPartOf":{"@id":"https:\/\/www.organisator.ch\/management\/2025-01-28\/drei-fragen-fuer-ein-aussergewoehnliches-jahr\/"},"author":{"name":"thomas.berner","@id":"https:\/\/www.organisator.ch\/#\/schema\/person\/6f650f90b2842cd4c0cc334b4e36f67e"},"headline":"Drei Fragen f\u00fcr ein aussergew\u00f6hnliches Jahr","datePublished":"2025-01-28T07:15:07+00:00","dateModified":"2025-02-21T07:24:23+00:00","mainEntityOfPage":{"@id":"https:\/\/www.organisator.ch\/management\/2025-01-28\/drei-fragen-fuer-ein-aussergewoehnliches-jahr\/"},"wordCount":506,"publisher":{"@id":"https:\/\/www.organisator.ch\/#organization"},"image":{"@id":"https:\/\/www.organisator.ch\/management\/2025-01-28\/drei-fragen-fuer-ein-aussergewoehnliches-jahr\/#primaryimage"},"thumbnailUrl":"https:\/\/www.organisator.ch\/wp-content\/uploads\/2025\/01\/Drei-Fragen-fuer-ein-aussergewoehnliches-Jahr_Organisator.jpg","keywords":["Checklisten","Erfolgs-Impuls","Leadership","Management und Unternehmensf\u00fchrung","Selbstmanagement"],"articleSection":["MANAGEMENT"],"inLanguage":"fr-FR"},{"@type":"WebPage","@id":"https:\/\/www.organisator.ch\/management\/2025-01-28\/drei-fragen-fuer-ein-aussergewoehnliches-jahr\/","url":"https:\/\/www.organisator.ch\/management\/2025-01-28\/drei-fragen-fuer-ein-aussergewoehnliches-jahr\/","name":"Trois questions pour une ann\u00e9e exceptionnelle - Organisateur","isPartOf":{"@id":"https:\/\/www.organisator.ch\/#website"},"primaryImageOfPage":{"@id":"https:\/\/www.organisator.ch\/management\/2025-01-28\/drei-fragen-fuer-ein-aussergewoehnliches-jahr\/#primaryimage"},"image":{"@id":"https:\/\/www.organisator.ch\/management\/2025-01-28\/drei-fragen-fuer-ein-aussergewoehnliches-jahr\/#primaryimage"},"thumbnailUrl":"https:\/\/www.organisator.ch\/wp-content\/uploads\/2025\/01\/Drei-Fragen-fuer-ein-aussergewoehnliches-Jahr_Organisator.jpg","datePublished":"2025-01-28T07:15:07+00:00","dateModified":"2025-02-21T07:24:23+00:00","description":"L'ann\u00e9e 2025 a maintenant un mois. Que faut-il pour qu'elle soit exceptionnelle ? Une nouvelle impulsion pour le succ\u00e8s pose trois questions.","breadcrumb":{"@id":"https:\/\/www.organisator.ch\/management\/2025-01-28\/drei-fragen-fuer-ein-aussergewoehnliches-jahr\/#breadcrumb"},"inLanguage":"fr-FR","potentialAction":[{"@type":"ReadAction","target":["https:\/\/www.organisator.ch\/management\/2025-01-28\/drei-fragen-fuer-ein-aussergewoehnliches-jahr\/"]}]},{"@type":"ImageObject","inLanguage":"fr-FR","@id":"https:\/\/www.organisator.ch\/management\/2025-01-28\/drei-fragen-fuer-ein-aussergewoehnliches-jahr\/#primaryimage","url":"https:\/\/www.organisator.ch\/wp-content\/uploads\/2025\/01\/Drei-Fragen-fuer-ein-aussergewoehnliches-Jahr_Organisator.jpg","contentUrl":"https:\/\/www.organisator.ch\/wp-content\/uploads\/2025\/01\/Drei-Fragen-fuer-ein-aussergewoehnliches-Jahr_Organisator.jpg","width":680,"height":567,"caption":"Soll das Jahr 2025 aussergew\u00f6hnlich werden? Stellen Sie sich selbst drei Fragen.... (Bild: KI-generiert \/ DALL-E)"},{"@type":"BreadcrumbList","@id":"https:\/\/www.organisator.ch\/management\/2025-01-28\/drei-fragen-fuer-ein-aussergewoehnliches-jahr\/#breadcrumb","itemListElement":[{"@type":"ListItem","position":1,"name":"Home","item":"https:\/\/www.organisator.ch\/"},{"@type":"ListItem","position":2,"name":"Drei Fragen f\u00fcr ein aussergew\u00f6hnliches Jahr"}]},{"@type":"WebSite","@id":"https:\/\/www.organisator.ch\/#website","url":"https:\/\/www.organisator.ch\/","name":"Organisateur","description":"Comp\u00e9tence et comp\u00e9tence. Proches de la pratique. L'ORGANISATEUR pr\u00e9pare 10 num\u00e9ros par an sur les th\u00e8mes essentiels pour les dirigeants de PME.","publisher":{"@id":"https:\/\/www.organisator.ch\/#organization"},"potentialAction":[{"@type":"SearchAction","target":{"@type":"EntryPoint","urlTemplate":"https:\/\/www.organisator.ch\/?s={search_term_string}"},"query-input":{"@type":"PropertyValueSpecification","valueRequired":true,"valueName":"search_term_string"}}],"inLanguage":"fr-FR"},{"@type":"Organization","@id":"https:\/\/www.organisator.ch\/#organization","name":"Organisateur","url":"https:\/\/www.organisator.ch\/","logo":{"@type":"ImageObject","inLanguage":"fr-FR","@id":"https:\/\/www.organisator.ch\/#\/schema\/logo\/image\/","url":"https:\/\/www.organisator.ch\/wp-content\/uploads\/2022\/01\/Logo_Organisator_Website.png","contentUrl":"https:\/\/www.organisator.ch\/wp-content\/uploads\/2022\/01\/Logo_Organisator_Website.png","width":800,"height":77,"caption":"Organisator"},"image":{"@id":"https:\/\/www.organisator.ch\/#\/schema\/logo\/image\/"},"sameAs":["https:\/\/www.facebook.com\/OrganisatorFachmagazin","https:\/\/www.linkedin.com\/showcase\/organisator-das-magazin-fr-kmu","https:\/\/www.xing.com\/news\/pages\/organisator-ch-695","https:\/\/www.youtube.com\/channel\/UCGP2Sq0iWaZwT3BdIAQFYpw"]},{"@type":"Person","@id":"https:\/\/www.organisator.ch\/#\/schema\/person\/6f650f90b2842cd4c0cc334b4e36f67e","name":"thomas.berner","image":{"@type":"ImageObject","inLanguage":"fr-FR","@id":"https:\/\/secure.gravatar.com\/avatar\/ac5001d2a36cb6c6cd3e50789007ffca834b477b74a2144564522e944eabff61?s=96&d=mm&r=g","url":"https:\/\/secure.gravatar.com\/avatar\/ac5001d2a36cb6c6cd3e50789007ffca834b477b74a2144564522e944eabff61?s=96&d=mm&r=g","contentUrl":"https:\/\/secure.gravatar.com\/avatar\/ac5001d2a36cb6c6cd3e50789007ffca834b477b74a2144564522e944eabff61?s=96&d=mm&r=g","caption":"thomas.berner"},"url":"https:\/\/www.organisator.ch\/fr\/author\/thomas-berner\/"}]}},"_links":{"self":[{"href":"https:\/\/www.organisator.ch\/fr\/wp-json\/wp\/v2\/posts\/35550","targetHints":{"allow":["GET"]}}],"collection":[{"href":"https:\/\/www.organisator.ch\/fr\/wp-json\/wp\/v2\/posts"}],"about":[{"href":"https:\/\/www.organisator.ch\/fr\/wp-json\/wp\/v2\/types\/post"}],"author":[{"embeddable":true,"href":"https:\/\/www.organisator.ch\/fr\/wp-json\/wp\/v2\/users\/4"}],"replies":[{"embeddable":true,"href":"https:\/\/www.organisator.ch\/fr\/wp-json\/wp\/v2\/comments?post=35550"}],"version-history":[{"count":5,"href":"https:\/\/www.organisator.ch\/fr\/wp-json\/wp\/v2\/posts\/35550\/revisions"}],"predecessor-version":[{"id":36240,"href":"https:\/\/www.organisator.ch\/fr\/wp-json\/wp\/v2\/posts\/35550\/revisions\/36240"}],"wp:featuredmedia":[{"embeddable":true,"href":"https:\/\/www.organisator.ch\/fr\/wp-json\/wp\/v2\/media\/35551"}],"wp:attachment":[{"href":"https:\/\/www.organisator.ch\/fr\/wp-json\/wp\/v2\/media?parent=35550"}],"wp:term":[{"taxonomy":"category","embeddable":true,"href":"https:\/\/www.organisator.ch\/fr\/wp-json\/wp\/v2\/categories?post=35550"},{"taxonomy":"post_tag","embeddable":true,"href":"https:\/\/www.organisator.ch\/fr\/wp-json\/wp\/v2\/tags?post=35550"}],"curies":[{"name":"wp","href":"https:\/\/api.w.org\/{rel}","templated":true}]}}