{"id":35553,"date":"2025-01-27T08:50:18","date_gmt":"2025-01-27T07:50:18","guid":{"rendered":"https:\/\/www.markt-kom.com\/?p=229505"},"modified":"2025-01-27T09:27:00","modified_gmt":"2025-01-27T08:27:00","slug":"bcm-award-2025-buehne-frei-fuer-exzellentes-content-marketing","status":"publish","type":"post","link":"https:\/\/www.organisator.ch\/fr\/marketing\/2025-01-27\/bcm-award-2025-buehne-frei-fuer-exzellentes-content-marketing\/","title":{"rendered":"BCM-Award 2025 : sc\u00e8ne libre pour l'excellence du marketing de contenu"},"content":{"rendered":"<p>&nbsp;<\/p>\r\n<figure id=\"attachment_229508\" class=\"wp-caption alignnone\" style=\"width: 1024px;\" aria-describedby=\"caption-attachment-229508\"><a href=\"https:\/\/www.markt-kom.com\/wp-content\/uploads\/2025\/01\/Best-of-Content-Marketing-Award.png\"><img class=\"size-full wp-image-229508\" src=\"https:\/\/www.markt-kom.com\/wp-content\/uploads\/2025\/01\/Best-of-Content-Marketing-Award.png\" sizes=\"(max-width: 1024px) 100vw, 1024px\" srcset=\"https:\/\/www.markt-kom.com\/wp-content\/uploads\/2025\/01\/Best-of-Content-Marketing-Award.png 1024w, https:\/\/www.markt-kom.com\/wp-content\/uploads\/2025\/01\/Best-of-Content-Marketing-Award-600x450.png 600w, https:\/\/www.markt-kom.com\/wp-content\/uploads\/2025\/01\/Best-of-Content-Marketing-Award-768x576.png 768w, https:\/\/www.markt-kom.com\/wp-content\/uploads\/2025\/01\/Best-of-Content-Marketing-Award-16x12.png 16w, https:\/\/www.markt-kom.com\/wp-content\/uploads\/2025\/01\/Best-of-Content-Marketing-Award-233x175.png 233w, https:\/\/www.markt-kom.com\/wp-content\/uploads\/2025\/01\/Best-of-Content-Marketing-Award-467x350.png 467w, https:\/\/www.markt-kom.com\/wp-content\/uploads\/2025\/01\/Best-of-Content-Marketing-Award-1000x750.png 1000w\" alt=\"\" width=\"1024\" height=\"768\" \/><\/a>\r\n<figcaption id=\"caption-attachment-229508\" class=\"wp-caption-text\">Prix du meilleur marketing de contenu<\/figcaption>\r\n<\/figure>\r\n<p>Le concours <a href=\"https:\/\/bestofcontentmarketing.com\/\" rel=\"noopener\">\"Meilleur marketing de contenu\" (BCM)<\/a> d\u00e9marre la saison 2025. \u00c0 partir du 1er f\u00e9vrier, les projets de marketing de contenu de toutes sortes pourront \u00eatre soumis sur la plateforme bestofcontentmarketing.com. Le BCM-Award est consid\u00e9r\u00e9 comme le plus grand concours de ce type dans l'espace germanophone et place syst\u00e9matiquement les contenus au centre de l'\u00e9valuation.<\/p>\r\n<p>Peter Matz, charg\u00e9 du BCM au sein du comit\u00e9 directeur de l'organisateur Content Marketing Forum e.V. (CMF), explique : \"Tout comme le marketing de contenu \u00e9volue constamment, notre prix re\u00e7oit lui aussi un petit rafra\u00eechissement chaque ann\u00e9e\". La nouveaut\u00e9 de cette ann\u00e9e est la distinction entre la communication r\u00e9guli\u00e8re et les campagnes. Olaf Wolff, pr\u00e9sident du CMF, souligne : \"Une campagne fonctionne tout simplement diff\u00e9remment de la communication r\u00e9guli\u00e8re. Les deux sont indispensables dans le marketing mix, et gr\u00e2ce \u00e0 cette nouvelle diff\u00e9renciation, nous donnons aux deux la sc\u00e8ne qu'elles m\u00e9ritent\".<\/p>\r\n<figure id=\"attachment_229507\" class=\"wp-caption alignnone\" style=\"width: 1400px;\" aria-describedby=\"caption-attachment-229507\"><a href=\"https:\/\/www.markt-kom.com\/wp-content\/uploads\/2025\/01\/Matz_Peter_CMF_by_PictureAlliance_1AG_8366-scaled.jpg\"><img class=\"size-full wp-image-229507\" src=\"https:\/\/www.markt-kom.com\/wp-content\/uploads\/2025\/01\/Matz_Peter_CMF_by_PictureAlliance_1AG_8366-scaled.jpg\" sizes=\"(max-width: 1400px) 100vw, 1400px\" srcset=\"https:\/\/www.markt-kom.com\/wp-content\/uploads\/2025\/01\/Matz_Peter_CMF_by_PictureAlliance_1AG_8366-scaled.jpg 1300w, https:\/\/www.markt-kom.com\/wp-content\/uploads\/2025\/01\/Matz_Peter_CMF_by_PictureAlliance_1AG_8366-600x400.jpg 600w, https:\/\/www.markt-kom.com\/wp-content\/uploads\/2025\/01\/Matz_Peter_CMF_by_PictureAlliance_1AG_8366-1024x683.jpg 1024w, https:\/\/www.markt-kom.com\/wp-content\/uploads\/2025\/01\/Matz_Peter_CMF_by_PictureAlliance_1AG_8366-768x512.jpg 768w, https:\/\/www.markt-kom.com\/wp-content\/uploads\/2025\/01\/Matz_Peter_CMF_by_PictureAlliance_1AG_8366-1536x1024.jpg 1536w, https:\/\/www.markt-kom.com\/wp-content\/uploads\/2025\/01\/Matz_Peter_CMF_by_PictureAlliance_1AG_8366-2048x1365.jpg 2048w, https:\/\/www.markt-kom.com\/wp-content\/uploads\/2025\/01\/Matz_Peter_CMF_by_PictureAlliance_1AG_8366-18x12.jpg 18w, https:\/\/www.markt-kom.com\/wp-content\/uploads\/2025\/01\/Matz_Peter_CMF_by_PictureAlliance_1AG_8366-263x175.jpg 263w, https:\/\/www.markt-kom.com\/wp-content\/uploads\/2025\/01\/Matz_Peter_CMF_by_PictureAlliance_1AG_8366-525x350.jpg 525w, https:\/\/www.markt-kom.com\/wp-content\/uploads\/2025\/01\/Matz_Peter_CMF_by_PictureAlliance_1AG_8366-1000x667.jpg 1000w\" alt=\"\" width=\"1400\" height=\"933\" \/><\/a>\r\n<figcaption id=\"caption-attachment-229507\" class=\"wp-caption-text\">Peter Matz, responsable BCM au sein du comit\u00e9 directeur de l'organisateur des prix, Content Marketing Forum e.V. (CMF)<\/figcaption>\r\n<\/figure>\r\n<p>Les nouvelles cat\u00e9gories refl\u00e8tent les tendances actuelles : \"Art of Storytelling - Tech-driven Storytelling\" remplace le prix sp\u00e9cial \"Best of KI\" de l'ann\u00e9e derni\u00e8re et se concentre sur les applications cr\u00e9atives des technologies g\u00e9n\u00e9ratives. En outre, la cat\u00e9gorie \"Content Operations \/ Newsroom\" met en lumi\u00e8re l'organisation et les outils qui se cachent derri\u00e8re les strat\u00e9gies de marketing de contenu r\u00e9ussies. Un nouveau prix sp\u00e9cial, \"Best of efficient Creation Excellence\", r\u00e9compense les projets qui allient excellence et efficacit\u00e9 - un signal important en ces temps \u00e9conomiquement difficiles.<\/p>\r\n<p>Les cat\u00e9gories B2B seront particuli\u00e8rement renforc\u00e9es gr\u00e2ce \u00e0 la collaboration avec le Bundesverband Industrie Kommunikation e.V. (bvik). Les candidatures pour le BCM-Award peuvent \u00eatre d\u00e9pos\u00e9es jusqu'au 30 avril. D'autres concours de la famille BCM sont organis\u00e9s en parall\u00e8le, notamment le BCP et le BICC-Award. La remise des prix aura lieu le 9 octobre \u00e0 Munich.<\/p>","protected":false},"excerpt":{"rendered":"<p>Le BCM-Award 2025 ouvre son portail de soumission. Avec de nouvelles cat\u00e9gories et priorit\u00e9s, le concours offre encore plus de place aux solutions de marketing de contenu innovantes et efficaces.<\/p>","protected":false},"author":8,"featured_media":0,"comment_status":"closed","ping_status":"closed","sticky":false,"template":"","format":"standard","meta":{"_acf_changed":false,"_yoast_wpseo_focuskw":"BCM-Award 2025","_yoast_wpseo_metadesc":"Ab 1. Februar einreichen! Neue Kategorien, Schwerpunkte und Chancen f\u00fcr innovative Content Marketing-L\u00f6sungen.","articlekey":"","footnotes":""},"categories":[29],"tags":[66,4609],"class_list":["post-35553","post","type-post","status-publish","format-standard","hentry","category-marketing","tag-awards","tag-bcm-award"],"acf":[],"yoast_head":"<!-- This site is optimized with the Yoast SEO plugin v27.5 - https:\/\/yoast.com\/product\/yoast-seo-wordpress\/ -->\n<title>BCM-Award 2025: B\u00fchne frei f\u00fcr exzellentes Content Marketing - Organisator<\/title>\n<meta name=\"description\" content=\"Ab 1. Februar einreichen! Neue Kategorien, Schwerpunkte und Chancen f\u00fcr innovative Content Marketing-L\u00f6sungen.\" \/>\n<meta name=\"robots\" content=\"index, follow, max-snippet:-1, max-image-preview:large, max-video-preview:-1\" \/>\n<link rel=\"canonical\" href=\"https:\/\/www.organisator.ch\/fr\/marketing\/2025-01-27\/bcm-award-2025-buehne-frei-fuer-exzellentes-content-marketing\/\" \/>\n<meta property=\"og:locale\" content=\"fr_FR\" \/>\n<meta property=\"og:type\" content=\"article\" \/>\n<meta property=\"og:title\" content=\"BCM-Award 2025: B\u00fchne frei f\u00fcr exzellentes Content Marketing - Organisator\" \/>\n<meta property=\"og:description\" content=\"Ab 1. Februar einreichen! Neue Kategorien, Schwerpunkte und Chancen f\u00fcr innovative Content Marketing-L\u00f6sungen.\" \/>\n<meta property=\"og:url\" content=\"https:\/\/www.organisator.ch\/fr\/marketing\/2025-01-27\/bcm-award-2025-buehne-frei-fuer-exzellentes-content-marketing\/\" \/>\n<meta property=\"og:site_name\" content=\"Organisator\" \/>\n<meta property=\"article:publisher\" content=\"https:\/\/www.facebook.com\/OrganisatorFachmagazin\" \/>\n<meta property=\"article:published_time\" content=\"2025-01-27T07:50:18+00:00\" \/>\n<meta property=\"article:modified_time\" content=\"2025-01-27T08:27:00+00:00\" \/>\n<meta name=\"author\" content=\"galledia\" \/>\n<meta name=\"twitter:card\" content=\"summary_large_image\" \/>\n<meta name=\"twitter:creator\" content=\"@admin\" \/>\n<script type=\"application\/ld+json\" class=\"yoast-schema-graph\">{\"@context\":\"https:\\\/\\\/schema.org\",\"@graph\":[{\"@type\":\"Article\",\"@id\":\"https:\\\/\\\/www.organisator.ch\\\/marketing\\\/2025-01-27\\\/bcm-award-2025-buehne-frei-fuer-exzellentes-content-marketing\\\/#article\",\"isPartOf\":{\"@id\":\"https:\\\/\\\/www.organisator.ch\\\/marketing\\\/2025-01-27\\\/bcm-award-2025-buehne-frei-fuer-exzellentes-content-marketing\\\/\"},\"author\":{\"name\":\"galledia\",\"@id\":\"https:\\\/\\\/www.organisator.ch\\\/#\\\/schema\\\/person\\\/4e51799071cd2dd1232ac003643ef5f0\"},\"headline\":\"BCM-Award 2025: B\u00fchne frei f\u00fcr exzellentes Content Marketing\",\"datePublished\":\"2025-01-27T07:50:18+00:00\",\"dateModified\":\"2025-01-27T08:27:00+00:00\",\"mainEntityOfPage\":{\"@id\":\"https:\\\/\\\/www.organisator.ch\\\/marketing\\\/2025-01-27\\\/bcm-award-2025-buehne-frei-fuer-exzellentes-content-marketing\\\/\"},\"wordCount\":270,\"publisher\":{\"@id\":\"https:\\\/\\\/www.organisator.ch\\\/#organization\"},\"image\":{\"@id\":\"https:\\\/\\\/www.organisator.ch\\\/marketing\\\/2025-01-27\\\/bcm-award-2025-buehne-frei-fuer-exzellentes-content-marketing\\\/#primaryimage\"},\"thumbnailUrl\":\"https:\\\/\\\/www.markt-kom.com\\\/wp-content\\\/uploads\\\/2025\\\/01\\\/Best-of-Content-Marketing-Award.png\",\"keywords\":[\"Awards\",\"BCM Award\"],\"articleSection\":[\"MARKETING\"],\"inLanguage\":\"fr-FR\"},{\"@type\":\"WebPage\",\"@id\":\"https:\\\/\\\/www.organisator.ch\\\/marketing\\\/2025-01-27\\\/bcm-award-2025-buehne-frei-fuer-exzellentes-content-marketing\\\/\",\"url\":\"https:\\\/\\\/www.organisator.ch\\\/marketing\\\/2025-01-27\\\/bcm-award-2025-buehne-frei-fuer-exzellentes-content-marketing\\\/\",\"name\":\"BCM-Award 2025: B\u00fchne frei f\u00fcr exzellentes Content Marketing - Organisator\",\"isPartOf\":{\"@id\":\"https:\\\/\\\/www.organisator.ch\\\/#website\"},\"primaryImageOfPage\":{\"@id\":\"https:\\\/\\\/www.organisator.ch\\\/marketing\\\/2025-01-27\\\/bcm-award-2025-buehne-frei-fuer-exzellentes-content-marketing\\\/#primaryimage\"},\"image\":{\"@id\":\"https:\\\/\\\/www.organisator.ch\\\/marketing\\\/2025-01-27\\\/bcm-award-2025-buehne-frei-fuer-exzellentes-content-marketing\\\/#primaryimage\"},\"thumbnailUrl\":\"https:\\\/\\\/www.markt-kom.com\\\/wp-content\\\/uploads\\\/2025\\\/01\\\/Best-of-Content-Marketing-Award.png\",\"datePublished\":\"2025-01-27T07:50:18+00:00\",\"dateModified\":\"2025-01-27T08:27:00+00:00\",\"description\":\"Ab 1. Februar einreichen! Neue Kategorien, Schwerpunkte und Chancen f\u00fcr innovative Content Marketing-L\u00f6sungen.\",\"breadcrumb\":{\"@id\":\"https:\\\/\\\/www.organisator.ch\\\/marketing\\\/2025-01-27\\\/bcm-award-2025-buehne-frei-fuer-exzellentes-content-marketing\\\/#breadcrumb\"},\"inLanguage\":\"fr-FR\",\"potentialAction\":[{\"@type\":\"ReadAction\",\"target\":[\"https:\\\/\\\/www.organisator.ch\\\/marketing\\\/2025-01-27\\\/bcm-award-2025-buehne-frei-fuer-exzellentes-content-marketing\\\/\"]}]},{\"@type\":\"ImageObject\",\"inLanguage\":\"fr-FR\",\"@id\":\"https:\\\/\\\/www.organisator.ch\\\/marketing\\\/2025-01-27\\\/bcm-award-2025-buehne-frei-fuer-exzellentes-content-marketing\\\/#primaryimage\",\"url\":\"https:\\\/\\\/www.markt-kom.com\\\/wp-content\\\/uploads\\\/2025\\\/01\\\/Best-of-Content-Marketing-Award.png\",\"contentUrl\":\"https:\\\/\\\/www.markt-kom.com\\\/wp-content\\\/uploads\\\/2025\\\/01\\\/Best-of-Content-Marketing-Award.png\"},{\"@type\":\"BreadcrumbList\",\"@id\":\"https:\\\/\\\/www.organisator.ch\\\/marketing\\\/2025-01-27\\\/bcm-award-2025-buehne-frei-fuer-exzellentes-content-marketing\\\/#breadcrumb\",\"itemListElement\":[{\"@type\":\"ListItem\",\"position\":1,\"name\":\"Home\",\"item\":\"https:\\\/\\\/www.organisator.ch\\\/\"},{\"@type\":\"ListItem\",\"position\":2,\"name\":\"BCM-Award 2025: B\u00fchne frei f\u00fcr exzellentes Content Marketing\"}]},{\"@type\":\"WebSite\",\"@id\":\"https:\\\/\\\/www.organisator.ch\\\/#website\",\"url\":\"https:\\\/\\\/www.organisator.ch\\\/\",\"name\":\"Organisator\",\"description\":\"Kompetent. Praxisnah. Der ORGANISATOR bereitet in 10 Ausgaben pro Jahr die wesentlichen Themen f\u00fcr F\u00fchrungskr\u00e4fte von KMU auf.\",\"publisher\":{\"@id\":\"https:\\\/\\\/www.organisator.ch\\\/#organization\"},\"potentialAction\":[{\"@type\":\"SearchAction\",\"target\":{\"@type\":\"EntryPoint\",\"urlTemplate\":\"https:\\\/\\\/www.organisator.ch\\\/?s={search_term_string}\"},\"query-input\":{\"@type\":\"PropertyValueSpecification\",\"valueRequired\":true,\"valueName\":\"search_term_string\"}}],\"inLanguage\":\"fr-FR\"},{\"@type\":\"Organization\",\"@id\":\"https:\\\/\\\/www.organisator.ch\\\/#organization\",\"name\":\"Organisator\",\"url\":\"https:\\\/\\\/www.organisator.ch\\\/\",\"logo\":{\"@type\":\"ImageObject\",\"inLanguage\":\"fr-FR\",\"@id\":\"https:\\\/\\\/www.organisator.ch\\\/#\\\/schema\\\/logo\\\/image\\\/\",\"url\":\"https:\\\/\\\/www.organisator.ch\\\/wp-content\\\/uploads\\\/2022\\\/01\\\/Logo_Organisator_Website.png\",\"contentUrl\":\"https:\\\/\\\/www.organisator.ch\\\/wp-content\\\/uploads\\\/2022\\\/01\\\/Logo_Organisator_Website.png\",\"width\":800,\"height\":77,\"caption\":\"Organisator\"},\"image\":{\"@id\":\"https:\\\/\\\/www.organisator.ch\\\/#\\\/schema\\\/logo\\\/image\\\/\"},\"sameAs\":[\"https:\\\/\\\/www.facebook.com\\\/OrganisatorFachmagazin\",\"https:\\\/\\\/www.linkedin.com\\\/showcase\\\/organisator-das-magazin-fr-kmu\",\"https:\\\/\\\/www.xing.com\\\/news\\\/pages\\\/organisator-ch-695\",\"https:\\\/\\\/www.youtube.com\\\/channel\\\/UCGP2Sq0iWaZwT3BdIAQFYpw\"]},{\"@type\":\"Person\",\"@id\":\"https:\\\/\\\/www.organisator.ch\\\/#\\\/schema\\\/person\\\/4e51799071cd2dd1232ac003643ef5f0\",\"name\":\"galledia\",\"image\":{\"@type\":\"ImageObject\",\"inLanguage\":\"fr-FR\",\"@id\":\"https:\\\/\\\/secure.gravatar.com\\\/avatar\\\/78a7f90c01fc2bfc875782a0d4922b37cde2cf184ce347b91316d23cd7f69a36?s=96&d=mm&r=g\",\"url\":\"https:\\\/\\\/secure.gravatar.com\\\/avatar\\\/78a7f90c01fc2bfc875782a0d4922b37cde2cf184ce347b91316d23cd7f69a36?s=96&d=mm&r=g\",\"contentUrl\":\"https:\\\/\\\/secure.gravatar.com\\\/avatar\\\/78a7f90c01fc2bfc875782a0d4922b37cde2cf184ce347b91316d23cd7f69a36?s=96&d=mm&r=g\",\"caption\":\"galledia\"},\"sameAs\":[\"https:\\\/\\\/x.com\\\/admin\"],\"url\":\"https:\\\/\\\/www.organisator.ch\\\/fr\\\/author\\\/galledia\\\/\"}]}<\/script>\n<!-- \/ Yoast SEO plugin. -->","yoast_head_json":{"title":"BCM-Award 2025 : sc\u00e8ne libre pour l'excellence du content marketing - Organisateur","description":"Soumettre \u00e0 partir du 1er f\u00e9vrier ! Nouvelles cat\u00e9gories, priorit\u00e9s et opportunit\u00e9s pour des solutions de marketing de contenu innovantes.","robots":{"index":"index","follow":"follow","max-snippet":"max-snippet:-1","max-image-preview":"max-image-preview:large","max-video-preview":"max-video-preview:-1"},"canonical":"https:\/\/www.organisator.ch\/fr\/marketing\/2025-01-27\/bcm-award-2025-buehne-frei-fuer-exzellentes-content-marketing\/","og_locale":"fr_FR","og_type":"article","og_title":"BCM-Award 2025: B\u00fchne frei f\u00fcr exzellentes Content Marketing - Organisator","og_description":"Ab 1. Februar einreichen! Neue Kategorien, Schwerpunkte und Chancen f\u00fcr innovative Content Marketing-L\u00f6sungen.","og_url":"https:\/\/www.organisator.ch\/fr\/marketing\/2025-01-27\/bcm-award-2025-buehne-frei-fuer-exzellentes-content-marketing\/","og_site_name":"Organisator","article_publisher":"https:\/\/www.facebook.com\/OrganisatorFachmagazin","article_published_time":"2025-01-27T07:50:18+00:00","article_modified_time":"2025-01-27T08:27:00+00:00","author":"galledia","twitter_card":"summary_large_image","twitter_creator":"@admin","schema":{"@context":"https:\/\/schema.org","@graph":[{"@type":"Article","@id":"https:\/\/www.organisator.ch\/marketing\/2025-01-27\/bcm-award-2025-buehne-frei-fuer-exzellentes-content-marketing\/#article","isPartOf":{"@id":"https:\/\/www.organisator.ch\/marketing\/2025-01-27\/bcm-award-2025-buehne-frei-fuer-exzellentes-content-marketing\/"},"author":{"name":"galledia","@id":"https:\/\/www.organisator.ch\/#\/schema\/person\/4e51799071cd2dd1232ac003643ef5f0"},"headline":"BCM-Award 2025: B\u00fchne frei f\u00fcr exzellentes Content Marketing","datePublished":"2025-01-27T07:50:18+00:00","dateModified":"2025-01-27T08:27:00+00:00","mainEntityOfPage":{"@id":"https:\/\/www.organisator.ch\/marketing\/2025-01-27\/bcm-award-2025-buehne-frei-fuer-exzellentes-content-marketing\/"},"wordCount":270,"publisher":{"@id":"https:\/\/www.organisator.ch\/#organization"},"image":{"@id":"https:\/\/www.organisator.ch\/marketing\/2025-01-27\/bcm-award-2025-buehne-frei-fuer-exzellentes-content-marketing\/#primaryimage"},"thumbnailUrl":"https:\/\/www.markt-kom.com\/wp-content\/uploads\/2025\/01\/Best-of-Content-Marketing-Award.png","keywords":["Awards","BCM Award"],"articleSection":["MARKETING"],"inLanguage":"fr-FR"},{"@type":"WebPage","@id":"https:\/\/www.organisator.ch\/marketing\/2025-01-27\/bcm-award-2025-buehne-frei-fuer-exzellentes-content-marketing\/","url":"https:\/\/www.organisator.ch\/marketing\/2025-01-27\/bcm-award-2025-buehne-frei-fuer-exzellentes-content-marketing\/","name":"BCM-Award 2025 : sc\u00e8ne libre pour l'excellence du content marketing - Organisateur","isPartOf":{"@id":"https:\/\/www.organisator.ch\/#website"},"primaryImageOfPage":{"@id":"https:\/\/www.organisator.ch\/marketing\/2025-01-27\/bcm-award-2025-buehne-frei-fuer-exzellentes-content-marketing\/#primaryimage"},"image":{"@id":"https:\/\/www.organisator.ch\/marketing\/2025-01-27\/bcm-award-2025-buehne-frei-fuer-exzellentes-content-marketing\/#primaryimage"},"thumbnailUrl":"https:\/\/www.markt-kom.com\/wp-content\/uploads\/2025\/01\/Best-of-Content-Marketing-Award.png","datePublished":"2025-01-27T07:50:18+00:00","dateModified":"2025-01-27T08:27:00+00:00","description":"Soumettre \u00e0 partir du 1er f\u00e9vrier ! Nouvelles cat\u00e9gories, priorit\u00e9s et opportunit\u00e9s pour des solutions de marketing de contenu innovantes.","breadcrumb":{"@id":"https:\/\/www.organisator.ch\/marketing\/2025-01-27\/bcm-award-2025-buehne-frei-fuer-exzellentes-content-marketing\/#breadcrumb"},"inLanguage":"fr-FR","potentialAction":[{"@type":"ReadAction","target":["https:\/\/www.organisator.ch\/marketing\/2025-01-27\/bcm-award-2025-buehne-frei-fuer-exzellentes-content-marketing\/"]}]},{"@type":"ImageObject","inLanguage":"fr-FR","@id":"https:\/\/www.organisator.ch\/marketing\/2025-01-27\/bcm-award-2025-buehne-frei-fuer-exzellentes-content-marketing\/#primaryimage","url":"https:\/\/www.markt-kom.com\/wp-content\/uploads\/2025\/01\/Best-of-Content-Marketing-Award.png","contentUrl":"https:\/\/www.markt-kom.com\/wp-content\/uploads\/2025\/01\/Best-of-Content-Marketing-Award.png"},{"@type":"BreadcrumbList","@id":"https:\/\/www.organisator.ch\/marketing\/2025-01-27\/bcm-award-2025-buehne-frei-fuer-exzellentes-content-marketing\/#breadcrumb","itemListElement":[{"@type":"ListItem","position":1,"name":"Home","item":"https:\/\/www.organisator.ch\/"},{"@type":"ListItem","position":2,"name":"BCM-Award 2025: B\u00fchne frei f\u00fcr exzellentes Content Marketing"}]},{"@type":"WebSite","@id":"https:\/\/www.organisator.ch\/#website","url":"https:\/\/www.organisator.ch\/","name":"Organisateur","description":"Comp\u00e9tence et comp\u00e9tence. Proches de la pratique. L'ORGANISATEUR pr\u00e9pare 10 num\u00e9ros par an sur les th\u00e8mes essentiels pour les dirigeants de PME.","publisher":{"@id":"https:\/\/www.organisator.ch\/#organization"},"potentialAction":[{"@type":"SearchAction","target":{"@type":"EntryPoint","urlTemplate":"https:\/\/www.organisator.ch\/?s={search_term_string}"},"query-input":{"@type":"PropertyValueSpecification","valueRequired":true,"valueName":"search_term_string"}}],"inLanguage":"fr-FR"},{"@type":"Organization","@id":"https:\/\/www.organisator.ch\/#organization","name":"Organisateur","url":"https:\/\/www.organisator.ch\/","logo":{"@type":"ImageObject","inLanguage":"fr-FR","@id":"https:\/\/www.organisator.ch\/#\/schema\/logo\/image\/","url":"https:\/\/www.organisator.ch\/wp-content\/uploads\/2022\/01\/Logo_Organisator_Website.png","contentUrl":"https:\/\/www.organisator.ch\/wp-content\/uploads\/2022\/01\/Logo_Organisator_Website.png","width":800,"height":77,"caption":"Organisator"},"image":{"@id":"https:\/\/www.organisator.ch\/#\/schema\/logo\/image\/"},"sameAs":["https:\/\/www.facebook.com\/OrganisatorFachmagazin","https:\/\/www.linkedin.com\/showcase\/organisator-das-magazin-fr-kmu","https:\/\/www.xing.com\/news\/pages\/organisator-ch-695","https:\/\/www.youtube.com\/channel\/UCGP2Sq0iWaZwT3BdIAQFYpw"]},{"@type":"Person","@id":"https:\/\/www.organisator.ch\/#\/schema\/person\/4e51799071cd2dd1232ac003643ef5f0","name":"galledia","image":{"@type":"ImageObject","inLanguage":"fr-FR","@id":"https:\/\/secure.gravatar.com\/avatar\/78a7f90c01fc2bfc875782a0d4922b37cde2cf184ce347b91316d23cd7f69a36?s=96&d=mm&r=g","url":"https:\/\/secure.gravatar.com\/avatar\/78a7f90c01fc2bfc875782a0d4922b37cde2cf184ce347b91316d23cd7f69a36?s=96&d=mm&r=g","contentUrl":"https:\/\/secure.gravatar.com\/avatar\/78a7f90c01fc2bfc875782a0d4922b37cde2cf184ce347b91316d23cd7f69a36?s=96&d=mm&r=g","caption":"galledia"},"sameAs":["https:\/\/x.com\/admin"],"url":"https:\/\/www.organisator.ch\/fr\/author\/galledia\/"}]}},"_links":{"self":[{"href":"https:\/\/www.organisator.ch\/fr\/wp-json\/wp\/v2\/posts\/35553","targetHints":{"allow":["GET"]}}],"collection":[{"href":"https:\/\/www.organisator.ch\/fr\/wp-json\/wp\/v2\/posts"}],"about":[{"href":"https:\/\/www.organisator.ch\/fr\/wp-json\/wp\/v2\/types\/post"}],"author":[{"embeddable":true,"href":"https:\/\/www.organisator.ch\/fr\/wp-json\/wp\/v2\/users\/8"}],"replies":[{"embeddable":true,"href":"https:\/\/www.organisator.ch\/fr\/wp-json\/wp\/v2\/comments?post=35553"}],"version-history":[{"count":4,"href":"https:\/\/www.organisator.ch\/fr\/wp-json\/wp\/v2\/posts\/35553\/revisions"}],"predecessor-version":[{"id":35556,"href":"https:\/\/www.organisator.ch\/fr\/wp-json\/wp\/v2\/posts\/35553\/revisions\/35556"}],"wp:attachment":[{"href":"https:\/\/www.organisator.ch\/fr\/wp-json\/wp\/v2\/media?parent=35553"}],"wp:term":[{"taxonomy":"category","embeddable":true,"href":"https:\/\/www.organisator.ch\/fr\/wp-json\/wp\/v2\/categories?post=35553"},{"taxonomy":"post_tag","embeddable":true,"href":"https:\/\/www.organisator.ch\/fr\/wp-json\/wp\/v2\/tags?post=35553"}],"curies":[{"name":"wp","href":"https:\/\/api.w.org\/{rel}","templated":true}]}}