{"id":35591,"date":"2025-01-28T11:00:27","date_gmt":"2025-01-28T10:00:27","guid":{"rendered":"https:\/\/www.organisator.ch\/?p=35591"},"modified":"2025-01-28T10:19:14","modified_gmt":"2025-01-28T09:19:14","slug":"weiterbildungsorganisationen-erwarten-viel-von-ki-benoetigen-aber-noch-kompetenzen","status":"publish","type":"post","link":"https:\/\/www.organisator.ch\/fr\/weiterbildung\/2025-01-28\/weiterbildungsorganisationen-erwarten-viel-von-ki-benoetigen-aber-noch-kompetenzen\/","title":{"rendered":"Les organismes de formation continue attendent beaucoup de l'IA, mais ont encore besoin de comp\u00e9tences"},"content":{"rendered":"<figure id=\"attachment_35595\" aria-describedby=\"caption-attachment-35595\" style=\"width: 680px\" class=\"wp-caption alignnone\"><img loading=\"lazy\" decoding=\"async\" class=\"size-full wp-image-35595\" src=\"https:\/\/www.organisator.ch\/wp-content\/uploads\/2025\/01\/SVEB_Bild1_ps.jpg\" alt=\"\" width=\"680\" height=\"389\" srcset=\"https:\/\/www.organisator.ch\/wp-content\/uploads\/2025\/01\/SVEB_Bild1_ps.jpg 680w, https:\/\/www.organisator.ch\/wp-content\/uploads\/2025\/01\/SVEB_Bild1_ps-18x10.jpg 18w, https:\/\/www.organisator.ch\/wp-content\/uploads\/2025\/01\/SVEB_Bild1_ps-375x215.jpg 375w, https:\/\/www.organisator.ch\/wp-content\/uploads\/2025\/01\/SVEB_Bild1_ps-612x350.jpg 612w\" sizes=\"auto, (max-width: 680px) 100vw, 680px\" \/><figcaption id=\"caption-attachment-35595\" class=\"wp-caption-text\">L'enqu\u00eate de la FSEA le montre : l'IA est utilis\u00e9e dans la formation continue pour le marketing, la communication et les settings d'apprentissage, mais les comp\u00e9tences font d\u00e9faut. (Image : KI-generiert \/ DALL-E)<\/figcaption><\/figure>\n<p>L'utilisation de l'intelligence artificielle (IA) a \u00e9galement gagn\u00e9 en importance dans la formation continue. Dans son \u00e9tude de recherche Focus Formation continue, la FSEA montre comment les prestataires utilisent actuellement l'IA. Les r\u00e9sultats se basent sur l'enqu\u00eate men\u00e9e aupr\u00e8s des prestataires au printemps 2024, \u00e0 laquelle 423 organisations des trois r\u00e9gions linguistiques ont particip\u00e9.<\/p>\n<p>L'enqu\u00eate aupr\u00e8s des prestataires montre que l'IA est utilis\u00e9e de mani\u00e8re diff\u00e9rente dans les organisations de formation continue suisses. 32% des organisations de formation continue utilisent d\u00e9j\u00e0 l'IA, 13% pr\u00e9voient de l'utiliser. Environ un quart d'entre eux excluent toute utilisation dans un avenir proche.<\/p>\n<p>L'IA est le plus souvent utilis\u00e9e dans des domaines tels que le marketing et la communication, ainsi que dans des contextes d'enseignement et d'apprentissage. Le recours \u00e0 des outils de traitement du langage tels que ChatGPT, DeepL ou Gemini est particuli\u00e8rement fr\u00e9quent, ces outils \u00e9tant le plus souvent utilis\u00e9s pour la cr\u00e9ation de mat\u00e9riel d'apprentissage.<\/p>\n<h3><strong>De grandes attentes pour l'individualisation<\/strong><\/h3>\n<p>Les r\u00e9sultats de l'enqu\u00eate montrent clairement que la majorit\u00e9 des prestataires sont positifs vis-\u00e0-vis de l'IA. Environ deux tiers d'entre eux estiment que l'IA aura un effet positif sur la qualit\u00e9 des offres de formation continue. Nombreux sont ceux qui esp\u00e8rent en particulier un b\u00e9n\u00e9fice pour l'individualisation des settings d'enseignement et d'apprentissage.<\/p>\n<p>Parall\u00e8lement, 60% des organisations estiment que les risques \u00e9thiques sont importants, notamment en ce qui concerne la protection des donn\u00e9es et le remplacement potentiel des enseignants par l'IA.<\/p>\n<h3><strong>Les comp\u00e9tences sont un probl\u00e8me<\/strong><\/h3>\n<p>Un facteur important pour une utilisation r\u00e9ussie de l'IA est la comp\u00e9tence du personnel de formation continue. Au printemps 2024, seules 39% des organisations ont indiqu\u00e9 que leurs collaborateurs disposaient de comp\u00e9tences suffisantes. En m\u00eame temps, le personnel fait preuve d'une grande ouverture : dans 80 pour cent des organisations, il est pr\u00eat \u00e0 int\u00e9grer l'IA dans son travail.<\/p>\n<p>Pour faire face \u00e0 l'\u00e9volution des exigences en mati\u00e8re de comp\u00e9tences, 44% des organisations ont d\u00e9j\u00e0 propos\u00e9 des formations continues \u00e0 leur personnel. Le contenu va de l'introduction de base \u00e0 l'IA \u00e0 des applications sp\u00e9cifiques dans des contextes d'enseignement et d'apprentissage.<\/p>\n<h3><strong>Vers l'enqu\u00eate aupr\u00e8s des fournisseurs<\/strong><\/h3>\n<p>Les r\u00e9sultats pr\u00e9sent\u00e9s se basent sur une enqu\u00eate men\u00e9e par la FSEA aupr\u00e8s des prestataires de formation continue professionnelle et g\u00e9n\u00e9rale\/culturelle ainsi qu'aupr\u00e8s des prestataires dans le domaine des comp\u00e9tences de base. Les donn\u00e9es ont \u00e9t\u00e9 collect\u00e9es au moyen d'un sondage en ligne dans toutes les r\u00e9gions linguistiques en allemand, fran\u00e7ais et italien entre le 30 avril et le 28 mai 2024. L'\u00e9chantillon net de l'\u00e9tude comprend 423 prestataires.<\/p>\n<p>46 pour cent des organisations interrog\u00e9es sont des petits prestataires, 47 pour cent des moyens et 8 pour cent des grands. Pour 62 pour cent des organisations, la formation continue est l'objectif principal et pour 38 pour cent l'objectif secondaire. 41 pour cent sont actifs en Suisse al\u00e9manique, 31 pour cent en Suisse romande, 5 pour cent en Suisse italienne et 23 pour cent sont des prestataires suprar\u00e9gionaux.<\/p>\n<p><em><a href=\"https:\/\/alice.ch\/de\/forschung\/forschungsaktivitaeten-des-sveb\/focus-weiterbildung\/?utm_source=Medienverteiler+Deutsch&amp;utm_campaign=acfc02f4da-EMAIL_CAMPAIGN_2018_10_23_01_06_COPY_01&amp;utm_medium=email&amp;utm_term=0_6faf4fa3f3-acfc02f4da-163261857\">Plus d'informations<\/a><\/em><\/p>","protected":false},"excerpt":{"rendered":"<p>Selon l'enqu\u00eate sur les prestataires de la FSEA, les institutions de formation continue utilisent l'intelligence artificielle principalement dans des domaines tels que le marketing et la communication, ainsi que dans des contextes d'enseignement et d'apprentissage. Cependant, seuls 39% d'entre eux indiquent que leurs collaborateurs disposent de comp\u00e9tences suffisantes en mati\u00e8re d'IA.<\/p>","protected":false},"author":80,"featured_media":35595,"comment_status":"closed","ping_status":"closed","sticky":false,"template":"","format":"standard","meta":{"_acf_changed":false,"_yoast_wpseo_focuskw":"Weiterbildung","_yoast_wpseo_metadesc":"Die SVEB-Umfrage zeigt: KI wird in der Weiterbildung f\u00fcr Marketing, Kommunikation und Lernsettings genutzt, doch Kompetenzen fehlen.","articlekey":"","footnotes":""},"categories":[30],"tags":[5046,308,319,339,2787,4382],"class_list":["post-35591","post","type-post","status-publish","format-standard","has-post-thumbnail","hentry","category-weiterbildung","tag-ki-kompetenzen","tag-kommunikation","tag-kuenstliche-intelligenz","tag-marketing","tag-sveb","tag-weiterbildungsangebot"],"acf":[],"yoast_head":"<!-- This site is optimized with the Yoast SEO plugin v27.4 - https:\/\/yoast.com\/product\/yoast-seo-wordpress\/ -->\n<title>Weiterbildungsorganisationen erwarten viel von KI, ben\u00f6tigen aber noch Kompetenzen - Organisator<\/title>\n<meta name=\"description\" content=\"Die SVEB-Umfrage zeigt: KI wird in der Weiterbildung f\u00fcr Marketing, Kommunikation und Lernsettings genutzt, doch Kompetenzen fehlen.\" \/>\n<meta name=\"robots\" content=\"index, follow, max-snippet:-1, max-image-preview:large, max-video-preview:-1\" \/>\n<link rel=\"canonical\" href=\"https:\/\/www.organisator.ch\/fr\/formation-continue-2\/2025-01-28\/weiterbildungsorganisationen-erwarten-viel-von-ki-benoetigen-aber-noch-kompetenzen\/\" \/>\n<meta property=\"og:locale\" content=\"fr_FR\" \/>\n<meta property=\"og:type\" content=\"article\" \/>\n<meta property=\"og:title\" content=\"Weiterbildungsorganisationen setzen auf KI, doch Kompetenzen fehlen\" \/>\n<meta property=\"og:description\" content=\"Die SVEB-Umfrage zeigt: KI wird in der Weiterbildung f\u00fcr Marketing, Kommunikation und Lernsettings genutzt, doch Kompetenzen fehlen.\" \/>\n<meta property=\"og:url\" content=\"https:\/\/www.organisator.ch\/fr\/formation-continue-2\/2025-01-28\/weiterbildungsorganisationen-erwarten-viel-von-ki-benoetigen-aber-noch-kompetenzen\/\" \/>\n<meta property=\"og:site_name\" content=\"Organisator\" \/>\n<meta property=\"article:publisher\" content=\"https:\/\/www.facebook.com\/OrganisatorFachmagazin\" \/>\n<meta property=\"article:published_time\" content=\"2025-01-28T10:00:27+00:00\" \/>\n<meta property=\"og:image\" content=\"https:\/\/www.organisator.ch\/wp-content\/uploads\/2025\/01\/SVEB_Bild1_ps.jpg\" \/>\n\t<meta property=\"og:image:width\" content=\"680\" \/>\n\t<meta property=\"og:image:height\" content=\"389\" \/>\n\t<meta property=\"og:image:type\" content=\"image\/jpeg\" \/>\n<meta name=\"author\" content=\"Dzana Muminovic\" \/>\n<meta name=\"twitter:card\" content=\"summary_large_image\" \/>\n<meta name=\"twitter:title\" content=\"Weiterbildungsorganisationen setzen auf KI, doch Kompetenzen fehlen\" \/>\n<meta name=\"twitter:description\" content=\"Die #SVEB-Umfrage zeigt: #KI wird in der #Weiterbildung f\u00fcr #Marketing, #Kommunikation und #Lernsettings genutzt, doch #Kompetenzen fehlen.\" \/>\n<meta name=\"twitter:image\" content=\"https:\/\/www.organisator.ch\/wp-content\/uploads\/2025\/01\/SVEB_Bild1_ps.jpg\" \/>\n<script type=\"application\/ld+json\" class=\"yoast-schema-graph\">{\"@context\":\"https:\\\/\\\/schema.org\",\"@graph\":[{\"@type\":\"Article\",\"@id\":\"https:\\\/\\\/www.organisator.ch\\\/weiterbildung\\\/2025-01-28\\\/weiterbildungsorganisationen-erwarten-viel-von-ki-benoetigen-aber-noch-kompetenzen\\\/#article\",\"isPartOf\":{\"@id\":\"https:\\\/\\\/www.organisator.ch\\\/weiterbildung\\\/2025-01-28\\\/weiterbildungsorganisationen-erwarten-viel-von-ki-benoetigen-aber-noch-kompetenzen\\\/\"},\"author\":{\"name\":\"Dzana Muminovic\",\"@id\":\"https:\\\/\\\/www.organisator.ch\\\/#\\\/schema\\\/person\\\/afccda3a71c06d4be2ed9100dd163db7\"},\"headline\":\"Weiterbildungsorganisationen erwarten viel von KI, ben\u00f6tigen aber noch Kompetenzen\",\"datePublished\":\"2025-01-28T10:00:27+00:00\",\"mainEntityOfPage\":{\"@id\":\"https:\\\/\\\/www.organisator.ch\\\/weiterbildung\\\/2025-01-28\\\/weiterbildungsorganisationen-erwarten-viel-von-ki-benoetigen-aber-noch-kompetenzen\\\/\"},\"wordCount\":436,\"publisher\":{\"@id\":\"https:\\\/\\\/www.organisator.ch\\\/#organization\"},\"image\":{\"@id\":\"https:\\\/\\\/www.organisator.ch\\\/weiterbildung\\\/2025-01-28\\\/weiterbildungsorganisationen-erwarten-viel-von-ki-benoetigen-aber-noch-kompetenzen\\\/#primaryimage\"},\"thumbnailUrl\":\"https:\\\/\\\/www.organisator.ch\\\/wp-content\\\/uploads\\\/2025\\\/01\\\/SVEB_Bild1_ps.jpg\",\"keywords\":[\"KI-Kompetenzen\",\"Kommunikation\",\"K\u00fcnstliche Intelligenz\",\"Marketing\",\"SVEB\",\"Weiterbildungsangebot\"],\"articleSection\":[\"WEITERBILDUNG\"],\"inLanguage\":\"fr-FR\"},{\"@type\":\"WebPage\",\"@id\":\"https:\\\/\\\/www.organisator.ch\\\/weiterbildung\\\/2025-01-28\\\/weiterbildungsorganisationen-erwarten-viel-von-ki-benoetigen-aber-noch-kompetenzen\\\/\",\"url\":\"https:\\\/\\\/www.organisator.ch\\\/weiterbildung\\\/2025-01-28\\\/weiterbildungsorganisationen-erwarten-viel-von-ki-benoetigen-aber-noch-kompetenzen\\\/\",\"name\":\"Weiterbildungsorganisationen erwarten viel von KI, ben\u00f6tigen aber noch Kompetenzen - Organisator\",\"isPartOf\":{\"@id\":\"https:\\\/\\\/www.organisator.ch\\\/#website\"},\"primaryImageOfPage\":{\"@id\":\"https:\\\/\\\/www.organisator.ch\\\/weiterbildung\\\/2025-01-28\\\/weiterbildungsorganisationen-erwarten-viel-von-ki-benoetigen-aber-noch-kompetenzen\\\/#primaryimage\"},\"image\":{\"@id\":\"https:\\\/\\\/www.organisator.ch\\\/weiterbildung\\\/2025-01-28\\\/weiterbildungsorganisationen-erwarten-viel-von-ki-benoetigen-aber-noch-kompetenzen\\\/#primaryimage\"},\"thumbnailUrl\":\"https:\\\/\\\/www.organisator.ch\\\/wp-content\\\/uploads\\\/2025\\\/01\\\/SVEB_Bild1_ps.jpg\",\"datePublished\":\"2025-01-28T10:00:27+00:00\",\"description\":\"Die SVEB-Umfrage zeigt: KI wird in der Weiterbildung f\u00fcr Marketing, Kommunikation und Lernsettings genutzt, doch Kompetenzen fehlen.\",\"breadcrumb\":{\"@id\":\"https:\\\/\\\/www.organisator.ch\\\/weiterbildung\\\/2025-01-28\\\/weiterbildungsorganisationen-erwarten-viel-von-ki-benoetigen-aber-noch-kompetenzen\\\/#breadcrumb\"},\"inLanguage\":\"fr-FR\",\"potentialAction\":[{\"@type\":\"ReadAction\",\"target\":[\"https:\\\/\\\/www.organisator.ch\\\/weiterbildung\\\/2025-01-28\\\/weiterbildungsorganisationen-erwarten-viel-von-ki-benoetigen-aber-noch-kompetenzen\\\/\"]}]},{\"@type\":\"ImageObject\",\"inLanguage\":\"fr-FR\",\"@id\":\"https:\\\/\\\/www.organisator.ch\\\/weiterbildung\\\/2025-01-28\\\/weiterbildungsorganisationen-erwarten-viel-von-ki-benoetigen-aber-noch-kompetenzen\\\/#primaryimage\",\"url\":\"https:\\\/\\\/www.organisator.ch\\\/wp-content\\\/uploads\\\/2025\\\/01\\\/SVEB_Bild1_ps.jpg\",\"contentUrl\":\"https:\\\/\\\/www.organisator.ch\\\/wp-content\\\/uploads\\\/2025\\\/01\\\/SVEB_Bild1_ps.jpg\",\"width\":680,\"height\":389,\"caption\":\"Die SVEB-Umfrage zeigt: KI wird in der Weiterbildung f\u00fcr Marketing, Kommunikation und Lernsettings genutzt, doch Kompetenzen fehlen. (Bild: KI-generiert \\\/ DALL-E)\"},{\"@type\":\"BreadcrumbList\",\"@id\":\"https:\\\/\\\/www.organisator.ch\\\/weiterbildung\\\/2025-01-28\\\/weiterbildungsorganisationen-erwarten-viel-von-ki-benoetigen-aber-noch-kompetenzen\\\/#breadcrumb\",\"itemListElement\":[{\"@type\":\"ListItem\",\"position\":1,\"name\":\"Home\",\"item\":\"https:\\\/\\\/www.organisator.ch\\\/\"},{\"@type\":\"ListItem\",\"position\":2,\"name\":\"Weiterbildungsorganisationen erwarten viel von KI, ben\u00f6tigen aber noch Kompetenzen\"}]},{\"@type\":\"WebSite\",\"@id\":\"https:\\\/\\\/www.organisator.ch\\\/#website\",\"url\":\"https:\\\/\\\/www.organisator.ch\\\/\",\"name\":\"Organisator\",\"description\":\"Kompetent. Praxisnah. Der ORGANISATOR bereitet in 10 Ausgaben pro Jahr die wesentlichen Themen f\u00fcr F\u00fchrungskr\u00e4fte von KMU auf.\",\"publisher\":{\"@id\":\"https:\\\/\\\/www.organisator.ch\\\/#organization\"},\"potentialAction\":[{\"@type\":\"SearchAction\",\"target\":{\"@type\":\"EntryPoint\",\"urlTemplate\":\"https:\\\/\\\/www.organisator.ch\\\/?s={search_term_string}\"},\"query-input\":{\"@type\":\"PropertyValueSpecification\",\"valueRequired\":true,\"valueName\":\"search_term_string\"}}],\"inLanguage\":\"fr-FR\"},{\"@type\":\"Organization\",\"@id\":\"https:\\\/\\\/www.organisator.ch\\\/#organization\",\"name\":\"Organisator\",\"url\":\"https:\\\/\\\/www.organisator.ch\\\/\",\"logo\":{\"@type\":\"ImageObject\",\"inLanguage\":\"fr-FR\",\"@id\":\"https:\\\/\\\/www.organisator.ch\\\/#\\\/schema\\\/logo\\\/image\\\/\",\"url\":\"https:\\\/\\\/www.organisator.ch\\\/wp-content\\\/uploads\\\/2022\\\/01\\\/Logo_Organisator_Website.png\",\"contentUrl\":\"https:\\\/\\\/www.organisator.ch\\\/wp-content\\\/uploads\\\/2022\\\/01\\\/Logo_Organisator_Website.png\",\"width\":800,\"height\":77,\"caption\":\"Organisator\"},\"image\":{\"@id\":\"https:\\\/\\\/www.organisator.ch\\\/#\\\/schema\\\/logo\\\/image\\\/\"},\"sameAs\":[\"https:\\\/\\\/www.facebook.com\\\/OrganisatorFachmagazin\",\"https:\\\/\\\/www.linkedin.com\\\/showcase\\\/organisator-das-magazin-fr-kmu\",\"https:\\\/\\\/www.xing.com\\\/news\\\/pages\\\/organisator-ch-695\",\"https:\\\/\\\/www.youtube.com\\\/channel\\\/UCGP2Sq0iWaZwT3BdIAQFYpw\"]},{\"@type\":\"Person\",\"@id\":\"https:\\\/\\\/www.organisator.ch\\\/#\\\/schema\\\/person\\\/afccda3a71c06d4be2ed9100dd163db7\",\"name\":\"Dzana Muminovic\",\"image\":{\"@type\":\"ImageObject\",\"inLanguage\":\"fr-FR\",\"@id\":\"https:\\\/\\\/secure.gravatar.com\\\/avatar\\\/909c5c71aff4b38e88686f2ab2f1ba152571f394f41ed8bae431ea56ced93050?s=96&d=mm&r=g\",\"url\":\"https:\\\/\\\/secure.gravatar.com\\\/avatar\\\/909c5c71aff4b38e88686f2ab2f1ba152571f394f41ed8bae431ea56ced93050?s=96&d=mm&r=g\",\"contentUrl\":\"https:\\\/\\\/secure.gravatar.com\\\/avatar\\\/909c5c71aff4b38e88686f2ab2f1ba152571f394f41ed8bae431ea56ced93050?s=96&d=mm&r=g\",\"caption\":\"Dzana Muminovic\"},\"url\":\"https:\\\/\\\/www.organisator.ch\\\/fr\\\/author\\\/dzana-muminovic\\\/\"}]}<\/script>\n<!-- \/ Yoast SEO plugin. -->","yoast_head_json":{"title":"Les organismes de formation continue attendent beaucoup de l'IA, mais ont encore besoin de comp\u00e9tences - Organisateur","description":"L'enqu\u00eate de la FSEA le montre : l'IA est utilis\u00e9e dans la formation continue pour le marketing, la communication et les settings d'apprentissage, mais les comp\u00e9tences font d\u00e9faut.","robots":{"index":"index","follow":"follow","max-snippet":"max-snippet:-1","max-image-preview":"max-image-preview:large","max-video-preview":"max-video-preview:-1"},"canonical":"https:\/\/www.organisator.ch\/fr\/formation-continue-2\/2025-01-28\/weiterbildungsorganisationen-erwarten-viel-von-ki-benoetigen-aber-noch-kompetenzen\/","og_locale":"fr_FR","og_type":"article","og_title":"Weiterbildungsorganisationen setzen auf KI, doch Kompetenzen fehlen","og_description":"Die SVEB-Umfrage zeigt: KI wird in der Weiterbildung f\u00fcr Marketing, Kommunikation und Lernsettings genutzt, doch Kompetenzen fehlen.","og_url":"https:\/\/www.organisator.ch\/fr\/formation-continue-2\/2025-01-28\/weiterbildungsorganisationen-erwarten-viel-von-ki-benoetigen-aber-noch-kompetenzen\/","og_site_name":"Organisator","article_publisher":"https:\/\/www.facebook.com\/OrganisatorFachmagazin","article_published_time":"2025-01-28T10:00:27+00:00","og_image":[{"width":680,"height":389,"url":"https:\/\/www.organisator.ch\/wp-content\/uploads\/2025\/01\/SVEB_Bild1_ps.jpg","type":"image\/jpeg"}],"author":"Dzana Muminovic","twitter_card":"summary_large_image","twitter_title":"Weiterbildungsorganisationen setzen auf KI, doch Kompetenzen fehlen","twitter_description":"Die #SVEB-Umfrage zeigt: #KI wird in der #Weiterbildung f\u00fcr #Marketing, #Kommunikation und #Lernsettings genutzt, doch #Kompetenzen fehlen.","twitter_image":"https:\/\/www.organisator.ch\/wp-content\/uploads\/2025\/01\/SVEB_Bild1_ps.jpg","schema":{"@context":"https:\/\/schema.org","@graph":[{"@type":"Article","@id":"https:\/\/www.organisator.ch\/weiterbildung\/2025-01-28\/weiterbildungsorganisationen-erwarten-viel-von-ki-benoetigen-aber-noch-kompetenzen\/#article","isPartOf":{"@id":"https:\/\/www.organisator.ch\/weiterbildung\/2025-01-28\/weiterbildungsorganisationen-erwarten-viel-von-ki-benoetigen-aber-noch-kompetenzen\/"},"author":{"name":"Dzana Muminovic","@id":"https:\/\/www.organisator.ch\/#\/schema\/person\/afccda3a71c06d4be2ed9100dd163db7"},"headline":"Weiterbildungsorganisationen erwarten viel von KI, ben\u00f6tigen aber noch Kompetenzen","datePublished":"2025-01-28T10:00:27+00:00","mainEntityOfPage":{"@id":"https:\/\/www.organisator.ch\/weiterbildung\/2025-01-28\/weiterbildungsorganisationen-erwarten-viel-von-ki-benoetigen-aber-noch-kompetenzen\/"},"wordCount":436,"publisher":{"@id":"https:\/\/www.organisator.ch\/#organization"},"image":{"@id":"https:\/\/www.organisator.ch\/weiterbildung\/2025-01-28\/weiterbildungsorganisationen-erwarten-viel-von-ki-benoetigen-aber-noch-kompetenzen\/#primaryimage"},"thumbnailUrl":"https:\/\/www.organisator.ch\/wp-content\/uploads\/2025\/01\/SVEB_Bild1_ps.jpg","keywords":["KI-Kompetenzen","Kommunikation","K\u00fcnstliche Intelligenz","Marketing","SVEB","Weiterbildungsangebot"],"articleSection":["WEITERBILDUNG"],"inLanguage":"fr-FR"},{"@type":"WebPage","@id":"https:\/\/www.organisator.ch\/weiterbildung\/2025-01-28\/weiterbildungsorganisationen-erwarten-viel-von-ki-benoetigen-aber-noch-kompetenzen\/","url":"https:\/\/www.organisator.ch\/weiterbildung\/2025-01-28\/weiterbildungsorganisationen-erwarten-viel-von-ki-benoetigen-aber-noch-kompetenzen\/","name":"Les organismes de formation continue attendent beaucoup de l'IA, mais ont encore besoin de comp\u00e9tences - Organisateur","isPartOf":{"@id":"https:\/\/www.organisator.ch\/#website"},"primaryImageOfPage":{"@id":"https:\/\/www.organisator.ch\/weiterbildung\/2025-01-28\/weiterbildungsorganisationen-erwarten-viel-von-ki-benoetigen-aber-noch-kompetenzen\/#primaryimage"},"image":{"@id":"https:\/\/www.organisator.ch\/weiterbildung\/2025-01-28\/weiterbildungsorganisationen-erwarten-viel-von-ki-benoetigen-aber-noch-kompetenzen\/#primaryimage"},"thumbnailUrl":"https:\/\/www.organisator.ch\/wp-content\/uploads\/2025\/01\/SVEB_Bild1_ps.jpg","datePublished":"2025-01-28T10:00:27+00:00","description":"L'enqu\u00eate de la FSEA le montre : l'IA est utilis\u00e9e dans la formation continue pour le marketing, la communication et les settings d'apprentissage, mais les comp\u00e9tences font d\u00e9faut.","breadcrumb":{"@id":"https:\/\/www.organisator.ch\/weiterbildung\/2025-01-28\/weiterbildungsorganisationen-erwarten-viel-von-ki-benoetigen-aber-noch-kompetenzen\/#breadcrumb"},"inLanguage":"fr-FR","potentialAction":[{"@type":"ReadAction","target":["https:\/\/www.organisator.ch\/weiterbildung\/2025-01-28\/weiterbildungsorganisationen-erwarten-viel-von-ki-benoetigen-aber-noch-kompetenzen\/"]}]},{"@type":"ImageObject","inLanguage":"fr-FR","@id":"https:\/\/www.organisator.ch\/weiterbildung\/2025-01-28\/weiterbildungsorganisationen-erwarten-viel-von-ki-benoetigen-aber-noch-kompetenzen\/#primaryimage","url":"https:\/\/www.organisator.ch\/wp-content\/uploads\/2025\/01\/SVEB_Bild1_ps.jpg","contentUrl":"https:\/\/www.organisator.ch\/wp-content\/uploads\/2025\/01\/SVEB_Bild1_ps.jpg","width":680,"height":389,"caption":"Die SVEB-Umfrage zeigt: KI wird in der Weiterbildung f\u00fcr Marketing, Kommunikation und Lernsettings genutzt, doch Kompetenzen fehlen. (Bild: KI-generiert \/ DALL-E)"},{"@type":"BreadcrumbList","@id":"https:\/\/www.organisator.ch\/weiterbildung\/2025-01-28\/weiterbildungsorganisationen-erwarten-viel-von-ki-benoetigen-aber-noch-kompetenzen\/#breadcrumb","itemListElement":[{"@type":"ListItem","position":1,"name":"Home","item":"https:\/\/www.organisator.ch\/"},{"@type":"ListItem","position":2,"name":"Weiterbildungsorganisationen erwarten viel von KI, ben\u00f6tigen aber noch Kompetenzen"}]},{"@type":"WebSite","@id":"https:\/\/www.organisator.ch\/#website","url":"https:\/\/www.organisator.ch\/","name":"Organisateur","description":"Comp\u00e9tence et comp\u00e9tence. Proches de la pratique. L'ORGANISATEUR pr\u00e9pare 10 num\u00e9ros par an sur les th\u00e8mes essentiels pour les dirigeants de PME.","publisher":{"@id":"https:\/\/www.organisator.ch\/#organization"},"potentialAction":[{"@type":"SearchAction","target":{"@type":"EntryPoint","urlTemplate":"https:\/\/www.organisator.ch\/?s={search_term_string}"},"query-input":{"@type":"PropertyValueSpecification","valueRequired":true,"valueName":"search_term_string"}}],"inLanguage":"fr-FR"},{"@type":"Organization","@id":"https:\/\/www.organisator.ch\/#organization","name":"Organisateur","url":"https:\/\/www.organisator.ch\/","logo":{"@type":"ImageObject","inLanguage":"fr-FR","@id":"https:\/\/www.organisator.ch\/#\/schema\/logo\/image\/","url":"https:\/\/www.organisator.ch\/wp-content\/uploads\/2022\/01\/Logo_Organisator_Website.png","contentUrl":"https:\/\/www.organisator.ch\/wp-content\/uploads\/2022\/01\/Logo_Organisator_Website.png","width":800,"height":77,"caption":"Organisator"},"image":{"@id":"https:\/\/www.organisator.ch\/#\/schema\/logo\/image\/"},"sameAs":["https:\/\/www.facebook.com\/OrganisatorFachmagazin","https:\/\/www.linkedin.com\/showcase\/organisator-das-magazin-fr-kmu","https:\/\/www.xing.com\/news\/pages\/organisator-ch-695","https:\/\/www.youtube.com\/channel\/UCGP2Sq0iWaZwT3BdIAQFYpw"]},{"@type":"Person","@id":"https:\/\/www.organisator.ch\/#\/schema\/person\/afccda3a71c06d4be2ed9100dd163db7","name":"Dzana Muminovic","image":{"@type":"ImageObject","inLanguage":"fr-FR","@id":"https:\/\/secure.gravatar.com\/avatar\/909c5c71aff4b38e88686f2ab2f1ba152571f394f41ed8bae431ea56ced93050?s=96&d=mm&r=g","url":"https:\/\/secure.gravatar.com\/avatar\/909c5c71aff4b38e88686f2ab2f1ba152571f394f41ed8bae431ea56ced93050?s=96&d=mm&r=g","contentUrl":"https:\/\/secure.gravatar.com\/avatar\/909c5c71aff4b38e88686f2ab2f1ba152571f394f41ed8bae431ea56ced93050?s=96&d=mm&r=g","caption":"Dzana Muminovic"},"url":"https:\/\/www.organisator.ch\/fr\/author\/dzana-muminovic\/"}]}},"_links":{"self":[{"href":"https:\/\/www.organisator.ch\/fr\/wp-json\/wp\/v2\/posts\/35591","targetHints":{"allow":["GET"]}}],"collection":[{"href":"https:\/\/www.organisator.ch\/fr\/wp-json\/wp\/v2\/posts"}],"about":[{"href":"https:\/\/www.organisator.ch\/fr\/wp-json\/wp\/v2\/types\/post"}],"author":[{"embeddable":true,"href":"https:\/\/www.organisator.ch\/fr\/wp-json\/wp\/v2\/users\/80"}],"replies":[{"embeddable":true,"href":"https:\/\/www.organisator.ch\/fr\/wp-json\/wp\/v2\/comments?post=35591"}],"version-history":[{"count":5,"href":"https:\/\/www.organisator.ch\/fr\/wp-json\/wp\/v2\/posts\/35591\/revisions"}],"predecessor-version":[{"id":35637,"href":"https:\/\/www.organisator.ch\/fr\/wp-json\/wp\/v2\/posts\/35591\/revisions\/35637"}],"wp:featuredmedia":[{"embeddable":true,"href":"https:\/\/www.organisator.ch\/fr\/wp-json\/wp\/v2\/media\/35595"}],"wp:attachment":[{"href":"https:\/\/www.organisator.ch\/fr\/wp-json\/wp\/v2\/media?parent=35591"}],"wp:term":[{"taxonomy":"category","embeddable":true,"href":"https:\/\/www.organisator.ch\/fr\/wp-json\/wp\/v2\/categories?post=35591"},{"taxonomy":"post_tag","embeddable":true,"href":"https:\/\/www.organisator.ch\/fr\/wp-json\/wp\/v2\/tags?post=35591"}],"curies":[{"name":"wp","href":"https:\/\/api.w.org\/{rel}","templated":true}]}}