{"id":35622,"date":"2025-01-29T11:08:31","date_gmt":"2025-01-29T10:08:31","guid":{"rendered":"https:\/\/www.organisator.ch\/?p=35622"},"modified":"2025-01-29T11:08:31","modified_gmt":"2025-01-29T10:08:31","slug":"enespa-und-plasteco-buendeln-kraefte-fuer-nachhaltiges-plastik-recycling","status":"publish","type":"post","link":"https:\/\/www.organisator.ch\/fr\/sustainability\/2025-01-29\/enespa-und-plasteco-buendeln-kraefte-fuer-nachhaltiges-plastik-recycling\/","title":{"rendered":"Enespa et Plasteco unissent leurs forces pour un recyclage durable du plastique"},"content":{"rendered":"<figure id=\"attachment_35623\" aria-describedby=\"caption-attachment-35623\" style=\"width: 680px\" class=\"wp-caption alignnone\"><img loading=\"lazy\" decoding=\"async\" class=\"wp-image-35623 size-full\" src=\"https:\/\/www.organisator.ch\/wp-content\/uploads\/2025\/01\/Enespa_Bild1_ps.jpg\" alt=\"\" width=\"680\" height=\"510\" srcset=\"https:\/\/www.organisator.ch\/wp-content\/uploads\/2025\/01\/Enespa_Bild1_ps.jpg 680w, https:\/\/www.organisator.ch\/wp-content\/uploads\/2025\/01\/Enespa_Bild1_ps-16x12.jpg 16w, https:\/\/www.organisator.ch\/wp-content\/uploads\/2025\/01\/Enespa_Bild1_ps-375x281.jpg 375w, https:\/\/www.organisator.ch\/wp-content\/uploads\/2025\/01\/Enespa_Bild1_ps-467x350.jpg 467w\" sizes=\"auto, (max-width: 680px) 100vw, 680px\" \/><figcaption id=\"caption-attachment-35623\" class=\"wp-caption-text\">La premi\u00e8re installation Plastic-to-Oil livr\u00e9e par Enespa \u00e0 Plasteco sera transport\u00e9e en Finlande en f\u00e9vrier. (Photo : www.enespa.com)<\/figcaption><\/figure>\n<p>L'Enespa est un groupe d'entreprises en plein essor dans l'industrie des technologies vertes, avec des soci\u00e9t\u00e9s en Suisse, au Liechtenstein, en Allemagne et aux \u00c9tats-Unis. Elle construit et exploite des installations industrielles pour le recyclage chimique du plastique, le raffinage de l'huile et la pyrolyse des pneus. Gr\u00e2ce \u00e0 son partenariat avec Plasteco Ltd. \u00e0 Lahti, Enespa entend promouvoir le d\u00e9veloppement de solutions de recyclage modernes.<\/p>\n<p>Dans le cadre de cette participation, Plasteco augmente son capital. Parall\u00e8lement, le groupe Enespa d\u00e9signe deux repr\u00e9sentants au conseil d'administration : Joachim Vogt, nouveau COO du groupe Enespa, et Ben Richters, CTO. Ils auront pour mission de promouvoir une collaboration \u00e9troite et cibl\u00e9e entre les deux entreprises.<\/p>\n<h3><strong>Coup d'envoi avec la premi\u00e8re livraison d'installation<\/strong><\/h3>\n<p>Le partenariat d\u00e9bute par la livraison d'une premi\u00e8re installation de recyclage chimique, qui sera achemin\u00e9e \u00e0 Lahti en f\u00e9vrier 2025. La machine a une capacit\u00e9 de 5 tonnes par jour. Si le montage et les tests se d\u00e9roulent comme pr\u00e9vu, l'exploitation d\u00e9butera en avril 2025. Pour l'avenir, il est pr\u00e9vu de livrer chaque ann\u00e9e d'autres installations et d'augmenter continuellement les capacit\u00e9s.<\/p>\n<p>\"Avec le groupe Enespa, nous avons trouv\u00e9 le partenaire id\u00e9al pour concr\u00e9tiser notre vision d'une \u00e9conomie circulaire durable\", explique Kari Larjava, CEO de Plasteco Ltd. \"La livraison de la premi\u00e8re installation est le point de d\u00e9part d'une vaste collaboration\".<\/p>\n<h3><strong>Un concentr\u00e9 de savoir-faire<\/strong><\/h3>\n<p>Avec ce partenariat, le groupe Enespa et Plasteco Ltd. font un pas important vers une \u00e9conomie circulaire durable. Plasteco mise sur la technologie de pyrolyse la plus moderne et coop\u00e8re \u00e9troitement avec les acteurs locaux afin de traiter efficacement les d\u00e9chets plastiques et de les r\u00e9introduire dans le circuit. Pour ce faire, ils s'appuient sur un vaste r\u00e9seau et une excellente connaissance du march\u00e9 local. L'Enespa d\u00e9veloppe et construit les installations et, gr\u00e2ce \u00e0 ce partenariat, apporte ses solutions \u00e0 un march\u00e9 en pleine croissance. Avec cette collaboration, l'Enespa souligne son ambition de jouer un r\u00f4le de premier plan dans l'\u00e9conomie circulaire et d'\u00e9tablir ses solutions au niveau international.<\/p>\n<p>\"Ce partenariat est une \u00e9tape importante pour les deux entreprises\", d\u00e9clare Ben Richters, CTO de l'Enespa. \"PlastEco apporte l'expertise locale, l'infrastructure et le r\u00e9seau, tandis que nous fournissons la technologie et le savoir-faire. Ensemble, nous pouvons porter le recyclage chimique des d\u00e9chets plastiques \u00e0 un niveau sup\u00e9rieur\".<\/p>\n<h3><strong>\u00c9conomique et durable<\/strong><\/h3>\n<p>Un avantage d\u00e9cisif de la coop\u00e9ration r\u00e9side dans l'approvisionnement local : Plasteco se procure le feedstock de mani\u00e8re rentable aupr\u00e8s des communes environnantes, ce qui permet non seulement de minimiser les co\u00fbts d'exploitation, mais aussi de miser sur des trajets de transport courts et une logistique pr\u00e9servant les ressources. Un acheteur pour le mat\u00e9riel de sortie a d\u00e9j\u00e0 \u00e9t\u00e9 trouv\u00e9. Il ach\u00e8te la totalit\u00e9 de l'huile de pyrolyse de la premi\u00e8re installation et est pr\u00eat, en cas de mise \u00e0 l'\u00e9chelle de la production, \u00e0 augmenter la part d'achat en cons\u00e9quence. Ces partenariats strat\u00e9giques garantissent la rentabilit\u00e9 et la durabilit\u00e9 \u00e0 long terme du projet.<\/p>\n<h3><strong>Strat\u00e9gie de participation et internationalisation<\/strong><\/h3>\n<p>Ce partenariat avec Plasteco est strat\u00e9gique et marque le d\u00e9but d'une strat\u00e9gie d'internationalisation du groupe Enespa. Celle-ci a pour objectif de conqu\u00e9rir des march\u00e9s sur des march\u00e9s cl\u00e9s par le biais de partenariats et d'acquisitions cibl\u00e9s, de gagner des clients et de produire de mani\u00e8re rentable. Le savoir-faire et les ressources des partenaires ainsi que leurs r\u00e9seaux locaux et r\u00e9gionaux jouent un r\u00f4le d\u00e9cisif dans ce processus. D'autres participations suivront ou sont \u00e0 l'\u00e9tude.<\/p>\n<p><em>Source : <a href=\"http:\/\/www.enespa.com\">www.enespa.com<\/a><\/em><\/p>","protected":false},"excerpt":{"rendered":"<p>Le groupe Enespa conclut un partenariat strat\u00e9gique avec la start-up finlandaise Plasteco Ltd. L'accent est mis sur une participation de 40 pour cent d'Enespa Technologies AG dans Plasteco Ltd. ainsi que sur une \u00e9troite collaboration dans le domaine des technologies de recyclage.<\/p>","protected":false},"author":80,"featured_media":35623,"comment_status":"closed","ping_status":"closed","sticky":false,"template":"","format":"standard","meta":{"_acf_changed":false,"_yoast_wpseo_focuskw":"Enespa Plasteco Partnerschaft","_yoast_wpseo_metadesc":"Enespa beteiligt sich an Plasteco und liefert die erste Recyclinganlage nach Finnland. Start der Produktion ist f\u00fcr April 2025 geplant.","articlekey":"","footnotes":""},"categories":[580],"tags":[594,1787,1888,1919,424],"class_list":["post-35622","post","type-post","status-publish","format-standard","has-post-thumbnail","hentry","category-sustainability","tag-kreislaufwirtschaft","tag-nachhaltigkeit","tag-partnerschaft","tag-plastik-recycling","tag-schweiz"],"acf":[],"yoast_head":"<!-- This site is optimized with the Yoast SEO plugin v27.4 - https:\/\/yoast.com\/product\/yoast-seo-wordpress\/ -->\n<title>Enespa und Plasteco b\u00fcndeln Kr\u00e4fte f\u00fcr nachhaltiges Plastik-Recycling - Organisator<\/title>\n<meta name=\"description\" content=\"Enespa beteiligt sich an Plasteco und liefert die erste Recyclinganlage nach Finnland. Start der Produktion ist f\u00fcr April 2025 geplant.\" \/>\n<meta name=\"robots\" content=\"index, follow, max-snippet:-1, max-image-preview:large, max-video-preview:-1\" \/>\n<link rel=\"canonical\" href=\"https:\/\/www.organisator.ch\/fr\/sustainability\/2025-01-29\/enespa-und-plasteco-buendeln-kraefte-fuer-nachhaltiges-plastik-recycling\/\" \/>\n<meta property=\"og:locale\" content=\"fr_FR\" \/>\n<meta property=\"og:type\" content=\"article\" \/>\n<meta property=\"og:title\" content=\"Strategische Partnerschaft f\u00fcr Plastik-Recycling\" \/>\n<meta property=\"og:description\" content=\"Enespa beteiligt sich an Plasteco und liefert die erste Recyclinganlage nach Finnland. Start der Produktion ist f\u00fcr April 2025 geplant.\" \/>\n<meta property=\"og:url\" content=\"https:\/\/www.organisator.ch\/fr\/sustainability\/2025-01-29\/enespa-und-plasteco-buendeln-kraefte-fuer-nachhaltiges-plastik-recycling\/\" \/>\n<meta property=\"og:site_name\" content=\"Organisator\" \/>\n<meta property=\"article:publisher\" content=\"https:\/\/www.facebook.com\/OrganisatorFachmagazin\" \/>\n<meta property=\"article:published_time\" content=\"2025-01-29T10:08:31+00:00\" \/>\n<meta property=\"og:image\" content=\"https:\/\/www.organisator.ch\/wp-content\/uploads\/2025\/01\/Enespa_Bild1_ps.jpg\" \/>\n\t<meta property=\"og:image:width\" content=\"680\" \/>\n\t<meta property=\"og:image:height\" content=\"510\" \/>\n\t<meta property=\"og:image:type\" content=\"image\/jpeg\" \/>\n<meta name=\"author\" content=\"Dzana Muminovic\" \/>\n<meta name=\"twitter:card\" content=\"summary_large_image\" \/>\n<meta name=\"twitter:title\" content=\"Strategische Partnerschaft f\u00fcr Plastik-Recycling\" \/>\n<meta name=\"twitter:description\" content=\"#Enespa beteiligt sich an #Plasteco und liefert die erste #Recyclinganlage nach #Finnland. Start der #Produktion ist f\u00fcr April 2025 geplant.\" \/>\n<meta name=\"twitter:image\" content=\"https:\/\/www.organisator.ch\/wp-content\/uploads\/2025\/01\/Enespa_Bild1_ps.jpg\" \/>\n<script type=\"application\/ld+json\" class=\"yoast-schema-graph\">{\"@context\":\"https:\\\/\\\/schema.org\",\"@graph\":[{\"@type\":\"Article\",\"@id\":\"https:\\\/\\\/www.organisator.ch\\\/sustainability\\\/2025-01-29\\\/enespa-und-plasteco-buendeln-kraefte-fuer-nachhaltiges-plastik-recycling\\\/#article\",\"isPartOf\":{\"@id\":\"https:\\\/\\\/www.organisator.ch\\\/sustainability\\\/2025-01-29\\\/enespa-und-plasteco-buendeln-kraefte-fuer-nachhaltiges-plastik-recycling\\\/\"},\"author\":{\"name\":\"Dzana Muminovic\",\"@id\":\"https:\\\/\\\/www.organisator.ch\\\/#\\\/schema\\\/person\\\/afccda3a71c06d4be2ed9100dd163db7\"},\"headline\":\"Enespa und Plasteco b\u00fcndeln Kr\u00e4fte f\u00fcr nachhaltiges Plastik-Recycling\",\"datePublished\":\"2025-01-29T10:08:31+00:00\",\"mainEntityOfPage\":{\"@id\":\"https:\\\/\\\/www.organisator.ch\\\/sustainability\\\/2025-01-29\\\/enespa-und-plasteco-buendeln-kraefte-fuer-nachhaltiges-plastik-recycling\\\/\"},\"wordCount\":531,\"publisher\":{\"@id\":\"https:\\\/\\\/www.organisator.ch\\\/#organization\"},\"image\":{\"@id\":\"https:\\\/\\\/www.organisator.ch\\\/sustainability\\\/2025-01-29\\\/enespa-und-plasteco-buendeln-kraefte-fuer-nachhaltiges-plastik-recycling\\\/#primaryimage\"},\"thumbnailUrl\":\"https:\\\/\\\/www.organisator.ch\\\/wp-content\\\/uploads\\\/2025\\\/01\\\/Enespa_Bild1_ps.jpg\",\"keywords\":[\"Kreislaufwirtschaft\",\"Nachhaltigkeit\",\"Partnerschaft\",\"Plastik-Recycling\",\"Schweiz\"],\"articleSection\":[\"SUSTAINABILITY\"],\"inLanguage\":\"fr-FR\"},{\"@type\":\"WebPage\",\"@id\":\"https:\\\/\\\/www.organisator.ch\\\/sustainability\\\/2025-01-29\\\/enespa-und-plasteco-buendeln-kraefte-fuer-nachhaltiges-plastik-recycling\\\/\",\"url\":\"https:\\\/\\\/www.organisator.ch\\\/sustainability\\\/2025-01-29\\\/enespa-und-plasteco-buendeln-kraefte-fuer-nachhaltiges-plastik-recycling\\\/\",\"name\":\"Enespa und Plasteco b\u00fcndeln Kr\u00e4fte f\u00fcr nachhaltiges Plastik-Recycling - Organisator\",\"isPartOf\":{\"@id\":\"https:\\\/\\\/www.organisator.ch\\\/#website\"},\"primaryImageOfPage\":{\"@id\":\"https:\\\/\\\/www.organisator.ch\\\/sustainability\\\/2025-01-29\\\/enespa-und-plasteco-buendeln-kraefte-fuer-nachhaltiges-plastik-recycling\\\/#primaryimage\"},\"image\":{\"@id\":\"https:\\\/\\\/www.organisator.ch\\\/sustainability\\\/2025-01-29\\\/enespa-und-plasteco-buendeln-kraefte-fuer-nachhaltiges-plastik-recycling\\\/#primaryimage\"},\"thumbnailUrl\":\"https:\\\/\\\/www.organisator.ch\\\/wp-content\\\/uploads\\\/2025\\\/01\\\/Enespa_Bild1_ps.jpg\",\"datePublished\":\"2025-01-29T10:08:31+00:00\",\"description\":\"Enespa beteiligt sich an Plasteco und liefert die erste Recyclinganlage nach Finnland. Start der Produktion ist f\u00fcr April 2025 geplant.\",\"breadcrumb\":{\"@id\":\"https:\\\/\\\/www.organisator.ch\\\/sustainability\\\/2025-01-29\\\/enespa-und-plasteco-buendeln-kraefte-fuer-nachhaltiges-plastik-recycling\\\/#breadcrumb\"},\"inLanguage\":\"fr-FR\",\"potentialAction\":[{\"@type\":\"ReadAction\",\"target\":[\"https:\\\/\\\/www.organisator.ch\\\/sustainability\\\/2025-01-29\\\/enespa-und-plasteco-buendeln-kraefte-fuer-nachhaltiges-plastik-recycling\\\/\"]}]},{\"@type\":\"ImageObject\",\"inLanguage\":\"fr-FR\",\"@id\":\"https:\\\/\\\/www.organisator.ch\\\/sustainability\\\/2025-01-29\\\/enespa-und-plasteco-buendeln-kraefte-fuer-nachhaltiges-plastik-recycling\\\/#primaryimage\",\"url\":\"https:\\\/\\\/www.organisator.ch\\\/wp-content\\\/uploads\\\/2025\\\/01\\\/Enespa_Bild1_ps.jpg\",\"contentUrl\":\"https:\\\/\\\/www.organisator.ch\\\/wp-content\\\/uploads\\\/2025\\\/01\\\/Enespa_Bild1_ps.jpg\",\"width\":680,\"height\":510,\"caption\":\"Die erste Plastic-to-Oil-Anlage, die Enespa an Plasteco liefert, wird im Februar nach Finnland transportiert. (Bild: www.enespa.com)\"},{\"@type\":\"BreadcrumbList\",\"@id\":\"https:\\\/\\\/www.organisator.ch\\\/sustainability\\\/2025-01-29\\\/enespa-und-plasteco-buendeln-kraefte-fuer-nachhaltiges-plastik-recycling\\\/#breadcrumb\",\"itemListElement\":[{\"@type\":\"ListItem\",\"position\":1,\"name\":\"Home\",\"item\":\"https:\\\/\\\/www.organisator.ch\\\/\"},{\"@type\":\"ListItem\",\"position\":2,\"name\":\"Enespa und Plasteco b\u00fcndeln Kr\u00e4fte f\u00fcr nachhaltiges Plastik-Recycling\"}]},{\"@type\":\"WebSite\",\"@id\":\"https:\\\/\\\/www.organisator.ch\\\/#website\",\"url\":\"https:\\\/\\\/www.organisator.ch\\\/\",\"name\":\"Organisator\",\"description\":\"Kompetent. Praxisnah. Der ORGANISATOR bereitet in 10 Ausgaben pro Jahr die wesentlichen Themen f\u00fcr F\u00fchrungskr\u00e4fte von KMU auf.\",\"publisher\":{\"@id\":\"https:\\\/\\\/www.organisator.ch\\\/#organization\"},\"potentialAction\":[{\"@type\":\"SearchAction\",\"target\":{\"@type\":\"EntryPoint\",\"urlTemplate\":\"https:\\\/\\\/www.organisator.ch\\\/?s={search_term_string}\"},\"query-input\":{\"@type\":\"PropertyValueSpecification\",\"valueRequired\":true,\"valueName\":\"search_term_string\"}}],\"inLanguage\":\"fr-FR\"},{\"@type\":\"Organization\",\"@id\":\"https:\\\/\\\/www.organisator.ch\\\/#organization\",\"name\":\"Organisator\",\"url\":\"https:\\\/\\\/www.organisator.ch\\\/\",\"logo\":{\"@type\":\"ImageObject\",\"inLanguage\":\"fr-FR\",\"@id\":\"https:\\\/\\\/www.organisator.ch\\\/#\\\/schema\\\/logo\\\/image\\\/\",\"url\":\"https:\\\/\\\/www.organisator.ch\\\/wp-content\\\/uploads\\\/2022\\\/01\\\/Logo_Organisator_Website.png\",\"contentUrl\":\"https:\\\/\\\/www.organisator.ch\\\/wp-content\\\/uploads\\\/2022\\\/01\\\/Logo_Organisator_Website.png\",\"width\":800,\"height\":77,\"caption\":\"Organisator\"},\"image\":{\"@id\":\"https:\\\/\\\/www.organisator.ch\\\/#\\\/schema\\\/logo\\\/image\\\/\"},\"sameAs\":[\"https:\\\/\\\/www.facebook.com\\\/OrganisatorFachmagazin\",\"https:\\\/\\\/www.linkedin.com\\\/showcase\\\/organisator-das-magazin-fr-kmu\",\"https:\\\/\\\/www.xing.com\\\/news\\\/pages\\\/organisator-ch-695\",\"https:\\\/\\\/www.youtube.com\\\/channel\\\/UCGP2Sq0iWaZwT3BdIAQFYpw\"]},{\"@type\":\"Person\",\"@id\":\"https:\\\/\\\/www.organisator.ch\\\/#\\\/schema\\\/person\\\/afccda3a71c06d4be2ed9100dd163db7\",\"name\":\"Dzana Muminovic\",\"image\":{\"@type\":\"ImageObject\",\"inLanguage\":\"fr-FR\",\"@id\":\"https:\\\/\\\/secure.gravatar.com\\\/avatar\\\/909c5c71aff4b38e88686f2ab2f1ba152571f394f41ed8bae431ea56ced93050?s=96&d=mm&r=g\",\"url\":\"https:\\\/\\\/secure.gravatar.com\\\/avatar\\\/909c5c71aff4b38e88686f2ab2f1ba152571f394f41ed8bae431ea56ced93050?s=96&d=mm&r=g\",\"contentUrl\":\"https:\\\/\\\/secure.gravatar.com\\\/avatar\\\/909c5c71aff4b38e88686f2ab2f1ba152571f394f41ed8bae431ea56ced93050?s=96&d=mm&r=g\",\"caption\":\"Dzana Muminovic\"},\"url\":\"https:\\\/\\\/www.organisator.ch\\\/fr\\\/author\\\/dzana-muminovic\\\/\"}]}<\/script>\n<!-- \/ Yoast SEO plugin. -->","yoast_head_json":{"title":"Enespa et Plasteco unissent leurs forces pour le recyclage durable du plastique - Organisateur","description":"Enespa prend une participation dans Plasteco et livre la premi\u00e8re usine de recyclage en Finlande. Le d\u00e9but de la production est pr\u00e9vu pour avril 2025.","robots":{"index":"index","follow":"follow","max-snippet":"max-snippet:-1","max-image-preview":"max-image-preview:large","max-video-preview":"max-video-preview:-1"},"canonical":"https:\/\/www.organisator.ch\/fr\/sustainability\/2025-01-29\/enespa-und-plasteco-buendeln-kraefte-fuer-nachhaltiges-plastik-recycling\/","og_locale":"fr_FR","og_type":"article","og_title":"Strategische Partnerschaft f\u00fcr Plastik-Recycling","og_description":"Enespa beteiligt sich an Plasteco und liefert die erste Recyclinganlage nach Finnland. Start der Produktion ist f\u00fcr April 2025 geplant.","og_url":"https:\/\/www.organisator.ch\/fr\/sustainability\/2025-01-29\/enespa-und-plasteco-buendeln-kraefte-fuer-nachhaltiges-plastik-recycling\/","og_site_name":"Organisator","article_publisher":"https:\/\/www.facebook.com\/OrganisatorFachmagazin","article_published_time":"2025-01-29T10:08:31+00:00","og_image":[{"width":680,"height":510,"url":"https:\/\/www.organisator.ch\/wp-content\/uploads\/2025\/01\/Enespa_Bild1_ps.jpg","type":"image\/jpeg"}],"author":"Dzana Muminovic","twitter_card":"summary_large_image","twitter_title":"Strategische Partnerschaft f\u00fcr Plastik-Recycling","twitter_description":"#Enespa beteiligt sich an #Plasteco und liefert die erste #Recyclinganlage nach #Finnland. Start der #Produktion ist f\u00fcr April 2025 geplant.","twitter_image":"https:\/\/www.organisator.ch\/wp-content\/uploads\/2025\/01\/Enespa_Bild1_ps.jpg","schema":{"@context":"https:\/\/schema.org","@graph":[{"@type":"Article","@id":"https:\/\/www.organisator.ch\/sustainability\/2025-01-29\/enespa-und-plasteco-buendeln-kraefte-fuer-nachhaltiges-plastik-recycling\/#article","isPartOf":{"@id":"https:\/\/www.organisator.ch\/sustainability\/2025-01-29\/enespa-und-plasteco-buendeln-kraefte-fuer-nachhaltiges-plastik-recycling\/"},"author":{"name":"Dzana Muminovic","@id":"https:\/\/www.organisator.ch\/#\/schema\/person\/afccda3a71c06d4be2ed9100dd163db7"},"headline":"Enespa und Plasteco b\u00fcndeln Kr\u00e4fte f\u00fcr nachhaltiges Plastik-Recycling","datePublished":"2025-01-29T10:08:31+00:00","mainEntityOfPage":{"@id":"https:\/\/www.organisator.ch\/sustainability\/2025-01-29\/enespa-und-plasteco-buendeln-kraefte-fuer-nachhaltiges-plastik-recycling\/"},"wordCount":531,"publisher":{"@id":"https:\/\/www.organisator.ch\/#organization"},"image":{"@id":"https:\/\/www.organisator.ch\/sustainability\/2025-01-29\/enespa-und-plasteco-buendeln-kraefte-fuer-nachhaltiges-plastik-recycling\/#primaryimage"},"thumbnailUrl":"https:\/\/www.organisator.ch\/wp-content\/uploads\/2025\/01\/Enespa_Bild1_ps.jpg","keywords":["Kreislaufwirtschaft","Nachhaltigkeit","Partnerschaft","Plastik-Recycling","Schweiz"],"articleSection":["SUSTAINABILITY"],"inLanguage":"fr-FR"},{"@type":"WebPage","@id":"https:\/\/www.organisator.ch\/sustainability\/2025-01-29\/enespa-und-plasteco-buendeln-kraefte-fuer-nachhaltiges-plastik-recycling\/","url":"https:\/\/www.organisator.ch\/sustainability\/2025-01-29\/enespa-und-plasteco-buendeln-kraefte-fuer-nachhaltiges-plastik-recycling\/","name":"Enespa et Plasteco unissent leurs forces pour le recyclage durable du plastique - Organisateur","isPartOf":{"@id":"https:\/\/www.organisator.ch\/#website"},"primaryImageOfPage":{"@id":"https:\/\/www.organisator.ch\/sustainability\/2025-01-29\/enespa-und-plasteco-buendeln-kraefte-fuer-nachhaltiges-plastik-recycling\/#primaryimage"},"image":{"@id":"https:\/\/www.organisator.ch\/sustainability\/2025-01-29\/enespa-und-plasteco-buendeln-kraefte-fuer-nachhaltiges-plastik-recycling\/#primaryimage"},"thumbnailUrl":"https:\/\/www.organisator.ch\/wp-content\/uploads\/2025\/01\/Enespa_Bild1_ps.jpg","datePublished":"2025-01-29T10:08:31+00:00","description":"Enespa prend une participation dans Plasteco et livre la premi\u00e8re usine de recyclage en Finlande. Le d\u00e9but de la production est pr\u00e9vu pour avril 2025.","breadcrumb":{"@id":"https:\/\/www.organisator.ch\/sustainability\/2025-01-29\/enespa-und-plasteco-buendeln-kraefte-fuer-nachhaltiges-plastik-recycling\/#breadcrumb"},"inLanguage":"fr-FR","potentialAction":[{"@type":"ReadAction","target":["https:\/\/www.organisator.ch\/sustainability\/2025-01-29\/enespa-und-plasteco-buendeln-kraefte-fuer-nachhaltiges-plastik-recycling\/"]}]},{"@type":"ImageObject","inLanguage":"fr-FR","@id":"https:\/\/www.organisator.ch\/sustainability\/2025-01-29\/enespa-und-plasteco-buendeln-kraefte-fuer-nachhaltiges-plastik-recycling\/#primaryimage","url":"https:\/\/www.organisator.ch\/wp-content\/uploads\/2025\/01\/Enespa_Bild1_ps.jpg","contentUrl":"https:\/\/www.organisator.ch\/wp-content\/uploads\/2025\/01\/Enespa_Bild1_ps.jpg","width":680,"height":510,"caption":"Die erste Plastic-to-Oil-Anlage, die Enespa an Plasteco liefert, wird im Februar nach Finnland transportiert. (Bild: www.enespa.com)"},{"@type":"BreadcrumbList","@id":"https:\/\/www.organisator.ch\/sustainability\/2025-01-29\/enespa-und-plasteco-buendeln-kraefte-fuer-nachhaltiges-plastik-recycling\/#breadcrumb","itemListElement":[{"@type":"ListItem","position":1,"name":"Home","item":"https:\/\/www.organisator.ch\/"},{"@type":"ListItem","position":2,"name":"Enespa und Plasteco b\u00fcndeln Kr\u00e4fte f\u00fcr nachhaltiges Plastik-Recycling"}]},{"@type":"WebSite","@id":"https:\/\/www.organisator.ch\/#website","url":"https:\/\/www.organisator.ch\/","name":"Organisateur","description":"Comp\u00e9tence et comp\u00e9tence. Proches de la pratique. L'ORGANISATEUR pr\u00e9pare 10 num\u00e9ros par an sur les th\u00e8mes essentiels pour les dirigeants de PME.","publisher":{"@id":"https:\/\/www.organisator.ch\/#organization"},"potentialAction":[{"@type":"SearchAction","target":{"@type":"EntryPoint","urlTemplate":"https:\/\/www.organisator.ch\/?s={search_term_string}"},"query-input":{"@type":"PropertyValueSpecification","valueRequired":true,"valueName":"search_term_string"}}],"inLanguage":"fr-FR"},{"@type":"Organization","@id":"https:\/\/www.organisator.ch\/#organization","name":"Organisateur","url":"https:\/\/www.organisator.ch\/","logo":{"@type":"ImageObject","inLanguage":"fr-FR","@id":"https:\/\/www.organisator.ch\/#\/schema\/logo\/image\/","url":"https:\/\/www.organisator.ch\/wp-content\/uploads\/2022\/01\/Logo_Organisator_Website.png","contentUrl":"https:\/\/www.organisator.ch\/wp-content\/uploads\/2022\/01\/Logo_Organisator_Website.png","width":800,"height":77,"caption":"Organisator"},"image":{"@id":"https:\/\/www.organisator.ch\/#\/schema\/logo\/image\/"},"sameAs":["https:\/\/www.facebook.com\/OrganisatorFachmagazin","https:\/\/www.linkedin.com\/showcase\/organisator-das-magazin-fr-kmu","https:\/\/www.xing.com\/news\/pages\/organisator-ch-695","https:\/\/www.youtube.com\/channel\/UCGP2Sq0iWaZwT3BdIAQFYpw"]},{"@type":"Person","@id":"https:\/\/www.organisator.ch\/#\/schema\/person\/afccda3a71c06d4be2ed9100dd163db7","name":"Dzana Muminovic","image":{"@type":"ImageObject","inLanguage":"fr-FR","@id":"https:\/\/secure.gravatar.com\/avatar\/909c5c71aff4b38e88686f2ab2f1ba152571f394f41ed8bae431ea56ced93050?s=96&d=mm&r=g","url":"https:\/\/secure.gravatar.com\/avatar\/909c5c71aff4b38e88686f2ab2f1ba152571f394f41ed8bae431ea56ced93050?s=96&d=mm&r=g","contentUrl":"https:\/\/secure.gravatar.com\/avatar\/909c5c71aff4b38e88686f2ab2f1ba152571f394f41ed8bae431ea56ced93050?s=96&d=mm&r=g","caption":"Dzana Muminovic"},"url":"https:\/\/www.organisator.ch\/fr\/author\/dzana-muminovic\/"}]}},"_links":{"self":[{"href":"https:\/\/www.organisator.ch\/fr\/wp-json\/wp\/v2\/posts\/35622","targetHints":{"allow":["GET"]}}],"collection":[{"href":"https:\/\/www.organisator.ch\/fr\/wp-json\/wp\/v2\/posts"}],"about":[{"href":"https:\/\/www.organisator.ch\/fr\/wp-json\/wp\/v2\/types\/post"}],"author":[{"embeddable":true,"href":"https:\/\/www.organisator.ch\/fr\/wp-json\/wp\/v2\/users\/80"}],"replies":[{"embeddable":true,"href":"https:\/\/www.organisator.ch\/fr\/wp-json\/wp\/v2\/comments?post=35622"}],"version-history":[{"count":4,"href":"https:\/\/www.organisator.ch\/fr\/wp-json\/wp\/v2\/posts\/35622\/revisions"}],"predecessor-version":[{"id":35686,"href":"https:\/\/www.organisator.ch\/fr\/wp-json\/wp\/v2\/posts\/35622\/revisions\/35686"}],"wp:featuredmedia":[{"embeddable":true,"href":"https:\/\/www.organisator.ch\/fr\/wp-json\/wp\/v2\/media\/35623"}],"wp:attachment":[{"href":"https:\/\/www.organisator.ch\/fr\/wp-json\/wp\/v2\/media?parent=35622"}],"wp:term":[{"taxonomy":"category","embeddable":true,"href":"https:\/\/www.organisator.ch\/fr\/wp-json\/wp\/v2\/categories?post=35622"},{"taxonomy":"post_tag","embeddable":true,"href":"https:\/\/www.organisator.ch\/fr\/wp-json\/wp\/v2\/tags?post=35622"}],"curies":[{"name":"wp","href":"https:\/\/api.w.org\/{rel}","templated":true}]}}