{"id":35638,"date":"2025-01-30T06:58:22","date_gmt":"2025-01-30T05:58:22","guid":{"rendered":"https:\/\/www.markt-kom.com\/?p=229668"},"modified":"2025-01-30T07:26:45","modified_gmt":"2025-01-30T06:26:45","slug":"mediaschneider-sichert-sich-mediaetat-von-dosenbach","status":"publish","type":"post","link":"https:\/\/www.organisator.ch\/fr\/marketing\/2025-01-30\/mediaschneider-sichert-sich-mediaetat-von-dosenbach\/","title":{"rendered":"Mediaschneider s'assure le contrat m\u00e9dia de Dosenbach"},"content":{"rendered":"<figure id=\"attachment_229683\" class=\"wp-caption aligncenter\" style=\"width: 1056px;\" aria-describedby=\"caption-attachment-229683\"><a href=\"https:\/\/www.markt-kom.com\/wp-content\/uploads\/2025\/01\/mediaschneider_pitch_team_in_essen.jpg\"><img class=\"size-full wp-image-229683\" src=\"https:\/\/www.markt-kom.com\/wp-content\/uploads\/2025\/01\/mediaschneider_pitch_team_in_essen.jpg\" sizes=\"(max-width: 1056px) 100vw, 1056px\" srcset=\"https:\/\/www.markt-kom.com\/wp-content\/uploads\/2025\/01\/mediaschneider_pitch_team_in_essen.jpg 1056w, https:\/\/www.markt-kom.com\/wp-content\/uploads\/2025\/01\/mediaschneider_pitch_team_in_essen-600x450.jpg 600w, https:\/\/www.markt-kom.com\/wp-content\/uploads\/2025\/01\/mediaschneider_pitch_team_in_essen-1024x768.jpg 1024w, https:\/\/www.markt-kom.com\/wp-content\/uploads\/2025\/01\/mediaschneider_pitch_team_in_essen-768x576.jpg 768w, https:\/\/www.markt-kom.com\/wp-content\/uploads\/2025\/01\/mediaschneider_pitch_team_in_essen-16x12.jpg 16w, https:\/\/www.markt-kom.com\/wp-content\/uploads\/2025\/01\/mediaschneider_pitch_team_in_essen-233x175.jpg 233w, https:\/\/www.markt-kom.com\/wp-content\/uploads\/2025\/01\/mediaschneider_pitch_team_in_essen-467x350.jpg 467w, https:\/\/www.markt-kom.com\/wp-content\/uploads\/2025\/01\/mediaschneider_pitch_team_in_essen-1000x750.jpg 1000w\" alt=\"\" width=\"1056\" height=\"792\" \/><\/a>\r\n<figcaption id=\"caption-attachment-229683\" class=\"wp-caption-text\">L'\u00e9quipe Media Pitch \u00e0 Essen : Adriana Pokus, Jaykson Bilbao, Moritz Schneider et J\u00fcrgen Storp (de g. \u00e0 dr.). (Image : zVg.)<\/figcaption>\r\n<\/figure>\r\n<p>Le pitch a \u00e9t\u00e9 men\u00e9 dans le cadre d'une collaboration intensive entre le d\u00e9partement m\u00e9dias international du groupe Deichmann \u00e0 Essen et l'\u00e9quipe Dosenbach en Suisse, accompagn\u00e9e par Imediag de Hambourg. Au si\u00e8ge de Deichmann \u00e0 Essen, Mediaschneider a su convaincre avec une strat\u00e9gie multicanaux visant \u00e0 positionner Dosenbach en tant que marque de chaussures en Suisse.<\/p>\r\n<h3><strong>Focalisation sur la planification m\u00e9dia ax\u00e9e sur les donn\u00e9es<\/strong><\/h3>\r\n<p>Zanet Zabarac, responsable marketing de Dosenbach-Ochsner AG, souligne l'importance d'une strat\u00e9gie flexible et adapt\u00e9e au march\u00e9 : \"Il \u00e9tait important pour nous de travailler avec une agence m\u00e9dia qui non seulement comprend parfaitement le march\u00e9 suisse, mais qui est \u00e9galement capable de r\u00e9pondre \u00e0 nos besoins individuels de mani\u00e8re flexible et innovante\".<\/p>\r\n<p>Le CEO Moritz Schneider met en avant les solutions bas\u00e9es sur les donn\u00e9es de Mediaschneider : \"Nos solutions de tableaux de bord sur mesure ainsi que notre outil de planification m\u00e9dia moderne et bas\u00e9 sur le cloud ont touch\u00e9 une corde sensible\".<\/p>","protected":false},"excerpt":{"rendered":"<p>Apr\u00e8s un pitch en plusieurs \u00e9tapes, Mediaschneider se chargera du travail m\u00e9diatique pour Dosenbach \u00e0 partir de 2025. La strat\u00e9gie vise \u00e0 renforcer la marque sur le march\u00e9 suisse.<\/p>","protected":false},"author":8,"featured_media":0,"comment_status":"closed","ping_status":"closed","sticky":false,"template":"","format":"standard","meta":{"_acf_changed":false,"_yoast_wpseo_focuskw":"Mediaschneider","_yoast_wpseo_metadesc":"Mediaschneider \u00fcbernimmt ab 2025 die Mediaarbeit f\u00fcr Dosenbach und setzt auf datengetriebene Multi-Channel-Strategien im Schweizer Markt.","articlekey":"","footnotes":""},"categories":[29],"tags":[4158,2855,4192],"class_list":["post-35638","post","type-post","status-publish","format-standard","hentry","category-marketing","tag-dosenbach","tag-etats","tag-mediaschneider"],"acf":[],"yoast_head":"<!-- This site is optimized with the Yoast SEO plugin v27.4 - https:\/\/yoast.com\/product\/yoast-seo-wordpress\/ -->\n<title>Mediaschneider sichert sich Mediaetat von Dosenbach - Organisator<\/title>\n<meta name=\"description\" content=\"Mediaschneider \u00fcbernimmt ab 2025 die Mediaarbeit f\u00fcr Dosenbach und setzt auf datengetriebene Multi-Channel-Strategien im Schweizer Markt.\" \/>\n<meta name=\"robots\" content=\"index, follow, max-snippet:-1, max-image-preview:large, max-video-preview:-1\" \/>\n<link rel=\"canonical\" href=\"https:\/\/www.organisator.ch\/fr\/marketing\/2025-01-30\/mediaschneider-sichert-sich-mediaetat-von-dosenbach\/\" \/>\n<meta property=\"og:locale\" content=\"fr_FR\" \/>\n<meta property=\"og:type\" content=\"article\" \/>\n<meta property=\"og:title\" content=\"Mediaschneider sichert sich Mediaetat von Dosenbach - Organisator\" \/>\n<meta property=\"og:description\" content=\"Mediaschneider \u00fcbernimmt ab 2025 die Mediaarbeit f\u00fcr Dosenbach und setzt auf datengetriebene Multi-Channel-Strategien im Schweizer Markt.\" \/>\n<meta property=\"og:url\" content=\"https:\/\/www.organisator.ch\/fr\/marketing\/2025-01-30\/mediaschneider-sichert-sich-mediaetat-von-dosenbach\/\" \/>\n<meta property=\"og:site_name\" content=\"Organisator\" \/>\n<meta property=\"article:publisher\" content=\"https:\/\/www.facebook.com\/OrganisatorFachmagazin\" \/>\n<meta property=\"article:published_time\" content=\"2025-01-30T05:58:22+00:00\" \/>\n<meta property=\"article:modified_time\" content=\"2025-01-30T06:26:45+00:00\" \/>\n<meta name=\"author\" content=\"galledia\" \/>\n<meta name=\"twitter:card\" content=\"summary_large_image\" \/>\n<meta name=\"twitter:creator\" content=\"@admin\" \/>\n<script type=\"application\/ld+json\" class=\"yoast-schema-graph\">{\"@context\":\"https:\\\/\\\/schema.org\",\"@graph\":[{\"@type\":\"Article\",\"@id\":\"https:\\\/\\\/www.organisator.ch\\\/marketing\\\/2025-01-30\\\/mediaschneider-sichert-sich-mediaetat-von-dosenbach\\\/#article\",\"isPartOf\":{\"@id\":\"https:\\\/\\\/www.organisator.ch\\\/marketing\\\/2025-01-30\\\/mediaschneider-sichert-sich-mediaetat-von-dosenbach\\\/\"},\"author\":{\"name\":\"galledia\",\"@id\":\"https:\\\/\\\/www.organisator.ch\\\/#\\\/schema\\\/person\\\/4e51799071cd2dd1232ac003643ef5f0\"},\"headline\":\"Mediaschneider sichert sich Mediaetat von Dosenbach\",\"datePublished\":\"2025-01-30T05:58:22+00:00\",\"dateModified\":\"2025-01-30T06:26:45+00:00\",\"mainEntityOfPage\":{\"@id\":\"https:\\\/\\\/www.organisator.ch\\\/marketing\\\/2025-01-30\\\/mediaschneider-sichert-sich-mediaetat-von-dosenbach\\\/\"},\"wordCount\":149,\"publisher\":{\"@id\":\"https:\\\/\\\/www.organisator.ch\\\/#organization\"},\"image\":{\"@id\":\"https:\\\/\\\/www.organisator.ch\\\/marketing\\\/2025-01-30\\\/mediaschneider-sichert-sich-mediaetat-von-dosenbach\\\/#primaryimage\"},\"thumbnailUrl\":\"https:\\\/\\\/www.markt-kom.com\\\/wp-content\\\/uploads\\\/2025\\\/01\\\/mediaschneider_pitch_team_in_essen.jpg\",\"keywords\":[\"Dosenbach\",\"Etats\",\"Mediaschneider\"],\"articleSection\":[\"MARKETING\"],\"inLanguage\":\"fr-FR\"},{\"@type\":\"WebPage\",\"@id\":\"https:\\\/\\\/www.organisator.ch\\\/marketing\\\/2025-01-30\\\/mediaschneider-sichert-sich-mediaetat-von-dosenbach\\\/\",\"url\":\"https:\\\/\\\/www.organisator.ch\\\/marketing\\\/2025-01-30\\\/mediaschneider-sichert-sich-mediaetat-von-dosenbach\\\/\",\"name\":\"Mediaschneider sichert sich Mediaetat von Dosenbach - Organisator\",\"isPartOf\":{\"@id\":\"https:\\\/\\\/www.organisator.ch\\\/#website\"},\"primaryImageOfPage\":{\"@id\":\"https:\\\/\\\/www.organisator.ch\\\/marketing\\\/2025-01-30\\\/mediaschneider-sichert-sich-mediaetat-von-dosenbach\\\/#primaryimage\"},\"image\":{\"@id\":\"https:\\\/\\\/www.organisator.ch\\\/marketing\\\/2025-01-30\\\/mediaschneider-sichert-sich-mediaetat-von-dosenbach\\\/#primaryimage\"},\"thumbnailUrl\":\"https:\\\/\\\/www.markt-kom.com\\\/wp-content\\\/uploads\\\/2025\\\/01\\\/mediaschneider_pitch_team_in_essen.jpg\",\"datePublished\":\"2025-01-30T05:58:22+00:00\",\"dateModified\":\"2025-01-30T06:26:45+00:00\",\"description\":\"Mediaschneider \u00fcbernimmt ab 2025 die Mediaarbeit f\u00fcr Dosenbach und setzt auf datengetriebene Multi-Channel-Strategien im Schweizer Markt.\",\"breadcrumb\":{\"@id\":\"https:\\\/\\\/www.organisator.ch\\\/marketing\\\/2025-01-30\\\/mediaschneider-sichert-sich-mediaetat-von-dosenbach\\\/#breadcrumb\"},\"inLanguage\":\"fr-FR\",\"potentialAction\":[{\"@type\":\"ReadAction\",\"target\":[\"https:\\\/\\\/www.organisator.ch\\\/marketing\\\/2025-01-30\\\/mediaschneider-sichert-sich-mediaetat-von-dosenbach\\\/\"]}]},{\"@type\":\"ImageObject\",\"inLanguage\":\"fr-FR\",\"@id\":\"https:\\\/\\\/www.organisator.ch\\\/marketing\\\/2025-01-30\\\/mediaschneider-sichert-sich-mediaetat-von-dosenbach\\\/#primaryimage\",\"url\":\"https:\\\/\\\/www.markt-kom.com\\\/wp-content\\\/uploads\\\/2025\\\/01\\\/mediaschneider_pitch_team_in_essen.jpg\",\"contentUrl\":\"https:\\\/\\\/www.markt-kom.com\\\/wp-content\\\/uploads\\\/2025\\\/01\\\/mediaschneider_pitch_team_in_essen.jpg\"},{\"@type\":\"BreadcrumbList\",\"@id\":\"https:\\\/\\\/www.organisator.ch\\\/marketing\\\/2025-01-30\\\/mediaschneider-sichert-sich-mediaetat-von-dosenbach\\\/#breadcrumb\",\"itemListElement\":[{\"@type\":\"ListItem\",\"position\":1,\"name\":\"Home\",\"item\":\"https:\\\/\\\/www.organisator.ch\\\/\"},{\"@type\":\"ListItem\",\"position\":2,\"name\":\"Mediaschneider sichert sich Mediaetat von Dosenbach\"}]},{\"@type\":\"WebSite\",\"@id\":\"https:\\\/\\\/www.organisator.ch\\\/#website\",\"url\":\"https:\\\/\\\/www.organisator.ch\\\/\",\"name\":\"Organisator\",\"description\":\"Kompetent. Praxisnah. Der ORGANISATOR bereitet in 10 Ausgaben pro Jahr die wesentlichen Themen f\u00fcr F\u00fchrungskr\u00e4fte von KMU auf.\",\"publisher\":{\"@id\":\"https:\\\/\\\/www.organisator.ch\\\/#organization\"},\"potentialAction\":[{\"@type\":\"SearchAction\",\"target\":{\"@type\":\"EntryPoint\",\"urlTemplate\":\"https:\\\/\\\/www.organisator.ch\\\/?s={search_term_string}\"},\"query-input\":{\"@type\":\"PropertyValueSpecification\",\"valueRequired\":true,\"valueName\":\"search_term_string\"}}],\"inLanguage\":\"fr-FR\"},{\"@type\":\"Organization\",\"@id\":\"https:\\\/\\\/www.organisator.ch\\\/#organization\",\"name\":\"Organisator\",\"url\":\"https:\\\/\\\/www.organisator.ch\\\/\",\"logo\":{\"@type\":\"ImageObject\",\"inLanguage\":\"fr-FR\",\"@id\":\"https:\\\/\\\/www.organisator.ch\\\/#\\\/schema\\\/logo\\\/image\\\/\",\"url\":\"https:\\\/\\\/www.organisator.ch\\\/wp-content\\\/uploads\\\/2022\\\/01\\\/Logo_Organisator_Website.png\",\"contentUrl\":\"https:\\\/\\\/www.organisator.ch\\\/wp-content\\\/uploads\\\/2022\\\/01\\\/Logo_Organisator_Website.png\",\"width\":800,\"height\":77,\"caption\":\"Organisator\"},\"image\":{\"@id\":\"https:\\\/\\\/www.organisator.ch\\\/#\\\/schema\\\/logo\\\/image\\\/\"},\"sameAs\":[\"https:\\\/\\\/www.facebook.com\\\/OrganisatorFachmagazin\",\"https:\\\/\\\/www.linkedin.com\\\/showcase\\\/organisator-das-magazin-fr-kmu\",\"https:\\\/\\\/www.xing.com\\\/news\\\/pages\\\/organisator-ch-695\",\"https:\\\/\\\/www.youtube.com\\\/channel\\\/UCGP2Sq0iWaZwT3BdIAQFYpw\"]},{\"@type\":\"Person\",\"@id\":\"https:\\\/\\\/www.organisator.ch\\\/#\\\/schema\\\/person\\\/4e51799071cd2dd1232ac003643ef5f0\",\"name\":\"galledia\",\"image\":{\"@type\":\"ImageObject\",\"inLanguage\":\"fr-FR\",\"@id\":\"https:\\\/\\\/secure.gravatar.com\\\/avatar\\\/78a7f90c01fc2bfc875782a0d4922b37cde2cf184ce347b91316d23cd7f69a36?s=96&d=mm&r=g\",\"url\":\"https:\\\/\\\/secure.gravatar.com\\\/avatar\\\/78a7f90c01fc2bfc875782a0d4922b37cde2cf184ce347b91316d23cd7f69a36?s=96&d=mm&r=g\",\"contentUrl\":\"https:\\\/\\\/secure.gravatar.com\\\/avatar\\\/78a7f90c01fc2bfc875782a0d4922b37cde2cf184ce347b91316d23cd7f69a36?s=96&d=mm&r=g\",\"caption\":\"galledia\"},\"sameAs\":[\"https:\\\/\\\/x.com\\\/admin\"],\"url\":\"https:\\\/\\\/www.organisator.ch\\\/fr\\\/author\\\/galledia\\\/\"}]}<\/script>\n<!-- \/ Yoast SEO plugin. -->","yoast_head_json":{"title":"Mediaschneider s'assure le budget m\u00e9dia de Dosenbach - Organisateur","description":"Mediaschneider prend en charge le travail m\u00e9dia pour Dosenbach \u00e0 partir de 2025 et mise sur des strat\u00e9gies multicanaux ax\u00e9es sur les donn\u00e9es sur le march\u00e9 suisse.","robots":{"index":"index","follow":"follow","max-snippet":"max-snippet:-1","max-image-preview":"max-image-preview:large","max-video-preview":"max-video-preview:-1"},"canonical":"https:\/\/www.organisator.ch\/fr\/marketing\/2025-01-30\/mediaschneider-sichert-sich-mediaetat-von-dosenbach\/","og_locale":"fr_FR","og_type":"article","og_title":"Mediaschneider sichert sich Mediaetat von Dosenbach - Organisator","og_description":"Mediaschneider \u00fcbernimmt ab 2025 die Mediaarbeit f\u00fcr Dosenbach und setzt auf datengetriebene Multi-Channel-Strategien im Schweizer Markt.","og_url":"https:\/\/www.organisator.ch\/fr\/marketing\/2025-01-30\/mediaschneider-sichert-sich-mediaetat-von-dosenbach\/","og_site_name":"Organisator","article_publisher":"https:\/\/www.facebook.com\/OrganisatorFachmagazin","article_published_time":"2025-01-30T05:58:22+00:00","article_modified_time":"2025-01-30T06:26:45+00:00","author":"galledia","twitter_card":"summary_large_image","twitter_creator":"@admin","schema":{"@context":"https:\/\/schema.org","@graph":[{"@type":"Article","@id":"https:\/\/www.organisator.ch\/marketing\/2025-01-30\/mediaschneider-sichert-sich-mediaetat-von-dosenbach\/#article","isPartOf":{"@id":"https:\/\/www.organisator.ch\/marketing\/2025-01-30\/mediaschneider-sichert-sich-mediaetat-von-dosenbach\/"},"author":{"name":"galledia","@id":"https:\/\/www.organisator.ch\/#\/schema\/person\/4e51799071cd2dd1232ac003643ef5f0"},"headline":"Mediaschneider sichert sich Mediaetat von Dosenbach","datePublished":"2025-01-30T05:58:22+00:00","dateModified":"2025-01-30T06:26:45+00:00","mainEntityOfPage":{"@id":"https:\/\/www.organisator.ch\/marketing\/2025-01-30\/mediaschneider-sichert-sich-mediaetat-von-dosenbach\/"},"wordCount":149,"publisher":{"@id":"https:\/\/www.organisator.ch\/#organization"},"image":{"@id":"https:\/\/www.organisator.ch\/marketing\/2025-01-30\/mediaschneider-sichert-sich-mediaetat-von-dosenbach\/#primaryimage"},"thumbnailUrl":"https:\/\/www.markt-kom.com\/wp-content\/uploads\/2025\/01\/mediaschneider_pitch_team_in_essen.jpg","keywords":["Dosenbach","Etats","Mediaschneider"],"articleSection":["MARKETING"],"inLanguage":"fr-FR"},{"@type":"WebPage","@id":"https:\/\/www.organisator.ch\/marketing\/2025-01-30\/mediaschneider-sichert-sich-mediaetat-von-dosenbach\/","url":"https:\/\/www.organisator.ch\/marketing\/2025-01-30\/mediaschneider-sichert-sich-mediaetat-von-dosenbach\/","name":"Mediaschneider s'assure le budget m\u00e9dia de Dosenbach - Organisateur","isPartOf":{"@id":"https:\/\/www.organisator.ch\/#website"},"primaryImageOfPage":{"@id":"https:\/\/www.organisator.ch\/marketing\/2025-01-30\/mediaschneider-sichert-sich-mediaetat-von-dosenbach\/#primaryimage"},"image":{"@id":"https:\/\/www.organisator.ch\/marketing\/2025-01-30\/mediaschneider-sichert-sich-mediaetat-von-dosenbach\/#primaryimage"},"thumbnailUrl":"https:\/\/www.markt-kom.com\/wp-content\/uploads\/2025\/01\/mediaschneider_pitch_team_in_essen.jpg","datePublished":"2025-01-30T05:58:22+00:00","dateModified":"2025-01-30T06:26:45+00:00","description":"Mediaschneider prend en charge le travail m\u00e9dia pour Dosenbach \u00e0 partir de 2025 et mise sur des strat\u00e9gies multicanaux ax\u00e9es sur les donn\u00e9es sur le march\u00e9 suisse.","breadcrumb":{"@id":"https:\/\/www.organisator.ch\/marketing\/2025-01-30\/mediaschneider-sichert-sich-mediaetat-von-dosenbach\/#breadcrumb"},"inLanguage":"fr-FR","potentialAction":[{"@type":"ReadAction","target":["https:\/\/www.organisator.ch\/marketing\/2025-01-30\/mediaschneider-sichert-sich-mediaetat-von-dosenbach\/"]}]},{"@type":"ImageObject","inLanguage":"fr-FR","@id":"https:\/\/www.organisator.ch\/marketing\/2025-01-30\/mediaschneider-sichert-sich-mediaetat-von-dosenbach\/#primaryimage","url":"https:\/\/www.markt-kom.com\/wp-content\/uploads\/2025\/01\/mediaschneider_pitch_team_in_essen.jpg","contentUrl":"https:\/\/www.markt-kom.com\/wp-content\/uploads\/2025\/01\/mediaschneider_pitch_team_in_essen.jpg"},{"@type":"BreadcrumbList","@id":"https:\/\/www.organisator.ch\/marketing\/2025-01-30\/mediaschneider-sichert-sich-mediaetat-von-dosenbach\/#breadcrumb","itemListElement":[{"@type":"ListItem","position":1,"name":"Home","item":"https:\/\/www.organisator.ch\/"},{"@type":"ListItem","position":2,"name":"Mediaschneider sichert sich Mediaetat von Dosenbach"}]},{"@type":"WebSite","@id":"https:\/\/www.organisator.ch\/#website","url":"https:\/\/www.organisator.ch\/","name":"Organisateur","description":"Comp\u00e9tence et comp\u00e9tence. Proches de la pratique. L'ORGANISATEUR pr\u00e9pare 10 num\u00e9ros par an sur les th\u00e8mes essentiels pour les dirigeants de PME.","publisher":{"@id":"https:\/\/www.organisator.ch\/#organization"},"potentialAction":[{"@type":"SearchAction","target":{"@type":"EntryPoint","urlTemplate":"https:\/\/www.organisator.ch\/?s={search_term_string}"},"query-input":{"@type":"PropertyValueSpecification","valueRequired":true,"valueName":"search_term_string"}}],"inLanguage":"fr-FR"},{"@type":"Organization","@id":"https:\/\/www.organisator.ch\/#organization","name":"Organisateur","url":"https:\/\/www.organisator.ch\/","logo":{"@type":"ImageObject","inLanguage":"fr-FR","@id":"https:\/\/www.organisator.ch\/#\/schema\/logo\/image\/","url":"https:\/\/www.organisator.ch\/wp-content\/uploads\/2022\/01\/Logo_Organisator_Website.png","contentUrl":"https:\/\/www.organisator.ch\/wp-content\/uploads\/2022\/01\/Logo_Organisator_Website.png","width":800,"height":77,"caption":"Organisator"},"image":{"@id":"https:\/\/www.organisator.ch\/#\/schema\/logo\/image\/"},"sameAs":["https:\/\/www.facebook.com\/OrganisatorFachmagazin","https:\/\/www.linkedin.com\/showcase\/organisator-das-magazin-fr-kmu","https:\/\/www.xing.com\/news\/pages\/organisator-ch-695","https:\/\/www.youtube.com\/channel\/UCGP2Sq0iWaZwT3BdIAQFYpw"]},{"@type":"Person","@id":"https:\/\/www.organisator.ch\/#\/schema\/person\/4e51799071cd2dd1232ac003643ef5f0","name":"galledia","image":{"@type":"ImageObject","inLanguage":"fr-FR","@id":"https:\/\/secure.gravatar.com\/avatar\/78a7f90c01fc2bfc875782a0d4922b37cde2cf184ce347b91316d23cd7f69a36?s=96&d=mm&r=g","url":"https:\/\/secure.gravatar.com\/avatar\/78a7f90c01fc2bfc875782a0d4922b37cde2cf184ce347b91316d23cd7f69a36?s=96&d=mm&r=g","contentUrl":"https:\/\/secure.gravatar.com\/avatar\/78a7f90c01fc2bfc875782a0d4922b37cde2cf184ce347b91316d23cd7f69a36?s=96&d=mm&r=g","caption":"galledia"},"sameAs":["https:\/\/x.com\/admin"],"url":"https:\/\/www.organisator.ch\/fr\/author\/galledia\/"}]}},"_links":{"self":[{"href":"https:\/\/www.organisator.ch\/fr\/wp-json\/wp\/v2\/posts\/35638","targetHints":{"allow":["GET"]}}],"collection":[{"href":"https:\/\/www.organisator.ch\/fr\/wp-json\/wp\/v2\/posts"}],"about":[{"href":"https:\/\/www.organisator.ch\/fr\/wp-json\/wp\/v2\/types\/post"}],"author":[{"embeddable":true,"href":"https:\/\/www.organisator.ch\/fr\/wp-json\/wp\/v2\/users\/8"}],"replies":[{"embeddable":true,"href":"https:\/\/www.organisator.ch\/fr\/wp-json\/wp\/v2\/comments?post=35638"}],"version-history":[{"count":4,"href":"https:\/\/www.organisator.ch\/fr\/wp-json\/wp\/v2\/posts\/35638\/revisions"}],"predecessor-version":[{"id":35648,"href":"https:\/\/www.organisator.ch\/fr\/wp-json\/wp\/v2\/posts\/35638\/revisions\/35648"}],"wp:attachment":[{"href":"https:\/\/www.organisator.ch\/fr\/wp-json\/wp\/v2\/media?parent=35638"}],"wp:term":[{"taxonomy":"category","embeddable":true,"href":"https:\/\/www.organisator.ch\/fr\/wp-json\/wp\/v2\/categories?post=35638"},{"taxonomy":"post_tag","embeddable":true,"href":"https:\/\/www.organisator.ch\/fr\/wp-json\/wp\/v2\/tags?post=35638"}],"curies":[{"name":"wp","href":"https:\/\/api.w.org\/{rel}","templated":true}]}}