{"id":35677,"date":"2025-01-31T10:10:22","date_gmt":"2025-01-31T09:10:22","guid":{"rendered":"https:\/\/www.markt-kom.com\/?p=229719"},"modified":"2025-01-31T09:03:25","modified_gmt":"2025-01-31T08:03:25","slug":"migros-schafft-eigene-direktion-fuer-gesellschaftliches-engagement","status":"publish","type":"post","link":"https:\/\/www.organisator.ch\/fr\/marketing\/2025-01-31\/migros-schafft-eigene-direktion-fuer-gesellschaftliches-engagement\/","title":{"rendered":"Migros cr\u00e9e sa propre direction pour l'engagement social"},"content":{"rendered":"<figure id=\"attachment_229720\" class=\"wp-caption aligncenter\" style=\"width: 795px;\" aria-describedby=\"caption-attachment-229720\"><a href=\"https:\/\/www.markt-kom.com\/wp-content\/uploads\/2025\/01\/Andrea-Krapf-Migros.png\"><img class=\"size-full wp-image-229720\" src=\"https:\/\/www.markt-kom.com\/wp-content\/uploads\/2025\/01\/Andrea-Krapf-Migros.png\" sizes=\"(max-width: 795px) 100vw, 795px\" srcset=\"https:\/\/www.markt-kom.com\/wp-content\/uploads\/2025\/01\/Andrea-Krapf-Migros.png 795w, https:\/\/www.markt-kom.com\/wp-content\/uploads\/2025\/01\/Andrea-Krapf-Migros-600x335.png 600w, https:\/\/www.markt-kom.com\/wp-content\/uploads\/2025\/01\/Andrea-Krapf-Migros-768x429.png 768w, https:\/\/www.markt-kom.com\/wp-content\/uploads\/2025\/01\/Andrea-Krapf-Migros-18x10.png 18w, https:\/\/www.markt-kom.com\/wp-content\/uploads\/2025\/01\/Andrea-Krapf-Migros-313x175.png 313w, https:\/\/www.markt-kom.com\/wp-content\/uploads\/2025\/01\/Andrea-Krapf-Migros-627x350.png 627w\" alt=\"\" width=\"795\" height=\"444\" \/><\/a>\r\n<figcaption id=\"caption-attachment-229720\" class=\"wp-caption-text\">Andrea Krapf. (Image : Migros)<\/figcaption>\r\n<\/figure>\r\n<p>La direction Human Resources Management du groupe Migros ainsi que les organisations de qualit\u00e9 SQTS et Management de la qualit\u00e9 restent dans l'ancien d\u00e9partement. La nouvelle direction pour l'engagement social comprend entre autres la direction Soci\u00e9t\u00e9 &amp; Culture, Miduca AG ainsi que les fondations Park im Gr\u00fcnen et Ferrovia Monte Generoso AG. Elle sera \u00e0 l'avenir directement subordonn\u00e9e au pr\u00e9sident de la direction g\u00e9n\u00e9rale, Mario Irminger.<\/p>\r\n<p>Irminger souligne les m\u00e9rites d'Andrea Krapf, qui reprend la direction de l'engagement social : \"Andrea Krapf a jet\u00e9 des ponts au sein de Migros, cr\u00e9\u00e9 la confiance et renforc\u00e9 la collaboration\". Sous sa direction, la r\u00e9forme des rentes AVS21 a notamment \u00e9t\u00e9 mise en \u0153uvre \u00e0 Migros et un plan social national a \u00e9t\u00e9 adopt\u00e9 pour la premi\u00e8re fois.<\/p>\r\n<p><strong>Changement d'orientation apr\u00e8s plus de 20 ans<\/strong><\/p>\r\n<p>Mme Krapf, 55 ans, qui a occup\u00e9 diff\u00e9rents postes \u00e0 Migros depuis 2001, d\u00e9clare \u00e0 propos de son nouveau r\u00f4le : \"Apr\u00e8s plus de deux d\u00e9cennies pass\u00e9es \u00e0 des postes de direction aux multiples facettes, je me r\u00e9jouis de pouvoir me concentrer sur l'engagement social\". Elle restera \u00e0 la t\u00eate du d\u00e9partement RH jusqu'au passage de t\u00e9moin.<\/p>\r\n<p>Les changements doivent \u00eatre mis en \u0153uvre d'ici fin 2025. On cherche maintenant un successeur pour le d\u00e9partement qui sera recentr\u00e9 \u00e0 l'avenir.<\/p>","protected":false},"excerpt":{"rendered":"<p>Migros se restructure : l'engagement social, qui faisait jusqu'\u00e0 pr\u00e9sent partie du d\u00e9partement RH, sera regroup\u00e9 dans une direction autonome. Andrea Krapf, actuellement responsable du d\u00e9partement Human Resources Management (HRM), prend en charge la nouvelle unit\u00e9 et se retire de la direction g\u00e9n\u00e9rale.<\/p>","protected":false},"author":8,"featured_media":0,"comment_status":"closed","ping_status":"closed","sticky":false,"template":"","format":"standard","meta":{"_acf_changed":false,"_yoast_wpseo_focuskw":"Migros gesellschaftliches Engagement","_yoast_wpseo_metadesc":"Migros b\u00fcndelt das gesellschaftliche Engagement in einer neuen Direktion unter Andrea Krapf, die aus der Generaldirektion zur\u00fccktritt.","articlekey":"","footnotes":""},"categories":[29],"tags":[4345,1708],"class_list":["post-35677","post","type-post","status-publish","format-standard","hentry","category-marketing","tag-business","tag-migros"],"acf":[],"yoast_head":"<!-- This site is optimized with the Yoast SEO plugin v27.4 - https:\/\/yoast.com\/product\/yoast-seo-wordpress\/ -->\n<title>Migros schafft eigene Direktion f\u00fcr gesellschaftliches Engagement - Organisator<\/title>\n<meta name=\"description\" content=\"Migros b\u00fcndelt das gesellschaftliche Engagement in einer neuen Direktion unter Andrea Krapf, die aus der Generaldirektion zur\u00fccktritt.\" \/>\n<meta name=\"robots\" content=\"index, follow, max-snippet:-1, max-image-preview:large, max-video-preview:-1\" \/>\n<link rel=\"canonical\" href=\"https:\/\/www.organisator.ch\/fr\/marketing\/2025-01-31\/migros-schafft-eigene-direktion-fuer-gesellschaftliches-engagement\/\" \/>\n<meta property=\"og:locale\" content=\"fr_FR\" \/>\n<meta property=\"og:type\" content=\"article\" \/>\n<meta property=\"og:title\" content=\"Migros schafft eigene Direktion f\u00fcr gesellschaftliches Engagement - Organisator\" \/>\n<meta property=\"og:description\" content=\"Migros b\u00fcndelt das gesellschaftliche Engagement in einer neuen Direktion unter Andrea Krapf, die aus der Generaldirektion zur\u00fccktritt.\" \/>\n<meta property=\"og:url\" content=\"https:\/\/www.organisator.ch\/fr\/marketing\/2025-01-31\/migros-schafft-eigene-direktion-fuer-gesellschaftliches-engagement\/\" \/>\n<meta property=\"og:site_name\" content=\"Organisator\" \/>\n<meta property=\"article:publisher\" content=\"https:\/\/www.facebook.com\/OrganisatorFachmagazin\" \/>\n<meta property=\"article:published_time\" content=\"2025-01-31T09:10:22+00:00\" \/>\n<meta name=\"author\" content=\"galledia\" \/>\n<meta name=\"twitter:card\" content=\"summary_large_image\" \/>\n<meta name=\"twitter:creator\" content=\"@admin\" \/>\n<script type=\"application\/ld+json\" class=\"yoast-schema-graph\">{\"@context\":\"https:\\\/\\\/schema.org\",\"@graph\":[{\"@type\":\"Article\",\"@id\":\"https:\\\/\\\/www.organisator.ch\\\/marketing\\\/2025-01-31\\\/migros-schafft-eigene-direktion-fuer-gesellschaftliches-engagement\\\/#article\",\"isPartOf\":{\"@id\":\"https:\\\/\\\/www.organisator.ch\\\/marketing\\\/2025-01-31\\\/migros-schafft-eigene-direktion-fuer-gesellschaftliches-engagement\\\/\"},\"author\":{\"name\":\"galledia\",\"@id\":\"https:\\\/\\\/www.organisator.ch\\\/#\\\/schema\\\/person\\\/4e51799071cd2dd1232ac003643ef5f0\"},\"headline\":\"Migros schafft eigene Direktion f\u00fcr gesellschaftliches Engagement\",\"datePublished\":\"2025-01-31T09:10:22+00:00\",\"mainEntityOfPage\":{\"@id\":\"https:\\\/\\\/www.organisator.ch\\\/marketing\\\/2025-01-31\\\/migros-schafft-eigene-direktion-fuer-gesellschaftliches-engagement\\\/\"},\"wordCount\":196,\"publisher\":{\"@id\":\"https:\\\/\\\/www.organisator.ch\\\/#organization\"},\"image\":{\"@id\":\"https:\\\/\\\/www.organisator.ch\\\/marketing\\\/2025-01-31\\\/migros-schafft-eigene-direktion-fuer-gesellschaftliches-engagement\\\/#primaryimage\"},\"thumbnailUrl\":\"https:\\\/\\\/www.markt-kom.com\\\/wp-content\\\/uploads\\\/2025\\\/01\\\/Andrea-Krapf-Migros.png\",\"keywords\":[\"Business\",\"Migros\"],\"articleSection\":[\"MARKETING\"],\"inLanguage\":\"fr-FR\"},{\"@type\":\"WebPage\",\"@id\":\"https:\\\/\\\/www.organisator.ch\\\/marketing\\\/2025-01-31\\\/migros-schafft-eigene-direktion-fuer-gesellschaftliches-engagement\\\/\",\"url\":\"https:\\\/\\\/www.organisator.ch\\\/marketing\\\/2025-01-31\\\/migros-schafft-eigene-direktion-fuer-gesellschaftliches-engagement\\\/\",\"name\":\"Migros schafft eigene Direktion f\u00fcr gesellschaftliches Engagement - Organisator\",\"isPartOf\":{\"@id\":\"https:\\\/\\\/www.organisator.ch\\\/#website\"},\"primaryImageOfPage\":{\"@id\":\"https:\\\/\\\/www.organisator.ch\\\/marketing\\\/2025-01-31\\\/migros-schafft-eigene-direktion-fuer-gesellschaftliches-engagement\\\/#primaryimage\"},\"image\":{\"@id\":\"https:\\\/\\\/www.organisator.ch\\\/marketing\\\/2025-01-31\\\/migros-schafft-eigene-direktion-fuer-gesellschaftliches-engagement\\\/#primaryimage\"},\"thumbnailUrl\":\"https:\\\/\\\/www.markt-kom.com\\\/wp-content\\\/uploads\\\/2025\\\/01\\\/Andrea-Krapf-Migros.png\",\"datePublished\":\"2025-01-31T09:10:22+00:00\",\"description\":\"Migros b\u00fcndelt das gesellschaftliche Engagement in einer neuen Direktion unter Andrea Krapf, die aus der Generaldirektion zur\u00fccktritt.\",\"breadcrumb\":{\"@id\":\"https:\\\/\\\/www.organisator.ch\\\/marketing\\\/2025-01-31\\\/migros-schafft-eigene-direktion-fuer-gesellschaftliches-engagement\\\/#breadcrumb\"},\"inLanguage\":\"fr-FR\",\"potentialAction\":[{\"@type\":\"ReadAction\",\"target\":[\"https:\\\/\\\/www.organisator.ch\\\/marketing\\\/2025-01-31\\\/migros-schafft-eigene-direktion-fuer-gesellschaftliches-engagement\\\/\"]}]},{\"@type\":\"ImageObject\",\"inLanguage\":\"fr-FR\",\"@id\":\"https:\\\/\\\/www.organisator.ch\\\/marketing\\\/2025-01-31\\\/migros-schafft-eigene-direktion-fuer-gesellschaftliches-engagement\\\/#primaryimage\",\"url\":\"https:\\\/\\\/www.markt-kom.com\\\/wp-content\\\/uploads\\\/2025\\\/01\\\/Andrea-Krapf-Migros.png\",\"contentUrl\":\"https:\\\/\\\/www.markt-kom.com\\\/wp-content\\\/uploads\\\/2025\\\/01\\\/Andrea-Krapf-Migros.png\"},{\"@type\":\"BreadcrumbList\",\"@id\":\"https:\\\/\\\/www.organisator.ch\\\/marketing\\\/2025-01-31\\\/migros-schafft-eigene-direktion-fuer-gesellschaftliches-engagement\\\/#breadcrumb\",\"itemListElement\":[{\"@type\":\"ListItem\",\"position\":1,\"name\":\"Home\",\"item\":\"https:\\\/\\\/www.organisator.ch\\\/\"},{\"@type\":\"ListItem\",\"position\":2,\"name\":\"Migros schafft eigene Direktion f\u00fcr gesellschaftliches Engagement\"}]},{\"@type\":\"WebSite\",\"@id\":\"https:\\\/\\\/www.organisator.ch\\\/#website\",\"url\":\"https:\\\/\\\/www.organisator.ch\\\/\",\"name\":\"Organisator\",\"description\":\"Kompetent. Praxisnah. Der ORGANISATOR bereitet in 10 Ausgaben pro Jahr die wesentlichen Themen f\u00fcr F\u00fchrungskr\u00e4fte von KMU auf.\",\"publisher\":{\"@id\":\"https:\\\/\\\/www.organisator.ch\\\/#organization\"},\"potentialAction\":[{\"@type\":\"SearchAction\",\"target\":{\"@type\":\"EntryPoint\",\"urlTemplate\":\"https:\\\/\\\/www.organisator.ch\\\/?s={search_term_string}\"},\"query-input\":{\"@type\":\"PropertyValueSpecification\",\"valueRequired\":true,\"valueName\":\"search_term_string\"}}],\"inLanguage\":\"fr-FR\"},{\"@type\":\"Organization\",\"@id\":\"https:\\\/\\\/www.organisator.ch\\\/#organization\",\"name\":\"Organisator\",\"url\":\"https:\\\/\\\/www.organisator.ch\\\/\",\"logo\":{\"@type\":\"ImageObject\",\"inLanguage\":\"fr-FR\",\"@id\":\"https:\\\/\\\/www.organisator.ch\\\/#\\\/schema\\\/logo\\\/image\\\/\",\"url\":\"https:\\\/\\\/www.organisator.ch\\\/wp-content\\\/uploads\\\/2022\\\/01\\\/Logo_Organisator_Website.png\",\"contentUrl\":\"https:\\\/\\\/www.organisator.ch\\\/wp-content\\\/uploads\\\/2022\\\/01\\\/Logo_Organisator_Website.png\",\"width\":800,\"height\":77,\"caption\":\"Organisator\"},\"image\":{\"@id\":\"https:\\\/\\\/www.organisator.ch\\\/#\\\/schema\\\/logo\\\/image\\\/\"},\"sameAs\":[\"https:\\\/\\\/www.facebook.com\\\/OrganisatorFachmagazin\",\"https:\\\/\\\/www.linkedin.com\\\/showcase\\\/organisator-das-magazin-fr-kmu\",\"https:\\\/\\\/www.xing.com\\\/news\\\/pages\\\/organisator-ch-695\",\"https:\\\/\\\/www.youtube.com\\\/channel\\\/UCGP2Sq0iWaZwT3BdIAQFYpw\"]},{\"@type\":\"Person\",\"@id\":\"https:\\\/\\\/www.organisator.ch\\\/#\\\/schema\\\/person\\\/4e51799071cd2dd1232ac003643ef5f0\",\"name\":\"galledia\",\"image\":{\"@type\":\"ImageObject\",\"inLanguage\":\"fr-FR\",\"@id\":\"https:\\\/\\\/secure.gravatar.com\\\/avatar\\\/78a7f90c01fc2bfc875782a0d4922b37cde2cf184ce347b91316d23cd7f69a36?s=96&d=mm&r=g\",\"url\":\"https:\\\/\\\/secure.gravatar.com\\\/avatar\\\/78a7f90c01fc2bfc875782a0d4922b37cde2cf184ce347b91316d23cd7f69a36?s=96&d=mm&r=g\",\"contentUrl\":\"https:\\\/\\\/secure.gravatar.com\\\/avatar\\\/78a7f90c01fc2bfc875782a0d4922b37cde2cf184ce347b91316d23cd7f69a36?s=96&d=mm&r=g\",\"caption\":\"galledia\"},\"sameAs\":[\"https:\\\/\\\/x.com\\\/admin\"],\"url\":\"https:\\\/\\\/www.organisator.ch\\\/fr\\\/author\\\/galledia\\\/\"}]}<\/script>\n<!-- \/ Yoast SEO plugin. -->","yoast_head_json":{"title":"Migros cr\u00e9e sa propre direction pour l'engagement social - Organisateur","description":"Migros regroupe son engagement social au sein d'une nouvelle direction dirig\u00e9e par Andrea Krapf, qui se retire de la direction g\u00e9n\u00e9rale.","robots":{"index":"index","follow":"follow","max-snippet":"max-snippet:-1","max-image-preview":"max-image-preview:large","max-video-preview":"max-video-preview:-1"},"canonical":"https:\/\/www.organisator.ch\/fr\/marketing\/2025-01-31\/migros-schafft-eigene-direktion-fuer-gesellschaftliches-engagement\/","og_locale":"fr_FR","og_type":"article","og_title":"Migros schafft eigene Direktion f\u00fcr gesellschaftliches Engagement - Organisator","og_description":"Migros b\u00fcndelt das gesellschaftliche Engagement in einer neuen Direktion unter Andrea Krapf, die aus der Generaldirektion zur\u00fccktritt.","og_url":"https:\/\/www.organisator.ch\/fr\/marketing\/2025-01-31\/migros-schafft-eigene-direktion-fuer-gesellschaftliches-engagement\/","og_site_name":"Organisator","article_publisher":"https:\/\/www.facebook.com\/OrganisatorFachmagazin","article_published_time":"2025-01-31T09:10:22+00:00","author":"galledia","twitter_card":"summary_large_image","twitter_creator":"@admin","schema":{"@context":"https:\/\/schema.org","@graph":[{"@type":"Article","@id":"https:\/\/www.organisator.ch\/marketing\/2025-01-31\/migros-schafft-eigene-direktion-fuer-gesellschaftliches-engagement\/#article","isPartOf":{"@id":"https:\/\/www.organisator.ch\/marketing\/2025-01-31\/migros-schafft-eigene-direktion-fuer-gesellschaftliches-engagement\/"},"author":{"name":"galledia","@id":"https:\/\/www.organisator.ch\/#\/schema\/person\/4e51799071cd2dd1232ac003643ef5f0"},"headline":"Migros schafft eigene Direktion f\u00fcr gesellschaftliches Engagement","datePublished":"2025-01-31T09:10:22+00:00","mainEntityOfPage":{"@id":"https:\/\/www.organisator.ch\/marketing\/2025-01-31\/migros-schafft-eigene-direktion-fuer-gesellschaftliches-engagement\/"},"wordCount":196,"publisher":{"@id":"https:\/\/www.organisator.ch\/#organization"},"image":{"@id":"https:\/\/www.organisator.ch\/marketing\/2025-01-31\/migros-schafft-eigene-direktion-fuer-gesellschaftliches-engagement\/#primaryimage"},"thumbnailUrl":"https:\/\/www.markt-kom.com\/wp-content\/uploads\/2025\/01\/Andrea-Krapf-Migros.png","keywords":["Business","Migros"],"articleSection":["MARKETING"],"inLanguage":"fr-FR"},{"@type":"WebPage","@id":"https:\/\/www.organisator.ch\/marketing\/2025-01-31\/migros-schafft-eigene-direktion-fuer-gesellschaftliches-engagement\/","url":"https:\/\/www.organisator.ch\/marketing\/2025-01-31\/migros-schafft-eigene-direktion-fuer-gesellschaftliches-engagement\/","name":"Migros cr\u00e9e sa propre direction pour l'engagement social - Organisateur","isPartOf":{"@id":"https:\/\/www.organisator.ch\/#website"},"primaryImageOfPage":{"@id":"https:\/\/www.organisator.ch\/marketing\/2025-01-31\/migros-schafft-eigene-direktion-fuer-gesellschaftliches-engagement\/#primaryimage"},"image":{"@id":"https:\/\/www.organisator.ch\/marketing\/2025-01-31\/migros-schafft-eigene-direktion-fuer-gesellschaftliches-engagement\/#primaryimage"},"thumbnailUrl":"https:\/\/www.markt-kom.com\/wp-content\/uploads\/2025\/01\/Andrea-Krapf-Migros.png","datePublished":"2025-01-31T09:10:22+00:00","description":"Migros regroupe son engagement social au sein d'une nouvelle direction dirig\u00e9e par Andrea Krapf, qui se retire de la direction g\u00e9n\u00e9rale.","breadcrumb":{"@id":"https:\/\/www.organisator.ch\/marketing\/2025-01-31\/migros-schafft-eigene-direktion-fuer-gesellschaftliches-engagement\/#breadcrumb"},"inLanguage":"fr-FR","potentialAction":[{"@type":"ReadAction","target":["https:\/\/www.organisator.ch\/marketing\/2025-01-31\/migros-schafft-eigene-direktion-fuer-gesellschaftliches-engagement\/"]}]},{"@type":"ImageObject","inLanguage":"fr-FR","@id":"https:\/\/www.organisator.ch\/marketing\/2025-01-31\/migros-schafft-eigene-direktion-fuer-gesellschaftliches-engagement\/#primaryimage","url":"https:\/\/www.markt-kom.com\/wp-content\/uploads\/2025\/01\/Andrea-Krapf-Migros.png","contentUrl":"https:\/\/www.markt-kom.com\/wp-content\/uploads\/2025\/01\/Andrea-Krapf-Migros.png"},{"@type":"BreadcrumbList","@id":"https:\/\/www.organisator.ch\/marketing\/2025-01-31\/migros-schafft-eigene-direktion-fuer-gesellschaftliches-engagement\/#breadcrumb","itemListElement":[{"@type":"ListItem","position":1,"name":"Home","item":"https:\/\/www.organisator.ch\/"},{"@type":"ListItem","position":2,"name":"Migros schafft eigene Direktion f\u00fcr gesellschaftliches Engagement"}]},{"@type":"WebSite","@id":"https:\/\/www.organisator.ch\/#website","url":"https:\/\/www.organisator.ch\/","name":"Organisateur","description":"Comp\u00e9tence et comp\u00e9tence. Proches de la pratique. L'ORGANISATEUR pr\u00e9pare 10 num\u00e9ros par an sur les th\u00e8mes essentiels pour les dirigeants de PME.","publisher":{"@id":"https:\/\/www.organisator.ch\/#organization"},"potentialAction":[{"@type":"SearchAction","target":{"@type":"EntryPoint","urlTemplate":"https:\/\/www.organisator.ch\/?s={search_term_string}"},"query-input":{"@type":"PropertyValueSpecification","valueRequired":true,"valueName":"search_term_string"}}],"inLanguage":"fr-FR"},{"@type":"Organization","@id":"https:\/\/www.organisator.ch\/#organization","name":"Organisateur","url":"https:\/\/www.organisator.ch\/","logo":{"@type":"ImageObject","inLanguage":"fr-FR","@id":"https:\/\/www.organisator.ch\/#\/schema\/logo\/image\/","url":"https:\/\/www.organisator.ch\/wp-content\/uploads\/2022\/01\/Logo_Organisator_Website.png","contentUrl":"https:\/\/www.organisator.ch\/wp-content\/uploads\/2022\/01\/Logo_Organisator_Website.png","width":800,"height":77,"caption":"Organisator"},"image":{"@id":"https:\/\/www.organisator.ch\/#\/schema\/logo\/image\/"},"sameAs":["https:\/\/www.facebook.com\/OrganisatorFachmagazin","https:\/\/www.linkedin.com\/showcase\/organisator-das-magazin-fr-kmu","https:\/\/www.xing.com\/news\/pages\/organisator-ch-695","https:\/\/www.youtube.com\/channel\/UCGP2Sq0iWaZwT3BdIAQFYpw"]},{"@type":"Person","@id":"https:\/\/www.organisator.ch\/#\/schema\/person\/4e51799071cd2dd1232ac003643ef5f0","name":"galledia","image":{"@type":"ImageObject","inLanguage":"fr-FR","@id":"https:\/\/secure.gravatar.com\/avatar\/78a7f90c01fc2bfc875782a0d4922b37cde2cf184ce347b91316d23cd7f69a36?s=96&d=mm&r=g","url":"https:\/\/secure.gravatar.com\/avatar\/78a7f90c01fc2bfc875782a0d4922b37cde2cf184ce347b91316d23cd7f69a36?s=96&d=mm&r=g","contentUrl":"https:\/\/secure.gravatar.com\/avatar\/78a7f90c01fc2bfc875782a0d4922b37cde2cf184ce347b91316d23cd7f69a36?s=96&d=mm&r=g","caption":"galledia"},"sameAs":["https:\/\/x.com\/admin"],"url":"https:\/\/www.organisator.ch\/fr\/author\/galledia\/"}]}},"_links":{"self":[{"href":"https:\/\/www.organisator.ch\/fr\/wp-json\/wp\/v2\/posts\/35677","targetHints":{"allow":["GET"]}}],"collection":[{"href":"https:\/\/www.organisator.ch\/fr\/wp-json\/wp\/v2\/posts"}],"about":[{"href":"https:\/\/www.organisator.ch\/fr\/wp-json\/wp\/v2\/types\/post"}],"author":[{"embeddable":true,"href":"https:\/\/www.organisator.ch\/fr\/wp-json\/wp\/v2\/users\/8"}],"replies":[{"embeddable":true,"href":"https:\/\/www.organisator.ch\/fr\/wp-json\/wp\/v2\/comments?post=35677"}],"version-history":[{"count":3,"href":"https:\/\/www.organisator.ch\/fr\/wp-json\/wp\/v2\/posts\/35677\/revisions"}],"predecessor-version":[{"id":35698,"href":"https:\/\/www.organisator.ch\/fr\/wp-json\/wp\/v2\/posts\/35677\/revisions\/35698"}],"wp:attachment":[{"href":"https:\/\/www.organisator.ch\/fr\/wp-json\/wp\/v2\/media?parent=35677"}],"wp:term":[{"taxonomy":"category","embeddable":true,"href":"https:\/\/www.organisator.ch\/fr\/wp-json\/wp\/v2\/categories?post=35677"},{"taxonomy":"post_tag","embeddable":true,"href":"https:\/\/www.organisator.ch\/fr\/wp-json\/wp\/v2\/tags?post=35677"}],"curies":[{"name":"wp","href":"https:\/\/api.w.org\/{rel}","templated":true}]}}