{"id":35692,"date":"2025-01-31T09:45:02","date_gmt":"2025-01-31T08:45:02","guid":{"rendered":"https:\/\/www.organisator.ch\/?p=35692"},"modified":"2025-01-31T09:02:36","modified_gmt":"2025-01-31T08:02:36","slug":"schweizer-unternehmen-agieren-vorsichtiger-als-internationale-konkurrenz","status":"publish","type":"post","link":"https:\/\/www.organisator.ch\/fr\/management\/2025-01-31\/schweizer-unternehmen-agieren-vorsichtiger-als-internationale-konkurrenz\/","title":{"rendered":"Les entreprises suisses sont plus prudentes que leurs concurrentes internationales"},"content":{"rendered":"<figure id=\"attachment_35693\" aria-describedby=\"caption-attachment-35693\" style=\"width: 680px\" class=\"wp-caption alignnone\"><img loading=\"lazy\" decoding=\"async\" class=\"size-full wp-image-35693\" src=\"https:\/\/www.organisator.ch\/wp-content\/uploads\/2025\/01\/Deloitte_Bild1_ps.jpg\" alt=\"\" width=\"680\" height=\"389\" srcset=\"https:\/\/www.organisator.ch\/wp-content\/uploads\/2025\/01\/Deloitte_Bild1_ps.jpg 680w, https:\/\/www.organisator.ch\/wp-content\/uploads\/2025\/01\/Deloitte_Bild1_ps-18x10.jpg 18w, https:\/\/www.organisator.ch\/wp-content\/uploads\/2025\/01\/Deloitte_Bild1_ps-375x215.jpg 375w, https:\/\/www.organisator.ch\/wp-content\/uploads\/2025\/01\/Deloitte_Bild1_ps-612x350.jpg 612w\" sizes=\"auto, (max-width: 680px) 100vw, 680px\" \/><figcaption id=\"caption-attachment-35693\" class=\"wp-caption-text\">Les entreprises suisses sont r\u00e9ticentes \u00e0 l'introduction de l'IA g\u00e9n\u00e9rative. L'Europe et les Etats-Unis sont nettement plus avanc\u00e9s. (Image : IA g\u00e9n\u00e9r\u00e9e \/ DALL-E)<\/figcaption><\/figure>\n<p>Les programmes d'IA comme ChatGPT sont devenus du jour au lendemain des compagnons indispensables dans la vie quotidienne. Une grande partie des gens utilisent d\u00e9sormais l'intelligence artificielle g\u00e9n\u00e9rative (IA) pour simplifier les t\u00e2ches. Les entreprises ont toutefois besoin de plus de temps pour int\u00e9grer la technologie dans leurs processus. La derni\u00e8re \u00e9dition de l'\u00e9tude sur l'IA du cabinet d'audit et de conseil Deloitte montre que l'introduction prend plus de temps que pr\u00e9vu au d\u00e9part. L'euphorie qui se d\u00e9gageait des enqu\u00eates pr\u00e9c\u00e9dentes a fait place \u00e0 un sain r\u00e9alisme.<\/p>\n<p>Les entreprises suisses jugent l'\u00e9volution avec une prudence particuli\u00e8re en comparaison internationale. La moiti\u00e9 des membres de la direction interrog\u00e9s s'attendent \u00e0 ce que les changements fondamentaux de leur branche par l'IA g\u00e9n\u00e9rative prennent encore un \u00e0 trois ans. Un petit tiers (30%) s'attend m\u00eame \u00e0 plus de trois ans. Seuls 8 % estiment que l'IA g\u00e9n\u00e9rative a d\u00e9j\u00e0 transform\u00e9 l'environnement du march\u00e9. Aux \u00c9tats-Unis, 22% sont de cet avis.<\/p>\n<figure id=\"attachment_35694\" aria-describedby=\"caption-attachment-35694\" style=\"width: 680px\" class=\"wp-caption alignnone\"><img loading=\"lazy\" decoding=\"async\" class=\"size-full wp-image-35694\" src=\"https:\/\/www.organisator.ch\/wp-content\/uploads\/2025\/01\/Deloitte_Bild2_ps.jpg\" alt=\"\" width=\"680\" height=\"364\" srcset=\"https:\/\/www.organisator.ch\/wp-content\/uploads\/2025\/01\/Deloitte_Bild2_ps.jpg 680w, https:\/\/www.organisator.ch\/wp-content\/uploads\/2025\/01\/Deloitte_Bild2_ps-18x10.jpg 18w, https:\/\/www.organisator.ch\/wp-content\/uploads\/2025\/01\/Deloitte_Bild2_ps-375x201.jpg 375w, https:\/\/www.organisator.ch\/wp-content\/uploads\/2025\/01\/Deloitte_Bild2_ps-654x350.jpg 654w\" sizes=\"auto, (max-width: 680px) 100vw, 680px\" \/><figcaption id=\"caption-attachment-35694\" class=\"wp-caption-text\">Dans quels domaines les entreprises suisses utilisent-elles l'IA g\u00e9n\u00e9rative - et o\u00f9 en sont-elles ? (Image : www.deloitte.com)<\/figcaption><\/figure>\n<h3><strong>La Suisse en queue de peloton<\/strong><\/h3>\n<p>Les entreprises am\u00e9ricaines font avancer l'int\u00e9gration de l'IA plus rapidement que les entreprises suisses : Pr\u00e8s de la moiti\u00e9 d'entre elles (45%) ont d\u00e9j\u00e0 bien ou tr\u00e8s bien pr\u00e9par\u00e9 leur infrastructure technique \u00e0 l'introduction. En Suisse, c'est le cas d'\u00e0 peine un tiers des entreprises (32%). Les entreprises europ\u00e9ennes sont encore plus avanc\u00e9es. Elles devancent nettement les \u00c9tats-Unis et la Suisse en ce qui concerne la pr\u00e9paration de la strat\u00e9gie, le d\u00e9veloppement des comp\u00e9tences des collaborateurs et la gestion des donn\u00e9es.<\/p>\n<p>\"Les entreprises suisses sont encore r\u00e9ticentes \u00e0 l'introduction de l'IA g\u00e9n\u00e9rative. Nous l'observons \u00e9galement dans notre travail avec la client\u00e8le. Dans l'informatique ou le marketing, nous voyons cependant d\u00e9j\u00e0 une utilisation prometteuse de l'IA g\u00e9n\u00e9rative\", explique Marc Beierschoder, responsable IA &amp; Data chez Deloitte Suisse. Comme le souligne l'enqu\u00eate, les projets les plus avanc\u00e9s concernent l'informatique et la cybers\u00e9curit\u00e9 ainsi que le marketing, la vente et le service \u00e0 la client\u00e8le. En revanche, pour les outils d'IA destin\u00e9s au service juridique ou aux ressources humaines et financi\u00e8res, la plupart des entreprises n'en sont qu'au stade de l'\u00e9valuation.<\/p>\n<h3><strong>Peu d'investissements et peu de savoir-faire<\/strong><\/h3>\n<p>L'enqu\u00eate fournit quelques pistes d'explication pour expliquer le retard pris par rapport \u00e0 l'\u00e9tranger. D'une part, les entreprises suisses investissent relativement peu dans l'IA g\u00e9n\u00e9rative : la moiti\u00e9 des personnes interrog\u00e9es ne consacrent m\u00eame pas 20 % du budget total de l'IA \u00e0 cette technologie. Aux \u00c9tats-Unis et en Europe, les investissements sont nettement plus \u00e9lev\u00e9s. D'autre part, les entreprises suisses manquent de connaissances sp\u00e9cialis\u00e9es. Pr\u00e8s d'un quart (24%) des entreprises admettent ne disposer que de peu d'expertise dans l'utilisation de la technologie. En Europe, ce n'est le cas que de 13% et de 7% aux \u00c9tats-Unis. De m\u00eame, l'int\u00e9r\u00eat du management pour l'IA g\u00e9n\u00e9rative est plut\u00f4t faible en Suisse. La majorit\u00e9 des personnes interrog\u00e9es s'accordent \u00e0 dire qu'il faut accorder plus d'attention \u00e0 ce sujet en interne.<\/p>\n<figure id=\"attachment_35695\" aria-describedby=\"caption-attachment-35695\" style=\"width: 680px\" class=\"wp-caption alignnone\"><img loading=\"lazy\" decoding=\"async\" class=\"size-full wp-image-35695\" src=\"https:\/\/www.organisator.ch\/wp-content\/uploads\/2025\/01\/Deloitte_Bild3_ps.jpg\" alt=\"\" width=\"680\" height=\"443\" srcset=\"https:\/\/www.organisator.ch\/wp-content\/uploads\/2025\/01\/Deloitte_Bild3_ps.jpg 680w, https:\/\/www.organisator.ch\/wp-content\/uploads\/2025\/01\/Deloitte_Bild3_ps-18x12.jpg 18w, https:\/\/www.organisator.ch\/wp-content\/uploads\/2025\/01\/Deloitte_Bild3_ps-375x244.jpg 375w, https:\/\/www.organisator.ch\/wp-content\/uploads\/2025\/01\/Deloitte_Bild3_ps-537x350.jpg 537w\" sizes=\"auto, (max-width: 680px) 100vw, 680px\" \/><figcaption id=\"caption-attachment-35695\" class=\"wp-caption-text\">: Pression interne et externe sur les entreprises suisses pour l'impl\u00e9mentation d'outils d'IA g\u00e9n\u00e9rative (comparaison annuelle). (Image : www.deloitte.com)<\/figcaption><\/figure>\n<h3><strong>La pression sur les entreprises suisses s'accro\u00eet<\/strong><\/h3>\n<p>Pour les entreprises suisses, le manque de comp\u00e9tences et de personnel qualifi\u00e9 fait donc \u00e9galement partie des trois principaux obstacles \u00e0 l'int\u00e9gration de la technologie, avec la gestion des risques et les exigences l\u00e9gales complexes. En comparaison internationale, on remarque en outre que les entreprises suisses observent des r\u00e9sistances culturelles plus fortes parmi leurs collaborateurs.<\/p>\n<p>\"Pour exploiter largement le grand potentiel de la technologie, il faut surmonter les r\u00e9sistances internes et investir davantage. Le temps presse, car la pression sur les entreprises augmente\", constate Marc Beierschoder de Deloitte. Par rapport \u00e0 l'enqu\u00eate d'il y a un an, presque deux fois plus d'entreprises suisses ressentent un fort besoin d'agir en interne en ce qui concerne l'introduction d'outils d'IA g\u00e9n\u00e9rative : alors qu'elles n'\u00e9taient que 18% l'ann\u00e9e derni\u00e8re, elles sont d\u00e9j\u00e0 34% aujourd'hui. La pression exerc\u00e9e par l'ext\u00e9rieur, par exemple par les concurrents ou les actionnaires, est encore plus forte. En l'espace d'un an, cette valeur a augment\u00e9 de mani\u00e8re significative, passant de 18 \u00e0 46 pour cent.<\/p>\n<p><em><a href=\"https:\/\/www.deloitte.com\/ch\/de\/services\/consulting\/research\/the-state-of-generative-ai-in-the-enterprise.html\">Plus d'informations<\/a><\/em><\/p>","protected":false},"excerpt":{"rendered":"<p>Peu d'investissements, peu de savoir-faire et peu d'applications concr\u00e8tes : Les entreprises suisses n'abordent le th\u00e8me de l'intelligence artificielle g\u00e9n\u00e9rative que de mani\u00e8re h\u00e9sitante. Les entreprises europ\u00e9ennes et am\u00e9ricaines sont bien plus avanc\u00e9es dans l'int\u00e9gration de cette technologie. C'est ce que montre l'\u00e9tude State of Generative AI in the Enterprise de Deloitte.<\/p>","protected":false},"author":80,"featured_media":35693,"comment_status":"closed","ping_status":"closed","sticky":false,"template":"","format":"standard","meta":{"_acf_changed":false,"_yoast_wpseo_focuskw":"Schweizer Unternehmen","_yoast_wpseo_metadesc":"Schweizer Unternehmen sind bei der Einf\u00fchrung generativer KI zur\u00fcckhaltend. Europa und die USA sind deutlich weiter.","articlekey":"","footnotes":""},"categories":[28],"tags":[4186,424,459,475,492],"class_list":["post-35692","post","type-post","status-publish","format-standard","has-post-thumbnail","hentry","category-management","tag-generative-ki","tag-schweiz","tag-studie","tag-technologie","tag-unternehmen"],"acf":[],"yoast_head":"<!-- This site is optimized with the Yoast SEO plugin v27.5 - https:\/\/yoast.com\/product\/yoast-seo-wordpress\/ -->\n<title>Schweizer Unternehmen agieren vorsichtiger als internationale Konkurrenz - Organisator<\/title>\n<meta name=\"description\" content=\"Schweizer Unternehmen sind bei der Einf\u00fchrung generativer KI zur\u00fcckhaltend. Europa und die USA sind deutlich weiter.\" \/>\n<meta name=\"robots\" content=\"index, follow, max-snippet:-1, max-image-preview:large, max-video-preview:-1\" \/>\n<link rel=\"canonical\" href=\"https:\/\/www.organisator.ch\/fr\/gestion-2\/2025-01-31\/schweizer-unternehmen-agieren-vorsichtiger-als-internationale-konkurrenz\/\" \/>\n<meta property=\"og:locale\" content=\"fr_FR\" \/>\n<meta property=\"og:type\" content=\"article\" \/>\n<meta property=\"og:title\" content=\"Schweizer Unternehmen agieren vorsichtiger als internationale Konkurrenz\" \/>\n<meta property=\"og:description\" content=\"Schweizer Unternehmen sind bei der Einf\u00fchrung generativer KI zur\u00fcckhaltend. Europa und die USA sind deutlich weiter.\" \/>\n<meta property=\"og:url\" content=\"https:\/\/www.organisator.ch\/fr\/gestion-2\/2025-01-31\/schweizer-unternehmen-agieren-vorsichtiger-als-internationale-konkurrenz\/\" \/>\n<meta property=\"og:site_name\" content=\"Organisator\" \/>\n<meta property=\"article:publisher\" content=\"https:\/\/www.facebook.com\/OrganisatorFachmagazin\" \/>\n<meta property=\"article:published_time\" content=\"2025-01-31T08:45:02+00:00\" \/>\n<meta property=\"og:image\" content=\"https:\/\/www.organisator.ch\/wp-content\/uploads\/2025\/01\/Deloitte_Bild1_ps.jpg\" \/>\n\t<meta property=\"og:image:width\" content=\"680\" \/>\n\t<meta property=\"og:image:height\" content=\"389\" \/>\n\t<meta property=\"og:image:type\" content=\"image\/jpeg\" \/>\n<meta name=\"author\" content=\"Dzana Muminovic\" \/>\n<meta name=\"twitter:card\" content=\"summary_large_image\" \/>\n<meta name=\"twitter:title\" content=\"Schweizer Unternehmen agieren vorsichtiger als internationale Konkurrenz\" \/>\n<meta name=\"twitter:description\" content=\"3Schweizer #Unternehmen sind bei der Einf\u00fchrung generativer #KI zur\u00fcckhaltend. #Europa und die #USA sind deutlich weiter.\" \/>\n<meta name=\"twitter:image\" content=\"https:\/\/www.organisator.ch\/wp-content\/uploads\/2025\/01\/Deloitte_Bild1_ps.jpg\" \/>\n<script type=\"application\/ld+json\" class=\"yoast-schema-graph\">{\"@context\":\"https:\\\/\\\/schema.org\",\"@graph\":[{\"@type\":\"Article\",\"@id\":\"https:\\\/\\\/www.organisator.ch\\\/management\\\/2025-01-31\\\/schweizer-unternehmen-agieren-vorsichtiger-als-internationale-konkurrenz\\\/#article\",\"isPartOf\":{\"@id\":\"https:\\\/\\\/www.organisator.ch\\\/management\\\/2025-01-31\\\/schweizer-unternehmen-agieren-vorsichtiger-als-internationale-konkurrenz\\\/\"},\"author\":{\"name\":\"Dzana Muminovic\",\"@id\":\"https:\\\/\\\/www.organisator.ch\\\/#\\\/schema\\\/person\\\/afccda3a71c06d4be2ed9100dd163db7\"},\"headline\":\"Schweizer Unternehmen agieren vorsichtiger als internationale Konkurrenz\",\"datePublished\":\"2025-01-31T08:45:02+00:00\",\"mainEntityOfPage\":{\"@id\":\"https:\\\/\\\/www.organisator.ch\\\/management\\\/2025-01-31\\\/schweizer-unternehmen-agieren-vorsichtiger-als-internationale-konkurrenz\\\/\"},\"wordCount\":700,\"publisher\":{\"@id\":\"https:\\\/\\\/www.organisator.ch\\\/#organization\"},\"image\":{\"@id\":\"https:\\\/\\\/www.organisator.ch\\\/management\\\/2025-01-31\\\/schweizer-unternehmen-agieren-vorsichtiger-als-internationale-konkurrenz\\\/#primaryimage\"},\"thumbnailUrl\":\"https:\\\/\\\/www.organisator.ch\\\/wp-content\\\/uploads\\\/2025\\\/01\\\/Deloitte_Bild1_ps.jpg\",\"keywords\":[\"Generative KI\",\"Schweiz\",\"Studie\",\"Technologie\",\"Unternehmen\"],\"articleSection\":[\"MANAGEMENT\"],\"inLanguage\":\"fr-FR\"},{\"@type\":\"WebPage\",\"@id\":\"https:\\\/\\\/www.organisator.ch\\\/management\\\/2025-01-31\\\/schweizer-unternehmen-agieren-vorsichtiger-als-internationale-konkurrenz\\\/\",\"url\":\"https:\\\/\\\/www.organisator.ch\\\/management\\\/2025-01-31\\\/schweizer-unternehmen-agieren-vorsichtiger-als-internationale-konkurrenz\\\/\",\"name\":\"Schweizer Unternehmen agieren vorsichtiger als internationale Konkurrenz - Organisator\",\"isPartOf\":{\"@id\":\"https:\\\/\\\/www.organisator.ch\\\/#website\"},\"primaryImageOfPage\":{\"@id\":\"https:\\\/\\\/www.organisator.ch\\\/management\\\/2025-01-31\\\/schweizer-unternehmen-agieren-vorsichtiger-als-internationale-konkurrenz\\\/#primaryimage\"},\"image\":{\"@id\":\"https:\\\/\\\/www.organisator.ch\\\/management\\\/2025-01-31\\\/schweizer-unternehmen-agieren-vorsichtiger-als-internationale-konkurrenz\\\/#primaryimage\"},\"thumbnailUrl\":\"https:\\\/\\\/www.organisator.ch\\\/wp-content\\\/uploads\\\/2025\\\/01\\\/Deloitte_Bild1_ps.jpg\",\"datePublished\":\"2025-01-31T08:45:02+00:00\",\"description\":\"Schweizer Unternehmen sind bei der Einf\u00fchrung generativer KI zur\u00fcckhaltend. Europa und die USA sind deutlich weiter.\",\"breadcrumb\":{\"@id\":\"https:\\\/\\\/www.organisator.ch\\\/management\\\/2025-01-31\\\/schweizer-unternehmen-agieren-vorsichtiger-als-internationale-konkurrenz\\\/#breadcrumb\"},\"inLanguage\":\"fr-FR\",\"potentialAction\":[{\"@type\":\"ReadAction\",\"target\":[\"https:\\\/\\\/www.organisator.ch\\\/management\\\/2025-01-31\\\/schweizer-unternehmen-agieren-vorsichtiger-als-internationale-konkurrenz\\\/\"]}]},{\"@type\":\"ImageObject\",\"inLanguage\":\"fr-FR\",\"@id\":\"https:\\\/\\\/www.organisator.ch\\\/management\\\/2025-01-31\\\/schweizer-unternehmen-agieren-vorsichtiger-als-internationale-konkurrenz\\\/#primaryimage\",\"url\":\"https:\\\/\\\/www.organisator.ch\\\/wp-content\\\/uploads\\\/2025\\\/01\\\/Deloitte_Bild1_ps.jpg\",\"contentUrl\":\"https:\\\/\\\/www.organisator.ch\\\/wp-content\\\/uploads\\\/2025\\\/01\\\/Deloitte_Bild1_ps.jpg\",\"width\":680,\"height\":389,\"caption\":\"Schweizer Unternehmen sind bei der Einf\u00fchrung generativer KI zur\u00fcckhaltend. Europa und die USA sind deutlich weiter. (Bild: KI-generiert \\\/ DALL-E)\"},{\"@type\":\"BreadcrumbList\",\"@id\":\"https:\\\/\\\/www.organisator.ch\\\/management\\\/2025-01-31\\\/schweizer-unternehmen-agieren-vorsichtiger-als-internationale-konkurrenz\\\/#breadcrumb\",\"itemListElement\":[{\"@type\":\"ListItem\",\"position\":1,\"name\":\"Home\",\"item\":\"https:\\\/\\\/www.organisator.ch\\\/\"},{\"@type\":\"ListItem\",\"position\":2,\"name\":\"Schweizer Unternehmen agieren vorsichtiger als internationale Konkurrenz\"}]},{\"@type\":\"WebSite\",\"@id\":\"https:\\\/\\\/www.organisator.ch\\\/#website\",\"url\":\"https:\\\/\\\/www.organisator.ch\\\/\",\"name\":\"Organisator\",\"description\":\"Kompetent. Praxisnah. Der ORGANISATOR bereitet in 10 Ausgaben pro Jahr die wesentlichen Themen f\u00fcr F\u00fchrungskr\u00e4fte von KMU auf.\",\"publisher\":{\"@id\":\"https:\\\/\\\/www.organisator.ch\\\/#organization\"},\"potentialAction\":[{\"@type\":\"SearchAction\",\"target\":{\"@type\":\"EntryPoint\",\"urlTemplate\":\"https:\\\/\\\/www.organisator.ch\\\/?s={search_term_string}\"},\"query-input\":{\"@type\":\"PropertyValueSpecification\",\"valueRequired\":true,\"valueName\":\"search_term_string\"}}],\"inLanguage\":\"fr-FR\"},{\"@type\":\"Organization\",\"@id\":\"https:\\\/\\\/www.organisator.ch\\\/#organization\",\"name\":\"Organisator\",\"url\":\"https:\\\/\\\/www.organisator.ch\\\/\",\"logo\":{\"@type\":\"ImageObject\",\"inLanguage\":\"fr-FR\",\"@id\":\"https:\\\/\\\/www.organisator.ch\\\/#\\\/schema\\\/logo\\\/image\\\/\",\"url\":\"https:\\\/\\\/www.organisator.ch\\\/wp-content\\\/uploads\\\/2022\\\/01\\\/Logo_Organisator_Website.png\",\"contentUrl\":\"https:\\\/\\\/www.organisator.ch\\\/wp-content\\\/uploads\\\/2022\\\/01\\\/Logo_Organisator_Website.png\",\"width\":800,\"height\":77,\"caption\":\"Organisator\"},\"image\":{\"@id\":\"https:\\\/\\\/www.organisator.ch\\\/#\\\/schema\\\/logo\\\/image\\\/\"},\"sameAs\":[\"https:\\\/\\\/www.facebook.com\\\/OrganisatorFachmagazin\",\"https:\\\/\\\/www.linkedin.com\\\/showcase\\\/organisator-das-magazin-fr-kmu\",\"https:\\\/\\\/www.xing.com\\\/news\\\/pages\\\/organisator-ch-695\",\"https:\\\/\\\/www.youtube.com\\\/channel\\\/UCGP2Sq0iWaZwT3BdIAQFYpw\"]},{\"@type\":\"Person\",\"@id\":\"https:\\\/\\\/www.organisator.ch\\\/#\\\/schema\\\/person\\\/afccda3a71c06d4be2ed9100dd163db7\",\"name\":\"Dzana Muminovic\",\"image\":{\"@type\":\"ImageObject\",\"inLanguage\":\"fr-FR\",\"@id\":\"https:\\\/\\\/secure.gravatar.com\\\/avatar\\\/909c5c71aff4b38e88686f2ab2f1ba152571f394f41ed8bae431ea56ced93050?s=96&d=mm&r=g\",\"url\":\"https:\\\/\\\/secure.gravatar.com\\\/avatar\\\/909c5c71aff4b38e88686f2ab2f1ba152571f394f41ed8bae431ea56ced93050?s=96&d=mm&r=g\",\"contentUrl\":\"https:\\\/\\\/secure.gravatar.com\\\/avatar\\\/909c5c71aff4b38e88686f2ab2f1ba152571f394f41ed8bae431ea56ced93050?s=96&d=mm&r=g\",\"caption\":\"Dzana Muminovic\"},\"url\":\"https:\\\/\\\/www.organisator.ch\\\/fr\\\/author\\\/dzana-muminovic\\\/\"}]}<\/script>\n<!-- \/ Yoast SEO plugin. -->","yoast_head_json":{"title":"Les entreprises suisses agissent plus prudemment que leurs concurrents internationaux - Organisateur","description":"Les entreprises suisses sont r\u00e9ticentes \u00e0 l'introduction de l'IA g\u00e9n\u00e9rative. L'Europe et les Etats-Unis sont nettement plus avanc\u00e9s.","robots":{"index":"index","follow":"follow","max-snippet":"max-snippet:-1","max-image-preview":"max-image-preview:large","max-video-preview":"max-video-preview:-1"},"canonical":"https:\/\/www.organisator.ch\/fr\/gestion-2\/2025-01-31\/schweizer-unternehmen-agieren-vorsichtiger-als-internationale-konkurrenz\/","og_locale":"fr_FR","og_type":"article","og_title":"Schweizer Unternehmen agieren vorsichtiger als internationale Konkurrenz","og_description":"Schweizer Unternehmen sind bei der Einf\u00fchrung generativer KI zur\u00fcckhaltend. Europa und die USA sind deutlich weiter.","og_url":"https:\/\/www.organisator.ch\/fr\/gestion-2\/2025-01-31\/schweizer-unternehmen-agieren-vorsichtiger-als-internationale-konkurrenz\/","og_site_name":"Organisator","article_publisher":"https:\/\/www.facebook.com\/OrganisatorFachmagazin","article_published_time":"2025-01-31T08:45:02+00:00","og_image":[{"width":680,"height":389,"url":"https:\/\/www.organisator.ch\/wp-content\/uploads\/2025\/01\/Deloitte_Bild1_ps.jpg","type":"image\/jpeg"}],"author":"Dzana Muminovic","twitter_card":"summary_large_image","twitter_title":"Schweizer Unternehmen agieren vorsichtiger als internationale Konkurrenz","twitter_description":"3Schweizer #Unternehmen sind bei der Einf\u00fchrung generativer #KI zur\u00fcckhaltend. #Europa und die #USA sind deutlich weiter.","twitter_image":"https:\/\/www.organisator.ch\/wp-content\/uploads\/2025\/01\/Deloitte_Bild1_ps.jpg","schema":{"@context":"https:\/\/schema.org","@graph":[{"@type":"Article","@id":"https:\/\/www.organisator.ch\/management\/2025-01-31\/schweizer-unternehmen-agieren-vorsichtiger-als-internationale-konkurrenz\/#article","isPartOf":{"@id":"https:\/\/www.organisator.ch\/management\/2025-01-31\/schweizer-unternehmen-agieren-vorsichtiger-als-internationale-konkurrenz\/"},"author":{"name":"Dzana Muminovic","@id":"https:\/\/www.organisator.ch\/#\/schema\/person\/afccda3a71c06d4be2ed9100dd163db7"},"headline":"Schweizer Unternehmen agieren vorsichtiger als internationale Konkurrenz","datePublished":"2025-01-31T08:45:02+00:00","mainEntityOfPage":{"@id":"https:\/\/www.organisator.ch\/management\/2025-01-31\/schweizer-unternehmen-agieren-vorsichtiger-als-internationale-konkurrenz\/"},"wordCount":700,"publisher":{"@id":"https:\/\/www.organisator.ch\/#organization"},"image":{"@id":"https:\/\/www.organisator.ch\/management\/2025-01-31\/schweizer-unternehmen-agieren-vorsichtiger-als-internationale-konkurrenz\/#primaryimage"},"thumbnailUrl":"https:\/\/www.organisator.ch\/wp-content\/uploads\/2025\/01\/Deloitte_Bild1_ps.jpg","keywords":["Generative KI","Schweiz","Studie","Technologie","Unternehmen"],"articleSection":["MANAGEMENT"],"inLanguage":"fr-FR"},{"@type":"WebPage","@id":"https:\/\/www.organisator.ch\/management\/2025-01-31\/schweizer-unternehmen-agieren-vorsichtiger-als-internationale-konkurrenz\/","url":"https:\/\/www.organisator.ch\/management\/2025-01-31\/schweizer-unternehmen-agieren-vorsichtiger-als-internationale-konkurrenz\/","name":"Les entreprises suisses agissent plus prudemment que leurs concurrents internationaux - Organisateur","isPartOf":{"@id":"https:\/\/www.organisator.ch\/#website"},"primaryImageOfPage":{"@id":"https:\/\/www.organisator.ch\/management\/2025-01-31\/schweizer-unternehmen-agieren-vorsichtiger-als-internationale-konkurrenz\/#primaryimage"},"image":{"@id":"https:\/\/www.organisator.ch\/management\/2025-01-31\/schweizer-unternehmen-agieren-vorsichtiger-als-internationale-konkurrenz\/#primaryimage"},"thumbnailUrl":"https:\/\/www.organisator.ch\/wp-content\/uploads\/2025\/01\/Deloitte_Bild1_ps.jpg","datePublished":"2025-01-31T08:45:02+00:00","description":"Les entreprises suisses sont r\u00e9ticentes \u00e0 l'introduction de l'IA g\u00e9n\u00e9rative. L'Europe et les Etats-Unis sont nettement plus avanc\u00e9s.","breadcrumb":{"@id":"https:\/\/www.organisator.ch\/management\/2025-01-31\/schweizer-unternehmen-agieren-vorsichtiger-als-internationale-konkurrenz\/#breadcrumb"},"inLanguage":"fr-FR","potentialAction":[{"@type":"ReadAction","target":["https:\/\/www.organisator.ch\/management\/2025-01-31\/schweizer-unternehmen-agieren-vorsichtiger-als-internationale-konkurrenz\/"]}]},{"@type":"ImageObject","inLanguage":"fr-FR","@id":"https:\/\/www.organisator.ch\/management\/2025-01-31\/schweizer-unternehmen-agieren-vorsichtiger-als-internationale-konkurrenz\/#primaryimage","url":"https:\/\/www.organisator.ch\/wp-content\/uploads\/2025\/01\/Deloitte_Bild1_ps.jpg","contentUrl":"https:\/\/www.organisator.ch\/wp-content\/uploads\/2025\/01\/Deloitte_Bild1_ps.jpg","width":680,"height":389,"caption":"Schweizer Unternehmen sind bei der Einf\u00fchrung generativer KI zur\u00fcckhaltend. Europa und die USA sind deutlich weiter. (Bild: KI-generiert \/ DALL-E)"},{"@type":"BreadcrumbList","@id":"https:\/\/www.organisator.ch\/management\/2025-01-31\/schweizer-unternehmen-agieren-vorsichtiger-als-internationale-konkurrenz\/#breadcrumb","itemListElement":[{"@type":"ListItem","position":1,"name":"Home","item":"https:\/\/www.organisator.ch\/"},{"@type":"ListItem","position":2,"name":"Schweizer Unternehmen agieren vorsichtiger als internationale Konkurrenz"}]},{"@type":"WebSite","@id":"https:\/\/www.organisator.ch\/#website","url":"https:\/\/www.organisator.ch\/","name":"Organisateur","description":"Comp\u00e9tence et comp\u00e9tence. Proches de la pratique. L'ORGANISATEUR pr\u00e9pare 10 num\u00e9ros par an sur les th\u00e8mes essentiels pour les dirigeants de PME.","publisher":{"@id":"https:\/\/www.organisator.ch\/#organization"},"potentialAction":[{"@type":"SearchAction","target":{"@type":"EntryPoint","urlTemplate":"https:\/\/www.organisator.ch\/?s={search_term_string}"},"query-input":{"@type":"PropertyValueSpecification","valueRequired":true,"valueName":"search_term_string"}}],"inLanguage":"fr-FR"},{"@type":"Organization","@id":"https:\/\/www.organisator.ch\/#organization","name":"Organisateur","url":"https:\/\/www.organisator.ch\/","logo":{"@type":"ImageObject","inLanguage":"fr-FR","@id":"https:\/\/www.organisator.ch\/#\/schema\/logo\/image\/","url":"https:\/\/www.organisator.ch\/wp-content\/uploads\/2022\/01\/Logo_Organisator_Website.png","contentUrl":"https:\/\/www.organisator.ch\/wp-content\/uploads\/2022\/01\/Logo_Organisator_Website.png","width":800,"height":77,"caption":"Organisator"},"image":{"@id":"https:\/\/www.organisator.ch\/#\/schema\/logo\/image\/"},"sameAs":["https:\/\/www.facebook.com\/OrganisatorFachmagazin","https:\/\/www.linkedin.com\/showcase\/organisator-das-magazin-fr-kmu","https:\/\/www.xing.com\/news\/pages\/organisator-ch-695","https:\/\/www.youtube.com\/channel\/UCGP2Sq0iWaZwT3BdIAQFYpw"]},{"@type":"Person","@id":"https:\/\/www.organisator.ch\/#\/schema\/person\/afccda3a71c06d4be2ed9100dd163db7","name":"Dzana Muminovic","image":{"@type":"ImageObject","inLanguage":"fr-FR","@id":"https:\/\/secure.gravatar.com\/avatar\/909c5c71aff4b38e88686f2ab2f1ba152571f394f41ed8bae431ea56ced93050?s=96&d=mm&r=g","url":"https:\/\/secure.gravatar.com\/avatar\/909c5c71aff4b38e88686f2ab2f1ba152571f394f41ed8bae431ea56ced93050?s=96&d=mm&r=g","contentUrl":"https:\/\/secure.gravatar.com\/avatar\/909c5c71aff4b38e88686f2ab2f1ba152571f394f41ed8bae431ea56ced93050?s=96&d=mm&r=g","caption":"Dzana Muminovic"},"url":"https:\/\/www.organisator.ch\/fr\/author\/dzana-muminovic\/"}]}},"_links":{"self":[{"href":"https:\/\/www.organisator.ch\/fr\/wp-json\/wp\/v2\/posts\/35692","targetHints":{"allow":["GET"]}}],"collection":[{"href":"https:\/\/www.organisator.ch\/fr\/wp-json\/wp\/v2\/posts"}],"about":[{"href":"https:\/\/www.organisator.ch\/fr\/wp-json\/wp\/v2\/types\/post"}],"author":[{"embeddable":true,"href":"https:\/\/www.organisator.ch\/fr\/wp-json\/wp\/v2\/users\/80"}],"replies":[{"embeddable":true,"href":"https:\/\/www.organisator.ch\/fr\/wp-json\/wp\/v2\/comments?post=35692"}],"version-history":[{"count":4,"href":"https:\/\/www.organisator.ch\/fr\/wp-json\/wp\/v2\/posts\/35692\/revisions"}],"predecessor-version":[{"id":35711,"href":"https:\/\/www.organisator.ch\/fr\/wp-json\/wp\/v2\/posts\/35692\/revisions\/35711"}],"wp:featuredmedia":[{"embeddable":true,"href":"https:\/\/www.organisator.ch\/fr\/wp-json\/wp\/v2\/media\/35693"}],"wp:attachment":[{"href":"https:\/\/www.organisator.ch\/fr\/wp-json\/wp\/v2\/media?parent=35692"}],"wp:term":[{"taxonomy":"category","embeddable":true,"href":"https:\/\/www.organisator.ch\/fr\/wp-json\/wp\/v2\/categories?post=35692"},{"taxonomy":"post_tag","embeddable":true,"href":"https:\/\/www.organisator.ch\/fr\/wp-json\/wp\/v2\/tags?post=35692"}],"curies":[{"name":"wp","href":"https:\/\/api.w.org\/{rel}","templated":true}]}}