{"id":3570,"date":"2020-12-09T06:47:14","date_gmt":"2020-12-09T05:47:14","guid":{"rendered":"https:\/\/www.umweltperspektiven.ch\/?p=3570"},"modified":"2020-12-09T06:47:14","modified_gmt":"2020-12-09T05:47:14","slug":"der-loessboden-fruchtbar-und-fragil","status":"publish","type":"post","link":"https:\/\/www.organisator.ch\/fr\/allgemein\/2020-12-09\/der-loessboden-fruchtbar-und-fragil\/","title":{"rendered":"Le sol de loess - fertile et fragile"},"content":{"rendered":"<figure id=\"attachment_3571\" aria-describedby=\"caption-attachment-3571\" style=\"width: 680px\" class=\"wp-caption aligncenter\"><img loading=\"lazy\" decoding=\"async\" class=\"size-medium wp-image-3571\" src=\"\/\/www.umweltperspektiven.ch\/wp-content\/uploads\/2020\/12\/L\u00f6ssboden-1.jpg\" alt=\"\" width=\"680\" height=\"533\" \/><figcaption id=\"caption-attachment-3571\" class=\"wp-caption-text\">Gabriela Br\u00e4ndle \/ BGS<\/figcaption><\/figure>\n<p>Les raisons importantes de la grande fertilit\u00e9 d'un sol de loess sont la bonne p\u00e9n\u00e9tration des racines dans la roche meuble et la composition min\u00e9rale favorable \u00e0 la nutrition des plantes. De plus, les sols de l\u0153ss disposent de pores grossiers pour une a\u00e9ration suffisante des racines des plantes en cas d'exc\u00e8s d'eau. En m\u00eame temps, ils ont des pores moyens pour stocker une grande r\u00e9serve d'eau. Ces deux caract\u00e9ristiques sont importantes pour les sols agricoles en cas de pr\u00e9cipitations extr\u00eames et de longues p\u00e9riodes de s\u00e9cheresse. Le mat\u00e9riau l\u0153ssique fin peut \u00eatre tr\u00e8s facilement \u00e9rod\u00e9 par le vent ou l'eau en l'absence de v\u00e9g\u00e9tation protectrice. Sur les terrains en pente, les sols de loess sont donc particuli\u00e8rement expos\u00e9s \u00e0 l'\u00e9rosion. En raison des caract\u00e9ristiques du sol, ils sont en outre sensibles au compactage.<\/p>\n<p><strong>O\u00f9 trouve-t-on des sols de loess ?<\/strong><\/p>\n<p>En Suisse, les sols de l\u0153ss se trouvent principalement dans les paysages \u00e0 faible ondulation du nord, autour de B\u00e2le, Baden et Schaffhouse. Le l\u0153ss constitue le mat\u00e9riau de base de sols particuli\u00e8rement fertiles. \u00c0 l'\u00e9tat sec, le l\u0153ss ressemble \u00e0 de la farine et appara\u00eet visuellement jaune clair. Il est compos\u00e9 de limon, de carbonates, de min\u00e9raux argileux et de sable tr\u00e8s fin. Pendant et apr\u00e8s les derni\u00e8res glaciations, le l\u0153ss a \u00e9t\u00e9 expuls\u00e9 des r\u00e9gions pauvres en v\u00e9g\u00e9tation, transport\u00e9 par le vent et d\u00e9pos\u00e9 sous forme de roche meuble. L'\u00e9paisseur de ces d\u00e9p\u00f4ts de l\u0153ss peut varier de quelques d\u00e9cim\u00e8tres \u00e0 plusieurs centaines de m\u00e8tres. Ils s'\u00e9tendent en Eurasie de la France \u00e0 l'Ukraine et \u00e0 la Chine en passant par la bordure nord des montagnes moyennes d'Europe centrale.<\/p>\n<p><strong>Sol multifonctionnel<\/strong><\/p>\n<p>La fertilit\u00e9 des sols pour la production alimentaire ne repr\u00e9sente qu'un aspect de la multifonctionnalit\u00e9 des sols. Outre la fonction de production, ils remplissent d'autres prestations importantes pour l'homme et l'environnement. Ceci est \u00e9valu\u00e9 par diff\u00e9rentes \"fonctions du sol\". En mai 2020, le Conseil f\u00e9d\u00e9ral a publi\u00e9 la \"Strat\u00e9gie Sols Suisse\". La vision qui y est formul\u00e9e est \"d'organiser l'utilisation des sols de mani\u00e8re \u00e0 ce que leurs fonctions soient maintenues \u00e0 long terme, afin que les g\u00e9n\u00e9rations futures puissent \u00e9galement profiter de leurs multiples prestations\". Avec plusieurs\u00a0<a href=\"\/\/www.sg.ch\/umwelt-natur\/umwelt\/boden\/bodenschutzmassnahmen.html\">Projets et mesures<\/a>\u00a0comme la surveillance cantonale des sols (KABO), le canton de Saint-Gall contribue \u00e0 cette vision et s'engage activement pour le maintien des fonctions des multiples types de sols.<\/p>\n<p><em>Source : Canton de Saint-Gall<\/em><\/p>\n<p>&nbsp;<\/p>\n<p><strong>Quelle est la fonction du sol ?<\/strong><\/p>\n<p>Outre leur fonction de production, les sols remplissent d'autres prestations importantes pour l'homme et l'environnement. Ceci est exprim\u00e9 et \u00e9valu\u00e9 par diff\u00e9rentes \"fonctions du sol\".<\/p>\n<ul>\n<li>Fonction d'habitat : le sol est un habitat pour les organismes du sol et les plantes et maintient la biodiversit\u00e9.<\/li>\n<li>Fonction de r\u00e9gulation : le sol r\u00e9gule les cycles de l'eau, de la mati\u00e8re et de l'\u00e9nergie en les stockant et en les transformant.<\/li>\n<li>Fonction de production : le sol produit de la biomasse qui est utilis\u00e9e pour la production de nourriture pour l'homme ou comme fourrage pour les animaux. De m\u00eame, le sol fournit des mati\u00e8res premi\u00e8res renouvelables comme le bois ou les fibres.<\/li>\n<li>Fonction de support : le sol est un terrain de construction.<\/li>\n<li>Fonction de mati\u00e8re premi\u00e8re : le sol contient des mati\u00e8res premi\u00e8res, de l'eau et de l'\u00e9nergie g\u00e9othermique.<\/li>\n<li>Fonction d'archive : le sol conserve des informations sur l'histoire naturelle et culturelle.<\/li>\n<\/ul>\n<p><em>Source : <a href=\"\/\/www.soil.ch\/cms\/home\/\">Soci\u00e9t\u00e9 suisse de p\u00e9dologie<\/a><\/em><\/p>\n<p>&nbsp;<\/p>","protected":false},"excerpt":{"rendered":"<p>Wichtige Gr\u00fcnde f\u00fcr die hohe Fruchtbarkeit eines L\u00f6ssbodens sind die gute Durchwurzelbarkeit des lockeren Gesteins und die g\u00fcnstige Mineralzusammensetzung f\u00fcr die Pflanzenern\u00e4hrung. Zudem verf\u00fcgen L\u00f6ssb\u00f6den \u00fcber grobe Poren f\u00fcr eine ausreichende Bel\u00fcftung der Pflanzenwurzeln bei Wasser\u00fcberschuss. Gleichzeitig haben sie mittlere Poren zur Speicherung eines grossen Wasservorrats. Beides sind wichtige Eigenschaften von landwirtschaftlich genutzten B\u00f6den bei [&hellip;]<\/p>\n","protected":false},"author":6,"featured_media":9743,"comment_status":"closed","ping_status":"closed","sticky":false,"template":"","format":"standard","meta":{"_acf_changed":false,"_yoast_wpseo_focuskw":"L\u00f6ssboden","_yoast_wpseo_metadesc":"Die Bodenkundliche Gesellschaft der Schweiz hat den fruchtbaren L\u00f6ssboden zum Boden des Jahres 2021 ernannt.","articlekey":"","footnotes":""},"categories":[1],"tags":[863,1640,1641],"class_list":["post-3570","post","type-post","status-publish","format-standard","has-post-thumbnail","hentry","category-allgemein","tag-bondenkundliche-gesellschaft","tag-loessboden","tag-loesslandschaft"],"acf":[],"yoast_head":"<!-- This site is optimized with the Yoast SEO plugin v27.5 - https:\/\/yoast.com\/product\/yoast-seo-wordpress\/ -->\n<title>Der L\u00f6ssboden \u2013 fruchtbar und fragil - Organisator<\/title>\n<meta name=\"description\" content=\"Die Bodenkundliche Gesellschaft der Schweiz hat den fruchtbaren L\u00f6ssboden zum Boden des Jahres 2021 ernannt.\" \/>\n<meta name=\"robots\" content=\"index, follow, max-snippet:-1, max-image-preview:large, max-video-preview:-1\" \/>\n<link rel=\"canonical\" href=\"https:\/\/www.organisator.ch\/fr\/general\/2020-12-09\/der-loessboden-fruchtbar-und-fragil\/\" \/>\n<meta property=\"og:locale\" content=\"fr_FR\" \/>\n<meta property=\"og:type\" content=\"article\" \/>\n<meta property=\"og:title\" content=\"Der L\u00f6ssboden \u2013 fruchtbar und fragil - Organisator\" \/>\n<meta property=\"og:description\" content=\"Die Bodenkundliche Gesellschaft der Schweiz hat den fruchtbaren L\u00f6ssboden zum Boden des Jahres 2021 ernannt.\" \/>\n<meta property=\"og:url\" content=\"https:\/\/www.organisator.ch\/fr\/general\/2020-12-09\/der-loessboden-fruchtbar-und-fragil\/\" \/>\n<meta property=\"og:site_name\" content=\"Organisator\" \/>\n<meta property=\"article:publisher\" content=\"https:\/\/www.facebook.com\/OrganisatorFachmagazin\" \/>\n<meta property=\"article:published_time\" content=\"2020-12-09T05:47:14+00:00\" \/>\n<meta property=\"og:image\" content=\"https:\/\/www.organisator.ch\/wp-content\/uploads\/2020\/12\/Loessboden-1.jpg\" \/>\n\t<meta property=\"og:image:width\" content=\"885\" \/>\n\t<meta property=\"og:image:height\" content=\"694\" \/>\n\t<meta property=\"og:image:type\" content=\"image\/jpeg\" \/>\n<meta name=\"author\" content=\"roger.straessle\" \/>\n<meta name=\"twitter:card\" content=\"summary_large_image\" \/>\n<script type=\"application\/ld+json\" class=\"yoast-schema-graph\">{\"@context\":\"https:\\\/\\\/schema.org\",\"@graph\":[{\"@type\":\"Article\",\"@id\":\"https:\\\/\\\/www.organisator.ch\\\/it\\\/generale\\\/2020-12-09\\\/der-loessboden-fruchtbar-und-fragil\\\/#article\",\"isPartOf\":{\"@id\":\"https:\\\/\\\/www.organisator.ch\\\/it\\\/generale\\\/2020-12-09\\\/der-loessboden-fruchtbar-und-fragil\\\/\"},\"author\":{\"name\":\"roger.straessle\",\"@id\":\"https:\\\/\\\/www.organisator.ch\\\/#\\\/schema\\\/person\\\/a800b8c54e208b160517a7dcc323161d\"},\"headline\":\"Der L\u00f6ssboden \u2013 fruchtbar und fragil\",\"datePublished\":\"2020-12-09T05:47:14+00:00\",\"mainEntityOfPage\":{\"@id\":\"https:\\\/\\\/www.organisator.ch\\\/it\\\/generale\\\/2020-12-09\\\/der-loessboden-fruchtbar-und-fragil\\\/\"},\"wordCount\":491,\"publisher\":{\"@id\":\"https:\\\/\\\/www.organisator.ch\\\/#organization\"},\"image\":{\"@id\":\"https:\\\/\\\/www.organisator.ch\\\/it\\\/generale\\\/2020-12-09\\\/der-loessboden-fruchtbar-und-fragil\\\/#primaryimage\"},\"thumbnailUrl\":\"https:\\\/\\\/www.organisator.ch\\\/wp-content\\\/uploads\\\/2020\\\/12\\\/Loessboden-1.jpg\",\"keywords\":[\"Bondenkundliche Gesellschaft\",\"L\u00f6ssboden\",\"L\u00f6sslandschaft\"],\"articleSection\":[\"Allgemein\"],\"inLanguage\":\"fr-FR\"},{\"@type\":\"WebPage\",\"@id\":\"https:\\\/\\\/www.organisator.ch\\\/it\\\/generale\\\/2020-12-09\\\/der-loessboden-fruchtbar-und-fragil\\\/\",\"url\":\"https:\\\/\\\/www.organisator.ch\\\/it\\\/generale\\\/2020-12-09\\\/der-loessboden-fruchtbar-und-fragil\\\/\",\"name\":\"Der L\u00f6ssboden \u2013 fruchtbar und fragil - Organisator\",\"isPartOf\":{\"@id\":\"https:\\\/\\\/www.organisator.ch\\\/#website\"},\"primaryImageOfPage\":{\"@id\":\"https:\\\/\\\/www.organisator.ch\\\/it\\\/generale\\\/2020-12-09\\\/der-loessboden-fruchtbar-und-fragil\\\/#primaryimage\"},\"image\":{\"@id\":\"https:\\\/\\\/www.organisator.ch\\\/it\\\/generale\\\/2020-12-09\\\/der-loessboden-fruchtbar-und-fragil\\\/#primaryimage\"},\"thumbnailUrl\":\"https:\\\/\\\/www.organisator.ch\\\/wp-content\\\/uploads\\\/2020\\\/12\\\/Loessboden-1.jpg\",\"datePublished\":\"2020-12-09T05:47:14+00:00\",\"description\":\"Die Bodenkundliche Gesellschaft der Schweiz hat den fruchtbaren L\u00f6ssboden zum Boden des Jahres 2021 ernannt.\",\"breadcrumb\":{\"@id\":\"https:\\\/\\\/www.organisator.ch\\\/it\\\/generale\\\/2020-12-09\\\/der-loessboden-fruchtbar-und-fragil\\\/#breadcrumb\"},\"inLanguage\":\"fr-FR\",\"potentialAction\":[{\"@type\":\"ReadAction\",\"target\":[\"https:\\\/\\\/www.organisator.ch\\\/it\\\/generale\\\/2020-12-09\\\/der-loessboden-fruchtbar-und-fragil\\\/\"]}]},{\"@type\":\"ImageObject\",\"inLanguage\":\"fr-FR\",\"@id\":\"https:\\\/\\\/www.organisator.ch\\\/it\\\/generale\\\/2020-12-09\\\/der-loessboden-fruchtbar-und-fragil\\\/#primaryimage\",\"url\":\"https:\\\/\\\/www.organisator.ch\\\/wp-content\\\/uploads\\\/2020\\\/12\\\/Loessboden-1.jpg\",\"contentUrl\":\"https:\\\/\\\/www.organisator.ch\\\/wp-content\\\/uploads\\\/2020\\\/12\\\/Loessboden-1.jpg\",\"width\":885,\"height\":694,\"caption\":\"\u00a9 Gabriela Br\u00e4ndle \\\/ BGS\"},{\"@type\":\"BreadcrumbList\",\"@id\":\"https:\\\/\\\/www.organisator.ch\\\/it\\\/generale\\\/2020-12-09\\\/der-loessboden-fruchtbar-und-fragil\\\/#breadcrumb\",\"itemListElement\":[{\"@type\":\"ListItem\",\"position\":1,\"name\":\"Home\",\"item\":\"https:\\\/\\\/www.organisator.ch\\\/\"},{\"@type\":\"ListItem\",\"position\":2,\"name\":\"Der L\u00f6ssboden \u2013 fruchtbar und fragil\"}]},{\"@type\":\"WebSite\",\"@id\":\"https:\\\/\\\/www.organisator.ch\\\/#website\",\"url\":\"https:\\\/\\\/www.organisator.ch\\\/\",\"name\":\"Organisator\",\"description\":\"Kompetent. Praxisnah. Der ORGANISATOR bereitet in 10 Ausgaben pro Jahr die wesentlichen Themen f\u00fcr F\u00fchrungskr\u00e4fte von KMU auf.\",\"publisher\":{\"@id\":\"https:\\\/\\\/www.organisator.ch\\\/#organization\"},\"potentialAction\":[{\"@type\":\"SearchAction\",\"target\":{\"@type\":\"EntryPoint\",\"urlTemplate\":\"https:\\\/\\\/www.organisator.ch\\\/?s={search_term_string}\"},\"query-input\":{\"@type\":\"PropertyValueSpecification\",\"valueRequired\":true,\"valueName\":\"search_term_string\"}}],\"inLanguage\":\"fr-FR\"},{\"@type\":\"Organization\",\"@id\":\"https:\\\/\\\/www.organisator.ch\\\/#organization\",\"name\":\"Organisator\",\"url\":\"https:\\\/\\\/www.organisator.ch\\\/\",\"logo\":{\"@type\":\"ImageObject\",\"inLanguage\":\"fr-FR\",\"@id\":\"https:\\\/\\\/www.organisator.ch\\\/#\\\/schema\\\/logo\\\/image\\\/\",\"url\":\"https:\\\/\\\/www.organisator.ch\\\/wp-content\\\/uploads\\\/2022\\\/01\\\/Logo_Organisator_Website.png\",\"contentUrl\":\"https:\\\/\\\/www.organisator.ch\\\/wp-content\\\/uploads\\\/2022\\\/01\\\/Logo_Organisator_Website.png\",\"width\":800,\"height\":77,\"caption\":\"Organisator\"},\"image\":{\"@id\":\"https:\\\/\\\/www.organisator.ch\\\/#\\\/schema\\\/logo\\\/image\\\/\"},\"sameAs\":[\"https:\\\/\\\/www.facebook.com\\\/OrganisatorFachmagazin\",\"https:\\\/\\\/www.linkedin.com\\\/showcase\\\/organisator-das-magazin-fr-kmu\",\"https:\\\/\\\/www.xing.com\\\/news\\\/pages\\\/organisator-ch-695\",\"https:\\\/\\\/www.youtube.com\\\/channel\\\/UCGP2Sq0iWaZwT3BdIAQFYpw\"]},{\"@type\":\"Person\",\"@id\":\"https:\\\/\\\/www.organisator.ch\\\/#\\\/schema\\\/person\\\/a800b8c54e208b160517a7dcc323161d\",\"name\":\"roger.straessle\",\"image\":{\"@type\":\"ImageObject\",\"inLanguage\":\"fr-FR\",\"@id\":\"https:\\\/\\\/secure.gravatar.com\\\/avatar\\\/?s=96&d=mm&r=g\",\"url\":\"https:\\\/\\\/secure.gravatar.com\\\/avatar\\\/?s=96&d=mm&r=g\",\"contentUrl\":\"https:\\\/\\\/secure.gravatar.com\\\/avatar\\\/?s=96&d=mm&r=g\",\"caption\":\"roger.straessle\"},\"url\":\"https:\\\/\\\/www.organisator.ch\\\/fr\\\/author\\\/roger-straessle\\\/\"}]}<\/script>\n<!-- \/ Yoast SEO plugin. -->","yoast_head_json":{"title":"Le sol de l\u0153ss - fertile et fragile - Organisateur","description":"La Soci\u00e9t\u00e9 suisse de p\u00e9dologie a d\u00e9sign\u00e9 le sol de loess fertile comme sol de l'ann\u00e9e 2021.","robots":{"index":"index","follow":"follow","max-snippet":"max-snippet:-1","max-image-preview":"max-image-preview:large","max-video-preview":"max-video-preview:-1"},"canonical":"https:\/\/www.organisator.ch\/fr\/general\/2020-12-09\/der-loessboden-fruchtbar-und-fragil\/","og_locale":"fr_FR","og_type":"article","og_title":"Der L\u00f6ssboden \u2013 fruchtbar und fragil - Organisator","og_description":"Die Bodenkundliche Gesellschaft der Schweiz hat den fruchtbaren L\u00f6ssboden zum Boden des Jahres 2021 ernannt.","og_url":"https:\/\/www.organisator.ch\/fr\/general\/2020-12-09\/der-loessboden-fruchtbar-und-fragil\/","og_site_name":"Organisator","article_publisher":"https:\/\/www.facebook.com\/OrganisatorFachmagazin","article_published_time":"2020-12-09T05:47:14+00:00","og_image":[{"width":885,"height":694,"url":"https:\/\/www.organisator.ch\/wp-content\/uploads\/2020\/12\/Loessboden-1.jpg","type":"image\/jpeg"}],"author":"roger.straessle","twitter_card":"summary_large_image","schema":{"@context":"https:\/\/schema.org","@graph":[{"@type":"Article","@id":"https:\/\/www.organisator.ch\/it\/generale\/2020-12-09\/der-loessboden-fruchtbar-und-fragil\/#article","isPartOf":{"@id":"https:\/\/www.organisator.ch\/it\/generale\/2020-12-09\/der-loessboden-fruchtbar-und-fragil\/"},"author":{"name":"roger.straessle","@id":"https:\/\/www.organisator.ch\/#\/schema\/person\/a800b8c54e208b160517a7dcc323161d"},"headline":"Der L\u00f6ssboden \u2013 fruchtbar und fragil","datePublished":"2020-12-09T05:47:14+00:00","mainEntityOfPage":{"@id":"https:\/\/www.organisator.ch\/it\/generale\/2020-12-09\/der-loessboden-fruchtbar-und-fragil\/"},"wordCount":491,"publisher":{"@id":"https:\/\/www.organisator.ch\/#organization"},"image":{"@id":"https:\/\/www.organisator.ch\/it\/generale\/2020-12-09\/der-loessboden-fruchtbar-und-fragil\/#primaryimage"},"thumbnailUrl":"https:\/\/www.organisator.ch\/wp-content\/uploads\/2020\/12\/Loessboden-1.jpg","keywords":["Bondenkundliche Gesellschaft","L\u00f6ssboden","L\u00f6sslandschaft"],"articleSection":["Allgemein"],"inLanguage":"fr-FR"},{"@type":"WebPage","@id":"https:\/\/www.organisator.ch\/it\/generale\/2020-12-09\/der-loessboden-fruchtbar-und-fragil\/","url":"https:\/\/www.organisator.ch\/it\/generale\/2020-12-09\/der-loessboden-fruchtbar-und-fragil\/","name":"Le sol de l\u0153ss - fertile et fragile - Organisateur","isPartOf":{"@id":"https:\/\/www.organisator.ch\/#website"},"primaryImageOfPage":{"@id":"https:\/\/www.organisator.ch\/it\/generale\/2020-12-09\/der-loessboden-fruchtbar-und-fragil\/#primaryimage"},"image":{"@id":"https:\/\/www.organisator.ch\/it\/generale\/2020-12-09\/der-loessboden-fruchtbar-und-fragil\/#primaryimage"},"thumbnailUrl":"https:\/\/www.organisator.ch\/wp-content\/uploads\/2020\/12\/Loessboden-1.jpg","datePublished":"2020-12-09T05:47:14+00:00","description":"La Soci\u00e9t\u00e9 suisse de p\u00e9dologie a d\u00e9sign\u00e9 le sol de loess fertile comme sol de l'ann\u00e9e 2021.","breadcrumb":{"@id":"https:\/\/www.organisator.ch\/it\/generale\/2020-12-09\/der-loessboden-fruchtbar-und-fragil\/#breadcrumb"},"inLanguage":"fr-FR","potentialAction":[{"@type":"ReadAction","target":["https:\/\/www.organisator.ch\/it\/generale\/2020-12-09\/der-loessboden-fruchtbar-und-fragil\/"]}]},{"@type":"ImageObject","inLanguage":"fr-FR","@id":"https:\/\/www.organisator.ch\/it\/generale\/2020-12-09\/der-loessboden-fruchtbar-und-fragil\/#primaryimage","url":"https:\/\/www.organisator.ch\/wp-content\/uploads\/2020\/12\/Loessboden-1.jpg","contentUrl":"https:\/\/www.organisator.ch\/wp-content\/uploads\/2020\/12\/Loessboden-1.jpg","width":885,"height":694,"caption":"\u00a9 Gabriela Br\u00e4ndle \/ BGS"},{"@type":"BreadcrumbList","@id":"https:\/\/www.organisator.ch\/it\/generale\/2020-12-09\/der-loessboden-fruchtbar-und-fragil\/#breadcrumb","itemListElement":[{"@type":"ListItem","position":1,"name":"Home","item":"https:\/\/www.organisator.ch\/"},{"@type":"ListItem","position":2,"name":"Der L\u00f6ssboden \u2013 fruchtbar und fragil"}]},{"@type":"WebSite","@id":"https:\/\/www.organisator.ch\/#website","url":"https:\/\/www.organisator.ch\/","name":"Organisateur","description":"Comp\u00e9tence et comp\u00e9tence. Proches de la pratique. L'ORGANISATEUR pr\u00e9pare 10 num\u00e9ros par an sur les th\u00e8mes essentiels pour les dirigeants de PME.","publisher":{"@id":"https:\/\/www.organisator.ch\/#organization"},"potentialAction":[{"@type":"SearchAction","target":{"@type":"EntryPoint","urlTemplate":"https:\/\/www.organisator.ch\/?s={search_term_string}"},"query-input":{"@type":"PropertyValueSpecification","valueRequired":true,"valueName":"search_term_string"}}],"inLanguage":"fr-FR"},{"@type":"Organization","@id":"https:\/\/www.organisator.ch\/#organization","name":"Organisateur","url":"https:\/\/www.organisator.ch\/","logo":{"@type":"ImageObject","inLanguage":"fr-FR","@id":"https:\/\/www.organisator.ch\/#\/schema\/logo\/image\/","url":"https:\/\/www.organisator.ch\/wp-content\/uploads\/2022\/01\/Logo_Organisator_Website.png","contentUrl":"https:\/\/www.organisator.ch\/wp-content\/uploads\/2022\/01\/Logo_Organisator_Website.png","width":800,"height":77,"caption":"Organisator"},"image":{"@id":"https:\/\/www.organisator.ch\/#\/schema\/logo\/image\/"},"sameAs":["https:\/\/www.facebook.com\/OrganisatorFachmagazin","https:\/\/www.linkedin.com\/showcase\/organisator-das-magazin-fr-kmu","https:\/\/www.xing.com\/news\/pages\/organisator-ch-695","https:\/\/www.youtube.com\/channel\/UCGP2Sq0iWaZwT3BdIAQFYpw"]},{"@type":"Person","@id":"https:\/\/www.organisator.ch\/#\/schema\/person\/a800b8c54e208b160517a7dcc323161d","name":"roger.straessle","image":{"@type":"ImageObject","inLanguage":"fr-FR","@id":"https:\/\/secure.gravatar.com\/avatar\/?s=96&d=mm&r=g","url":"https:\/\/secure.gravatar.com\/avatar\/?s=96&d=mm&r=g","contentUrl":"https:\/\/secure.gravatar.com\/avatar\/?s=96&d=mm&r=g","caption":"roger.straessle"},"url":"https:\/\/www.organisator.ch\/fr\/author\/roger-straessle\/"}]}},"_links":{"self":[{"href":"https:\/\/www.organisator.ch\/fr\/wp-json\/wp\/v2\/posts\/3570","targetHints":{"allow":["GET"]}}],"collection":[{"href":"https:\/\/www.organisator.ch\/fr\/wp-json\/wp\/v2\/posts"}],"about":[{"href":"https:\/\/www.organisator.ch\/fr\/wp-json\/wp\/v2\/types\/post"}],"author":[{"embeddable":true,"href":"https:\/\/www.organisator.ch\/fr\/wp-json\/wp\/v2\/users\/6"}],"replies":[{"embeddable":true,"href":"https:\/\/www.organisator.ch\/fr\/wp-json\/wp\/v2\/comments?post=3570"}],"version-history":[{"count":0,"href":"https:\/\/www.organisator.ch\/fr\/wp-json\/wp\/v2\/posts\/3570\/revisions"}],"wp:featuredmedia":[{"embeddable":true,"href":"https:\/\/www.organisator.ch\/fr\/wp-json\/wp\/v2\/media\/9743"}],"wp:attachment":[{"href":"https:\/\/www.organisator.ch\/fr\/wp-json\/wp\/v2\/media?parent=3570"}],"wp:term":[{"taxonomy":"category","embeddable":true,"href":"https:\/\/www.organisator.ch\/fr\/wp-json\/wp\/v2\/categories?post=3570"},{"taxonomy":"post_tag","embeddable":true,"href":"https:\/\/www.organisator.ch\/fr\/wp-json\/wp\/v2\/tags?post=3570"}],"curies":[{"name":"wp","href":"https:\/\/api.w.org\/{rel}","templated":true}]}}