{"id":35775,"date":"2025-02-04T16:08:14","date_gmt":"2025-02-04T15:08:14","guid":{"rendered":"https:\/\/www.organisator.ch\/?p=35775"},"modified":"2025-02-04T16:08:14","modified_gmt":"2025-02-04T15:08:14","slug":"wettbewerbsfaehigkeit-und-sicherheit-staerken","status":"publish","type":"post","link":"https:\/\/www.organisator.ch\/fr\/management\/2025-02-04\/wettbewerbsfaehigkeit-und-sicherheit-staerken\/","title":{"rendered":"Renforcer la comp\u00e9titivit\u00e9 et la s\u00e9curit\u00e9"},"content":{"rendered":"<figure id=\"attachment_35776\" aria-describedby=\"caption-attachment-35776\" style=\"width: 680px\" class=\"wp-caption alignnone\"><img loading=\"lazy\" decoding=\"async\" class=\"size-full wp-image-35776\" src=\"https:\/\/www.organisator.ch\/wp-content\/uploads\/2025\/02\/Economiesuisse_Bild1_ps.jpg\" alt=\"\" width=\"680\" height=\"408\" srcset=\"https:\/\/www.organisator.ch\/wp-content\/uploads\/2025\/02\/Economiesuisse_Bild1_ps.jpg 680w, https:\/\/www.organisator.ch\/wp-content\/uploads\/2025\/02\/Economiesuisse_Bild1_ps-18x12.jpg 18w, https:\/\/www.organisator.ch\/wp-content\/uploads\/2025\/02\/Economiesuisse_Bild1_ps-375x225.jpg 375w, https:\/\/www.organisator.ch\/wp-content\/uploads\/2025\/02\/Economiesuisse_Bild1_ps-583x350.jpg 583w\" sizes=\"auto, (max-width: 680px) 100vw, 680px\" \/><figcaption id=\"caption-attachment-35776\" class=\"wp-caption-text\">La Suisse doit faire avancer d'importantes r\u00e9formes pour rester comp\u00e9titive sur la sc\u00e8ne internationale et renforcer son attractivit\u00e9. (Image : www.depositphotos.com)<\/figcaption><\/figure>\n<p>Le nouveau pr\u00e9sident am\u00e9ricain Donald Trump envoie des signaux clairs : les imp\u00f4ts doivent \u00eatre r\u00e9duits, la r\u00e9glementation all\u00e9g\u00e9e et les droits de douane augment\u00e9s. Le pr\u00e9sident am\u00e9ricain demande \u00e0 l'Europe d'en faire plus pour la s\u00e9curit\u00e9. La Suisse doit naviguer au mieux dans ce contexte g\u00e9opolitique et \u00e9conomique mondial exigeant et renforcer sa propre attractivit\u00e9. La conf\u00e9rence de presse annuelle d'Economiesuisse, l'organisation fa\u00eeti\u00e8re de l'\u00e9conomie, est donc plac\u00e9e aujourd'hui sous le signe des grands projets de r\u00e9forme.<\/p>\n<p>\u00a0\"Nous devons surmonter les blocages et les int\u00e9r\u00eats particuliers. Pour garantir la prosp\u00e9rit\u00e9 et la s\u00e9curit\u00e9, il faut maintenant faire preuve d'esprit communautaire et prendre des d\u00e9cisions courageuses\", souligne Christoph M\u00e4der, pr\u00e9sident d'Economiesuisse. Avec le paquet d'all\u00e8gement budg\u00e9taire, les finances f\u00e9d\u00e9rales vont \u00eatre mises \u00e0 l'\u00e9preuve. Pour l'\u00e9conomie, il est essentiel que les finances publiques reposent sur des bases solides \u00e0 long terme. Ce n'est qu'ainsi qu'il sera possible de cr\u00e9er une marge de man\u0153uvre permettant d'investir dans la s\u00e9curit\u00e9 et la capacit\u00e9 de d\u00e9fense.<\/p>\n<h3><strong>Politique europ\u00e9enne : la mise en \u0153uvre de la politique int\u00e9rieure est le c\u0153ur du probl\u00e8me<\/strong><\/h3>\n<p>Il est essentiel pour la place \u00e9conomique suisse que la voie bilat\u00e9rale avec l'Union europ\u00e9enne (UE) soit stabilis\u00e9e. \"Nous sommes convaincus que la voie bilat\u00e9rale est la voie sur mesure pour la Suisse : l\u00e0 o\u00f9 nous souhaitons un acc\u00e8s au march\u00e9 ou une coop\u00e9ration, nous concluons des accords et nous nous mettons d'accord sur des r\u00e8gles du jeu communes. Dans les domaines o\u00f9 nous ne voulons pas d'accords, nous ne le faisons pas\", explique Monika R\u00fchl, pr\u00e9sidente de la direction. Pour autant que le contenu du paquet d'accords n\u00e9goci\u00e9s en mati\u00e8re de politique \u00e9trang\u00e8re soit connu, il est possible de tirer un premier bilan positif du paquet du point de vue de l'\u00e9conomie : L'actualisation des accords existants sur le march\u00e9 int\u00e9rieur permet d'asseoir l'acc\u00e8s au march\u00e9 int\u00e9rieur de l'UE sur des bases solides \u00e0 long terme.<\/p>\n<p>Economiesuisse juge express\u00e9ment positifs les programmes de coop\u00e9ration dans des domaines choisis, notamment dans la recherche et le d\u00e9veloppement via Horizon Europe. L'\u00e9conomie salue \u00e9galement le fait que la clause de sauvegarde ait pu \u00eatre concr\u00e9tis\u00e9e dans l'accord sur la libre circulation des personnes. Celle-ci constitue la base permettant de prendre des mesures en cas de probl\u00e8mes graves. Il s'agit maintenant de la mettre en \u0153uvre sur le plan de la politique int\u00e9rieure. Les propositions concr\u00e8tes de mise en \u0153uvre du paquet d'accords sont d\u00e9cisives pour l'\u00e9valuation globale finale du paquet. Elles ne sont pas encore disponibles. Une chose est toutefois claire : la flexibilit\u00e9 du march\u00e9 du travail n'est pas \u00e0 l'ordre du jour.<\/p>\n<h3><strong>R\u00e9glementation bancaire : l'union fait la force<\/strong><\/h3>\n<p>La Suisse a besoin d'une UBS forte. L'\u00e9conomie d'exportation d\u00e9pend de la capacit\u00e9 d'une banque mondiale parfaitement connect\u00e9e \u00e0 l'international \u00e0 accompagner, financer et soutenir ses activit\u00e9s commerciales \u00e0 l'\u00e9tranger. Il est dans l'int\u00e9r\u00eat de tous que l'UBS soit comp\u00e9titive. Il serait donc erron\u00e9 d'imposer \u00e0 l'UBS des conditions qui l'entraveraient dans la concurrence internationale. Cela ne signifie pas pour autant que la r\u00e9glementation bancaire existante ne doit pas \u00eatre optimis\u00e9e.<\/p>\n<p>L'important est de faire ce qu'il faut et d'agir l\u00e0 o\u00f9 il est effectivement n\u00e9cessaire d'agir. Le rapport de la commission d'enqu\u00eate parlementaire (CEP) a montr\u00e9 que les principaux probl\u00e8mes \u00e9taient en premier lieu la gestion insuffisante du Credit Suisse, les instruments de surveillance de la FINMA non exploit\u00e9s et la collaboration insuffisante des autorit\u00e9s. En ce qui concerne les conditions-cadres r\u00e9glementaires, l'\u00e9conomie estime qu'une approche coordonn\u00e9e au niveau international est essentielle pour garantir la comp\u00e9titivit\u00e9 de la place financi\u00e8re.<\/p>\n<h3><strong>Initiative pour la responsabilit\u00e9 environnementale : un non clair<\/strong><\/h3>\n<p>Le 9 f\u00e9vrier, la population suisse se prononcera sur l'initiative des Jeunes Verts sur la responsabilit\u00e9 environnementale. En cas d'acceptation, les cons\u00e9quences seraient des prix plus \u00e9lev\u00e9s, des interdictions de consommation et des prescriptions r\u00e9glementaires \u00e9tendues. Cette initiative est un exemple parmi beaucoup d'autres qui montrent : Au lieu de travailler \u00e0 des compromis viables, on fixe des objectifs utopiques et on met en danger la place \u00e9conomique suisse. Economiesuisse rejette clairement l'initiative et s'engage dans le cadre de la campagne pour le non.<\/p>\n<p><em>Source : <a href=\"http:\/\/www.economiesuisse.ch\">www.economiesuisse.ch<\/a><\/em><\/p>","protected":false},"excerpt":{"rendered":"<p>Les \u00c9tats-Unis lancent un d\u00e9fi au monde entier. La concurrence entre places \u00e9conomiques va s'intensifier consid\u00e9rablement. La Suisse est appel\u00e9e \u00e0 faire avancer d'importantes r\u00e9formes de politique \u00e9conomique. Pour cela, il faut faire preuve d'esprit d'\u00e9quipe et prendre des d\u00e9cisions courageuses. Sans un large consensus politique, il ne sera pas possible d'asseoir les finances f\u00e9d\u00e9rales sur une base solide. Un large consensus est \u00e9galement n\u00e9cessaire pour garantir la voie bilat\u00e9rale. <\/p>","protected":false},"author":80,"featured_media":35776,"comment_status":"closed","ping_status":"closed","sticky":false,"template":"","format":"standard","meta":{"_acf_changed":false,"_yoast_wpseo_focuskw":"Standortwettbewerb Schweiz","_yoast_wpseo_metadesc":"Die Schweiz muss wichtige Reformen vorantreiben, um im internationalen Wettbewerb zu bestehen und ihre Attraktivit\u00e4t zu st\u00e4rken.","articlekey":"","footnotes":""},"categories":[28],"tags":[386,424,434,5064,2421,522],"class_list":["post-35775","post","type-post","status-publish","format-standard","has-post-thumbnail","hentry","category-management","tag-politik","tag-schweiz","tag-sicherheit","tag-standortwettbewerb","tag-usa","tag-wettbewerb"],"acf":[],"yoast_head":"<!-- This site is optimized with the Yoast SEO plugin v27.5 - https:\/\/yoast.com\/product\/yoast-seo-wordpress\/ -->\n<title>Wettbewerbsf\u00e4higkeit und Sicherheit st\u00e4rken - Organisator<\/title>\n<meta name=\"description\" content=\"Die Schweiz muss wichtige Reformen vorantreiben, um im internationalen Wettbewerb zu bestehen und ihre Attraktivit\u00e4t zu st\u00e4rken.\" \/>\n<meta name=\"robots\" content=\"index, follow, max-snippet:-1, max-image-preview:large, max-video-preview:-1\" \/>\n<link rel=\"canonical\" href=\"https:\/\/www.organisator.ch\/fr\/gestion-2\/2025-02-04\/wettbewerbsfaehigkeit-und-sicherheit-staerken\/\" \/>\n<meta property=\"og:locale\" content=\"fr_FR\" \/>\n<meta property=\"og:type\" content=\"article\" \/>\n<meta property=\"og:title\" content=\"Wettbewerbsf\u00e4higkeit und Sicherheit st\u00e4rken\" \/>\n<meta property=\"og:description\" content=\"Die Schweiz muss wichtige Reformen vorantreiben, um im internationalen Wettbewerb zu bestehen und ihre Attraktivit\u00e4t zu st\u00e4rken.\" \/>\n<meta property=\"og:url\" content=\"https:\/\/www.organisator.ch\/fr\/gestion-2\/2025-02-04\/wettbewerbsfaehigkeit-und-sicherheit-staerken\/\" \/>\n<meta property=\"og:site_name\" content=\"Organisator\" \/>\n<meta property=\"article:publisher\" content=\"https:\/\/www.facebook.com\/OrganisatorFachmagazin\" \/>\n<meta property=\"article:published_time\" content=\"2025-02-04T15:08:14+00:00\" \/>\n<meta property=\"og:image\" content=\"https:\/\/www.organisator.ch\/wp-content\/uploads\/2025\/02\/Economiesuisse_Bild1_ps.jpg\" \/>\n\t<meta property=\"og:image:width\" content=\"680\" \/>\n\t<meta property=\"og:image:height\" content=\"408\" \/>\n\t<meta property=\"og:image:type\" content=\"image\/jpeg\" \/>\n<meta name=\"author\" content=\"Dzana Muminovic\" \/>\n<meta name=\"twitter:card\" content=\"summary_large_image\" \/>\n<meta name=\"twitter:title\" content=\"Wettbewerbsf\u00e4higkeit und Sicherheit st\u00e4rken\" \/>\n<meta name=\"twitter:description\" content=\"Die #Schweiz muss wichtige #Reformen vorantreiben, um im internationalen #Wettbewerb zu bestehen und ihre #Attraktivit\u00e4t zu st\u00e4rken.\" \/>\n<meta name=\"twitter:image\" content=\"https:\/\/www.organisator.ch\/wp-content\/uploads\/2025\/02\/Economiesuisse_Bild1_ps.jpg\" \/>\n<script type=\"application\/ld+json\" class=\"yoast-schema-graph\">{\"@context\":\"https:\\\/\\\/schema.org\",\"@graph\":[{\"@type\":\"Article\",\"@id\":\"https:\\\/\\\/www.organisator.ch\\\/management\\\/2025-02-04\\\/wettbewerbsfaehigkeit-und-sicherheit-staerken\\\/#article\",\"isPartOf\":{\"@id\":\"https:\\\/\\\/www.organisator.ch\\\/management\\\/2025-02-04\\\/wettbewerbsfaehigkeit-und-sicherheit-staerken\\\/\"},\"author\":{\"name\":\"Dzana Muminovic\",\"@id\":\"https:\\\/\\\/www.organisator.ch\\\/#\\\/schema\\\/person\\\/afccda3a71c06d4be2ed9100dd163db7\"},\"headline\":\"Wettbewerbsf\u00e4higkeit und Sicherheit st\u00e4rken\",\"datePublished\":\"2025-02-04T15:08:14+00:00\",\"mainEntityOfPage\":{\"@id\":\"https:\\\/\\\/www.organisator.ch\\\/management\\\/2025-02-04\\\/wettbewerbsfaehigkeit-und-sicherheit-staerken\\\/\"},\"wordCount\":623,\"publisher\":{\"@id\":\"https:\\\/\\\/www.organisator.ch\\\/#organization\"},\"image\":{\"@id\":\"https:\\\/\\\/www.organisator.ch\\\/management\\\/2025-02-04\\\/wettbewerbsfaehigkeit-und-sicherheit-staerken\\\/#primaryimage\"},\"thumbnailUrl\":\"https:\\\/\\\/www.organisator.ch\\\/wp-content\\\/uploads\\\/2025\\\/02\\\/Economiesuisse_Bild1_ps.jpg\",\"keywords\":[\"Politik\",\"Schweiz\",\"Sicherheit\",\"Standortwettbewerb\",\"USA\",\"Wettbewerb\"],\"articleSection\":[\"MANAGEMENT\"],\"inLanguage\":\"fr-FR\"},{\"@type\":\"WebPage\",\"@id\":\"https:\\\/\\\/www.organisator.ch\\\/management\\\/2025-02-04\\\/wettbewerbsfaehigkeit-und-sicherheit-staerken\\\/\",\"url\":\"https:\\\/\\\/www.organisator.ch\\\/management\\\/2025-02-04\\\/wettbewerbsfaehigkeit-und-sicherheit-staerken\\\/\",\"name\":\"Wettbewerbsf\u00e4higkeit und Sicherheit st\u00e4rken - Organisator\",\"isPartOf\":{\"@id\":\"https:\\\/\\\/www.organisator.ch\\\/#website\"},\"primaryImageOfPage\":{\"@id\":\"https:\\\/\\\/www.organisator.ch\\\/management\\\/2025-02-04\\\/wettbewerbsfaehigkeit-und-sicherheit-staerken\\\/#primaryimage\"},\"image\":{\"@id\":\"https:\\\/\\\/www.organisator.ch\\\/management\\\/2025-02-04\\\/wettbewerbsfaehigkeit-und-sicherheit-staerken\\\/#primaryimage\"},\"thumbnailUrl\":\"https:\\\/\\\/www.organisator.ch\\\/wp-content\\\/uploads\\\/2025\\\/02\\\/Economiesuisse_Bild1_ps.jpg\",\"datePublished\":\"2025-02-04T15:08:14+00:00\",\"description\":\"Die Schweiz muss wichtige Reformen vorantreiben, um im internationalen Wettbewerb zu bestehen und ihre Attraktivit\u00e4t zu st\u00e4rken.\",\"breadcrumb\":{\"@id\":\"https:\\\/\\\/www.organisator.ch\\\/management\\\/2025-02-04\\\/wettbewerbsfaehigkeit-und-sicherheit-staerken\\\/#breadcrumb\"},\"inLanguage\":\"fr-FR\",\"potentialAction\":[{\"@type\":\"ReadAction\",\"target\":[\"https:\\\/\\\/www.organisator.ch\\\/management\\\/2025-02-04\\\/wettbewerbsfaehigkeit-und-sicherheit-staerken\\\/\"]}]},{\"@type\":\"ImageObject\",\"inLanguage\":\"fr-FR\",\"@id\":\"https:\\\/\\\/www.organisator.ch\\\/management\\\/2025-02-04\\\/wettbewerbsfaehigkeit-und-sicherheit-staerken\\\/#primaryimage\",\"url\":\"https:\\\/\\\/www.organisator.ch\\\/wp-content\\\/uploads\\\/2025\\\/02\\\/Economiesuisse_Bild1_ps.jpg\",\"contentUrl\":\"https:\\\/\\\/www.organisator.ch\\\/wp-content\\\/uploads\\\/2025\\\/02\\\/Economiesuisse_Bild1_ps.jpg\",\"width\":680,\"height\":408,\"caption\":\"Die Schweiz muss wichtige Reformen vorantreiben, um im internationalen Wettbewerb zu bestehen und ihre Attraktivit\u00e4t zu st\u00e4rken. (Bild: www.depositphotos.com)\"},{\"@type\":\"BreadcrumbList\",\"@id\":\"https:\\\/\\\/www.organisator.ch\\\/management\\\/2025-02-04\\\/wettbewerbsfaehigkeit-und-sicherheit-staerken\\\/#breadcrumb\",\"itemListElement\":[{\"@type\":\"ListItem\",\"position\":1,\"name\":\"Home\",\"item\":\"https:\\\/\\\/www.organisator.ch\\\/\"},{\"@type\":\"ListItem\",\"position\":2,\"name\":\"Wettbewerbsf\u00e4higkeit und Sicherheit st\u00e4rken\"}]},{\"@type\":\"WebSite\",\"@id\":\"https:\\\/\\\/www.organisator.ch\\\/#website\",\"url\":\"https:\\\/\\\/www.organisator.ch\\\/\",\"name\":\"Organisator\",\"description\":\"Kompetent. Praxisnah. Der ORGANISATOR bereitet in 10 Ausgaben pro Jahr die wesentlichen Themen f\u00fcr F\u00fchrungskr\u00e4fte von KMU auf.\",\"publisher\":{\"@id\":\"https:\\\/\\\/www.organisator.ch\\\/#organization\"},\"potentialAction\":[{\"@type\":\"SearchAction\",\"target\":{\"@type\":\"EntryPoint\",\"urlTemplate\":\"https:\\\/\\\/www.organisator.ch\\\/?s={search_term_string}\"},\"query-input\":{\"@type\":\"PropertyValueSpecification\",\"valueRequired\":true,\"valueName\":\"search_term_string\"}}],\"inLanguage\":\"fr-FR\"},{\"@type\":\"Organization\",\"@id\":\"https:\\\/\\\/www.organisator.ch\\\/#organization\",\"name\":\"Organisator\",\"url\":\"https:\\\/\\\/www.organisator.ch\\\/\",\"logo\":{\"@type\":\"ImageObject\",\"inLanguage\":\"fr-FR\",\"@id\":\"https:\\\/\\\/www.organisator.ch\\\/#\\\/schema\\\/logo\\\/image\\\/\",\"url\":\"https:\\\/\\\/www.organisator.ch\\\/wp-content\\\/uploads\\\/2022\\\/01\\\/Logo_Organisator_Website.png\",\"contentUrl\":\"https:\\\/\\\/www.organisator.ch\\\/wp-content\\\/uploads\\\/2022\\\/01\\\/Logo_Organisator_Website.png\",\"width\":800,\"height\":77,\"caption\":\"Organisator\"},\"image\":{\"@id\":\"https:\\\/\\\/www.organisator.ch\\\/#\\\/schema\\\/logo\\\/image\\\/\"},\"sameAs\":[\"https:\\\/\\\/www.facebook.com\\\/OrganisatorFachmagazin\",\"https:\\\/\\\/www.linkedin.com\\\/showcase\\\/organisator-das-magazin-fr-kmu\",\"https:\\\/\\\/www.xing.com\\\/news\\\/pages\\\/organisator-ch-695\",\"https:\\\/\\\/www.youtube.com\\\/channel\\\/UCGP2Sq0iWaZwT3BdIAQFYpw\"]},{\"@type\":\"Person\",\"@id\":\"https:\\\/\\\/www.organisator.ch\\\/#\\\/schema\\\/person\\\/afccda3a71c06d4be2ed9100dd163db7\",\"name\":\"Dzana Muminovic\",\"image\":{\"@type\":\"ImageObject\",\"inLanguage\":\"fr-FR\",\"@id\":\"https:\\\/\\\/secure.gravatar.com\\\/avatar\\\/909c5c71aff4b38e88686f2ab2f1ba152571f394f41ed8bae431ea56ced93050?s=96&d=mm&r=g\",\"url\":\"https:\\\/\\\/secure.gravatar.com\\\/avatar\\\/909c5c71aff4b38e88686f2ab2f1ba152571f394f41ed8bae431ea56ced93050?s=96&d=mm&r=g\",\"contentUrl\":\"https:\\\/\\\/secure.gravatar.com\\\/avatar\\\/909c5c71aff4b38e88686f2ab2f1ba152571f394f41ed8bae431ea56ced93050?s=96&d=mm&r=g\",\"caption\":\"Dzana Muminovic\"},\"url\":\"https:\\\/\\\/www.organisator.ch\\\/fr\\\/author\\\/dzana-muminovic\\\/\"}]}<\/script>\n<!-- \/ Yoast SEO plugin. -->","yoast_head_json":{"title":"Renforcer la comp\u00e9titivit\u00e9 et la s\u00e9curit\u00e9 - Organisateur","description":"La Suisse doit faire avancer d'importantes r\u00e9formes pour rester comp\u00e9titive sur la sc\u00e8ne internationale et renforcer son attractivit\u00e9.","robots":{"index":"index","follow":"follow","max-snippet":"max-snippet:-1","max-image-preview":"max-image-preview:large","max-video-preview":"max-video-preview:-1"},"canonical":"https:\/\/www.organisator.ch\/fr\/gestion-2\/2025-02-04\/wettbewerbsfaehigkeit-und-sicherheit-staerken\/","og_locale":"fr_FR","og_type":"article","og_title":"Wettbewerbsf\u00e4higkeit und Sicherheit st\u00e4rken","og_description":"Die Schweiz muss wichtige Reformen vorantreiben, um im internationalen Wettbewerb zu bestehen und ihre Attraktivit\u00e4t zu st\u00e4rken.","og_url":"https:\/\/www.organisator.ch\/fr\/gestion-2\/2025-02-04\/wettbewerbsfaehigkeit-und-sicherheit-staerken\/","og_site_name":"Organisator","article_publisher":"https:\/\/www.facebook.com\/OrganisatorFachmagazin","article_published_time":"2025-02-04T15:08:14+00:00","og_image":[{"width":680,"height":408,"url":"https:\/\/www.organisator.ch\/wp-content\/uploads\/2025\/02\/Economiesuisse_Bild1_ps.jpg","type":"image\/jpeg"}],"author":"Dzana Muminovic","twitter_card":"summary_large_image","twitter_title":"Wettbewerbsf\u00e4higkeit und Sicherheit st\u00e4rken","twitter_description":"Die #Schweiz muss wichtige #Reformen vorantreiben, um im internationalen #Wettbewerb zu bestehen und ihre #Attraktivit\u00e4t zu st\u00e4rken.","twitter_image":"https:\/\/www.organisator.ch\/wp-content\/uploads\/2025\/02\/Economiesuisse_Bild1_ps.jpg","schema":{"@context":"https:\/\/schema.org","@graph":[{"@type":"Article","@id":"https:\/\/www.organisator.ch\/management\/2025-02-04\/wettbewerbsfaehigkeit-und-sicherheit-staerken\/#article","isPartOf":{"@id":"https:\/\/www.organisator.ch\/management\/2025-02-04\/wettbewerbsfaehigkeit-und-sicherheit-staerken\/"},"author":{"name":"Dzana Muminovic","@id":"https:\/\/www.organisator.ch\/#\/schema\/person\/afccda3a71c06d4be2ed9100dd163db7"},"headline":"Wettbewerbsf\u00e4higkeit und Sicherheit st\u00e4rken","datePublished":"2025-02-04T15:08:14+00:00","mainEntityOfPage":{"@id":"https:\/\/www.organisator.ch\/management\/2025-02-04\/wettbewerbsfaehigkeit-und-sicherheit-staerken\/"},"wordCount":623,"publisher":{"@id":"https:\/\/www.organisator.ch\/#organization"},"image":{"@id":"https:\/\/www.organisator.ch\/management\/2025-02-04\/wettbewerbsfaehigkeit-und-sicherheit-staerken\/#primaryimage"},"thumbnailUrl":"https:\/\/www.organisator.ch\/wp-content\/uploads\/2025\/02\/Economiesuisse_Bild1_ps.jpg","keywords":["Politik","Schweiz","Sicherheit","Standortwettbewerb","USA","Wettbewerb"],"articleSection":["MANAGEMENT"],"inLanguage":"fr-FR"},{"@type":"WebPage","@id":"https:\/\/www.organisator.ch\/management\/2025-02-04\/wettbewerbsfaehigkeit-und-sicherheit-staerken\/","url":"https:\/\/www.organisator.ch\/management\/2025-02-04\/wettbewerbsfaehigkeit-und-sicherheit-staerken\/","name":"Renforcer la comp\u00e9titivit\u00e9 et la s\u00e9curit\u00e9 - Organisateur","isPartOf":{"@id":"https:\/\/www.organisator.ch\/#website"},"primaryImageOfPage":{"@id":"https:\/\/www.organisator.ch\/management\/2025-02-04\/wettbewerbsfaehigkeit-und-sicherheit-staerken\/#primaryimage"},"image":{"@id":"https:\/\/www.organisator.ch\/management\/2025-02-04\/wettbewerbsfaehigkeit-und-sicherheit-staerken\/#primaryimage"},"thumbnailUrl":"https:\/\/www.organisator.ch\/wp-content\/uploads\/2025\/02\/Economiesuisse_Bild1_ps.jpg","datePublished":"2025-02-04T15:08:14+00:00","description":"La Suisse doit faire avancer d'importantes r\u00e9formes pour rester comp\u00e9titive sur la sc\u00e8ne internationale et renforcer son attractivit\u00e9.","breadcrumb":{"@id":"https:\/\/www.organisator.ch\/management\/2025-02-04\/wettbewerbsfaehigkeit-und-sicherheit-staerken\/#breadcrumb"},"inLanguage":"fr-FR","potentialAction":[{"@type":"ReadAction","target":["https:\/\/www.organisator.ch\/management\/2025-02-04\/wettbewerbsfaehigkeit-und-sicherheit-staerken\/"]}]},{"@type":"ImageObject","inLanguage":"fr-FR","@id":"https:\/\/www.organisator.ch\/management\/2025-02-04\/wettbewerbsfaehigkeit-und-sicherheit-staerken\/#primaryimage","url":"https:\/\/www.organisator.ch\/wp-content\/uploads\/2025\/02\/Economiesuisse_Bild1_ps.jpg","contentUrl":"https:\/\/www.organisator.ch\/wp-content\/uploads\/2025\/02\/Economiesuisse_Bild1_ps.jpg","width":680,"height":408,"caption":"Die Schweiz muss wichtige Reformen vorantreiben, um im internationalen Wettbewerb zu bestehen und ihre Attraktivit\u00e4t zu st\u00e4rken. (Bild: www.depositphotos.com)"},{"@type":"BreadcrumbList","@id":"https:\/\/www.organisator.ch\/management\/2025-02-04\/wettbewerbsfaehigkeit-und-sicherheit-staerken\/#breadcrumb","itemListElement":[{"@type":"ListItem","position":1,"name":"Home","item":"https:\/\/www.organisator.ch\/"},{"@type":"ListItem","position":2,"name":"Wettbewerbsf\u00e4higkeit und Sicherheit st\u00e4rken"}]},{"@type":"WebSite","@id":"https:\/\/www.organisator.ch\/#website","url":"https:\/\/www.organisator.ch\/","name":"Organisateur","description":"Comp\u00e9tence et comp\u00e9tence. Proches de la pratique. L'ORGANISATEUR pr\u00e9pare 10 num\u00e9ros par an sur les th\u00e8mes essentiels pour les dirigeants de PME.","publisher":{"@id":"https:\/\/www.organisator.ch\/#organization"},"potentialAction":[{"@type":"SearchAction","target":{"@type":"EntryPoint","urlTemplate":"https:\/\/www.organisator.ch\/?s={search_term_string}"},"query-input":{"@type":"PropertyValueSpecification","valueRequired":true,"valueName":"search_term_string"}}],"inLanguage":"fr-FR"},{"@type":"Organization","@id":"https:\/\/www.organisator.ch\/#organization","name":"Organisateur","url":"https:\/\/www.organisator.ch\/","logo":{"@type":"ImageObject","inLanguage":"fr-FR","@id":"https:\/\/www.organisator.ch\/#\/schema\/logo\/image\/","url":"https:\/\/www.organisator.ch\/wp-content\/uploads\/2022\/01\/Logo_Organisator_Website.png","contentUrl":"https:\/\/www.organisator.ch\/wp-content\/uploads\/2022\/01\/Logo_Organisator_Website.png","width":800,"height":77,"caption":"Organisator"},"image":{"@id":"https:\/\/www.organisator.ch\/#\/schema\/logo\/image\/"},"sameAs":["https:\/\/www.facebook.com\/OrganisatorFachmagazin","https:\/\/www.linkedin.com\/showcase\/organisator-das-magazin-fr-kmu","https:\/\/www.xing.com\/news\/pages\/organisator-ch-695","https:\/\/www.youtube.com\/channel\/UCGP2Sq0iWaZwT3BdIAQFYpw"]},{"@type":"Person","@id":"https:\/\/www.organisator.ch\/#\/schema\/person\/afccda3a71c06d4be2ed9100dd163db7","name":"Dzana Muminovic","image":{"@type":"ImageObject","inLanguage":"fr-FR","@id":"https:\/\/secure.gravatar.com\/avatar\/909c5c71aff4b38e88686f2ab2f1ba152571f394f41ed8bae431ea56ced93050?s=96&d=mm&r=g","url":"https:\/\/secure.gravatar.com\/avatar\/909c5c71aff4b38e88686f2ab2f1ba152571f394f41ed8bae431ea56ced93050?s=96&d=mm&r=g","contentUrl":"https:\/\/secure.gravatar.com\/avatar\/909c5c71aff4b38e88686f2ab2f1ba152571f394f41ed8bae431ea56ced93050?s=96&d=mm&r=g","caption":"Dzana Muminovic"},"url":"https:\/\/www.organisator.ch\/fr\/author\/dzana-muminovic\/"}]}},"_links":{"self":[{"href":"https:\/\/www.organisator.ch\/fr\/wp-json\/wp\/v2\/posts\/35775","targetHints":{"allow":["GET"]}}],"collection":[{"href":"https:\/\/www.organisator.ch\/fr\/wp-json\/wp\/v2\/posts"}],"about":[{"href":"https:\/\/www.organisator.ch\/fr\/wp-json\/wp\/v2\/types\/post"}],"author":[{"embeddable":true,"href":"https:\/\/www.organisator.ch\/fr\/wp-json\/wp\/v2\/users\/80"}],"replies":[{"embeddable":true,"href":"https:\/\/www.organisator.ch\/fr\/wp-json\/wp\/v2\/comments?post=35775"}],"version-history":[{"count":4,"href":"https:\/\/www.organisator.ch\/fr\/wp-json\/wp\/v2\/posts\/35775\/revisions"}],"predecessor-version":[{"id":35822,"href":"https:\/\/www.organisator.ch\/fr\/wp-json\/wp\/v2\/posts\/35775\/revisions\/35822"}],"wp:featuredmedia":[{"embeddable":true,"href":"https:\/\/www.organisator.ch\/fr\/wp-json\/wp\/v2\/media\/35776"}],"wp:attachment":[{"href":"https:\/\/www.organisator.ch\/fr\/wp-json\/wp\/v2\/media?parent=35775"}],"wp:term":[{"taxonomy":"category","embeddable":true,"href":"https:\/\/www.organisator.ch\/fr\/wp-json\/wp\/v2\/categories?post=35775"},{"taxonomy":"post_tag","embeddable":true,"href":"https:\/\/www.organisator.ch\/fr\/wp-json\/wp\/v2\/tags?post=35775"}],"curies":[{"name":"wp","href":"https:\/\/api.w.org\/{rel}","templated":true}]}}