{"id":35790,"date":"2025-02-05T08:15:34","date_gmt":"2025-02-05T07:15:34","guid":{"rendered":"https:\/\/www.markt-kom.com\/?p=229839"},"modified":"2025-02-05T08:40:34","modified_gmt":"2025-02-05T07:40:34","slug":"skipp-eroeffnet-labor-fuer-ki-und-neuromarketing","status":"publish","type":"post","link":"https:\/\/www.organisator.ch\/fr\/marketing\/2025-02-05\/skipp-eroeffnet-labor-fuer-ki-und-neuromarketing\/","title":{"rendered":"Skipp ouvre un laboratoire d'IA et de neuromarketing"},"content":{"rendered":"<figure id=\"attachment_229840\" class=\"wp-caption aligncenter\" style=\"width: 1200px;\" aria-describedby=\"caption-attachment-229840\"><a href=\"https:\/\/www.markt-kom.com\/wp-content\/uploads\/2025\/02\/Skipp-Neuromarketing-Labor.jpg\"><img class=\"size-full wp-image-229840\" src=\"https:\/\/www.markt-kom.com\/wp-content\/uploads\/2025\/02\/Skipp-Neuromarketing-Labor.jpg\" sizes=\"(max-width: 1200px) 100vw, 1200px\" srcset=\"https:\/\/www.markt-kom.com\/wp-content\/uploads\/2025\/02\/Skipp-Neuromarketing-Labor.jpg 1200w, https:\/\/www.markt-kom.com\/wp-content\/uploads\/2025\/02\/Skipp-Neuromarketing-Labor-600x450.jpg 600w, https:\/\/www.markt-kom.com\/wp-content\/uploads\/2025\/02\/Skipp-Neuromarketing-Labor-1024x768.jpg 1024w, https:\/\/www.markt-kom.com\/wp-content\/uploads\/2025\/02\/Skipp-Neuromarketing-Labor-768x576.jpg 768w, https:\/\/www.markt-kom.com\/wp-content\/uploads\/2025\/02\/Skipp-Neuromarketing-Labor-16x12.jpg 16w, https:\/\/www.markt-kom.com\/wp-content\/uploads\/2025\/02\/Skipp-Neuromarketing-Labor-233x175.jpg 233w, https:\/\/www.markt-kom.com\/wp-content\/uploads\/2025\/02\/Skipp-Neuromarketing-Labor-467x350.jpg 467w, https:\/\/www.markt-kom.com\/wp-content\/uploads\/2025\/02\/Skipp-Neuromarketing-Labor-1000x750.jpg 1000w\" alt=\"\" width=\"1200\" height=\"900\" \/><\/a>\r\n<figcaption id=\"caption-attachment-229840\" class=\"wp-caption-text\">Le nouveau laboratoire est situ\u00e9 \u00e0 F\u00fcrstenaubruck. (Image : zVg.)<\/figcaption>\r\n<\/figure>\r\n<p>L'agence Skipp Communications mise de plus en plus sur l'intelligence artificielle et le neuromarketing. Avec l'ouverture de son propre laboratoire de neuromarketing, elle veut \u00e9tablir de nouveaux standards dans la recherche sur l'efficacit\u00e9 publicitaire bas\u00e9e sur les donn\u00e9es. L'objectif est d'effectuer des analyses bas\u00e9es sur l'IA en temps r\u00e9el et de concevoir ainsi des campagnes plus pr\u00e9cises et plus efficaces. \"Nous pouvons effectuer des analyses de saillance en temps r\u00e9el et avec une intelligence artificielle combin\u00e9e\", explique FiFi Frei, le fondateur de Skipp. Le taux de pr\u00e9cision s'\u00e9l\u00e8ve \u00e0 plus de 90 %, qu'il s'agisse d'une affiche, d'une histoire sur les m\u00e9dias sociaux, d'un clip publicitaire ou d'un site web.<\/p>\r\n<p>Le nouveau laboratoire de F\u00fcrstenau doit \u00e9galement servir de centre de comp\u00e9tences \u00e0 d'autres agences. Skipp coop\u00e8re \u00e0 cet effet avec des hautes \u00e9coles sp\u00e9cialis\u00e9es et une entreprise scandinave sp\u00e9cialis\u00e9e dans les neurosciences. \"Les tests que nous avons effectu\u00e9s ces derniers mois ont montr\u00e9 que nettement plus de la moiti\u00e9 des campagnes actuelles ne sont pas con\u00e7ues de mani\u00e8re optimale et n'ont donc pas l'effet escompt\u00e9.<\/p>\r\n<p>poursuit Frei. Gr\u00e2ce \u00e0 une approche bas\u00e9e sur les donn\u00e9es, l'agence veut aider les entreprises \u00e0 utiliser leurs mesures de marketing de mani\u00e8re plus cibl\u00e9e et plus rentable.<\/p>","protected":false},"excerpt":{"rendered":"<p>L'agence Skipp Communications de Coire \u00e9largit son offre avec un laboratoire d'IA et de neuromarketing. Le nouveau site de F\u00fcrstenau doit permettre de transformer les connaissances scientifiques en strat\u00e9gies marketing pratiques.<\/p>","protected":false},"author":8,"featured_media":0,"comment_status":"closed","ping_status":"closed","sticky":false,"template":"","format":"standard","meta":{"_acf_changed":false,"_yoast_wpseo_focuskw":"Neuromarketing-Labor Skipp Communications","_yoast_wpseo_metadesc":"Skipp Communications er\u00f6ffnet ein Neuromarketing-Labor in F\u00fcrstenau, um datenbasierte und KI-gest\u00fctzte Werbestrategien zu optimieren.","articlekey":"","footnotes":""},"categories":[29],"tags":[4345,5066],"class_list":["post-35790","post","type-post","status-publish","format-standard","hentry","category-marketing","tag-business","tag-skipp"],"acf":[],"yoast_head":"<!-- This site is optimized with the Yoast SEO plugin v27.5 - https:\/\/yoast.com\/product\/yoast-seo-wordpress\/ -->\n<title>Skipp er\u00f6ffnet Labor f\u00fcr KI und Neuromarketing - Organisator<\/title>\n<meta name=\"description\" content=\"Skipp Communications er\u00f6ffnet ein Neuromarketing-Labor in F\u00fcrstenau, um datenbasierte und KI-gest\u00fctzte Werbestrategien zu optimieren.\" \/>\n<meta name=\"robots\" content=\"index, follow, max-snippet:-1, max-image-preview:large, max-video-preview:-1\" \/>\n<link rel=\"canonical\" href=\"https:\/\/www.organisator.ch\/fr\/marketing\/2025-02-05\/skipp-eroeffnet-labor-fuer-ki-und-neuromarketing\/\" \/>\n<meta property=\"og:locale\" content=\"fr_FR\" \/>\n<meta property=\"og:type\" content=\"article\" \/>\n<meta property=\"og:title\" content=\"Skipp er\u00f6ffnet Labor f\u00fcr KI und Neuromarketing - Organisator\" \/>\n<meta property=\"og:description\" content=\"Skipp Communications er\u00f6ffnet ein Neuromarketing-Labor in F\u00fcrstenau, um datenbasierte und KI-gest\u00fctzte Werbestrategien zu optimieren.\" \/>\n<meta property=\"og:url\" content=\"https:\/\/www.organisator.ch\/fr\/marketing\/2025-02-05\/skipp-eroeffnet-labor-fuer-ki-und-neuromarketing\/\" \/>\n<meta property=\"og:site_name\" content=\"Organisator\" \/>\n<meta property=\"article:publisher\" content=\"https:\/\/www.facebook.com\/OrganisatorFachmagazin\" \/>\n<meta property=\"article:published_time\" content=\"2025-02-05T07:15:34+00:00\" \/>\n<meta property=\"article:modified_time\" content=\"2025-02-05T07:40:34+00:00\" \/>\n<meta name=\"author\" content=\"galledia\" \/>\n<meta name=\"twitter:card\" content=\"summary_large_image\" \/>\n<meta name=\"twitter:creator\" content=\"@admin\" \/>\n<script type=\"application\/ld+json\" class=\"yoast-schema-graph\">{\"@context\":\"https:\\\/\\\/schema.org\",\"@graph\":[{\"@type\":\"Article\",\"@id\":\"https:\\\/\\\/www.organisator.ch\\\/marketing\\\/2025-02-05\\\/skipp-eroeffnet-labor-fuer-ki-und-neuromarketing\\\/#article\",\"isPartOf\":{\"@id\":\"https:\\\/\\\/www.organisator.ch\\\/marketing\\\/2025-02-05\\\/skipp-eroeffnet-labor-fuer-ki-und-neuromarketing\\\/\"},\"author\":{\"name\":\"galledia\",\"@id\":\"https:\\\/\\\/www.organisator.ch\\\/#\\\/schema\\\/person\\\/4e51799071cd2dd1232ac003643ef5f0\"},\"headline\":\"Skipp er\u00f6ffnet Labor f\u00fcr KI und Neuromarketing\",\"datePublished\":\"2025-02-05T07:15:34+00:00\",\"dateModified\":\"2025-02-05T07:40:34+00:00\",\"mainEntityOfPage\":{\"@id\":\"https:\\\/\\\/www.organisator.ch\\\/marketing\\\/2025-02-05\\\/skipp-eroeffnet-labor-fuer-ki-und-neuromarketing\\\/\"},\"wordCount\":187,\"publisher\":{\"@id\":\"https:\\\/\\\/www.organisator.ch\\\/#organization\"},\"image\":{\"@id\":\"https:\\\/\\\/www.organisator.ch\\\/marketing\\\/2025-02-05\\\/skipp-eroeffnet-labor-fuer-ki-und-neuromarketing\\\/#primaryimage\"},\"thumbnailUrl\":\"https:\\\/\\\/www.markt-kom.com\\\/wp-content\\\/uploads\\\/2025\\\/02\\\/Skipp-Neuromarketing-Labor.jpg\",\"keywords\":[\"Business\",\"Skipp\"],\"articleSection\":[\"MARKETING\"],\"inLanguage\":\"fr-FR\"},{\"@type\":\"WebPage\",\"@id\":\"https:\\\/\\\/www.organisator.ch\\\/marketing\\\/2025-02-05\\\/skipp-eroeffnet-labor-fuer-ki-und-neuromarketing\\\/\",\"url\":\"https:\\\/\\\/www.organisator.ch\\\/marketing\\\/2025-02-05\\\/skipp-eroeffnet-labor-fuer-ki-und-neuromarketing\\\/\",\"name\":\"Skipp er\u00f6ffnet Labor f\u00fcr KI und Neuromarketing - Organisator\",\"isPartOf\":{\"@id\":\"https:\\\/\\\/www.organisator.ch\\\/#website\"},\"primaryImageOfPage\":{\"@id\":\"https:\\\/\\\/www.organisator.ch\\\/marketing\\\/2025-02-05\\\/skipp-eroeffnet-labor-fuer-ki-und-neuromarketing\\\/#primaryimage\"},\"image\":{\"@id\":\"https:\\\/\\\/www.organisator.ch\\\/marketing\\\/2025-02-05\\\/skipp-eroeffnet-labor-fuer-ki-und-neuromarketing\\\/#primaryimage\"},\"thumbnailUrl\":\"https:\\\/\\\/www.markt-kom.com\\\/wp-content\\\/uploads\\\/2025\\\/02\\\/Skipp-Neuromarketing-Labor.jpg\",\"datePublished\":\"2025-02-05T07:15:34+00:00\",\"dateModified\":\"2025-02-05T07:40:34+00:00\",\"description\":\"Skipp Communications er\u00f6ffnet ein Neuromarketing-Labor in F\u00fcrstenau, um datenbasierte und KI-gest\u00fctzte Werbestrategien zu optimieren.\",\"breadcrumb\":{\"@id\":\"https:\\\/\\\/www.organisator.ch\\\/marketing\\\/2025-02-05\\\/skipp-eroeffnet-labor-fuer-ki-und-neuromarketing\\\/#breadcrumb\"},\"inLanguage\":\"fr-FR\",\"potentialAction\":[{\"@type\":\"ReadAction\",\"target\":[\"https:\\\/\\\/www.organisator.ch\\\/marketing\\\/2025-02-05\\\/skipp-eroeffnet-labor-fuer-ki-und-neuromarketing\\\/\"]}]},{\"@type\":\"ImageObject\",\"inLanguage\":\"fr-FR\",\"@id\":\"https:\\\/\\\/www.organisator.ch\\\/marketing\\\/2025-02-05\\\/skipp-eroeffnet-labor-fuer-ki-und-neuromarketing\\\/#primaryimage\",\"url\":\"https:\\\/\\\/www.markt-kom.com\\\/wp-content\\\/uploads\\\/2025\\\/02\\\/Skipp-Neuromarketing-Labor.jpg\",\"contentUrl\":\"https:\\\/\\\/www.markt-kom.com\\\/wp-content\\\/uploads\\\/2025\\\/02\\\/Skipp-Neuromarketing-Labor.jpg\"},{\"@type\":\"BreadcrumbList\",\"@id\":\"https:\\\/\\\/www.organisator.ch\\\/marketing\\\/2025-02-05\\\/skipp-eroeffnet-labor-fuer-ki-und-neuromarketing\\\/#breadcrumb\",\"itemListElement\":[{\"@type\":\"ListItem\",\"position\":1,\"name\":\"Home\",\"item\":\"https:\\\/\\\/www.organisator.ch\\\/\"},{\"@type\":\"ListItem\",\"position\":2,\"name\":\"Skipp er\u00f6ffnet Labor f\u00fcr KI und Neuromarketing\"}]},{\"@type\":\"WebSite\",\"@id\":\"https:\\\/\\\/www.organisator.ch\\\/#website\",\"url\":\"https:\\\/\\\/www.organisator.ch\\\/\",\"name\":\"Organisator\",\"description\":\"Kompetent. Praxisnah. Der ORGANISATOR bereitet in 10 Ausgaben pro Jahr die wesentlichen Themen f\u00fcr F\u00fchrungskr\u00e4fte von KMU auf.\",\"publisher\":{\"@id\":\"https:\\\/\\\/www.organisator.ch\\\/#organization\"},\"potentialAction\":[{\"@type\":\"SearchAction\",\"target\":{\"@type\":\"EntryPoint\",\"urlTemplate\":\"https:\\\/\\\/www.organisator.ch\\\/?s={search_term_string}\"},\"query-input\":{\"@type\":\"PropertyValueSpecification\",\"valueRequired\":true,\"valueName\":\"search_term_string\"}}],\"inLanguage\":\"fr-FR\"},{\"@type\":\"Organization\",\"@id\":\"https:\\\/\\\/www.organisator.ch\\\/#organization\",\"name\":\"Organisator\",\"url\":\"https:\\\/\\\/www.organisator.ch\\\/\",\"logo\":{\"@type\":\"ImageObject\",\"inLanguage\":\"fr-FR\",\"@id\":\"https:\\\/\\\/www.organisator.ch\\\/#\\\/schema\\\/logo\\\/image\\\/\",\"url\":\"https:\\\/\\\/www.organisator.ch\\\/wp-content\\\/uploads\\\/2022\\\/01\\\/Logo_Organisator_Website.png\",\"contentUrl\":\"https:\\\/\\\/www.organisator.ch\\\/wp-content\\\/uploads\\\/2022\\\/01\\\/Logo_Organisator_Website.png\",\"width\":800,\"height\":77,\"caption\":\"Organisator\"},\"image\":{\"@id\":\"https:\\\/\\\/www.organisator.ch\\\/#\\\/schema\\\/logo\\\/image\\\/\"},\"sameAs\":[\"https:\\\/\\\/www.facebook.com\\\/OrganisatorFachmagazin\",\"https:\\\/\\\/www.linkedin.com\\\/showcase\\\/organisator-das-magazin-fr-kmu\",\"https:\\\/\\\/www.xing.com\\\/news\\\/pages\\\/organisator-ch-695\",\"https:\\\/\\\/www.youtube.com\\\/channel\\\/UCGP2Sq0iWaZwT3BdIAQFYpw\"]},{\"@type\":\"Person\",\"@id\":\"https:\\\/\\\/www.organisator.ch\\\/#\\\/schema\\\/person\\\/4e51799071cd2dd1232ac003643ef5f0\",\"name\":\"galledia\",\"image\":{\"@type\":\"ImageObject\",\"inLanguage\":\"fr-FR\",\"@id\":\"https:\\\/\\\/secure.gravatar.com\\\/avatar\\\/78a7f90c01fc2bfc875782a0d4922b37cde2cf184ce347b91316d23cd7f69a36?s=96&d=mm&r=g\",\"url\":\"https:\\\/\\\/secure.gravatar.com\\\/avatar\\\/78a7f90c01fc2bfc875782a0d4922b37cde2cf184ce347b91316d23cd7f69a36?s=96&d=mm&r=g\",\"contentUrl\":\"https:\\\/\\\/secure.gravatar.com\\\/avatar\\\/78a7f90c01fc2bfc875782a0d4922b37cde2cf184ce347b91316d23cd7f69a36?s=96&d=mm&r=g\",\"caption\":\"galledia\"},\"sameAs\":[\"https:\\\/\\\/x.com\\\/admin\"],\"url\":\"https:\\\/\\\/www.organisator.ch\\\/fr\\\/author\\\/galledia\\\/\"}]}<\/script>\n<!-- \/ Yoast SEO plugin. -->","yoast_head_json":{"title":"Skipp ouvre un laboratoire d'IA et de neuromarketing - Organisateur","description":"Skipp Communications ouvre un laboratoire de neuromarketing \u00e0 F\u00fcrstenau afin d'optimiser les strat\u00e9gies publicitaires bas\u00e9es sur les donn\u00e9es et l'IA.","robots":{"index":"index","follow":"follow","max-snippet":"max-snippet:-1","max-image-preview":"max-image-preview:large","max-video-preview":"max-video-preview:-1"},"canonical":"https:\/\/www.organisator.ch\/fr\/marketing\/2025-02-05\/skipp-eroeffnet-labor-fuer-ki-und-neuromarketing\/","og_locale":"fr_FR","og_type":"article","og_title":"Skipp er\u00f6ffnet Labor f\u00fcr KI und Neuromarketing - Organisator","og_description":"Skipp Communications er\u00f6ffnet ein Neuromarketing-Labor in F\u00fcrstenau, um datenbasierte und KI-gest\u00fctzte Werbestrategien zu optimieren.","og_url":"https:\/\/www.organisator.ch\/fr\/marketing\/2025-02-05\/skipp-eroeffnet-labor-fuer-ki-und-neuromarketing\/","og_site_name":"Organisator","article_publisher":"https:\/\/www.facebook.com\/OrganisatorFachmagazin","article_published_time":"2025-02-05T07:15:34+00:00","article_modified_time":"2025-02-05T07:40:34+00:00","author":"galledia","twitter_card":"summary_large_image","twitter_creator":"@admin","schema":{"@context":"https:\/\/schema.org","@graph":[{"@type":"Article","@id":"https:\/\/www.organisator.ch\/marketing\/2025-02-05\/skipp-eroeffnet-labor-fuer-ki-und-neuromarketing\/#article","isPartOf":{"@id":"https:\/\/www.organisator.ch\/marketing\/2025-02-05\/skipp-eroeffnet-labor-fuer-ki-und-neuromarketing\/"},"author":{"name":"galledia","@id":"https:\/\/www.organisator.ch\/#\/schema\/person\/4e51799071cd2dd1232ac003643ef5f0"},"headline":"Skipp er\u00f6ffnet Labor f\u00fcr KI und Neuromarketing","datePublished":"2025-02-05T07:15:34+00:00","dateModified":"2025-02-05T07:40:34+00:00","mainEntityOfPage":{"@id":"https:\/\/www.organisator.ch\/marketing\/2025-02-05\/skipp-eroeffnet-labor-fuer-ki-und-neuromarketing\/"},"wordCount":187,"publisher":{"@id":"https:\/\/www.organisator.ch\/#organization"},"image":{"@id":"https:\/\/www.organisator.ch\/marketing\/2025-02-05\/skipp-eroeffnet-labor-fuer-ki-und-neuromarketing\/#primaryimage"},"thumbnailUrl":"https:\/\/www.markt-kom.com\/wp-content\/uploads\/2025\/02\/Skipp-Neuromarketing-Labor.jpg","keywords":["Business","Skipp"],"articleSection":["MARKETING"],"inLanguage":"fr-FR"},{"@type":"WebPage","@id":"https:\/\/www.organisator.ch\/marketing\/2025-02-05\/skipp-eroeffnet-labor-fuer-ki-und-neuromarketing\/","url":"https:\/\/www.organisator.ch\/marketing\/2025-02-05\/skipp-eroeffnet-labor-fuer-ki-und-neuromarketing\/","name":"Skipp ouvre un laboratoire d'IA et de neuromarketing - Organisateur","isPartOf":{"@id":"https:\/\/www.organisator.ch\/#website"},"primaryImageOfPage":{"@id":"https:\/\/www.organisator.ch\/marketing\/2025-02-05\/skipp-eroeffnet-labor-fuer-ki-und-neuromarketing\/#primaryimage"},"image":{"@id":"https:\/\/www.organisator.ch\/marketing\/2025-02-05\/skipp-eroeffnet-labor-fuer-ki-und-neuromarketing\/#primaryimage"},"thumbnailUrl":"https:\/\/www.markt-kom.com\/wp-content\/uploads\/2025\/02\/Skipp-Neuromarketing-Labor.jpg","datePublished":"2025-02-05T07:15:34+00:00","dateModified":"2025-02-05T07:40:34+00:00","description":"Skipp Communications ouvre un laboratoire de neuromarketing \u00e0 F\u00fcrstenau afin d'optimiser les strat\u00e9gies publicitaires bas\u00e9es sur les donn\u00e9es et l'IA.","breadcrumb":{"@id":"https:\/\/www.organisator.ch\/marketing\/2025-02-05\/skipp-eroeffnet-labor-fuer-ki-und-neuromarketing\/#breadcrumb"},"inLanguage":"fr-FR","potentialAction":[{"@type":"ReadAction","target":["https:\/\/www.organisator.ch\/marketing\/2025-02-05\/skipp-eroeffnet-labor-fuer-ki-und-neuromarketing\/"]}]},{"@type":"ImageObject","inLanguage":"fr-FR","@id":"https:\/\/www.organisator.ch\/marketing\/2025-02-05\/skipp-eroeffnet-labor-fuer-ki-und-neuromarketing\/#primaryimage","url":"https:\/\/www.markt-kom.com\/wp-content\/uploads\/2025\/02\/Skipp-Neuromarketing-Labor.jpg","contentUrl":"https:\/\/www.markt-kom.com\/wp-content\/uploads\/2025\/02\/Skipp-Neuromarketing-Labor.jpg"},{"@type":"BreadcrumbList","@id":"https:\/\/www.organisator.ch\/marketing\/2025-02-05\/skipp-eroeffnet-labor-fuer-ki-und-neuromarketing\/#breadcrumb","itemListElement":[{"@type":"ListItem","position":1,"name":"Home","item":"https:\/\/www.organisator.ch\/"},{"@type":"ListItem","position":2,"name":"Skipp er\u00f6ffnet Labor f\u00fcr KI und Neuromarketing"}]},{"@type":"WebSite","@id":"https:\/\/www.organisator.ch\/#website","url":"https:\/\/www.organisator.ch\/","name":"Organisateur","description":"Comp\u00e9tence et comp\u00e9tence. Proches de la pratique. L'ORGANISATEUR pr\u00e9pare 10 num\u00e9ros par an sur les th\u00e8mes essentiels pour les dirigeants de PME.","publisher":{"@id":"https:\/\/www.organisator.ch\/#organization"},"potentialAction":[{"@type":"SearchAction","target":{"@type":"EntryPoint","urlTemplate":"https:\/\/www.organisator.ch\/?s={search_term_string}"},"query-input":{"@type":"PropertyValueSpecification","valueRequired":true,"valueName":"search_term_string"}}],"inLanguage":"fr-FR"},{"@type":"Organization","@id":"https:\/\/www.organisator.ch\/#organization","name":"Organisateur","url":"https:\/\/www.organisator.ch\/","logo":{"@type":"ImageObject","inLanguage":"fr-FR","@id":"https:\/\/www.organisator.ch\/#\/schema\/logo\/image\/","url":"https:\/\/www.organisator.ch\/wp-content\/uploads\/2022\/01\/Logo_Organisator_Website.png","contentUrl":"https:\/\/www.organisator.ch\/wp-content\/uploads\/2022\/01\/Logo_Organisator_Website.png","width":800,"height":77,"caption":"Organisator"},"image":{"@id":"https:\/\/www.organisator.ch\/#\/schema\/logo\/image\/"},"sameAs":["https:\/\/www.facebook.com\/OrganisatorFachmagazin","https:\/\/www.linkedin.com\/showcase\/organisator-das-magazin-fr-kmu","https:\/\/www.xing.com\/news\/pages\/organisator-ch-695","https:\/\/www.youtube.com\/channel\/UCGP2Sq0iWaZwT3BdIAQFYpw"]},{"@type":"Person","@id":"https:\/\/www.organisator.ch\/#\/schema\/person\/4e51799071cd2dd1232ac003643ef5f0","name":"galledia","image":{"@type":"ImageObject","inLanguage":"fr-FR","@id":"https:\/\/secure.gravatar.com\/avatar\/78a7f90c01fc2bfc875782a0d4922b37cde2cf184ce347b91316d23cd7f69a36?s=96&d=mm&r=g","url":"https:\/\/secure.gravatar.com\/avatar\/78a7f90c01fc2bfc875782a0d4922b37cde2cf184ce347b91316d23cd7f69a36?s=96&d=mm&r=g","contentUrl":"https:\/\/secure.gravatar.com\/avatar\/78a7f90c01fc2bfc875782a0d4922b37cde2cf184ce347b91316d23cd7f69a36?s=96&d=mm&r=g","caption":"galledia"},"sameAs":["https:\/\/x.com\/admin"],"url":"https:\/\/www.organisator.ch\/fr\/author\/galledia\/"}]}},"_links":{"self":[{"href":"https:\/\/www.organisator.ch\/fr\/wp-json\/wp\/v2\/posts\/35790","targetHints":{"allow":["GET"]}}],"collection":[{"href":"https:\/\/www.organisator.ch\/fr\/wp-json\/wp\/v2\/posts"}],"about":[{"href":"https:\/\/www.organisator.ch\/fr\/wp-json\/wp\/v2\/types\/post"}],"author":[{"embeddable":true,"href":"https:\/\/www.organisator.ch\/fr\/wp-json\/wp\/v2\/users\/8"}],"replies":[{"embeddable":true,"href":"https:\/\/www.organisator.ch\/fr\/wp-json\/wp\/v2\/comments?post=35790"}],"version-history":[{"count":3,"href":"https:\/\/www.organisator.ch\/fr\/wp-json\/wp\/v2\/posts\/35790\/revisions"}],"predecessor-version":[{"id":35798,"href":"https:\/\/www.organisator.ch\/fr\/wp-json\/wp\/v2\/posts\/35790\/revisions\/35798"}],"wp:attachment":[{"href":"https:\/\/www.organisator.ch\/fr\/wp-json\/wp\/v2\/media?parent=35790"}],"wp:term":[{"taxonomy":"category","embeddable":true,"href":"https:\/\/www.organisator.ch\/fr\/wp-json\/wp\/v2\/categories?post=35790"},{"taxonomy":"post_tag","embeddable":true,"href":"https:\/\/www.organisator.ch\/fr\/wp-json\/wp\/v2\/tags?post=35790"}],"curies":[{"name":"wp","href":"https:\/\/api.w.org\/{rel}","templated":true}]}}