{"id":35807,"date":"2025-02-05T10:55:37","date_gmt":"2025-02-05T09:55:37","guid":{"rendered":"https:\/\/www.markt-kom.com\/?p=229918"},"modified":"2025-02-05T11:06:04","modified_gmt":"2025-02-05T10:06:04","slug":"srf-stellt-gg-ein-und-fokussiert-staerker-auf-die-primetime","status":"publish","type":"post","link":"https:\/\/www.organisator.ch\/fr\/marketing\/2025-02-05\/srf-stellt-gg-ein-und-fokussiert-staerker-auf-die-primetime\/","title":{"rendered":"SRF arr\u00eate 'G&amp;G' et se concentre davantage sur le prime time"},"content":{"rendered":"<p><a href=\"https:\/\/www.markt-kom.com\/wp-content\/uploads\/2025\/02\/Bildschirmfoto-2025-02-05-um-10.28.35.png\"><img class=\"alignnone size-full wp-image-229920\" src=\"https:\/\/www.markt-kom.com\/wp-content\/uploads\/2025\/02\/Bildschirmfoto-2025-02-05-um-10.28.35.png\" sizes=\"(max-width: 894px) 100vw, 894px\" srcset=\"https:\/\/www.markt-kom.com\/wp-content\/uploads\/2025\/02\/Bildschirmfoto-2025-02-05-um-10.28.35.png 894w, https:\/\/www.markt-kom.com\/wp-content\/uploads\/2025\/02\/Bildschirmfoto-2025-02-05-um-10.28.35-600x399.png 600w, https:\/\/www.markt-kom.com\/wp-content\/uploads\/2025\/02\/Bildschirmfoto-2025-02-05-um-10.28.35-768x510.png 768w, https:\/\/www.markt-kom.com\/wp-content\/uploads\/2025\/02\/Bildschirmfoto-2025-02-05-um-10.28.35-18x12.png 18w, https:\/\/www.markt-kom.com\/wp-content\/uploads\/2025\/02\/Bildschirmfoto-2025-02-05-um-10.28.35-263x175.png 263w, https:\/\/www.markt-kom.com\/wp-content\/uploads\/2025\/02\/Bildschirmfoto-2025-02-05-um-10.28.35-527x350.png 527w\" alt=\"\" width=\"894\" height=\"594\" \/><\/a><\/p>\r\n<p>Apr\u00e8s 20 ans, \"G&amp;G - Gesichter und Geschichten\" dispara\u00eet du programme de la SRF. Cette mesure s'inscrit dans le cadre de la r\u00e9orientation strat\u00e9gique \"SRF 4.0\", par laquelle l'entreprise de m\u00e9dias concentre davantage ses ressources sur le prime time, compte tenu de la baisse des recettes commerciales et de la hausse des co\u00fbts.<\/p>\r\n<p>La directrice de la SRF, Nathalie Wappler, souligne : \"Il est malheureusement in\u00e9vitable que nous commencions le plus rapidement possible \u00e0 mettre en \u0153uvre les adaptations de l'offre soigneusement pr\u00e9par\u00e9es et initialement pr\u00e9vues pour 2026\". Cette d\u00e9cision entra\u00eene des changements radicaux pour le programme de premi\u00e8re partie de soir\u00e9e. A partir d'ao\u00fbt 2025, un Newsflash anim\u00e9, \"Mini Chuchi, dini Chuchi\" ainsi que des formats de divertissement achet\u00e9s seront diffus\u00e9s \u00e0 la place entre 18h00 et 19h00.<\/p>\r\n<p>Avec l'arr\u00eat de \"G&amp;G\", SRF \u00e9conomise environ 2 millions de francs par an et supprime environ 20 postes \u00e0 temps plein. Les collaborateurs concern\u00e9s seront soutenus par le plan social de la SSR.<\/p>\r\n<p>La directrice de la r\u00e9daction Paola Biason se montre affect\u00e9e : \"L'arr\u00eat de notre \u00e9mission est une perte extr\u00eamement douloureuse - pour notre \u00e9quipe engag\u00e9e, pour la sc\u00e8ne culturelle suisse, pour le journalisme de soci\u00e9t\u00e9 et surtout pour notre public\". Malgr\u00e9 une future couverture de sujets people dans d'autres formats de la SRF, la c\u00e9l\u00e9brit\u00e9 suisse perd une plateforme importante avec l'arr\u00eat de \"G&amp;G\", ajoute-t-elle.<\/p>","protected":false},"excerpt":{"rendered":"<p>Le magazine de soci\u00e9t\u00e9 \"G&amp;G - Gesichter und Geschichten\" sera supprim\u00e9 \u00e0 l'\u00e9t\u00e9 2025. Par cette mesure, la SRF r\u00e9agit \u00e0 des difficult\u00e9s financi\u00e8res et au changement de comportement des utilisateurs et r\u00e9oriente le programme de premi\u00e8re partie de soir\u00e9e.<\/p>","protected":false},"author":8,"featured_media":0,"comment_status":"closed","ping_status":"closed","sticky":false,"template":"","format":"standard","meta":{"_acf_changed":false,"_yoast_wpseo_focuskw":"Einstellung G&G SRF","_yoast_wpseo_metadesc":"SRF stellt \u00abG&G\u00bb im Sommer 2025 ein. Die Massnahme spart 2 Mio. CHF und ist Teil der Neuausrichtung \u00abSRF 4.0\u00bb wegen sinkender Einnahmen.","articlekey":"","footnotes":""},"categories":[29],"tags":[5069,5070,4343],"class_list":["post-35807","post","type-post","status-publish","format-standard","hentry","category-marketing","tag-gg","tag-gesichter-und-geschichten","tag-markom"],"acf":[],"yoast_head":"<!-- This site is optimized with the Yoast SEO plugin v27.5 - https:\/\/yoast.com\/product\/yoast-seo-wordpress\/ -->\n<title>SRF stellt \u2039G&amp;G\u203a ein und fokussiert st\u00e4rker auf die Primetime - Organisator<\/title>\n<meta name=\"description\" content=\"SRF stellt \u00abG&amp;G\u00bb im Sommer 2025 ein. Die Massnahme spart 2 Mio. CHF und ist Teil der Neuausrichtung \u00abSRF 4.0\u00bb wegen sinkender Einnahmen.\" \/>\n<meta name=\"robots\" content=\"index, follow, max-snippet:-1, max-image-preview:large, max-video-preview:-1\" \/>\n<link rel=\"canonical\" href=\"https:\/\/www.organisator.ch\/fr\/marketing\/2025-02-05\/srf-stellt-gg-ein-und-fokussiert-staerker-auf-die-primetime\/\" \/>\n<meta property=\"og:locale\" content=\"fr_FR\" \/>\n<meta property=\"og:type\" content=\"article\" \/>\n<meta property=\"og:title\" content=\"SRF stellt \u2039G&amp;G\u203a ein und fokussiert st\u00e4rker auf die Primetime - Organisator\" \/>\n<meta property=\"og:description\" content=\"SRF stellt \u00abG&amp;G\u00bb im Sommer 2025 ein. Die Massnahme spart 2 Mio. CHF und ist Teil der Neuausrichtung \u00abSRF 4.0\u00bb wegen sinkender Einnahmen.\" \/>\n<meta property=\"og:url\" content=\"https:\/\/www.organisator.ch\/fr\/marketing\/2025-02-05\/srf-stellt-gg-ein-und-fokussiert-staerker-auf-die-primetime\/\" \/>\n<meta property=\"og:site_name\" content=\"Organisator\" \/>\n<meta property=\"article:publisher\" content=\"https:\/\/www.facebook.com\/OrganisatorFachmagazin\" \/>\n<meta property=\"article:published_time\" content=\"2025-02-05T09:55:37+00:00\" \/>\n<meta property=\"article:modified_time\" content=\"2025-02-05T10:06:04+00:00\" \/>\n<meta name=\"author\" content=\"galledia\" \/>\n<meta name=\"twitter:card\" content=\"summary_large_image\" \/>\n<meta name=\"twitter:creator\" content=\"@admin\" \/>\n<script type=\"application\/ld+json\" class=\"yoast-schema-graph\">{\"@context\":\"https:\\\/\\\/schema.org\",\"@graph\":[{\"@type\":\"Article\",\"@id\":\"https:\\\/\\\/www.organisator.ch\\\/marketing\\\/2025-02-05\\\/srf-stellt-gg-ein-und-fokussiert-staerker-auf-die-primetime\\\/#article\",\"isPartOf\":{\"@id\":\"https:\\\/\\\/www.organisator.ch\\\/marketing\\\/2025-02-05\\\/srf-stellt-gg-ein-und-fokussiert-staerker-auf-die-primetime\\\/\"},\"author\":{\"name\":\"galledia\",\"@id\":\"https:\\\/\\\/www.organisator.ch\\\/#\\\/schema\\\/person\\\/4e51799071cd2dd1232ac003643ef5f0\"},\"headline\":\"SRF stellt \u2039G&amp;G\u203a ein und fokussiert st\u00e4rker auf die Primetime\",\"datePublished\":\"2025-02-05T09:55:37+00:00\",\"dateModified\":\"2025-02-05T10:06:04+00:00\",\"mainEntityOfPage\":{\"@id\":\"https:\\\/\\\/www.organisator.ch\\\/marketing\\\/2025-02-05\\\/srf-stellt-gg-ein-und-fokussiert-staerker-auf-die-primetime\\\/\"},\"wordCount\":204,\"publisher\":{\"@id\":\"https:\\\/\\\/www.organisator.ch\\\/#organization\"},\"image\":{\"@id\":\"https:\\\/\\\/www.organisator.ch\\\/marketing\\\/2025-02-05\\\/srf-stellt-gg-ein-und-fokussiert-staerker-auf-die-primetime\\\/#primaryimage\"},\"thumbnailUrl\":\"https:\\\/\\\/www.markt-kom.com\\\/wp-content\\\/uploads\\\/2025\\\/02\\\/Bildschirmfoto-2025-02-05-um-10.28.35.png\",\"keywords\":[\"G&amp;G\",\"Gesichter und Geschichten\",\"MarKom\"],\"articleSection\":[\"MARKETING\"],\"inLanguage\":\"fr-FR\"},{\"@type\":\"WebPage\",\"@id\":\"https:\\\/\\\/www.organisator.ch\\\/marketing\\\/2025-02-05\\\/srf-stellt-gg-ein-und-fokussiert-staerker-auf-die-primetime\\\/\",\"url\":\"https:\\\/\\\/www.organisator.ch\\\/marketing\\\/2025-02-05\\\/srf-stellt-gg-ein-und-fokussiert-staerker-auf-die-primetime\\\/\",\"name\":\"SRF stellt \u2039G&amp;G\u203a ein und fokussiert st\u00e4rker auf die Primetime - Organisator\",\"isPartOf\":{\"@id\":\"https:\\\/\\\/www.organisator.ch\\\/#website\"},\"primaryImageOfPage\":{\"@id\":\"https:\\\/\\\/www.organisator.ch\\\/marketing\\\/2025-02-05\\\/srf-stellt-gg-ein-und-fokussiert-staerker-auf-die-primetime\\\/#primaryimage\"},\"image\":{\"@id\":\"https:\\\/\\\/www.organisator.ch\\\/marketing\\\/2025-02-05\\\/srf-stellt-gg-ein-und-fokussiert-staerker-auf-die-primetime\\\/#primaryimage\"},\"thumbnailUrl\":\"https:\\\/\\\/www.markt-kom.com\\\/wp-content\\\/uploads\\\/2025\\\/02\\\/Bildschirmfoto-2025-02-05-um-10.28.35.png\",\"datePublished\":\"2025-02-05T09:55:37+00:00\",\"dateModified\":\"2025-02-05T10:06:04+00:00\",\"description\":\"SRF stellt \u00abG&G\u00bb im Sommer 2025 ein. Die Massnahme spart 2 Mio. CHF und ist Teil der Neuausrichtung \u00abSRF 4.0\u00bb wegen sinkender Einnahmen.\",\"breadcrumb\":{\"@id\":\"https:\\\/\\\/www.organisator.ch\\\/marketing\\\/2025-02-05\\\/srf-stellt-gg-ein-und-fokussiert-staerker-auf-die-primetime\\\/#breadcrumb\"},\"inLanguage\":\"fr-FR\",\"potentialAction\":[{\"@type\":\"ReadAction\",\"target\":[\"https:\\\/\\\/www.organisator.ch\\\/marketing\\\/2025-02-05\\\/srf-stellt-gg-ein-und-fokussiert-staerker-auf-die-primetime\\\/\"]}]},{\"@type\":\"ImageObject\",\"inLanguage\":\"fr-FR\",\"@id\":\"https:\\\/\\\/www.organisator.ch\\\/marketing\\\/2025-02-05\\\/srf-stellt-gg-ein-und-fokussiert-staerker-auf-die-primetime\\\/#primaryimage\",\"url\":\"https:\\\/\\\/www.markt-kom.com\\\/wp-content\\\/uploads\\\/2025\\\/02\\\/Bildschirmfoto-2025-02-05-um-10.28.35.png\",\"contentUrl\":\"https:\\\/\\\/www.markt-kom.com\\\/wp-content\\\/uploads\\\/2025\\\/02\\\/Bildschirmfoto-2025-02-05-um-10.28.35.png\"},{\"@type\":\"BreadcrumbList\",\"@id\":\"https:\\\/\\\/www.organisator.ch\\\/marketing\\\/2025-02-05\\\/srf-stellt-gg-ein-und-fokussiert-staerker-auf-die-primetime\\\/#breadcrumb\",\"itemListElement\":[{\"@type\":\"ListItem\",\"position\":1,\"name\":\"Home\",\"item\":\"https:\\\/\\\/www.organisator.ch\\\/\"},{\"@type\":\"ListItem\",\"position\":2,\"name\":\"SRF stellt \u2039G&amp;G\u203a ein und fokussiert st\u00e4rker auf die Primetime\"}]},{\"@type\":\"WebSite\",\"@id\":\"https:\\\/\\\/www.organisator.ch\\\/#website\",\"url\":\"https:\\\/\\\/www.organisator.ch\\\/\",\"name\":\"Organisator\",\"description\":\"Kompetent. Praxisnah. Der ORGANISATOR bereitet in 10 Ausgaben pro Jahr die wesentlichen Themen f\u00fcr F\u00fchrungskr\u00e4fte von KMU auf.\",\"publisher\":{\"@id\":\"https:\\\/\\\/www.organisator.ch\\\/#organization\"},\"potentialAction\":[{\"@type\":\"SearchAction\",\"target\":{\"@type\":\"EntryPoint\",\"urlTemplate\":\"https:\\\/\\\/www.organisator.ch\\\/?s={search_term_string}\"},\"query-input\":{\"@type\":\"PropertyValueSpecification\",\"valueRequired\":true,\"valueName\":\"search_term_string\"}}],\"inLanguage\":\"fr-FR\"},{\"@type\":\"Organization\",\"@id\":\"https:\\\/\\\/www.organisator.ch\\\/#organization\",\"name\":\"Organisator\",\"url\":\"https:\\\/\\\/www.organisator.ch\\\/\",\"logo\":{\"@type\":\"ImageObject\",\"inLanguage\":\"fr-FR\",\"@id\":\"https:\\\/\\\/www.organisator.ch\\\/#\\\/schema\\\/logo\\\/image\\\/\",\"url\":\"https:\\\/\\\/www.organisator.ch\\\/wp-content\\\/uploads\\\/2022\\\/01\\\/Logo_Organisator_Website.png\",\"contentUrl\":\"https:\\\/\\\/www.organisator.ch\\\/wp-content\\\/uploads\\\/2022\\\/01\\\/Logo_Organisator_Website.png\",\"width\":800,\"height\":77,\"caption\":\"Organisator\"},\"image\":{\"@id\":\"https:\\\/\\\/www.organisator.ch\\\/#\\\/schema\\\/logo\\\/image\\\/\"},\"sameAs\":[\"https:\\\/\\\/www.facebook.com\\\/OrganisatorFachmagazin\",\"https:\\\/\\\/www.linkedin.com\\\/showcase\\\/organisator-das-magazin-fr-kmu\",\"https:\\\/\\\/www.xing.com\\\/news\\\/pages\\\/organisator-ch-695\",\"https:\\\/\\\/www.youtube.com\\\/channel\\\/UCGP2Sq0iWaZwT3BdIAQFYpw\"]},{\"@type\":\"Person\",\"@id\":\"https:\\\/\\\/www.organisator.ch\\\/#\\\/schema\\\/person\\\/4e51799071cd2dd1232ac003643ef5f0\",\"name\":\"galledia\",\"image\":{\"@type\":\"ImageObject\",\"inLanguage\":\"fr-FR\",\"@id\":\"https:\\\/\\\/secure.gravatar.com\\\/avatar\\\/78a7f90c01fc2bfc875782a0d4922b37cde2cf184ce347b91316d23cd7f69a36?s=96&d=mm&r=g\",\"url\":\"https:\\\/\\\/secure.gravatar.com\\\/avatar\\\/78a7f90c01fc2bfc875782a0d4922b37cde2cf184ce347b91316d23cd7f69a36?s=96&d=mm&r=g\",\"contentUrl\":\"https:\\\/\\\/secure.gravatar.com\\\/avatar\\\/78a7f90c01fc2bfc875782a0d4922b37cde2cf184ce347b91316d23cd7f69a36?s=96&d=mm&r=g\",\"caption\":\"galledia\"},\"sameAs\":[\"https:\\\/\\\/x.com\\\/admin\"],\"url\":\"https:\\\/\\\/www.organisator.ch\\\/fr\\\/author\\\/galledia\\\/\"}]}<\/script>\n<!-- \/ Yoast SEO plugin. -->","yoast_head_json":{"title":"SRF arr\u00eate 'G&amp;G' et se concentre davantage sur le prime time - Organisateur","description":"La SRF arr\u00eatera \"G&amp;G\" \u00e0 l'\u00e9t\u00e9 2025. Cette mesure permet d'\u00e9conomiser 2 millions de CHF et s'inscrit dans la r\u00e9orientation \"SRF 4.0\" en raison de la baisse des recettes.","robots":{"index":"index","follow":"follow","max-snippet":"max-snippet:-1","max-image-preview":"max-image-preview:large","max-video-preview":"max-video-preview:-1"},"canonical":"https:\/\/www.organisator.ch\/fr\/marketing\/2025-02-05\/srf-stellt-gg-ein-und-fokussiert-staerker-auf-die-primetime\/","og_locale":"fr_FR","og_type":"article","og_title":"SRF stellt \u2039G&amp;G\u203a ein und fokussiert st\u00e4rker auf die Primetime - Organisator","og_description":"SRF stellt \u00abG&G\u00bb im Sommer 2025 ein. Die Massnahme spart 2 Mio. CHF und ist Teil der Neuausrichtung \u00abSRF 4.0\u00bb wegen sinkender Einnahmen.","og_url":"https:\/\/www.organisator.ch\/fr\/marketing\/2025-02-05\/srf-stellt-gg-ein-und-fokussiert-staerker-auf-die-primetime\/","og_site_name":"Organisator","article_publisher":"https:\/\/www.facebook.com\/OrganisatorFachmagazin","article_published_time":"2025-02-05T09:55:37+00:00","article_modified_time":"2025-02-05T10:06:04+00:00","author":"galledia","twitter_card":"summary_large_image","twitter_creator":"@admin","schema":{"@context":"https:\/\/schema.org","@graph":[{"@type":"Article","@id":"https:\/\/www.organisator.ch\/marketing\/2025-02-05\/srf-stellt-gg-ein-und-fokussiert-staerker-auf-die-primetime\/#article","isPartOf":{"@id":"https:\/\/www.organisator.ch\/marketing\/2025-02-05\/srf-stellt-gg-ein-und-fokussiert-staerker-auf-die-primetime\/"},"author":{"name":"galledia","@id":"https:\/\/www.organisator.ch\/#\/schema\/person\/4e51799071cd2dd1232ac003643ef5f0"},"headline":"SRF stellt \u2039G&amp;G\u203a ein und fokussiert st\u00e4rker auf die Primetime","datePublished":"2025-02-05T09:55:37+00:00","dateModified":"2025-02-05T10:06:04+00:00","mainEntityOfPage":{"@id":"https:\/\/www.organisator.ch\/marketing\/2025-02-05\/srf-stellt-gg-ein-und-fokussiert-staerker-auf-die-primetime\/"},"wordCount":204,"publisher":{"@id":"https:\/\/www.organisator.ch\/#organization"},"image":{"@id":"https:\/\/www.organisator.ch\/marketing\/2025-02-05\/srf-stellt-gg-ein-und-fokussiert-staerker-auf-die-primetime\/#primaryimage"},"thumbnailUrl":"https:\/\/www.markt-kom.com\/wp-content\/uploads\/2025\/02\/Bildschirmfoto-2025-02-05-um-10.28.35.png","keywords":["G&amp;G","Gesichter und Geschichten","MarKom"],"articleSection":["MARKETING"],"inLanguage":"fr-FR"},{"@type":"WebPage","@id":"https:\/\/www.organisator.ch\/marketing\/2025-02-05\/srf-stellt-gg-ein-und-fokussiert-staerker-auf-die-primetime\/","url":"https:\/\/www.organisator.ch\/marketing\/2025-02-05\/srf-stellt-gg-ein-und-fokussiert-staerker-auf-die-primetime\/","name":"SRF arr\u00eate 'G&amp;G' et se concentre davantage sur le prime time - Organisateur","isPartOf":{"@id":"https:\/\/www.organisator.ch\/#website"},"primaryImageOfPage":{"@id":"https:\/\/www.organisator.ch\/marketing\/2025-02-05\/srf-stellt-gg-ein-und-fokussiert-staerker-auf-die-primetime\/#primaryimage"},"image":{"@id":"https:\/\/www.organisator.ch\/marketing\/2025-02-05\/srf-stellt-gg-ein-und-fokussiert-staerker-auf-die-primetime\/#primaryimage"},"thumbnailUrl":"https:\/\/www.markt-kom.com\/wp-content\/uploads\/2025\/02\/Bildschirmfoto-2025-02-05-um-10.28.35.png","datePublished":"2025-02-05T09:55:37+00:00","dateModified":"2025-02-05T10:06:04+00:00","description":"La SRF arr\u00eatera \"G&amp;G\" \u00e0 l'\u00e9t\u00e9 2025. Cette mesure permet d'\u00e9conomiser 2 millions de CHF et s'inscrit dans la r\u00e9orientation \"SRF 4.0\" en raison de la baisse des recettes.","breadcrumb":{"@id":"https:\/\/www.organisator.ch\/marketing\/2025-02-05\/srf-stellt-gg-ein-und-fokussiert-staerker-auf-die-primetime\/#breadcrumb"},"inLanguage":"fr-FR","potentialAction":[{"@type":"ReadAction","target":["https:\/\/www.organisator.ch\/marketing\/2025-02-05\/srf-stellt-gg-ein-und-fokussiert-staerker-auf-die-primetime\/"]}]},{"@type":"ImageObject","inLanguage":"fr-FR","@id":"https:\/\/www.organisator.ch\/marketing\/2025-02-05\/srf-stellt-gg-ein-und-fokussiert-staerker-auf-die-primetime\/#primaryimage","url":"https:\/\/www.markt-kom.com\/wp-content\/uploads\/2025\/02\/Bildschirmfoto-2025-02-05-um-10.28.35.png","contentUrl":"https:\/\/www.markt-kom.com\/wp-content\/uploads\/2025\/02\/Bildschirmfoto-2025-02-05-um-10.28.35.png"},{"@type":"BreadcrumbList","@id":"https:\/\/www.organisator.ch\/marketing\/2025-02-05\/srf-stellt-gg-ein-und-fokussiert-staerker-auf-die-primetime\/#breadcrumb","itemListElement":[{"@type":"ListItem","position":1,"name":"Home","item":"https:\/\/www.organisator.ch\/"},{"@type":"ListItem","position":2,"name":"SRF stellt \u2039G&amp;G\u203a ein und fokussiert st\u00e4rker auf die Primetime"}]},{"@type":"WebSite","@id":"https:\/\/www.organisator.ch\/#website","url":"https:\/\/www.organisator.ch\/","name":"Organisateur","description":"Comp\u00e9tence et comp\u00e9tence. Proches de la pratique. L'ORGANISATEUR pr\u00e9pare 10 num\u00e9ros par an sur les th\u00e8mes essentiels pour les dirigeants de PME.","publisher":{"@id":"https:\/\/www.organisator.ch\/#organization"},"potentialAction":[{"@type":"SearchAction","target":{"@type":"EntryPoint","urlTemplate":"https:\/\/www.organisator.ch\/?s={search_term_string}"},"query-input":{"@type":"PropertyValueSpecification","valueRequired":true,"valueName":"search_term_string"}}],"inLanguage":"fr-FR"},{"@type":"Organization","@id":"https:\/\/www.organisator.ch\/#organization","name":"Organisateur","url":"https:\/\/www.organisator.ch\/","logo":{"@type":"ImageObject","inLanguage":"fr-FR","@id":"https:\/\/www.organisator.ch\/#\/schema\/logo\/image\/","url":"https:\/\/www.organisator.ch\/wp-content\/uploads\/2022\/01\/Logo_Organisator_Website.png","contentUrl":"https:\/\/www.organisator.ch\/wp-content\/uploads\/2022\/01\/Logo_Organisator_Website.png","width":800,"height":77,"caption":"Organisator"},"image":{"@id":"https:\/\/www.organisator.ch\/#\/schema\/logo\/image\/"},"sameAs":["https:\/\/www.facebook.com\/OrganisatorFachmagazin","https:\/\/www.linkedin.com\/showcase\/organisator-das-magazin-fr-kmu","https:\/\/www.xing.com\/news\/pages\/organisator-ch-695","https:\/\/www.youtube.com\/channel\/UCGP2Sq0iWaZwT3BdIAQFYpw"]},{"@type":"Person","@id":"https:\/\/www.organisator.ch\/#\/schema\/person\/4e51799071cd2dd1232ac003643ef5f0","name":"galledia","image":{"@type":"ImageObject","inLanguage":"fr-FR","@id":"https:\/\/secure.gravatar.com\/avatar\/78a7f90c01fc2bfc875782a0d4922b37cde2cf184ce347b91316d23cd7f69a36?s=96&d=mm&r=g","url":"https:\/\/secure.gravatar.com\/avatar\/78a7f90c01fc2bfc875782a0d4922b37cde2cf184ce347b91316d23cd7f69a36?s=96&d=mm&r=g","contentUrl":"https:\/\/secure.gravatar.com\/avatar\/78a7f90c01fc2bfc875782a0d4922b37cde2cf184ce347b91316d23cd7f69a36?s=96&d=mm&r=g","caption":"galledia"},"sameAs":["https:\/\/x.com\/admin"],"url":"https:\/\/www.organisator.ch\/fr\/author\/galledia\/"}]}},"_links":{"self":[{"href":"https:\/\/www.organisator.ch\/fr\/wp-json\/wp\/v2\/posts\/35807","targetHints":{"allow":["GET"]}}],"collection":[{"href":"https:\/\/www.organisator.ch\/fr\/wp-json\/wp\/v2\/posts"}],"about":[{"href":"https:\/\/www.organisator.ch\/fr\/wp-json\/wp\/v2\/types\/post"}],"author":[{"embeddable":true,"href":"https:\/\/www.organisator.ch\/fr\/wp-json\/wp\/v2\/users\/8"}],"replies":[{"embeddable":true,"href":"https:\/\/www.organisator.ch\/fr\/wp-json\/wp\/v2\/comments?post=35807"}],"version-history":[{"count":4,"href":"https:\/\/www.organisator.ch\/fr\/wp-json\/wp\/v2\/posts\/35807\/revisions"}],"predecessor-version":[{"id":35815,"href":"https:\/\/www.organisator.ch\/fr\/wp-json\/wp\/v2\/posts\/35807\/revisions\/35815"}],"wp:attachment":[{"href":"https:\/\/www.organisator.ch\/fr\/wp-json\/wp\/v2\/media?parent=35807"}],"wp:term":[{"taxonomy":"category","embeddable":true,"href":"https:\/\/www.organisator.ch\/fr\/wp-json\/wp\/v2\/categories?post=35807"},{"taxonomy":"post_tag","embeddable":true,"href":"https:\/\/www.organisator.ch\/fr\/wp-json\/wp\/v2\/tags?post=35807"}],"curies":[{"name":"wp","href":"https:\/\/api.w.org\/{rel}","templated":true}]}}