{"id":35843,"date":"2025-02-06T08:53:33","date_gmt":"2025-02-06T07:53:33","guid":{"rendered":"https:\/\/www.organisator.ch\/?p=35843"},"modified":"2025-02-06T08:53:33","modified_gmt":"2025-02-06T07:53:33","slug":"zehn-schweizer-tech-startups-reisen-ins-silicon-valley","status":"publish","type":"post","link":"https:\/\/www.organisator.ch\/fr\/management\/2025-02-06\/zehn-schweizer-tech-startups-reisen-ins-silicon-valley\/","title":{"rendered":"Dix start-ups tech suisses se rendent dans la Silicon Valley"},"content":{"rendered":"<figure id=\"attachment_35845\" aria-describedby=\"caption-attachment-35845\" style=\"width: 680px\" class=\"wp-caption alignnone\"><img loading=\"lazy\" decoding=\"async\" class=\"size-full wp-image-35845\" src=\"https:\/\/www.organisator.ch\/wp-content\/uploads\/2025\/02\/Silicon-Valley_Bild1_ps.jpg\" alt=\"\" width=\"680\" height=\"355\" srcset=\"https:\/\/www.organisator.ch\/wp-content\/uploads\/2025\/02\/Silicon-Valley_Bild1_ps.jpg 680w, https:\/\/www.organisator.ch\/wp-content\/uploads\/2025\/02\/Silicon-Valley_Bild1_ps-18x9.jpg 18w, https:\/\/www.organisator.ch\/wp-content\/uploads\/2025\/02\/Silicon-Valley_Bild1_ps-375x196.jpg 375w, https:\/\/www.organisator.ch\/wp-content\/uploads\/2025\/02\/Silicon-Valley_Bild1_ps-670x350.jpg 670w\" sizes=\"auto, (max-width: 680px) 100vw, 680px\" \/><figcaption id=\"caption-attachment-35845\" class=\"wp-caption-text\">\u00c9quipe nationale suisse des start-up 2025 : dix start-up tech suisses se rendent dans la Silicon Valley. (Image : www.venturelab.swiss)<\/figcaption><\/figure>\n<p>Depuis 2006, Venturelab s\u00e9lectionne l'\u00e9quipe nationale suisse des start-up. Dans le cadre des roadshows Venture Leaders, les entrepreneurs rencontrent des investisseurs, des experts de l'industrie et des clients potentiels dans des centres technologiques de renomm\u00e9e mondiale tels que la Silicon Valley, Boston, l'Asie, Barcelone, Munich et Londres.<\/p>\n<p>Apr\u00e8s avoir examin\u00e9 pr\u00e8s de 200 candidatures, un jury compos\u00e9 d'investisseurs et d'experts en technologie a s\u00e9lectionn\u00e9 dix startups qui participeront au roadshow Venture Leaders Technology 2025 dans la Silicon Valley. Le roadshow offre aux entrepreneurs une occasion unique d'acc\u00e9l\u00e9rer leur expansion aux \u00c9tats-Unis et d'\u00e9largir leur r\u00e9seau professionnel. Ils b\u00e9n\u00e9ficieront de sessions de pitch avec des investisseurs ainsi que d'ateliers avec des leaders du secteur.<\/p>\n<p>Le programme Venture Leaders souligne la forte pr\u00e9sence de la Suisse en tant que championne du monde de l'innovation. Les dix startups s\u00e9lectionn\u00e9es illustrent le r\u00f4le de leader du pays dans diff\u00e9rents domaines. Il s'agit notamment des communications s\u00e9curis\u00e9es, de l'optimisation des satellites, des outils de productivit\u00e9 bas\u00e9s sur l'IA et des technologies de capteurs de la prochaine g\u00e9n\u00e9rationn.<\/p>\n<p>\"Les startups du programme Venture Leaders Technology font un travail impressionnant\", d\u00e9clare Stefan Steiner, co-directeur chez Venturelab. \"Au contact d'investisseurs et d'experts du secteur, les startups b\u00e9n\u00e9ficient d'un aper\u00e7u pr\u00e9cieux du march\u00e9 am\u00e9ricain et de perspectives commerciales importantes pour lever des fonds et se d\u00e9velopper \u00e0 l'international\". Roberto Iannone, CEO de Zoundream et capitaine de l'\u00e9quipe Venture Leaders Technology 2024, r\u00e9sume : \"Des aper\u00e7us fantastiques de l'\u00e9cosyst\u00e8me de la Silicon Valley, des contacts pr\u00e9cieux avec des investisseurs et des discussions passionnantes - le tout en une semaine seulement. Absolument gratifiant pour toute startup suisse ayant des ambitions mondiales !\"<\/p>\n<p>Les participants au Venture Leaders Technology de cette ann\u00e9e s'ajoutent \u00e0 une liste impressionnante d'anciens \u00e9tudiants. Parmi eux, des startups comme Lemoptix et Composyt Light Labs (rachet\u00e9es par Intel), Faceshift (rachet\u00e9e par Apple), HouseTrip (rachet\u00e9e par TripAdvisor), Kooaba (rachet\u00e9e par Qualcomm), Dacuda (rachet\u00e9e par Magic Leap), Sevensense Robotics (rachet\u00e9e par ABB) et les licornes GetYourGuide et Scandit.<\/p>\n<h3>Vivre l'innovation en direct<\/h3>\n<p>Participez au<a href=\"https:\/\/www.venturelab.swiss\/index.cfm?page=137303&amp;event_id=11870\"> 19 f\u00e9vrier 2025<\/a> participer \u00e0 la pr\u00e9sentation de l'\u00e9quipe et \u00e0 la session de pitch virtuelle et suivre le Venture Leaders Technology Roadshow du 6 au 11 avril 2025 sur les m\u00e9dias sociaux en utilisant le hashtag #VLeadersTech ou sur <a href=\"https:\/\/www.venturelab.swiss\/venture-leaders-technology\">www.venture-leaders.ch\/technology<\/a>. Le programme Venture Leaders Technology 2025 est organis\u00e9 par Venturelab avec le soutien de DPD, EPFL, ETH Zurich, Kellerhals Carrard, Rothschild &amp; Co, Unicorn Anchor et le canton de Vaud.<\/p>\n<h3><strong>Venture Leaders Technology Startups 2025<\/strong><\/h3>\n<p><a href=\"https:\/\/www.aurigin.ai\/\"><strong>Aurigin.ai<\/strong><\/a> <strong>(Zurich) : <\/strong>Aurigin utilise l'IA pour d\u00e9tecter les contenus manipul\u00e9s et signe cryptographiquement les contenus \u00e0 la source afin d'assurer la confiance dans les communications et les personnes publiques.<\/p>\n<p><strong><a href=\"https:\/\/www.brside.com\/\">Brightside Technologies<\/a> (Vaud) :<\/strong> Brightside AI aide les petites et moyennes entreprises \u00e0 se prot\u00e9ger contre les cyber-attaques bas\u00e9es sur l'IA gr\u00e2ce \u00e0 des outils personnalis\u00e9s de d\u00e9tection des menaces et de d\u00e9fense.<\/p>\n<p><strong><a href=\"https:\/\/www.daav.ch\/\">DAAV<\/a> (Vaud) :<\/strong> DAAV-air est un fauteuil roulant \u00e9lectrique qui permet aux personnes \u00e0 mobilit\u00e9 r\u00e9duite de se d\u00e9placer dans toutes les directions et dans les environnements les plus divers.<\/p>\n<p><strong><a href=\"https:\/\/www.dphispace.com\/\">Espace DPhi<\/a> (Vaud) :<\/strong> DPhi Space propose des solutions modulaires de charge utile - comme des capteurs, des antennes ou des cam\u00e9ras - pour optimiser les ressources des satellites et faciliter l'acc\u00e8s \u00e0 l'espace.<\/p>\n<p><strong><a href=\"https:\/\/www.hoshii.ai\/de\/\">Hoshii<\/a> (B\u00e2le) :<\/strong> Hoshii regroupe la communication B2B en gros dans une interface de chat bas\u00e9e sur l'IA qui s'int\u00e8gre aux principaux syst\u00e8mes ERP et CRM.<\/p>\n<p><strong><a href=\"https:\/\/miraex.com\/\">Miraex<\/a> (Vaud) :<\/strong> Miraex d\u00e9veloppe des solutions photoniques et quantiques pour les capteurs, les r\u00e9seaux et le calcul, et am\u00e9liore la maintenance, la r\u00e9duction des co\u00fbts et la productivit\u00e9 l\u00e0 o\u00f9 l'\u00e9lectronique atteint ses limites.<\/p>\n<p><strong><a href=\"https:\/\/mondaic.com\/\">Mondaic<\/a> (Zurich) :<\/strong> La start-up TIC Mondaic propose une suite logicielle performante pour l'analyse et la simulation de la mod\u00e9lisation des formes d'onde.<\/p>\n<p><strong><a href=\"https:\/\/www.proud-technology.ch\/\">Fier<\/a> (Vaud) :<\/strong> Proud d\u00e9veloppe des solutions durables en diamant pour les semi-conducteurs, la 5G, la technologie m\u00e9dicale, l'informatique quantique et l'a\u00e9rospatiale.<\/p>\n<p><strong><a href=\"https:\/\/www.rapidata.ai\/\">Rapidata<\/a> (Zurich) :<\/strong> Rapidata fournit un traitement de donn\u00e9es \u00e9volutif et v\u00e9rifi\u00e9 par l'homme pour l'IA par le biais d'un r\u00e9seau mondial de foule.<\/p>\n<p><strong><a href=\"https:\/\/viboo.io\/\">Viboo<\/a> (Zurich) :<\/strong> Viboo propose une plateforme cloud pour optimiser le fonctionnement des \u00e9quipements IoT dans les b\u00e2timents gr\u00e2ce \u00e0 des m\u00e9thodes bas\u00e9es sur l'IA.<\/p>\n<p><em><a href=\"https:\/\/www.venturelab.swiss\/venture-leaders\">Plus d'informations<\/a><\/em><\/p>","protected":false},"excerpt":{"rendered":"<p>Un jury compos\u00e9 d'investisseurs et d'experts de la branche a s\u00e9lectionn\u00e9 dix start-up tech suisses innovantes pour l'\u00e9quipe nationale suisse des start-up. Ces entreprises participeront au programme Venture Leaders Technology 2025, qui leur offrira une opportunit\u00e9 unique de rencontrer des investisseurs dans la Silicon Valley et de d\u00e9velopper leur r\u00e9seau lors du roadshow d'avril. <\/p>","protected":false},"author":80,"featured_media":35845,"comment_status":"closed","ping_status":"closed","sticky":false,"template":"","format":"standard","meta":{"_acf_changed":false,"_yoast_wpseo_focuskw":"Venture Leaders Technology 2025","_yoast_wpseo_metadesc":"Zehn Schweizer Tech-Startups reisen im Rahmen der Venture Leaders Technology Roadshow 2025 ins Silicon Valley, um global zu expandieren.","articlekey":"","footnotes":""},"categories":[28],"tags":[319,424,451,5071,4038],"class_list":["post-35843","post","type-post","status-publish","format-standard","has-post-thumbnail","hentry","category-management","tag-kuenstliche-intelligenz","tag-schweiz","tag-startups","tag-technology","tag-venture-leaders"],"acf":[],"yoast_head":"<!-- This site is optimized with the Yoast SEO plugin v27.5 - https:\/\/yoast.com\/product\/yoast-seo-wordpress\/ -->\n<title>Zehn Schweizer Tech-Startups reisen ins Silicon Valley - Organisator<\/title>\n<meta name=\"description\" content=\"Zehn Schweizer Tech-Startups reisen im Rahmen der Venture Leaders Technology Roadshow 2025 ins Silicon Valley, um global zu expandieren.\" \/>\n<meta name=\"robots\" content=\"index, follow, max-snippet:-1, max-image-preview:large, max-video-preview:-1\" \/>\n<link rel=\"canonical\" href=\"https:\/\/www.organisator.ch\/fr\/gestion-2\/2025-02-06\/zehn-schweizer-tech-startups-reisen-ins-silicon-valley\/\" \/>\n<meta property=\"og:locale\" content=\"fr_FR\" \/>\n<meta property=\"og:type\" content=\"article\" \/>\n<meta property=\"og:title\" content=\"Schweizer Startup Nationalmannschaft 2025\" \/>\n<meta property=\"og:description\" content=\"Zehn Schweizer Tech-Startups reisen im Rahmen der Venture Leaders Technology Roadshow 2025 ins Silicon Valley, um global zu expandieren.\" \/>\n<meta property=\"og:url\" content=\"https:\/\/www.organisator.ch\/fr\/gestion-2\/2025-02-06\/zehn-schweizer-tech-startups-reisen-ins-silicon-valley\/\" \/>\n<meta property=\"og:site_name\" content=\"Organisator\" \/>\n<meta property=\"article:publisher\" content=\"https:\/\/www.facebook.com\/OrganisatorFachmagazin\" \/>\n<meta property=\"article:published_time\" content=\"2025-02-06T07:53:33+00:00\" \/>\n<meta property=\"og:image\" content=\"https:\/\/www.organisator.ch\/wp-content\/uploads\/2025\/02\/Silicon-Valley_Bild1_ps.jpg\" \/>\n\t<meta property=\"og:image:width\" content=\"680\" \/>\n\t<meta property=\"og:image:height\" content=\"355\" \/>\n\t<meta property=\"og:image:type\" content=\"image\/jpeg\" \/>\n<meta name=\"author\" content=\"Dzana Muminovic\" \/>\n<meta name=\"twitter:card\" content=\"summary_large_image\" \/>\n<meta name=\"twitter:title\" content=\"Schweizer Startup Nationalmannschaft 2025\" \/>\n<meta name=\"twitter:description\" content=\"Zehn #Schweizer #Tech-#Startups reisen im Rahmen der #Venture #Leaders #Technology #Roadshow 2025 ins #Silicon #Valley, um global zu expandieren.\" \/>\n<meta name=\"twitter:image\" content=\"https:\/\/www.organisator.ch\/wp-content\/uploads\/2025\/02\/Silicon-Valley_Bild1_ps.jpg\" \/>\n<script type=\"application\/ld+json\" class=\"yoast-schema-graph\">{\"@context\":\"https:\\\/\\\/schema.org\",\"@graph\":[{\"@type\":\"Article\",\"@id\":\"https:\\\/\\\/www.organisator.ch\\\/management\\\/2025-02-06\\\/zehn-schweizer-tech-startups-reisen-ins-silicon-valley\\\/#article\",\"isPartOf\":{\"@id\":\"https:\\\/\\\/www.organisator.ch\\\/management\\\/2025-02-06\\\/zehn-schweizer-tech-startups-reisen-ins-silicon-valley\\\/\"},\"author\":{\"name\":\"Dzana Muminovic\",\"@id\":\"https:\\\/\\\/www.organisator.ch\\\/#\\\/schema\\\/person\\\/afccda3a71c06d4be2ed9100dd163db7\"},\"headline\":\"Zehn Schweizer Tech-Startups reisen ins Silicon Valley\",\"datePublished\":\"2025-02-06T07:53:33+00:00\",\"mainEntityOfPage\":{\"@id\":\"https:\\\/\\\/www.organisator.ch\\\/management\\\/2025-02-06\\\/zehn-schweizer-tech-startups-reisen-ins-silicon-valley\\\/\"},\"wordCount\":609,\"publisher\":{\"@id\":\"https:\\\/\\\/www.organisator.ch\\\/#organization\"},\"image\":{\"@id\":\"https:\\\/\\\/www.organisator.ch\\\/management\\\/2025-02-06\\\/zehn-schweizer-tech-startups-reisen-ins-silicon-valley\\\/#primaryimage\"},\"thumbnailUrl\":\"https:\\\/\\\/www.organisator.ch\\\/wp-content\\\/uploads\\\/2025\\\/02\\\/Silicon-Valley_Bild1_ps.jpg\",\"keywords\":[\"K\u00fcnstliche Intelligenz\",\"Schweiz\",\"Startups\",\"Technology\",\"Venture Leaders\"],\"articleSection\":[\"MANAGEMENT\"],\"inLanguage\":\"fr-FR\"},{\"@type\":\"WebPage\",\"@id\":\"https:\\\/\\\/www.organisator.ch\\\/management\\\/2025-02-06\\\/zehn-schweizer-tech-startups-reisen-ins-silicon-valley\\\/\",\"url\":\"https:\\\/\\\/www.organisator.ch\\\/management\\\/2025-02-06\\\/zehn-schweizer-tech-startups-reisen-ins-silicon-valley\\\/\",\"name\":\"Zehn Schweizer Tech-Startups reisen ins Silicon Valley - Organisator\",\"isPartOf\":{\"@id\":\"https:\\\/\\\/www.organisator.ch\\\/#website\"},\"primaryImageOfPage\":{\"@id\":\"https:\\\/\\\/www.organisator.ch\\\/management\\\/2025-02-06\\\/zehn-schweizer-tech-startups-reisen-ins-silicon-valley\\\/#primaryimage\"},\"image\":{\"@id\":\"https:\\\/\\\/www.organisator.ch\\\/management\\\/2025-02-06\\\/zehn-schweizer-tech-startups-reisen-ins-silicon-valley\\\/#primaryimage\"},\"thumbnailUrl\":\"https:\\\/\\\/www.organisator.ch\\\/wp-content\\\/uploads\\\/2025\\\/02\\\/Silicon-Valley_Bild1_ps.jpg\",\"datePublished\":\"2025-02-06T07:53:33+00:00\",\"description\":\"Zehn Schweizer Tech-Startups reisen im Rahmen der Venture Leaders Technology Roadshow 2025 ins Silicon Valley, um global zu expandieren.\",\"breadcrumb\":{\"@id\":\"https:\\\/\\\/www.organisator.ch\\\/management\\\/2025-02-06\\\/zehn-schweizer-tech-startups-reisen-ins-silicon-valley\\\/#breadcrumb\"},\"inLanguage\":\"fr-FR\",\"potentialAction\":[{\"@type\":\"ReadAction\",\"target\":[\"https:\\\/\\\/www.organisator.ch\\\/management\\\/2025-02-06\\\/zehn-schweizer-tech-startups-reisen-ins-silicon-valley\\\/\"]}]},{\"@type\":\"ImageObject\",\"inLanguage\":\"fr-FR\",\"@id\":\"https:\\\/\\\/www.organisator.ch\\\/management\\\/2025-02-06\\\/zehn-schweizer-tech-startups-reisen-ins-silicon-valley\\\/#primaryimage\",\"url\":\"https:\\\/\\\/www.organisator.ch\\\/wp-content\\\/uploads\\\/2025\\\/02\\\/Silicon-Valley_Bild1_ps.jpg\",\"contentUrl\":\"https:\\\/\\\/www.organisator.ch\\\/wp-content\\\/uploads\\\/2025\\\/02\\\/Silicon-Valley_Bild1_ps.jpg\",\"width\":680,\"height\":355,\"caption\":\"Schweizer Startup Nationalmannschaft 2025: Zehn Schweizer Tech-Startups reisen ins Silicon Valley. (Bild: www.venturelab.swiss)\"},{\"@type\":\"BreadcrumbList\",\"@id\":\"https:\\\/\\\/www.organisator.ch\\\/management\\\/2025-02-06\\\/zehn-schweizer-tech-startups-reisen-ins-silicon-valley\\\/#breadcrumb\",\"itemListElement\":[{\"@type\":\"ListItem\",\"position\":1,\"name\":\"Home\",\"item\":\"https:\\\/\\\/www.organisator.ch\\\/\"},{\"@type\":\"ListItem\",\"position\":2,\"name\":\"Zehn Schweizer Tech-Startups reisen ins Silicon Valley\"}]},{\"@type\":\"WebSite\",\"@id\":\"https:\\\/\\\/www.organisator.ch\\\/#website\",\"url\":\"https:\\\/\\\/www.organisator.ch\\\/\",\"name\":\"Organisator\",\"description\":\"Kompetent. Praxisnah. Der ORGANISATOR bereitet in 10 Ausgaben pro Jahr die wesentlichen Themen f\u00fcr F\u00fchrungskr\u00e4fte von KMU auf.\",\"publisher\":{\"@id\":\"https:\\\/\\\/www.organisator.ch\\\/#organization\"},\"potentialAction\":[{\"@type\":\"SearchAction\",\"target\":{\"@type\":\"EntryPoint\",\"urlTemplate\":\"https:\\\/\\\/www.organisator.ch\\\/?s={search_term_string}\"},\"query-input\":{\"@type\":\"PropertyValueSpecification\",\"valueRequired\":true,\"valueName\":\"search_term_string\"}}],\"inLanguage\":\"fr-FR\"},{\"@type\":\"Organization\",\"@id\":\"https:\\\/\\\/www.organisator.ch\\\/#organization\",\"name\":\"Organisator\",\"url\":\"https:\\\/\\\/www.organisator.ch\\\/\",\"logo\":{\"@type\":\"ImageObject\",\"inLanguage\":\"fr-FR\",\"@id\":\"https:\\\/\\\/www.organisator.ch\\\/#\\\/schema\\\/logo\\\/image\\\/\",\"url\":\"https:\\\/\\\/www.organisator.ch\\\/wp-content\\\/uploads\\\/2022\\\/01\\\/Logo_Organisator_Website.png\",\"contentUrl\":\"https:\\\/\\\/www.organisator.ch\\\/wp-content\\\/uploads\\\/2022\\\/01\\\/Logo_Organisator_Website.png\",\"width\":800,\"height\":77,\"caption\":\"Organisator\"},\"image\":{\"@id\":\"https:\\\/\\\/www.organisator.ch\\\/#\\\/schema\\\/logo\\\/image\\\/\"},\"sameAs\":[\"https:\\\/\\\/www.facebook.com\\\/OrganisatorFachmagazin\",\"https:\\\/\\\/www.linkedin.com\\\/showcase\\\/organisator-das-magazin-fr-kmu\",\"https:\\\/\\\/www.xing.com\\\/news\\\/pages\\\/organisator-ch-695\",\"https:\\\/\\\/www.youtube.com\\\/channel\\\/UCGP2Sq0iWaZwT3BdIAQFYpw\"]},{\"@type\":\"Person\",\"@id\":\"https:\\\/\\\/www.organisator.ch\\\/#\\\/schema\\\/person\\\/afccda3a71c06d4be2ed9100dd163db7\",\"name\":\"Dzana Muminovic\",\"image\":{\"@type\":\"ImageObject\",\"inLanguage\":\"fr-FR\",\"@id\":\"https:\\\/\\\/secure.gravatar.com\\\/avatar\\\/909c5c71aff4b38e88686f2ab2f1ba152571f394f41ed8bae431ea56ced93050?s=96&d=mm&r=g\",\"url\":\"https:\\\/\\\/secure.gravatar.com\\\/avatar\\\/909c5c71aff4b38e88686f2ab2f1ba152571f394f41ed8bae431ea56ced93050?s=96&d=mm&r=g\",\"contentUrl\":\"https:\\\/\\\/secure.gravatar.com\\\/avatar\\\/909c5c71aff4b38e88686f2ab2f1ba152571f394f41ed8bae431ea56ced93050?s=96&d=mm&r=g\",\"caption\":\"Dzana Muminovic\"},\"url\":\"https:\\\/\\\/www.organisator.ch\\\/fr\\\/author\\\/dzana-muminovic\\\/\"}]}<\/script>\n<!-- \/ Yoast SEO plugin. -->","yoast_head_json":{"title":"Dix startups tech suisses se rendent dans la Silicon Valley - Organisateur","description":"Dix start-up tech suisses se rendent dans la Silicon Valley dans le cadre du Venture Leaders Technology Roadshow 2025 afin de se d\u00e9velopper \u00e0 l'\u00e9chelle mondiale.","robots":{"index":"index","follow":"follow","max-snippet":"max-snippet:-1","max-image-preview":"max-image-preview:large","max-video-preview":"max-video-preview:-1"},"canonical":"https:\/\/www.organisator.ch\/fr\/gestion-2\/2025-02-06\/zehn-schweizer-tech-startups-reisen-ins-silicon-valley\/","og_locale":"fr_FR","og_type":"article","og_title":"Schweizer Startup Nationalmannschaft 2025","og_description":"Zehn Schweizer Tech-Startups reisen im Rahmen der Venture Leaders Technology Roadshow 2025 ins Silicon Valley, um global zu expandieren.","og_url":"https:\/\/www.organisator.ch\/fr\/gestion-2\/2025-02-06\/zehn-schweizer-tech-startups-reisen-ins-silicon-valley\/","og_site_name":"Organisator","article_publisher":"https:\/\/www.facebook.com\/OrganisatorFachmagazin","article_published_time":"2025-02-06T07:53:33+00:00","og_image":[{"width":680,"height":355,"url":"https:\/\/www.organisator.ch\/wp-content\/uploads\/2025\/02\/Silicon-Valley_Bild1_ps.jpg","type":"image\/jpeg"}],"author":"Dzana Muminovic","twitter_card":"summary_large_image","twitter_title":"Schweizer Startup Nationalmannschaft 2025","twitter_description":"Zehn #Schweizer #Tech-#Startups reisen im Rahmen der #Venture #Leaders #Technology #Roadshow 2025 ins #Silicon #Valley, um global zu expandieren.","twitter_image":"https:\/\/www.organisator.ch\/wp-content\/uploads\/2025\/02\/Silicon-Valley_Bild1_ps.jpg","schema":{"@context":"https:\/\/schema.org","@graph":[{"@type":"Article","@id":"https:\/\/www.organisator.ch\/management\/2025-02-06\/zehn-schweizer-tech-startups-reisen-ins-silicon-valley\/#article","isPartOf":{"@id":"https:\/\/www.organisator.ch\/management\/2025-02-06\/zehn-schweizer-tech-startups-reisen-ins-silicon-valley\/"},"author":{"name":"Dzana Muminovic","@id":"https:\/\/www.organisator.ch\/#\/schema\/person\/afccda3a71c06d4be2ed9100dd163db7"},"headline":"Zehn Schweizer Tech-Startups reisen ins Silicon Valley","datePublished":"2025-02-06T07:53:33+00:00","mainEntityOfPage":{"@id":"https:\/\/www.organisator.ch\/management\/2025-02-06\/zehn-schweizer-tech-startups-reisen-ins-silicon-valley\/"},"wordCount":609,"publisher":{"@id":"https:\/\/www.organisator.ch\/#organization"},"image":{"@id":"https:\/\/www.organisator.ch\/management\/2025-02-06\/zehn-schweizer-tech-startups-reisen-ins-silicon-valley\/#primaryimage"},"thumbnailUrl":"https:\/\/www.organisator.ch\/wp-content\/uploads\/2025\/02\/Silicon-Valley_Bild1_ps.jpg","keywords":["K\u00fcnstliche Intelligenz","Schweiz","Startups","Technology","Venture Leaders"],"articleSection":["MANAGEMENT"],"inLanguage":"fr-FR"},{"@type":"WebPage","@id":"https:\/\/www.organisator.ch\/management\/2025-02-06\/zehn-schweizer-tech-startups-reisen-ins-silicon-valley\/","url":"https:\/\/www.organisator.ch\/management\/2025-02-06\/zehn-schweizer-tech-startups-reisen-ins-silicon-valley\/","name":"Dix startups tech suisses se rendent dans la Silicon Valley - Organisateur","isPartOf":{"@id":"https:\/\/www.organisator.ch\/#website"},"primaryImageOfPage":{"@id":"https:\/\/www.organisator.ch\/management\/2025-02-06\/zehn-schweizer-tech-startups-reisen-ins-silicon-valley\/#primaryimage"},"image":{"@id":"https:\/\/www.organisator.ch\/management\/2025-02-06\/zehn-schweizer-tech-startups-reisen-ins-silicon-valley\/#primaryimage"},"thumbnailUrl":"https:\/\/www.organisator.ch\/wp-content\/uploads\/2025\/02\/Silicon-Valley_Bild1_ps.jpg","datePublished":"2025-02-06T07:53:33+00:00","description":"Dix start-up tech suisses se rendent dans la Silicon Valley dans le cadre du Venture Leaders Technology Roadshow 2025 afin de se d\u00e9velopper \u00e0 l'\u00e9chelle mondiale.","breadcrumb":{"@id":"https:\/\/www.organisator.ch\/management\/2025-02-06\/zehn-schweizer-tech-startups-reisen-ins-silicon-valley\/#breadcrumb"},"inLanguage":"fr-FR","potentialAction":[{"@type":"ReadAction","target":["https:\/\/www.organisator.ch\/management\/2025-02-06\/zehn-schweizer-tech-startups-reisen-ins-silicon-valley\/"]}]},{"@type":"ImageObject","inLanguage":"fr-FR","@id":"https:\/\/www.organisator.ch\/management\/2025-02-06\/zehn-schweizer-tech-startups-reisen-ins-silicon-valley\/#primaryimage","url":"https:\/\/www.organisator.ch\/wp-content\/uploads\/2025\/02\/Silicon-Valley_Bild1_ps.jpg","contentUrl":"https:\/\/www.organisator.ch\/wp-content\/uploads\/2025\/02\/Silicon-Valley_Bild1_ps.jpg","width":680,"height":355,"caption":"Schweizer Startup Nationalmannschaft 2025: Zehn Schweizer Tech-Startups reisen ins Silicon Valley. (Bild: www.venturelab.swiss)"},{"@type":"BreadcrumbList","@id":"https:\/\/www.organisator.ch\/management\/2025-02-06\/zehn-schweizer-tech-startups-reisen-ins-silicon-valley\/#breadcrumb","itemListElement":[{"@type":"ListItem","position":1,"name":"Home","item":"https:\/\/www.organisator.ch\/"},{"@type":"ListItem","position":2,"name":"Zehn Schweizer Tech-Startups reisen ins Silicon Valley"}]},{"@type":"WebSite","@id":"https:\/\/www.organisator.ch\/#website","url":"https:\/\/www.organisator.ch\/","name":"Organisateur","description":"Comp\u00e9tence et comp\u00e9tence. Proches de la pratique. L'ORGANISATEUR pr\u00e9pare 10 num\u00e9ros par an sur les th\u00e8mes essentiels pour les dirigeants de PME.","publisher":{"@id":"https:\/\/www.organisator.ch\/#organization"},"potentialAction":[{"@type":"SearchAction","target":{"@type":"EntryPoint","urlTemplate":"https:\/\/www.organisator.ch\/?s={search_term_string}"},"query-input":{"@type":"PropertyValueSpecification","valueRequired":true,"valueName":"search_term_string"}}],"inLanguage":"fr-FR"},{"@type":"Organization","@id":"https:\/\/www.organisator.ch\/#organization","name":"Organisateur","url":"https:\/\/www.organisator.ch\/","logo":{"@type":"ImageObject","inLanguage":"fr-FR","@id":"https:\/\/www.organisator.ch\/#\/schema\/logo\/image\/","url":"https:\/\/www.organisator.ch\/wp-content\/uploads\/2022\/01\/Logo_Organisator_Website.png","contentUrl":"https:\/\/www.organisator.ch\/wp-content\/uploads\/2022\/01\/Logo_Organisator_Website.png","width":800,"height":77,"caption":"Organisator"},"image":{"@id":"https:\/\/www.organisator.ch\/#\/schema\/logo\/image\/"},"sameAs":["https:\/\/www.facebook.com\/OrganisatorFachmagazin","https:\/\/www.linkedin.com\/showcase\/organisator-das-magazin-fr-kmu","https:\/\/www.xing.com\/news\/pages\/organisator-ch-695","https:\/\/www.youtube.com\/channel\/UCGP2Sq0iWaZwT3BdIAQFYpw"]},{"@type":"Person","@id":"https:\/\/www.organisator.ch\/#\/schema\/person\/afccda3a71c06d4be2ed9100dd163db7","name":"Dzana Muminovic","image":{"@type":"ImageObject","inLanguage":"fr-FR","@id":"https:\/\/secure.gravatar.com\/avatar\/909c5c71aff4b38e88686f2ab2f1ba152571f394f41ed8bae431ea56ced93050?s=96&d=mm&r=g","url":"https:\/\/secure.gravatar.com\/avatar\/909c5c71aff4b38e88686f2ab2f1ba152571f394f41ed8bae431ea56ced93050?s=96&d=mm&r=g","contentUrl":"https:\/\/secure.gravatar.com\/avatar\/909c5c71aff4b38e88686f2ab2f1ba152571f394f41ed8bae431ea56ced93050?s=96&d=mm&r=g","caption":"Dzana Muminovic"},"url":"https:\/\/www.organisator.ch\/fr\/author\/dzana-muminovic\/"}]}},"_links":{"self":[{"href":"https:\/\/www.organisator.ch\/fr\/wp-json\/wp\/v2\/posts\/35843","targetHints":{"allow":["GET"]}}],"collection":[{"href":"https:\/\/www.organisator.ch\/fr\/wp-json\/wp\/v2\/posts"}],"about":[{"href":"https:\/\/www.organisator.ch\/fr\/wp-json\/wp\/v2\/types\/post"}],"author":[{"embeddable":true,"href":"https:\/\/www.organisator.ch\/fr\/wp-json\/wp\/v2\/users\/80"}],"replies":[{"embeddable":true,"href":"https:\/\/www.organisator.ch\/fr\/wp-json\/wp\/v2\/comments?post=35843"}],"version-history":[{"count":6,"href":"https:\/\/www.organisator.ch\/fr\/wp-json\/wp\/v2\/posts\/35843\/revisions"}],"predecessor-version":[{"id":35874,"href":"https:\/\/www.organisator.ch\/fr\/wp-json\/wp\/v2\/posts\/35843\/revisions\/35874"}],"wp:featuredmedia":[{"embeddable":true,"href":"https:\/\/www.organisator.ch\/fr\/wp-json\/wp\/v2\/media\/35845"}],"wp:attachment":[{"href":"https:\/\/www.organisator.ch\/fr\/wp-json\/wp\/v2\/media?parent=35843"}],"wp:term":[{"taxonomy":"category","embeddable":true,"href":"https:\/\/www.organisator.ch\/fr\/wp-json\/wp\/v2\/categories?post=35843"},{"taxonomy":"post_tag","embeddable":true,"href":"https:\/\/www.organisator.ch\/fr\/wp-json\/wp\/v2\/tags?post=35843"}],"curies":[{"name":"wp","href":"https:\/\/api.w.org\/{rel}","templated":true}]}}