{"id":3589,"date":"2018-05-16T08:11:06","date_gmt":"2018-05-16T06:11:06","guid":{"rendered":"https:\/\/www.organisator.ch\/?p=3589"},"modified":"2018-05-16T08:11:06","modified_gmt":"2018-05-16T06:11:06","slug":"unternehmen-neu-erfinden","status":"publish","type":"post","link":"https:\/\/www.organisator.ch\/fr\/management\/2018-05-16\/unternehmen-neu-erfinden\/","title":{"rendered":"R\u00e9inventer l'entreprise"},"content":{"rendered":"<figure id=\"attachment_3590\" aria-describedby=\"caption-attachment-3590\" style=\"width: 428px\" class=\"wp-caption alignnone\"><img loading=\"lazy\" decoding=\"async\" class=\"size-full wp-image-3590\" src=\"https:\/\/www.organisator.ch\/wp-content\/uploads\/2018\/05\/Buchtipp-Unternehmen-neu-erfinden-1_Organisator.png\" alt=\"\" width=\"428\" height=\"640\" srcset=\"https:\/\/www.organisator.ch\/wp-content\/uploads\/2018\/05\/Buchtipp-Unternehmen-neu-erfinden-1_Organisator.png 428w, https:\/\/www.organisator.ch\/wp-content\/uploads\/2018\/05\/Buchtipp-Unternehmen-neu-erfinden-1_Organisator-8x12.png 8w, https:\/\/www.organisator.ch\/wp-content\/uploads\/2018\/05\/Buchtipp-Unternehmen-neu-erfinden-1_Organisator-117x175.png 117w, https:\/\/www.organisator.ch\/wp-content\/uploads\/2018\/05\/Buchtipp-Unternehmen-neu-erfinden-1_Organisator-234x350.png 234w, https:\/\/www.organisator.ch\/wp-content\/uploads\/2018\/05\/Buchtipp-Unternehmen-neu-erfinden-1_Organisator-300x449.png 300w\" sizes=\"auto, (max-width: 428px) 100vw, 428px\" \/><figcaption id=\"caption-attachment-3590\" class=\"wp-caption-text\">R\u00e9inventer l'entreprise : Un nouveau livre met en pratique le concept de Saint-Gall. (Image : Service de presse de la St.Galler Business School)<\/figcaption><\/figure>\n<p>Le livre d'environ 200 pages intitul\u00e9 \"R\u00e9inventer l'entreprise. Le concept de Saint-Gall mis en pratique\" se compose d'un espace de lecture et d'un espace de travail. Les deux couvertures du livre contiennent des antis\u00e8ches d\u00e9pliables qui aident le lecteur dans son travail de r\u00e9flexion. Des documents de travail pour d\u00e9cider de la question \"Reinvent or optimize ?\" sont disponibles en ligne pour \u00eatre consult\u00e9s.<\/p>\n<p>Une attention particuli\u00e8re est accord\u00e9e au plan de construction d'une maison de direction. L'id\u00e9e est n\u00e9e lorsque l'auteur, le Dr Christian Abegglen, a entendu parler du concept d'espace dynamique : construire rapidement un immeuble de bureaux, l'agrandir, le r\u00e9duire, le d\u00e9placer vers un autre site ou m\u00eame le rendre \u00e0 tout moment. Neuf modules d'espace repr\u00e9sentent des th\u00e8mes tels que la constitution, l'organisation, la compr\u00e9hension de la direction, les processus et les actions. Les silos qui provoquent l'immobilisme appartiennent au pass\u00e9. Ici, tout s'engr\u00e8ne sans probl\u00e8me - comme les roues dent\u00e9es d'un Fidget Spinner \u00e0 neuf engrenages.<\/p>\n<figure id=\"attachment_3591\" aria-describedby=\"caption-attachment-3591\" style=\"width: 480px\" class=\"wp-caption alignnone\"><img loading=\"lazy\" decoding=\"async\" class=\"size-full wp-image-3591\" src=\"https:\/\/www.organisator.ch\/wp-content\/uploads\/2018\/05\/Buchtipp-Unternehmen-neu-erfinden-2_Organisator.jpg\" alt=\"\" width=\"480\" height=\"600\" srcset=\"https:\/\/www.organisator.ch\/wp-content\/uploads\/2018\/05\/Buchtipp-Unternehmen-neu-erfinden-2_Organisator.jpg 480w, https:\/\/www.organisator.ch\/wp-content\/uploads\/2018\/05\/Buchtipp-Unternehmen-neu-erfinden-2_Organisator-10x12.jpg 10w, https:\/\/www.organisator.ch\/wp-content\/uploads\/2018\/05\/Buchtipp-Unternehmen-neu-erfinden-2_Organisator-140x175.jpg 140w, https:\/\/www.organisator.ch\/wp-content\/uploads\/2018\/05\/Buchtipp-Unternehmen-neu-erfinden-2_Organisator-280x350.jpg 280w, https:\/\/www.organisator.ch\/wp-content\/uploads\/2018\/05\/Buchtipp-Unternehmen-neu-erfinden-2_Organisator-300x375.jpg 300w\" sizes=\"auto, (max-width: 480px) 100vw, 480px\" \/><figcaption id=\"caption-attachment-3591\" class=\"wp-caption-text\">(Image : Service de presse de la St.Galler Business School)<\/figcaption><\/figure>\n<p>Arriv\u00e9 \u00e0 la fin du livre, le lecteur a pris des d\u00e9cisions et a \u00e9labor\u00e9 lui-m\u00eame des r\u00e9ponses sur le d\u00e9veloppement de son entreprise ou de son secteur d'activit\u00e9. \"Ainsi, l'\u00e9cole de Saint-Gall est d\u00e9finitivement adapt\u00e9e \u00e0 la vie quotidienne\", atteste l'\u00e9diteur. L'auteur justifie cela de la mani\u00e8re suivante : \"On a beaucoup \u00e9crit sur le sujet, ce qui manquait, c'\u00e9tait un livre qui fournisse aux lecteurs un r\u00e9sultat performant \u00e0 la fin\". C'est pourquoi il aide ses lecteurs \u00e0 identifier les objectifs \u00e0 partir de trois perspectives (espace, temps, personne) afin d'y parvenir. Le livre s'adresse aux cadres qui souhaitent concevoir une strat\u00e9gie d'entreprise de mani\u00e8re active plut\u00f4t que r\u00e9active. Il convient aux entreprises de toutes tailles.<\/p>\n<p><em>informations :<br \/>\n<strong>R\u00e9inventer l'entreprise<br \/>\nLe manuel de r\u00e9flexion et de travail contre l'immobilisme organis\u00e9<br \/>\n<\/strong><strong>Le concept de Saint-Gall mis en pratique<\/strong><br \/>\n204 pages + documents de travail num\u00e9riques<\/em><br \/>\n<em>ISBN : 978-3-96251-005-3<br \/>\nMaison d'\u00e9dition Frankfurter Allgemeine<\/em><\/p>\n<p>&nbsp;<\/p>","protected":false},"excerpt":{"rendered":"<p>Das rund 200 Seiten starke Buch mit dem Titel &#8222;Unternehmen neu erfinden. Das St.Galler Konzept praktisch umgesetzt&#8220;\u00a0besteht aus einem Lese- und einem Arbeitsraum. Die beiden Buchdeckel enthalten aufklappbare Spickzettel, die den Leser bei der Denkarbeit unterst\u00fctzen. Arbeitspapiere zur Entscheidung \u00fcber die Frage \u201eReinvent or optimize?\u201c stehen online zum Abruf bereit. Ein besonderes Augenmerk gilt dem [&hellip;]<\/p>\n","protected":false},"author":4,"featured_media":3590,"comment_status":"open","ping_status":"open","sticky":false,"template":"","format":"standard","meta":{"_acf_changed":false,"_yoast_wpseo_focuskw":"Unternehmen neu erfinden","_yoast_wpseo_metadesc":"Als \u201eNovum in der Welt der Konzeptb\u00fccher und Buchkonzepte\u201c beschreibt der Verlag Frankfurter Allgemeine Buch das Denk- und Arbeitsbuch mit dem Titel \u201eUnternehmen neu erfinden\u201c.","articlekey":"","footnotes":""},"categories":[28],"tags":[92,95,103,335,533],"class_list":["post-3589","post","type-post","status-publish","format-standard","has-post-thumbnail","hentry","category-management","tag-buch","tag-buchtipps","tag-business-excellence","tag-management-und-unternehmensfuehrung","tag-wissenschaft"],"acf":[],"yoast_head":"<!-- This site is optimized with the Yoast SEO plugin v27.5 - https:\/\/yoast.com\/product\/yoast-seo-wordpress\/ -->\n<title>Unternehmen neu erfinden - Organisator<\/title>\n<meta name=\"description\" content=\"Als \u201eNovum in der Welt der Konzeptb\u00fccher und Buchkonzepte\u201c beschreibt der Verlag Frankfurter Allgemeine Buch das Denk- und Arbeitsbuch mit dem Titel \u201eUnternehmen neu erfinden\u201c.\" \/>\n<meta name=\"robots\" content=\"index, follow, max-snippet:-1, max-image-preview:large, max-video-preview:-1\" \/>\n<link rel=\"canonical\" href=\"https:\/\/www.organisator.ch\/fr\/gestion-2\/2018-05-16\/unternehmen-neu-erfinden\/\" \/>\n<meta property=\"og:locale\" content=\"fr_FR\" \/>\n<meta property=\"og:type\" content=\"article\" \/>\n<meta property=\"og:title\" content=\"Buchtipp: Unternehmen neu erfinden\" \/>\n<meta property=\"og:description\" content=\"Als \u201eNovum in der Welt der Konzeptb\u00fccher und Buchkonzepte\u201c beschreibt der Verlag Frankfurter Allgemeine Buch das Denk- und #Arbeitsbuch mit dem Titel \u201eUnternehmen neu erfinden\u201c.\" \/>\n<meta property=\"og:url\" content=\"https:\/\/www.organisator.ch\/fr\/gestion-2\/2018-05-16\/unternehmen-neu-erfinden\/\" \/>\n<meta property=\"og:site_name\" content=\"Organisator\" \/>\n<meta property=\"article:publisher\" content=\"https:\/\/www.facebook.com\/OrganisatorFachmagazin\" \/>\n<meta property=\"article:published_time\" content=\"2018-05-16T06:11:06+00:00\" \/>\n<meta property=\"og:image\" content=\"https:\/\/www.organisator.ch\/wp-content\/uploads\/2018\/05\/Buchtipp-Unternehmen-neu-erfinden-1_Organisator.png\" \/>\n\t<meta property=\"og:image:width\" content=\"428\" \/>\n\t<meta property=\"og:image:height\" content=\"640\" \/>\n\t<meta property=\"og:image:type\" content=\"image\/png\" \/>\n<meta name=\"author\" content=\"thomas.berner\" \/>\n<meta name=\"twitter:card\" content=\"summary_large_image\" \/>\n<meta name=\"twitter:title\" content=\"Buchtipp: #Unternehmen-neu-erfinden\" \/>\n<meta name=\"twitter:description\" content=\"Als \u201eNovum in der Welt der Konzeptb\u00fccher und Buchkonzepte\u201c beschreibt der Verlag Frankfurter Allgemeine Buch das Denk- und #Arbeitsbuch mit dem Titel \u201eUnternehmen neu erfinden\u201c.\" \/>\n<meta name=\"twitter:image\" content=\"https:\/\/www.organisator.ch\/wp-content\/uploads\/2018\/05\/Buchtipp-Unternehmen-neu-erfinden-1_Organisator.png\" \/>\n<script type=\"application\/ld+json\" class=\"yoast-schema-graph\">{\"@context\":\"https:\\\/\\\/schema.org\",\"@graph\":[{\"@type\":\"Article\",\"@id\":\"https:\\\/\\\/www.organisator.ch\\\/management\\\/2018-05-16\\\/unternehmen-neu-erfinden\\\/#article\",\"isPartOf\":{\"@id\":\"https:\\\/\\\/www.organisator.ch\\\/management\\\/2018-05-16\\\/unternehmen-neu-erfinden\\\/\"},\"author\":{\"name\":\"thomas.berner\",\"@id\":\"https:\\\/\\\/www.organisator.ch\\\/#\\\/schema\\\/person\\\/6f650f90b2842cd4c0cc334b4e36f67e\"},\"headline\":\"Unternehmen neu erfinden\",\"datePublished\":\"2018-05-16T06:11:06+00:00\",\"mainEntityOfPage\":{\"@id\":\"https:\\\/\\\/www.organisator.ch\\\/management\\\/2018-05-16\\\/unternehmen-neu-erfinden\\\/\"},\"wordCount\":305,\"commentCount\":0,\"publisher\":{\"@id\":\"https:\\\/\\\/www.organisator.ch\\\/#organization\"},\"image\":{\"@id\":\"https:\\\/\\\/www.organisator.ch\\\/management\\\/2018-05-16\\\/unternehmen-neu-erfinden\\\/#primaryimage\"},\"thumbnailUrl\":\"https:\\\/\\\/www.organisator.ch\\\/wp-content\\\/uploads\\\/2018\\\/05\\\/Buchtipp-Unternehmen-neu-erfinden-1_Organisator.png\",\"keywords\":[\"Buch\",\"Buchtipps\",\"Business Excellence\",\"Management und Unternehmensf\u00fchrung\",\"Wissenschaft\"],\"articleSection\":[\"MANAGEMENT\"],\"inLanguage\":\"fr-FR\"},{\"@type\":\"WebPage\",\"@id\":\"https:\\\/\\\/www.organisator.ch\\\/management\\\/2018-05-16\\\/unternehmen-neu-erfinden\\\/\",\"url\":\"https:\\\/\\\/www.organisator.ch\\\/management\\\/2018-05-16\\\/unternehmen-neu-erfinden\\\/\",\"name\":\"Unternehmen neu erfinden - Organisator\",\"isPartOf\":{\"@id\":\"https:\\\/\\\/www.organisator.ch\\\/#website\"},\"primaryImageOfPage\":{\"@id\":\"https:\\\/\\\/www.organisator.ch\\\/management\\\/2018-05-16\\\/unternehmen-neu-erfinden\\\/#primaryimage\"},\"image\":{\"@id\":\"https:\\\/\\\/www.organisator.ch\\\/management\\\/2018-05-16\\\/unternehmen-neu-erfinden\\\/#primaryimage\"},\"thumbnailUrl\":\"https:\\\/\\\/www.organisator.ch\\\/wp-content\\\/uploads\\\/2018\\\/05\\\/Buchtipp-Unternehmen-neu-erfinden-1_Organisator.png\",\"datePublished\":\"2018-05-16T06:11:06+00:00\",\"description\":\"Als \u201eNovum in der Welt der Konzeptb\u00fccher und Buchkonzepte\u201c beschreibt der Verlag Frankfurter Allgemeine Buch das Denk- und Arbeitsbuch mit dem Titel \u201eUnternehmen neu erfinden\u201c.\",\"breadcrumb\":{\"@id\":\"https:\\\/\\\/www.organisator.ch\\\/management\\\/2018-05-16\\\/unternehmen-neu-erfinden\\\/#breadcrumb\"},\"inLanguage\":\"fr-FR\",\"potentialAction\":[{\"@type\":\"ReadAction\",\"target\":[\"https:\\\/\\\/www.organisator.ch\\\/management\\\/2018-05-16\\\/unternehmen-neu-erfinden\\\/\"]}]},{\"@type\":\"ImageObject\",\"inLanguage\":\"fr-FR\",\"@id\":\"https:\\\/\\\/www.organisator.ch\\\/management\\\/2018-05-16\\\/unternehmen-neu-erfinden\\\/#primaryimage\",\"url\":\"https:\\\/\\\/www.organisator.ch\\\/wp-content\\\/uploads\\\/2018\\\/05\\\/Buchtipp-Unternehmen-neu-erfinden-1_Organisator.png\",\"contentUrl\":\"https:\\\/\\\/www.organisator.ch\\\/wp-content\\\/uploads\\\/2018\\\/05\\\/Buchtipp-Unternehmen-neu-erfinden-1_Organisator.png\",\"width\":428,\"height\":640,\"caption\":\"Unternehmen neu erfinden: Ein neues Buch setzt das St.Galler Konzept praktisch um. (Bild: Pressedienst St.Galler Business School)\"},{\"@type\":\"BreadcrumbList\",\"@id\":\"https:\\\/\\\/www.organisator.ch\\\/management\\\/2018-05-16\\\/unternehmen-neu-erfinden\\\/#breadcrumb\",\"itemListElement\":[{\"@type\":\"ListItem\",\"position\":1,\"name\":\"Home\",\"item\":\"https:\\\/\\\/www.organisator.ch\\\/\"},{\"@type\":\"ListItem\",\"position\":2,\"name\":\"Unternehmen neu erfinden\"}]},{\"@type\":\"WebSite\",\"@id\":\"https:\\\/\\\/www.organisator.ch\\\/#website\",\"url\":\"https:\\\/\\\/www.organisator.ch\\\/\",\"name\":\"Organisator\",\"description\":\"Kompetent. Praxisnah. Der ORGANISATOR bereitet in 10 Ausgaben pro Jahr die wesentlichen Themen f\u00fcr F\u00fchrungskr\u00e4fte von KMU auf.\",\"publisher\":{\"@id\":\"https:\\\/\\\/www.organisator.ch\\\/#organization\"},\"potentialAction\":[{\"@type\":\"SearchAction\",\"target\":{\"@type\":\"EntryPoint\",\"urlTemplate\":\"https:\\\/\\\/www.organisator.ch\\\/?s={search_term_string}\"},\"query-input\":{\"@type\":\"PropertyValueSpecification\",\"valueRequired\":true,\"valueName\":\"search_term_string\"}}],\"inLanguage\":\"fr-FR\"},{\"@type\":\"Organization\",\"@id\":\"https:\\\/\\\/www.organisator.ch\\\/#organization\",\"name\":\"Organisator\",\"url\":\"https:\\\/\\\/www.organisator.ch\\\/\",\"logo\":{\"@type\":\"ImageObject\",\"inLanguage\":\"fr-FR\",\"@id\":\"https:\\\/\\\/www.organisator.ch\\\/#\\\/schema\\\/logo\\\/image\\\/\",\"url\":\"https:\\\/\\\/www.organisator.ch\\\/wp-content\\\/uploads\\\/2022\\\/01\\\/Logo_Organisator_Website.png\",\"contentUrl\":\"https:\\\/\\\/www.organisator.ch\\\/wp-content\\\/uploads\\\/2022\\\/01\\\/Logo_Organisator_Website.png\",\"width\":800,\"height\":77,\"caption\":\"Organisator\"},\"image\":{\"@id\":\"https:\\\/\\\/www.organisator.ch\\\/#\\\/schema\\\/logo\\\/image\\\/\"},\"sameAs\":[\"https:\\\/\\\/www.facebook.com\\\/OrganisatorFachmagazin\",\"https:\\\/\\\/www.linkedin.com\\\/showcase\\\/organisator-das-magazin-fr-kmu\",\"https:\\\/\\\/www.xing.com\\\/news\\\/pages\\\/organisator-ch-695\",\"https:\\\/\\\/www.youtube.com\\\/channel\\\/UCGP2Sq0iWaZwT3BdIAQFYpw\"]},{\"@type\":\"Person\",\"@id\":\"https:\\\/\\\/www.organisator.ch\\\/#\\\/schema\\\/person\\\/6f650f90b2842cd4c0cc334b4e36f67e\",\"name\":\"thomas.berner\",\"image\":{\"@type\":\"ImageObject\",\"inLanguage\":\"fr-FR\",\"@id\":\"https:\\\/\\\/secure.gravatar.com\\\/avatar\\\/ac5001d2a36cb6c6cd3e50789007ffca834b477b74a2144564522e944eabff61?s=96&d=mm&r=g\",\"url\":\"https:\\\/\\\/secure.gravatar.com\\\/avatar\\\/ac5001d2a36cb6c6cd3e50789007ffca834b477b74a2144564522e944eabff61?s=96&d=mm&r=g\",\"contentUrl\":\"https:\\\/\\\/secure.gravatar.com\\\/avatar\\\/ac5001d2a36cb6c6cd3e50789007ffca834b477b74a2144564522e944eabff61?s=96&d=mm&r=g\",\"caption\":\"thomas.berner\"},\"url\":\"https:\\\/\\\/www.organisator.ch\\\/fr\\\/author\\\/thomas-berner\\\/\"}]}<\/script>\n<!-- \/ Yoast SEO plugin. -->","yoast_head_json":{"title":"R\u00e9inventer l'entreprise - Organisateur","description":"La maison d'\u00e9dition Frankfurter Allgemeine Buch d\u00e9crit le livre de r\u00e9flexion et de travail intitul\u00e9 \"R\u00e9inventer l'entreprise\" comme une \"nouveaut\u00e9 dans le monde des livres conceptuels et des concepts de livres\".","robots":{"index":"index","follow":"follow","max-snippet":"max-snippet:-1","max-image-preview":"max-image-preview:large","max-video-preview":"max-video-preview:-1"},"canonical":"https:\/\/www.organisator.ch\/fr\/gestion-2\/2018-05-16\/unternehmen-neu-erfinden\/","og_locale":"fr_FR","og_type":"article","og_title":"Buchtipp: Unternehmen neu erfinden","og_description":"Als \u201eNovum in der Welt der Konzeptb\u00fccher und Buchkonzepte\u201c beschreibt der Verlag Frankfurter Allgemeine Buch das Denk- und #Arbeitsbuch mit dem Titel \u201eUnternehmen neu erfinden\u201c.","og_url":"https:\/\/www.organisator.ch\/fr\/gestion-2\/2018-05-16\/unternehmen-neu-erfinden\/","og_site_name":"Organisator","article_publisher":"https:\/\/www.facebook.com\/OrganisatorFachmagazin","article_published_time":"2018-05-16T06:11:06+00:00","og_image":[{"width":428,"height":640,"url":"https:\/\/www.organisator.ch\/wp-content\/uploads\/2018\/05\/Buchtipp-Unternehmen-neu-erfinden-1_Organisator.png","type":"image\/png"}],"author":"thomas.berner","twitter_card":"summary_large_image","twitter_title":"Buchtipp: #Unternehmen-neu-erfinden","twitter_description":"Als \u201eNovum in der Welt der Konzeptb\u00fccher und Buchkonzepte\u201c beschreibt der Verlag Frankfurter Allgemeine Buch das Denk- und #Arbeitsbuch mit dem Titel \u201eUnternehmen neu erfinden\u201c.","twitter_image":"https:\/\/www.organisator.ch\/wp-content\/uploads\/2018\/05\/Buchtipp-Unternehmen-neu-erfinden-1_Organisator.png","schema":{"@context":"https:\/\/schema.org","@graph":[{"@type":"Article","@id":"https:\/\/www.organisator.ch\/management\/2018-05-16\/unternehmen-neu-erfinden\/#article","isPartOf":{"@id":"https:\/\/www.organisator.ch\/management\/2018-05-16\/unternehmen-neu-erfinden\/"},"author":{"name":"thomas.berner","@id":"https:\/\/www.organisator.ch\/#\/schema\/person\/6f650f90b2842cd4c0cc334b4e36f67e"},"headline":"Unternehmen neu erfinden","datePublished":"2018-05-16T06:11:06+00:00","mainEntityOfPage":{"@id":"https:\/\/www.organisator.ch\/management\/2018-05-16\/unternehmen-neu-erfinden\/"},"wordCount":305,"commentCount":0,"publisher":{"@id":"https:\/\/www.organisator.ch\/#organization"},"image":{"@id":"https:\/\/www.organisator.ch\/management\/2018-05-16\/unternehmen-neu-erfinden\/#primaryimage"},"thumbnailUrl":"https:\/\/www.organisator.ch\/wp-content\/uploads\/2018\/05\/Buchtipp-Unternehmen-neu-erfinden-1_Organisator.png","keywords":["Buch","Buchtipps","Business Excellence","Management und Unternehmensf\u00fchrung","Wissenschaft"],"articleSection":["MANAGEMENT"],"inLanguage":"fr-FR"},{"@type":"WebPage","@id":"https:\/\/www.organisator.ch\/management\/2018-05-16\/unternehmen-neu-erfinden\/","url":"https:\/\/www.organisator.ch\/management\/2018-05-16\/unternehmen-neu-erfinden\/","name":"R\u00e9inventer l'entreprise - Organisateur","isPartOf":{"@id":"https:\/\/www.organisator.ch\/#website"},"primaryImageOfPage":{"@id":"https:\/\/www.organisator.ch\/management\/2018-05-16\/unternehmen-neu-erfinden\/#primaryimage"},"image":{"@id":"https:\/\/www.organisator.ch\/management\/2018-05-16\/unternehmen-neu-erfinden\/#primaryimage"},"thumbnailUrl":"https:\/\/www.organisator.ch\/wp-content\/uploads\/2018\/05\/Buchtipp-Unternehmen-neu-erfinden-1_Organisator.png","datePublished":"2018-05-16T06:11:06+00:00","description":"La maison d'\u00e9dition Frankfurter Allgemeine Buch d\u00e9crit le livre de r\u00e9flexion et de travail intitul\u00e9 \"R\u00e9inventer l'entreprise\" comme une \"nouveaut\u00e9 dans le monde des livres conceptuels et des concepts de livres\".","breadcrumb":{"@id":"https:\/\/www.organisator.ch\/management\/2018-05-16\/unternehmen-neu-erfinden\/#breadcrumb"},"inLanguage":"fr-FR","potentialAction":[{"@type":"ReadAction","target":["https:\/\/www.organisator.ch\/management\/2018-05-16\/unternehmen-neu-erfinden\/"]}]},{"@type":"ImageObject","inLanguage":"fr-FR","@id":"https:\/\/www.organisator.ch\/management\/2018-05-16\/unternehmen-neu-erfinden\/#primaryimage","url":"https:\/\/www.organisator.ch\/wp-content\/uploads\/2018\/05\/Buchtipp-Unternehmen-neu-erfinden-1_Organisator.png","contentUrl":"https:\/\/www.organisator.ch\/wp-content\/uploads\/2018\/05\/Buchtipp-Unternehmen-neu-erfinden-1_Organisator.png","width":428,"height":640,"caption":"Unternehmen neu erfinden: Ein neues Buch setzt das St.Galler Konzept praktisch um. (Bild: Pressedienst St.Galler Business School)"},{"@type":"BreadcrumbList","@id":"https:\/\/www.organisator.ch\/management\/2018-05-16\/unternehmen-neu-erfinden\/#breadcrumb","itemListElement":[{"@type":"ListItem","position":1,"name":"Home","item":"https:\/\/www.organisator.ch\/"},{"@type":"ListItem","position":2,"name":"Unternehmen neu erfinden"}]},{"@type":"WebSite","@id":"https:\/\/www.organisator.ch\/#website","url":"https:\/\/www.organisator.ch\/","name":"Organisateur","description":"Comp\u00e9tence et comp\u00e9tence. Proches de la pratique. L'ORGANISATEUR pr\u00e9pare 10 num\u00e9ros par an sur les th\u00e8mes essentiels pour les dirigeants de PME.","publisher":{"@id":"https:\/\/www.organisator.ch\/#organization"},"potentialAction":[{"@type":"SearchAction","target":{"@type":"EntryPoint","urlTemplate":"https:\/\/www.organisator.ch\/?s={search_term_string}"},"query-input":{"@type":"PropertyValueSpecification","valueRequired":true,"valueName":"search_term_string"}}],"inLanguage":"fr-FR"},{"@type":"Organization","@id":"https:\/\/www.organisator.ch\/#organization","name":"Organisateur","url":"https:\/\/www.organisator.ch\/","logo":{"@type":"ImageObject","inLanguage":"fr-FR","@id":"https:\/\/www.organisator.ch\/#\/schema\/logo\/image\/","url":"https:\/\/www.organisator.ch\/wp-content\/uploads\/2022\/01\/Logo_Organisator_Website.png","contentUrl":"https:\/\/www.organisator.ch\/wp-content\/uploads\/2022\/01\/Logo_Organisator_Website.png","width":800,"height":77,"caption":"Organisator"},"image":{"@id":"https:\/\/www.organisator.ch\/#\/schema\/logo\/image\/"},"sameAs":["https:\/\/www.facebook.com\/OrganisatorFachmagazin","https:\/\/www.linkedin.com\/showcase\/organisator-das-magazin-fr-kmu","https:\/\/www.xing.com\/news\/pages\/organisator-ch-695","https:\/\/www.youtube.com\/channel\/UCGP2Sq0iWaZwT3BdIAQFYpw"]},{"@type":"Person","@id":"https:\/\/www.organisator.ch\/#\/schema\/person\/6f650f90b2842cd4c0cc334b4e36f67e","name":"thomas.berner","image":{"@type":"ImageObject","inLanguage":"fr-FR","@id":"https:\/\/secure.gravatar.com\/avatar\/ac5001d2a36cb6c6cd3e50789007ffca834b477b74a2144564522e944eabff61?s=96&d=mm&r=g","url":"https:\/\/secure.gravatar.com\/avatar\/ac5001d2a36cb6c6cd3e50789007ffca834b477b74a2144564522e944eabff61?s=96&d=mm&r=g","contentUrl":"https:\/\/secure.gravatar.com\/avatar\/ac5001d2a36cb6c6cd3e50789007ffca834b477b74a2144564522e944eabff61?s=96&d=mm&r=g","caption":"thomas.berner"},"url":"https:\/\/www.organisator.ch\/fr\/author\/thomas-berner\/"}]}},"_links":{"self":[{"href":"https:\/\/www.organisator.ch\/fr\/wp-json\/wp\/v2\/posts\/3589","targetHints":{"allow":["GET"]}}],"collection":[{"href":"https:\/\/www.organisator.ch\/fr\/wp-json\/wp\/v2\/posts"}],"about":[{"href":"https:\/\/www.organisator.ch\/fr\/wp-json\/wp\/v2\/types\/post"}],"author":[{"embeddable":true,"href":"https:\/\/www.organisator.ch\/fr\/wp-json\/wp\/v2\/users\/4"}],"replies":[{"embeddable":true,"href":"https:\/\/www.organisator.ch\/fr\/wp-json\/wp\/v2\/comments?post=3589"}],"version-history":[{"count":0,"href":"https:\/\/www.organisator.ch\/fr\/wp-json\/wp\/v2\/posts\/3589\/revisions"}],"wp:featuredmedia":[{"embeddable":true,"href":"https:\/\/www.organisator.ch\/fr\/wp-json\/wp\/v2\/media\/3590"}],"wp:attachment":[{"href":"https:\/\/www.organisator.ch\/fr\/wp-json\/wp\/v2\/media?parent=3589"}],"wp:term":[{"taxonomy":"category","embeddable":true,"href":"https:\/\/www.organisator.ch\/fr\/wp-json\/wp\/v2\/categories?post=3589"},{"taxonomy":"post_tag","embeddable":true,"href":"https:\/\/www.organisator.ch\/fr\/wp-json\/wp\/v2\/tags?post=3589"}],"curies":[{"name":"wp","href":"https:\/\/api.w.org\/{rel}","templated":true}]}}