{"id":35928,"date":"2025-02-12T10:52:19","date_gmt":"2025-02-12T09:52:19","guid":{"rendered":"https:\/\/www.organisator.ch\/?p=35928"},"modified":"2025-02-12T10:52:19","modified_gmt":"2025-02-12T09:52:19","slug":"swissskills-national-team-2025-startklar-fuer-die-euroskills-und-european-skills-challenge","status":"publish","type":"post","link":"https:\/\/www.organisator.ch\/fr\/weiterbildung\/2025-02-12\/swissskills-national-team-2025-startklar-fuer-die-euroskills-und-european-skills-challenge\/","title":{"rendered":"SwissSkills National Team 2025 : pr\u00eat pour l'EuroSkills et le European Skills Challenge"},"content":{"rendered":"<figure id=\"attachment_35929\" aria-describedby=\"caption-attachment-35929\" style=\"width: 680px\" class=\"wp-caption alignnone\"><img loading=\"lazy\" decoding=\"async\" class=\"wp-image-35929 size-full\" src=\"https:\/\/www.organisator.ch\/wp-content\/uploads\/2025\/02\/SwissSkills_Bild1_ps.jpg\" alt=\"\" width=\"680\" height=\"453\" srcset=\"https:\/\/www.organisator.ch\/wp-content\/uploads\/2025\/02\/SwissSkills_Bild1_ps.jpg 680w, https:\/\/www.organisator.ch\/wp-content\/uploads\/2025\/02\/SwissSkills_Bild1_ps-18x12.jpg 18w, https:\/\/www.organisator.ch\/wp-content\/uploads\/2025\/02\/SwissSkills_Bild1_ps-375x250.jpg 375w, https:\/\/www.organisator.ch\/wp-content\/uploads\/2025\/02\/SwissSkills_Bild1_ps-525x350.jpg 525w\" sizes=\"auto, (max-width: 680px) 100vw, 680px\" \/><figcaption id=\"caption-attachment-35929\" class=\"wp-caption-text\">Une \u00e9quipe - un objectif : ensemble, 20 jeunes talents veulent continuer \u00e0 \u00e9crire l'histoire du succ\u00e8s de la formation professionnelle suisse. Stefan Wermuth \/ SwissSkills<\/figcaption><\/figure>\n<p>L'\u00e9quipe nationale SwissSkills 2025 est pr\u00eate \u00e0 faire coup double : lors des EuroSkills 2025 qui se d\u00e9rouleront \u00e0 Herning, au Danemark, du 9 au 13 septembre, 16 jeunes talents affronteront leurs coll\u00e8gues de 32 pays pour remporter des m\u00e9dailles. Par ailleurs, l'European Skills Challenge offre \u00e0 4 autres membres de l'\u00e9quipe la possibilit\u00e9 de se mesurer aux meilleurs de leur branche. Ces derniers auront lieu du 12 au 15 novembre 2025 dans le cadre de l'exposition professionnelle grisonne \"Fiutscher\" \u00e0 Coire ainsi que du 20 au 23 novembre 2025 \u00e0 Salzbourg en Autriche.<\/p>\n<p>Cette comp\u00e9tition compl\u00e9mentaire s'adresse aux m\u00e9tiers qui ne font pas partie du programme officiel EuroSkills. Les 20 membres de l'\u00e9quipe nationale SwissSkills se sont impos\u00e9s lors des championnats suisses des m\u00e9tiers et sont d\u00e9sormais d\u00e9termin\u00e9s \u00e0 convaincre sur la sc\u00e8ne europ\u00e9enne. Ils portent tous fi\u00e8rement les couleurs de la Suisse et veulent montrer ce qui rend la formation professionnelle helv\u00e9tique unique au monde.<\/p>\n<h3><strong>20 talents pr\u00eats \u00e0 tout donner<\/strong><\/h3>\n<p>Les jeunes professionnels ne sont pas seulement des ma\u00eetres dans leur domaine, mais aussi des ambassadeurs de la formation professionnelle duale. Derri\u00e8re eux se trouve un solide r\u00e9seau d'associations professionnelles, d'experts et d'employeurs. Ensemble, ils se pr\u00e9parent \u00e0 l'aide d'un programme de formation sur mesure qui comprend au total plus de 1000 heures par comp\u00e9titeur. Les membres de l'\u00e9quipe affineront leurs comp\u00e9tences techniques, mentales et physiques au cours de quatre week-ends de pr\u00e9paration intensifs et de nombreux entra\u00eenements individuels. Outre la perfection technique, l'esprit d'\u00e9quipe joue \u00e9galement un r\u00f4le central. Car m\u00eame si chacune et chacun se pr\u00e9sente sur sc\u00e8ne de son c\u00f4t\u00e9, c'est la force de toute l'\u00e9quipe qui compte \u00e0 la fin.<\/p>\n<h3><strong>La passion et la pr\u00e9cision au service du succ\u00e8s<\/strong><\/h3>\n<p>Martin Erlacher, d\u00e9l\u00e9gu\u00e9 technique de l'\u00e9quipe nationale SwissSkills, en est convaincu : \"Nos concurrents et concurrentes sont extr\u00eamement motiv\u00e9s et pr\u00eats \u00e0 donner le meilleur d'eux-m\u00eames. Les EuroSkills et l'European Skills Challenge offrent une occasion unique de pr\u00e9senter les performances et la qualit\u00e9 de la formation professionnelle suisse. Avec passion, pr\u00e9cision et esprit d'\u00e9quipe, nous voulons obtenir cette ann\u00e9e encore des r\u00e9sultats de pointe\". Pour cela, les attentes sont \u00e9lev\u00e9es : l'\u00e9quipe doit renouer avec les succ\u00e8s impressionnants des ann\u00e9es pr\u00e9c\u00e9dentes et ramener \u00e0 nouveau de nombreuses m\u00e9dailles.<\/p>\n<p><em>Source : <a href=\"http:\/\/www.swiss-skills.ch\">www.swiss-skills.ch<\/a><\/em><\/p>","protected":false},"excerpt":{"rendered":"<p>L'\u00e9quipe nationale SwissSkills 2025 est en place : 20 jeunes professionnels talentueux repr\u00e9senteront la Suisse sur la sc\u00e8ne internationale cette ann\u00e9e. Seize d'entre eux se disputeront des m\u00e9dailles en septembre lors des EuroSkills 2025 \u00e0 Herning, au Danemark. Quatre membres participeront \u00e0 l'European Skills Challenge. Cette comp\u00e9tition se d\u00e9roulera en novembre 2025 en Suisse et en Autriche. <\/p>","protected":false},"author":80,"featured_media":35929,"comment_status":"closed","ping_status":"closed","sticky":false,"template":"","format":"standard","meta":{"_acf_changed":false,"_yoast_wpseo_focuskw":"SwissSkills National Team 2025","_yoast_wpseo_metadesc":"20 junge Talente vertreten die Schweiz bei den EuroSkills 2025 und der European Skills Challenge. Ihr Ziel: Medaillen und Spitzenleistungen!","articlekey":"","footnotes":""},"categories":[30],"tags":[73,4375,3932,424,2699],"class_list":["post-35928","post","type-post","status-publish","format-standard","has-post-thumbnail","hentry","category-weiterbildung","tag-berufsbildung","tag-berufstalente","tag-euroskills","tag-schweiz","tag-swissskills"],"acf":[],"yoast_head":"<!-- This site is optimized with the Yoast SEO plugin v27.4 - https:\/\/yoast.com\/product\/yoast-seo-wordpress\/ -->\n<title>SwissSkills National Team 2025: Startklar f\u00fcr die EuroSkills und European Skills Challenge - Organisator<\/title>\n<meta name=\"description\" content=\"20 junge Talente vertreten die Schweiz bei den EuroSkills 2025 und der European Skills Challenge. Ihr Ziel: Medaillen und Spitzenleistungen!\" \/>\n<meta name=\"robots\" content=\"index, follow, max-snippet:-1, max-image-preview:large, max-video-preview:-1\" \/>\n<link rel=\"canonical\" href=\"https:\/\/www.organisator.ch\/fr\/formation-continue-2\/2025-02-12\/swissskills-national-team-2025-startklar-fuer-die-euroskills-und-european-skills-challenge\/\" \/>\n<meta property=\"og:locale\" content=\"fr_FR\" \/>\n<meta property=\"og:type\" content=\"article\" \/>\n<meta property=\"og:title\" content=\"Startklar f\u00fcr die EuroSkills und European Skills Challenge\" \/>\n<meta property=\"og:description\" content=\"20 junge Talente vertreten die Schweiz bei den EuroSkills 2025 und der European Skills Challenge. Ihr Ziel: Medaillen und Spitzenleistungen!\" \/>\n<meta property=\"og:url\" content=\"https:\/\/www.organisator.ch\/fr\/formation-continue-2\/2025-02-12\/swissskills-national-team-2025-startklar-fuer-die-euroskills-und-european-skills-challenge\/\" \/>\n<meta property=\"og:site_name\" content=\"Organisator\" \/>\n<meta property=\"article:publisher\" content=\"https:\/\/www.facebook.com\/OrganisatorFachmagazin\" \/>\n<meta property=\"article:published_time\" content=\"2025-02-12T09:52:19+00:00\" \/>\n<meta property=\"og:image\" content=\"https:\/\/www.organisator.ch\/wp-content\/uploads\/2025\/02\/SwissSkills_Bild1_ps.jpg\" \/>\n\t<meta property=\"og:image:width\" content=\"680\" \/>\n\t<meta property=\"og:image:height\" content=\"453\" \/>\n\t<meta property=\"og:image:type\" content=\"image\/jpeg\" \/>\n<meta name=\"author\" content=\"Dzana Muminovic\" \/>\n<meta name=\"twitter:card\" content=\"summary_large_image\" \/>\n<meta name=\"twitter:title\" content=\"Startklar f\u00fcr die EuroSkills und European Skills Challenge\" \/>\n<meta name=\"twitter:description\" content=\"20 junge #Talente vertreten die #Schweiz bei den #EuroSkills 2025 und der #European #Skills #Challenge. Ihr Ziel: #Medaillen und #Spitzenleistungen!\" \/>\n<meta name=\"twitter:image\" content=\"https:\/\/www.organisator.ch\/wp-content\/uploads\/2025\/02\/SwissSkills_Bild1_ps.jpg\" \/>\n<script type=\"application\/ld+json\" class=\"yoast-schema-graph\">{\"@context\":\"https:\\\/\\\/schema.org\",\"@graph\":[{\"@type\":\"Article\",\"@id\":\"https:\\\/\\\/www.organisator.ch\\\/weiterbildung\\\/2025-02-12\\\/swissskills-national-team-2025-startklar-fuer-die-euroskills-und-european-skills-challenge\\\/#article\",\"isPartOf\":{\"@id\":\"https:\\\/\\\/www.organisator.ch\\\/weiterbildung\\\/2025-02-12\\\/swissskills-national-team-2025-startklar-fuer-die-euroskills-und-european-skills-challenge\\\/\"},\"author\":{\"name\":\"Dzana Muminovic\",\"@id\":\"https:\\\/\\\/www.organisator.ch\\\/#\\\/schema\\\/person\\\/afccda3a71c06d4be2ed9100dd163db7\"},\"headline\":\"SwissSkills National Team 2025: Startklar f\u00fcr die EuroSkills und European Skills Challenge\",\"datePublished\":\"2025-02-12T09:52:19+00:00\",\"mainEntityOfPage\":{\"@id\":\"https:\\\/\\\/www.organisator.ch\\\/weiterbildung\\\/2025-02-12\\\/swissskills-national-team-2025-startklar-fuer-die-euroskills-und-european-skills-challenge\\\/\"},\"wordCount\":375,\"publisher\":{\"@id\":\"https:\\\/\\\/www.organisator.ch\\\/#organization\"},\"image\":{\"@id\":\"https:\\\/\\\/www.organisator.ch\\\/weiterbildung\\\/2025-02-12\\\/swissskills-national-team-2025-startklar-fuer-die-euroskills-und-european-skills-challenge\\\/#primaryimage\"},\"thumbnailUrl\":\"https:\\\/\\\/www.organisator.ch\\\/wp-content\\\/uploads\\\/2025\\\/02\\\/SwissSkills_Bild1_ps.jpg\",\"keywords\":[\"Berufsbildung\",\"Berufstalente\",\"EuroSkills\",\"Schweiz\",\"SwissSkills\"],\"articleSection\":[\"WEITERBILDUNG\"],\"inLanguage\":\"fr-FR\"},{\"@type\":\"WebPage\",\"@id\":\"https:\\\/\\\/www.organisator.ch\\\/weiterbildung\\\/2025-02-12\\\/swissskills-national-team-2025-startklar-fuer-die-euroskills-und-european-skills-challenge\\\/\",\"url\":\"https:\\\/\\\/www.organisator.ch\\\/weiterbildung\\\/2025-02-12\\\/swissskills-national-team-2025-startklar-fuer-die-euroskills-und-european-skills-challenge\\\/\",\"name\":\"SwissSkills National Team 2025: Startklar f\u00fcr die EuroSkills und European Skills Challenge - Organisator\",\"isPartOf\":{\"@id\":\"https:\\\/\\\/www.organisator.ch\\\/#website\"},\"primaryImageOfPage\":{\"@id\":\"https:\\\/\\\/www.organisator.ch\\\/weiterbildung\\\/2025-02-12\\\/swissskills-national-team-2025-startklar-fuer-die-euroskills-und-european-skills-challenge\\\/#primaryimage\"},\"image\":{\"@id\":\"https:\\\/\\\/www.organisator.ch\\\/weiterbildung\\\/2025-02-12\\\/swissskills-national-team-2025-startklar-fuer-die-euroskills-und-european-skills-challenge\\\/#primaryimage\"},\"thumbnailUrl\":\"https:\\\/\\\/www.organisator.ch\\\/wp-content\\\/uploads\\\/2025\\\/02\\\/SwissSkills_Bild1_ps.jpg\",\"datePublished\":\"2025-02-12T09:52:19+00:00\",\"description\":\"20 junge Talente vertreten die Schweiz bei den EuroSkills 2025 und der European Skills Challenge. Ihr Ziel: Medaillen und Spitzenleistungen!\",\"breadcrumb\":{\"@id\":\"https:\\\/\\\/www.organisator.ch\\\/weiterbildung\\\/2025-02-12\\\/swissskills-national-team-2025-startklar-fuer-die-euroskills-und-european-skills-challenge\\\/#breadcrumb\"},\"inLanguage\":\"fr-FR\",\"potentialAction\":[{\"@type\":\"ReadAction\",\"target\":[\"https:\\\/\\\/www.organisator.ch\\\/weiterbildung\\\/2025-02-12\\\/swissskills-national-team-2025-startklar-fuer-die-euroskills-und-european-skills-challenge\\\/\"]}]},{\"@type\":\"ImageObject\",\"inLanguage\":\"fr-FR\",\"@id\":\"https:\\\/\\\/www.organisator.ch\\\/weiterbildung\\\/2025-02-12\\\/swissskills-national-team-2025-startklar-fuer-die-euroskills-und-european-skills-challenge\\\/#primaryimage\",\"url\":\"https:\\\/\\\/www.organisator.ch\\\/wp-content\\\/uploads\\\/2025\\\/02\\\/SwissSkills_Bild1_ps.jpg\",\"contentUrl\":\"https:\\\/\\\/www.organisator.ch\\\/wp-content\\\/uploads\\\/2025\\\/02\\\/SwissSkills_Bild1_ps.jpg\",\"width\":680,\"height\":453,\"caption\":\"Ein Team \u2013 ein Ziel: Gemeinsam wollen 20 jungen Talente die Erfolgsgeschichte der Schweizer Berufsbildung weiterschreiben. \u00a9 Stefan Wermuth \\\/ SwissSkills\"},{\"@type\":\"BreadcrumbList\",\"@id\":\"https:\\\/\\\/www.organisator.ch\\\/weiterbildung\\\/2025-02-12\\\/swissskills-national-team-2025-startklar-fuer-die-euroskills-und-european-skills-challenge\\\/#breadcrumb\",\"itemListElement\":[{\"@type\":\"ListItem\",\"position\":1,\"name\":\"Home\",\"item\":\"https:\\\/\\\/www.organisator.ch\\\/\"},{\"@type\":\"ListItem\",\"position\":2,\"name\":\"SwissSkills National Team 2025: Startklar f\u00fcr die EuroSkills und European Skills Challenge\"}]},{\"@type\":\"WebSite\",\"@id\":\"https:\\\/\\\/www.organisator.ch\\\/#website\",\"url\":\"https:\\\/\\\/www.organisator.ch\\\/\",\"name\":\"Organisator\",\"description\":\"Kompetent. Praxisnah. Der ORGANISATOR bereitet in 10 Ausgaben pro Jahr die wesentlichen Themen f\u00fcr F\u00fchrungskr\u00e4fte von KMU auf.\",\"publisher\":{\"@id\":\"https:\\\/\\\/www.organisator.ch\\\/#organization\"},\"potentialAction\":[{\"@type\":\"SearchAction\",\"target\":{\"@type\":\"EntryPoint\",\"urlTemplate\":\"https:\\\/\\\/www.organisator.ch\\\/?s={search_term_string}\"},\"query-input\":{\"@type\":\"PropertyValueSpecification\",\"valueRequired\":true,\"valueName\":\"search_term_string\"}}],\"inLanguage\":\"fr-FR\"},{\"@type\":\"Organization\",\"@id\":\"https:\\\/\\\/www.organisator.ch\\\/#organization\",\"name\":\"Organisator\",\"url\":\"https:\\\/\\\/www.organisator.ch\\\/\",\"logo\":{\"@type\":\"ImageObject\",\"inLanguage\":\"fr-FR\",\"@id\":\"https:\\\/\\\/www.organisator.ch\\\/#\\\/schema\\\/logo\\\/image\\\/\",\"url\":\"https:\\\/\\\/www.organisator.ch\\\/wp-content\\\/uploads\\\/2022\\\/01\\\/Logo_Organisator_Website.png\",\"contentUrl\":\"https:\\\/\\\/www.organisator.ch\\\/wp-content\\\/uploads\\\/2022\\\/01\\\/Logo_Organisator_Website.png\",\"width\":800,\"height\":77,\"caption\":\"Organisator\"},\"image\":{\"@id\":\"https:\\\/\\\/www.organisator.ch\\\/#\\\/schema\\\/logo\\\/image\\\/\"},\"sameAs\":[\"https:\\\/\\\/www.facebook.com\\\/OrganisatorFachmagazin\",\"https:\\\/\\\/www.linkedin.com\\\/showcase\\\/organisator-das-magazin-fr-kmu\",\"https:\\\/\\\/www.xing.com\\\/news\\\/pages\\\/organisator-ch-695\",\"https:\\\/\\\/www.youtube.com\\\/channel\\\/UCGP2Sq0iWaZwT3BdIAQFYpw\"]},{\"@type\":\"Person\",\"@id\":\"https:\\\/\\\/www.organisator.ch\\\/#\\\/schema\\\/person\\\/afccda3a71c06d4be2ed9100dd163db7\",\"name\":\"Dzana Muminovic\",\"image\":{\"@type\":\"ImageObject\",\"inLanguage\":\"fr-FR\",\"@id\":\"https:\\\/\\\/secure.gravatar.com\\\/avatar\\\/909c5c71aff4b38e88686f2ab2f1ba152571f394f41ed8bae431ea56ced93050?s=96&d=mm&r=g\",\"url\":\"https:\\\/\\\/secure.gravatar.com\\\/avatar\\\/909c5c71aff4b38e88686f2ab2f1ba152571f394f41ed8bae431ea56ced93050?s=96&d=mm&r=g\",\"contentUrl\":\"https:\\\/\\\/secure.gravatar.com\\\/avatar\\\/909c5c71aff4b38e88686f2ab2f1ba152571f394f41ed8bae431ea56ced93050?s=96&d=mm&r=g\",\"caption\":\"Dzana Muminovic\"},\"url\":\"https:\\\/\\\/www.organisator.ch\\\/fr\\\/author\\\/dzana-muminovic\\\/\"}]}<\/script>\n<!-- \/ Yoast SEO plugin. -->","yoast_head_json":{"title":"SwissSkills National Team 2025 : pr\u00eat pour les EuroSkills et l'European Skills Challenge - Organisateur","description":"20 jeunes talents repr\u00e9senteront la Suisse aux EuroSkills 2025 et \u00e0 l'European Skills Challenge. Leur objectif : des m\u00e9dailles et des performances de pointe !","robots":{"index":"index","follow":"follow","max-snippet":"max-snippet:-1","max-image-preview":"max-image-preview:large","max-video-preview":"max-video-preview:-1"},"canonical":"https:\/\/www.organisator.ch\/fr\/formation-continue-2\/2025-02-12\/swissskills-national-team-2025-startklar-fuer-die-euroskills-und-european-skills-challenge\/","og_locale":"fr_FR","og_type":"article","og_title":"Startklar f\u00fcr die EuroSkills und European Skills Challenge","og_description":"20 junge Talente vertreten die Schweiz bei den EuroSkills 2025 und der European Skills Challenge. Ihr Ziel: Medaillen und Spitzenleistungen!","og_url":"https:\/\/www.organisator.ch\/fr\/formation-continue-2\/2025-02-12\/swissskills-national-team-2025-startklar-fuer-die-euroskills-und-european-skills-challenge\/","og_site_name":"Organisator","article_publisher":"https:\/\/www.facebook.com\/OrganisatorFachmagazin","article_published_time":"2025-02-12T09:52:19+00:00","og_image":[{"width":680,"height":453,"url":"https:\/\/www.organisator.ch\/wp-content\/uploads\/2025\/02\/SwissSkills_Bild1_ps.jpg","type":"image\/jpeg"}],"author":"Dzana Muminovic","twitter_card":"summary_large_image","twitter_title":"Startklar f\u00fcr die EuroSkills und European Skills Challenge","twitter_description":"20 junge #Talente vertreten die #Schweiz bei den #EuroSkills 2025 und der #European #Skills #Challenge. Ihr Ziel: #Medaillen und #Spitzenleistungen!","twitter_image":"https:\/\/www.organisator.ch\/wp-content\/uploads\/2025\/02\/SwissSkills_Bild1_ps.jpg","schema":{"@context":"https:\/\/schema.org","@graph":[{"@type":"Article","@id":"https:\/\/www.organisator.ch\/weiterbildung\/2025-02-12\/swissskills-national-team-2025-startklar-fuer-die-euroskills-und-european-skills-challenge\/#article","isPartOf":{"@id":"https:\/\/www.organisator.ch\/weiterbildung\/2025-02-12\/swissskills-national-team-2025-startklar-fuer-die-euroskills-und-european-skills-challenge\/"},"author":{"name":"Dzana Muminovic","@id":"https:\/\/www.organisator.ch\/#\/schema\/person\/afccda3a71c06d4be2ed9100dd163db7"},"headline":"SwissSkills National Team 2025: Startklar f\u00fcr die EuroSkills und European Skills Challenge","datePublished":"2025-02-12T09:52:19+00:00","mainEntityOfPage":{"@id":"https:\/\/www.organisator.ch\/weiterbildung\/2025-02-12\/swissskills-national-team-2025-startklar-fuer-die-euroskills-und-european-skills-challenge\/"},"wordCount":375,"publisher":{"@id":"https:\/\/www.organisator.ch\/#organization"},"image":{"@id":"https:\/\/www.organisator.ch\/weiterbildung\/2025-02-12\/swissskills-national-team-2025-startklar-fuer-die-euroskills-und-european-skills-challenge\/#primaryimage"},"thumbnailUrl":"https:\/\/www.organisator.ch\/wp-content\/uploads\/2025\/02\/SwissSkills_Bild1_ps.jpg","keywords":["Berufsbildung","Berufstalente","EuroSkills","Schweiz","SwissSkills"],"articleSection":["WEITERBILDUNG"],"inLanguage":"fr-FR"},{"@type":"WebPage","@id":"https:\/\/www.organisator.ch\/weiterbildung\/2025-02-12\/swissskills-national-team-2025-startklar-fuer-die-euroskills-und-european-skills-challenge\/","url":"https:\/\/www.organisator.ch\/weiterbildung\/2025-02-12\/swissskills-national-team-2025-startklar-fuer-die-euroskills-und-european-skills-challenge\/","name":"SwissSkills National Team 2025 : pr\u00eat pour les EuroSkills et l'European Skills Challenge - Organisateur","isPartOf":{"@id":"https:\/\/www.organisator.ch\/#website"},"primaryImageOfPage":{"@id":"https:\/\/www.organisator.ch\/weiterbildung\/2025-02-12\/swissskills-national-team-2025-startklar-fuer-die-euroskills-und-european-skills-challenge\/#primaryimage"},"image":{"@id":"https:\/\/www.organisator.ch\/weiterbildung\/2025-02-12\/swissskills-national-team-2025-startklar-fuer-die-euroskills-und-european-skills-challenge\/#primaryimage"},"thumbnailUrl":"https:\/\/www.organisator.ch\/wp-content\/uploads\/2025\/02\/SwissSkills_Bild1_ps.jpg","datePublished":"2025-02-12T09:52:19+00:00","description":"20 jeunes talents repr\u00e9senteront la Suisse aux EuroSkills 2025 et \u00e0 l'European Skills Challenge. Leur objectif : des m\u00e9dailles et des performances de pointe !","breadcrumb":{"@id":"https:\/\/www.organisator.ch\/weiterbildung\/2025-02-12\/swissskills-national-team-2025-startklar-fuer-die-euroskills-und-european-skills-challenge\/#breadcrumb"},"inLanguage":"fr-FR","potentialAction":[{"@type":"ReadAction","target":["https:\/\/www.organisator.ch\/weiterbildung\/2025-02-12\/swissskills-national-team-2025-startklar-fuer-die-euroskills-und-european-skills-challenge\/"]}]},{"@type":"ImageObject","inLanguage":"fr-FR","@id":"https:\/\/www.organisator.ch\/weiterbildung\/2025-02-12\/swissskills-national-team-2025-startklar-fuer-die-euroskills-und-european-skills-challenge\/#primaryimage","url":"https:\/\/www.organisator.ch\/wp-content\/uploads\/2025\/02\/SwissSkills_Bild1_ps.jpg","contentUrl":"https:\/\/www.organisator.ch\/wp-content\/uploads\/2025\/02\/SwissSkills_Bild1_ps.jpg","width":680,"height":453,"caption":"Ein Team \u2013 ein Ziel: Gemeinsam wollen 20 jungen Talente die Erfolgsgeschichte der Schweizer Berufsbildung weiterschreiben. \u00a9 Stefan Wermuth \/ SwissSkills"},{"@type":"BreadcrumbList","@id":"https:\/\/www.organisator.ch\/weiterbildung\/2025-02-12\/swissskills-national-team-2025-startklar-fuer-die-euroskills-und-european-skills-challenge\/#breadcrumb","itemListElement":[{"@type":"ListItem","position":1,"name":"Home","item":"https:\/\/www.organisator.ch\/"},{"@type":"ListItem","position":2,"name":"SwissSkills National Team 2025: Startklar f\u00fcr die EuroSkills und European Skills Challenge"}]},{"@type":"WebSite","@id":"https:\/\/www.organisator.ch\/#website","url":"https:\/\/www.organisator.ch\/","name":"Organisateur","description":"Comp\u00e9tence et comp\u00e9tence. Proches de la pratique. L'ORGANISATEUR pr\u00e9pare 10 num\u00e9ros par an sur les th\u00e8mes essentiels pour les dirigeants de PME.","publisher":{"@id":"https:\/\/www.organisator.ch\/#organization"},"potentialAction":[{"@type":"SearchAction","target":{"@type":"EntryPoint","urlTemplate":"https:\/\/www.organisator.ch\/?s={search_term_string}"},"query-input":{"@type":"PropertyValueSpecification","valueRequired":true,"valueName":"search_term_string"}}],"inLanguage":"fr-FR"},{"@type":"Organization","@id":"https:\/\/www.organisator.ch\/#organization","name":"Organisateur","url":"https:\/\/www.organisator.ch\/","logo":{"@type":"ImageObject","inLanguage":"fr-FR","@id":"https:\/\/www.organisator.ch\/#\/schema\/logo\/image\/","url":"https:\/\/www.organisator.ch\/wp-content\/uploads\/2022\/01\/Logo_Organisator_Website.png","contentUrl":"https:\/\/www.organisator.ch\/wp-content\/uploads\/2022\/01\/Logo_Organisator_Website.png","width":800,"height":77,"caption":"Organisator"},"image":{"@id":"https:\/\/www.organisator.ch\/#\/schema\/logo\/image\/"},"sameAs":["https:\/\/www.facebook.com\/OrganisatorFachmagazin","https:\/\/www.linkedin.com\/showcase\/organisator-das-magazin-fr-kmu","https:\/\/www.xing.com\/news\/pages\/organisator-ch-695","https:\/\/www.youtube.com\/channel\/UCGP2Sq0iWaZwT3BdIAQFYpw"]},{"@type":"Person","@id":"https:\/\/www.organisator.ch\/#\/schema\/person\/afccda3a71c06d4be2ed9100dd163db7","name":"Dzana Muminovic","image":{"@type":"ImageObject","inLanguage":"fr-FR","@id":"https:\/\/secure.gravatar.com\/avatar\/909c5c71aff4b38e88686f2ab2f1ba152571f394f41ed8bae431ea56ced93050?s=96&d=mm&r=g","url":"https:\/\/secure.gravatar.com\/avatar\/909c5c71aff4b38e88686f2ab2f1ba152571f394f41ed8bae431ea56ced93050?s=96&d=mm&r=g","contentUrl":"https:\/\/secure.gravatar.com\/avatar\/909c5c71aff4b38e88686f2ab2f1ba152571f394f41ed8bae431ea56ced93050?s=96&d=mm&r=g","caption":"Dzana Muminovic"},"url":"https:\/\/www.organisator.ch\/fr\/author\/dzana-muminovic\/"}]}},"_links":{"self":[{"href":"https:\/\/www.organisator.ch\/fr\/wp-json\/wp\/v2\/posts\/35928","targetHints":{"allow":["GET"]}}],"collection":[{"href":"https:\/\/www.organisator.ch\/fr\/wp-json\/wp\/v2\/posts"}],"about":[{"href":"https:\/\/www.organisator.ch\/fr\/wp-json\/wp\/v2\/types\/post"}],"author":[{"embeddable":true,"href":"https:\/\/www.organisator.ch\/fr\/wp-json\/wp\/v2\/users\/80"}],"replies":[{"embeddable":true,"href":"https:\/\/www.organisator.ch\/fr\/wp-json\/wp\/v2\/comments?post=35928"}],"version-history":[{"count":3,"href":"https:\/\/www.organisator.ch\/fr\/wp-json\/wp\/v2\/posts\/35928\/revisions"}],"predecessor-version":[{"id":35957,"href":"https:\/\/www.organisator.ch\/fr\/wp-json\/wp\/v2\/posts\/35928\/revisions\/35957"}],"wp:featuredmedia":[{"embeddable":true,"href":"https:\/\/www.organisator.ch\/fr\/wp-json\/wp\/v2\/media\/35929"}],"wp:attachment":[{"href":"https:\/\/www.organisator.ch\/fr\/wp-json\/wp\/v2\/media?parent=35928"}],"wp:term":[{"taxonomy":"category","embeddable":true,"href":"https:\/\/www.organisator.ch\/fr\/wp-json\/wp\/v2\/categories?post=35928"},{"taxonomy":"post_tag","embeddable":true,"href":"https:\/\/www.organisator.ch\/fr\/wp-json\/wp\/v2\/tags?post=35928"}],"curies":[{"name":"wp","href":"https:\/\/api.w.org\/{rel}","templated":true}]}}