{"id":35937,"date":"2025-02-12T13:48:46","date_gmt":"2025-02-12T12:48:46","guid":{"rendered":"https:\/\/www.organisator.ch\/?p=35937"},"modified":"2025-02-12T14:06:41","modified_gmt":"2025-02-12T13:06:41","slug":"fhnw-lanciert-weiterbildungsprogramm-wachstumsmarkt-indien","status":"publish","type":"post","link":"https:\/\/www.organisator.ch\/fr\/weiterbildung\/2025-02-12\/fhnw-lanciert-weiterbildungsprogramm-wachstumsmarkt-indien\/","title":{"rendered":"La FHNW lance un programme de formation continue \"March\u00e9 indien en pleine croissance"},"content":{"rendered":"<figure id=\"attachment_35939\" aria-describedby=\"caption-attachment-35939\" style=\"width: 547px\" class=\"wp-caption alignnone\"><img loading=\"lazy\" decoding=\"async\" class=\"wp-image-35939 size-full\" src=\"https:\/\/www.organisator.ch\/wp-content\/uploads\/2025\/02\/FHNW_Bild1_ps-1-e1739365591220.jpg\" alt=\"\" width=\"547\" height=\"341\" srcset=\"https:\/\/www.organisator.ch\/wp-content\/uploads\/2025\/02\/FHNW_Bild1_ps-1-e1739365591220.jpg 547w, https:\/\/www.organisator.ch\/wp-content\/uploads\/2025\/02\/FHNW_Bild1_ps-1-e1739365591220-18x12.jpg 18w, https:\/\/www.organisator.ch\/wp-content\/uploads\/2025\/02\/FHNW_Bild1_ps-1-e1739365591220-375x234.jpg 375w\" sizes=\"auto, (max-width: 547px) 100vw, 547px\" \/><figcaption id=\"caption-attachment-35939\" class=\"wp-caption-text\">La FHNW propose \u00e0 partir du mois d'ao\u00fbt un nouveau programme de formation continue pour les PME afin d'explorer et de saisir les opportunit\u00e9s commerciales en Inde. (Image : FHNW)<\/figcaption><\/figure>\n<p>La formation, qui se d\u00e9roule \u00e0 la Haute \u00e9cole d'\u00e9conomie FHNW, permet aux participants de se faire une id\u00e9e concr\u00e8te du march\u00e9 indien et de se mettre en r\u00e9seau avec des parties prenantes en Suisse et en Inde qui ont d\u00e9j\u00e0 fait des exp\u00e9riences dans les relations \u00e9conomiques entre les deux pays. Outre des webinaires et des manifestations sur site en Suisse, les participants auront l'occasion, lors d'un voyage d'\u00e9tude de neuf jours en Inde, de se faire concr\u00e8tement une id\u00e9e approfondie des possibilit\u00e9s et du potentiel du march\u00e9 indien sur place, \u00e0 Delhi, Mumbai et Bangalore.<\/p>\n<h3><strong>L'accord commercial avec l'Inde comme avantage<\/strong><\/h3>\n<p>\"Gr\u00e2ce au nouvel accord commercial, l'Inde offre d'\u00e9normes opportunit\u00e9s commerciales aux PME suisses\", d\u00e9clare le professeur Pieter Perrett, responsable de la fili\u00e8re \u00e0 l'Institute for Competitiveness and Communication ICC. \"L'accord pr\u00e9voit qu'au cours des prochaines ann\u00e9es, les droits de douane \u00e0 l'importation sur les produits et services suisses seront nettement r\u00e9duits ou supprim\u00e9s dans 95% des cas. Cela rendra le 'made in Switzerland' nettement plus comp\u00e9titif en termes de prix \u00e9galement\".<\/p>\n<p>Le co-directeur de la fili\u00e8re, Marco Casanova, ajoute : \"L'Inde est le pays le plus peupl\u00e9, il a une d\u00e9mocratie stable, une classe moyenne en croissance constante et 50% de la population a moins de 25 ans. Mais surtout, la Suisse jouit d'une excellente r\u00e9putation en Inde. Gr\u00e2ce \u00e0 l'accord commercial TEPA r\u00e9cemment sign\u00e9, un nouveau march\u00e9 hautement lucratif de 100 milliards de dollars verra le jour dans les 10 \u00e0 15 prochaines ann\u00e9es\".<\/p>\n<h3><strong>Programme de formation continue pour les PME<\/strong><\/h3>\n<p>Le programme de formation continue combine une expertise dans les domaines de l'\u00e9conomie, de la culture, de la soci\u00e9t\u00e9 et de la politique. Lors de la c\u00e9r\u00e9monie organis\u00e9e par la FHNW \u00e0 l'occasion du 20e anniversaire de ses activit\u00e9s en Inde, le conseiller national Nik Gugger (pr\u00e9sident du groupe parlementaire Suisse-Inde) a \u00e9galement soulign\u00e9 l'importance de telles initiatives : \"Je f\u00e9licite la FHNW ici en tant que 'first mover' acad\u00e9mique de profiter de l'accord commercial entre la Suisse et l'Inde pour donner aux PME en Suisse l'occasion de se pencher de mani\u00e8re approfondie et concr\u00e8te sur le march\u00e9 indien qui se chiffre en milliards et qui est en plein essor\".<\/p>\n<h3><strong>Programme de coop\u00e9ration avec le SICC<\/strong><\/h3>\n<p>Le programme de formation continue d\u00e9velopp\u00e9 en \u00e9troite coop\u00e9ration avec la Chambre de commerce Suisse-Inde SICC arrive \u00e9galement au bon moment pour son pr\u00e9sident Philippe Reich : \"L'accord commercial TEPA sign\u00e9 en mars 2024 sera selon toute vraisemblance ratifi\u00e9 cet \u00e9t\u00e9 par les Chambres et l'Inde deviendra alors un gamechanger absolu pour l'\u00e9conomie suisse. Nous, \u00e0 la SICC, sommes tr\u00e8s heureux qu'un tel programme soit propos\u00e9 aux PME suisses int\u00e9ress\u00e9es \u00e0 l'initiative de la FHNW et nous le soutenons volontiers et avec conviction\".<\/p>\n<p>La secr\u00e9taire d'\u00c9tat et directrice du Secr\u00e9tariat d'\u00c9tat \u00e0 l'\u00e9conomie (SECO) Helene Budliger Artieda souligne l'importance de telles initiatives coordonn\u00e9es : \"En tant qu'\u00c9tat, nous pouvons cr\u00e9er les conditions-cadres par le biais de contrats avec d'autres pays. Il appartient ensuite \u00e0 l'\u00e9conomie locale de les faire vivre. La science peut \u00e9galement apporter une contribution significative \u00e0 la d\u00e9fense des int\u00e9r\u00eats suisses\". Ce programme de formation continue a \u00e9t\u00e9 d\u00e9velopp\u00e9 par la FHNW en \u00e9troite collaboration avec l'\u00e9conomie. Il documente pr\u00e9cis\u00e9ment la force de la Suisse, en ce sens que diff\u00e9rentes parties prenantes s'unissent pour donner des impulsions importantes \u00e0 notre place \u00e9conomique suisse, qui servent \u00e0 rendre possible notre prosp\u00e9rit\u00e9 gr\u00e2ce \u00e0 des partenariats porteurs d'avenir dans des zones de croissance.<\/p>\n<p>Le programme de formation continue d\u00e9butera le 28 ao\u00fbt 2025 par un webinaire de deux heures (en ligne), suivi d'un \u00e9v\u00e9nement sur site le 11 septembre 2025 \u00e0 la FHNW \u00e0 Olten. Le voyage d'\u00e9tude en Inde est pr\u00e9vu du 5 au 13 octobre 2025.<\/p>\n<p><em><a href=\"https:\/\/www.fhnw.ch\/en\/continuing-education\/business\/swiss-sme-india\">Plus d'informations<\/a><\/em><\/p>","protected":false},"excerpt":{"rendered":"<p>La Haute \u00e9cole sp\u00e9cialis\u00e9e du Nord-Ouest de la Suisse FHNW d\u00e9veloppe ses activit\u00e9s avec l'Inde et propose d\u00e9sormais \u00e0 partir du mois d'ao\u00fbt l'Executive Leadership Programme pour les PME suisses \"Explore &amp; Discover Business Opportunities with Trade Partner INDIA\".<\/p>","protected":false},"author":80,"featured_media":35939,"comment_status":"closed","ping_status":"closed","sticky":false,"template":"","format":"standard","meta":{"_acf_changed":false,"_yoast_wpseo_focuskw":"Weiterbildungsprogramm","_yoast_wpseo_metadesc":"Die FHNW bietet ab August ein neues Weiterbildungsprogramm f\u00fcr KMU, um Gesch\u00e4ftsm\u00f6glichkeiten in Indien zu erkunden und zu nutzen.","articlekey":"","footnotes":""},"categories":[30],"tags":[1168,1401,301,424,518],"class_list":["post-35937","post","type-post","status-publish","format-standard","has-post-thumbnail","hentry","category-weiterbildung","tag-fhnw","tag-indien","tag-kmu","tag-schweiz","tag-weiterbildung"],"acf":[],"yoast_head":"<!-- This site is optimized with the Yoast SEO plugin v27.5 - https:\/\/yoast.com\/product\/yoast-seo-wordpress\/ -->\n<title>FHNW lanciert Weiterbildungsprogramm \u00abWachstumsmarkt Indien\u00bb - Organisator<\/title>\n<meta name=\"description\" content=\"Die FHNW bietet ab August ein neues Weiterbildungsprogramm f\u00fcr KMU, um Gesch\u00e4ftsm\u00f6glichkeiten in Indien zu erkunden und zu nutzen.\" \/>\n<meta name=\"robots\" content=\"index, follow, max-snippet:-1, max-image-preview:large, max-video-preview:-1\" \/>\n<link rel=\"canonical\" href=\"https:\/\/www.organisator.ch\/fr\/formation-continue-2\/2025-02-12\/fhnw-lanciert-weiterbildungsprogramm-wachstumsmarkt-indien\/\" \/>\n<meta property=\"og:locale\" content=\"fr_FR\" \/>\n<meta property=\"og:type\" content=\"article\" \/>\n<meta property=\"og:title\" content=\"Weiterbildungsprogramm Indien f\u00fcr Schweizer KMU\" \/>\n<meta property=\"og:description\" content=\"Die FHNW bietet ab August ein neues Weiterbildungsprogramm f\u00fcr KMU, um Gesch\u00e4ftsm\u00f6glichkeiten in Indien zu erkunden und zu nutzen.\" \/>\n<meta property=\"og:url\" content=\"https:\/\/www.organisator.ch\/fr\/formation-continue-2\/2025-02-12\/fhnw-lanciert-weiterbildungsprogramm-wachstumsmarkt-indien\/\" \/>\n<meta property=\"og:site_name\" content=\"Organisator\" \/>\n<meta property=\"article:publisher\" content=\"https:\/\/www.facebook.com\/OrganisatorFachmagazin\" \/>\n<meta property=\"article:published_time\" content=\"2025-02-12T12:48:46+00:00\" \/>\n<meta property=\"article:modified_time\" content=\"2025-02-12T13:06:41+00:00\" \/>\n<meta property=\"og:image\" content=\"https:\/\/www.organisator.ch\/wp-content\/uploads\/2025\/02\/FHNW_Bild1_ps-1-e1739365591220.jpg\" \/>\n\t<meta property=\"og:image:width\" content=\"547\" \/>\n\t<meta property=\"og:image:height\" content=\"341\" \/>\n\t<meta property=\"og:image:type\" content=\"image\/jpeg\" \/>\n<meta name=\"author\" content=\"Dzana Muminovic\" \/>\n<meta name=\"twitter:card\" content=\"summary_large_image\" \/>\n<meta name=\"twitter:title\" content=\"Weiterbildungsprogramm Indien f\u00fcr Schweizer KMU\" \/>\n<meta name=\"twitter:description\" content=\"Die #FHNW bietet ab #August ein neues #Weiterbildungsprogramm f\u00fcr #KMU, um #Gesch\u00e4ftsm\u00f6glichkeiten in #Indien zu erkunden und zu nutzen.\" \/>\n<meta name=\"twitter:image\" content=\"https:\/\/www.organisator.ch\/wp-content\/uploads\/2025\/02\/FHNW_Bild1_ps-1-e1739365591220.jpg\" \/>\n<script type=\"application\/ld+json\" class=\"yoast-schema-graph\">{\"@context\":\"https:\\\/\\\/schema.org\",\"@graph\":[{\"@type\":\"Article\",\"@id\":\"https:\\\/\\\/www.organisator.ch\\\/weiterbildung\\\/2025-02-12\\\/fhnw-lanciert-weiterbildungsprogramm-wachstumsmarkt-indien\\\/#article\",\"isPartOf\":{\"@id\":\"https:\\\/\\\/www.organisator.ch\\\/weiterbildung\\\/2025-02-12\\\/fhnw-lanciert-weiterbildungsprogramm-wachstumsmarkt-indien\\\/\"},\"author\":{\"name\":\"Dzana Muminovic\",\"@id\":\"https:\\\/\\\/www.organisator.ch\\\/#\\\/schema\\\/person\\\/afccda3a71c06d4be2ed9100dd163db7\"},\"headline\":\"FHNW lanciert Weiterbildungsprogramm \u00abWachstumsmarkt Indien\u00bb\",\"datePublished\":\"2025-02-12T12:48:46+00:00\",\"dateModified\":\"2025-02-12T13:06:41+00:00\",\"mainEntityOfPage\":{\"@id\":\"https:\\\/\\\/www.organisator.ch\\\/weiterbildung\\\/2025-02-12\\\/fhnw-lanciert-weiterbildungsprogramm-wachstumsmarkt-indien\\\/\"},\"wordCount\":574,\"publisher\":{\"@id\":\"https:\\\/\\\/www.organisator.ch\\\/#organization\"},\"image\":{\"@id\":\"https:\\\/\\\/www.organisator.ch\\\/weiterbildung\\\/2025-02-12\\\/fhnw-lanciert-weiterbildungsprogramm-wachstumsmarkt-indien\\\/#primaryimage\"},\"thumbnailUrl\":\"https:\\\/\\\/www.organisator.ch\\\/wp-content\\\/uploads\\\/2025\\\/02\\\/FHNW_Bild1_ps-1-e1739365591220.jpg\",\"keywords\":[\"FHNW\",\"Indien\",\"KMU\",\"Schweiz\",\"Weiterbildung\"],\"articleSection\":[\"WEITERBILDUNG\"],\"inLanguage\":\"fr-FR\"},{\"@type\":\"WebPage\",\"@id\":\"https:\\\/\\\/www.organisator.ch\\\/weiterbildung\\\/2025-02-12\\\/fhnw-lanciert-weiterbildungsprogramm-wachstumsmarkt-indien\\\/\",\"url\":\"https:\\\/\\\/www.organisator.ch\\\/weiterbildung\\\/2025-02-12\\\/fhnw-lanciert-weiterbildungsprogramm-wachstumsmarkt-indien\\\/\",\"name\":\"FHNW lanciert Weiterbildungsprogramm \u00abWachstumsmarkt Indien\u00bb - Organisator\",\"isPartOf\":{\"@id\":\"https:\\\/\\\/www.organisator.ch\\\/#website\"},\"primaryImageOfPage\":{\"@id\":\"https:\\\/\\\/www.organisator.ch\\\/weiterbildung\\\/2025-02-12\\\/fhnw-lanciert-weiterbildungsprogramm-wachstumsmarkt-indien\\\/#primaryimage\"},\"image\":{\"@id\":\"https:\\\/\\\/www.organisator.ch\\\/weiterbildung\\\/2025-02-12\\\/fhnw-lanciert-weiterbildungsprogramm-wachstumsmarkt-indien\\\/#primaryimage\"},\"thumbnailUrl\":\"https:\\\/\\\/www.organisator.ch\\\/wp-content\\\/uploads\\\/2025\\\/02\\\/FHNW_Bild1_ps-1-e1739365591220.jpg\",\"datePublished\":\"2025-02-12T12:48:46+00:00\",\"dateModified\":\"2025-02-12T13:06:41+00:00\",\"description\":\"Die FHNW bietet ab August ein neues Weiterbildungsprogramm f\u00fcr KMU, um Gesch\u00e4ftsm\u00f6glichkeiten in Indien zu erkunden und zu nutzen.\",\"breadcrumb\":{\"@id\":\"https:\\\/\\\/www.organisator.ch\\\/weiterbildung\\\/2025-02-12\\\/fhnw-lanciert-weiterbildungsprogramm-wachstumsmarkt-indien\\\/#breadcrumb\"},\"inLanguage\":\"fr-FR\",\"potentialAction\":[{\"@type\":\"ReadAction\",\"target\":[\"https:\\\/\\\/www.organisator.ch\\\/weiterbildung\\\/2025-02-12\\\/fhnw-lanciert-weiterbildungsprogramm-wachstumsmarkt-indien\\\/\"]}]},{\"@type\":\"ImageObject\",\"inLanguage\":\"fr-FR\",\"@id\":\"https:\\\/\\\/www.organisator.ch\\\/weiterbildung\\\/2025-02-12\\\/fhnw-lanciert-weiterbildungsprogramm-wachstumsmarkt-indien\\\/#primaryimage\",\"url\":\"https:\\\/\\\/www.organisator.ch\\\/wp-content\\\/uploads\\\/2025\\\/02\\\/FHNW_Bild1_ps-1-e1739365591220.jpg\",\"contentUrl\":\"https:\\\/\\\/www.organisator.ch\\\/wp-content\\\/uploads\\\/2025\\\/02\\\/FHNW_Bild1_ps-1-e1739365591220.jpg\",\"width\":547,\"height\":341,\"caption\":\"Die FHNW bietet ab August ein neues Weiterbildungsprogramm f\u00fcr KMU, um Gesch\u00e4ftsm\u00f6glichkeiten in Indien zu erkunden und zu nutzen. (Bild: FHNW)\"},{\"@type\":\"BreadcrumbList\",\"@id\":\"https:\\\/\\\/www.organisator.ch\\\/weiterbildung\\\/2025-02-12\\\/fhnw-lanciert-weiterbildungsprogramm-wachstumsmarkt-indien\\\/#breadcrumb\",\"itemListElement\":[{\"@type\":\"ListItem\",\"position\":1,\"name\":\"Home\",\"item\":\"https:\\\/\\\/www.organisator.ch\\\/\"},{\"@type\":\"ListItem\",\"position\":2,\"name\":\"FHNW lanciert Weiterbildungsprogramm \u00abWachstumsmarkt Indien\u00bb\"}]},{\"@type\":\"WebSite\",\"@id\":\"https:\\\/\\\/www.organisator.ch\\\/#website\",\"url\":\"https:\\\/\\\/www.organisator.ch\\\/\",\"name\":\"Organisator\",\"description\":\"Kompetent. Praxisnah. Der ORGANISATOR bereitet in 10 Ausgaben pro Jahr die wesentlichen Themen f\u00fcr F\u00fchrungskr\u00e4fte von KMU auf.\",\"publisher\":{\"@id\":\"https:\\\/\\\/www.organisator.ch\\\/#organization\"},\"potentialAction\":[{\"@type\":\"SearchAction\",\"target\":{\"@type\":\"EntryPoint\",\"urlTemplate\":\"https:\\\/\\\/www.organisator.ch\\\/?s={search_term_string}\"},\"query-input\":{\"@type\":\"PropertyValueSpecification\",\"valueRequired\":true,\"valueName\":\"search_term_string\"}}],\"inLanguage\":\"fr-FR\"},{\"@type\":\"Organization\",\"@id\":\"https:\\\/\\\/www.organisator.ch\\\/#organization\",\"name\":\"Organisator\",\"url\":\"https:\\\/\\\/www.organisator.ch\\\/\",\"logo\":{\"@type\":\"ImageObject\",\"inLanguage\":\"fr-FR\",\"@id\":\"https:\\\/\\\/www.organisator.ch\\\/#\\\/schema\\\/logo\\\/image\\\/\",\"url\":\"https:\\\/\\\/www.organisator.ch\\\/wp-content\\\/uploads\\\/2022\\\/01\\\/Logo_Organisator_Website.png\",\"contentUrl\":\"https:\\\/\\\/www.organisator.ch\\\/wp-content\\\/uploads\\\/2022\\\/01\\\/Logo_Organisator_Website.png\",\"width\":800,\"height\":77,\"caption\":\"Organisator\"},\"image\":{\"@id\":\"https:\\\/\\\/www.organisator.ch\\\/#\\\/schema\\\/logo\\\/image\\\/\"},\"sameAs\":[\"https:\\\/\\\/www.facebook.com\\\/OrganisatorFachmagazin\",\"https:\\\/\\\/www.linkedin.com\\\/showcase\\\/organisator-das-magazin-fr-kmu\",\"https:\\\/\\\/www.xing.com\\\/news\\\/pages\\\/organisator-ch-695\",\"https:\\\/\\\/www.youtube.com\\\/channel\\\/UCGP2Sq0iWaZwT3BdIAQFYpw\"]},{\"@type\":\"Person\",\"@id\":\"https:\\\/\\\/www.organisator.ch\\\/#\\\/schema\\\/person\\\/afccda3a71c06d4be2ed9100dd163db7\",\"name\":\"Dzana Muminovic\",\"image\":{\"@type\":\"ImageObject\",\"inLanguage\":\"fr-FR\",\"@id\":\"https:\\\/\\\/secure.gravatar.com\\\/avatar\\\/909c5c71aff4b38e88686f2ab2f1ba152571f394f41ed8bae431ea56ced93050?s=96&d=mm&r=g\",\"url\":\"https:\\\/\\\/secure.gravatar.com\\\/avatar\\\/909c5c71aff4b38e88686f2ab2f1ba152571f394f41ed8bae431ea56ced93050?s=96&d=mm&r=g\",\"contentUrl\":\"https:\\\/\\\/secure.gravatar.com\\\/avatar\\\/909c5c71aff4b38e88686f2ab2f1ba152571f394f41ed8bae431ea56ced93050?s=96&d=mm&r=g\",\"caption\":\"Dzana Muminovic\"},\"url\":\"https:\\\/\\\/www.organisator.ch\\\/fr\\\/author\\\/dzana-muminovic\\\/\"}]}<\/script>\n<!-- \/ Yoast SEO plugin. -->","yoast_head_json":{"title":"La FHNW lance un programme de formation continue \"March\u00e9 indien en pleine croissance\" - Organisateur","description":"La FHNW propose \u00e0 partir du mois d'ao\u00fbt un nouveau programme de formation continue pour les PME afin d'explorer et de saisir les opportunit\u00e9s commerciales en Inde.","robots":{"index":"index","follow":"follow","max-snippet":"max-snippet:-1","max-image-preview":"max-image-preview:large","max-video-preview":"max-video-preview:-1"},"canonical":"https:\/\/www.organisator.ch\/fr\/formation-continue-2\/2025-02-12\/fhnw-lanciert-weiterbildungsprogramm-wachstumsmarkt-indien\/","og_locale":"fr_FR","og_type":"article","og_title":"Weiterbildungsprogramm Indien f\u00fcr Schweizer KMU","og_description":"Die FHNW bietet ab August ein neues Weiterbildungsprogramm f\u00fcr KMU, um Gesch\u00e4ftsm\u00f6glichkeiten in Indien zu erkunden und zu nutzen.","og_url":"https:\/\/www.organisator.ch\/fr\/formation-continue-2\/2025-02-12\/fhnw-lanciert-weiterbildungsprogramm-wachstumsmarkt-indien\/","og_site_name":"Organisator","article_publisher":"https:\/\/www.facebook.com\/OrganisatorFachmagazin","article_published_time":"2025-02-12T12:48:46+00:00","article_modified_time":"2025-02-12T13:06:41+00:00","og_image":[{"width":547,"height":341,"url":"https:\/\/www.organisator.ch\/wp-content\/uploads\/2025\/02\/FHNW_Bild1_ps-1-e1739365591220.jpg","type":"image\/jpeg"}],"author":"Dzana Muminovic","twitter_card":"summary_large_image","twitter_title":"Weiterbildungsprogramm Indien f\u00fcr Schweizer KMU","twitter_description":"Die #FHNW bietet ab #August ein neues #Weiterbildungsprogramm f\u00fcr #KMU, um #Gesch\u00e4ftsm\u00f6glichkeiten in #Indien zu erkunden und zu nutzen.","twitter_image":"https:\/\/www.organisator.ch\/wp-content\/uploads\/2025\/02\/FHNW_Bild1_ps-1-e1739365591220.jpg","schema":{"@context":"https:\/\/schema.org","@graph":[{"@type":"Article","@id":"https:\/\/www.organisator.ch\/weiterbildung\/2025-02-12\/fhnw-lanciert-weiterbildungsprogramm-wachstumsmarkt-indien\/#article","isPartOf":{"@id":"https:\/\/www.organisator.ch\/weiterbildung\/2025-02-12\/fhnw-lanciert-weiterbildungsprogramm-wachstumsmarkt-indien\/"},"author":{"name":"Dzana Muminovic","@id":"https:\/\/www.organisator.ch\/#\/schema\/person\/afccda3a71c06d4be2ed9100dd163db7"},"headline":"FHNW lanciert Weiterbildungsprogramm \u00abWachstumsmarkt Indien\u00bb","datePublished":"2025-02-12T12:48:46+00:00","dateModified":"2025-02-12T13:06:41+00:00","mainEntityOfPage":{"@id":"https:\/\/www.organisator.ch\/weiterbildung\/2025-02-12\/fhnw-lanciert-weiterbildungsprogramm-wachstumsmarkt-indien\/"},"wordCount":574,"publisher":{"@id":"https:\/\/www.organisator.ch\/#organization"},"image":{"@id":"https:\/\/www.organisator.ch\/weiterbildung\/2025-02-12\/fhnw-lanciert-weiterbildungsprogramm-wachstumsmarkt-indien\/#primaryimage"},"thumbnailUrl":"https:\/\/www.organisator.ch\/wp-content\/uploads\/2025\/02\/FHNW_Bild1_ps-1-e1739365591220.jpg","keywords":["FHNW","Indien","KMU","Schweiz","Weiterbildung"],"articleSection":["WEITERBILDUNG"],"inLanguage":"fr-FR"},{"@type":"WebPage","@id":"https:\/\/www.organisator.ch\/weiterbildung\/2025-02-12\/fhnw-lanciert-weiterbildungsprogramm-wachstumsmarkt-indien\/","url":"https:\/\/www.organisator.ch\/weiterbildung\/2025-02-12\/fhnw-lanciert-weiterbildungsprogramm-wachstumsmarkt-indien\/","name":"La FHNW lance un programme de formation continue \"March\u00e9 indien en pleine croissance\" - Organisateur","isPartOf":{"@id":"https:\/\/www.organisator.ch\/#website"},"primaryImageOfPage":{"@id":"https:\/\/www.organisator.ch\/weiterbildung\/2025-02-12\/fhnw-lanciert-weiterbildungsprogramm-wachstumsmarkt-indien\/#primaryimage"},"image":{"@id":"https:\/\/www.organisator.ch\/weiterbildung\/2025-02-12\/fhnw-lanciert-weiterbildungsprogramm-wachstumsmarkt-indien\/#primaryimage"},"thumbnailUrl":"https:\/\/www.organisator.ch\/wp-content\/uploads\/2025\/02\/FHNW_Bild1_ps-1-e1739365591220.jpg","datePublished":"2025-02-12T12:48:46+00:00","dateModified":"2025-02-12T13:06:41+00:00","description":"La FHNW propose \u00e0 partir du mois d'ao\u00fbt un nouveau programme de formation continue pour les PME afin d'explorer et de saisir les opportunit\u00e9s commerciales en Inde.","breadcrumb":{"@id":"https:\/\/www.organisator.ch\/weiterbildung\/2025-02-12\/fhnw-lanciert-weiterbildungsprogramm-wachstumsmarkt-indien\/#breadcrumb"},"inLanguage":"fr-FR","potentialAction":[{"@type":"ReadAction","target":["https:\/\/www.organisator.ch\/weiterbildung\/2025-02-12\/fhnw-lanciert-weiterbildungsprogramm-wachstumsmarkt-indien\/"]}]},{"@type":"ImageObject","inLanguage":"fr-FR","@id":"https:\/\/www.organisator.ch\/weiterbildung\/2025-02-12\/fhnw-lanciert-weiterbildungsprogramm-wachstumsmarkt-indien\/#primaryimage","url":"https:\/\/www.organisator.ch\/wp-content\/uploads\/2025\/02\/FHNW_Bild1_ps-1-e1739365591220.jpg","contentUrl":"https:\/\/www.organisator.ch\/wp-content\/uploads\/2025\/02\/FHNW_Bild1_ps-1-e1739365591220.jpg","width":547,"height":341,"caption":"Die FHNW bietet ab August ein neues Weiterbildungsprogramm f\u00fcr KMU, um Gesch\u00e4ftsm\u00f6glichkeiten in Indien zu erkunden und zu nutzen. (Bild: FHNW)"},{"@type":"BreadcrumbList","@id":"https:\/\/www.organisator.ch\/weiterbildung\/2025-02-12\/fhnw-lanciert-weiterbildungsprogramm-wachstumsmarkt-indien\/#breadcrumb","itemListElement":[{"@type":"ListItem","position":1,"name":"Home","item":"https:\/\/www.organisator.ch\/"},{"@type":"ListItem","position":2,"name":"FHNW lanciert Weiterbildungsprogramm \u00abWachstumsmarkt Indien\u00bb"}]},{"@type":"WebSite","@id":"https:\/\/www.organisator.ch\/#website","url":"https:\/\/www.organisator.ch\/","name":"Organisateur","description":"Comp\u00e9tence et comp\u00e9tence. Proches de la pratique. L'ORGANISATEUR pr\u00e9pare 10 num\u00e9ros par an sur les th\u00e8mes essentiels pour les dirigeants de PME.","publisher":{"@id":"https:\/\/www.organisator.ch\/#organization"},"potentialAction":[{"@type":"SearchAction","target":{"@type":"EntryPoint","urlTemplate":"https:\/\/www.organisator.ch\/?s={search_term_string}"},"query-input":{"@type":"PropertyValueSpecification","valueRequired":true,"valueName":"search_term_string"}}],"inLanguage":"fr-FR"},{"@type":"Organization","@id":"https:\/\/www.organisator.ch\/#organization","name":"Organisateur","url":"https:\/\/www.organisator.ch\/","logo":{"@type":"ImageObject","inLanguage":"fr-FR","@id":"https:\/\/www.organisator.ch\/#\/schema\/logo\/image\/","url":"https:\/\/www.organisator.ch\/wp-content\/uploads\/2022\/01\/Logo_Organisator_Website.png","contentUrl":"https:\/\/www.organisator.ch\/wp-content\/uploads\/2022\/01\/Logo_Organisator_Website.png","width":800,"height":77,"caption":"Organisator"},"image":{"@id":"https:\/\/www.organisator.ch\/#\/schema\/logo\/image\/"},"sameAs":["https:\/\/www.facebook.com\/OrganisatorFachmagazin","https:\/\/www.linkedin.com\/showcase\/organisator-das-magazin-fr-kmu","https:\/\/www.xing.com\/news\/pages\/organisator-ch-695","https:\/\/www.youtube.com\/channel\/UCGP2Sq0iWaZwT3BdIAQFYpw"]},{"@type":"Person","@id":"https:\/\/www.organisator.ch\/#\/schema\/person\/afccda3a71c06d4be2ed9100dd163db7","name":"Dzana Muminovic","image":{"@type":"ImageObject","inLanguage":"fr-FR","@id":"https:\/\/secure.gravatar.com\/avatar\/909c5c71aff4b38e88686f2ab2f1ba152571f394f41ed8bae431ea56ced93050?s=96&d=mm&r=g","url":"https:\/\/secure.gravatar.com\/avatar\/909c5c71aff4b38e88686f2ab2f1ba152571f394f41ed8bae431ea56ced93050?s=96&d=mm&r=g","contentUrl":"https:\/\/secure.gravatar.com\/avatar\/909c5c71aff4b38e88686f2ab2f1ba152571f394f41ed8bae431ea56ced93050?s=96&d=mm&r=g","caption":"Dzana Muminovic"},"url":"https:\/\/www.organisator.ch\/fr\/author\/dzana-muminovic\/"}]}},"_links":{"self":[{"href":"https:\/\/www.organisator.ch\/fr\/wp-json\/wp\/v2\/posts\/35937","targetHints":{"allow":["GET"]}}],"collection":[{"href":"https:\/\/www.organisator.ch\/fr\/wp-json\/wp\/v2\/posts"}],"about":[{"href":"https:\/\/www.organisator.ch\/fr\/wp-json\/wp\/v2\/types\/post"}],"author":[{"embeddable":true,"href":"https:\/\/www.organisator.ch\/fr\/wp-json\/wp\/v2\/users\/80"}],"replies":[{"embeddable":true,"href":"https:\/\/www.organisator.ch\/fr\/wp-json\/wp\/v2\/comments?post=35937"}],"version-history":[{"count":6,"href":"https:\/\/www.organisator.ch\/fr\/wp-json\/wp\/v2\/posts\/35937\/revisions"}],"predecessor-version":[{"id":35944,"href":"https:\/\/www.organisator.ch\/fr\/wp-json\/wp\/v2\/posts\/35937\/revisions\/35944"}],"wp:featuredmedia":[{"embeddable":true,"href":"https:\/\/www.organisator.ch\/fr\/wp-json\/wp\/v2\/media\/35939"}],"wp:attachment":[{"href":"https:\/\/www.organisator.ch\/fr\/wp-json\/wp\/v2\/media?parent=35937"}],"wp:term":[{"taxonomy":"category","embeddable":true,"href":"https:\/\/www.organisator.ch\/fr\/wp-json\/wp\/v2\/categories?post=35937"},{"taxonomy":"post_tag","embeddable":true,"href":"https:\/\/www.organisator.ch\/fr\/wp-json\/wp\/v2\/tags?post=35937"}],"curies":[{"name":"wp","href":"https:\/\/api.w.org\/{rel}","templated":true}]}}