{"id":35989,"date":"2025-02-16T16:53:43","date_gmt":"2025-02-16T15:53:43","guid":{"rendered":"https:\/\/www.markt-kom.com\/?p=230486"},"modified":"2025-02-17T09:41:04","modified_gmt":"2025-02-17T08:41:04","slug":"sdv-award-2025-einreichungen-gestartet","status":"publish","type":"post","link":"https:\/\/www.organisator.ch\/fr\/marketing\/2025-02-16\/sdv-award-2025-einreichungen-gestartet\/","title":{"rendered":"SDV Award 2025 : les soumissions sont lanc\u00e9es"},"content":{"rendered":"<p><a href=\"https:\/\/www.markt-kom.com\/wp-content\/uploads\/2025\/02\/SDV-Einreichungen.jpg\"><img class=\"aligncenter size-full wp-image-230487\" src=\"https:\/\/www.markt-kom.com\/wp-content\/uploads\/2025\/02\/SDV-Einreichungen.jpg\" sizes=\"(max-width: 746px) 100vw, 746px\" srcset=\"https:\/\/www.markt-kom.com\/wp-content\/uploads\/2025\/02\/SDV-Einreichungen.jpg 746w, https:\/\/www.markt-kom.com\/wp-content\/uploads\/2025\/02\/SDV-Einreichungen-600x302.jpg 600w, https:\/\/www.markt-kom.com\/wp-content\/uploads\/2025\/02\/SDV-Einreichungen-18x9.jpg 18w, https:\/\/www.markt-kom.com\/wp-content\/uploads\/2025\/02\/SDV-Einreichungen-347x175.jpg 347w, https:\/\/www.markt-kom.com\/wp-content\/uploads\/2025\/02\/SDV-Einreichungen-694x350.jpg 694w\" alt=\"\" width=\"746\" height=\"376\" \/><\/a><\/p>\r\n<p>Cette ann\u00e9e encore, l'Association Suisse de Marketing de Dialogue (ASMD) r\u00e9compensera des travaux innovants, cr\u00e9atifs et strat\u00e9giquement bien pens\u00e9s dans le domaine du marketing de dialogue.<\/p>\r\n<p>Le concours est ouvert depuis vendredi. Les campagnes qui ont \u00e9t\u00e9 r\u00e9alis\u00e9es et publi\u00e9es entre le 1er janvier 2024 et le 31 janvier 2025 peuvent \u00eatre soumises.<\/p>\r\n<p>Le site <a href=\"https:\/\/sdv25.alpha-awards.com\/auth\/login\" rel=\"noopener\">L'inscription se fait en ligne<\/a>. Dans une <a href=\"https:\/\/ausstellung.sdv-award.ch\/landing\" rel=\"noopener\">virtuel \"Vernissage<\/a> la SDV pr\u00e9sente en outre les campagnes gagnantes de l'ann\u00e9e derni\u00e8re, o\u00f9 les participants peuvent trouver de l'inspiration.<\/p>","protected":false},"excerpt":{"rendered":"<p>L'appel d'offres pour le SDV Award 2025 est en cours. Nous recherchons des campagnes de marketing de dialogue exceptionnelles r\u00e9alis\u00e9es en 2024. La date limite d'envoi est le 24 mars 2025.<\/p>","protected":false},"author":8,"featured_media":0,"comment_status":"closed","ping_status":"closed","sticky":false,"template":"","format":"standard","meta":{"_acf_changed":false,"_yoast_wpseo_focuskw":"SDV Award 2025","_yoast_wpseo_metadesc":"Die Ausschreibung f\u00fcr den SDV Award 2025 l\u00e4uft. Gesucht werden herausragende Dialogmarketing-Kampagnen aus dem Jahr 2024.","articlekey":"","footnotes":""},"categories":[29],"tags":[66,5086,4419],"class_list":["post-35989","post","type-post","status-publish","format-standard","hentry","category-marketing","tag-awards","tag-schweizer-dialogmarketing-verband-sdv","tag-sdv-award"],"acf":[],"yoast_head":"<!-- This site is optimized with the Yoast SEO plugin v27.5 - https:\/\/yoast.com\/product\/yoast-seo-wordpress\/ -->\n<title>SDV Award 2025: Einreichungen gestartet - Organisator<\/title>\n<meta name=\"description\" content=\"Die Ausschreibung f\u00fcr den SDV Award 2025 l\u00e4uft. Gesucht werden herausragende Dialogmarketing-Kampagnen aus dem Jahr 2024.\" \/>\n<meta name=\"robots\" content=\"index, follow, max-snippet:-1, max-image-preview:large, max-video-preview:-1\" \/>\n<link rel=\"canonical\" href=\"https:\/\/www.organisator.ch\/fr\/marketing\/2025-02-16\/sdv-award-2025-einreichungen-gestartet\/\" \/>\n<meta property=\"og:locale\" content=\"fr_FR\" \/>\n<meta property=\"og:type\" content=\"article\" \/>\n<meta property=\"og:title\" content=\"SDV Award 2025: Einreichungen gestartet - Organisator\" \/>\n<meta property=\"og:description\" content=\"Die Ausschreibung f\u00fcr den SDV Award 2025 l\u00e4uft. Gesucht werden herausragende Dialogmarketing-Kampagnen aus dem Jahr 2024.\" \/>\n<meta property=\"og:url\" content=\"https:\/\/www.organisator.ch\/fr\/marketing\/2025-02-16\/sdv-award-2025-einreichungen-gestartet\/\" \/>\n<meta property=\"og:site_name\" content=\"Organisator\" \/>\n<meta property=\"article:publisher\" content=\"https:\/\/www.facebook.com\/OrganisatorFachmagazin\" \/>\n<meta property=\"article:published_time\" content=\"2025-02-16T15:53:43+00:00\" \/>\n<meta property=\"article:modified_time\" content=\"2025-02-17T08:41:04+00:00\" \/>\n<meta name=\"author\" content=\"galledia\" \/>\n<meta name=\"twitter:card\" content=\"summary_large_image\" \/>\n<meta name=\"twitter:creator\" content=\"@admin\" \/>\n<script type=\"application\/ld+json\" class=\"yoast-schema-graph\">{\"@context\":\"https:\\\/\\\/schema.org\",\"@graph\":[{\"@type\":\"Article\",\"@id\":\"https:\\\/\\\/www.organisator.ch\\\/marketing\\\/2025-02-16\\\/sdv-award-2025-einreichungen-gestartet\\\/#article\",\"isPartOf\":{\"@id\":\"https:\\\/\\\/www.organisator.ch\\\/marketing\\\/2025-02-16\\\/sdv-award-2025-einreichungen-gestartet\\\/\"},\"author\":{\"name\":\"galledia\",\"@id\":\"https:\\\/\\\/www.organisator.ch\\\/#\\\/schema\\\/person\\\/4e51799071cd2dd1232ac003643ef5f0\"},\"headline\":\"SDV Award 2025: Einreichungen gestartet\",\"datePublished\":\"2025-02-16T15:53:43+00:00\",\"dateModified\":\"2025-02-17T08:41:04+00:00\",\"mainEntityOfPage\":{\"@id\":\"https:\\\/\\\/www.organisator.ch\\\/marketing\\\/2025-02-16\\\/sdv-award-2025-einreichungen-gestartet\\\/\"},\"wordCount\":73,\"publisher\":{\"@id\":\"https:\\\/\\\/www.organisator.ch\\\/#organization\"},\"image\":{\"@id\":\"https:\\\/\\\/www.organisator.ch\\\/marketing\\\/2025-02-16\\\/sdv-award-2025-einreichungen-gestartet\\\/#primaryimage\"},\"thumbnailUrl\":\"https:\\\/\\\/www.markt-kom.com\\\/wp-content\\\/uploads\\\/2025\\\/02\\\/SDV-Einreichungen.jpg\",\"keywords\":[\"Awards\",\"Schweizer Dialogmarketing Verband SDV\",\"SDV-Award\"],\"articleSection\":[\"MARKETING\"],\"inLanguage\":\"fr-FR\"},{\"@type\":\"WebPage\",\"@id\":\"https:\\\/\\\/www.organisator.ch\\\/marketing\\\/2025-02-16\\\/sdv-award-2025-einreichungen-gestartet\\\/\",\"url\":\"https:\\\/\\\/www.organisator.ch\\\/marketing\\\/2025-02-16\\\/sdv-award-2025-einreichungen-gestartet\\\/\",\"name\":\"SDV Award 2025: Einreichungen gestartet - Organisator\",\"isPartOf\":{\"@id\":\"https:\\\/\\\/www.organisator.ch\\\/#website\"},\"primaryImageOfPage\":{\"@id\":\"https:\\\/\\\/www.organisator.ch\\\/marketing\\\/2025-02-16\\\/sdv-award-2025-einreichungen-gestartet\\\/#primaryimage\"},\"image\":{\"@id\":\"https:\\\/\\\/www.organisator.ch\\\/marketing\\\/2025-02-16\\\/sdv-award-2025-einreichungen-gestartet\\\/#primaryimage\"},\"thumbnailUrl\":\"https:\\\/\\\/www.markt-kom.com\\\/wp-content\\\/uploads\\\/2025\\\/02\\\/SDV-Einreichungen.jpg\",\"datePublished\":\"2025-02-16T15:53:43+00:00\",\"dateModified\":\"2025-02-17T08:41:04+00:00\",\"description\":\"Die Ausschreibung f\u00fcr den SDV Award 2025 l\u00e4uft. Gesucht werden herausragende Dialogmarketing-Kampagnen aus dem Jahr 2024.\",\"breadcrumb\":{\"@id\":\"https:\\\/\\\/www.organisator.ch\\\/marketing\\\/2025-02-16\\\/sdv-award-2025-einreichungen-gestartet\\\/#breadcrumb\"},\"inLanguage\":\"fr-FR\",\"potentialAction\":[{\"@type\":\"ReadAction\",\"target\":[\"https:\\\/\\\/www.organisator.ch\\\/marketing\\\/2025-02-16\\\/sdv-award-2025-einreichungen-gestartet\\\/\"]}]},{\"@type\":\"ImageObject\",\"inLanguage\":\"fr-FR\",\"@id\":\"https:\\\/\\\/www.organisator.ch\\\/marketing\\\/2025-02-16\\\/sdv-award-2025-einreichungen-gestartet\\\/#primaryimage\",\"url\":\"https:\\\/\\\/www.markt-kom.com\\\/wp-content\\\/uploads\\\/2025\\\/02\\\/SDV-Einreichungen.jpg\",\"contentUrl\":\"https:\\\/\\\/www.markt-kom.com\\\/wp-content\\\/uploads\\\/2025\\\/02\\\/SDV-Einreichungen.jpg\"},{\"@type\":\"BreadcrumbList\",\"@id\":\"https:\\\/\\\/www.organisator.ch\\\/marketing\\\/2025-02-16\\\/sdv-award-2025-einreichungen-gestartet\\\/#breadcrumb\",\"itemListElement\":[{\"@type\":\"ListItem\",\"position\":1,\"name\":\"Home\",\"item\":\"https:\\\/\\\/www.organisator.ch\\\/\"},{\"@type\":\"ListItem\",\"position\":2,\"name\":\"SDV Award 2025: Einreichungen gestartet\"}]},{\"@type\":\"WebSite\",\"@id\":\"https:\\\/\\\/www.organisator.ch\\\/#website\",\"url\":\"https:\\\/\\\/www.organisator.ch\\\/\",\"name\":\"Organisator\",\"description\":\"Kompetent. Praxisnah. Der ORGANISATOR bereitet in 10 Ausgaben pro Jahr die wesentlichen Themen f\u00fcr F\u00fchrungskr\u00e4fte von KMU auf.\",\"publisher\":{\"@id\":\"https:\\\/\\\/www.organisator.ch\\\/#organization\"},\"potentialAction\":[{\"@type\":\"SearchAction\",\"target\":{\"@type\":\"EntryPoint\",\"urlTemplate\":\"https:\\\/\\\/www.organisator.ch\\\/?s={search_term_string}\"},\"query-input\":{\"@type\":\"PropertyValueSpecification\",\"valueRequired\":true,\"valueName\":\"search_term_string\"}}],\"inLanguage\":\"fr-FR\"},{\"@type\":\"Organization\",\"@id\":\"https:\\\/\\\/www.organisator.ch\\\/#organization\",\"name\":\"Organisator\",\"url\":\"https:\\\/\\\/www.organisator.ch\\\/\",\"logo\":{\"@type\":\"ImageObject\",\"inLanguage\":\"fr-FR\",\"@id\":\"https:\\\/\\\/www.organisator.ch\\\/#\\\/schema\\\/logo\\\/image\\\/\",\"url\":\"https:\\\/\\\/www.organisator.ch\\\/wp-content\\\/uploads\\\/2022\\\/01\\\/Logo_Organisator_Website.png\",\"contentUrl\":\"https:\\\/\\\/www.organisator.ch\\\/wp-content\\\/uploads\\\/2022\\\/01\\\/Logo_Organisator_Website.png\",\"width\":800,\"height\":77,\"caption\":\"Organisator\"},\"image\":{\"@id\":\"https:\\\/\\\/www.organisator.ch\\\/#\\\/schema\\\/logo\\\/image\\\/\"},\"sameAs\":[\"https:\\\/\\\/www.facebook.com\\\/OrganisatorFachmagazin\",\"https:\\\/\\\/www.linkedin.com\\\/showcase\\\/organisator-das-magazin-fr-kmu\",\"https:\\\/\\\/www.xing.com\\\/news\\\/pages\\\/organisator-ch-695\",\"https:\\\/\\\/www.youtube.com\\\/channel\\\/UCGP2Sq0iWaZwT3BdIAQFYpw\"]},{\"@type\":\"Person\",\"@id\":\"https:\\\/\\\/www.organisator.ch\\\/#\\\/schema\\\/person\\\/4e51799071cd2dd1232ac003643ef5f0\",\"name\":\"galledia\",\"image\":{\"@type\":\"ImageObject\",\"inLanguage\":\"fr-FR\",\"@id\":\"https:\\\/\\\/secure.gravatar.com\\\/avatar\\\/78a7f90c01fc2bfc875782a0d4922b37cde2cf184ce347b91316d23cd7f69a36?s=96&d=mm&r=g\",\"url\":\"https:\\\/\\\/secure.gravatar.com\\\/avatar\\\/78a7f90c01fc2bfc875782a0d4922b37cde2cf184ce347b91316d23cd7f69a36?s=96&d=mm&r=g\",\"contentUrl\":\"https:\\\/\\\/secure.gravatar.com\\\/avatar\\\/78a7f90c01fc2bfc875782a0d4922b37cde2cf184ce347b91316d23cd7f69a36?s=96&d=mm&r=g\",\"caption\":\"galledia\"},\"sameAs\":[\"https:\\\/\\\/x.com\\\/admin\"],\"url\":\"https:\\\/\\\/www.organisator.ch\\\/fr\\\/author\\\/galledia\\\/\"}]}<\/script>\n<!-- \/ Yoast SEO plugin. -->","yoast_head_json":{"title":"SDV Award 2025 : les soumissions sont lanc\u00e9es - Organisateur","description":"L'appel d'offres pour le SDV Award 2025 est en cours. Sont recherch\u00e9es des campagnes de marketing de dialogue exceptionnelles de l'ann\u00e9e 2024.","robots":{"index":"index","follow":"follow","max-snippet":"max-snippet:-1","max-image-preview":"max-image-preview:large","max-video-preview":"max-video-preview:-1"},"canonical":"https:\/\/www.organisator.ch\/fr\/marketing\/2025-02-16\/sdv-award-2025-einreichungen-gestartet\/","og_locale":"fr_FR","og_type":"article","og_title":"SDV Award 2025: Einreichungen gestartet - Organisator","og_description":"Die Ausschreibung f\u00fcr den SDV Award 2025 l\u00e4uft. Gesucht werden herausragende Dialogmarketing-Kampagnen aus dem Jahr 2024.","og_url":"https:\/\/www.organisator.ch\/fr\/marketing\/2025-02-16\/sdv-award-2025-einreichungen-gestartet\/","og_site_name":"Organisator","article_publisher":"https:\/\/www.facebook.com\/OrganisatorFachmagazin","article_published_time":"2025-02-16T15:53:43+00:00","article_modified_time":"2025-02-17T08:41:04+00:00","author":"galledia","twitter_card":"summary_large_image","twitter_creator":"@admin","schema":{"@context":"https:\/\/schema.org","@graph":[{"@type":"Article","@id":"https:\/\/www.organisator.ch\/marketing\/2025-02-16\/sdv-award-2025-einreichungen-gestartet\/#article","isPartOf":{"@id":"https:\/\/www.organisator.ch\/marketing\/2025-02-16\/sdv-award-2025-einreichungen-gestartet\/"},"author":{"name":"galledia","@id":"https:\/\/www.organisator.ch\/#\/schema\/person\/4e51799071cd2dd1232ac003643ef5f0"},"headline":"SDV Award 2025: Einreichungen gestartet","datePublished":"2025-02-16T15:53:43+00:00","dateModified":"2025-02-17T08:41:04+00:00","mainEntityOfPage":{"@id":"https:\/\/www.organisator.ch\/marketing\/2025-02-16\/sdv-award-2025-einreichungen-gestartet\/"},"wordCount":73,"publisher":{"@id":"https:\/\/www.organisator.ch\/#organization"},"image":{"@id":"https:\/\/www.organisator.ch\/marketing\/2025-02-16\/sdv-award-2025-einreichungen-gestartet\/#primaryimage"},"thumbnailUrl":"https:\/\/www.markt-kom.com\/wp-content\/uploads\/2025\/02\/SDV-Einreichungen.jpg","keywords":["Awards","Schweizer Dialogmarketing Verband SDV","SDV-Award"],"articleSection":["MARKETING"],"inLanguage":"fr-FR"},{"@type":"WebPage","@id":"https:\/\/www.organisator.ch\/marketing\/2025-02-16\/sdv-award-2025-einreichungen-gestartet\/","url":"https:\/\/www.organisator.ch\/marketing\/2025-02-16\/sdv-award-2025-einreichungen-gestartet\/","name":"SDV Award 2025 : les soumissions sont lanc\u00e9es - Organisateur","isPartOf":{"@id":"https:\/\/www.organisator.ch\/#website"},"primaryImageOfPage":{"@id":"https:\/\/www.organisator.ch\/marketing\/2025-02-16\/sdv-award-2025-einreichungen-gestartet\/#primaryimage"},"image":{"@id":"https:\/\/www.organisator.ch\/marketing\/2025-02-16\/sdv-award-2025-einreichungen-gestartet\/#primaryimage"},"thumbnailUrl":"https:\/\/www.markt-kom.com\/wp-content\/uploads\/2025\/02\/SDV-Einreichungen.jpg","datePublished":"2025-02-16T15:53:43+00:00","dateModified":"2025-02-17T08:41:04+00:00","description":"L'appel d'offres pour le SDV Award 2025 est en cours. Sont recherch\u00e9es des campagnes de marketing de dialogue exceptionnelles de l'ann\u00e9e 2024.","breadcrumb":{"@id":"https:\/\/www.organisator.ch\/marketing\/2025-02-16\/sdv-award-2025-einreichungen-gestartet\/#breadcrumb"},"inLanguage":"fr-FR","potentialAction":[{"@type":"ReadAction","target":["https:\/\/www.organisator.ch\/marketing\/2025-02-16\/sdv-award-2025-einreichungen-gestartet\/"]}]},{"@type":"ImageObject","inLanguage":"fr-FR","@id":"https:\/\/www.organisator.ch\/marketing\/2025-02-16\/sdv-award-2025-einreichungen-gestartet\/#primaryimage","url":"https:\/\/www.markt-kom.com\/wp-content\/uploads\/2025\/02\/SDV-Einreichungen.jpg","contentUrl":"https:\/\/www.markt-kom.com\/wp-content\/uploads\/2025\/02\/SDV-Einreichungen.jpg"},{"@type":"BreadcrumbList","@id":"https:\/\/www.organisator.ch\/marketing\/2025-02-16\/sdv-award-2025-einreichungen-gestartet\/#breadcrumb","itemListElement":[{"@type":"ListItem","position":1,"name":"Home","item":"https:\/\/www.organisator.ch\/"},{"@type":"ListItem","position":2,"name":"SDV Award 2025: Einreichungen gestartet"}]},{"@type":"WebSite","@id":"https:\/\/www.organisator.ch\/#website","url":"https:\/\/www.organisator.ch\/","name":"Organisateur","description":"Comp\u00e9tence et comp\u00e9tence. Proches de la pratique. L'ORGANISATEUR pr\u00e9pare 10 num\u00e9ros par an sur les th\u00e8mes essentiels pour les dirigeants de PME.","publisher":{"@id":"https:\/\/www.organisator.ch\/#organization"},"potentialAction":[{"@type":"SearchAction","target":{"@type":"EntryPoint","urlTemplate":"https:\/\/www.organisator.ch\/?s={search_term_string}"},"query-input":{"@type":"PropertyValueSpecification","valueRequired":true,"valueName":"search_term_string"}}],"inLanguage":"fr-FR"},{"@type":"Organization","@id":"https:\/\/www.organisator.ch\/#organization","name":"Organisateur","url":"https:\/\/www.organisator.ch\/","logo":{"@type":"ImageObject","inLanguage":"fr-FR","@id":"https:\/\/www.organisator.ch\/#\/schema\/logo\/image\/","url":"https:\/\/www.organisator.ch\/wp-content\/uploads\/2022\/01\/Logo_Organisator_Website.png","contentUrl":"https:\/\/www.organisator.ch\/wp-content\/uploads\/2022\/01\/Logo_Organisator_Website.png","width":800,"height":77,"caption":"Organisator"},"image":{"@id":"https:\/\/www.organisator.ch\/#\/schema\/logo\/image\/"},"sameAs":["https:\/\/www.facebook.com\/OrganisatorFachmagazin","https:\/\/www.linkedin.com\/showcase\/organisator-das-magazin-fr-kmu","https:\/\/www.xing.com\/news\/pages\/organisator-ch-695","https:\/\/www.youtube.com\/channel\/UCGP2Sq0iWaZwT3BdIAQFYpw"]},{"@type":"Person","@id":"https:\/\/www.organisator.ch\/#\/schema\/person\/4e51799071cd2dd1232ac003643ef5f0","name":"galledia","image":{"@type":"ImageObject","inLanguage":"fr-FR","@id":"https:\/\/secure.gravatar.com\/avatar\/78a7f90c01fc2bfc875782a0d4922b37cde2cf184ce347b91316d23cd7f69a36?s=96&d=mm&r=g","url":"https:\/\/secure.gravatar.com\/avatar\/78a7f90c01fc2bfc875782a0d4922b37cde2cf184ce347b91316d23cd7f69a36?s=96&d=mm&r=g","contentUrl":"https:\/\/secure.gravatar.com\/avatar\/78a7f90c01fc2bfc875782a0d4922b37cde2cf184ce347b91316d23cd7f69a36?s=96&d=mm&r=g","caption":"galledia"},"sameAs":["https:\/\/x.com\/admin"],"url":"https:\/\/www.organisator.ch\/fr\/author\/galledia\/"}]}},"_links":{"self":[{"href":"https:\/\/www.organisator.ch\/fr\/wp-json\/wp\/v2\/posts\/35989","targetHints":{"allow":["GET"]}}],"collection":[{"href":"https:\/\/www.organisator.ch\/fr\/wp-json\/wp\/v2\/posts"}],"about":[{"href":"https:\/\/www.organisator.ch\/fr\/wp-json\/wp\/v2\/types\/post"}],"author":[{"embeddable":true,"href":"https:\/\/www.organisator.ch\/fr\/wp-json\/wp\/v2\/users\/8"}],"replies":[{"embeddable":true,"href":"https:\/\/www.organisator.ch\/fr\/wp-json\/wp\/v2\/comments?post=35989"}],"version-history":[{"count":4,"href":"https:\/\/www.organisator.ch\/fr\/wp-json\/wp\/v2\/posts\/35989\/revisions"}],"predecessor-version":[{"id":36000,"href":"https:\/\/www.organisator.ch\/fr\/wp-json\/wp\/v2\/posts\/35989\/revisions\/36000"}],"wp:attachment":[{"href":"https:\/\/www.organisator.ch\/fr\/wp-json\/wp\/v2\/media?parent=35989"}],"wp:term":[{"taxonomy":"category","embeddable":true,"href":"https:\/\/www.organisator.ch\/fr\/wp-json\/wp\/v2\/categories?post=35989"},{"taxonomy":"post_tag","embeddable":true,"href":"https:\/\/www.organisator.ch\/fr\/wp-json\/wp\/v2\/tags?post=35989"}],"curies":[{"name":"wp","href":"https:\/\/api.w.org\/{rel}","templated":true}]}}