{"id":36001,"date":"2025-02-17T10:01:52","date_gmt":"2025-02-17T09:01:52","guid":{"rendered":"https:\/\/www.organisator.ch\/?p=36001"},"modified":"2025-02-17T10:01:52","modified_gmt":"2025-02-17T09:01:52","slug":"lyreco-unboxed-groesster-b2b-nachhaltigkeits-kongress-der-schweiz-mit-zweiter-runde","status":"publish","type":"post","link":"https:\/\/www.organisator.ch\/fr\/sustainability\/2025-02-17\/lyreco-unboxed-groesster-b2b-nachhaltigkeits-kongress-der-schweiz-mit-zweiter-runde\/","title":{"rendered":"Lyreco Unboxed : le plus grand congr\u00e8s B2B sur le d\u00e9veloppement durable en Suisse avec une deuxi\u00e8me \u00e9dition"},"content":{"rendered":"<figure id=\"attachment_36002\" aria-describedby=\"caption-attachment-36002\" style=\"width: 680px\" class=\"wp-caption alignnone\"><img loading=\"lazy\" decoding=\"async\" class=\"size-full wp-image-36002\" src=\"https:\/\/www.organisator.ch\/wp-content\/uploads\/2025\/02\/Lyreco-Unboxed-Groesster-B2B-Nachhaltigkeits-Kongress-der-Schweiz-mit-zweiter-Runde_Organisator.jpg\" alt=\"\" width=\"680\" height=\"435\" srcset=\"https:\/\/www.organisator.ch\/wp-content\/uploads\/2025\/02\/Lyreco-Unboxed-Groesster-B2B-Nachhaltigkeits-Kongress-der-Schweiz-mit-zweiter-Runde_Organisator.jpg 680w, https:\/\/www.organisator.ch\/wp-content\/uploads\/2025\/02\/Lyreco-Unboxed-Groesster-B2B-Nachhaltigkeits-Kongress-der-Schweiz-mit-zweiter-Runde_Organisator-18x12.jpg 18w, https:\/\/www.organisator.ch\/wp-content\/uploads\/2025\/02\/Lyreco-Unboxed-Groesster-B2B-Nachhaltigkeits-Kongress-der-Schweiz-mit-zweiter-Runde_Organisator-375x240.jpg 375w, https:\/\/www.organisator.ch\/wp-content\/uploads\/2025\/02\/Lyreco-Unboxed-Groesster-B2B-Nachhaltigkeits-Kongress-der-Schweiz-mit-zweiter-Runde_Organisator-547x350.jpg 547w\" sizes=\"auto, (max-width: 680px) 100vw, 680px\" \/><figcaption id=\"caption-attachment-36002\" class=\"wp-caption-text\">Plus de 500 invit\u00e9s ont particip\u00e9 \u00e0 la deuxi\u00e8me \u00e9dition de \"Lyreco Unboxed\". (Image : Lyreco Switzerland SA)<\/figcaption><\/figure>\n<p>Chez Lyreco Switzerland, le th\u00e8me du d\u00e9veloppement durable figure depuis des ann\u00e9es en bonne place dans l'agenda. C'est ainsi que la premi\u00e8re conf\u00e9rence sur le d\u00e9veloppement durable a eu lieu en janvier 2024 en Suisse al\u00e9manique. Le 13 f\u00e9vrier 2025 \u00e0 Lausanne, plus de 500 invit\u00e9s issus des milieux \u00e9conomiques, scientifiques et politiques ont \u00e0 nouveau pu d\u00e9couvrir de mani\u00e8re non conventionnelle, authentique et unique pourquoi l'\u00e9chec est si important pour rendre les cha\u00eenes d'approvisionnement plus durables.<\/p>\n<h3>Plus de 20 experts sur sc\u00e8ne<\/h3>\n<p>Comment le \"one way\" devient-il une v\u00e9ritable \u00e9conomie circulaire, quelles sont les technologies qui rendent les cha\u00eenes d'approvisionnement plus efficaces et plus durables et quelles sont les mesures qui aident \u00e0 atteindre le \"net-z\u00e9ro\" ? Pour r\u00e9pondre \u00e0 ces questions, Lyreco a r\u00e9uni sur sc\u00e8ne plus de 20 experts qui ont vraiment quelque chose \u00e0 dire. \"De la science \u00e0 la pratique entrepreneuriale, de la multinationale \u00e0 la start-up et de la senior climatique \u00e0 la plus jeune g\u00e9n\u00e9ration, que ce soit dans l'un des deux panels ou dans l'exposition. Lyreco Unboxed est honn\u00eate, concret et pratique, et donc bien plus qu'une simple manifestation\", peut-on lire \u00e0 ce sujet dans un communiqu\u00e9 de l'entreprise. L'\u00e9v\u00e9nement, organis\u00e9 pour la deuxi\u00e8me fois, met surtout en avant une discussion franche, authentique et ouverte sur le th\u00e8me de la durabilit\u00e9.<\/p>\n<h3><strong>Pourquoi un \u00e9v\u00e9nement sur le d\u00e9veloppement durable en Suisse romande ?<\/strong><\/h3>\n<p>\"Lyreco s'engage depuis longtemps en faveur du d\u00e9veloppement durable\", d\u00e9clare Martin Schlittler, Managing Director de Lyreco Switzerland AG. \"Avec notre engagement dans l'initiative Science Based Target, la livraison durable et la strat\u00e9gie de produits respectueuse de l'environnement, nous nous engageons activement pour un avenir net z\u00e9ro\". D\u00e9j\u00e0 avec \"Lyreco Unboxed\", un pont a \u00e9t\u00e9 jet\u00e9 vers la mission : des solutions durables pour le lieu de travail. \"Nous souhaitons maintenant inspirer \u00e9galement nos clients, partenaires et collaborateurs en Suisse romande - avec des connaissances, du plaisir et sans doigt d'honneur !\", conclut Schlittler.\u00a0<\/p>\n<p>Sur la base de cette id\u00e9e, des experts francophones ont \u00e9t\u00e9 choisis et un forum sur le climat et l'innovation a \u00e9t\u00e9 lanc\u00e9. Un nouveau Dialogue-HUB permet un \u00e9change direct avec des sp\u00e9cialistes. Le Circular Tour de Suisse fait vivre l'\u00e9conomie circulaire dans toute la Suisse et pr\u00e9sente des solutions durables en collaboration avec des partenaires. Lyreco a offert une plateforme pour le premier arr\u00eat d'\u00e9tape en int\u00e9grant le Dialogue-HUB.<\/p>\n<h3><strong>Un tel \u00e9v\u00e9nement peut-il \u00eatre durable ?<\/strong><\/h3>\n<p>\"L'analyse CO\u2082 de l'\u00e9v\u00e9nement Unboxed en Suisse al\u00e9manique a montr\u00e9 qu'environ 90 % des \u00e9missions provenaient de la mobilit\u00e9 et du catering\", explique Tina Kempf. \"C'est pourquoi nous renon\u00e7ons aux transports inutiles et misons, pour le catering, sur des produits v\u00e9g\u00e9tariens, saisonniers et r\u00e9gionaux, de pr\u00e9f\u00e9rence de qualit\u00e9 bio\".<\/p>\n<p>Mais Lyreco affirme \u00eatre all\u00e9 encore plus loin : L'\u00e9v\u00e9nement a \u00e9t\u00e9 con\u00e7u de mani\u00e8re \u00e0 pr\u00e9server au maximum les ressources. Le mobilier et le mat\u00e9riel d'exposition sont r\u00e9utilisables \u00e0 100 % - par exemple gr\u00e2ce \u00e0 la location de meubles et de bo\u00eetes r\u00e9utilisables Lyreco, qui sont ensuite r\u00e9utilis\u00e9es pour les livraisons aux clients. Les participants ont \u00e9t\u00e9 incit\u00e9s \u00e0 utiliser les transports publics pour se rendre \u00e0 l'exposition, tandis que les transports ont \u00e9t\u00e9 r\u00e9duits ou optimis\u00e9s gr\u00e2ce \u00e0 des circuits logistiques courts, des v\u00e9hicules \u00e9lectriques et des transports collectifs.<\/p>\n<p>La durabilit\u00e9 exige transparence et collaboration. Avec \"Lyreco Unboxed\", l'entreprise cr\u00e9e une plateforme ouverte pour une action responsable. L'\u00e9v\u00e9nement client sert en outre de plateforme de r\u00e9seautage et de remerciement pour la collaboration fructueuse. Gr\u00e2ce au Sustainability-Event-Guide, Lyreco peut r\u00e9duire continuellement les \u00e9missions de ses \u00e9v\u00e9nements - en accord avec la Science Based Target Initiative.<\/p>\n<p><em>Source et informations compl\u00e9mentaires : <a href=\"http:\/\/www.lyreco.ch\/\">www.lyreco.ch<\/a><\/em><\/p>","protected":false},"excerpt":{"rendered":"<p>Avec le slogan \"ouvertement et honn\u00eatement d\u00e9ball\u00e9\", Lyreco Switzerland SA a d\u00e9sormais r\u00e9alis\u00e9 sa conf\u00e9rence sur le d\u00e9veloppement durable pour ses partenaires commerciaux en Suisse romande et maintient ainsi le cap.<\/p>","protected":false},"author":4,"featured_media":36002,"comment_status":"closed","ping_status":"closed","sticky":false,"template":"","format":"standard","meta":{"_acf_changed":false,"_yoast_wpseo_focuskw":"Lyreco Unboxed","_yoast_wpseo_metadesc":"Mit dem Motto \u00aboffen und ehrlich ausgepackt\u00bb hat Lyreco Switzerland AG die Nachhaltigkeitskonferenz \u00abLyreco Unboxed\u00bb in Lausanne realisiert.","articlekey":"","footnotes":""},"categories":[580],"tags":[193,358,492],"class_list":["post-36001","post","type-post","status-publish","format-standard","has-post-thumbnail","hentry","category-sustainability","tag-fachkongressfachmesse","tag-nachhaltige-wirtschaft","tag-unternehmen"],"acf":[],"yoast_head":"<!-- This site is optimized with the Yoast SEO plugin v27.5 - https:\/\/yoast.com\/product\/yoast-seo-wordpress\/ -->\n<title>Lyreco Unboxed: Gr\u00f6sster B2B Nachhaltigkeits-Kongress der Schweiz mit zweiter Runde - Organisator<\/title>\n<meta name=\"description\" content=\"Mit dem Motto \u00aboffen und ehrlich ausgepackt\u00bb hat Lyreco Switzerland AG die Nachhaltigkeitskonferenz \u00abLyreco Unboxed\u00bb in Lausanne realisiert.\" \/>\n<meta name=\"robots\" content=\"index, follow, max-snippet:-1, max-image-preview:large, max-video-preview:-1\" \/>\n<link rel=\"canonical\" href=\"https:\/\/www.organisator.ch\/fr\/sustainability\/2025-02-17\/lyreco-unboxed-groesster-b2b-nachhaltigkeits-kongress-der-schweiz-mit-zweiter-runde\/\" \/>\n<meta property=\"og:locale\" content=\"fr_FR\" \/>\n<meta property=\"og:type\" content=\"article\" \/>\n<meta property=\"og:title\" content=\"Lyreco Unboxed: Gr\u00f6sster B2B Nachhaltigkeits-Kongress der Schweiz mit zweiter Runde\" \/>\n<meta property=\"og:description\" content=\"Mit dem Motto \u00aboffen und ehrlich ausgepackt\u00bb hat Lyreco Switzerland AG die Nachhaltigkeitskonferenz \u00abLyreco Unboxed\u00bb in Lausanne realisiert.\" \/>\n<meta property=\"og:url\" content=\"https:\/\/www.organisator.ch\/fr\/sustainability\/2025-02-17\/lyreco-unboxed-groesster-b2b-nachhaltigkeits-kongress-der-schweiz-mit-zweiter-runde\/\" \/>\n<meta property=\"og:site_name\" content=\"Organisator\" \/>\n<meta property=\"article:publisher\" content=\"https:\/\/www.facebook.com\/OrganisatorFachmagazin\" \/>\n<meta property=\"article:published_time\" content=\"2025-02-17T09:01:52+00:00\" \/>\n<meta property=\"og:image\" content=\"https:\/\/www.organisator.ch\/wp-content\/uploads\/2025\/02\/Lyreco-Unboxed-Groesster-B2B-Nachhaltigkeits-Kongress-der-Schweiz-mit-zweiter-Runde_Organisator.jpg\" \/>\n\t<meta property=\"og:image:width\" content=\"680\" \/>\n\t<meta property=\"og:image:height\" content=\"435\" \/>\n\t<meta property=\"og:image:type\" content=\"image\/jpeg\" \/>\n<meta name=\"author\" content=\"thomas.berner\" \/>\n<meta name=\"twitter:card\" content=\"summary_large_image\" \/>\n<meta name=\"twitter:title\" content=\"#Lyreco Unboxed: Gr\u00f6sster B2B #Nachhaltigkeits-Kongress der Schweiz mit zweiter Runde\" \/>\n<meta name=\"twitter:description\" content=\"Mit dem Motto \u00aboffen und ehrlich ausgepackt\u00bb hat #Lyreco Switzerland AG die #Nachhaltigkeitskonferenz \u00abLyreco Unboxed\u00bb in Lausanne realisiert.\" \/>\n<meta name=\"twitter:image\" content=\"https:\/\/www.organisator.ch\/wp-content\/uploads\/2025\/02\/Lyreco-Unboxed-Groesster-B2B-Nachhaltigkeits-Kongress-der-Schweiz-mit-zweiter-Runde_Organisator.jpg\" \/>\n<script type=\"application\/ld+json\" class=\"yoast-schema-graph\">{\"@context\":\"https:\\\/\\\/schema.org\",\"@graph\":[{\"@type\":\"Article\",\"@id\":\"https:\\\/\\\/www.organisator.ch\\\/sustainability\\\/2025-02-17\\\/lyreco-unboxed-groesster-b2b-nachhaltigkeits-kongress-der-schweiz-mit-zweiter-runde\\\/#article\",\"isPartOf\":{\"@id\":\"https:\\\/\\\/www.organisator.ch\\\/sustainability\\\/2025-02-17\\\/lyreco-unboxed-groesster-b2b-nachhaltigkeits-kongress-der-schweiz-mit-zweiter-runde\\\/\"},\"author\":{\"name\":\"thomas.berner\",\"@id\":\"https:\\\/\\\/www.organisator.ch\\\/#\\\/schema\\\/person\\\/6f650f90b2842cd4c0cc334b4e36f67e\"},\"headline\":\"Lyreco Unboxed: Gr\u00f6sster B2B Nachhaltigkeits-Kongress der Schweiz mit zweiter Runde\",\"datePublished\":\"2025-02-17T09:01:52+00:00\",\"mainEntityOfPage\":{\"@id\":\"https:\\\/\\\/www.organisator.ch\\\/sustainability\\\/2025-02-17\\\/lyreco-unboxed-groesster-b2b-nachhaltigkeits-kongress-der-schweiz-mit-zweiter-runde\\\/\"},\"wordCount\":535,\"publisher\":{\"@id\":\"https:\\\/\\\/www.organisator.ch\\\/#organization\"},\"image\":{\"@id\":\"https:\\\/\\\/www.organisator.ch\\\/sustainability\\\/2025-02-17\\\/lyreco-unboxed-groesster-b2b-nachhaltigkeits-kongress-der-schweiz-mit-zweiter-runde\\\/#primaryimage\"},\"thumbnailUrl\":\"https:\\\/\\\/www.organisator.ch\\\/wp-content\\\/uploads\\\/2025\\\/02\\\/Lyreco-Unboxed-Groesster-B2B-Nachhaltigkeits-Kongress-der-Schweiz-mit-zweiter-Runde_Organisator.jpg\",\"keywords\":[\"Fachkongress\\\/Fachmesse\",\"Nachhaltige Wirtschaft\",\"Unternehmen\"],\"articleSection\":[\"SUSTAINABILITY\"],\"inLanguage\":\"fr-FR\"},{\"@type\":\"WebPage\",\"@id\":\"https:\\\/\\\/www.organisator.ch\\\/sustainability\\\/2025-02-17\\\/lyreco-unboxed-groesster-b2b-nachhaltigkeits-kongress-der-schweiz-mit-zweiter-runde\\\/\",\"url\":\"https:\\\/\\\/www.organisator.ch\\\/sustainability\\\/2025-02-17\\\/lyreco-unboxed-groesster-b2b-nachhaltigkeits-kongress-der-schweiz-mit-zweiter-runde\\\/\",\"name\":\"Lyreco Unboxed: Gr\u00f6sster B2B Nachhaltigkeits-Kongress der Schweiz mit zweiter Runde - Organisator\",\"isPartOf\":{\"@id\":\"https:\\\/\\\/www.organisator.ch\\\/#website\"},\"primaryImageOfPage\":{\"@id\":\"https:\\\/\\\/www.organisator.ch\\\/sustainability\\\/2025-02-17\\\/lyreco-unboxed-groesster-b2b-nachhaltigkeits-kongress-der-schweiz-mit-zweiter-runde\\\/#primaryimage\"},\"image\":{\"@id\":\"https:\\\/\\\/www.organisator.ch\\\/sustainability\\\/2025-02-17\\\/lyreco-unboxed-groesster-b2b-nachhaltigkeits-kongress-der-schweiz-mit-zweiter-runde\\\/#primaryimage\"},\"thumbnailUrl\":\"https:\\\/\\\/www.organisator.ch\\\/wp-content\\\/uploads\\\/2025\\\/02\\\/Lyreco-Unboxed-Groesster-B2B-Nachhaltigkeits-Kongress-der-Schweiz-mit-zweiter-Runde_Organisator.jpg\",\"datePublished\":\"2025-02-17T09:01:52+00:00\",\"description\":\"Mit dem Motto \u00aboffen und ehrlich ausgepackt\u00bb hat Lyreco Switzerland AG die Nachhaltigkeitskonferenz \u00abLyreco Unboxed\u00bb in Lausanne realisiert.\",\"breadcrumb\":{\"@id\":\"https:\\\/\\\/www.organisator.ch\\\/sustainability\\\/2025-02-17\\\/lyreco-unboxed-groesster-b2b-nachhaltigkeits-kongress-der-schweiz-mit-zweiter-runde\\\/#breadcrumb\"},\"inLanguage\":\"fr-FR\",\"potentialAction\":[{\"@type\":\"ReadAction\",\"target\":[\"https:\\\/\\\/www.organisator.ch\\\/sustainability\\\/2025-02-17\\\/lyreco-unboxed-groesster-b2b-nachhaltigkeits-kongress-der-schweiz-mit-zweiter-runde\\\/\"]}]},{\"@type\":\"ImageObject\",\"inLanguage\":\"fr-FR\",\"@id\":\"https:\\\/\\\/www.organisator.ch\\\/sustainability\\\/2025-02-17\\\/lyreco-unboxed-groesster-b2b-nachhaltigkeits-kongress-der-schweiz-mit-zweiter-runde\\\/#primaryimage\",\"url\":\"https:\\\/\\\/www.organisator.ch\\\/wp-content\\\/uploads\\\/2025\\\/02\\\/Lyreco-Unboxed-Groesster-B2B-Nachhaltigkeits-Kongress-der-Schweiz-mit-zweiter-Runde_Organisator.jpg\",\"contentUrl\":\"https:\\\/\\\/www.organisator.ch\\\/wp-content\\\/uploads\\\/2025\\\/02\\\/Lyreco-Unboxed-Groesster-B2B-Nachhaltigkeits-Kongress-der-Schweiz-mit-zweiter-Runde_Organisator.jpg\",\"width\":680,\"height\":435,\"caption\":\"\u00dcber 500 G\u00e4ste nahmen an der zweiten Durchf\u00fchrung von \\\"Lyreco Unboxed\\\" teil. (Bild: Lyreco Switzerland AG)\"},{\"@type\":\"BreadcrumbList\",\"@id\":\"https:\\\/\\\/www.organisator.ch\\\/sustainability\\\/2025-02-17\\\/lyreco-unboxed-groesster-b2b-nachhaltigkeits-kongress-der-schweiz-mit-zweiter-runde\\\/#breadcrumb\",\"itemListElement\":[{\"@type\":\"ListItem\",\"position\":1,\"name\":\"Home\",\"item\":\"https:\\\/\\\/www.organisator.ch\\\/\"},{\"@type\":\"ListItem\",\"position\":2,\"name\":\"Lyreco Unboxed: Gr\u00f6sster B2B Nachhaltigkeits-Kongress der Schweiz mit zweiter Runde\"}]},{\"@type\":\"WebSite\",\"@id\":\"https:\\\/\\\/www.organisator.ch\\\/#website\",\"url\":\"https:\\\/\\\/www.organisator.ch\\\/\",\"name\":\"Organisator\",\"description\":\"Kompetent. Praxisnah. Der ORGANISATOR bereitet in 10 Ausgaben pro Jahr die wesentlichen Themen f\u00fcr F\u00fchrungskr\u00e4fte von KMU auf.\",\"publisher\":{\"@id\":\"https:\\\/\\\/www.organisator.ch\\\/#organization\"},\"potentialAction\":[{\"@type\":\"SearchAction\",\"target\":{\"@type\":\"EntryPoint\",\"urlTemplate\":\"https:\\\/\\\/www.organisator.ch\\\/?s={search_term_string}\"},\"query-input\":{\"@type\":\"PropertyValueSpecification\",\"valueRequired\":true,\"valueName\":\"search_term_string\"}}],\"inLanguage\":\"fr-FR\"},{\"@type\":\"Organization\",\"@id\":\"https:\\\/\\\/www.organisator.ch\\\/#organization\",\"name\":\"Organisator\",\"url\":\"https:\\\/\\\/www.organisator.ch\\\/\",\"logo\":{\"@type\":\"ImageObject\",\"inLanguage\":\"fr-FR\",\"@id\":\"https:\\\/\\\/www.organisator.ch\\\/#\\\/schema\\\/logo\\\/image\\\/\",\"url\":\"https:\\\/\\\/www.organisator.ch\\\/wp-content\\\/uploads\\\/2022\\\/01\\\/Logo_Organisator_Website.png\",\"contentUrl\":\"https:\\\/\\\/www.organisator.ch\\\/wp-content\\\/uploads\\\/2022\\\/01\\\/Logo_Organisator_Website.png\",\"width\":800,\"height\":77,\"caption\":\"Organisator\"},\"image\":{\"@id\":\"https:\\\/\\\/www.organisator.ch\\\/#\\\/schema\\\/logo\\\/image\\\/\"},\"sameAs\":[\"https:\\\/\\\/www.facebook.com\\\/OrganisatorFachmagazin\",\"https:\\\/\\\/www.linkedin.com\\\/showcase\\\/organisator-das-magazin-fr-kmu\",\"https:\\\/\\\/www.xing.com\\\/news\\\/pages\\\/organisator-ch-695\",\"https:\\\/\\\/www.youtube.com\\\/channel\\\/UCGP2Sq0iWaZwT3BdIAQFYpw\"]},{\"@type\":\"Person\",\"@id\":\"https:\\\/\\\/www.organisator.ch\\\/#\\\/schema\\\/person\\\/6f650f90b2842cd4c0cc334b4e36f67e\",\"name\":\"thomas.berner\",\"image\":{\"@type\":\"ImageObject\",\"inLanguage\":\"fr-FR\",\"@id\":\"https:\\\/\\\/secure.gravatar.com\\\/avatar\\\/ac5001d2a36cb6c6cd3e50789007ffca834b477b74a2144564522e944eabff61?s=96&d=mm&r=g\",\"url\":\"https:\\\/\\\/secure.gravatar.com\\\/avatar\\\/ac5001d2a36cb6c6cd3e50789007ffca834b477b74a2144564522e944eabff61?s=96&d=mm&r=g\",\"contentUrl\":\"https:\\\/\\\/secure.gravatar.com\\\/avatar\\\/ac5001d2a36cb6c6cd3e50789007ffca834b477b74a2144564522e944eabff61?s=96&d=mm&r=g\",\"caption\":\"thomas.berner\"},\"url\":\"https:\\\/\\\/www.organisator.ch\\\/fr\\\/author\\\/thomas-berner\\\/\"}]}<\/script>\n<!-- \/ Yoast SEO plugin. -->","yoast_head_json":{"title":"Lyreco Unboxed : Le plus grand congr\u00e8s B2B sur la durabilit\u00e9 en Suisse avec un deuxi\u00e8me tour - Organisateur","description":"Avec la devise \"ouvertement et honn\u00eatement d\u00e9ball\u00e9\", Lyreco Switzerland SA a r\u00e9alis\u00e9 la conf\u00e9rence sur le d\u00e9veloppement durable \"Lyreco Unboxed\" \u00e0 Lausanne.","robots":{"index":"index","follow":"follow","max-snippet":"max-snippet:-1","max-image-preview":"max-image-preview:large","max-video-preview":"max-video-preview:-1"},"canonical":"https:\/\/www.organisator.ch\/fr\/sustainability\/2025-02-17\/lyreco-unboxed-groesster-b2b-nachhaltigkeits-kongress-der-schweiz-mit-zweiter-runde\/","og_locale":"fr_FR","og_type":"article","og_title":"Lyreco Unboxed: Gr\u00f6sster B2B Nachhaltigkeits-Kongress der Schweiz mit zweiter Runde","og_description":"Mit dem Motto \u00aboffen und ehrlich ausgepackt\u00bb hat Lyreco Switzerland AG die Nachhaltigkeitskonferenz \u00abLyreco Unboxed\u00bb in Lausanne realisiert.","og_url":"https:\/\/www.organisator.ch\/fr\/sustainability\/2025-02-17\/lyreco-unboxed-groesster-b2b-nachhaltigkeits-kongress-der-schweiz-mit-zweiter-runde\/","og_site_name":"Organisator","article_publisher":"https:\/\/www.facebook.com\/OrganisatorFachmagazin","article_published_time":"2025-02-17T09:01:52+00:00","og_image":[{"width":680,"height":435,"url":"https:\/\/www.organisator.ch\/wp-content\/uploads\/2025\/02\/Lyreco-Unboxed-Groesster-B2B-Nachhaltigkeits-Kongress-der-Schweiz-mit-zweiter-Runde_Organisator.jpg","type":"image\/jpeg"}],"author":"thomas.berner","twitter_card":"summary_large_image","twitter_title":"#Lyreco Unboxed: Gr\u00f6sster B2B #Nachhaltigkeits-Kongress der Schweiz mit zweiter Runde","twitter_description":"Mit dem Motto \u00aboffen und ehrlich ausgepackt\u00bb hat #Lyreco Switzerland AG die #Nachhaltigkeitskonferenz \u00abLyreco Unboxed\u00bb in Lausanne realisiert.","twitter_image":"https:\/\/www.organisator.ch\/wp-content\/uploads\/2025\/02\/Lyreco-Unboxed-Groesster-B2B-Nachhaltigkeits-Kongress-der-Schweiz-mit-zweiter-Runde_Organisator.jpg","schema":{"@context":"https:\/\/schema.org","@graph":[{"@type":"Article","@id":"https:\/\/www.organisator.ch\/sustainability\/2025-02-17\/lyreco-unboxed-groesster-b2b-nachhaltigkeits-kongress-der-schweiz-mit-zweiter-runde\/#article","isPartOf":{"@id":"https:\/\/www.organisator.ch\/sustainability\/2025-02-17\/lyreco-unboxed-groesster-b2b-nachhaltigkeits-kongress-der-schweiz-mit-zweiter-runde\/"},"author":{"name":"thomas.berner","@id":"https:\/\/www.organisator.ch\/#\/schema\/person\/6f650f90b2842cd4c0cc334b4e36f67e"},"headline":"Lyreco Unboxed: Gr\u00f6sster B2B Nachhaltigkeits-Kongress der Schweiz mit zweiter Runde","datePublished":"2025-02-17T09:01:52+00:00","mainEntityOfPage":{"@id":"https:\/\/www.organisator.ch\/sustainability\/2025-02-17\/lyreco-unboxed-groesster-b2b-nachhaltigkeits-kongress-der-schweiz-mit-zweiter-runde\/"},"wordCount":535,"publisher":{"@id":"https:\/\/www.organisator.ch\/#organization"},"image":{"@id":"https:\/\/www.organisator.ch\/sustainability\/2025-02-17\/lyreco-unboxed-groesster-b2b-nachhaltigkeits-kongress-der-schweiz-mit-zweiter-runde\/#primaryimage"},"thumbnailUrl":"https:\/\/www.organisator.ch\/wp-content\/uploads\/2025\/02\/Lyreco-Unboxed-Groesster-B2B-Nachhaltigkeits-Kongress-der-Schweiz-mit-zweiter-Runde_Organisator.jpg","keywords":["Fachkongress\/Fachmesse","Nachhaltige Wirtschaft","Unternehmen"],"articleSection":["SUSTAINABILITY"],"inLanguage":"fr-FR"},{"@type":"WebPage","@id":"https:\/\/www.organisator.ch\/sustainability\/2025-02-17\/lyreco-unboxed-groesster-b2b-nachhaltigkeits-kongress-der-schweiz-mit-zweiter-runde\/","url":"https:\/\/www.organisator.ch\/sustainability\/2025-02-17\/lyreco-unboxed-groesster-b2b-nachhaltigkeits-kongress-der-schweiz-mit-zweiter-runde\/","name":"Lyreco Unboxed : Le plus grand congr\u00e8s B2B sur la durabilit\u00e9 en Suisse avec un deuxi\u00e8me tour - Organisateur","isPartOf":{"@id":"https:\/\/www.organisator.ch\/#website"},"primaryImageOfPage":{"@id":"https:\/\/www.organisator.ch\/sustainability\/2025-02-17\/lyreco-unboxed-groesster-b2b-nachhaltigkeits-kongress-der-schweiz-mit-zweiter-runde\/#primaryimage"},"image":{"@id":"https:\/\/www.organisator.ch\/sustainability\/2025-02-17\/lyreco-unboxed-groesster-b2b-nachhaltigkeits-kongress-der-schweiz-mit-zweiter-runde\/#primaryimage"},"thumbnailUrl":"https:\/\/www.organisator.ch\/wp-content\/uploads\/2025\/02\/Lyreco-Unboxed-Groesster-B2B-Nachhaltigkeits-Kongress-der-Schweiz-mit-zweiter-Runde_Organisator.jpg","datePublished":"2025-02-17T09:01:52+00:00","description":"Avec la devise \"ouvertement et honn\u00eatement d\u00e9ball\u00e9\", Lyreco Switzerland SA a r\u00e9alis\u00e9 la conf\u00e9rence sur le d\u00e9veloppement durable \"Lyreco Unboxed\" \u00e0 Lausanne.","breadcrumb":{"@id":"https:\/\/www.organisator.ch\/sustainability\/2025-02-17\/lyreco-unboxed-groesster-b2b-nachhaltigkeits-kongress-der-schweiz-mit-zweiter-runde\/#breadcrumb"},"inLanguage":"fr-FR","potentialAction":[{"@type":"ReadAction","target":["https:\/\/www.organisator.ch\/sustainability\/2025-02-17\/lyreco-unboxed-groesster-b2b-nachhaltigkeits-kongress-der-schweiz-mit-zweiter-runde\/"]}]},{"@type":"ImageObject","inLanguage":"fr-FR","@id":"https:\/\/www.organisator.ch\/sustainability\/2025-02-17\/lyreco-unboxed-groesster-b2b-nachhaltigkeits-kongress-der-schweiz-mit-zweiter-runde\/#primaryimage","url":"https:\/\/www.organisator.ch\/wp-content\/uploads\/2025\/02\/Lyreco-Unboxed-Groesster-B2B-Nachhaltigkeits-Kongress-der-Schweiz-mit-zweiter-Runde_Organisator.jpg","contentUrl":"https:\/\/www.organisator.ch\/wp-content\/uploads\/2025\/02\/Lyreco-Unboxed-Groesster-B2B-Nachhaltigkeits-Kongress-der-Schweiz-mit-zweiter-Runde_Organisator.jpg","width":680,"height":435,"caption":"\u00dcber 500 G\u00e4ste nahmen an der zweiten Durchf\u00fchrung von \"Lyreco Unboxed\" teil. (Bild: Lyreco Switzerland AG)"},{"@type":"BreadcrumbList","@id":"https:\/\/www.organisator.ch\/sustainability\/2025-02-17\/lyreco-unboxed-groesster-b2b-nachhaltigkeits-kongress-der-schweiz-mit-zweiter-runde\/#breadcrumb","itemListElement":[{"@type":"ListItem","position":1,"name":"Home","item":"https:\/\/www.organisator.ch\/"},{"@type":"ListItem","position":2,"name":"Lyreco Unboxed: Gr\u00f6sster B2B Nachhaltigkeits-Kongress der Schweiz mit zweiter Runde"}]},{"@type":"WebSite","@id":"https:\/\/www.organisator.ch\/#website","url":"https:\/\/www.organisator.ch\/","name":"Organisateur","description":"Comp\u00e9tence et comp\u00e9tence. Proches de la pratique. L'ORGANISATEUR pr\u00e9pare 10 num\u00e9ros par an sur les th\u00e8mes essentiels pour les dirigeants de PME.","publisher":{"@id":"https:\/\/www.organisator.ch\/#organization"},"potentialAction":[{"@type":"SearchAction","target":{"@type":"EntryPoint","urlTemplate":"https:\/\/www.organisator.ch\/?s={search_term_string}"},"query-input":{"@type":"PropertyValueSpecification","valueRequired":true,"valueName":"search_term_string"}}],"inLanguage":"fr-FR"},{"@type":"Organization","@id":"https:\/\/www.organisator.ch\/#organization","name":"Organisateur","url":"https:\/\/www.organisator.ch\/","logo":{"@type":"ImageObject","inLanguage":"fr-FR","@id":"https:\/\/www.organisator.ch\/#\/schema\/logo\/image\/","url":"https:\/\/www.organisator.ch\/wp-content\/uploads\/2022\/01\/Logo_Organisator_Website.png","contentUrl":"https:\/\/www.organisator.ch\/wp-content\/uploads\/2022\/01\/Logo_Organisator_Website.png","width":800,"height":77,"caption":"Organisator"},"image":{"@id":"https:\/\/www.organisator.ch\/#\/schema\/logo\/image\/"},"sameAs":["https:\/\/www.facebook.com\/OrganisatorFachmagazin","https:\/\/www.linkedin.com\/showcase\/organisator-das-magazin-fr-kmu","https:\/\/www.xing.com\/news\/pages\/organisator-ch-695","https:\/\/www.youtube.com\/channel\/UCGP2Sq0iWaZwT3BdIAQFYpw"]},{"@type":"Person","@id":"https:\/\/www.organisator.ch\/#\/schema\/person\/6f650f90b2842cd4c0cc334b4e36f67e","name":"thomas.berner","image":{"@type":"ImageObject","inLanguage":"fr-FR","@id":"https:\/\/secure.gravatar.com\/avatar\/ac5001d2a36cb6c6cd3e50789007ffca834b477b74a2144564522e944eabff61?s=96&d=mm&r=g","url":"https:\/\/secure.gravatar.com\/avatar\/ac5001d2a36cb6c6cd3e50789007ffca834b477b74a2144564522e944eabff61?s=96&d=mm&r=g","contentUrl":"https:\/\/secure.gravatar.com\/avatar\/ac5001d2a36cb6c6cd3e50789007ffca834b477b74a2144564522e944eabff61?s=96&d=mm&r=g","caption":"thomas.berner"},"url":"https:\/\/www.organisator.ch\/fr\/author\/thomas-berner\/"}]}},"_links":{"self":[{"href":"https:\/\/www.organisator.ch\/fr\/wp-json\/wp\/v2\/posts\/36001","targetHints":{"allow":["GET"]}}],"collection":[{"href":"https:\/\/www.organisator.ch\/fr\/wp-json\/wp\/v2\/posts"}],"about":[{"href":"https:\/\/www.organisator.ch\/fr\/wp-json\/wp\/v2\/types\/post"}],"author":[{"embeddable":true,"href":"https:\/\/www.organisator.ch\/fr\/wp-json\/wp\/v2\/users\/4"}],"replies":[{"embeddable":true,"href":"https:\/\/www.organisator.ch\/fr\/wp-json\/wp\/v2\/comments?post=36001"}],"version-history":[{"count":4,"href":"https:\/\/www.organisator.ch\/fr\/wp-json\/wp\/v2\/posts\/36001\/revisions"}],"predecessor-version":[{"id":36041,"href":"https:\/\/www.organisator.ch\/fr\/wp-json\/wp\/v2\/posts\/36001\/revisions\/36041"}],"wp:featuredmedia":[{"embeddable":true,"href":"https:\/\/www.organisator.ch\/fr\/wp-json\/wp\/v2\/media\/36002"}],"wp:attachment":[{"href":"https:\/\/www.organisator.ch\/fr\/wp-json\/wp\/v2\/media?parent=36001"}],"wp:term":[{"taxonomy":"category","embeddable":true,"href":"https:\/\/www.organisator.ch\/fr\/wp-json\/wp\/v2\/categories?post=36001"},{"taxonomy":"post_tag","embeddable":true,"href":"https:\/\/www.organisator.ch\/fr\/wp-json\/wp\/v2\/tags?post=36001"}],"curies":[{"name":"wp","href":"https:\/\/api.w.org\/{rel}","templated":true}]}}