{"id":36003,"date":"2025-02-18T08:15:21","date_gmt":"2025-02-18T07:15:21","guid":{"rendered":"https:\/\/www.markt-kom.com\/?p=230513"},"modified":"2025-02-18T07:41:58","modified_gmt":"2025-02-18T06:41:58","slug":"ey-startup-barometer-schweiz-2025","status":"publish","type":"post","link":"https:\/\/www.organisator.ch\/fr\/marketing\/2025-02-18\/ey-startup-barometer-schweiz-2025\/","title":{"rendered":"Barom\u00e8tre EY des start-up en Suisse 2025"},"content":{"rendered":"<div class=\"mceTemp\">\u00a0<\/div>\r\n<p data-pm-slice=\"1 1 []\"><a href=\"https:\/\/www.markt-kom.com\/wp-content\/uploads\/2025\/02\/EY-Startup-Barometer-Schweiz-2025.png\"><img class=\"alignnone size-full wp-image-230516\" src=\"https:\/\/www.markt-kom.com\/wp-content\/uploads\/2025\/02\/EY-Startup-Barometer-Schweiz-2025.png\" sizes=\"(max-width: 1024px) 100vw, 1024px\" srcset=\"https:\/\/www.markt-kom.com\/wp-content\/uploads\/2025\/02\/EY-Startup-Barometer-Schweiz-2025.png 1024w, https:\/\/www.markt-kom.com\/wp-content\/uploads\/2025\/02\/EY-Startup-Barometer-Schweiz-2025-600x450.png 600w, https:\/\/www.markt-kom.com\/wp-content\/uploads\/2025\/02\/EY-Startup-Barometer-Schweiz-2025-768x576.png 768w, https:\/\/www.markt-kom.com\/wp-content\/uploads\/2025\/02\/EY-Startup-Barometer-Schweiz-2025-16x12.png 16w, https:\/\/www.markt-kom.com\/wp-content\/uploads\/2025\/02\/EY-Startup-Barometer-Schweiz-2025-233x175.png 233w, https:\/\/www.markt-kom.com\/wp-content\/uploads\/2025\/02\/EY-Startup-Barometer-Schweiz-2025-467x350.png 467w, https:\/\/www.markt-kom.com\/wp-content\/uploads\/2025\/02\/EY-Startup-Barometer-Schweiz-2025-1000x750.png 1000w\" alt=\"\" width=\"1024\" height=\"768\" \/><\/a><\/p>\r\n<p data-pm-slice=\"1 1 []\">Le Barom\u00e8tre EY des start-up en Suisse 2025 montre que : Le nombre de tours de financement a baiss\u00e9 de 6,7% en 2024 pour atteindre 513, le capital investi a diminu\u00e9 de 15% pour atteindre 2,3 milliards de francs suisses. \"Pour la deuxi\u00e8me ann\u00e9e cons\u00e9cutive, la sc\u00e8ne suisse des start-up doit faire face \u00e0 un recul des tours de financement et du volume. Celui-ci s'aplatit toutefois nettement et ne peut pas \u00eatre compar\u00e9 \u00e0 l'effondrement de 2023\", explique Alexander Schatt, responsable Startups et Scale-ups chez EY Suisse.<\/p>\r\n<p>Une tendance claire se poursuit en particulier dans le domaine de l'intelligence artificielle : plus d'un tour de financement sur cinq (22%) a \u00e9t\u00e9 consacr\u00e9 en 2024 \u00e0 des startups ax\u00e9es sur l'IA, soit deux fois plus que l'ann\u00e9e pr\u00e9c\u00e9dente. \"Malgr\u00e9 la baisse g\u00e9n\u00e9rale des investissements dans les startups, nous constatons un fort int\u00e9r\u00eat des investisseurs pour les startups li\u00e9es \u00e0 l'IA. Cela indique une confiance croissante des investisseurs dans la Suisse en tant que site de premier ordre pour les investissements dans les startups de l'IA\", poursuit Schatt.<\/p>\r\n<figure id=\"attachment_230515\" class=\"wp-caption alignnone\" style=\"width: 1024px;\" aria-describedby=\"caption-attachment-230515\"><a href=\"https:\/\/www.markt-kom.com\/wp-content\/uploads\/2025\/02\/3-2.png\"><img class=\"size-full wp-image-230515\" src=\"https:\/\/www.markt-kom.com\/wp-content\/uploads\/2025\/02\/3-2.png\" sizes=\"(max-width: 1024px) 100vw, 1024px\" srcset=\"https:\/\/www.markt-kom.com\/wp-content\/uploads\/2025\/02\/3-2.png 1024w, https:\/\/www.markt-kom.com\/wp-content\/uploads\/2025\/02\/3-2-600x450.png 600w, https:\/\/www.markt-kom.com\/wp-content\/uploads\/2025\/02\/3-2-768x576.png 768w, https:\/\/www.markt-kom.com\/wp-content\/uploads\/2025\/02\/3-2-16x12.png 16w, https:\/\/www.markt-kom.com\/wp-content\/uploads\/2025\/02\/3-2-233x175.png 233w, https:\/\/www.markt-kom.com\/wp-content\/uploads\/2025\/02\/3-2-467x350.png 467w, https:\/\/www.markt-kom.com\/wp-content\/uploads\/2025\/02\/3-2-1000x750.png 1000w\" alt=\"\" width=\"1024\" height=\"768\" \/><\/a>\r\n<figcaption id=\"caption-attachment-230515\" class=\"wp-caption-text\">Alexander Schatt, Head of Startups and Scale-ups chez EY en Suisse<\/figcaption>\r\n<\/figure>\r\n<p>Le secteur de la sant\u00e9 reste le secteur dominant avec un volume de financement de 1,039 milliard de francs suisses, suivi par les logiciels et l'analytique (397 millions de francs suisses) et les fintech\/insurtech (193 millions de francs suisses). Dans la liste des dix plus grands tours de financement, les startups de biotechnologie occupent les premi\u00e8res places, avec Alentis Therapeutics (158 millions de francs suisses) en t\u00eate.<\/p>\r\n<p>L'accent est \u00e9galement mis sur la participation des femmes dans les \u00e9quipes de fondateurs : 7% des startups financ\u00e9es ont \u00e9t\u00e9 fond\u00e9es exclusivement par des femmes, 18% par des \u00e9quipes mixtes.<\/p>\r\n<p>En comparaison internationale, la Suisse a enregistr\u00e9 le plus faible recul des tours de financement avec -6,7% (Allemagne : -12,3%, Autriche : -19%). M\u00eame si le volume de financement a diminu\u00e9 de 15%, les conditions cadres pour les investissements dans les start-up suisses restent solides.<\/p>","protected":false},"excerpt":{"rendered":"<p>La sc\u00e8ne suisse des start-ups d\u00e9fie les conditions du march\u00e9 : alors que les tours de financement et les volumes sont en l\u00e9ger recul, les investissements dans les start-ups de l'IA doublent.<\/p>","protected":false},"author":8,"featured_media":0,"comment_status":"closed","ping_status":"closed","sticky":false,"template":"","format":"standard","meta":{"_acf_changed":false,"_yoast_wpseo_focuskw":"EY Startup Barometer Schweiz 2025","_yoast_wpseo_metadesc":"Trotz R\u00fcckgang der Finanzierungen verdoppeln sich Investitionen in KI-Startups. Das EY Startup Barometer Schweiz 2025 zeigt klare Trends.","articlekey":"","footnotes":""},"categories":[29],"tags":[4345,5089],"class_list":["post-36003","post","type-post","status-publish","format-standard","hentry","category-marketing","tag-business","tag-ey-startup-barometer"],"acf":[],"yoast_head":"<!-- This site is optimized with the Yoast SEO plugin v27.5 - https:\/\/yoast.com\/product\/yoast-seo-wordpress\/ -->\n<title>EY Startup Barometer Schweiz 2025 - Organisator<\/title>\n<meta name=\"description\" content=\"Trotz R\u00fcckgang der Finanzierungen verdoppeln sich Investitionen in KI-Startups. Das EY Startup Barometer Schweiz 2025 zeigt klare Trends.\" \/>\n<meta name=\"robots\" content=\"index, follow, max-snippet:-1, max-image-preview:large, max-video-preview:-1\" \/>\n<link rel=\"canonical\" href=\"https:\/\/www.organisator.ch\/fr\/marketing\/2025-02-18\/ey-startup-barometer-schweiz-2025\/\" \/>\n<meta property=\"og:locale\" content=\"fr_FR\" \/>\n<meta property=\"og:type\" content=\"article\" \/>\n<meta property=\"og:title\" content=\"EY Startup Barometer Schweiz 2025 - Organisator\" \/>\n<meta property=\"og:description\" content=\"Trotz R\u00fcckgang der Finanzierungen verdoppeln sich Investitionen in KI-Startups. Das EY Startup Barometer Schweiz 2025 zeigt klare Trends.\" \/>\n<meta property=\"og:url\" content=\"https:\/\/www.organisator.ch\/fr\/marketing\/2025-02-18\/ey-startup-barometer-schweiz-2025\/\" \/>\n<meta property=\"og:site_name\" content=\"Organisator\" \/>\n<meta property=\"article:publisher\" content=\"https:\/\/www.facebook.com\/OrganisatorFachmagazin\" \/>\n<meta property=\"article:published_time\" content=\"2025-02-18T07:15:21+00:00\" \/>\n<meta name=\"author\" content=\"galledia\" \/>\n<meta name=\"twitter:card\" content=\"summary_large_image\" \/>\n<meta name=\"twitter:creator\" content=\"@admin\" \/>\n<script type=\"application\/ld+json\" class=\"yoast-schema-graph\">{\"@context\":\"https:\\\/\\\/schema.org\",\"@graph\":[{\"@type\":\"Article\",\"@id\":\"https:\\\/\\\/www.organisator.ch\\\/marketing\\\/2025-02-18\\\/ey-startup-barometer-schweiz-2025\\\/#article\",\"isPartOf\":{\"@id\":\"https:\\\/\\\/www.organisator.ch\\\/marketing\\\/2025-02-18\\\/ey-startup-barometer-schweiz-2025\\\/\"},\"author\":{\"name\":\"galledia\",\"@id\":\"https:\\\/\\\/www.organisator.ch\\\/#\\\/schema\\\/person\\\/4e51799071cd2dd1232ac003643ef5f0\"},\"headline\":\"EY Startup Barometer Schweiz 2025\",\"datePublished\":\"2025-02-18T07:15:21+00:00\",\"mainEntityOfPage\":{\"@id\":\"https:\\\/\\\/www.organisator.ch\\\/marketing\\\/2025-02-18\\\/ey-startup-barometer-schweiz-2025\\\/\"},\"wordCount\":260,\"publisher\":{\"@id\":\"https:\\\/\\\/www.organisator.ch\\\/#organization\"},\"image\":{\"@id\":\"https:\\\/\\\/www.organisator.ch\\\/marketing\\\/2025-02-18\\\/ey-startup-barometer-schweiz-2025\\\/#primaryimage\"},\"thumbnailUrl\":\"https:\\\/\\\/www.markt-kom.com\\\/wp-content\\\/uploads\\\/2025\\\/02\\\/EY-Startup-Barometer-Schweiz-2025.png\",\"keywords\":[\"Business\",\"Ey Startup Barometer\"],\"articleSection\":[\"MARKETING\"],\"inLanguage\":\"fr-FR\"},{\"@type\":\"WebPage\",\"@id\":\"https:\\\/\\\/www.organisator.ch\\\/marketing\\\/2025-02-18\\\/ey-startup-barometer-schweiz-2025\\\/\",\"url\":\"https:\\\/\\\/www.organisator.ch\\\/marketing\\\/2025-02-18\\\/ey-startup-barometer-schweiz-2025\\\/\",\"name\":\"EY Startup Barometer Schweiz 2025 - Organisator\",\"isPartOf\":{\"@id\":\"https:\\\/\\\/www.organisator.ch\\\/#website\"},\"primaryImageOfPage\":{\"@id\":\"https:\\\/\\\/www.organisator.ch\\\/marketing\\\/2025-02-18\\\/ey-startup-barometer-schweiz-2025\\\/#primaryimage\"},\"image\":{\"@id\":\"https:\\\/\\\/www.organisator.ch\\\/marketing\\\/2025-02-18\\\/ey-startup-barometer-schweiz-2025\\\/#primaryimage\"},\"thumbnailUrl\":\"https:\\\/\\\/www.markt-kom.com\\\/wp-content\\\/uploads\\\/2025\\\/02\\\/EY-Startup-Barometer-Schweiz-2025.png\",\"datePublished\":\"2025-02-18T07:15:21+00:00\",\"description\":\"Trotz R\u00fcckgang der Finanzierungen verdoppeln sich Investitionen in KI-Startups. Das EY Startup Barometer Schweiz 2025 zeigt klare Trends.\",\"breadcrumb\":{\"@id\":\"https:\\\/\\\/www.organisator.ch\\\/marketing\\\/2025-02-18\\\/ey-startup-barometer-schweiz-2025\\\/#breadcrumb\"},\"inLanguage\":\"fr-FR\",\"potentialAction\":[{\"@type\":\"ReadAction\",\"target\":[\"https:\\\/\\\/www.organisator.ch\\\/marketing\\\/2025-02-18\\\/ey-startup-barometer-schweiz-2025\\\/\"]}]},{\"@type\":\"ImageObject\",\"inLanguage\":\"fr-FR\",\"@id\":\"https:\\\/\\\/www.organisator.ch\\\/marketing\\\/2025-02-18\\\/ey-startup-barometer-schweiz-2025\\\/#primaryimage\",\"url\":\"https:\\\/\\\/www.markt-kom.com\\\/wp-content\\\/uploads\\\/2025\\\/02\\\/EY-Startup-Barometer-Schweiz-2025.png\",\"contentUrl\":\"https:\\\/\\\/www.markt-kom.com\\\/wp-content\\\/uploads\\\/2025\\\/02\\\/EY-Startup-Barometer-Schweiz-2025.png\"},{\"@type\":\"BreadcrumbList\",\"@id\":\"https:\\\/\\\/www.organisator.ch\\\/marketing\\\/2025-02-18\\\/ey-startup-barometer-schweiz-2025\\\/#breadcrumb\",\"itemListElement\":[{\"@type\":\"ListItem\",\"position\":1,\"name\":\"Home\",\"item\":\"https:\\\/\\\/www.organisator.ch\\\/\"},{\"@type\":\"ListItem\",\"position\":2,\"name\":\"EY Startup Barometer Schweiz 2025\"}]},{\"@type\":\"WebSite\",\"@id\":\"https:\\\/\\\/www.organisator.ch\\\/#website\",\"url\":\"https:\\\/\\\/www.organisator.ch\\\/\",\"name\":\"Organisator\",\"description\":\"Kompetent. Praxisnah. Der ORGANISATOR bereitet in 10 Ausgaben pro Jahr die wesentlichen Themen f\u00fcr F\u00fchrungskr\u00e4fte von KMU auf.\",\"publisher\":{\"@id\":\"https:\\\/\\\/www.organisator.ch\\\/#organization\"},\"potentialAction\":[{\"@type\":\"SearchAction\",\"target\":{\"@type\":\"EntryPoint\",\"urlTemplate\":\"https:\\\/\\\/www.organisator.ch\\\/?s={search_term_string}\"},\"query-input\":{\"@type\":\"PropertyValueSpecification\",\"valueRequired\":true,\"valueName\":\"search_term_string\"}}],\"inLanguage\":\"fr-FR\"},{\"@type\":\"Organization\",\"@id\":\"https:\\\/\\\/www.organisator.ch\\\/#organization\",\"name\":\"Organisator\",\"url\":\"https:\\\/\\\/www.organisator.ch\\\/\",\"logo\":{\"@type\":\"ImageObject\",\"inLanguage\":\"fr-FR\",\"@id\":\"https:\\\/\\\/www.organisator.ch\\\/#\\\/schema\\\/logo\\\/image\\\/\",\"url\":\"https:\\\/\\\/www.organisator.ch\\\/wp-content\\\/uploads\\\/2022\\\/01\\\/Logo_Organisator_Website.png\",\"contentUrl\":\"https:\\\/\\\/www.organisator.ch\\\/wp-content\\\/uploads\\\/2022\\\/01\\\/Logo_Organisator_Website.png\",\"width\":800,\"height\":77,\"caption\":\"Organisator\"},\"image\":{\"@id\":\"https:\\\/\\\/www.organisator.ch\\\/#\\\/schema\\\/logo\\\/image\\\/\"},\"sameAs\":[\"https:\\\/\\\/www.facebook.com\\\/OrganisatorFachmagazin\",\"https:\\\/\\\/www.linkedin.com\\\/showcase\\\/organisator-das-magazin-fr-kmu\",\"https:\\\/\\\/www.xing.com\\\/news\\\/pages\\\/organisator-ch-695\",\"https:\\\/\\\/www.youtube.com\\\/channel\\\/UCGP2Sq0iWaZwT3BdIAQFYpw\"]},{\"@type\":\"Person\",\"@id\":\"https:\\\/\\\/www.organisator.ch\\\/#\\\/schema\\\/person\\\/4e51799071cd2dd1232ac003643ef5f0\",\"name\":\"galledia\",\"image\":{\"@type\":\"ImageObject\",\"inLanguage\":\"fr-FR\",\"@id\":\"https:\\\/\\\/secure.gravatar.com\\\/avatar\\\/78a7f90c01fc2bfc875782a0d4922b37cde2cf184ce347b91316d23cd7f69a36?s=96&d=mm&r=g\",\"url\":\"https:\\\/\\\/secure.gravatar.com\\\/avatar\\\/78a7f90c01fc2bfc875782a0d4922b37cde2cf184ce347b91316d23cd7f69a36?s=96&d=mm&r=g\",\"contentUrl\":\"https:\\\/\\\/secure.gravatar.com\\\/avatar\\\/78a7f90c01fc2bfc875782a0d4922b37cde2cf184ce347b91316d23cd7f69a36?s=96&d=mm&r=g\",\"caption\":\"galledia\"},\"sameAs\":[\"https:\\\/\\\/x.com\\\/admin\"],\"url\":\"https:\\\/\\\/www.organisator.ch\\\/fr\\\/author\\\/galledia\\\/\"}]}<\/script>\n<!-- \/ Yoast SEO plugin. -->","yoast_head_json":{"title":"EY Startup Barometer Schweiz 2025 - Organisateur","description":"Malgr\u00e9 la baisse des financements, les investissements dans les startups de l'IA doublent. Le Barom\u00e8tre EY des start-ups suisses 2025 r\u00e9v\u00e8le des tendances claires.","robots":{"index":"index","follow":"follow","max-snippet":"max-snippet:-1","max-image-preview":"max-image-preview:large","max-video-preview":"max-video-preview:-1"},"canonical":"https:\/\/www.organisator.ch\/fr\/marketing\/2025-02-18\/ey-startup-barometer-schweiz-2025\/","og_locale":"fr_FR","og_type":"article","og_title":"EY Startup Barometer Schweiz 2025 - Organisator","og_description":"Trotz R\u00fcckgang der Finanzierungen verdoppeln sich Investitionen in KI-Startups. Das EY Startup Barometer Schweiz 2025 zeigt klare Trends.","og_url":"https:\/\/www.organisator.ch\/fr\/marketing\/2025-02-18\/ey-startup-barometer-schweiz-2025\/","og_site_name":"Organisator","article_publisher":"https:\/\/www.facebook.com\/OrganisatorFachmagazin","article_published_time":"2025-02-18T07:15:21+00:00","author":"galledia","twitter_card":"summary_large_image","twitter_creator":"@admin","schema":{"@context":"https:\/\/schema.org","@graph":[{"@type":"Article","@id":"https:\/\/www.organisator.ch\/marketing\/2025-02-18\/ey-startup-barometer-schweiz-2025\/#article","isPartOf":{"@id":"https:\/\/www.organisator.ch\/marketing\/2025-02-18\/ey-startup-barometer-schweiz-2025\/"},"author":{"name":"galledia","@id":"https:\/\/www.organisator.ch\/#\/schema\/person\/4e51799071cd2dd1232ac003643ef5f0"},"headline":"EY Startup Barometer Schweiz 2025","datePublished":"2025-02-18T07:15:21+00:00","mainEntityOfPage":{"@id":"https:\/\/www.organisator.ch\/marketing\/2025-02-18\/ey-startup-barometer-schweiz-2025\/"},"wordCount":260,"publisher":{"@id":"https:\/\/www.organisator.ch\/#organization"},"image":{"@id":"https:\/\/www.organisator.ch\/marketing\/2025-02-18\/ey-startup-barometer-schweiz-2025\/#primaryimage"},"thumbnailUrl":"https:\/\/www.markt-kom.com\/wp-content\/uploads\/2025\/02\/EY-Startup-Barometer-Schweiz-2025.png","keywords":["Business","Ey Startup Barometer"],"articleSection":["MARKETING"],"inLanguage":"fr-FR"},{"@type":"WebPage","@id":"https:\/\/www.organisator.ch\/marketing\/2025-02-18\/ey-startup-barometer-schweiz-2025\/","url":"https:\/\/www.organisator.ch\/marketing\/2025-02-18\/ey-startup-barometer-schweiz-2025\/","name":"EY Startup Barometer Schweiz 2025 - Organisateur","isPartOf":{"@id":"https:\/\/www.organisator.ch\/#website"},"primaryImageOfPage":{"@id":"https:\/\/www.organisator.ch\/marketing\/2025-02-18\/ey-startup-barometer-schweiz-2025\/#primaryimage"},"image":{"@id":"https:\/\/www.organisator.ch\/marketing\/2025-02-18\/ey-startup-barometer-schweiz-2025\/#primaryimage"},"thumbnailUrl":"https:\/\/www.markt-kom.com\/wp-content\/uploads\/2025\/02\/EY-Startup-Barometer-Schweiz-2025.png","datePublished":"2025-02-18T07:15:21+00:00","description":"Malgr\u00e9 la baisse des financements, les investissements dans les startups de l'IA doublent. Le Barom\u00e8tre EY des start-ups suisses 2025 r\u00e9v\u00e8le des tendances claires.","breadcrumb":{"@id":"https:\/\/www.organisator.ch\/marketing\/2025-02-18\/ey-startup-barometer-schweiz-2025\/#breadcrumb"},"inLanguage":"fr-FR","potentialAction":[{"@type":"ReadAction","target":["https:\/\/www.organisator.ch\/marketing\/2025-02-18\/ey-startup-barometer-schweiz-2025\/"]}]},{"@type":"ImageObject","inLanguage":"fr-FR","@id":"https:\/\/www.organisator.ch\/marketing\/2025-02-18\/ey-startup-barometer-schweiz-2025\/#primaryimage","url":"https:\/\/www.markt-kom.com\/wp-content\/uploads\/2025\/02\/EY-Startup-Barometer-Schweiz-2025.png","contentUrl":"https:\/\/www.markt-kom.com\/wp-content\/uploads\/2025\/02\/EY-Startup-Barometer-Schweiz-2025.png"},{"@type":"BreadcrumbList","@id":"https:\/\/www.organisator.ch\/marketing\/2025-02-18\/ey-startup-barometer-schweiz-2025\/#breadcrumb","itemListElement":[{"@type":"ListItem","position":1,"name":"Home","item":"https:\/\/www.organisator.ch\/"},{"@type":"ListItem","position":2,"name":"EY Startup Barometer Schweiz 2025"}]},{"@type":"WebSite","@id":"https:\/\/www.organisator.ch\/#website","url":"https:\/\/www.organisator.ch\/","name":"Organisateur","description":"Comp\u00e9tence et comp\u00e9tence. Proches de la pratique. L'ORGANISATEUR pr\u00e9pare 10 num\u00e9ros par an sur les th\u00e8mes essentiels pour les dirigeants de PME.","publisher":{"@id":"https:\/\/www.organisator.ch\/#organization"},"potentialAction":[{"@type":"SearchAction","target":{"@type":"EntryPoint","urlTemplate":"https:\/\/www.organisator.ch\/?s={search_term_string}"},"query-input":{"@type":"PropertyValueSpecification","valueRequired":true,"valueName":"search_term_string"}}],"inLanguage":"fr-FR"},{"@type":"Organization","@id":"https:\/\/www.organisator.ch\/#organization","name":"Organisateur","url":"https:\/\/www.organisator.ch\/","logo":{"@type":"ImageObject","inLanguage":"fr-FR","@id":"https:\/\/www.organisator.ch\/#\/schema\/logo\/image\/","url":"https:\/\/www.organisator.ch\/wp-content\/uploads\/2022\/01\/Logo_Organisator_Website.png","contentUrl":"https:\/\/www.organisator.ch\/wp-content\/uploads\/2022\/01\/Logo_Organisator_Website.png","width":800,"height":77,"caption":"Organisator"},"image":{"@id":"https:\/\/www.organisator.ch\/#\/schema\/logo\/image\/"},"sameAs":["https:\/\/www.facebook.com\/OrganisatorFachmagazin","https:\/\/www.linkedin.com\/showcase\/organisator-das-magazin-fr-kmu","https:\/\/www.xing.com\/news\/pages\/organisator-ch-695","https:\/\/www.youtube.com\/channel\/UCGP2Sq0iWaZwT3BdIAQFYpw"]},{"@type":"Person","@id":"https:\/\/www.organisator.ch\/#\/schema\/person\/4e51799071cd2dd1232ac003643ef5f0","name":"galledia","image":{"@type":"ImageObject","inLanguage":"fr-FR","@id":"https:\/\/secure.gravatar.com\/avatar\/78a7f90c01fc2bfc875782a0d4922b37cde2cf184ce347b91316d23cd7f69a36?s=96&d=mm&r=g","url":"https:\/\/secure.gravatar.com\/avatar\/78a7f90c01fc2bfc875782a0d4922b37cde2cf184ce347b91316d23cd7f69a36?s=96&d=mm&r=g","contentUrl":"https:\/\/secure.gravatar.com\/avatar\/78a7f90c01fc2bfc875782a0d4922b37cde2cf184ce347b91316d23cd7f69a36?s=96&d=mm&r=g","caption":"galledia"},"sameAs":["https:\/\/x.com\/admin"],"url":"https:\/\/www.organisator.ch\/fr\/author\/galledia\/"}]}},"_links":{"self":[{"href":"https:\/\/www.organisator.ch\/fr\/wp-json\/wp\/v2\/posts\/36003","targetHints":{"allow":["GET"]}}],"collection":[{"href":"https:\/\/www.organisator.ch\/fr\/wp-json\/wp\/v2\/posts"}],"about":[{"href":"https:\/\/www.organisator.ch\/fr\/wp-json\/wp\/v2\/types\/post"}],"author":[{"embeddable":true,"href":"https:\/\/www.organisator.ch\/fr\/wp-json\/wp\/v2\/users\/8"}],"replies":[{"embeddable":true,"href":"https:\/\/www.organisator.ch\/fr\/wp-json\/wp\/v2\/comments?post=36003"}],"version-history":[{"count":4,"href":"https:\/\/www.organisator.ch\/fr\/wp-json\/wp\/v2\/posts\/36003\/revisions"}],"predecessor-version":[{"id":36036,"href":"https:\/\/www.organisator.ch\/fr\/wp-json\/wp\/v2\/posts\/36003\/revisions\/36036"}],"wp:attachment":[{"href":"https:\/\/www.organisator.ch\/fr\/wp-json\/wp\/v2\/media?parent=36003"}],"wp:term":[{"taxonomy":"category","embeddable":true,"href":"https:\/\/www.organisator.ch\/fr\/wp-json\/wp\/v2\/categories?post=36003"},{"taxonomy":"post_tag","embeddable":true,"href":"https:\/\/www.organisator.ch\/fr\/wp-json\/wp\/v2\/tags?post=36003"}],"curies":[{"name":"wp","href":"https:\/\/api.w.org\/{rel}","templated":true}]}}