{"id":36015,"date":"2025-02-18T07:30:25","date_gmt":"2025-02-18T06:30:25","guid":{"rendered":"https:\/\/www.m-q.ch\/de\/?p=21039"},"modified":"2025-02-18T07:30:43","modified_gmt":"2025-02-18T06:30:43","slug":"frische-ideen-und-starke-begegnungen","status":"publish","type":"post","link":"https:\/\/www.organisator.ch\/fr\/operational-excellence\/2025-02-18\/frische-ideen-und-starke-begegnungen\/","title":{"rendered":"\"Des id\u00e9es fra\u00eeches et des rencontres fortes\""},"content":{"rendered":"<figure id=\"attachment_21038\" class=\"wp-caption alignnone\" style=\"width: 1300px;\" aria-describedby=\"caption-attachment-21038\"><img class=\"size-full wp-image-21038\" src=\"https:\/\/www.m-q.ch\/wp-content\/uploads\/2025\/02\/Flash_AndreaVetsch_Bild_HIGH_management_qualitaet_140483-scaled.jpg\" sizes=\"(max-width: 1300px) 100vw, 1300px\" srcset=\"https:\/\/www.m-q.ch\/wp-content\/uploads\/2025\/02\/Flash_AndreaVetsch_Bild_HIGH_management_qualitaet_140483-scaled.jpg 1300w, https:\/\/www.m-q.ch\/wp-content\/uploads\/2025\/02\/Flash_AndreaVetsch_Bild_HIGH_management_qualitaet_140483-768x753.jpg 768w, https:\/\/www.m-q.ch\/wp-content\/uploads\/2025\/02\/Flash_AndreaVetsch_Bild_HIGH_management_qualitaet_140483-1536x1506.jpg 1536w, https:\/\/www.m-q.ch\/wp-content\/uploads\/2025\/02\/Flash_AndreaVetsch_Bild_HIGH_management_qualitaet_140483-12x12.jpg 12w, https:\/\/www.m-q.ch\/wp-content\/uploads\/2025\/02\/Flash_AndreaVetsch_Bild_HIGH_management_qualitaet_140483-306x300.jpg 306w, https:\/\/www.m-q.ch\/wp-content\/uploads\/2025\/02\/Flash_AndreaVetsch_Bild_HIGH_management_qualitaet_140483-357x350.jpg 357w, https:\/\/www.m-q.ch\/wp-content\/uploads\/2025\/02\/Flash_AndreaVetsch_Bild_HIGH_management_qualitaet_140483-816x800.jpg 816w\" alt=\"Andrea Vetsch, l&#039;animatrice exp\u00e9riment\u00e9e de la Journ\u00e9e de la qualit\u00e9 suisse \u00a9 SAQ\" width=\"1300\" height=\"1274\" \/>\r\n<figcaption id=\"caption-attachment-21038\" class=\"wp-caption-text\">Andrea Vetsch, l'animatrice exp\u00e9riment\u00e9e de la Journ\u00e9e de la qualit\u00e9 suisse \u00a9 SAQ<\/figcaption>\r\n<\/figure>\r\n<p>Andrea Vetsch est depuis de nombreuses ann\u00e9es le visage de la Journ\u00e9e suisse de la qualit\u00e9 (TSQ) et, en tant qu'animatrice, elle rassemble les gens et les th\u00e8mes. Dans l'interview qu'elle a accord\u00e9e \u00e0 Prisca Zammaretti, directrice de la SAQ, elle parle de sa vision de la qualit\u00e9, des d\u00e9fis de l'animation et de ses moments forts personnels.<\/p>\r\n<p><strong>Prisca Zammaretti : Andrea, le terme \"qualit\u00e9\" semble souvent abstrait. Que signifie-t-il pour toi, tant sur le plan professionnel que priv\u00e9 ?<\/strong><\/p>\r\n<p><strong>Andrea Vetsch :<\/strong> Dans mon travail, la qualit\u00e9 est synonyme de soin, de correction et de pr\u00e9cision. Au journal t\u00e9l\u00e9vis\u00e9, chaque mot doit \u00eatre juste, c'est pourquoi nous travaillons avec le principe des six yeux. Deux autres personnes - le producteur et le \"service de correction\" - v\u00e9rifient les pr\u00e9sentations, tant au niveau du contenu que de la langue. Dans ma vie priv\u00e9e, je place la sant\u00e9 au premier plan - c'est pour moi la qualit\u00e9 ultime de la vie.<\/p>\r\n<p><strong>Tu animes la Journ\u00e9e de la qualit\u00e9 suisse depuis plusieurs ann\u00e9es d\u00e9j\u00e0. Qu'est-ce qui te passionne toujours dans cette t\u00e2che ?<\/strong><\/p>\r\n<p>Pour moi, chaque animation est comme une formation continue. J'apprends une quantit\u00e9 incroyable de choses, que ce soit sur l'\u00e9conomie circulaire, le new work ou les techniques de cr\u00e9ativit\u00e9. C'est \u00e9galement passionnant de voir quels sont les th\u00e8mes qui animent d'autres entreprises. Cette diversit\u00e9 est un grand plaisir !<\/p>\r\n<p><strong>Comment te pr\u00e9pares-tu \u00e0 la mod\u00e9ration ? As-tu des rituels sp\u00e9cifiques ?<\/strong><\/p>\r\n<p>Je t\u00e9l\u00e9phone \u00e0 l'avance \u00e0 toutes les personnes avec lesquelles je vais avoir de longues conversations sur sc\u00e8ne - cela cr\u00e9e un climat de confiance et une bonne base. Le jour m\u00eame, j'essaie d'\u00eatre bien repos\u00e9e et je suis reconnaissante que quelqu'un s'occupe de mes cheveux et de mon maquillage. Je peux ainsi me concentrer pleinement sur le contenu de la pr\u00e9sentation.<\/p>\r\n<p><strong>Une journ\u00e9e enti\u00e8re de congr\u00e8s - comment rester calme et confiant ?<\/strong><\/p>\r\n<p>Le plus grand d\u00e9fi est de maintenir la concentration et la fra\u00eecheur tout au long de la journ\u00e9e. Pour cela, il est essentiel d'arriver bien repos\u00e9. Une bonne pr\u00e9paration est un gage de s\u00e9curit\u00e9. J'ai constat\u00e9 que de courtes pauses \u00e0 l'air libre me sont particuli\u00e8rement b\u00e9n\u00e9fiques.<\/p>\r\n<p><strong>Qu'est-ce qui fait pour toi une bonne mod\u00e9ration, surtout sur un sujet complexe comme la qualit\u00e9 ?<\/strong><\/p>\r\n<p>Une bonne animation emm\u00e8ne les gens avec elle et aborde les questions qui se posent \u00e9galement dans le public. Elle est vari\u00e9e - tant\u00f4t s\u00e9rieuse, tant\u00f4t humoristique - et parvient \u00e0 regarder derri\u00e8re la fa\u00e7ade de son interlocuteur. Le plus important : il doit en r\u00e9sulter un v\u00e9ritable \u00e9change, quelque chose qui touche et \u00e9meut.<\/p>\r\n<p><strong>Y a-t-il un moment sur sc\u00e8ne que tu as particuli\u00e8rement retenu ?<\/strong><\/p>\r\n<p>Lors du dernier TSQ, la neuroscientifique Barbara Studer nous a montr\u00e9 \u00e0 quel point il est lib\u00e9rateur de sortir de sa zone de confort - \u00e0 tel point que nous avons spontan\u00e9ment chant\u00e9 ensemble \"Blowing in the Wind\" sur sc\u00e8ne. Kathrin Lehmann, ancienne sportive de haut niveau et entrepreneuse, a \u00e9galement impressionn\u00e9 par son c\u00f4t\u00e9 terre \u00e0 terre et sa proximit\u00e9. Son message sur l'importance de c\u00e9l\u00e9brer les succ\u00e8s m'a laiss\u00e9 une impression durable.<\/p>\r\n<p><strong>Cette ann\u00e9e, le slogan du TSQ est \"D\u00e9marrer avec clairvoyance\". Qu'est-ce que cela signifie pour toi personnellement ?<\/strong><\/p>\r\n<p>Cette ann\u00e9e, j'ai particuli\u00e8rement \u00e0 c\u0153ur de faire preuve de clairvoyance : en avril, je pars pour un voyage d'un mois afin d'acqu\u00e9rir de nouvelles perspectives et de me ressourcer. J'y r\u00e9fl\u00e9chirai \u00e0 ce qui est important pour moi et aux objectifs que je souhaite encore atteindre.<\/p>\r\n<p><strong>Le th\u00e8me de l'IA est omnipr\u00e9sent. Quel r\u00f4le joue-t-elle dans ton travail d'animatrice et de journaliste ?<\/strong><\/p>\r\n<p>Pour \u00eatre honn\u00eate, je suis \"old school\" sur ce point : Je n'ai encore jamais utilis\u00e9 d'outils tels que ChatGPT ou autres.<\/p>\r\n<p><strong>Pour conclure : pourquoi ne pas se priver du TSQ ?<\/strong><\/p>\r\n<p>Le TSQ fournit de nouvelles impulsions, te fait sortir de ta bulle et te donne l'occasion de rencontrer des personnes et des projets inspirants. Et bien s\u00fbr : le r\u00e9seautage !<\/p>\r\n<p><strong>Ce sont des aper\u00e7us passionnants, Andrea. C'est impressionnant de voir comment tu vis la qualit\u00e9 sur et en dehors de la sc\u00e8ne et comment tu enrichis la Journ\u00e9e de la qualit\u00e9 suisse. Merci beaucoup pour cet entretien inspirant !\u00a0<\/strong><\/p>\r\n<blockquote>\r\n<h3>A propos de la personne<\/h3>\r\n<p>Andrea Vetsch a \u00e9tudi\u00e9 la germanistique, le journalisme et la p\u00e9dagogie sociale \u00e0 Zurich. Depuis 2005, elle pr\u00e9sente le t\u00e9l\u00e9journal, avec des passages par \"Schweizweit\" et \"10vor10\". Depuis 2020, elle est \u00e0 nouveau le visage de l'\u00e9dition principale du Tagesschau apr\u00e8s une interruption. Elle accompagne la Journ\u00e9e de la qualit\u00e9 suisse depuis 2021 en tant que pr\u00e9sentatrice.<\/p>\r\n<\/blockquote>\r\n<p>&nbsp;<\/p>\r\n<blockquote>\r\n<h3>Journ\u00e9e de la qualit\u00e9 suisse<\/h3>\r\n<p>La Journ\u00e9e suisse de la qualit\u00e9 a \u00e9t\u00e9 cr\u00e9\u00e9e en 2008 par la SAQ Swiss Association for Quality. L'objectif de cette manifestation est de promouvoir un \u00e9change intersectoriel sur le th\u00e8me de la qualit\u00e9, l'un des piliers de l'\u00e9conomie suisse. Le congr\u00e8s annuel est organis\u00e9 par la SAQ Swiss Association for Quality en collaboration avec Shift Switzerland.<\/p>\r\n<p><a href=\"https:\/\/saq.abacuscity.ch\/de\/B~E-TSQ-250513\/Tag-der-Schweizer-Qualit%C3%A4t-13.05.2025-%7C-BernExpo\">Plus d'informations et inscription<\/a><\/p>\r\n<\/blockquote>\r\n<p>&nbsp;<\/p>\n<p class=\"syndicated-attribution\">Cet article est paru initialement sur m-q.ch - <a href=\"https:\/\/www.m-q.ch\/de\/frische-ideen-und-starke-begegnungen\/\" target=\"_blank\">https:\/\/www.m-q.ch\/de\/frische-ideen-und-starke-begegnungen\/<\/a><\/p>","protected":false},"excerpt":{"rendered":"<p>Le 13 mai 2025, Berne accueillera \u00e0 nouveau la Journ\u00e9e de la qualit\u00e9 suisse. Cette ann\u00e9e encore, Andrea Vetsch se chargera de l'animation.<\/p>","protected":false},"author":8,"featured_media":0,"comment_status":"closed","ping_status":"closed","sticky":false,"template":"","format":"standard","meta":{"_acf_changed":false,"_yoast_wpseo_focuskw":"Tag der Schweizer Qualit\u00e4t 2025","_yoast_wpseo_metadesc":"Andrea Vetsch moderiert erneut den Tag der Schweizer Qualit\u00e4t. Einblicke in ihre Vorbereitungen, Highlights und Bedeutung von Weitblick.","articlekey":"","footnotes":""},"categories":[582],"tags":[636,586,1968,2050,424,2576],"class_list":["post-36015","post","type-post","status-publish","format-standard","hentry","category-operational-excellence","tag-tag-der-schweizer-qualitaet","tag-allgemein","tag-qualitaet","tag-saq","tag-schweiz","tag-wirtschaft"],"acf":[],"yoast_head":"<!-- This site is optimized with the Yoast SEO plugin v27.5 - https:\/\/yoast.com\/product\/yoast-seo-wordpress\/ -->\n<title>\u00abFrische Ideen und starke Begegnungen\u00bb - Organisator<\/title>\n<meta name=\"description\" content=\"Andrea Vetsch moderiert erneut den Tag der Schweizer Qualit\u00e4t. Einblicke in ihre Vorbereitungen, Highlights und Bedeutung von Weitblick.\" \/>\n<meta name=\"robots\" content=\"index, follow, max-snippet:-1, max-image-preview:large, max-video-preview:-1\" \/>\n<link rel=\"canonical\" href=\"https:\/\/www.organisator.ch\/fr\/excellence-operationnelle\/2025-02-18\/frische-ideen-und-starke-begegnungen\/\" \/>\n<meta property=\"og:locale\" content=\"fr_FR\" \/>\n<meta property=\"og:type\" content=\"article\" \/>\n<meta property=\"og:title\" content=\"\u00abFrische Ideen und starke Begegnungen\u00bb - Organisator\" \/>\n<meta property=\"og:description\" content=\"Andrea Vetsch moderiert erneut den Tag der Schweizer Qualit\u00e4t. Einblicke in ihre Vorbereitungen, Highlights und Bedeutung von Weitblick.\" \/>\n<meta property=\"og:url\" content=\"https:\/\/www.organisator.ch\/fr\/excellence-operationnelle\/2025-02-18\/frische-ideen-und-starke-begegnungen\/\" \/>\n<meta property=\"og:site_name\" content=\"Organisator\" \/>\n<meta property=\"article:publisher\" content=\"https:\/\/www.facebook.com\/OrganisatorFachmagazin\" \/>\n<meta property=\"article:published_time\" content=\"2025-02-18T06:30:25+00:00\" \/>\n<meta property=\"article:modified_time\" content=\"2025-02-18T06:30:43+00:00\" \/>\n<meta property=\"og:image\" content=\"https:\/\/www.organisator.ch\/wp-content\/uploads\/2023\/07\/2022-verzeichnete-wieder-mehr-Wirtschaftsdelikte-2_Organisator.jpg\" \/>\n\t<meta property=\"og:image:width\" content=\"680\" \/>\n\t<meta property=\"og:image:height\" content=\"394\" \/>\n\t<meta property=\"og:image:type\" content=\"image\/jpeg\" \/>\n<meta name=\"author\" content=\"galledia\" \/>\n<meta name=\"twitter:card\" content=\"summary_large_image\" \/>\n<meta name=\"twitter:creator\" content=\"@admin\" \/>\n<script type=\"application\/ld+json\" class=\"yoast-schema-graph\">{\"@context\":\"https:\\\/\\\/schema.org\",\"@graph\":[{\"@type\":\"Article\",\"@id\":\"https:\\\/\\\/www.organisator.ch\\\/operational-excellence\\\/2025-02-18\\\/frische-ideen-und-starke-begegnungen\\\/#article\",\"isPartOf\":{\"@id\":\"https:\\\/\\\/www.organisator.ch\\\/operational-excellence\\\/2025-02-18\\\/frische-ideen-und-starke-begegnungen\\\/\"},\"author\":{\"name\":\"galledia\",\"@id\":\"https:\\\/\\\/www.organisator.ch\\\/#\\\/schema\\\/person\\\/4e51799071cd2dd1232ac003643ef5f0\"},\"headline\":\"\u00abFrische Ideen und starke Begegnungen\u00bb\",\"datePublished\":\"2025-02-18T06:30:25+00:00\",\"dateModified\":\"2025-02-18T06:30:43+00:00\",\"mainEntityOfPage\":{\"@id\":\"https:\\\/\\\/www.organisator.ch\\\/operational-excellence\\\/2025-02-18\\\/frische-ideen-und-starke-begegnungen\\\/\"},\"wordCount\":755,\"publisher\":{\"@id\":\"https:\\\/\\\/www.organisator.ch\\\/#organization\"},\"image\":{\"@id\":\"https:\\\/\\\/www.organisator.ch\\\/operational-excellence\\\/2025-02-18\\\/frische-ideen-und-starke-begegnungen\\\/#primaryimage\"},\"thumbnailUrl\":\"https:\\\/\\\/www.m-q.ch\\\/wp-content\\\/uploads\\\/2025\\\/02\\\/Flash_AndreaVetsch_Bild_HIGH_management_qualitaet_140483-scaled.jpg\",\"keywords\":[\"\u00abTag der Schweizer Qualit\u00e4t\u00bb\",\"Allgemein\",\"Qualit\u00e4t\",\"SAQ\",\"Schweiz\",\"Wirtschaft\"],\"articleSection\":[\"OPERATIONAL EXCELLENCE\"],\"inLanguage\":\"fr-FR\"},{\"@type\":\"WebPage\",\"@id\":\"https:\\\/\\\/www.organisator.ch\\\/operational-excellence\\\/2025-02-18\\\/frische-ideen-und-starke-begegnungen\\\/\",\"url\":\"https:\\\/\\\/www.organisator.ch\\\/operational-excellence\\\/2025-02-18\\\/frische-ideen-und-starke-begegnungen\\\/\",\"name\":\"\u00abFrische Ideen und starke Begegnungen\u00bb - Organisator\",\"isPartOf\":{\"@id\":\"https:\\\/\\\/www.organisator.ch\\\/#website\"},\"primaryImageOfPage\":{\"@id\":\"https:\\\/\\\/www.organisator.ch\\\/operational-excellence\\\/2025-02-18\\\/frische-ideen-und-starke-begegnungen\\\/#primaryimage\"},\"image\":{\"@id\":\"https:\\\/\\\/www.organisator.ch\\\/operational-excellence\\\/2025-02-18\\\/frische-ideen-und-starke-begegnungen\\\/#primaryimage\"},\"thumbnailUrl\":\"https:\\\/\\\/www.m-q.ch\\\/wp-content\\\/uploads\\\/2025\\\/02\\\/Flash_AndreaVetsch_Bild_HIGH_management_qualitaet_140483-scaled.jpg\",\"datePublished\":\"2025-02-18T06:30:25+00:00\",\"dateModified\":\"2025-02-18T06:30:43+00:00\",\"description\":\"Andrea Vetsch moderiert erneut den Tag der Schweizer Qualit\u00e4t. Einblicke in ihre Vorbereitungen, Highlights und Bedeutung von Weitblick.\",\"breadcrumb\":{\"@id\":\"https:\\\/\\\/www.organisator.ch\\\/operational-excellence\\\/2025-02-18\\\/frische-ideen-und-starke-begegnungen\\\/#breadcrumb\"},\"inLanguage\":\"fr-FR\",\"potentialAction\":[{\"@type\":\"ReadAction\",\"target\":[\"https:\\\/\\\/www.organisator.ch\\\/operational-excellence\\\/2025-02-18\\\/frische-ideen-und-starke-begegnungen\\\/\"]}]},{\"@type\":\"ImageObject\",\"inLanguage\":\"fr-FR\",\"@id\":\"https:\\\/\\\/www.organisator.ch\\\/operational-excellence\\\/2025-02-18\\\/frische-ideen-und-starke-begegnungen\\\/#primaryimage\",\"url\":\"https:\\\/\\\/www.m-q.ch\\\/wp-content\\\/uploads\\\/2025\\\/02\\\/Flash_AndreaVetsch_Bild_HIGH_management_qualitaet_140483-scaled.jpg\",\"contentUrl\":\"https:\\\/\\\/www.m-q.ch\\\/wp-content\\\/uploads\\\/2025\\\/02\\\/Flash_AndreaVetsch_Bild_HIGH_management_qualitaet_140483-scaled.jpg\"},{\"@type\":\"BreadcrumbList\",\"@id\":\"https:\\\/\\\/www.organisator.ch\\\/operational-excellence\\\/2025-02-18\\\/frische-ideen-und-starke-begegnungen\\\/#breadcrumb\",\"itemListElement\":[{\"@type\":\"ListItem\",\"position\":1,\"name\":\"Home\",\"item\":\"https:\\\/\\\/www.organisator.ch\\\/\"},{\"@type\":\"ListItem\",\"position\":2,\"name\":\"\u00abFrische Ideen und starke Begegnungen\u00bb\"}]},{\"@type\":\"WebSite\",\"@id\":\"https:\\\/\\\/www.organisator.ch\\\/#website\",\"url\":\"https:\\\/\\\/www.organisator.ch\\\/\",\"name\":\"Organisator\",\"description\":\"Kompetent. Praxisnah. Der ORGANISATOR bereitet in 10 Ausgaben pro Jahr die wesentlichen Themen f\u00fcr F\u00fchrungskr\u00e4fte von KMU auf.\",\"publisher\":{\"@id\":\"https:\\\/\\\/www.organisator.ch\\\/#organization\"},\"potentialAction\":[{\"@type\":\"SearchAction\",\"target\":{\"@type\":\"EntryPoint\",\"urlTemplate\":\"https:\\\/\\\/www.organisator.ch\\\/?s={search_term_string}\"},\"query-input\":{\"@type\":\"PropertyValueSpecification\",\"valueRequired\":true,\"valueName\":\"search_term_string\"}}],\"inLanguage\":\"fr-FR\"},{\"@type\":\"Organization\",\"@id\":\"https:\\\/\\\/www.organisator.ch\\\/#organization\",\"name\":\"Organisator\",\"url\":\"https:\\\/\\\/www.organisator.ch\\\/\",\"logo\":{\"@type\":\"ImageObject\",\"inLanguage\":\"fr-FR\",\"@id\":\"https:\\\/\\\/www.organisator.ch\\\/#\\\/schema\\\/logo\\\/image\\\/\",\"url\":\"https:\\\/\\\/www.organisator.ch\\\/wp-content\\\/uploads\\\/2022\\\/01\\\/Logo_Organisator_Website.png\",\"contentUrl\":\"https:\\\/\\\/www.organisator.ch\\\/wp-content\\\/uploads\\\/2022\\\/01\\\/Logo_Organisator_Website.png\",\"width\":800,\"height\":77,\"caption\":\"Organisator\"},\"image\":{\"@id\":\"https:\\\/\\\/www.organisator.ch\\\/#\\\/schema\\\/logo\\\/image\\\/\"},\"sameAs\":[\"https:\\\/\\\/www.facebook.com\\\/OrganisatorFachmagazin\",\"https:\\\/\\\/www.linkedin.com\\\/showcase\\\/organisator-das-magazin-fr-kmu\",\"https:\\\/\\\/www.xing.com\\\/news\\\/pages\\\/organisator-ch-695\",\"https:\\\/\\\/www.youtube.com\\\/channel\\\/UCGP2Sq0iWaZwT3BdIAQFYpw\"]},{\"@type\":\"Person\",\"@id\":\"https:\\\/\\\/www.organisator.ch\\\/#\\\/schema\\\/person\\\/4e51799071cd2dd1232ac003643ef5f0\",\"name\":\"galledia\",\"image\":{\"@type\":\"ImageObject\",\"inLanguage\":\"fr-FR\",\"@id\":\"https:\\\/\\\/secure.gravatar.com\\\/avatar\\\/78a7f90c01fc2bfc875782a0d4922b37cde2cf184ce347b91316d23cd7f69a36?s=96&d=mm&r=g\",\"url\":\"https:\\\/\\\/secure.gravatar.com\\\/avatar\\\/78a7f90c01fc2bfc875782a0d4922b37cde2cf184ce347b91316d23cd7f69a36?s=96&d=mm&r=g\",\"contentUrl\":\"https:\\\/\\\/secure.gravatar.com\\\/avatar\\\/78a7f90c01fc2bfc875782a0d4922b37cde2cf184ce347b91316d23cd7f69a36?s=96&d=mm&r=g\",\"caption\":\"galledia\"},\"sameAs\":[\"https:\\\/\\\/x.com\\\/admin\"],\"url\":\"https:\\\/\\\/www.organisator.ch\\\/fr\\\/author\\\/galledia\\\/\"}]}<\/script>\n<!-- \/ Yoast SEO plugin. -->","yoast_head_json":{"title":"\"Des id\u00e9es fra\u00eeches et des rencontres fortes\" - organisateur","description":"Andrea Vetsch animera \u00e0 nouveau la Journ\u00e9e de la qualit\u00e9 suisse. Aper\u00e7u de ses pr\u00e9paratifs, des points forts et de l'importance de la clairvoyance.","robots":{"index":"index","follow":"follow","max-snippet":"max-snippet:-1","max-image-preview":"max-image-preview:large","max-video-preview":"max-video-preview:-1"},"canonical":"https:\/\/www.organisator.ch\/fr\/excellence-operationnelle\/2025-02-18\/frische-ideen-und-starke-begegnungen\/","og_locale":"fr_FR","og_type":"article","og_title":"\u00abFrische Ideen und starke Begegnungen\u00bb - Organisator","og_description":"Andrea Vetsch moderiert erneut den Tag der Schweizer Qualit\u00e4t. Einblicke in ihre Vorbereitungen, Highlights und Bedeutung von Weitblick.","og_url":"https:\/\/www.organisator.ch\/fr\/excellence-operationnelle\/2025-02-18\/frische-ideen-und-starke-begegnungen\/","og_site_name":"Organisator","article_publisher":"https:\/\/www.facebook.com\/OrganisatorFachmagazin","article_published_time":"2025-02-18T06:30:25+00:00","article_modified_time":"2025-02-18T06:30:43+00:00","og_image":[{"width":680,"height":394,"url":"https:\/\/www.organisator.ch\/wp-content\/uploads\/2023\/07\/2022-verzeichnete-wieder-mehr-Wirtschaftsdelikte-2_Organisator.jpg","type":"image\/jpeg"}],"author":"galledia","twitter_card":"summary_large_image","twitter_creator":"@admin","schema":{"@context":"https:\/\/schema.org","@graph":[{"@type":"Article","@id":"https:\/\/www.organisator.ch\/operational-excellence\/2025-02-18\/frische-ideen-und-starke-begegnungen\/#article","isPartOf":{"@id":"https:\/\/www.organisator.ch\/operational-excellence\/2025-02-18\/frische-ideen-und-starke-begegnungen\/"},"author":{"name":"galledia","@id":"https:\/\/www.organisator.ch\/#\/schema\/person\/4e51799071cd2dd1232ac003643ef5f0"},"headline":"\u00abFrische Ideen und starke Begegnungen\u00bb","datePublished":"2025-02-18T06:30:25+00:00","dateModified":"2025-02-18T06:30:43+00:00","mainEntityOfPage":{"@id":"https:\/\/www.organisator.ch\/operational-excellence\/2025-02-18\/frische-ideen-und-starke-begegnungen\/"},"wordCount":755,"publisher":{"@id":"https:\/\/www.organisator.ch\/#organization"},"image":{"@id":"https:\/\/www.organisator.ch\/operational-excellence\/2025-02-18\/frische-ideen-und-starke-begegnungen\/#primaryimage"},"thumbnailUrl":"https:\/\/www.m-q.ch\/wp-content\/uploads\/2025\/02\/Flash_AndreaVetsch_Bild_HIGH_management_qualitaet_140483-scaled.jpg","keywords":["\u00abTag der Schweizer Qualit\u00e4t\u00bb","Allgemein","Qualit\u00e4t","SAQ","Schweiz","Wirtschaft"],"articleSection":["OPERATIONAL EXCELLENCE"],"inLanguage":"fr-FR"},{"@type":"WebPage","@id":"https:\/\/www.organisator.ch\/operational-excellence\/2025-02-18\/frische-ideen-und-starke-begegnungen\/","url":"https:\/\/www.organisator.ch\/operational-excellence\/2025-02-18\/frische-ideen-und-starke-begegnungen\/","name":"\"Des id\u00e9es fra\u00eeches et des rencontres fortes\" - organisateur","isPartOf":{"@id":"https:\/\/www.organisator.ch\/#website"},"primaryImageOfPage":{"@id":"https:\/\/www.organisator.ch\/operational-excellence\/2025-02-18\/frische-ideen-und-starke-begegnungen\/#primaryimage"},"image":{"@id":"https:\/\/www.organisator.ch\/operational-excellence\/2025-02-18\/frische-ideen-und-starke-begegnungen\/#primaryimage"},"thumbnailUrl":"https:\/\/www.m-q.ch\/wp-content\/uploads\/2025\/02\/Flash_AndreaVetsch_Bild_HIGH_management_qualitaet_140483-scaled.jpg","datePublished":"2025-02-18T06:30:25+00:00","dateModified":"2025-02-18T06:30:43+00:00","description":"Andrea Vetsch animera \u00e0 nouveau la Journ\u00e9e de la qualit\u00e9 suisse. Aper\u00e7u de ses pr\u00e9paratifs, des points forts et de l'importance de la clairvoyance.","breadcrumb":{"@id":"https:\/\/www.organisator.ch\/operational-excellence\/2025-02-18\/frische-ideen-und-starke-begegnungen\/#breadcrumb"},"inLanguage":"fr-FR","potentialAction":[{"@type":"ReadAction","target":["https:\/\/www.organisator.ch\/operational-excellence\/2025-02-18\/frische-ideen-und-starke-begegnungen\/"]}]},{"@type":"ImageObject","inLanguage":"fr-FR","@id":"https:\/\/www.organisator.ch\/operational-excellence\/2025-02-18\/frische-ideen-und-starke-begegnungen\/#primaryimage","url":"https:\/\/www.m-q.ch\/wp-content\/uploads\/2025\/02\/Flash_AndreaVetsch_Bild_HIGH_management_qualitaet_140483-scaled.jpg","contentUrl":"https:\/\/www.m-q.ch\/wp-content\/uploads\/2025\/02\/Flash_AndreaVetsch_Bild_HIGH_management_qualitaet_140483-scaled.jpg"},{"@type":"BreadcrumbList","@id":"https:\/\/www.organisator.ch\/operational-excellence\/2025-02-18\/frische-ideen-und-starke-begegnungen\/#breadcrumb","itemListElement":[{"@type":"ListItem","position":1,"name":"Home","item":"https:\/\/www.organisator.ch\/"},{"@type":"ListItem","position":2,"name":"\u00abFrische Ideen und starke Begegnungen\u00bb"}]},{"@type":"WebSite","@id":"https:\/\/www.organisator.ch\/#website","url":"https:\/\/www.organisator.ch\/","name":"Organisateur","description":"Comp\u00e9tence et comp\u00e9tence. Proches de la pratique. L'ORGANISATEUR pr\u00e9pare 10 num\u00e9ros par an sur les th\u00e8mes essentiels pour les dirigeants de PME.","publisher":{"@id":"https:\/\/www.organisator.ch\/#organization"},"potentialAction":[{"@type":"SearchAction","target":{"@type":"EntryPoint","urlTemplate":"https:\/\/www.organisator.ch\/?s={search_term_string}"},"query-input":{"@type":"PropertyValueSpecification","valueRequired":true,"valueName":"search_term_string"}}],"inLanguage":"fr-FR"},{"@type":"Organization","@id":"https:\/\/www.organisator.ch\/#organization","name":"Organisateur","url":"https:\/\/www.organisator.ch\/","logo":{"@type":"ImageObject","inLanguage":"fr-FR","@id":"https:\/\/www.organisator.ch\/#\/schema\/logo\/image\/","url":"https:\/\/www.organisator.ch\/wp-content\/uploads\/2022\/01\/Logo_Organisator_Website.png","contentUrl":"https:\/\/www.organisator.ch\/wp-content\/uploads\/2022\/01\/Logo_Organisator_Website.png","width":800,"height":77,"caption":"Organisator"},"image":{"@id":"https:\/\/www.organisator.ch\/#\/schema\/logo\/image\/"},"sameAs":["https:\/\/www.facebook.com\/OrganisatorFachmagazin","https:\/\/www.linkedin.com\/showcase\/organisator-das-magazin-fr-kmu","https:\/\/www.xing.com\/news\/pages\/organisator-ch-695","https:\/\/www.youtube.com\/channel\/UCGP2Sq0iWaZwT3BdIAQFYpw"]},{"@type":"Person","@id":"https:\/\/www.organisator.ch\/#\/schema\/person\/4e51799071cd2dd1232ac003643ef5f0","name":"galledia","image":{"@type":"ImageObject","inLanguage":"fr-FR","@id":"https:\/\/secure.gravatar.com\/avatar\/78a7f90c01fc2bfc875782a0d4922b37cde2cf184ce347b91316d23cd7f69a36?s=96&d=mm&r=g","url":"https:\/\/secure.gravatar.com\/avatar\/78a7f90c01fc2bfc875782a0d4922b37cde2cf184ce347b91316d23cd7f69a36?s=96&d=mm&r=g","contentUrl":"https:\/\/secure.gravatar.com\/avatar\/78a7f90c01fc2bfc875782a0d4922b37cde2cf184ce347b91316d23cd7f69a36?s=96&d=mm&r=g","caption":"galledia"},"sameAs":["https:\/\/x.com\/admin"],"url":"https:\/\/www.organisator.ch\/fr\/author\/galledia\/"}]}},"_links":{"self":[{"href":"https:\/\/www.organisator.ch\/fr\/wp-json\/wp\/v2\/posts\/36015","targetHints":{"allow":["GET"]}}],"collection":[{"href":"https:\/\/www.organisator.ch\/fr\/wp-json\/wp\/v2\/posts"}],"about":[{"href":"https:\/\/www.organisator.ch\/fr\/wp-json\/wp\/v2\/types\/post"}],"author":[{"embeddable":true,"href":"https:\/\/www.organisator.ch\/fr\/wp-json\/wp\/v2\/users\/8"}],"replies":[{"embeddable":true,"href":"https:\/\/www.organisator.ch\/fr\/wp-json\/wp\/v2\/comments?post=36015"}],"version-history":[{"count":5,"href":"https:\/\/www.organisator.ch\/fr\/wp-json\/wp\/v2\/posts\/36015\/revisions"}],"predecessor-version":[{"id":36030,"href":"https:\/\/www.organisator.ch\/fr\/wp-json\/wp\/v2\/posts\/36015\/revisions\/36030"}],"wp:attachment":[{"href":"https:\/\/www.organisator.ch\/fr\/wp-json\/wp\/v2\/media?parent=36015"}],"wp:term":[{"taxonomy":"category","embeddable":true,"href":"https:\/\/www.organisator.ch\/fr\/wp-json\/wp\/v2\/categories?post=36015"},{"taxonomy":"post_tag","embeddable":true,"href":"https:\/\/www.organisator.ch\/fr\/wp-json\/wp\/v2\/tags?post=36015"}],"curies":[{"name":"wp","href":"https:\/\/api.w.org\/{rel}","templated":true}]}}