{"id":36109,"date":"2025-02-20T08:45:16","date_gmt":"2025-02-20T07:45:16","guid":{"rendered":"https:\/\/www.markt-kom.com\/?p=229573"},"modified":"2025-02-20T08:06:18","modified_gmt":"2025-02-20T07:06:18","slug":"werber-des-jahres-2025-das-sind-die-nominierten","status":"publish","type":"post","link":"https:\/\/www.organisator.ch\/fr\/marketing\/2025-02-20\/werber-des-jahres-2025-das-sind-die-nominierten\/","title":{"rendered":"\"Annonceur de l'ann\u00e9e\" 2025 : voici les nomin\u00e9s"},"content":{"rendered":"<figure id=\"attachment_229962\" class=\"wp-caption aligncenter\" style=\"width: 1200px;\" aria-describedby=\"caption-attachment-229962\"><a href=\"https:\/\/www.markt-kom.com\/wp-content\/uploads\/2025\/02\/Bild-WdJ-Nominierte-2025.png\"><img class=\"size-full wp-image-229962\" src=\"https:\/\/www.markt-kom.com\/wp-content\/uploads\/2025\/02\/Bild-WdJ-Nominierte-2025.png\" sizes=\"(max-width: 1200px) 100vw, 1200px\" srcset=\"https:\/\/www.markt-kom.com\/wp-content\/uploads\/2025\/02\/Bild-WdJ-Nominierte-2025.png 1200w, https:\/\/www.markt-kom.com\/wp-content\/uploads\/2025\/02\/Bild-WdJ-Nominierte-2025-600x450.png 600w, https:\/\/www.markt-kom.com\/wp-content\/uploads\/2025\/02\/Bild-WdJ-Nominierte-2025-1024x768.png 1024w, https:\/\/www.markt-kom.com\/wp-content\/uploads\/2025\/02\/Bild-WdJ-Nominierte-2025-768x576.png 768w, https:\/\/www.markt-kom.com\/wp-content\/uploads\/2025\/02\/Bild-WdJ-Nominierte-2025-16x12.png 16w, https:\/\/www.markt-kom.com\/wp-content\/uploads\/2025\/02\/Bild-WdJ-Nominierte-2025-233x175.png 233w, https:\/\/www.markt-kom.com\/wp-content\/uploads\/2025\/02\/Bild-WdJ-Nominierte-2025-467x350.png 467w, https:\/\/www.markt-kom.com\/wp-content\/uploads\/2025\/02\/Bild-WdJ-Nominierte-2025-1000x750.png 1000w\" alt=\"\" width=\"1200\" height=\"900\" \/><\/a>\r\n<figcaption id=\"caption-attachment-229962\" class=\"wp-caption-text\">Nomin\u00e9s pour le titre de \"Publicitaire de l'ann\u00e9e\" 2025 : Gordon Nemitz, Lorenz Clormann et Philipp Skrabal (de gauche \u00e0 droite).<\/figcaption>\r\n<\/figure>\r\n<p><strong>L'essentiel en bref :<\/strong><\/p>\r\n<ul>\r\n\t<li>Sont nomin\u00e9s au titre de \"Publicitaire de l'ann\u00e9e\" 2025\r\n\r\n<ul>\r\n\t<li><a href=\"https:\/\/www.markt-kom.com\/markom\/awards\/nominiert-zum-werber-des-jahres-2025-gordon-nemitz\/\" rel=\"noopener\">Gordon Nemitz, responsable de la strat\u00e9gie chez Thjnk Zurich<\/a><\/li>\r\n\t<li><a href=\"https:\/\/www.markt-kom.com\/markom\/awards\/nominiert-zum-werber-des-jahres-2025-lorenz-clormann\/\" rel=\"noopener\">Lorenz Clormann, directeur cr\u00e9atif ex\u00e9cutif chez Wirz<\/a><\/li>\r\n\t<li><a href=\"https:\/\/www.markt-kom.com\/markom\/awards\/nominiert-zum-werber-des-jahres-2025-philipp-skrabal\/\" rel=\"noopener\">Philipp Skrabal, Chief Creative Officer, partenaire et membre du Management Board de Team Farner<\/a><\/li>\r\n<\/ul>\r\n<\/li>\r\n\t<li>Les abonn\u00e9s du <em>m&amp;k<\/em>-Suisse et le jury \"Werber:in des Jahres\" d\u00e9terminent chacun \u00e0 50 pour cent qui sera \u00e9lu \"Werber des Jahres\" en 2025.<\/li>\r\n\t<li>Le vote en ligne\u00a0<strong>commence le lundi 24 f\u00e9vrier 2025 et se termine le 28 f\u00e9vrier 2025 \u00e0 23:59<\/strong>. Le vote en ligne est ouvert \u00e0 tous ceux qui, depuis le 20 janvier 2025 au plus tard, ont opt\u00e9 pour la gratuit\u00e9 de l'acc\u00e8s \u00e0 l'internet. <em>m&amp;k<\/em>-et qu'il re\u00e7oit la newsletter pendant cette p\u00e9riode.<\/li>\r\n\t<li>Chaque abonn\u00e9(e) \u00e0 la newsletter re\u00e7oit\u00a0<em>un<\/em>\u00a0Le vote n'est pas comptabilis\u00e9. Il n'est pas non plus possible de transmettre sa propre newsletter \u00e0 d'autres personnes : chaque votant(e) doit \u00eatre abonn\u00e9(e) \u00e0 la newsletter avec sa propre adresse e-mail.<\/li>\r\n\t<li>La soir\u00e9e de remise des prix aura lieu le 20 mars 2025 au Razzia de Zurich.<\/li>\r\n<\/ul>\r\n<p><img class=\"aligncenter size-full wp-image-193595\" src=\"https:\/\/www.markt-kom.com\/wp-content\/uploads\/2023\/02\/wdj-nominiert.jpg\" sizes=\"(max-width: 1200px) 100vw, 1200px\" srcset=\"https:\/\/www.markt-kom.com\/wp-content\/uploads\/2023\/02\/wdj-nominiert.jpg 1200w, https:\/\/www.markt-kom.com\/wp-content\/uploads\/2023\/02\/wdj-nominiert-600x305.jpg 600w, https:\/\/www.markt-kom.com\/wp-content\/uploads\/2023\/02\/wdj-nominiert-1024x521.jpg 1024w, https:\/\/www.markt-kom.com\/wp-content\/uploads\/2023\/02\/wdj-nominiert-768x390.jpg 768w, https:\/\/www.markt-kom.com\/wp-content\/uploads\/2023\/02\/wdj-nominiert-18x9.jpg 18w, https:\/\/www.markt-kom.com\/wp-content\/uploads\/2023\/02\/wdj-nominiert-344x175.jpg 344w, https:\/\/www.markt-kom.com\/wp-content\/uploads\/2023\/02\/wdj-nominiert-689x350.jpg 689w, https:\/\/www.markt-kom.com\/wp-content\/uploads\/2023\/02\/wdj-nominiert-1000x508.jpg 1000w\" alt=\"\" width=\"1200\" height=\"610\" \/><\/p>\r\n<p>En d\u00e9cembre 2024, la <em>m&amp;k<\/em>-La Commission europ\u00e9enne a invit\u00e9 la communaut\u00e9 des annonceurs \u00e0 proposer plusieurs personnalit\u00e9s du secteur pour le titre d'\"Annonceur(e) de l'ann\u00e9e\" 2025. Sur la base de cette liste, la <a href=\"https:\/\/www.markt-kom.com\/de\/markom\/awards\/werberin-des-jahres-2025-jury-waehlt-dreierticket\/\" rel=\"noopener\">Le jury d'experts s'est ensuite r\u00e9uni pour une discussion passionnante.<\/a> a s\u00e9lectionn\u00e9 trois personnalit\u00e9s de haut niveau : <strong>Gordon Nemitz<\/strong>, responsable de la strat\u00e9gie chez Thjnk Zurich, <strong>Lorenz Clormann<\/strong>, Executive Creative Director chez Wirz, et <strong>Philipp Skrabal<\/strong>Les membres de la direction de Team Farner, le Chief Creative Officer, les partenaires et l'\u00e9quipe du Management Board se lancent dans la course au titre tr\u00e8s convoit\u00e9 d'\"Annonceur de l'ann\u00e9e\" 2025.<\/p>\r\n<p>R\u00e9fl\u00e9chir aux probl\u00e8mes est son point fort. Depuis 2018, il est <strong>Gordon Nemitz<\/strong> travaille chez Thjnk Zurich. Il est directeur de la strat\u00e9gie et copropri\u00e9taire de l'agence. Son parcours l'a men\u00e9 de Jung von Matt Hambourg \u00e0 Thjnk Zurich, en passant par TBWA D\u00fcsseldorf et Wirz\/BBDO Zurich. Depuis 2023, il est \u00e9galement Chief Strategy Officer de Thjnk Germany. Sa capacit\u00e9 \u00e0 rendre compr\u00e9hensibles des contextes complexes, associ\u00e9e \u00e0 une attitude critique mais optimiste face aux changements, fait de lui l'une des voix les plus marquantes de la branche.<\/p>\r\n<p><strong>Lorenz Clormann<\/strong> aime les grandes id\u00e9es et sait les vendre de mani\u00e8re convaincante - ce qu'il aimerait aussi faire de temps en temps pour une opulente campagne de parfum. Avec son flair pour les concepts \u00e0 360 degr\u00e9s, son engagement pour l'avenir de la branche et un sens in\u00e9branlable du calembour, il apporte un vent de fra\u00eecheur dans le monde de la publicit\u00e9. Depuis 2020, Clormann est Executive Creative Director et partenaire du Wirz Group Zurich. Son parcours l'a men\u00e9 de Weber, Hodel, Schmid Zurich \u00e0 Scholz&amp;Friends Berlin, Ruf Lanz Zurich, Jung von Matt Suisse, Publicis Zurich, puis de nouveau chez Jung von Matt Suisse \u00e0 son lieu d'activit\u00e9 actuel.<\/p>\r\n<p>Depuis plus d'une d\u00e9cennie, le <strong>Philipp Skrabal<\/strong> Il travaille chez Team Farner o\u00f9 il est partenaire et Chief Creative Officer. Il consid\u00e8re la communication comme un outil puissant et veut donner plus d'assurance au secteur. Avant Farner, Skrabal a travaill\u00e9 chez Wirz, Advico Young &amp; Rubicam, Publicis et Matter &amp; Partner. Il est vice-pr\u00e9sident de l'ADC, membre du conseil d'\u00e9cole de l'Ad School, membre de l'ADC Europe et membre du Creative Club Austria CCA. En 2025, il est d\u00e9j\u00e0 nomin\u00e9 pour la quatri\u00e8me fois pour le titre de \"Publicitaire de l'ann\u00e9e\".<\/p>\r\n<p><strong>Dans<\/strong>\u00a0<strong>Nous vous pr\u00e9sentons les trois nomin\u00e9s dans une interview approfondie :<\/strong><\/p>\r\n<ul>\r\n\t<li><a href=\"https:\/\/www.markt-kom.com\/markom\/awards\/nominiert-zum-werber-des-jahres-2025-gordon-nemitz\/\" rel=\"noopener\">Entretien avec Gordon Nemitz<\/a><\/li>\r\n\t<li><a href=\"https:\/\/www.markt-kom.com\/markom\/awards\/nominiert-zum-werber-des-jahres-2025-lorenz-clormann\/\" rel=\"noopener\">Entretien avec Lorenz Clormann<\/a><\/li>\r\n\t<li><a href=\"https:\/\/www.markt-kom.com\/markom\/awards\/nominiert-zum-werber-des-jahres-2025-philipp-skrabal\/\" rel=\"noopener\">Entretien avec Philipp Skrabal<\/a><\/li>\r\n<\/ul>\r\n<h3>Lancement des votes le 24 f\u00e9vrier 2025<\/h3>\r\n<p>Le choix de l'annonceur de l'ann\u00e9e 2025 se fera comme toujours par vote. Le jury dispose de 50 % des voix, les 50 % restants \u00e9tant d\u00e9termin\u00e9s par le vote bien connu de la newsletter. <strong>Le droit de participation est ouvert \u00e0 toute personne ayant atteint le <a href=\"https:\/\/www.markt-kom.com\/de\/newsletter\/\">gratuit <em>m&amp;k<\/em>-Bulletin d'information suisse<\/a> s'est abonn\u00e9 avec sa propre adresse e-mail et est inscrit au plus tard depuis le 20 janvier 2025<\/strong>. Seuls les votes qui remplissent cette condition sont pris en compte. Si vous votez plusieurs fois, seul le vote le plus r\u00e9cent sera pris en compte. Le vote par newsletter d\u00e9bute le lundi 24 f\u00e9vrier et se termine le vendredi 28 f\u00e9vrier 2025 \u00e0 minuit.<\/p>\r\n<h3>Soir\u00e9e de remise des prix au Razzia de Zurich<\/h3>\r\n<p>Depuis 2021, le prix \"Werber:in des Jahres\" est \u00e0 nouveau organis\u00e9 en tant qu'\u00e9v\u00e9nement ind\u00e9pendant. Comme l'ann\u00e9e derni\u00e8re, le laur\u00e9at de cette ann\u00e9e sera d\u00e9sign\u00e9 le 20 mars 2025 dans le cadre d'une soir\u00e9e de remise des prix au restaurant Razzia \u00e0 Zurich Seefeld.<\/p>","protected":false},"excerpt":{"rendered":"<p>Gordon Nemitz, Lorenz Clormann et Philipp Skrabal ont \u00e9t\u00e9 nomin\u00e9s par la communaut\u00e9 et le jury d'experts pour le titre de \"Publicitaire de l'ann\u00e9e\" 2025. Le vote de la newsletter d\u00e9butera le lundi 24 f\u00e9vrier 2025.<\/p>","protected":false},"author":8,"featured_media":0,"comment_status":"closed","ping_status":"closed","sticky":false,"template":"","format":"standard","meta":{"_acf_changed":false,"_yoast_wpseo_focuskw":"Werber des Jahres 2025","_yoast_wpseo_metadesc":"Drei Top-Kreative sind f\u00fcr den Titel \u00abWerber des Jahres\u00bb 2025 nominiert. Das Voting startet am 24. Februar \u2013 jetzt Newsletter abonnieren!","articlekey":"","footnotes":""},"categories":[29],"tags":[66,4922],"class_list":["post-36109","post","type-post","status-publish","format-standard","hentry","category-marketing","tag-awards","tag-werberin-des-jahres"],"acf":[],"yoast_head":"<!-- This site is optimized with the Yoast SEO plugin v27.5 - https:\/\/yoast.com\/product\/yoast-seo-wordpress\/ -->\n<title>\u00abWerber des Jahres\u00bb 2025: Das sind die Nominierten - Organisator<\/title>\n<meta name=\"description\" content=\"Drei Top-Kreative sind f\u00fcr den Titel \u00abWerber des Jahres\u00bb 2025 nominiert. Das Voting startet am 24. Februar \u2013 jetzt Newsletter abonnieren!\" \/>\n<meta name=\"robots\" content=\"index, follow, max-snippet:-1, max-image-preview:large, max-video-preview:-1\" \/>\n<link rel=\"canonical\" href=\"https:\/\/www.organisator.ch\/fr\/marketing\/2025-02-20\/werber-des-jahres-2025-das-sind-die-nominierten\/\" \/>\n<meta property=\"og:locale\" content=\"fr_FR\" \/>\n<meta property=\"og:type\" content=\"article\" \/>\n<meta property=\"og:title\" content=\"\u00abWerber des Jahres\u00bb 2025: Das sind die Nominierten - Organisator\" \/>\n<meta property=\"og:description\" content=\"Drei Top-Kreative sind f\u00fcr den Titel \u00abWerber des Jahres\u00bb 2025 nominiert. Das Voting startet am 24. Februar \u2013 jetzt Newsletter abonnieren!\" \/>\n<meta property=\"og:url\" content=\"https:\/\/www.organisator.ch\/fr\/marketing\/2025-02-20\/werber-des-jahres-2025-das-sind-die-nominierten\/\" \/>\n<meta property=\"og:site_name\" content=\"Organisator\" \/>\n<meta property=\"article:publisher\" content=\"https:\/\/www.facebook.com\/OrganisatorFachmagazin\" \/>\n<meta property=\"article:published_time\" content=\"2025-02-20T07:45:16+00:00\" \/>\n<meta name=\"author\" content=\"galledia\" \/>\n<meta name=\"twitter:card\" content=\"summary_large_image\" \/>\n<meta name=\"twitter:creator\" content=\"@admin\" \/>\n<script type=\"application\/ld+json\" class=\"yoast-schema-graph\">{\"@context\":\"https:\\\/\\\/schema.org\",\"@graph\":[{\"@type\":\"Article\",\"@id\":\"https:\\\/\\\/www.organisator.ch\\\/marketing\\\/2025-02-20\\\/werber-des-jahres-2025-das-sind-die-nominierten\\\/#article\",\"isPartOf\":{\"@id\":\"https:\\\/\\\/www.organisator.ch\\\/marketing\\\/2025-02-20\\\/werber-des-jahres-2025-das-sind-die-nominierten\\\/\"},\"author\":{\"name\":\"galledia\",\"@id\":\"https:\\\/\\\/www.organisator.ch\\\/#\\\/schema\\\/person\\\/4e51799071cd2dd1232ac003643ef5f0\"},\"headline\":\"\u00abWerber des Jahres\u00bb 2025: Das sind die Nominierten\",\"datePublished\":\"2025-02-20T07:45:16+00:00\",\"mainEntityOfPage\":{\"@id\":\"https:\\\/\\\/www.organisator.ch\\\/marketing\\\/2025-02-20\\\/werber-des-jahres-2025-das-sind-die-nominierten\\\/\"},\"wordCount\":695,\"publisher\":{\"@id\":\"https:\\\/\\\/www.organisator.ch\\\/#organization\"},\"image\":{\"@id\":\"https:\\\/\\\/www.organisator.ch\\\/marketing\\\/2025-02-20\\\/werber-des-jahres-2025-das-sind-die-nominierten\\\/#primaryimage\"},\"thumbnailUrl\":\"https:\\\/\\\/www.markt-kom.com\\\/wp-content\\\/uploads\\\/2025\\\/02\\\/Bild-WdJ-Nominierte-2025.png\",\"keywords\":[\"Awards\",\"Werber:in des Jahres\"],\"articleSection\":[\"MARKETING\"],\"inLanguage\":\"fr-FR\"},{\"@type\":\"WebPage\",\"@id\":\"https:\\\/\\\/www.organisator.ch\\\/marketing\\\/2025-02-20\\\/werber-des-jahres-2025-das-sind-die-nominierten\\\/\",\"url\":\"https:\\\/\\\/www.organisator.ch\\\/marketing\\\/2025-02-20\\\/werber-des-jahres-2025-das-sind-die-nominierten\\\/\",\"name\":\"\u00abWerber des Jahres\u00bb 2025: Das sind die Nominierten - Organisator\",\"isPartOf\":{\"@id\":\"https:\\\/\\\/www.organisator.ch\\\/#website\"},\"primaryImageOfPage\":{\"@id\":\"https:\\\/\\\/www.organisator.ch\\\/marketing\\\/2025-02-20\\\/werber-des-jahres-2025-das-sind-die-nominierten\\\/#primaryimage\"},\"image\":{\"@id\":\"https:\\\/\\\/www.organisator.ch\\\/marketing\\\/2025-02-20\\\/werber-des-jahres-2025-das-sind-die-nominierten\\\/#primaryimage\"},\"thumbnailUrl\":\"https:\\\/\\\/www.markt-kom.com\\\/wp-content\\\/uploads\\\/2025\\\/02\\\/Bild-WdJ-Nominierte-2025.png\",\"datePublished\":\"2025-02-20T07:45:16+00:00\",\"description\":\"Drei Top-Kreative sind f\u00fcr den Titel \u00abWerber des Jahres\u00bb 2025 nominiert. Das Voting startet am 24. Februar \u2013 jetzt Newsletter abonnieren!\",\"breadcrumb\":{\"@id\":\"https:\\\/\\\/www.organisator.ch\\\/marketing\\\/2025-02-20\\\/werber-des-jahres-2025-das-sind-die-nominierten\\\/#breadcrumb\"},\"inLanguage\":\"fr-FR\",\"potentialAction\":[{\"@type\":\"ReadAction\",\"target\":[\"https:\\\/\\\/www.organisator.ch\\\/marketing\\\/2025-02-20\\\/werber-des-jahres-2025-das-sind-die-nominierten\\\/\"]}]},{\"@type\":\"ImageObject\",\"inLanguage\":\"fr-FR\",\"@id\":\"https:\\\/\\\/www.organisator.ch\\\/marketing\\\/2025-02-20\\\/werber-des-jahres-2025-das-sind-die-nominierten\\\/#primaryimage\",\"url\":\"https:\\\/\\\/www.markt-kom.com\\\/wp-content\\\/uploads\\\/2025\\\/02\\\/Bild-WdJ-Nominierte-2025.png\",\"contentUrl\":\"https:\\\/\\\/www.markt-kom.com\\\/wp-content\\\/uploads\\\/2025\\\/02\\\/Bild-WdJ-Nominierte-2025.png\"},{\"@type\":\"BreadcrumbList\",\"@id\":\"https:\\\/\\\/www.organisator.ch\\\/marketing\\\/2025-02-20\\\/werber-des-jahres-2025-das-sind-die-nominierten\\\/#breadcrumb\",\"itemListElement\":[{\"@type\":\"ListItem\",\"position\":1,\"name\":\"Home\",\"item\":\"https:\\\/\\\/www.organisator.ch\\\/\"},{\"@type\":\"ListItem\",\"position\":2,\"name\":\"\u00abWerber des Jahres\u00bb 2025: Das sind die Nominierten\"}]},{\"@type\":\"WebSite\",\"@id\":\"https:\\\/\\\/www.organisator.ch\\\/#website\",\"url\":\"https:\\\/\\\/www.organisator.ch\\\/\",\"name\":\"Organisator\",\"description\":\"Kompetent. Praxisnah. Der ORGANISATOR bereitet in 10 Ausgaben pro Jahr die wesentlichen Themen f\u00fcr F\u00fchrungskr\u00e4fte von KMU auf.\",\"publisher\":{\"@id\":\"https:\\\/\\\/www.organisator.ch\\\/#organization\"},\"potentialAction\":[{\"@type\":\"SearchAction\",\"target\":{\"@type\":\"EntryPoint\",\"urlTemplate\":\"https:\\\/\\\/www.organisator.ch\\\/?s={search_term_string}\"},\"query-input\":{\"@type\":\"PropertyValueSpecification\",\"valueRequired\":true,\"valueName\":\"search_term_string\"}}],\"inLanguage\":\"fr-FR\"},{\"@type\":\"Organization\",\"@id\":\"https:\\\/\\\/www.organisator.ch\\\/#organization\",\"name\":\"Organisator\",\"url\":\"https:\\\/\\\/www.organisator.ch\\\/\",\"logo\":{\"@type\":\"ImageObject\",\"inLanguage\":\"fr-FR\",\"@id\":\"https:\\\/\\\/www.organisator.ch\\\/#\\\/schema\\\/logo\\\/image\\\/\",\"url\":\"https:\\\/\\\/www.organisator.ch\\\/wp-content\\\/uploads\\\/2022\\\/01\\\/Logo_Organisator_Website.png\",\"contentUrl\":\"https:\\\/\\\/www.organisator.ch\\\/wp-content\\\/uploads\\\/2022\\\/01\\\/Logo_Organisator_Website.png\",\"width\":800,\"height\":77,\"caption\":\"Organisator\"},\"image\":{\"@id\":\"https:\\\/\\\/www.organisator.ch\\\/#\\\/schema\\\/logo\\\/image\\\/\"},\"sameAs\":[\"https:\\\/\\\/www.facebook.com\\\/OrganisatorFachmagazin\",\"https:\\\/\\\/www.linkedin.com\\\/showcase\\\/organisator-das-magazin-fr-kmu\",\"https:\\\/\\\/www.xing.com\\\/news\\\/pages\\\/organisator-ch-695\",\"https:\\\/\\\/www.youtube.com\\\/channel\\\/UCGP2Sq0iWaZwT3BdIAQFYpw\"]},{\"@type\":\"Person\",\"@id\":\"https:\\\/\\\/www.organisator.ch\\\/#\\\/schema\\\/person\\\/4e51799071cd2dd1232ac003643ef5f0\",\"name\":\"galledia\",\"image\":{\"@type\":\"ImageObject\",\"inLanguage\":\"fr-FR\",\"@id\":\"https:\\\/\\\/secure.gravatar.com\\\/avatar\\\/78a7f90c01fc2bfc875782a0d4922b37cde2cf184ce347b91316d23cd7f69a36?s=96&d=mm&r=g\",\"url\":\"https:\\\/\\\/secure.gravatar.com\\\/avatar\\\/78a7f90c01fc2bfc875782a0d4922b37cde2cf184ce347b91316d23cd7f69a36?s=96&d=mm&r=g\",\"contentUrl\":\"https:\\\/\\\/secure.gravatar.com\\\/avatar\\\/78a7f90c01fc2bfc875782a0d4922b37cde2cf184ce347b91316d23cd7f69a36?s=96&d=mm&r=g\",\"caption\":\"galledia\"},\"sameAs\":[\"https:\\\/\\\/x.com\\\/admin\"],\"url\":\"https:\\\/\\\/www.organisator.ch\\\/fr\\\/author\\\/galledia\\\/\"}]}<\/script>\n<!-- \/ Yoast SEO plugin. -->","yoast_head_json":{"title":"\"Annonceur de l'ann\u00e9e\" 2025 : voici les nomin\u00e9s - Organisateur","description":"Trois cr\u00e9atifs de haut niveau sont nomin\u00e9s pour le titre de \"Publicitaire de l'ann\u00e9e\" 2025. Le vote d\u00e9bute le 24 f\u00e9vrier - abonnez-vous d\u00e8s maintenant \u00e0 la newsletter !","robots":{"index":"index","follow":"follow","max-snippet":"max-snippet:-1","max-image-preview":"max-image-preview:large","max-video-preview":"max-video-preview:-1"},"canonical":"https:\/\/www.organisator.ch\/fr\/marketing\/2025-02-20\/werber-des-jahres-2025-das-sind-die-nominierten\/","og_locale":"fr_FR","og_type":"article","og_title":"\u00abWerber des Jahres\u00bb 2025: Das sind die Nominierten - Organisator","og_description":"Drei Top-Kreative sind f\u00fcr den Titel \u00abWerber des Jahres\u00bb 2025 nominiert. Das Voting startet am 24. Februar \u2013 jetzt Newsletter abonnieren!","og_url":"https:\/\/www.organisator.ch\/fr\/marketing\/2025-02-20\/werber-des-jahres-2025-das-sind-die-nominierten\/","og_site_name":"Organisator","article_publisher":"https:\/\/www.facebook.com\/OrganisatorFachmagazin","article_published_time":"2025-02-20T07:45:16+00:00","author":"galledia","twitter_card":"summary_large_image","twitter_creator":"@admin","schema":{"@context":"https:\/\/schema.org","@graph":[{"@type":"Article","@id":"https:\/\/www.organisator.ch\/marketing\/2025-02-20\/werber-des-jahres-2025-das-sind-die-nominierten\/#article","isPartOf":{"@id":"https:\/\/www.organisator.ch\/marketing\/2025-02-20\/werber-des-jahres-2025-das-sind-die-nominierten\/"},"author":{"name":"galledia","@id":"https:\/\/www.organisator.ch\/#\/schema\/person\/4e51799071cd2dd1232ac003643ef5f0"},"headline":"\u00abWerber des Jahres\u00bb 2025: Das sind die Nominierten","datePublished":"2025-02-20T07:45:16+00:00","mainEntityOfPage":{"@id":"https:\/\/www.organisator.ch\/marketing\/2025-02-20\/werber-des-jahres-2025-das-sind-die-nominierten\/"},"wordCount":695,"publisher":{"@id":"https:\/\/www.organisator.ch\/#organization"},"image":{"@id":"https:\/\/www.organisator.ch\/marketing\/2025-02-20\/werber-des-jahres-2025-das-sind-die-nominierten\/#primaryimage"},"thumbnailUrl":"https:\/\/www.markt-kom.com\/wp-content\/uploads\/2025\/02\/Bild-WdJ-Nominierte-2025.png","keywords":["Awards","Werber:in des Jahres"],"articleSection":["MARKETING"],"inLanguage":"fr-FR"},{"@type":"WebPage","@id":"https:\/\/www.organisator.ch\/marketing\/2025-02-20\/werber-des-jahres-2025-das-sind-die-nominierten\/","url":"https:\/\/www.organisator.ch\/marketing\/2025-02-20\/werber-des-jahres-2025-das-sind-die-nominierten\/","name":"\"Annonceur de l'ann\u00e9e\" 2025 : voici les nomin\u00e9s - Organisateur","isPartOf":{"@id":"https:\/\/www.organisator.ch\/#website"},"primaryImageOfPage":{"@id":"https:\/\/www.organisator.ch\/marketing\/2025-02-20\/werber-des-jahres-2025-das-sind-die-nominierten\/#primaryimage"},"image":{"@id":"https:\/\/www.organisator.ch\/marketing\/2025-02-20\/werber-des-jahres-2025-das-sind-die-nominierten\/#primaryimage"},"thumbnailUrl":"https:\/\/www.markt-kom.com\/wp-content\/uploads\/2025\/02\/Bild-WdJ-Nominierte-2025.png","datePublished":"2025-02-20T07:45:16+00:00","description":"Trois cr\u00e9atifs de haut niveau sont nomin\u00e9s pour le titre de \"Publicitaire de l'ann\u00e9e\" 2025. Le vote d\u00e9bute le 24 f\u00e9vrier - abonnez-vous d\u00e8s maintenant \u00e0 la newsletter !","breadcrumb":{"@id":"https:\/\/www.organisator.ch\/marketing\/2025-02-20\/werber-des-jahres-2025-das-sind-die-nominierten\/#breadcrumb"},"inLanguage":"fr-FR","potentialAction":[{"@type":"ReadAction","target":["https:\/\/www.organisator.ch\/marketing\/2025-02-20\/werber-des-jahres-2025-das-sind-die-nominierten\/"]}]},{"@type":"ImageObject","inLanguage":"fr-FR","@id":"https:\/\/www.organisator.ch\/marketing\/2025-02-20\/werber-des-jahres-2025-das-sind-die-nominierten\/#primaryimage","url":"https:\/\/www.markt-kom.com\/wp-content\/uploads\/2025\/02\/Bild-WdJ-Nominierte-2025.png","contentUrl":"https:\/\/www.markt-kom.com\/wp-content\/uploads\/2025\/02\/Bild-WdJ-Nominierte-2025.png"},{"@type":"BreadcrumbList","@id":"https:\/\/www.organisator.ch\/marketing\/2025-02-20\/werber-des-jahres-2025-das-sind-die-nominierten\/#breadcrumb","itemListElement":[{"@type":"ListItem","position":1,"name":"Home","item":"https:\/\/www.organisator.ch\/"},{"@type":"ListItem","position":2,"name":"\u00abWerber des Jahres\u00bb 2025: Das sind die Nominierten"}]},{"@type":"WebSite","@id":"https:\/\/www.organisator.ch\/#website","url":"https:\/\/www.organisator.ch\/","name":"Organisateur","description":"Comp\u00e9tence et comp\u00e9tence. Proches de la pratique. L'ORGANISATEUR pr\u00e9pare 10 num\u00e9ros par an sur les th\u00e8mes essentiels pour les dirigeants de PME.","publisher":{"@id":"https:\/\/www.organisator.ch\/#organization"},"potentialAction":[{"@type":"SearchAction","target":{"@type":"EntryPoint","urlTemplate":"https:\/\/www.organisator.ch\/?s={search_term_string}"},"query-input":{"@type":"PropertyValueSpecification","valueRequired":true,"valueName":"search_term_string"}}],"inLanguage":"fr-FR"},{"@type":"Organization","@id":"https:\/\/www.organisator.ch\/#organization","name":"Organisateur","url":"https:\/\/www.organisator.ch\/","logo":{"@type":"ImageObject","inLanguage":"fr-FR","@id":"https:\/\/www.organisator.ch\/#\/schema\/logo\/image\/","url":"https:\/\/www.organisator.ch\/wp-content\/uploads\/2022\/01\/Logo_Organisator_Website.png","contentUrl":"https:\/\/www.organisator.ch\/wp-content\/uploads\/2022\/01\/Logo_Organisator_Website.png","width":800,"height":77,"caption":"Organisator"},"image":{"@id":"https:\/\/www.organisator.ch\/#\/schema\/logo\/image\/"},"sameAs":["https:\/\/www.facebook.com\/OrganisatorFachmagazin","https:\/\/www.linkedin.com\/showcase\/organisator-das-magazin-fr-kmu","https:\/\/www.xing.com\/news\/pages\/organisator-ch-695","https:\/\/www.youtube.com\/channel\/UCGP2Sq0iWaZwT3BdIAQFYpw"]},{"@type":"Person","@id":"https:\/\/www.organisator.ch\/#\/schema\/person\/4e51799071cd2dd1232ac003643ef5f0","name":"galledia","image":{"@type":"ImageObject","inLanguage":"fr-FR","@id":"https:\/\/secure.gravatar.com\/avatar\/78a7f90c01fc2bfc875782a0d4922b37cde2cf184ce347b91316d23cd7f69a36?s=96&d=mm&r=g","url":"https:\/\/secure.gravatar.com\/avatar\/78a7f90c01fc2bfc875782a0d4922b37cde2cf184ce347b91316d23cd7f69a36?s=96&d=mm&r=g","contentUrl":"https:\/\/secure.gravatar.com\/avatar\/78a7f90c01fc2bfc875782a0d4922b37cde2cf184ce347b91316d23cd7f69a36?s=96&d=mm&r=g","caption":"galledia"},"sameAs":["https:\/\/x.com\/admin"],"url":"https:\/\/www.organisator.ch\/fr\/author\/galledia\/"}]}},"_links":{"self":[{"href":"https:\/\/www.organisator.ch\/fr\/wp-json\/wp\/v2\/posts\/36109","targetHints":{"allow":["GET"]}}],"collection":[{"href":"https:\/\/www.organisator.ch\/fr\/wp-json\/wp\/v2\/posts"}],"about":[{"href":"https:\/\/www.organisator.ch\/fr\/wp-json\/wp\/v2\/types\/post"}],"author":[{"embeddable":true,"href":"https:\/\/www.organisator.ch\/fr\/wp-json\/wp\/v2\/users\/8"}],"replies":[{"embeddable":true,"href":"https:\/\/www.organisator.ch\/fr\/wp-json\/wp\/v2\/comments?post=36109"}],"version-history":[{"count":4,"href":"https:\/\/www.organisator.ch\/fr\/wp-json\/wp\/v2\/posts\/36109\/revisions"}],"predecessor-version":[{"id":36213,"href":"https:\/\/www.organisator.ch\/fr\/wp-json\/wp\/v2\/posts\/36109\/revisions\/36213"}],"wp:attachment":[{"href":"https:\/\/www.organisator.ch\/fr\/wp-json\/wp\/v2\/media?parent=36109"}],"wp:term":[{"taxonomy":"category","embeddable":true,"href":"https:\/\/www.organisator.ch\/fr\/wp-json\/wp\/v2\/categories?post=36109"},{"taxonomy":"post_tag","embeddable":true,"href":"https:\/\/www.organisator.ch\/fr\/wp-json\/wp\/v2\/tags?post=36109"}],"curies":[{"name":"wp","href":"https:\/\/api.w.org\/{rel}","templated":true}]}}