{"id":36138,"date":"2025-02-20T13:30:27","date_gmt":"2025-02-20T12:30:27","guid":{"rendered":"https:\/\/www.markt-kom.com\/?p=230741"},"modified":"2025-02-20T13:30:57","modified_gmt":"2025-02-20T12:30:57","slug":"sir-mary-lanciert-eigenstaendige-mediaagentur","status":"publish","type":"post","link":"https:\/\/www.organisator.ch\/fr\/marketing\/2025-02-20\/sir-mary-lanciert-eigenstaendige-mediaagentur\/","title":{"rendered":"Sir Mary lance une agence m\u00e9dia ind\u00e9pendante"},"content":{"rendered":"<p><a href=\"https:\/\/www.markt-kom.com\/wp-content\/uploads\/2025\/02\/SiRMaRY-Media-PM-Preview.jpg\"><img class=\"aligncenter size-full wp-image-230742\" src=\"https:\/\/www.markt-kom.com\/wp-content\/uploads\/2025\/02\/SiRMaRY-Media-PM-Preview.jpg\" sizes=\"(max-width: 510px) 100vw, 510px\" srcset=\"https:\/\/www.markt-kom.com\/wp-content\/uploads\/2025\/02\/SiRMaRY-Media-PM-Preview.jpg 510w, https:\/\/www.markt-kom.com\/wp-content\/uploads\/2025\/02\/SiRMaRY-Media-PM-Preview-18x12.jpg 18w, https:\/\/www.markt-kom.com\/wp-content\/uploads\/2025\/02\/SiRMaRY-Media-PM-Preview-255x175.jpg 255w\" alt=\"\" width=\"510\" height=\"350\" \/><\/a><\/p>\r\n<p>D\u00e9but janvier, Sir Mary Media a d\u00e9marr\u00e9 avec une \u00e9quipe de 20 personnes et une nouvelle structure de direction. Avec cette extension, l'agence poursuit sa croissance et entend renforcer sa position dans le domaine de la strat\u00e9gie, de la planification et de la mise en \u0153uvre des m\u00e9dias.<\/p>\r\n<p>L'offre de Sir Mary Media comprend des solutions m\u00e9dias sp\u00e9cialis\u00e9es \u00e0 360 degr\u00e9s d'un seul tenant - pour la t\u00e9l\u00e9vision, le num\u00e9rique, le (D)OOH, le social et l'audio. La direction de la nouvelle unit\u00e9 est assur\u00e9e par un trio de dirigeants exp\u00e9riment\u00e9s issus de nos propres rangs, qui travaillent d\u00e9j\u00e0 depuis plusieurs ann\u00e9es avec succ\u00e8s dans l'agence et apportent un savoir-faire approfondi en mati\u00e8re de strat\u00e9gies m\u00e9dias et de gestion de campagnes : Vanessa Habisreutinger (Media Operations &amp; Data), Katharina G\u00fcnther (Planning &amp; Consulting) et Fabian Habisreutinger (Strategy &amp; Client) dirigent ensemble la nouvelle agence. Tous trois sont des leaders de longue date chez Sir Mary et ont contribu\u00e9 \u00e0 fa\u00e7onner l'agence de fond en comble.<\/p>\r\n<p>\"Nous sommes la nouvelle g\u00e9n\u00e9ration d'agences m\u00e9dias. Parce que nous comprenons mieux la cr\u00e9ation, nous amenons les marques l\u00e0 o\u00f9 elles agissent - et non l\u00e0 o\u00f9 nous gagnons le plus\", explique Vanessa Habisreutinger, co-directrice de Sir Mary Media. \"Au cours des derni\u00e8res ann\u00e9es, nous avons pu d\u00e9crocher des contrats m\u00e9dias de haut niveau et \u00e9largir continuellement notre offre. Nous voulons r\u00e9pondre \u00e0 la demande croissante de nos comp\u00e9tences en mati\u00e8re de m\u00e9dias en proposant une offre ind\u00e9pendante : pour nous, le lancement de Sir Mary Media est la prochaine \u00e9tape logique\".<\/p>\r\n<p>La m\u00e9thode de travail int\u00e9gr\u00e9e est d\u00e9j\u00e0 utilis\u00e9e par des clients comme Sunrise, Twint, Ovomaltine ou Suisse Tourisme. Les pitch gagn\u00e9s et les succ\u00e8s des campagnes illustrent les forces d'une approche m\u00e9dia globale : \"Sir Mary Media nous aide \u00e0 cr\u00e9er un lien durable avec la marque gr\u00e2ce \u00e0 des strat\u00e9gies m\u00e9dia cibl\u00e9es, ainsi qu'un engagement efficace. Les campagnes men\u00e9es en commun ont obtenu des succ\u00e8s mesurables gr\u00e2ce \u00e0 des solutions m\u00e9dias intelligentes et \u00e0 une strat\u00e9gie de port\u00e9e forte\", d\u00e9clare Eva-Maria M\u00f6rtenhuber, Head of Marketing chez Twint.<\/p>\r\n<p>Sir Mary veut rester fid\u00e8le \u00e0 son approche qui consiste \u00e0 associer \u00e9troitement la cr\u00e9ation et les m\u00e9dias afin de r\u00e9aliser des campagnes qui attirent l'attention et dont l'effet est mesurable. La nouvelle structure doit permettre \u00e0 l'agence d'agir de mani\u00e8re plus flexible sur le march\u00e9 et d'obtenir de mani\u00e8re cibl\u00e9e de nouveaux budgets m\u00e9dias pour les prestations m\u00e9diatiques.<\/p>\r\n<hr \/>\r\n<p><a href=\"https:\/\/www.markt-kom.com\/markom\/business\/sir-mary-goes-media-es-hat-uns-schon-lange-unter-den-naegeln-gebrannt\/\" rel=\"noopener\"><em>Lire ici le <strong>interview exclusive approfondie<\/strong> avec Vanessa Habisreutinger, Katharina G\u00fcnther et Fabian Habisreutinger sur l'id\u00e9e et la strat\u00e9gie derri\u00e8re Sir Mary Media.<\/em><\/a><\/p>","protected":false},"excerpt":{"rendered":"<p>Sir Mary entame une nouvelle \u00e8re : d\u00e8s \u00e0 pr\u00e9sent, l'agence zurichoise propose ses prestations m\u00e9dias sur le march\u00e9 en tant qu'agence ind\u00e9pendante. Vanessa Habisreutinger, Katharina G\u00fcnther et Fabian Habisreutinger prennent la direction de la nouvelle agence m\u00e9dia. Les clients Twint et Ovomaltine font d\u00e9sormais partie du portefeuille.<\/p>","protected":false},"author":8,"featured_media":0,"comment_status":"closed","ping_status":"closed","sticky":false,"template":"","format":"standard","meta":{"_acf_changed":false,"_yoast_wpseo_focuskw":"Sir Mary Media","_yoast_wpseo_metadesc":"Sir Mary startet mit Sir Mary Media eine eigenst\u00e4ndige Mediaagentur und erweitert ihr Angebot in Mediastrategie, -planung und -umsetzung.","articlekey":"","footnotes":""},"categories":[29],"tags":[4345,2871,5100],"class_list":["post-36138","post","type-post","status-publish","format-standard","hentry","category-marketing","tag-business","tag-sir-mary","tag-sir-mary-media"],"acf":[],"yoast_head":"<!-- This site is optimized with the Yoast SEO plugin v27.5 - https:\/\/yoast.com\/product\/yoast-seo-wordpress\/ -->\n<title>Sir Mary lanciert eigenst\u00e4ndige Mediaagentur - Organisator<\/title>\n<meta name=\"description\" content=\"Sir Mary startet mit Sir Mary Media eine eigenst\u00e4ndige Mediaagentur und erweitert ihr Angebot in Mediastrategie, -planung und -umsetzung.\" \/>\n<meta name=\"robots\" content=\"index, follow, max-snippet:-1, max-image-preview:large, max-video-preview:-1\" \/>\n<link rel=\"canonical\" href=\"https:\/\/www.organisator.ch\/fr\/marketing\/2025-02-20\/sir-mary-lanciert-eigenstaendige-mediaagentur\/\" \/>\n<meta property=\"og:locale\" content=\"fr_FR\" \/>\n<meta property=\"og:type\" content=\"article\" \/>\n<meta property=\"og:title\" content=\"Sir Mary lanciert eigenst\u00e4ndige Mediaagentur - Organisator\" \/>\n<meta property=\"og:description\" content=\"Sir Mary startet mit Sir Mary Media eine eigenst\u00e4ndige Mediaagentur und erweitert ihr Angebot in Mediastrategie, -planung und -umsetzung.\" \/>\n<meta property=\"og:url\" content=\"https:\/\/www.organisator.ch\/fr\/marketing\/2025-02-20\/sir-mary-lanciert-eigenstaendige-mediaagentur\/\" \/>\n<meta property=\"og:site_name\" content=\"Organisator\" \/>\n<meta property=\"article:publisher\" content=\"https:\/\/www.facebook.com\/OrganisatorFachmagazin\" \/>\n<meta property=\"article:published_time\" content=\"2025-02-20T12:30:27+00:00\" \/>\n<meta property=\"article:modified_time\" content=\"2025-02-20T12:30:57+00:00\" \/>\n<meta name=\"author\" content=\"galledia\" \/>\n<meta name=\"twitter:card\" content=\"summary_large_image\" \/>\n<meta name=\"twitter:creator\" content=\"@admin\" \/>\n<script type=\"application\/ld+json\" class=\"yoast-schema-graph\">{\"@context\":\"https:\\\/\\\/schema.org\",\"@graph\":[{\"@type\":\"Article\",\"@id\":\"https:\\\/\\\/www.organisator.ch\\\/marketing\\\/2025-02-20\\\/sir-mary-lanciert-eigenstaendige-mediaagentur\\\/#article\",\"isPartOf\":{\"@id\":\"https:\\\/\\\/www.organisator.ch\\\/marketing\\\/2025-02-20\\\/sir-mary-lanciert-eigenstaendige-mediaagentur\\\/\"},\"author\":{\"name\":\"galledia\",\"@id\":\"https:\\\/\\\/www.organisator.ch\\\/#\\\/schema\\\/person\\\/4e51799071cd2dd1232ac003643ef5f0\"},\"headline\":\"Sir Mary lanciert eigenst\u00e4ndige Mediaagentur\",\"datePublished\":\"2025-02-20T12:30:27+00:00\",\"dateModified\":\"2025-02-20T12:30:57+00:00\",\"mainEntityOfPage\":{\"@id\":\"https:\\\/\\\/www.organisator.ch\\\/marketing\\\/2025-02-20\\\/sir-mary-lanciert-eigenstaendige-mediaagentur\\\/\"},\"wordCount\":364,\"publisher\":{\"@id\":\"https:\\\/\\\/www.organisator.ch\\\/#organization\"},\"image\":{\"@id\":\"https:\\\/\\\/www.organisator.ch\\\/marketing\\\/2025-02-20\\\/sir-mary-lanciert-eigenstaendige-mediaagentur\\\/#primaryimage\"},\"thumbnailUrl\":\"https:\\\/\\\/www.markt-kom.com\\\/wp-content\\\/uploads\\\/2025\\\/02\\\/SiRMaRY-Media-PM-Preview.jpg\",\"keywords\":[\"Business\",\"Sir Mary\",\"Sir Mary Media\"],\"articleSection\":[\"MARKETING\"],\"inLanguage\":\"fr-FR\"},{\"@type\":\"WebPage\",\"@id\":\"https:\\\/\\\/www.organisator.ch\\\/marketing\\\/2025-02-20\\\/sir-mary-lanciert-eigenstaendige-mediaagentur\\\/\",\"url\":\"https:\\\/\\\/www.organisator.ch\\\/marketing\\\/2025-02-20\\\/sir-mary-lanciert-eigenstaendige-mediaagentur\\\/\",\"name\":\"Sir Mary lanciert eigenst\u00e4ndige Mediaagentur - Organisator\",\"isPartOf\":{\"@id\":\"https:\\\/\\\/www.organisator.ch\\\/#website\"},\"primaryImageOfPage\":{\"@id\":\"https:\\\/\\\/www.organisator.ch\\\/marketing\\\/2025-02-20\\\/sir-mary-lanciert-eigenstaendige-mediaagentur\\\/#primaryimage\"},\"image\":{\"@id\":\"https:\\\/\\\/www.organisator.ch\\\/marketing\\\/2025-02-20\\\/sir-mary-lanciert-eigenstaendige-mediaagentur\\\/#primaryimage\"},\"thumbnailUrl\":\"https:\\\/\\\/www.markt-kom.com\\\/wp-content\\\/uploads\\\/2025\\\/02\\\/SiRMaRY-Media-PM-Preview.jpg\",\"datePublished\":\"2025-02-20T12:30:27+00:00\",\"dateModified\":\"2025-02-20T12:30:57+00:00\",\"description\":\"Sir Mary startet mit Sir Mary Media eine eigenst\u00e4ndige Mediaagentur und erweitert ihr Angebot in Mediastrategie, -planung und -umsetzung.\",\"breadcrumb\":{\"@id\":\"https:\\\/\\\/www.organisator.ch\\\/marketing\\\/2025-02-20\\\/sir-mary-lanciert-eigenstaendige-mediaagentur\\\/#breadcrumb\"},\"inLanguage\":\"fr-FR\",\"potentialAction\":[{\"@type\":\"ReadAction\",\"target\":[\"https:\\\/\\\/www.organisator.ch\\\/marketing\\\/2025-02-20\\\/sir-mary-lanciert-eigenstaendige-mediaagentur\\\/\"]}]},{\"@type\":\"ImageObject\",\"inLanguage\":\"fr-FR\",\"@id\":\"https:\\\/\\\/www.organisator.ch\\\/marketing\\\/2025-02-20\\\/sir-mary-lanciert-eigenstaendige-mediaagentur\\\/#primaryimage\",\"url\":\"https:\\\/\\\/www.markt-kom.com\\\/wp-content\\\/uploads\\\/2025\\\/02\\\/SiRMaRY-Media-PM-Preview.jpg\",\"contentUrl\":\"https:\\\/\\\/www.markt-kom.com\\\/wp-content\\\/uploads\\\/2025\\\/02\\\/SiRMaRY-Media-PM-Preview.jpg\"},{\"@type\":\"BreadcrumbList\",\"@id\":\"https:\\\/\\\/www.organisator.ch\\\/marketing\\\/2025-02-20\\\/sir-mary-lanciert-eigenstaendige-mediaagentur\\\/#breadcrumb\",\"itemListElement\":[{\"@type\":\"ListItem\",\"position\":1,\"name\":\"Home\",\"item\":\"https:\\\/\\\/www.organisator.ch\\\/\"},{\"@type\":\"ListItem\",\"position\":2,\"name\":\"Sir Mary lanciert eigenst\u00e4ndige Mediaagentur\"}]},{\"@type\":\"WebSite\",\"@id\":\"https:\\\/\\\/www.organisator.ch\\\/#website\",\"url\":\"https:\\\/\\\/www.organisator.ch\\\/\",\"name\":\"Organisator\",\"description\":\"Kompetent. Praxisnah. Der ORGANISATOR bereitet in 10 Ausgaben pro Jahr die wesentlichen Themen f\u00fcr F\u00fchrungskr\u00e4fte von KMU auf.\",\"publisher\":{\"@id\":\"https:\\\/\\\/www.organisator.ch\\\/#organization\"},\"potentialAction\":[{\"@type\":\"SearchAction\",\"target\":{\"@type\":\"EntryPoint\",\"urlTemplate\":\"https:\\\/\\\/www.organisator.ch\\\/?s={search_term_string}\"},\"query-input\":{\"@type\":\"PropertyValueSpecification\",\"valueRequired\":true,\"valueName\":\"search_term_string\"}}],\"inLanguage\":\"fr-FR\"},{\"@type\":\"Organization\",\"@id\":\"https:\\\/\\\/www.organisator.ch\\\/#organization\",\"name\":\"Organisator\",\"url\":\"https:\\\/\\\/www.organisator.ch\\\/\",\"logo\":{\"@type\":\"ImageObject\",\"inLanguage\":\"fr-FR\",\"@id\":\"https:\\\/\\\/www.organisator.ch\\\/#\\\/schema\\\/logo\\\/image\\\/\",\"url\":\"https:\\\/\\\/www.organisator.ch\\\/wp-content\\\/uploads\\\/2022\\\/01\\\/Logo_Organisator_Website.png\",\"contentUrl\":\"https:\\\/\\\/www.organisator.ch\\\/wp-content\\\/uploads\\\/2022\\\/01\\\/Logo_Organisator_Website.png\",\"width\":800,\"height\":77,\"caption\":\"Organisator\"},\"image\":{\"@id\":\"https:\\\/\\\/www.organisator.ch\\\/#\\\/schema\\\/logo\\\/image\\\/\"},\"sameAs\":[\"https:\\\/\\\/www.facebook.com\\\/OrganisatorFachmagazin\",\"https:\\\/\\\/www.linkedin.com\\\/showcase\\\/organisator-das-magazin-fr-kmu\",\"https:\\\/\\\/www.xing.com\\\/news\\\/pages\\\/organisator-ch-695\",\"https:\\\/\\\/www.youtube.com\\\/channel\\\/UCGP2Sq0iWaZwT3BdIAQFYpw\"]},{\"@type\":\"Person\",\"@id\":\"https:\\\/\\\/www.organisator.ch\\\/#\\\/schema\\\/person\\\/4e51799071cd2dd1232ac003643ef5f0\",\"name\":\"galledia\",\"image\":{\"@type\":\"ImageObject\",\"inLanguage\":\"fr-FR\",\"@id\":\"https:\\\/\\\/secure.gravatar.com\\\/avatar\\\/78a7f90c01fc2bfc875782a0d4922b37cde2cf184ce347b91316d23cd7f69a36?s=96&d=mm&r=g\",\"url\":\"https:\\\/\\\/secure.gravatar.com\\\/avatar\\\/78a7f90c01fc2bfc875782a0d4922b37cde2cf184ce347b91316d23cd7f69a36?s=96&d=mm&r=g\",\"contentUrl\":\"https:\\\/\\\/secure.gravatar.com\\\/avatar\\\/78a7f90c01fc2bfc875782a0d4922b37cde2cf184ce347b91316d23cd7f69a36?s=96&d=mm&r=g\",\"caption\":\"galledia\"},\"sameAs\":[\"https:\\\/\\\/x.com\\\/admin\"],\"url\":\"https:\\\/\\\/www.organisator.ch\\\/fr\\\/author\\\/galledia\\\/\"}]}<\/script>\n<!-- \/ Yoast SEO plugin. -->","yoast_head_json":{"title":"Sir Mary lance une agence m\u00e9dia ind\u00e9pendante - Organisateur","description":"Sir Mary lance Sir Mary Media, une agence m\u00e9dia ind\u00e9pendante, et \u00e9largit son offre en mati\u00e8re de strat\u00e9gie, de planification et de mise en \u0153uvre des m\u00e9dias.","robots":{"index":"index","follow":"follow","max-snippet":"max-snippet:-1","max-image-preview":"max-image-preview:large","max-video-preview":"max-video-preview:-1"},"canonical":"https:\/\/www.organisator.ch\/fr\/marketing\/2025-02-20\/sir-mary-lanciert-eigenstaendige-mediaagentur\/","og_locale":"fr_FR","og_type":"article","og_title":"Sir Mary lanciert eigenst\u00e4ndige Mediaagentur - Organisator","og_description":"Sir Mary startet mit Sir Mary Media eine eigenst\u00e4ndige Mediaagentur und erweitert ihr Angebot in Mediastrategie, -planung und -umsetzung.","og_url":"https:\/\/www.organisator.ch\/fr\/marketing\/2025-02-20\/sir-mary-lanciert-eigenstaendige-mediaagentur\/","og_site_name":"Organisator","article_publisher":"https:\/\/www.facebook.com\/OrganisatorFachmagazin","article_published_time":"2025-02-20T12:30:27+00:00","article_modified_time":"2025-02-20T12:30:57+00:00","author":"galledia","twitter_card":"summary_large_image","twitter_creator":"@admin","schema":{"@context":"https:\/\/schema.org","@graph":[{"@type":"Article","@id":"https:\/\/www.organisator.ch\/marketing\/2025-02-20\/sir-mary-lanciert-eigenstaendige-mediaagentur\/#article","isPartOf":{"@id":"https:\/\/www.organisator.ch\/marketing\/2025-02-20\/sir-mary-lanciert-eigenstaendige-mediaagentur\/"},"author":{"name":"galledia","@id":"https:\/\/www.organisator.ch\/#\/schema\/person\/4e51799071cd2dd1232ac003643ef5f0"},"headline":"Sir Mary lanciert eigenst\u00e4ndige Mediaagentur","datePublished":"2025-02-20T12:30:27+00:00","dateModified":"2025-02-20T12:30:57+00:00","mainEntityOfPage":{"@id":"https:\/\/www.organisator.ch\/marketing\/2025-02-20\/sir-mary-lanciert-eigenstaendige-mediaagentur\/"},"wordCount":364,"publisher":{"@id":"https:\/\/www.organisator.ch\/#organization"},"image":{"@id":"https:\/\/www.organisator.ch\/marketing\/2025-02-20\/sir-mary-lanciert-eigenstaendige-mediaagentur\/#primaryimage"},"thumbnailUrl":"https:\/\/www.markt-kom.com\/wp-content\/uploads\/2025\/02\/SiRMaRY-Media-PM-Preview.jpg","keywords":["Business","Sir Mary","Sir Mary Media"],"articleSection":["MARKETING"],"inLanguage":"fr-FR"},{"@type":"WebPage","@id":"https:\/\/www.organisator.ch\/marketing\/2025-02-20\/sir-mary-lanciert-eigenstaendige-mediaagentur\/","url":"https:\/\/www.organisator.ch\/marketing\/2025-02-20\/sir-mary-lanciert-eigenstaendige-mediaagentur\/","name":"Sir Mary lance une agence m\u00e9dia ind\u00e9pendante - Organisateur","isPartOf":{"@id":"https:\/\/www.organisator.ch\/#website"},"primaryImageOfPage":{"@id":"https:\/\/www.organisator.ch\/marketing\/2025-02-20\/sir-mary-lanciert-eigenstaendige-mediaagentur\/#primaryimage"},"image":{"@id":"https:\/\/www.organisator.ch\/marketing\/2025-02-20\/sir-mary-lanciert-eigenstaendige-mediaagentur\/#primaryimage"},"thumbnailUrl":"https:\/\/www.markt-kom.com\/wp-content\/uploads\/2025\/02\/SiRMaRY-Media-PM-Preview.jpg","datePublished":"2025-02-20T12:30:27+00:00","dateModified":"2025-02-20T12:30:57+00:00","description":"Sir Mary lance Sir Mary Media, une agence m\u00e9dia ind\u00e9pendante, et \u00e9largit son offre en mati\u00e8re de strat\u00e9gie, de planification et de mise en \u0153uvre des m\u00e9dias.","breadcrumb":{"@id":"https:\/\/www.organisator.ch\/marketing\/2025-02-20\/sir-mary-lanciert-eigenstaendige-mediaagentur\/#breadcrumb"},"inLanguage":"fr-FR","potentialAction":[{"@type":"ReadAction","target":["https:\/\/www.organisator.ch\/marketing\/2025-02-20\/sir-mary-lanciert-eigenstaendige-mediaagentur\/"]}]},{"@type":"ImageObject","inLanguage":"fr-FR","@id":"https:\/\/www.organisator.ch\/marketing\/2025-02-20\/sir-mary-lanciert-eigenstaendige-mediaagentur\/#primaryimage","url":"https:\/\/www.markt-kom.com\/wp-content\/uploads\/2025\/02\/SiRMaRY-Media-PM-Preview.jpg","contentUrl":"https:\/\/www.markt-kom.com\/wp-content\/uploads\/2025\/02\/SiRMaRY-Media-PM-Preview.jpg"},{"@type":"BreadcrumbList","@id":"https:\/\/www.organisator.ch\/marketing\/2025-02-20\/sir-mary-lanciert-eigenstaendige-mediaagentur\/#breadcrumb","itemListElement":[{"@type":"ListItem","position":1,"name":"Home","item":"https:\/\/www.organisator.ch\/"},{"@type":"ListItem","position":2,"name":"Sir Mary lanciert eigenst\u00e4ndige Mediaagentur"}]},{"@type":"WebSite","@id":"https:\/\/www.organisator.ch\/#website","url":"https:\/\/www.organisator.ch\/","name":"Organisateur","description":"Comp\u00e9tence et comp\u00e9tence. Proches de la pratique. L'ORGANISATEUR pr\u00e9pare 10 num\u00e9ros par an sur les th\u00e8mes essentiels pour les dirigeants de PME.","publisher":{"@id":"https:\/\/www.organisator.ch\/#organization"},"potentialAction":[{"@type":"SearchAction","target":{"@type":"EntryPoint","urlTemplate":"https:\/\/www.organisator.ch\/?s={search_term_string}"},"query-input":{"@type":"PropertyValueSpecification","valueRequired":true,"valueName":"search_term_string"}}],"inLanguage":"fr-FR"},{"@type":"Organization","@id":"https:\/\/www.organisator.ch\/#organization","name":"Organisateur","url":"https:\/\/www.organisator.ch\/","logo":{"@type":"ImageObject","inLanguage":"fr-FR","@id":"https:\/\/www.organisator.ch\/#\/schema\/logo\/image\/","url":"https:\/\/www.organisator.ch\/wp-content\/uploads\/2022\/01\/Logo_Organisator_Website.png","contentUrl":"https:\/\/www.organisator.ch\/wp-content\/uploads\/2022\/01\/Logo_Organisator_Website.png","width":800,"height":77,"caption":"Organisator"},"image":{"@id":"https:\/\/www.organisator.ch\/#\/schema\/logo\/image\/"},"sameAs":["https:\/\/www.facebook.com\/OrganisatorFachmagazin","https:\/\/www.linkedin.com\/showcase\/organisator-das-magazin-fr-kmu","https:\/\/www.xing.com\/news\/pages\/organisator-ch-695","https:\/\/www.youtube.com\/channel\/UCGP2Sq0iWaZwT3BdIAQFYpw"]},{"@type":"Person","@id":"https:\/\/www.organisator.ch\/#\/schema\/person\/4e51799071cd2dd1232ac003643ef5f0","name":"galledia","image":{"@type":"ImageObject","inLanguage":"fr-FR","@id":"https:\/\/secure.gravatar.com\/avatar\/78a7f90c01fc2bfc875782a0d4922b37cde2cf184ce347b91316d23cd7f69a36?s=96&d=mm&r=g","url":"https:\/\/secure.gravatar.com\/avatar\/78a7f90c01fc2bfc875782a0d4922b37cde2cf184ce347b91316d23cd7f69a36?s=96&d=mm&r=g","contentUrl":"https:\/\/secure.gravatar.com\/avatar\/78a7f90c01fc2bfc875782a0d4922b37cde2cf184ce347b91316d23cd7f69a36?s=96&d=mm&r=g","caption":"galledia"},"sameAs":["https:\/\/x.com\/admin"],"url":"https:\/\/www.organisator.ch\/fr\/author\/galledia\/"}]}},"_links":{"self":[{"href":"https:\/\/www.organisator.ch\/fr\/wp-json\/wp\/v2\/posts\/36138","targetHints":{"allow":["GET"]}}],"collection":[{"href":"https:\/\/www.organisator.ch\/fr\/wp-json\/wp\/v2\/posts"}],"about":[{"href":"https:\/\/www.organisator.ch\/fr\/wp-json\/wp\/v2\/types\/post"}],"author":[{"embeddable":true,"href":"https:\/\/www.organisator.ch\/fr\/wp-json\/wp\/v2\/users\/8"}],"replies":[{"embeddable":true,"href":"https:\/\/www.organisator.ch\/fr\/wp-json\/wp\/v2\/comments?post=36138"}],"version-history":[{"count":5,"href":"https:\/\/www.organisator.ch\/fr\/wp-json\/wp\/v2\/posts\/36138\/revisions"}],"predecessor-version":[{"id":36142,"href":"https:\/\/www.organisator.ch\/fr\/wp-json\/wp\/v2\/posts\/36138\/revisions\/36142"}],"wp:attachment":[{"href":"https:\/\/www.organisator.ch\/fr\/wp-json\/wp\/v2\/media?parent=36138"}],"wp:term":[{"taxonomy":"category","embeddable":true,"href":"https:\/\/www.organisator.ch\/fr\/wp-json\/wp\/v2\/categories?post=36138"},{"taxonomy":"post_tag","embeddable":true,"href":"https:\/\/www.organisator.ch\/fr\/wp-json\/wp\/v2\/tags?post=36138"}],"curies":[{"name":"wp","href":"https:\/\/api.w.org\/{rel}","templated":true}]}}