{"id":36149,"date":"2025-02-27T00:31:30","date_gmt":"2025-02-26T23:31:30","guid":{"rendered":"https:\/\/www.organisator.ch\/de\/?p=36149"},"modified":"2025-02-21T13:38:05","modified_gmt":"2025-02-21T12:38:05","slug":"neue-technologien-weise-einsetzen","status":"publish","type":"post","link":"https:\/\/www.organisator.ch\/fr\/abo\/2025-02-27\/neue-technologien-weise-einsetzen\/","title":{"rendered":"Utiliser les nouvelles technologies avec sagesse"},"content":{"rendered":"<div class=\"swpm-post-not-logged-in-msg\">Vous devez \u00eatre connect\u00e9 pour voir ce contenu. Veuillez <a class=\"swpm-login-link\" href=\"https:\/\/www.organisator.ch\/login\/\">Se connecter<\/a>. Pas un membre ? <a href=\"https:\/\/www.organisator.ch\/shop\/\">Nous Rejoindre<\/a><\/div>","protected":false},"excerpt":{"rendered":"<p>Tout le monde parle actuellement d'intelligence artificielle. On oublie un peu vite qu'une autre nouvelle technologie est en train d'\u00e9largir le potentiel d\u00e9j\u00e0 \u00e9norme de l'IA : celle des ordinateurs quantiques.<\/p>","protected":false},"author":1,"featured_media":36265,"comment_status":"closed","ping_status":"closed","sticky":false,"template":"","format":"standard","meta":{"_acf_changed":false,"_yoast_wpseo_focuskw":"Quantum Computing","_yoast_wpseo_metadesc":"Quantum Computing erweitert das Potenzial der KI. Elisa Torres Durney erkl\u00e4rt, wie diese Technologie unsere Zukunft beeinflussen wird.","articlekey":"143426","footnotes":""},"categories":[578,582],"tags":[283,319,4767,475],"class_list":["post-36149","post","type-post","status-publish","format-standard","has-post-thumbnail","hentry","category-abo","category-operational-excellence","tag-interview","tag-kuenstliche-intelligenz","tag-quantencomputer","tag-technologie"],"acf":[],"yoast_head":"<!-- This site is optimized with the Yoast SEO plugin v27.5 - https:\/\/yoast.com\/product\/yoast-seo-wordpress\/ -->\n<title>Neue Technologien weise einsetzen - Organisator<\/title>\n<meta name=\"description\" content=\"Quantum Computing erweitert das Potenzial der KI. Elisa Torres Durney erkl\u00e4rt, wie diese Technologie unsere Zukunft beeinflussen wird.\" \/>\n<meta name=\"robots\" content=\"index, follow, max-snippet:-1, max-image-preview:large, max-video-preview:-1\" \/>\n<link rel=\"canonical\" href=\"https:\/\/www.organisator.ch\/fr\/abonnement\/2025-02-27\/neue-technologien-weise-einsetzen\/\" \/>\n<meta property=\"og:locale\" content=\"fr_FR\" \/>\n<meta property=\"og:type\" content=\"article\" \/>\n<meta property=\"og:title\" content=\"Neue Technologien weise einsetzen\" \/>\n<meta property=\"og:description\" content=\"Quantum Computing erweitert das Potenzial der KI. Elisa Torres Durney erkl\u00e4rt, wie diese Technologie unsere Zukunft beeinflussen wird.\" \/>\n<meta property=\"og:url\" content=\"https:\/\/www.organisator.ch\/fr\/abonnement\/2025-02-27\/neue-technologien-weise-einsetzen\/\" \/>\n<meta property=\"og:site_name\" content=\"Organisator\" \/>\n<meta property=\"article:publisher\" content=\"https:\/\/www.facebook.com\/OrganisatorFachmagazin\" \/>\n<meta property=\"article:published_time\" content=\"2025-02-26T23:31:30+00:00\" \/>\n<meta name=\"author\" content=\"admin\" \/>\n<meta name=\"twitter:card\" content=\"summary_large_image\" \/>\n<meta name=\"twitter:title\" content=\"Neue Technologien weise einsetzen\" \/>\n<meta name=\"twitter:description\" content=\"#Quantum #Computing erweitert das #Potenzial der #KI. #Elisa #Torres #Durney erkl\u00e4rt, wie diese #Technologie unsere #Zukunft beeinflussen wird.\" \/>\n<meta name=\"twitter:image\" content=\"https:\/\/www.organisator.ch\/wp-content\/uploads\/2025\/02\/OpEx_Quantencomputing_Bild-scaled.jpg\" \/>\n<script type=\"application\/ld+json\" class=\"yoast-schema-graph\">{\"@context\":\"https:\\\/\\\/schema.org\",\"@graph\":[{\"@type\":\"Article\",\"@id\":\"https:\\\/\\\/www.organisator.ch\\\/abo\\\/2025-02-27\\\/neue-technologien-weise-einsetzen\\\/#article\",\"isPartOf\":{\"@id\":\"https:\\\/\\\/www.organisator.ch\\\/abo\\\/2025-02-27\\\/neue-technologien-weise-einsetzen\\\/\"},\"author\":{\"name\":\"admin\",\"@id\":\"https:\\\/\\\/www.organisator.ch\\\/#\\\/schema\\\/person\\\/aa2bace6c5c5aad60102004a50c4eb1c\"},\"headline\":\"Neue Technologien weise einsetzen\",\"datePublished\":\"2025-02-26T23:31:30+00:00\",\"mainEntityOfPage\":{\"@id\":\"https:\\\/\\\/www.organisator.ch\\\/abo\\\/2025-02-27\\\/neue-technologien-weise-einsetzen\\\/\"},\"wordCount\":953,\"publisher\":{\"@id\":\"https:\\\/\\\/www.organisator.ch\\\/#organization\"},\"image\":{\"@id\":\"https:\\\/\\\/www.organisator.ch\\\/abo\\\/2025-02-27\\\/neue-technologien-weise-einsetzen\\\/#primaryimage\"},\"thumbnailUrl\":\"https:\\\/\\\/www.organisator.ch\\\/wp-content\\\/uploads\\\/2025\\\/02\\\/OpEx_Quantencomputing_Bild-scaled.jpg\",\"keywords\":[\"Interview\",\"K\u00fcnstliche Intelligenz\",\"Quantencomputer\",\"Technologie\"],\"articleSection\":[\"ABO+\",\"OPERATIONAL EXCELLENCE\"],\"inLanguage\":\"fr-FR\"},{\"@type\":\"WebPage\",\"@id\":\"https:\\\/\\\/www.organisator.ch\\\/abo\\\/2025-02-27\\\/neue-technologien-weise-einsetzen\\\/\",\"url\":\"https:\\\/\\\/www.organisator.ch\\\/abo\\\/2025-02-27\\\/neue-technologien-weise-einsetzen\\\/\",\"name\":\"Neue Technologien weise einsetzen - Organisator\",\"isPartOf\":{\"@id\":\"https:\\\/\\\/www.organisator.ch\\\/#website\"},\"primaryImageOfPage\":{\"@id\":\"https:\\\/\\\/www.organisator.ch\\\/abo\\\/2025-02-27\\\/neue-technologien-weise-einsetzen\\\/#primaryimage\"},\"image\":{\"@id\":\"https:\\\/\\\/www.organisator.ch\\\/abo\\\/2025-02-27\\\/neue-technologien-weise-einsetzen\\\/#primaryimage\"},\"thumbnailUrl\":\"https:\\\/\\\/www.organisator.ch\\\/wp-content\\\/uploads\\\/2025\\\/02\\\/OpEx_Quantencomputing_Bild-scaled.jpg\",\"datePublished\":\"2025-02-26T23:31:30+00:00\",\"description\":\"Quantum Computing erweitert das Potenzial der KI. Elisa Torres Durney erkl\u00e4rt, wie diese Technologie unsere Zukunft beeinflussen wird.\",\"breadcrumb\":{\"@id\":\"https:\\\/\\\/www.organisator.ch\\\/abo\\\/2025-02-27\\\/neue-technologien-weise-einsetzen\\\/#breadcrumb\"},\"inLanguage\":\"fr-FR\",\"potentialAction\":[{\"@type\":\"ReadAction\",\"target\":[\"https:\\\/\\\/www.organisator.ch\\\/abo\\\/2025-02-27\\\/neue-technologien-weise-einsetzen\\\/\"]}]},{\"@type\":\"ImageObject\",\"inLanguage\":\"fr-FR\",\"@id\":\"https:\\\/\\\/www.organisator.ch\\\/abo\\\/2025-02-27\\\/neue-technologien-weise-einsetzen\\\/#primaryimage\",\"url\":\"https:\\\/\\\/www.organisator.ch\\\/wp-content\\\/uploads\\\/2025\\\/02\\\/OpEx_Quantencomputing_Bild-scaled.jpg\",\"contentUrl\":\"https:\\\/\\\/www.organisator.ch\\\/wp-content\\\/uploads\\\/2025\\\/02\\\/OpEx_Quantencomputing_Bild-scaled.jpg\",\"width\":1400,\"height\":1400,\"caption\":\"Elisa Torres Durney, Gr\u00fcnderin und CEO von Girls in Quantum. \u00a9 GIRLS IN QUANTUM\"},{\"@type\":\"BreadcrumbList\",\"@id\":\"https:\\\/\\\/www.organisator.ch\\\/abo\\\/2025-02-27\\\/neue-technologien-weise-einsetzen\\\/#breadcrumb\",\"itemListElement\":[{\"@type\":\"ListItem\",\"position\":1,\"name\":\"Home\",\"item\":\"https:\\\/\\\/www.organisator.ch\\\/\"},{\"@type\":\"ListItem\",\"position\":2,\"name\":\"Neue Technologien weise einsetzen\"}]},{\"@type\":\"WebSite\",\"@id\":\"https:\\\/\\\/www.organisator.ch\\\/#website\",\"url\":\"https:\\\/\\\/www.organisator.ch\\\/\",\"name\":\"Organisator\",\"description\":\"Kompetent. Praxisnah. Der ORGANISATOR bereitet in 10 Ausgaben pro Jahr die wesentlichen Themen f\u00fcr F\u00fchrungskr\u00e4fte von KMU auf.\",\"publisher\":{\"@id\":\"https:\\\/\\\/www.organisator.ch\\\/#organization\"},\"potentialAction\":[{\"@type\":\"SearchAction\",\"target\":{\"@type\":\"EntryPoint\",\"urlTemplate\":\"https:\\\/\\\/www.organisator.ch\\\/?s={search_term_string}\"},\"query-input\":{\"@type\":\"PropertyValueSpecification\",\"valueRequired\":true,\"valueName\":\"search_term_string\"}}],\"inLanguage\":\"fr-FR\"},{\"@type\":\"Organization\",\"@id\":\"https:\\\/\\\/www.organisator.ch\\\/#organization\",\"name\":\"Organisator\",\"url\":\"https:\\\/\\\/www.organisator.ch\\\/\",\"logo\":{\"@type\":\"ImageObject\",\"inLanguage\":\"fr-FR\",\"@id\":\"https:\\\/\\\/www.organisator.ch\\\/#\\\/schema\\\/logo\\\/image\\\/\",\"url\":\"https:\\\/\\\/www.organisator.ch\\\/wp-content\\\/uploads\\\/2022\\\/01\\\/Logo_Organisator_Website.png\",\"contentUrl\":\"https:\\\/\\\/www.organisator.ch\\\/wp-content\\\/uploads\\\/2022\\\/01\\\/Logo_Organisator_Website.png\",\"width\":800,\"height\":77,\"caption\":\"Organisator\"},\"image\":{\"@id\":\"https:\\\/\\\/www.organisator.ch\\\/#\\\/schema\\\/logo\\\/image\\\/\"},\"sameAs\":[\"https:\\\/\\\/www.facebook.com\\\/OrganisatorFachmagazin\",\"https:\\\/\\\/www.linkedin.com\\\/showcase\\\/organisator-das-magazin-fr-kmu\",\"https:\\\/\\\/www.xing.com\\\/news\\\/pages\\\/organisator-ch-695\",\"https:\\\/\\\/www.youtube.com\\\/channel\\\/UCGP2Sq0iWaZwT3BdIAQFYpw\"]},{\"@type\":\"Person\",\"@id\":\"https:\\\/\\\/www.organisator.ch\\\/#\\\/schema\\\/person\\\/aa2bace6c5c5aad60102004a50c4eb1c\",\"name\":\"admin\",\"image\":{\"@type\":\"ImageObject\",\"inLanguage\":\"fr-FR\",\"@id\":\"https:\\\/\\\/secure.gravatar.com\\\/avatar\\\/ae2f4d718e6c49043e314ce431e7e645d646302a24a5ef5a8bc8e3f5a032e319?s=96&d=mm&r=g\",\"url\":\"https:\\\/\\\/secure.gravatar.com\\\/avatar\\\/ae2f4d718e6c49043e314ce431e7e645d646302a24a5ef5a8bc8e3f5a032e319?s=96&d=mm&r=g\",\"contentUrl\":\"https:\\\/\\\/secure.gravatar.com\\\/avatar\\\/ae2f4d718e6c49043e314ce431e7e645d646302a24a5ef5a8bc8e3f5a032e319?s=96&d=mm&r=g\",\"caption\":\"admin\"},\"sameAs\":[\"https:\\\/\\\/www.organisator.ch\"],\"url\":\"https:\\\/\\\/www.organisator.ch\\\/fr\\\/author\\\/admin\\\/\"}]}<\/script>\n<!-- \/ Yoast SEO plugin. -->","yoast_head_json":{"title":"Utiliser les nouvelles technologies \u00e0 bon escient - Organisateur","description":"L'informatique quantique \u00e9largit le potentiel de l'IA. Elisa Torres Durney explique comment cette technologie va influencer notre avenir.","robots":{"index":"index","follow":"follow","max-snippet":"max-snippet:-1","max-image-preview":"max-image-preview:large","max-video-preview":"max-video-preview:-1"},"canonical":"https:\/\/www.organisator.ch\/fr\/abonnement\/2025-02-27\/neue-technologien-weise-einsetzen\/","og_locale":"fr_FR","og_type":"article","og_title":"Neue Technologien weise einsetzen","og_description":"Quantum Computing erweitert das Potenzial der KI. Elisa Torres Durney erkl\u00e4rt, wie diese Technologie unsere Zukunft beeinflussen wird.","og_url":"https:\/\/www.organisator.ch\/fr\/abonnement\/2025-02-27\/neue-technologien-weise-einsetzen\/","og_site_name":"Organisator","article_publisher":"https:\/\/www.facebook.com\/OrganisatorFachmagazin","article_published_time":"2025-02-26T23:31:30+00:00","author":"admin","twitter_card":"summary_large_image","twitter_title":"Neue Technologien weise einsetzen","twitter_description":"#Quantum #Computing erweitert das #Potenzial der #KI. #Elisa #Torres #Durney erkl\u00e4rt, wie diese #Technologie unsere #Zukunft beeinflussen wird.","twitter_image":"https:\/\/www.organisator.ch\/wp-content\/uploads\/2025\/02\/OpEx_Quantencomputing_Bild-scaled.jpg","schema":{"@context":"https:\/\/schema.org","@graph":[{"@type":"Article","@id":"https:\/\/www.organisator.ch\/abo\/2025-02-27\/neue-technologien-weise-einsetzen\/#article","isPartOf":{"@id":"https:\/\/www.organisator.ch\/abo\/2025-02-27\/neue-technologien-weise-einsetzen\/"},"author":{"name":"admin","@id":"https:\/\/www.organisator.ch\/#\/schema\/person\/aa2bace6c5c5aad60102004a50c4eb1c"},"headline":"Neue Technologien weise einsetzen","datePublished":"2025-02-26T23:31:30+00:00","mainEntityOfPage":{"@id":"https:\/\/www.organisator.ch\/abo\/2025-02-27\/neue-technologien-weise-einsetzen\/"},"wordCount":953,"publisher":{"@id":"https:\/\/www.organisator.ch\/#organization"},"image":{"@id":"https:\/\/www.organisator.ch\/abo\/2025-02-27\/neue-technologien-weise-einsetzen\/#primaryimage"},"thumbnailUrl":"https:\/\/www.organisator.ch\/wp-content\/uploads\/2025\/02\/OpEx_Quantencomputing_Bild-scaled.jpg","keywords":["Interview","K\u00fcnstliche Intelligenz","Quantencomputer","Technologie"],"articleSection":["ABO+","OPERATIONAL EXCELLENCE"],"inLanguage":"fr-FR"},{"@type":"WebPage","@id":"https:\/\/www.organisator.ch\/abo\/2025-02-27\/neue-technologien-weise-einsetzen\/","url":"https:\/\/www.organisator.ch\/abo\/2025-02-27\/neue-technologien-weise-einsetzen\/","name":"Utiliser les nouvelles technologies \u00e0 bon escient - Organisateur","isPartOf":{"@id":"https:\/\/www.organisator.ch\/#website"},"primaryImageOfPage":{"@id":"https:\/\/www.organisator.ch\/abo\/2025-02-27\/neue-technologien-weise-einsetzen\/#primaryimage"},"image":{"@id":"https:\/\/www.organisator.ch\/abo\/2025-02-27\/neue-technologien-weise-einsetzen\/#primaryimage"},"thumbnailUrl":"https:\/\/www.organisator.ch\/wp-content\/uploads\/2025\/02\/OpEx_Quantencomputing_Bild-scaled.jpg","datePublished":"2025-02-26T23:31:30+00:00","description":"L'informatique quantique \u00e9largit le potentiel de l'IA. Elisa Torres Durney explique comment cette technologie va influencer notre avenir.","breadcrumb":{"@id":"https:\/\/www.organisator.ch\/abo\/2025-02-27\/neue-technologien-weise-einsetzen\/#breadcrumb"},"inLanguage":"fr-FR","potentialAction":[{"@type":"ReadAction","target":["https:\/\/www.organisator.ch\/abo\/2025-02-27\/neue-technologien-weise-einsetzen\/"]}]},{"@type":"ImageObject","inLanguage":"fr-FR","@id":"https:\/\/www.organisator.ch\/abo\/2025-02-27\/neue-technologien-weise-einsetzen\/#primaryimage","url":"https:\/\/www.organisator.ch\/wp-content\/uploads\/2025\/02\/OpEx_Quantencomputing_Bild-scaled.jpg","contentUrl":"https:\/\/www.organisator.ch\/wp-content\/uploads\/2025\/02\/OpEx_Quantencomputing_Bild-scaled.jpg","width":1400,"height":1400,"caption":"Elisa Torres Durney, Gr\u00fcnderin und CEO von Girls in Quantum. \u00a9 GIRLS IN QUANTUM"},{"@type":"BreadcrumbList","@id":"https:\/\/www.organisator.ch\/abo\/2025-02-27\/neue-technologien-weise-einsetzen\/#breadcrumb","itemListElement":[{"@type":"ListItem","position":1,"name":"Home","item":"https:\/\/www.organisator.ch\/"},{"@type":"ListItem","position":2,"name":"Neue Technologien weise einsetzen"}]},{"@type":"WebSite","@id":"https:\/\/www.organisator.ch\/#website","url":"https:\/\/www.organisator.ch\/","name":"Organisateur","description":"Comp\u00e9tence et comp\u00e9tence. Proches de la pratique. L'ORGANISATEUR pr\u00e9pare 10 num\u00e9ros par an sur les th\u00e8mes essentiels pour les dirigeants de PME.","publisher":{"@id":"https:\/\/www.organisator.ch\/#organization"},"potentialAction":[{"@type":"SearchAction","target":{"@type":"EntryPoint","urlTemplate":"https:\/\/www.organisator.ch\/?s={search_term_string}"},"query-input":{"@type":"PropertyValueSpecification","valueRequired":true,"valueName":"search_term_string"}}],"inLanguage":"fr-FR"},{"@type":"Organization","@id":"https:\/\/www.organisator.ch\/#organization","name":"Organisateur","url":"https:\/\/www.organisator.ch\/","logo":{"@type":"ImageObject","inLanguage":"fr-FR","@id":"https:\/\/www.organisator.ch\/#\/schema\/logo\/image\/","url":"https:\/\/www.organisator.ch\/wp-content\/uploads\/2022\/01\/Logo_Organisator_Website.png","contentUrl":"https:\/\/www.organisator.ch\/wp-content\/uploads\/2022\/01\/Logo_Organisator_Website.png","width":800,"height":77,"caption":"Organisator"},"image":{"@id":"https:\/\/www.organisator.ch\/#\/schema\/logo\/image\/"},"sameAs":["https:\/\/www.facebook.com\/OrganisatorFachmagazin","https:\/\/www.linkedin.com\/showcase\/organisator-das-magazin-fr-kmu","https:\/\/www.xing.com\/news\/pages\/organisator-ch-695","https:\/\/www.youtube.com\/channel\/UCGP2Sq0iWaZwT3BdIAQFYpw"]},{"@type":"Person","@id":"https:\/\/www.organisator.ch\/#\/schema\/person\/aa2bace6c5c5aad60102004a50c4eb1c","name":"admin","image":{"@type":"ImageObject","inLanguage":"fr-FR","@id":"https:\/\/secure.gravatar.com\/avatar\/ae2f4d718e6c49043e314ce431e7e645d646302a24a5ef5a8bc8e3f5a032e319?s=96&d=mm&r=g","url":"https:\/\/secure.gravatar.com\/avatar\/ae2f4d718e6c49043e314ce431e7e645d646302a24a5ef5a8bc8e3f5a032e319?s=96&d=mm&r=g","contentUrl":"https:\/\/secure.gravatar.com\/avatar\/ae2f4d718e6c49043e314ce431e7e645d646302a24a5ef5a8bc8e3f5a032e319?s=96&d=mm&r=g","caption":"admin"},"sameAs":["https:\/\/www.organisator.ch"],"url":"https:\/\/www.organisator.ch\/fr\/author\/admin\/"}]}},"_links":{"self":[{"href":"https:\/\/www.organisator.ch\/fr\/wp-json\/wp\/v2\/posts\/36149","targetHints":{"allow":["GET"]}}],"collection":[{"href":"https:\/\/www.organisator.ch\/fr\/wp-json\/wp\/v2\/posts"}],"about":[{"href":"https:\/\/www.organisator.ch\/fr\/wp-json\/wp\/v2\/types\/post"}],"author":[{"embeddable":true,"href":"https:\/\/www.organisator.ch\/fr\/wp-json\/wp\/v2\/users\/1"}],"replies":[{"embeddable":true,"href":"https:\/\/www.organisator.ch\/fr\/wp-json\/wp\/v2\/comments?post=36149"}],"version-history":[{"count":2,"href":"https:\/\/www.organisator.ch\/fr\/wp-json\/wp\/v2\/posts\/36149\/revisions"}],"predecessor-version":[{"id":36267,"href":"https:\/\/www.organisator.ch\/fr\/wp-json\/wp\/v2\/posts\/36149\/revisions\/36267"}],"wp:featuredmedia":[{"embeddable":true,"href":"https:\/\/www.organisator.ch\/fr\/wp-json\/wp\/v2\/media\/36265"}],"wp:attachment":[{"href":"https:\/\/www.organisator.ch\/fr\/wp-json\/wp\/v2\/media?parent=36149"}],"wp:term":[{"taxonomy":"category","embeddable":true,"href":"https:\/\/www.organisator.ch\/fr\/wp-json\/wp\/v2\/categories?post=36149"},{"taxonomy":"post_tag","embeddable":true,"href":"https:\/\/www.organisator.ch\/fr\/wp-json\/wp\/v2\/tags?post=36149"}],"curies":[{"name":"wp","href":"https:\/\/api.w.org\/{rel}","templated":true}]}}