{"id":36164,"date":"2025-02-27T03:55:28","date_gmt":"2025-02-27T02:55:28","guid":{"rendered":"https:\/\/www.organisator.ch\/de\/?p=36164"},"modified":"2025-02-24T13:51:17","modified_gmt":"2025-02-24T12:51:17","slug":"die-vier-grundpfeiler-des-esg-datenmanagements","status":"publish","type":"post","link":"https:\/\/www.organisator.ch\/fr\/abo\/2025-02-27\/die-vier-grundpfeiler-des-esg-datenmanagements\/","title":{"rendered":"Les quatre piliers de la gestion des donn\u00e9es ESG"},"content":{"rendered":"<div class=\"swpm-post-not-logged-in-msg\">Vous devez \u00eatre connect\u00e9 pour voir ce contenu. Veuillez <a class=\"swpm-login-link\" href=\"https:\/\/www.organisator.ch\/login\/\">Se connecter<\/a>. Pas un membre ? <a href=\"https:\/\/www.organisator.ch\/shop\/\">Nous Rejoindre<\/a><\/div>","protected":false},"excerpt":{"rendered":"<p>Le pilotage des objectifs ESG via une gestion globale des donn\u00e9es n\u00e9cessite quatre \u00e9l\u00e9ments cl\u00e9s. Ce n'est qu'alors que la plateforme de donn\u00e9es ESG peut soutenir l'analyse et le reporting, tandis que l'IA et les solutions bas\u00e9es sur le cloud optimisent le traitement des donn\u00e9es.<\/p>","protected":false},"author":1,"featured_media":36161,"comment_status":"closed","ping_status":"closed","sticky":false,"template":"","format":"standard","meta":{"_acf_changed":false,"_yoast_wpseo_focuskw":"ESG-Datenmanagement","_yoast_wpseo_metadesc":"Effektives ESG-Datenmanagement braucht klare Strategien, moderne Tools und KI-gest\u00fctzte Analysen f\u00fcr Transparenz und Nachhaltigkeit.","articlekey":"142155","footnotes":""},"categories":[578,580],"tags":[705,145,1125,298,3924,2697],"class_list":["post-36164","post","type-post","status-publish","format-standard","has-post-thumbnail","hentry","category-abo","category-sustainability","tag-analyse","tag-datenmanagement","tag-esg","tag-ki","tag-nachhaltigkeitsberichterstattung","tag-reporting"],"acf":[],"yoast_head":"<!-- This site is optimized with the Yoast SEO plugin v27.4 - https:\/\/yoast.com\/product\/yoast-seo-wordpress\/ -->\n<title>Die vier Grundpfeiler des ESG-Datenmanagements - Organisator<\/title>\n<meta name=\"description\" content=\"Effektives ESG-Datenmanagement braucht klare Strategien, moderne Tools und KI-gest\u00fctzte Analysen f\u00fcr Transparenz und Nachhaltigkeit.\" \/>\n<meta name=\"robots\" content=\"index, follow, max-snippet:-1, max-image-preview:large, max-video-preview:-1\" \/>\n<link rel=\"canonical\" href=\"https:\/\/www.organisator.ch\/fr\/abonnement\/2025-02-27\/die-vier-grundpfeiler-des-esg-datenmanagements\/\" \/>\n<meta property=\"og:locale\" content=\"fr_FR\" \/>\n<meta property=\"og:type\" content=\"article\" \/>\n<meta property=\"og:title\" content=\"Die vier Grundpfeiler des ESG-Datenmanagements\" \/>\n<meta property=\"og:description\" content=\"Effektives ESG-Datenmanagement braucht klare Strategien, moderne Tools und KI-gest\u00fctzte Analysen f\u00fcr Transparenz und Nachhaltigkeit.\" \/>\n<meta property=\"og:url\" content=\"https:\/\/www.organisator.ch\/fr\/abonnement\/2025-02-27\/die-vier-grundpfeiler-des-esg-datenmanagements\/\" \/>\n<meta property=\"og:site_name\" content=\"Organisator\" \/>\n<meta property=\"article:publisher\" content=\"https:\/\/www.facebook.com\/OrganisatorFachmagazin\" \/>\n<meta property=\"article:published_time\" content=\"2025-02-27T02:55:28+00:00\" \/>\n<meta property=\"og:image\" content=\"https:\/\/www.organisator.ch\/wp-content\/uploads\/2025\/02\/Sustainability_Chroust_Bild1_organisator_142177-scaled.jpg\" \/>\n\t<meta property=\"og:image:width\" content=\"1400\" \/>\n\t<meta property=\"og:image:height\" content=\"972\" \/>\n\t<meta property=\"og:image:type\" content=\"image\/jpeg\" \/>\n<meta name=\"author\" content=\"admin\" \/>\n<meta name=\"twitter:card\" content=\"summary_large_image\" \/>\n<meta name=\"twitter:title\" content=\"Die vier Grundpfeiler des ESG-Datenmanagements\" \/>\n<meta name=\"twitter:description\" content=\"Effektives #ESG-#Datenmanagement braucht klare #Strategien, moderne Tools und #KI-gest\u00fctzte #Analysen f\u00fcr #Transparenz und #Nachhaltigkeit.\" \/>\n<meta name=\"twitter:image\" content=\"https:\/\/www.organisator.ch\/wp-content\/uploads\/2025\/02\/Sustainability_Chroust_Bild1_organisator_142177-scaled.jpg\" \/>\n<script type=\"application\/ld+json\" class=\"yoast-schema-graph\">{\"@context\":\"https:\\\/\\\/schema.org\",\"@graph\":[{\"@type\":\"Article\",\"@id\":\"https:\\\/\\\/www.organisator.ch\\\/abo\\\/2025-02-27\\\/die-vier-grundpfeiler-des-esg-datenmanagements\\\/#article\",\"isPartOf\":{\"@id\":\"https:\\\/\\\/www.organisator.ch\\\/abo\\\/2025-02-27\\\/die-vier-grundpfeiler-des-esg-datenmanagements\\\/\"},\"author\":{\"name\":\"admin\",\"@id\":\"https:\\\/\\\/www.organisator.ch\\\/#\\\/schema\\\/person\\\/aa2bace6c5c5aad60102004a50c4eb1c\"},\"headline\":\"Die vier Grundpfeiler des ESG-Datenmanagements\",\"datePublished\":\"2025-02-27T02:55:28+00:00\",\"mainEntityOfPage\":{\"@id\":\"https:\\\/\\\/www.organisator.ch\\\/abo\\\/2025-02-27\\\/die-vier-grundpfeiler-des-esg-datenmanagements\\\/\"},\"wordCount\":1061,\"publisher\":{\"@id\":\"https:\\\/\\\/www.organisator.ch\\\/#organization\"},\"image\":{\"@id\":\"https:\\\/\\\/www.organisator.ch\\\/abo\\\/2025-02-27\\\/die-vier-grundpfeiler-des-esg-datenmanagements\\\/#primaryimage\"},\"thumbnailUrl\":\"https:\\\/\\\/www.organisator.ch\\\/wp-content\\\/uploads\\\/2025\\\/02\\\/Sustainability_Chroust_Bild1_organisator_142177-scaled.jpg\",\"keywords\":[\"Analyse\",\"Datenmanagement\",\"ESG\",\"KI\",\"Nachhaltigkeitsberichterstattung\",\"Reporting\"],\"articleSection\":[\"ABO+\",\"SUSTAINABILITY\"],\"inLanguage\":\"fr-FR\"},{\"@type\":\"WebPage\",\"@id\":\"https:\\\/\\\/www.organisator.ch\\\/abo\\\/2025-02-27\\\/die-vier-grundpfeiler-des-esg-datenmanagements\\\/\",\"url\":\"https:\\\/\\\/www.organisator.ch\\\/abo\\\/2025-02-27\\\/die-vier-grundpfeiler-des-esg-datenmanagements\\\/\",\"name\":\"Die vier Grundpfeiler des ESG-Datenmanagements - Organisator\",\"isPartOf\":{\"@id\":\"https:\\\/\\\/www.organisator.ch\\\/#website\"},\"primaryImageOfPage\":{\"@id\":\"https:\\\/\\\/www.organisator.ch\\\/abo\\\/2025-02-27\\\/die-vier-grundpfeiler-des-esg-datenmanagements\\\/#primaryimage\"},\"image\":{\"@id\":\"https:\\\/\\\/www.organisator.ch\\\/abo\\\/2025-02-27\\\/die-vier-grundpfeiler-des-esg-datenmanagements\\\/#primaryimage\"},\"thumbnailUrl\":\"https:\\\/\\\/www.organisator.ch\\\/wp-content\\\/uploads\\\/2025\\\/02\\\/Sustainability_Chroust_Bild1_organisator_142177-scaled.jpg\",\"datePublished\":\"2025-02-27T02:55:28+00:00\",\"description\":\"Effektives ESG-Datenmanagement braucht klare Strategien, moderne Tools und KI-gest\u00fctzte Analysen f\u00fcr Transparenz und Nachhaltigkeit.\",\"breadcrumb\":{\"@id\":\"https:\\\/\\\/www.organisator.ch\\\/abo\\\/2025-02-27\\\/die-vier-grundpfeiler-des-esg-datenmanagements\\\/#breadcrumb\"},\"inLanguage\":\"fr-FR\",\"potentialAction\":[{\"@type\":\"ReadAction\",\"target\":[\"https:\\\/\\\/www.organisator.ch\\\/abo\\\/2025-02-27\\\/die-vier-grundpfeiler-des-esg-datenmanagements\\\/\"]}]},{\"@type\":\"ImageObject\",\"inLanguage\":\"fr-FR\",\"@id\":\"https:\\\/\\\/www.organisator.ch\\\/abo\\\/2025-02-27\\\/die-vier-grundpfeiler-des-esg-datenmanagements\\\/#primaryimage\",\"url\":\"https:\\\/\\\/www.organisator.ch\\\/wp-content\\\/uploads\\\/2025\\\/02\\\/Sustainability_Chroust_Bild1_organisator_142177-scaled.jpg\",\"contentUrl\":\"https:\\\/\\\/www.organisator.ch\\\/wp-content\\\/uploads\\\/2025\\\/02\\\/Sustainability_Chroust_Bild1_organisator_142177-scaled.jpg\",\"width\":1400,\"height\":972,\"caption\":\"Die richtigen Werkzeuge f\u00fcr das Datenmanagement und die Nachhaltigkeitsberichterstattung zu finden ist nicht einfach. \u00a9 Depositphotos.com\"},{\"@type\":\"BreadcrumbList\",\"@id\":\"https:\\\/\\\/www.organisator.ch\\\/abo\\\/2025-02-27\\\/die-vier-grundpfeiler-des-esg-datenmanagements\\\/#breadcrumb\",\"itemListElement\":[{\"@type\":\"ListItem\",\"position\":1,\"name\":\"Home\",\"item\":\"https:\\\/\\\/www.organisator.ch\\\/\"},{\"@type\":\"ListItem\",\"position\":2,\"name\":\"Die vier Grundpfeiler des ESG-Datenmanagements\"}]},{\"@type\":\"WebSite\",\"@id\":\"https:\\\/\\\/www.organisator.ch\\\/#website\",\"url\":\"https:\\\/\\\/www.organisator.ch\\\/\",\"name\":\"Organisator\",\"description\":\"Kompetent. Praxisnah. Der ORGANISATOR bereitet in 10 Ausgaben pro Jahr die wesentlichen Themen f\u00fcr F\u00fchrungskr\u00e4fte von KMU auf.\",\"publisher\":{\"@id\":\"https:\\\/\\\/www.organisator.ch\\\/#organization\"},\"potentialAction\":[{\"@type\":\"SearchAction\",\"target\":{\"@type\":\"EntryPoint\",\"urlTemplate\":\"https:\\\/\\\/www.organisator.ch\\\/?s={search_term_string}\"},\"query-input\":{\"@type\":\"PropertyValueSpecification\",\"valueRequired\":true,\"valueName\":\"search_term_string\"}}],\"inLanguage\":\"fr-FR\"},{\"@type\":\"Organization\",\"@id\":\"https:\\\/\\\/www.organisator.ch\\\/#organization\",\"name\":\"Organisator\",\"url\":\"https:\\\/\\\/www.organisator.ch\\\/\",\"logo\":{\"@type\":\"ImageObject\",\"inLanguage\":\"fr-FR\",\"@id\":\"https:\\\/\\\/www.organisator.ch\\\/#\\\/schema\\\/logo\\\/image\\\/\",\"url\":\"https:\\\/\\\/www.organisator.ch\\\/wp-content\\\/uploads\\\/2022\\\/01\\\/Logo_Organisator_Website.png\",\"contentUrl\":\"https:\\\/\\\/www.organisator.ch\\\/wp-content\\\/uploads\\\/2022\\\/01\\\/Logo_Organisator_Website.png\",\"width\":800,\"height\":77,\"caption\":\"Organisator\"},\"image\":{\"@id\":\"https:\\\/\\\/www.organisator.ch\\\/#\\\/schema\\\/logo\\\/image\\\/\"},\"sameAs\":[\"https:\\\/\\\/www.facebook.com\\\/OrganisatorFachmagazin\",\"https:\\\/\\\/www.linkedin.com\\\/showcase\\\/organisator-das-magazin-fr-kmu\",\"https:\\\/\\\/www.xing.com\\\/news\\\/pages\\\/organisator-ch-695\",\"https:\\\/\\\/www.youtube.com\\\/channel\\\/UCGP2Sq0iWaZwT3BdIAQFYpw\"]},{\"@type\":\"Person\",\"@id\":\"https:\\\/\\\/www.organisator.ch\\\/#\\\/schema\\\/person\\\/aa2bace6c5c5aad60102004a50c4eb1c\",\"name\":\"admin\",\"image\":{\"@type\":\"ImageObject\",\"inLanguage\":\"fr-FR\",\"@id\":\"https:\\\/\\\/secure.gravatar.com\\\/avatar\\\/ae2f4d718e6c49043e314ce431e7e645d646302a24a5ef5a8bc8e3f5a032e319?s=96&d=mm&r=g\",\"url\":\"https:\\\/\\\/secure.gravatar.com\\\/avatar\\\/ae2f4d718e6c49043e314ce431e7e645d646302a24a5ef5a8bc8e3f5a032e319?s=96&d=mm&r=g\",\"contentUrl\":\"https:\\\/\\\/secure.gravatar.com\\\/avatar\\\/ae2f4d718e6c49043e314ce431e7e645d646302a24a5ef5a8bc8e3f5a032e319?s=96&d=mm&r=g\",\"caption\":\"admin\"},\"sameAs\":[\"https:\\\/\\\/www.organisator.ch\"],\"url\":\"https:\\\/\\\/www.organisator.ch\\\/fr\\\/author\\\/admin\\\/\"}]}<\/script>\n<!-- \/ Yoast SEO plugin. -->","yoast_head_json":{"title":"Les quatre piliers de la gestion des donn\u00e9es ESG - Organisateur","description":"Une gestion efficace des donn\u00e9es ESG n\u00e9cessite des strat\u00e9gies claires, des outils modernes et des analyses bas\u00e9es sur l'IA pour la transparence et la durabilit\u00e9.","robots":{"index":"index","follow":"follow","max-snippet":"max-snippet:-1","max-image-preview":"max-image-preview:large","max-video-preview":"max-video-preview:-1"},"canonical":"https:\/\/www.organisator.ch\/fr\/abonnement\/2025-02-27\/die-vier-grundpfeiler-des-esg-datenmanagements\/","og_locale":"fr_FR","og_type":"article","og_title":"Die vier Grundpfeiler des ESG-Datenmanagements","og_description":"Effektives ESG-Datenmanagement braucht klare Strategien, moderne Tools und KI-gest\u00fctzte Analysen f\u00fcr Transparenz und Nachhaltigkeit.","og_url":"https:\/\/www.organisator.ch\/fr\/abonnement\/2025-02-27\/die-vier-grundpfeiler-des-esg-datenmanagements\/","og_site_name":"Organisator","article_publisher":"https:\/\/www.facebook.com\/OrganisatorFachmagazin","article_published_time":"2025-02-27T02:55:28+00:00","og_image":[{"width":1400,"height":972,"url":"https:\/\/www.organisator.ch\/wp-content\/uploads\/2025\/02\/Sustainability_Chroust_Bild1_organisator_142177-scaled.jpg","type":"image\/jpeg"}],"author":"admin","twitter_card":"summary_large_image","twitter_title":"Die vier Grundpfeiler des ESG-Datenmanagements","twitter_description":"Effektives #ESG-#Datenmanagement braucht klare #Strategien, moderne Tools und #KI-gest\u00fctzte #Analysen f\u00fcr #Transparenz und #Nachhaltigkeit.","twitter_image":"https:\/\/www.organisator.ch\/wp-content\/uploads\/2025\/02\/Sustainability_Chroust_Bild1_organisator_142177-scaled.jpg","schema":{"@context":"https:\/\/schema.org","@graph":[{"@type":"Article","@id":"https:\/\/www.organisator.ch\/abo\/2025-02-27\/die-vier-grundpfeiler-des-esg-datenmanagements\/#article","isPartOf":{"@id":"https:\/\/www.organisator.ch\/abo\/2025-02-27\/die-vier-grundpfeiler-des-esg-datenmanagements\/"},"author":{"name":"admin","@id":"https:\/\/www.organisator.ch\/#\/schema\/person\/aa2bace6c5c5aad60102004a50c4eb1c"},"headline":"Die vier Grundpfeiler des ESG-Datenmanagements","datePublished":"2025-02-27T02:55:28+00:00","mainEntityOfPage":{"@id":"https:\/\/www.organisator.ch\/abo\/2025-02-27\/die-vier-grundpfeiler-des-esg-datenmanagements\/"},"wordCount":1061,"publisher":{"@id":"https:\/\/www.organisator.ch\/#organization"},"image":{"@id":"https:\/\/www.organisator.ch\/abo\/2025-02-27\/die-vier-grundpfeiler-des-esg-datenmanagements\/#primaryimage"},"thumbnailUrl":"https:\/\/www.organisator.ch\/wp-content\/uploads\/2025\/02\/Sustainability_Chroust_Bild1_organisator_142177-scaled.jpg","keywords":["Analyse","Datenmanagement","ESG","KI","Nachhaltigkeitsberichterstattung","Reporting"],"articleSection":["ABO+","SUSTAINABILITY"],"inLanguage":"fr-FR"},{"@type":"WebPage","@id":"https:\/\/www.organisator.ch\/abo\/2025-02-27\/die-vier-grundpfeiler-des-esg-datenmanagements\/","url":"https:\/\/www.organisator.ch\/abo\/2025-02-27\/die-vier-grundpfeiler-des-esg-datenmanagements\/","name":"Les quatre piliers de la gestion des donn\u00e9es ESG - Organisateur","isPartOf":{"@id":"https:\/\/www.organisator.ch\/#website"},"primaryImageOfPage":{"@id":"https:\/\/www.organisator.ch\/abo\/2025-02-27\/die-vier-grundpfeiler-des-esg-datenmanagements\/#primaryimage"},"image":{"@id":"https:\/\/www.organisator.ch\/abo\/2025-02-27\/die-vier-grundpfeiler-des-esg-datenmanagements\/#primaryimage"},"thumbnailUrl":"https:\/\/www.organisator.ch\/wp-content\/uploads\/2025\/02\/Sustainability_Chroust_Bild1_organisator_142177-scaled.jpg","datePublished":"2025-02-27T02:55:28+00:00","description":"Une gestion efficace des donn\u00e9es ESG n\u00e9cessite des strat\u00e9gies claires, des outils modernes et des analyses bas\u00e9es sur l'IA pour la transparence et la durabilit\u00e9.","breadcrumb":{"@id":"https:\/\/www.organisator.ch\/abo\/2025-02-27\/die-vier-grundpfeiler-des-esg-datenmanagements\/#breadcrumb"},"inLanguage":"fr-FR","potentialAction":[{"@type":"ReadAction","target":["https:\/\/www.organisator.ch\/abo\/2025-02-27\/die-vier-grundpfeiler-des-esg-datenmanagements\/"]}]},{"@type":"ImageObject","inLanguage":"fr-FR","@id":"https:\/\/www.organisator.ch\/abo\/2025-02-27\/die-vier-grundpfeiler-des-esg-datenmanagements\/#primaryimage","url":"https:\/\/www.organisator.ch\/wp-content\/uploads\/2025\/02\/Sustainability_Chroust_Bild1_organisator_142177-scaled.jpg","contentUrl":"https:\/\/www.organisator.ch\/wp-content\/uploads\/2025\/02\/Sustainability_Chroust_Bild1_organisator_142177-scaled.jpg","width":1400,"height":972,"caption":"Die richtigen Werkzeuge f\u00fcr das Datenmanagement und die Nachhaltigkeitsberichterstattung zu finden ist nicht einfach. \u00a9 Depositphotos.com"},{"@type":"BreadcrumbList","@id":"https:\/\/www.organisator.ch\/abo\/2025-02-27\/die-vier-grundpfeiler-des-esg-datenmanagements\/#breadcrumb","itemListElement":[{"@type":"ListItem","position":1,"name":"Home","item":"https:\/\/www.organisator.ch\/"},{"@type":"ListItem","position":2,"name":"Die vier Grundpfeiler des ESG-Datenmanagements"}]},{"@type":"WebSite","@id":"https:\/\/www.organisator.ch\/#website","url":"https:\/\/www.organisator.ch\/","name":"Organisateur","description":"Comp\u00e9tence et comp\u00e9tence. Proches de la pratique. L'ORGANISATEUR pr\u00e9pare 10 num\u00e9ros par an sur les th\u00e8mes essentiels pour les dirigeants de PME.","publisher":{"@id":"https:\/\/www.organisator.ch\/#organization"},"potentialAction":[{"@type":"SearchAction","target":{"@type":"EntryPoint","urlTemplate":"https:\/\/www.organisator.ch\/?s={search_term_string}"},"query-input":{"@type":"PropertyValueSpecification","valueRequired":true,"valueName":"search_term_string"}}],"inLanguage":"fr-FR"},{"@type":"Organization","@id":"https:\/\/www.organisator.ch\/#organization","name":"Organisateur","url":"https:\/\/www.organisator.ch\/","logo":{"@type":"ImageObject","inLanguage":"fr-FR","@id":"https:\/\/www.organisator.ch\/#\/schema\/logo\/image\/","url":"https:\/\/www.organisator.ch\/wp-content\/uploads\/2022\/01\/Logo_Organisator_Website.png","contentUrl":"https:\/\/www.organisator.ch\/wp-content\/uploads\/2022\/01\/Logo_Organisator_Website.png","width":800,"height":77,"caption":"Organisator"},"image":{"@id":"https:\/\/www.organisator.ch\/#\/schema\/logo\/image\/"},"sameAs":["https:\/\/www.facebook.com\/OrganisatorFachmagazin","https:\/\/www.linkedin.com\/showcase\/organisator-das-magazin-fr-kmu","https:\/\/www.xing.com\/news\/pages\/organisator-ch-695","https:\/\/www.youtube.com\/channel\/UCGP2Sq0iWaZwT3BdIAQFYpw"]},{"@type":"Person","@id":"https:\/\/www.organisator.ch\/#\/schema\/person\/aa2bace6c5c5aad60102004a50c4eb1c","name":"admin","image":{"@type":"ImageObject","inLanguage":"fr-FR","@id":"https:\/\/secure.gravatar.com\/avatar\/ae2f4d718e6c49043e314ce431e7e645d646302a24a5ef5a8bc8e3f5a032e319?s=96&d=mm&r=g","url":"https:\/\/secure.gravatar.com\/avatar\/ae2f4d718e6c49043e314ce431e7e645d646302a24a5ef5a8bc8e3f5a032e319?s=96&d=mm&r=g","contentUrl":"https:\/\/secure.gravatar.com\/avatar\/ae2f4d718e6c49043e314ce431e7e645d646302a24a5ef5a8bc8e3f5a032e319?s=96&d=mm&r=g","caption":"admin"},"sameAs":["https:\/\/www.organisator.ch"],"url":"https:\/\/www.organisator.ch\/fr\/author\/admin\/"}]}},"_links":{"self":[{"href":"https:\/\/www.organisator.ch\/fr\/wp-json\/wp\/v2\/posts\/36164","targetHints":{"allow":["GET"]}}],"collection":[{"href":"https:\/\/www.organisator.ch\/fr\/wp-json\/wp\/v2\/posts"}],"about":[{"href":"https:\/\/www.organisator.ch\/fr\/wp-json\/wp\/v2\/types\/post"}],"author":[{"embeddable":true,"href":"https:\/\/www.organisator.ch\/fr\/wp-json\/wp\/v2\/users\/1"}],"replies":[{"embeddable":true,"href":"https:\/\/www.organisator.ch\/fr\/wp-json\/wp\/v2\/comments?post=36164"}],"version-history":[{"count":3,"href":"https:\/\/www.organisator.ch\/fr\/wp-json\/wp\/v2\/posts\/36164\/revisions"}],"predecessor-version":[{"id":36324,"href":"https:\/\/www.organisator.ch\/fr\/wp-json\/wp\/v2\/posts\/36164\/revisions\/36324"}],"wp:featuredmedia":[{"embeddable":true,"href":"https:\/\/www.organisator.ch\/fr\/wp-json\/wp\/v2\/media\/36161"}],"wp:attachment":[{"href":"https:\/\/www.organisator.ch\/fr\/wp-json\/wp\/v2\/media?parent=36164"}],"wp:term":[{"taxonomy":"category","embeddable":true,"href":"https:\/\/www.organisator.ch\/fr\/wp-json\/wp\/v2\/categories?post=36164"},{"taxonomy":"post_tag","embeddable":true,"href":"https:\/\/www.organisator.ch\/fr\/wp-json\/wp\/v2\/tags?post=36164"}],"curies":[{"name":"wp","href":"https:\/\/api.w.org\/{rel}","templated":true}]}}