{"id":3617,"date":"2018-05-18T08:37:31","date_gmt":"2018-05-18T06:37:31","guid":{"rendered":"https:\/\/www.organisator.ch\/?p=3617"},"modified":"2018-05-18T08:37:31","modified_gmt":"2018-05-18T06:37:31","slug":"der-nachfolgebus-macht-am-31-mai-in-zuerich-station","status":"publish","type":"post","link":"https:\/\/www.organisator.ch\/fr\/management\/2018-05-18\/der-nachfolgebus-macht-am-31-mai-in-zuerich-station\/","title":{"rendered":"Le bus qui lui succ\u00e8de fait halte \u00e0 Zurich le 31 mai"},"content":{"rendered":"<p>&nbsp;<\/p>\n<figure id=\"attachment_3619\" aria-describedby=\"caption-attachment-3619\" style=\"width: 640px\" class=\"wp-caption alignnone\"><img loading=\"lazy\" decoding=\"async\" class=\"size-full wp-image-3619\" src=\"https:\/\/www.organisator.ch\/wp-content\/uploads\/2018\/05\/Der-Nachfolgebus-macht-am-31-Mai-in-Zuerich-Station_Organisator.jpg\" alt=\"\" width=\"640\" height=\"432\" srcset=\"https:\/\/www.organisator.ch\/wp-content\/uploads\/2018\/05\/Der-Nachfolgebus-macht-am-31-Mai-in-Zuerich-Station_Organisator.jpg 640w, https:\/\/www.organisator.ch\/wp-content\/uploads\/2018\/05\/Der-Nachfolgebus-macht-am-31-Mai-in-Zuerich-Station_Organisator-16x12.jpg 16w, https:\/\/www.organisator.ch\/wp-content\/uploads\/2018\/05\/Der-Nachfolgebus-macht-am-31-Mai-in-Zuerich-Station_Organisator-259x175.jpg 259w, https:\/\/www.organisator.ch\/wp-content\/uploads\/2018\/05\/Der-Nachfolgebus-macht-am-31-Mai-in-Zuerich-Station_Organisator-519x350.jpg 519w, https:\/\/www.organisator.ch\/wp-content\/uploads\/2018\/05\/Der-Nachfolgebus-macht-am-31-Mai-in-Zuerich-Station_Organisator-300x203.jpg 300w\" sizes=\"auto, (max-width: 640px) 100vw, 640px\" \/><figcaption id=\"caption-attachment-3619\" class=\"wp-caption-text\">Penser \u00e0 temps \u00e0 la succession d'entreprise : le bus de la succession propose des connaissances d'experts \u00e0 ce sujet. (Image : Fotolia.com)<\/figcaption><\/figure>\n<p><a href=\"https:\/\/www.organisator.ch\/experten-bringen-unternehmensnachfolge-auf-touren\/\">Des experts donnent un coup de pouce \u00e0 la succession d'entreprise<\/a>La deuxi\u00e8me \u00e9tape de cette tourn\u00e9e unique en son genre aura lieu le jeudi 31 mai 2018 \u00e0 Zurich. De 10 \u00e0 20 heures, le bus de la succession fera halte au Kunsthaus, Heimplatz 1. Pendant une journ\u00e9e, les entrepreneurs et les acheteurs potentiels auront l'occasion de s'informer en d\u00e9tail sur la succession d'entreprise. L'initiatrice du \"bus de la succession\" est Carla Kaufmann, propri\u00e9taire de Companymarket AG et experte en succession.<\/p>\n<p>Comment se d\u00e9roule une succession ? Que dois-je pr\u00e9parer ? Quelle est la valeur de mon entreprise ? Comment trouver un successeur pour mon entreprise ? Suis-je un bon successeur ? Les 12 experts du bus de la succession de Zurich r\u00e9pondent \u00e0 ces questions et \u00e0 d'autres questions \"br\u00fblantes\" pour les propri\u00e9taires de PME. Et ce, aussi bien dans le cadre d'entretiens individuels que sur un stand d'information et lors de l'ap\u00e9ritif final.<\/p>\n<p>De brefs expos\u00e9s et des tables rondes avec des repr\u00e9sentants d'entreprises r\u00e9gionales et de la politique fourniront des impulsions compl\u00e9mentaires actuelles.<\/p>\n<h2><strong>Programme du bus de remplacement de Zurich\u00a0<\/strong><\/h2>\n<p><strong>Emplacement :<\/strong>\u00a0<a href=\"https:\/\/www.google.com\/maps\/place\/Kunsthaus\/@47.3702367,8.5459709,17z\/data=!3m1!4b1!4m5!3m4!1s0x479aa0ac119a5dc3:0xd9cdb23ca2e00ba3!8m2!3d47.3702367!4d8.5481596\">Kunsthaus Z\u00fcrich, Heimplatz 1<\/a><\/p>\n<p>10h00 - 16h00 : entretiens individuels gratuits avec des experts en succession pour les entrepreneurs (vendeurs et acheteurs)<\/p>\n<p>14h00 : Mot de bienvenue de la conseill\u00e8re d'\u00c9tat Carmen Walker Sp\u00e4h<\/p>\n<p>14h15 : Table ronde : La succession d'entreprise au sein de la famille. 5 questions de l'expert en succession Richard Jauch (PME Diamant AG) \u00e0 : Natalie Spross D\u00f6beli (CEO Spross Holding AG) et Franziska M\u00fcller Tiberini (Propri\u00e9taire\u00a0<a href=\"http:\/\/familienunternehmen.ch\/\">Entreprise familiale.ch<\/a>\u00a0AG)<\/p>\n<p>\u00e0 partir de 15h00 : Salon de la table : Des experts r\u00e9pondront \u00e0 vos questions :<\/p>\n<ul>\n<li>Financement : comment \u00e9valuer mon entreprise ? Quel est le lien entre l'\u00e9valuation de l'entreprise et l'immobilier ? ...<\/li>\n<li>Les entreprises familiales : Comment \u00e9viter les conflits au sein de la famille lors de la succession ? - Que signifie une r\u00e9partition \"\u00e9quitable\" au sein de la famille ? ...<\/li>\n<li>Vente d'entreprise:Toutes les entreprises sont-elles vendables ? - Comment se d\u00e9roule un processus de vente ? - A-t-on besoin d'aide ? - Qui peut m'accompagner ? ...<\/li>\n<li>Achat d'entreprise : comment \"muter\" de manager en successeur ? - Comment chercher professionnellement des entreprises \u00e0 acheter ? ...<\/li>\n<\/ul>\n<p>17h00 : Expos\u00e9s : Succession d'entreprise - la d\u00e9sindustrialisation de la Suisse en raison de successions non r\u00e9solues<strong><br \/>\n<\/strong><\/p>\n<ul>\n<li>Reto R\u00fcttimann - Responsable PME Succession d'entreprise, Banque cantonale de Zurich<\/li>\n<li>Hans-Ulrich Bigler - Pr\u00e9sident de l'Union suisse des arts et m\u00e9tiers et conseiller national<\/li>\n<\/ul>\n<p>17h30 :<strong>\u00a0<\/strong>Table ronde : La succession d'entreprise dans la pratique - v\u0153ux pieux et r\u00e9alit\u00e9 avec Reto R\u00fcttimann, Hans-Ulrich Bigler, Yves S\u00fcess (partenaire Businesstransaction AG), Hans-Peter Ruepp (propri\u00e9taire Ruepp &amp; Partner AG), Dr. Jean-Luc Cornaz (propri\u00e9taire Citecs AG)<\/p>\n<p>\u00e0 partir de 18h30 : Ap\u00e9ro<\/p>\n<p><em>Plus d'informations et dates de la tourn\u00e9e : <a href=\"http:\/\/www.nachfolgebus.ch\">www.nachfolgebus.ch<\/a><\/em><\/p>","protected":false},"excerpt":{"rendered":"<p>&nbsp; Experten bringen die Unternehmensnachfolge auf Touren: Die zweite Station dieser in ihrer Art bisher einzigartigen Tour ist am Donnerstag, 31. Mai 2018, in Z\u00fcrich. Dann macht der Nachfolgebus von 10 bis 20 Uhr Halt beim Kunsthaus, Heimplatz 1. Einen Tag lang haben\u00a0Unternehmerinnen und Unternehmern sowie potenzielle K\u00e4ufer Gelegenheit, sich umfassend rund um die Unternehmensnachfolge [&hellip;]<\/p>\n","protected":false},"author":4,"featured_media":3619,"comment_status":"open","ping_status":"open","sticky":false,"template":"","format":"standard","meta":{"_acf_changed":false,"_yoast_wpseo_focuskw":"Nachfolgebus","_yoast_wpseo_metadesc":"Mit dem \u00abNachfolgebus\u00bb touren 12 erfahrene Expertinnen und Experten f\u00fcr Nachfolgeregelung vom 24. Mai bis 28. Juni 2018 quer durch die Deutschschweiz. Sie bieten KMU-Unternehmern kostenlose Gespr\u00e4che zur Unternehmensnachfolge an.","articlekey":"","footnotes":""},"categories":[28],"tags":[207,335,357,502],"class_list":["post-3617","post","type-post","status-publish","format-standard","has-post-thumbnail","hentry","category-management","tag-firmennachfolge","tag-management-und-unternehmensfuehrung","tag-nachfolgeregelung","tag-veranstaltungen"],"acf":[],"yoast_head":"<!-- This site is optimized with the Yoast SEO plugin v27.5 - https:\/\/yoast.com\/product\/yoast-seo-wordpress\/ -->\n<title>Der Nachfolgebus macht am 31. Mai in Z\u00fcrich Station - Organisator<\/title>\n<meta name=\"description\" content=\"Mit dem \u00abNachfolgebus\u00bb touren 12 erfahrene Expertinnen und Experten f\u00fcr Nachfolgeregelung vom 24. Mai bis 28. Juni 2018 quer durch die Deutschschweiz. Sie bieten KMU-Unternehmern kostenlose Gespr\u00e4che zur Unternehmensnachfolge an.\" \/>\n<meta name=\"robots\" content=\"index, follow, max-snippet:-1, max-image-preview:large, max-video-preview:-1\" \/>\n<link rel=\"canonical\" href=\"https:\/\/www.organisator.ch\/fr\/gestion-2\/2018-05-18\/der-nachfolgebus-macht-am-31-mai-in-zuerich-station\/\" \/>\n<meta property=\"og:locale\" content=\"fr_FR\" \/>\n<meta property=\"og:type\" content=\"article\" \/>\n<meta property=\"og:title\" content=\"Der Nachfolgebus macht am 31. Mai in Z\u00fcrich Station\" \/>\n<meta property=\"og:description\" content=\"Mit dem \u00ab#Nachfolgebus\u00bb touren 12 erfahrene Expertinnen und Experten f\u00fcr Nachfolgeregelung vom 24. Mai bis 28. Juni 2018 quer durch die Deutschschweiz. Sie bieten #KMU-Unternehmern kostenlose Gespr\u00e4che zur #Unternehmensnachfolge an.\" \/>\n<meta property=\"og:url\" content=\"https:\/\/www.organisator.ch\/fr\/gestion-2\/2018-05-18\/der-nachfolgebus-macht-am-31-mai-in-zuerich-station\/\" \/>\n<meta property=\"og:site_name\" content=\"Organisator\" \/>\n<meta property=\"article:publisher\" content=\"https:\/\/www.facebook.com\/OrganisatorFachmagazin\" \/>\n<meta property=\"article:published_time\" content=\"2018-05-18T06:37:31+00:00\" \/>\n<meta property=\"og:image\" content=\"https:\/\/www.organisator.ch\/wp-content\/uploads\/2018\/05\/Der-Nachfolgebus-macht-am-31-Mai-in-Zuerich-Station_Organisator.jpg\" \/>\n\t<meta property=\"og:image:width\" content=\"640\" \/>\n\t<meta property=\"og:image:height\" content=\"432\" \/>\n\t<meta property=\"og:image:type\" content=\"image\/jpeg\" \/>\n<meta name=\"author\" content=\"thomas.berner\" \/>\n<meta name=\"twitter:card\" content=\"summary_large_image\" \/>\n<meta name=\"twitter:title\" content=\"Der #Nachfolgebus macht am 31. Mai in Z\u00fcrich Station\" \/>\n<meta name=\"twitter:description\" content=\"Mit dem \u00ab#Nachfolgebus\u00bb touren 12 erfahrene Expertinnen und Experten f\u00fcr #Nachfolgeregelung vom 24. Mai bis 28. Juni 2018 quer durch die Deutschschweiz. Sie bieten #KMU-Unternehmern kostenlose Gespr\u00e4che zur #Unternehmensnachfolge an.\" \/>\n<meta name=\"twitter:image\" content=\"https:\/\/www.organisator.ch\/wp-content\/uploads\/2018\/05\/Der-Nachfolgebus-macht-am-31-Mai-in-Z\u00fcrich-Station_Organisator.jpg\" \/>\n<script type=\"application\/ld+json\" class=\"yoast-schema-graph\">{\"@context\":\"https:\\\/\\\/schema.org\",\"@graph\":[{\"@type\":\"Article\",\"@id\":\"https:\\\/\\\/www.organisator.ch\\\/management\\\/2018-05-18\\\/der-nachfolgebus-macht-am-31-mai-in-zuerich-station\\\/#article\",\"isPartOf\":{\"@id\":\"https:\\\/\\\/www.organisator.ch\\\/management\\\/2018-05-18\\\/der-nachfolgebus-macht-am-31-mai-in-zuerich-station\\\/\"},\"author\":{\"name\":\"thomas.berner\",\"@id\":\"https:\\\/\\\/www.organisator.ch\\\/#\\\/schema\\\/person\\\/6f650f90b2842cd4c0cc334b4e36f67e\"},\"headline\":\"Der Nachfolgebus macht am 31. Mai in Z\u00fcrich Station\",\"datePublished\":\"2018-05-18T06:37:31+00:00\",\"mainEntityOfPage\":{\"@id\":\"https:\\\/\\\/www.organisator.ch\\\/management\\\/2018-05-18\\\/der-nachfolgebus-macht-am-31-mai-in-zuerich-station\\\/\"},\"wordCount\":400,\"commentCount\":0,\"publisher\":{\"@id\":\"https:\\\/\\\/www.organisator.ch\\\/#organization\"},\"image\":{\"@id\":\"https:\\\/\\\/www.organisator.ch\\\/management\\\/2018-05-18\\\/der-nachfolgebus-macht-am-31-mai-in-zuerich-station\\\/#primaryimage\"},\"thumbnailUrl\":\"https:\\\/\\\/www.organisator.ch\\\/wp-content\\\/uploads\\\/2018\\\/05\\\/Der-Nachfolgebus-macht-am-31-Mai-in-Zuerich-Station_Organisator.jpg\",\"keywords\":[\"Firmennachfolge\",\"Management und Unternehmensf\u00fchrung\",\"Nachfolgeregelung\",\"Veranstaltungen\"],\"articleSection\":[\"MANAGEMENT\"],\"inLanguage\":\"fr-FR\"},{\"@type\":\"WebPage\",\"@id\":\"https:\\\/\\\/www.organisator.ch\\\/management\\\/2018-05-18\\\/der-nachfolgebus-macht-am-31-mai-in-zuerich-station\\\/\",\"url\":\"https:\\\/\\\/www.organisator.ch\\\/management\\\/2018-05-18\\\/der-nachfolgebus-macht-am-31-mai-in-zuerich-station\\\/\",\"name\":\"Der Nachfolgebus macht am 31. Mai in Z\u00fcrich Station - Organisator\",\"isPartOf\":{\"@id\":\"https:\\\/\\\/www.organisator.ch\\\/#website\"},\"primaryImageOfPage\":{\"@id\":\"https:\\\/\\\/www.organisator.ch\\\/management\\\/2018-05-18\\\/der-nachfolgebus-macht-am-31-mai-in-zuerich-station\\\/#primaryimage\"},\"image\":{\"@id\":\"https:\\\/\\\/www.organisator.ch\\\/management\\\/2018-05-18\\\/der-nachfolgebus-macht-am-31-mai-in-zuerich-station\\\/#primaryimage\"},\"thumbnailUrl\":\"https:\\\/\\\/www.organisator.ch\\\/wp-content\\\/uploads\\\/2018\\\/05\\\/Der-Nachfolgebus-macht-am-31-Mai-in-Zuerich-Station_Organisator.jpg\",\"datePublished\":\"2018-05-18T06:37:31+00:00\",\"description\":\"Mit dem \u00abNachfolgebus\u00bb touren 12 erfahrene Expertinnen und Experten f\u00fcr Nachfolgeregelung vom 24. Mai bis 28. Juni 2018 quer durch die Deutschschweiz. Sie bieten KMU-Unternehmern kostenlose Gespr\u00e4che zur Unternehmensnachfolge an.\",\"breadcrumb\":{\"@id\":\"https:\\\/\\\/www.organisator.ch\\\/management\\\/2018-05-18\\\/der-nachfolgebus-macht-am-31-mai-in-zuerich-station\\\/#breadcrumb\"},\"inLanguage\":\"fr-FR\",\"potentialAction\":[{\"@type\":\"ReadAction\",\"target\":[\"https:\\\/\\\/www.organisator.ch\\\/management\\\/2018-05-18\\\/der-nachfolgebus-macht-am-31-mai-in-zuerich-station\\\/\"]}]},{\"@type\":\"ImageObject\",\"inLanguage\":\"fr-FR\",\"@id\":\"https:\\\/\\\/www.organisator.ch\\\/management\\\/2018-05-18\\\/der-nachfolgebus-macht-am-31-mai-in-zuerich-station\\\/#primaryimage\",\"url\":\"https:\\\/\\\/www.organisator.ch\\\/wp-content\\\/uploads\\\/2018\\\/05\\\/Der-Nachfolgebus-macht-am-31-Mai-in-Zuerich-Station_Organisator.jpg\",\"contentUrl\":\"https:\\\/\\\/www.organisator.ch\\\/wp-content\\\/uploads\\\/2018\\\/05\\\/Der-Nachfolgebus-macht-am-31-Mai-in-Zuerich-Station_Organisator.jpg\",\"width\":640,\"height\":432,\"caption\":\"Rechtzeitig an die Firmennachfolge denken: Der Nachfolgebus bietet Expertenwissen dazu. (Bild: Fotolia.com)\"},{\"@type\":\"BreadcrumbList\",\"@id\":\"https:\\\/\\\/www.organisator.ch\\\/management\\\/2018-05-18\\\/der-nachfolgebus-macht-am-31-mai-in-zuerich-station\\\/#breadcrumb\",\"itemListElement\":[{\"@type\":\"ListItem\",\"position\":1,\"name\":\"Home\",\"item\":\"https:\\\/\\\/www.organisator.ch\\\/\"},{\"@type\":\"ListItem\",\"position\":2,\"name\":\"Der Nachfolgebus macht am 31. Mai in Z\u00fcrich Station\"}]},{\"@type\":\"WebSite\",\"@id\":\"https:\\\/\\\/www.organisator.ch\\\/#website\",\"url\":\"https:\\\/\\\/www.organisator.ch\\\/\",\"name\":\"Organisator\",\"description\":\"Kompetent. Praxisnah. Der ORGANISATOR bereitet in 10 Ausgaben pro Jahr die wesentlichen Themen f\u00fcr F\u00fchrungskr\u00e4fte von KMU auf.\",\"publisher\":{\"@id\":\"https:\\\/\\\/www.organisator.ch\\\/#organization\"},\"potentialAction\":[{\"@type\":\"SearchAction\",\"target\":{\"@type\":\"EntryPoint\",\"urlTemplate\":\"https:\\\/\\\/www.organisator.ch\\\/?s={search_term_string}\"},\"query-input\":{\"@type\":\"PropertyValueSpecification\",\"valueRequired\":true,\"valueName\":\"search_term_string\"}}],\"inLanguage\":\"fr-FR\"},{\"@type\":\"Organization\",\"@id\":\"https:\\\/\\\/www.organisator.ch\\\/#organization\",\"name\":\"Organisator\",\"url\":\"https:\\\/\\\/www.organisator.ch\\\/\",\"logo\":{\"@type\":\"ImageObject\",\"inLanguage\":\"fr-FR\",\"@id\":\"https:\\\/\\\/www.organisator.ch\\\/#\\\/schema\\\/logo\\\/image\\\/\",\"url\":\"https:\\\/\\\/www.organisator.ch\\\/wp-content\\\/uploads\\\/2022\\\/01\\\/Logo_Organisator_Website.png\",\"contentUrl\":\"https:\\\/\\\/www.organisator.ch\\\/wp-content\\\/uploads\\\/2022\\\/01\\\/Logo_Organisator_Website.png\",\"width\":800,\"height\":77,\"caption\":\"Organisator\"},\"image\":{\"@id\":\"https:\\\/\\\/www.organisator.ch\\\/#\\\/schema\\\/logo\\\/image\\\/\"},\"sameAs\":[\"https:\\\/\\\/www.facebook.com\\\/OrganisatorFachmagazin\",\"https:\\\/\\\/www.linkedin.com\\\/showcase\\\/organisator-das-magazin-fr-kmu\",\"https:\\\/\\\/www.xing.com\\\/news\\\/pages\\\/organisator-ch-695\",\"https:\\\/\\\/www.youtube.com\\\/channel\\\/UCGP2Sq0iWaZwT3BdIAQFYpw\"]},{\"@type\":\"Person\",\"@id\":\"https:\\\/\\\/www.organisator.ch\\\/#\\\/schema\\\/person\\\/6f650f90b2842cd4c0cc334b4e36f67e\",\"name\":\"thomas.berner\",\"image\":{\"@type\":\"ImageObject\",\"inLanguage\":\"fr-FR\",\"@id\":\"https:\\\/\\\/secure.gravatar.com\\\/avatar\\\/ac5001d2a36cb6c6cd3e50789007ffca834b477b74a2144564522e944eabff61?s=96&d=mm&r=g\",\"url\":\"https:\\\/\\\/secure.gravatar.com\\\/avatar\\\/ac5001d2a36cb6c6cd3e50789007ffca834b477b74a2144564522e944eabff61?s=96&d=mm&r=g\",\"contentUrl\":\"https:\\\/\\\/secure.gravatar.com\\\/avatar\\\/ac5001d2a36cb6c6cd3e50789007ffca834b477b74a2144564522e944eabff61?s=96&d=mm&r=g\",\"caption\":\"thomas.berner\"},\"url\":\"https:\\\/\\\/www.organisator.ch\\\/fr\\\/author\\\/thomas-berner\\\/\"}]}<\/script>\n<!-- \/ Yoast SEO plugin. -->","yoast_head_json":{"title":"Le bus successeur fera halte \u00e0 Zurich le 31 mai - Organisateur","description":"Du 24 mai au 28 juin 2018, 12 experts chevronn\u00e9s en mati\u00e8re de succession sillonneront la Suisse al\u00e9manique \u00e0 bord du \"bus de la succession\". Ils proposent aux entrepreneurs de PME des entretiens gratuits sur la succession d'entreprise.","robots":{"index":"index","follow":"follow","max-snippet":"max-snippet:-1","max-image-preview":"max-image-preview:large","max-video-preview":"max-video-preview:-1"},"canonical":"https:\/\/www.organisator.ch\/fr\/gestion-2\/2018-05-18\/der-nachfolgebus-macht-am-31-mai-in-zuerich-station\/","og_locale":"fr_FR","og_type":"article","og_title":"Der Nachfolgebus macht am 31. Mai in Z\u00fcrich Station","og_description":"Mit dem \u00ab#Nachfolgebus\u00bb touren 12 erfahrene Expertinnen und Experten f\u00fcr Nachfolgeregelung vom 24. Mai bis 28. Juni 2018 quer durch die Deutschschweiz. Sie bieten #KMU-Unternehmern kostenlose Gespr\u00e4che zur #Unternehmensnachfolge an.","og_url":"https:\/\/www.organisator.ch\/fr\/gestion-2\/2018-05-18\/der-nachfolgebus-macht-am-31-mai-in-zuerich-station\/","og_site_name":"Organisator","article_publisher":"https:\/\/www.facebook.com\/OrganisatorFachmagazin","article_published_time":"2018-05-18T06:37:31+00:00","og_image":[{"width":640,"height":432,"url":"https:\/\/www.organisator.ch\/wp-content\/uploads\/2018\/05\/Der-Nachfolgebus-macht-am-31-Mai-in-Zuerich-Station_Organisator.jpg","type":"image\/jpeg"}],"author":"thomas.berner","twitter_card":"summary_large_image","twitter_title":"Der #Nachfolgebus macht am 31. Mai in Z\u00fcrich Station","twitter_description":"Mit dem \u00ab#Nachfolgebus\u00bb touren 12 erfahrene Expertinnen und Experten f\u00fcr #Nachfolgeregelung vom 24. Mai bis 28. Juni 2018 quer durch die Deutschschweiz. Sie bieten #KMU-Unternehmern kostenlose Gespr\u00e4che zur #Unternehmensnachfolge an.","twitter_image":"https:\/\/www.organisator.ch\/wp-content\/uploads\/2018\/05\/Der-Nachfolgebus-macht-am-31-Mai-in-Z\u00fcrich-Station_Organisator.jpg","schema":{"@context":"https:\/\/schema.org","@graph":[{"@type":"Article","@id":"https:\/\/www.organisator.ch\/management\/2018-05-18\/der-nachfolgebus-macht-am-31-mai-in-zuerich-station\/#article","isPartOf":{"@id":"https:\/\/www.organisator.ch\/management\/2018-05-18\/der-nachfolgebus-macht-am-31-mai-in-zuerich-station\/"},"author":{"name":"thomas.berner","@id":"https:\/\/www.organisator.ch\/#\/schema\/person\/6f650f90b2842cd4c0cc334b4e36f67e"},"headline":"Der Nachfolgebus macht am 31. Mai in Z\u00fcrich Station","datePublished":"2018-05-18T06:37:31+00:00","mainEntityOfPage":{"@id":"https:\/\/www.organisator.ch\/management\/2018-05-18\/der-nachfolgebus-macht-am-31-mai-in-zuerich-station\/"},"wordCount":400,"commentCount":0,"publisher":{"@id":"https:\/\/www.organisator.ch\/#organization"},"image":{"@id":"https:\/\/www.organisator.ch\/management\/2018-05-18\/der-nachfolgebus-macht-am-31-mai-in-zuerich-station\/#primaryimage"},"thumbnailUrl":"https:\/\/www.organisator.ch\/wp-content\/uploads\/2018\/05\/Der-Nachfolgebus-macht-am-31-Mai-in-Zuerich-Station_Organisator.jpg","keywords":["Firmennachfolge","Management und Unternehmensf\u00fchrung","Nachfolgeregelung","Veranstaltungen"],"articleSection":["MANAGEMENT"],"inLanguage":"fr-FR"},{"@type":"WebPage","@id":"https:\/\/www.organisator.ch\/management\/2018-05-18\/der-nachfolgebus-macht-am-31-mai-in-zuerich-station\/","url":"https:\/\/www.organisator.ch\/management\/2018-05-18\/der-nachfolgebus-macht-am-31-mai-in-zuerich-station\/","name":"Le bus successeur fera halte \u00e0 Zurich le 31 mai - Organisateur","isPartOf":{"@id":"https:\/\/www.organisator.ch\/#website"},"primaryImageOfPage":{"@id":"https:\/\/www.organisator.ch\/management\/2018-05-18\/der-nachfolgebus-macht-am-31-mai-in-zuerich-station\/#primaryimage"},"image":{"@id":"https:\/\/www.organisator.ch\/management\/2018-05-18\/der-nachfolgebus-macht-am-31-mai-in-zuerich-station\/#primaryimage"},"thumbnailUrl":"https:\/\/www.organisator.ch\/wp-content\/uploads\/2018\/05\/Der-Nachfolgebus-macht-am-31-Mai-in-Zuerich-Station_Organisator.jpg","datePublished":"2018-05-18T06:37:31+00:00","description":"Du 24 mai au 28 juin 2018, 12 experts chevronn\u00e9s en mati\u00e8re de succession sillonneront la Suisse al\u00e9manique \u00e0 bord du \"bus de la succession\". Ils proposent aux entrepreneurs de PME des entretiens gratuits sur la succession d'entreprise.","breadcrumb":{"@id":"https:\/\/www.organisator.ch\/management\/2018-05-18\/der-nachfolgebus-macht-am-31-mai-in-zuerich-station\/#breadcrumb"},"inLanguage":"fr-FR","potentialAction":[{"@type":"ReadAction","target":["https:\/\/www.organisator.ch\/management\/2018-05-18\/der-nachfolgebus-macht-am-31-mai-in-zuerich-station\/"]}]},{"@type":"ImageObject","inLanguage":"fr-FR","@id":"https:\/\/www.organisator.ch\/management\/2018-05-18\/der-nachfolgebus-macht-am-31-mai-in-zuerich-station\/#primaryimage","url":"https:\/\/www.organisator.ch\/wp-content\/uploads\/2018\/05\/Der-Nachfolgebus-macht-am-31-Mai-in-Zuerich-Station_Organisator.jpg","contentUrl":"https:\/\/www.organisator.ch\/wp-content\/uploads\/2018\/05\/Der-Nachfolgebus-macht-am-31-Mai-in-Zuerich-Station_Organisator.jpg","width":640,"height":432,"caption":"Rechtzeitig an die Firmennachfolge denken: Der Nachfolgebus bietet Expertenwissen dazu. (Bild: Fotolia.com)"},{"@type":"BreadcrumbList","@id":"https:\/\/www.organisator.ch\/management\/2018-05-18\/der-nachfolgebus-macht-am-31-mai-in-zuerich-station\/#breadcrumb","itemListElement":[{"@type":"ListItem","position":1,"name":"Home","item":"https:\/\/www.organisator.ch\/"},{"@type":"ListItem","position":2,"name":"Der Nachfolgebus macht am 31. Mai in Z\u00fcrich Station"}]},{"@type":"WebSite","@id":"https:\/\/www.organisator.ch\/#website","url":"https:\/\/www.organisator.ch\/","name":"Organisateur","description":"Comp\u00e9tence et comp\u00e9tence. Proches de la pratique. L'ORGANISATEUR pr\u00e9pare 10 num\u00e9ros par an sur les th\u00e8mes essentiels pour les dirigeants de PME.","publisher":{"@id":"https:\/\/www.organisator.ch\/#organization"},"potentialAction":[{"@type":"SearchAction","target":{"@type":"EntryPoint","urlTemplate":"https:\/\/www.organisator.ch\/?s={search_term_string}"},"query-input":{"@type":"PropertyValueSpecification","valueRequired":true,"valueName":"search_term_string"}}],"inLanguage":"fr-FR"},{"@type":"Organization","@id":"https:\/\/www.organisator.ch\/#organization","name":"Organisateur","url":"https:\/\/www.organisator.ch\/","logo":{"@type":"ImageObject","inLanguage":"fr-FR","@id":"https:\/\/www.organisator.ch\/#\/schema\/logo\/image\/","url":"https:\/\/www.organisator.ch\/wp-content\/uploads\/2022\/01\/Logo_Organisator_Website.png","contentUrl":"https:\/\/www.organisator.ch\/wp-content\/uploads\/2022\/01\/Logo_Organisator_Website.png","width":800,"height":77,"caption":"Organisator"},"image":{"@id":"https:\/\/www.organisator.ch\/#\/schema\/logo\/image\/"},"sameAs":["https:\/\/www.facebook.com\/OrganisatorFachmagazin","https:\/\/www.linkedin.com\/showcase\/organisator-das-magazin-fr-kmu","https:\/\/www.xing.com\/news\/pages\/organisator-ch-695","https:\/\/www.youtube.com\/channel\/UCGP2Sq0iWaZwT3BdIAQFYpw"]},{"@type":"Person","@id":"https:\/\/www.organisator.ch\/#\/schema\/person\/6f650f90b2842cd4c0cc334b4e36f67e","name":"thomas.berner","image":{"@type":"ImageObject","inLanguage":"fr-FR","@id":"https:\/\/secure.gravatar.com\/avatar\/ac5001d2a36cb6c6cd3e50789007ffca834b477b74a2144564522e944eabff61?s=96&d=mm&r=g","url":"https:\/\/secure.gravatar.com\/avatar\/ac5001d2a36cb6c6cd3e50789007ffca834b477b74a2144564522e944eabff61?s=96&d=mm&r=g","contentUrl":"https:\/\/secure.gravatar.com\/avatar\/ac5001d2a36cb6c6cd3e50789007ffca834b477b74a2144564522e944eabff61?s=96&d=mm&r=g","caption":"thomas.berner"},"url":"https:\/\/www.organisator.ch\/fr\/author\/thomas-berner\/"}]}},"_links":{"self":[{"href":"https:\/\/www.organisator.ch\/fr\/wp-json\/wp\/v2\/posts\/3617","targetHints":{"allow":["GET"]}}],"collection":[{"href":"https:\/\/www.organisator.ch\/fr\/wp-json\/wp\/v2\/posts"}],"about":[{"href":"https:\/\/www.organisator.ch\/fr\/wp-json\/wp\/v2\/types\/post"}],"author":[{"embeddable":true,"href":"https:\/\/www.organisator.ch\/fr\/wp-json\/wp\/v2\/users\/4"}],"replies":[{"embeddable":true,"href":"https:\/\/www.organisator.ch\/fr\/wp-json\/wp\/v2\/comments?post=3617"}],"version-history":[{"count":0,"href":"https:\/\/www.organisator.ch\/fr\/wp-json\/wp\/v2\/posts\/3617\/revisions"}],"wp:featuredmedia":[{"embeddable":true,"href":"https:\/\/www.organisator.ch\/fr\/wp-json\/wp\/v2\/media\/3619"}],"wp:attachment":[{"href":"https:\/\/www.organisator.ch\/fr\/wp-json\/wp\/v2\/media?parent=3617"}],"wp:term":[{"taxonomy":"category","embeddable":true,"href":"https:\/\/www.organisator.ch\/fr\/wp-json\/wp\/v2\/categories?post=3617"},{"taxonomy":"post_tag","embeddable":true,"href":"https:\/\/www.organisator.ch\/fr\/wp-json\/wp\/v2\/tags?post=3617"}],"curies":[{"name":"wp","href":"https:\/\/api.w.org\/{rel}","templated":true}]}}