{"id":36195,"date":"2025-02-26T22:32:16","date_gmt":"2025-02-26T21:32:16","guid":{"rendered":"https:\/\/www.organisator.ch\/de\/?p=36195"},"modified":"2025-02-21T10:02:52","modified_gmt":"2025-02-21T09:02:52","slug":"transformation-ohne-tabus","status":"publish","type":"post","link":"https:\/\/www.organisator.ch\/fr\/abo\/2025-02-26\/transformation-ohne-tabus\/","title":{"rendered":"Transformation sans tabous"},"content":{"rendered":"<div class=\"swpm-post-not-logged-in-msg\">Vous devez \u00eatre connect\u00e9 pour voir ce contenu. Veuillez <a class=\"swpm-login-link\" href=\"https:\/\/www.organisator.ch\/login\/\">Se connecter<\/a>. Pas un membre ? <a href=\"https:\/\/www.organisator.ch\/shop\/\">Nous Rejoindre<\/a><\/div>","protected":false},"excerpt":{"rendered":"<p>Consid\u00e9rer la transformation comme un \u00e9pisode planifiable et limit\u00e9 revient \u00e0 laisser inexploit\u00e9 une grande partie des potentiels qui se cachent dans tout changement. Les r\u00e9orientations constituent des processus d'apprentissage \u00e9motionnellement sensibles et la r\u00e9ussite du changement suit la logique suivante : modifier les structures, cr\u00e9er de nouveaux univers d'exp\u00e9rience et renoncer syst\u00e9matiquement aux appels. <\/p>","protected":false},"author":1,"featured_media":36192,"comment_status":"closed","ping_status":"closed","sticky":false,"template":"","format":"standard","meta":{"_acf_changed":false,"_yoast_wpseo_focuskw":"Transformation","_yoast_wpseo_metadesc":"Transformation als Reise: Neue Erfahrungswelten statt Appelle. Wandel gelingt durch Experimente, Strukturen und intrinsische Motivation.","articlekey":"140553","footnotes":""},"categories":[578,28],"tags":[274,2700,492,4944],"class_list":["post-36195","post","type-post","status-publish","format-standard","has-post-thumbnail","hentry","category-abo","category-management","tag-innovation","tag-transformation","tag-unternehmen","tag-veraenderungen"],"acf":[],"yoast_head":"<!-- This site is optimized with the Yoast SEO plugin v27.5 - https:\/\/yoast.com\/product\/yoast-seo-wordpress\/ -->\n<title>Transformation ohne Tabus - Organisator<\/title>\n<meta name=\"description\" content=\"Transformation als Reise: Neue Erfahrungswelten statt Appelle. Wandel gelingt durch Experimente, Strukturen und intrinsische Motivation.\" \/>\n<meta name=\"robots\" content=\"index, follow, max-snippet:-1, max-image-preview:large, max-video-preview:-1\" \/>\n<link rel=\"canonical\" href=\"https:\/\/www.organisator.ch\/fr\/abonnement\/2025-02-26\/transformation-ohne-tabus\/\" \/>\n<meta property=\"og:locale\" content=\"fr_FR\" \/>\n<meta property=\"og:type\" content=\"article\" \/>\n<meta property=\"og:title\" content=\"Transformation ohne Tabus\" \/>\n<meta property=\"og:description\" content=\"Transformation als Reise: Neue Erfahrungswelten statt Appelle. Wandel gelingt durch Experimente, Strukturen und intrinsische Motivation.\" \/>\n<meta property=\"og:url\" content=\"https:\/\/www.organisator.ch\/fr\/abonnement\/2025-02-26\/transformation-ohne-tabus\/\" \/>\n<meta property=\"og:site_name\" content=\"Organisator\" \/>\n<meta property=\"article:publisher\" content=\"https:\/\/www.facebook.com\/OrganisatorFachmagazin\" \/>\n<meta property=\"article:published_time\" content=\"2025-02-26T21:32:16+00:00\" \/>\n<meta property=\"og:image\" content=\"https:\/\/www.organisator.ch\/wp-content\/uploads\/2025\/02\/Management_Wuethrich_Bild1_organisator_140561-scaled.jpg\" \/>\n\t<meta property=\"og:image:width\" content=\"1400\" \/>\n\t<meta property=\"og:image:height\" content=\"835\" \/>\n\t<meta property=\"og:image:type\" content=\"image\/jpeg\" \/>\n<meta name=\"author\" content=\"admin\" \/>\n<meta name=\"twitter:card\" content=\"summary_large_image\" \/>\n<meta name=\"twitter:title\" content=\"Transformation ohne Tabus\" \/>\n<meta name=\"twitter:description\" content=\"#Transformation als Reise: Neue #Erfahrungswelten statt #Appelle. Wandel gelingt durch #Experimente, #Strukturen und intrinsische #Motivation.\" \/>\n<meta name=\"twitter:image\" content=\"https:\/\/www.organisator.ch\/wp-content\/uploads\/2025\/02\/Management_Wuethrich_Bild1_organisator_140561-scaled.jpg\" \/>\n<script type=\"application\/ld+json\" class=\"yoast-schema-graph\">{\"@context\":\"https:\\\/\\\/schema.org\",\"@graph\":[{\"@type\":\"Article\",\"@id\":\"https:\\\/\\\/www.organisator.ch\\\/abo\\\/2025-02-26\\\/transformation-ohne-tabus\\\/#article\",\"isPartOf\":{\"@id\":\"https:\\\/\\\/www.organisator.ch\\\/abo\\\/2025-02-26\\\/transformation-ohne-tabus\\\/\"},\"author\":{\"name\":\"admin\",\"@id\":\"https:\\\/\\\/www.organisator.ch\\\/#\\\/schema\\\/person\\\/aa2bace6c5c5aad60102004a50c4eb1c\"},\"headline\":\"Transformation ohne Tabus\",\"datePublished\":\"2025-02-26T21:32:16+00:00\",\"mainEntityOfPage\":{\"@id\":\"https:\\\/\\\/www.organisator.ch\\\/abo\\\/2025-02-26\\\/transformation-ohne-tabus\\\/\"},\"wordCount\":1012,\"publisher\":{\"@id\":\"https:\\\/\\\/www.organisator.ch\\\/#organization\"},\"image\":{\"@id\":\"https:\\\/\\\/www.organisator.ch\\\/abo\\\/2025-02-26\\\/transformation-ohne-tabus\\\/#primaryimage\"},\"thumbnailUrl\":\"https:\\\/\\\/www.organisator.ch\\\/wp-content\\\/uploads\\\/2025\\\/02\\\/Management_Wuethrich_Bild1_organisator_140561-scaled.jpg\",\"keywords\":[\"Innovation\",\"Transformation\",\"Unternehmen\",\"Ver\u00e4nderungen\"],\"articleSection\":[\"ABO+\",\"MANAGEMENT\"],\"inLanguage\":\"fr-FR\"},{\"@type\":\"WebPage\",\"@id\":\"https:\\\/\\\/www.organisator.ch\\\/abo\\\/2025-02-26\\\/transformation-ohne-tabus\\\/\",\"url\":\"https:\\\/\\\/www.organisator.ch\\\/abo\\\/2025-02-26\\\/transformation-ohne-tabus\\\/\",\"name\":\"Transformation ohne Tabus - Organisator\",\"isPartOf\":{\"@id\":\"https:\\\/\\\/www.organisator.ch\\\/#website\"},\"primaryImageOfPage\":{\"@id\":\"https:\\\/\\\/www.organisator.ch\\\/abo\\\/2025-02-26\\\/transformation-ohne-tabus\\\/#primaryimage\"},\"image\":{\"@id\":\"https:\\\/\\\/www.organisator.ch\\\/abo\\\/2025-02-26\\\/transformation-ohne-tabus\\\/#primaryimage\"},\"thumbnailUrl\":\"https:\\\/\\\/www.organisator.ch\\\/wp-content\\\/uploads\\\/2025\\\/02\\\/Management_Wuethrich_Bild1_organisator_140561-scaled.jpg\",\"datePublished\":\"2025-02-26T21:32:16+00:00\",\"description\":\"Transformation als Reise: Neue Erfahrungswelten statt Appelle. Wandel gelingt durch Experimente, Strukturen und intrinsische Motivation.\",\"breadcrumb\":{\"@id\":\"https:\\\/\\\/www.organisator.ch\\\/abo\\\/2025-02-26\\\/transformation-ohne-tabus\\\/#breadcrumb\"},\"inLanguage\":\"fr-FR\",\"potentialAction\":[{\"@type\":\"ReadAction\",\"target\":[\"https:\\\/\\\/www.organisator.ch\\\/abo\\\/2025-02-26\\\/transformation-ohne-tabus\\\/\"]}]},{\"@type\":\"ImageObject\",\"inLanguage\":\"fr-FR\",\"@id\":\"https:\\\/\\\/www.organisator.ch\\\/abo\\\/2025-02-26\\\/transformation-ohne-tabus\\\/#primaryimage\",\"url\":\"https:\\\/\\\/www.organisator.ch\\\/wp-content\\\/uploads\\\/2025\\\/02\\\/Management_Wuethrich_Bild1_organisator_140561-scaled.jpg\",\"contentUrl\":\"https:\\\/\\\/www.organisator.ch\\\/wp-content\\\/uploads\\\/2025\\\/02\\\/Management_Wuethrich_Bild1_organisator_140561-scaled.jpg\",\"width\":1400,\"height\":835,\"caption\":\"Ver\u00e4nderungen gleichen einer Reise, einem Prozess. Zwingend erforderlich sind dabei neue Erfahrungswelten. \u00a9 KI-generiert \\\/ DALL-E\"},{\"@type\":\"BreadcrumbList\",\"@id\":\"https:\\\/\\\/www.organisator.ch\\\/abo\\\/2025-02-26\\\/transformation-ohne-tabus\\\/#breadcrumb\",\"itemListElement\":[{\"@type\":\"ListItem\",\"position\":1,\"name\":\"Home\",\"item\":\"https:\\\/\\\/www.organisator.ch\\\/\"},{\"@type\":\"ListItem\",\"position\":2,\"name\":\"Transformation ohne Tabus\"}]},{\"@type\":\"WebSite\",\"@id\":\"https:\\\/\\\/www.organisator.ch\\\/#website\",\"url\":\"https:\\\/\\\/www.organisator.ch\\\/\",\"name\":\"Organisator\",\"description\":\"Kompetent. Praxisnah. Der ORGANISATOR bereitet in 10 Ausgaben pro Jahr die wesentlichen Themen f\u00fcr F\u00fchrungskr\u00e4fte von KMU auf.\",\"publisher\":{\"@id\":\"https:\\\/\\\/www.organisator.ch\\\/#organization\"},\"potentialAction\":[{\"@type\":\"SearchAction\",\"target\":{\"@type\":\"EntryPoint\",\"urlTemplate\":\"https:\\\/\\\/www.organisator.ch\\\/?s={search_term_string}\"},\"query-input\":{\"@type\":\"PropertyValueSpecification\",\"valueRequired\":true,\"valueName\":\"search_term_string\"}}],\"inLanguage\":\"fr-FR\"},{\"@type\":\"Organization\",\"@id\":\"https:\\\/\\\/www.organisator.ch\\\/#organization\",\"name\":\"Organisator\",\"url\":\"https:\\\/\\\/www.organisator.ch\\\/\",\"logo\":{\"@type\":\"ImageObject\",\"inLanguage\":\"fr-FR\",\"@id\":\"https:\\\/\\\/www.organisator.ch\\\/#\\\/schema\\\/logo\\\/image\\\/\",\"url\":\"https:\\\/\\\/www.organisator.ch\\\/wp-content\\\/uploads\\\/2022\\\/01\\\/Logo_Organisator_Website.png\",\"contentUrl\":\"https:\\\/\\\/www.organisator.ch\\\/wp-content\\\/uploads\\\/2022\\\/01\\\/Logo_Organisator_Website.png\",\"width\":800,\"height\":77,\"caption\":\"Organisator\"},\"image\":{\"@id\":\"https:\\\/\\\/www.organisator.ch\\\/#\\\/schema\\\/logo\\\/image\\\/\"},\"sameAs\":[\"https:\\\/\\\/www.facebook.com\\\/OrganisatorFachmagazin\",\"https:\\\/\\\/www.linkedin.com\\\/showcase\\\/organisator-das-magazin-fr-kmu\",\"https:\\\/\\\/www.xing.com\\\/news\\\/pages\\\/organisator-ch-695\",\"https:\\\/\\\/www.youtube.com\\\/channel\\\/UCGP2Sq0iWaZwT3BdIAQFYpw\"]},{\"@type\":\"Person\",\"@id\":\"https:\\\/\\\/www.organisator.ch\\\/#\\\/schema\\\/person\\\/aa2bace6c5c5aad60102004a50c4eb1c\",\"name\":\"admin\",\"image\":{\"@type\":\"ImageObject\",\"inLanguage\":\"fr-FR\",\"@id\":\"https:\\\/\\\/secure.gravatar.com\\\/avatar\\\/ae2f4d718e6c49043e314ce431e7e645d646302a24a5ef5a8bc8e3f5a032e319?s=96&d=mm&r=g\",\"url\":\"https:\\\/\\\/secure.gravatar.com\\\/avatar\\\/ae2f4d718e6c49043e314ce431e7e645d646302a24a5ef5a8bc8e3f5a032e319?s=96&d=mm&r=g\",\"contentUrl\":\"https:\\\/\\\/secure.gravatar.com\\\/avatar\\\/ae2f4d718e6c49043e314ce431e7e645d646302a24a5ef5a8bc8e3f5a032e319?s=96&d=mm&r=g\",\"caption\":\"admin\"},\"sameAs\":[\"https:\\\/\\\/www.organisator.ch\"],\"url\":\"https:\\\/\\\/www.organisator.ch\\\/fr\\\/author\\\/admin\\\/\"}]}<\/script>\n<!-- \/ Yoast SEO plugin. -->","yoast_head_json":{"title":"Transformation sans tabous - Organisateur","description":"La transformation comme voyage : De nouveaux mondes d'exp\u00e9rience plut\u00f4t que des appels. Le changement r\u00e9ussit gr\u00e2ce \u00e0 des exp\u00e9riences, des structures et une motivation intrins\u00e8que.","robots":{"index":"index","follow":"follow","max-snippet":"max-snippet:-1","max-image-preview":"max-image-preview:large","max-video-preview":"max-video-preview:-1"},"canonical":"https:\/\/www.organisator.ch\/fr\/abonnement\/2025-02-26\/transformation-ohne-tabus\/","og_locale":"fr_FR","og_type":"article","og_title":"Transformation ohne Tabus","og_description":"Transformation als Reise: Neue Erfahrungswelten statt Appelle. Wandel gelingt durch Experimente, Strukturen und intrinsische Motivation.","og_url":"https:\/\/www.organisator.ch\/fr\/abonnement\/2025-02-26\/transformation-ohne-tabus\/","og_site_name":"Organisator","article_publisher":"https:\/\/www.facebook.com\/OrganisatorFachmagazin","article_published_time":"2025-02-26T21:32:16+00:00","og_image":[{"width":1400,"height":835,"url":"https:\/\/www.organisator.ch\/wp-content\/uploads\/2025\/02\/Management_Wuethrich_Bild1_organisator_140561-scaled.jpg","type":"image\/jpeg"}],"author":"admin","twitter_card":"summary_large_image","twitter_title":"Transformation ohne Tabus","twitter_description":"#Transformation als Reise: Neue #Erfahrungswelten statt #Appelle. Wandel gelingt durch #Experimente, #Strukturen und intrinsische #Motivation.","twitter_image":"https:\/\/www.organisator.ch\/wp-content\/uploads\/2025\/02\/Management_Wuethrich_Bild1_organisator_140561-scaled.jpg","schema":{"@context":"https:\/\/schema.org","@graph":[{"@type":"Article","@id":"https:\/\/www.organisator.ch\/abo\/2025-02-26\/transformation-ohne-tabus\/#article","isPartOf":{"@id":"https:\/\/www.organisator.ch\/abo\/2025-02-26\/transformation-ohne-tabus\/"},"author":{"name":"admin","@id":"https:\/\/www.organisator.ch\/#\/schema\/person\/aa2bace6c5c5aad60102004a50c4eb1c"},"headline":"Transformation ohne Tabus","datePublished":"2025-02-26T21:32:16+00:00","mainEntityOfPage":{"@id":"https:\/\/www.organisator.ch\/abo\/2025-02-26\/transformation-ohne-tabus\/"},"wordCount":1012,"publisher":{"@id":"https:\/\/www.organisator.ch\/#organization"},"image":{"@id":"https:\/\/www.organisator.ch\/abo\/2025-02-26\/transformation-ohne-tabus\/#primaryimage"},"thumbnailUrl":"https:\/\/www.organisator.ch\/wp-content\/uploads\/2025\/02\/Management_Wuethrich_Bild1_organisator_140561-scaled.jpg","keywords":["Innovation","Transformation","Unternehmen","Ver\u00e4nderungen"],"articleSection":["ABO+","MANAGEMENT"],"inLanguage":"fr-FR"},{"@type":"WebPage","@id":"https:\/\/www.organisator.ch\/abo\/2025-02-26\/transformation-ohne-tabus\/","url":"https:\/\/www.organisator.ch\/abo\/2025-02-26\/transformation-ohne-tabus\/","name":"Transformation sans tabous - Organisateur","isPartOf":{"@id":"https:\/\/www.organisator.ch\/#website"},"primaryImageOfPage":{"@id":"https:\/\/www.organisator.ch\/abo\/2025-02-26\/transformation-ohne-tabus\/#primaryimage"},"image":{"@id":"https:\/\/www.organisator.ch\/abo\/2025-02-26\/transformation-ohne-tabus\/#primaryimage"},"thumbnailUrl":"https:\/\/www.organisator.ch\/wp-content\/uploads\/2025\/02\/Management_Wuethrich_Bild1_organisator_140561-scaled.jpg","datePublished":"2025-02-26T21:32:16+00:00","description":"La transformation comme voyage : De nouveaux mondes d'exp\u00e9rience plut\u00f4t que des appels. Le changement r\u00e9ussit gr\u00e2ce \u00e0 des exp\u00e9riences, des structures et une motivation intrins\u00e8que.","breadcrumb":{"@id":"https:\/\/www.organisator.ch\/abo\/2025-02-26\/transformation-ohne-tabus\/#breadcrumb"},"inLanguage":"fr-FR","potentialAction":[{"@type":"ReadAction","target":["https:\/\/www.organisator.ch\/abo\/2025-02-26\/transformation-ohne-tabus\/"]}]},{"@type":"ImageObject","inLanguage":"fr-FR","@id":"https:\/\/www.organisator.ch\/abo\/2025-02-26\/transformation-ohne-tabus\/#primaryimage","url":"https:\/\/www.organisator.ch\/wp-content\/uploads\/2025\/02\/Management_Wuethrich_Bild1_organisator_140561-scaled.jpg","contentUrl":"https:\/\/www.organisator.ch\/wp-content\/uploads\/2025\/02\/Management_Wuethrich_Bild1_organisator_140561-scaled.jpg","width":1400,"height":835,"caption":"Ver\u00e4nderungen gleichen einer Reise, einem Prozess. Zwingend erforderlich sind dabei neue Erfahrungswelten. \u00a9 KI-generiert \/ DALL-E"},{"@type":"BreadcrumbList","@id":"https:\/\/www.organisator.ch\/abo\/2025-02-26\/transformation-ohne-tabus\/#breadcrumb","itemListElement":[{"@type":"ListItem","position":1,"name":"Home","item":"https:\/\/www.organisator.ch\/"},{"@type":"ListItem","position":2,"name":"Transformation ohne Tabus"}]},{"@type":"WebSite","@id":"https:\/\/www.organisator.ch\/#website","url":"https:\/\/www.organisator.ch\/","name":"Organisateur","description":"Comp\u00e9tence et comp\u00e9tence. Proches de la pratique. L'ORGANISATEUR pr\u00e9pare 10 num\u00e9ros par an sur les th\u00e8mes essentiels pour les dirigeants de PME.","publisher":{"@id":"https:\/\/www.organisator.ch\/#organization"},"potentialAction":[{"@type":"SearchAction","target":{"@type":"EntryPoint","urlTemplate":"https:\/\/www.organisator.ch\/?s={search_term_string}"},"query-input":{"@type":"PropertyValueSpecification","valueRequired":true,"valueName":"search_term_string"}}],"inLanguage":"fr-FR"},{"@type":"Organization","@id":"https:\/\/www.organisator.ch\/#organization","name":"Organisateur","url":"https:\/\/www.organisator.ch\/","logo":{"@type":"ImageObject","inLanguage":"fr-FR","@id":"https:\/\/www.organisator.ch\/#\/schema\/logo\/image\/","url":"https:\/\/www.organisator.ch\/wp-content\/uploads\/2022\/01\/Logo_Organisator_Website.png","contentUrl":"https:\/\/www.organisator.ch\/wp-content\/uploads\/2022\/01\/Logo_Organisator_Website.png","width":800,"height":77,"caption":"Organisator"},"image":{"@id":"https:\/\/www.organisator.ch\/#\/schema\/logo\/image\/"},"sameAs":["https:\/\/www.facebook.com\/OrganisatorFachmagazin","https:\/\/www.linkedin.com\/showcase\/organisator-das-magazin-fr-kmu","https:\/\/www.xing.com\/news\/pages\/organisator-ch-695","https:\/\/www.youtube.com\/channel\/UCGP2Sq0iWaZwT3BdIAQFYpw"]},{"@type":"Person","@id":"https:\/\/www.organisator.ch\/#\/schema\/person\/aa2bace6c5c5aad60102004a50c4eb1c","name":"admin","image":{"@type":"ImageObject","inLanguage":"fr-FR","@id":"https:\/\/secure.gravatar.com\/avatar\/ae2f4d718e6c49043e314ce431e7e645d646302a24a5ef5a8bc8e3f5a032e319?s=96&d=mm&r=g","url":"https:\/\/secure.gravatar.com\/avatar\/ae2f4d718e6c49043e314ce431e7e645d646302a24a5ef5a8bc8e3f5a032e319?s=96&d=mm&r=g","contentUrl":"https:\/\/secure.gravatar.com\/avatar\/ae2f4d718e6c49043e314ce431e7e645d646302a24a5ef5a8bc8e3f5a032e319?s=96&d=mm&r=g","caption":"admin"},"sameAs":["https:\/\/www.organisator.ch"],"url":"https:\/\/www.organisator.ch\/fr\/author\/admin\/"}]}},"_links":{"self":[{"href":"https:\/\/www.organisator.ch\/fr\/wp-json\/wp\/v2\/posts\/36195","targetHints":{"allow":["GET"]}}],"collection":[{"href":"https:\/\/www.organisator.ch\/fr\/wp-json\/wp\/v2\/posts"}],"about":[{"href":"https:\/\/www.organisator.ch\/fr\/wp-json\/wp\/v2\/types\/post"}],"author":[{"embeddable":true,"href":"https:\/\/www.organisator.ch\/fr\/wp-json\/wp\/v2\/users\/1"}],"replies":[{"embeddable":true,"href":"https:\/\/www.organisator.ch\/fr\/wp-json\/wp\/v2\/comments?post=36195"}],"version-history":[{"count":3,"href":"https:\/\/www.organisator.ch\/fr\/wp-json\/wp\/v2\/posts\/36195\/revisions"}],"predecessor-version":[{"id":36248,"href":"https:\/\/www.organisator.ch\/fr\/wp-json\/wp\/v2\/posts\/36195\/revisions\/36248"}],"wp:featuredmedia":[{"embeddable":true,"href":"https:\/\/www.organisator.ch\/fr\/wp-json\/wp\/v2\/media\/36192"}],"wp:attachment":[{"href":"https:\/\/www.organisator.ch\/fr\/wp-json\/wp\/v2\/media?parent=36195"}],"wp:term":[{"taxonomy":"category","embeddable":true,"href":"https:\/\/www.organisator.ch\/fr\/wp-json\/wp\/v2\/categories?post=36195"},{"taxonomy":"post_tag","embeddable":true,"href":"https:\/\/www.organisator.ch\/fr\/wp-json\/wp\/v2\/tags?post=36195"}],"curies":[{"name":"wp","href":"https:\/\/api.w.org\/{rel}","templated":true}]}}