{"id":36223,"date":"2025-02-21T07:16:40","date_gmt":"2025-02-21T06:16:40","guid":{"rendered":"https:\/\/www.markt-kom.com\/?p=230839"},"modified":"2025-02-21T07:17:14","modified_gmt":"2025-02-21T06:17:14","slug":"sbb-tritt-brancheninitiative-comimpact-bei","status":"publish","type":"post","link":"https:\/\/www.organisator.ch\/fr\/marketing\/2025-02-21\/sbb-tritt-brancheninitiative-comimpact-bei\/","title":{"rendered":"Les CFF adh\u00e8rent \u00e0 l'initiative sectorielle ComImpact"},"content":{"rendered":"<figure id=\"attachment_230840\" class=\"wp-caption aligncenter\" style=\"width: 890px;\" aria-describedby=\"caption-attachment-230840\"><a href=\"https:\/\/www.markt-kom.com\/wp-content\/uploads\/2025\/02\/MartinaRettenmund.jpg\"><img class=\"size-full wp-image-230840\" src=\"https:\/\/www.markt-kom.com\/wp-content\/uploads\/2025\/02\/MartinaRettenmund.jpg\" sizes=\"(max-width: 890px) 100vw, 890px\" srcset=\"https:\/\/www.markt-kom.com\/wp-content\/uploads\/2025\/02\/MartinaRettenmund.jpg 890w, https:\/\/www.markt-kom.com\/wp-content\/uploads\/2025\/02\/MartinaRettenmund-600x450.jpg 600w, https:\/\/www.markt-kom.com\/wp-content\/uploads\/2025\/02\/MartinaRettenmund-768x576.jpg 768w, https:\/\/www.markt-kom.com\/wp-content\/uploads\/2025\/02\/MartinaRettenmund-16x12.jpg 16w, https:\/\/www.markt-kom.com\/wp-content\/uploads\/2025\/02\/MartinaRettenmund-233x175.jpg 233w, https:\/\/www.markt-kom.com\/wp-content\/uploads\/2025\/02\/MartinaRettenmund-466x350.jpg 466w\" alt=\"\" width=\"890\" height=\"668\" \/><\/a>\r\n<figcaption id=\"caption-attachment-230840\" class=\"wp-caption-text\">Martina Rettenmund, responsable de la planification de la communication et des canaux aux CFF. (Image : zVg.)<\/figcaption>\r\n<\/figure>\r\n<p>Avec l'adh\u00e9sion des CFF, ComImpact compte d\u00e9sormais onze entreprises membres. L'association s'engage \u00e0 faciliter l'acc\u00e8s aux comp\u00e9tences CommTech pour les professionnels du marketing et de la communication d'entreprise. Outre des formats d'\u00e9change r\u00e9guliers, elle organise des \u00e9v\u00e9nements qui mettent l'accent sur les meilleures pratiques et les nouvelles technologies.<\/p>\r\n<p>\"Au vu de la diffusion des nouvelles technologies, nous sommes convaincus que les th\u00e8mes de ComImpact ainsi que le r\u00e9seau de l'association offrent une valeur ajout\u00e9e durable pour notre travail de communication\", d\u00e9clare Martina Rettenmund, responsable de la planification de la communication et des canaux aux CFF.<\/p>","protected":false},"excerpt":{"rendered":"<p>Les CFF s'associent \u00e0 l'association professionnelle ComImpact. L'initiative visant \u00e0 promouvoir les CommTech en Suisse re\u00e7oit ainsi un soutien suppl\u00e9mentaire de la part d'une grande entreprise qui transporte chaque jour plus d'un million de personnes.<\/p>","protected":false},"author":8,"featured_media":0,"comment_status":"closed","ping_status":"closed","sticky":false,"template":"","format":"standard","meta":{"_acf_changed":false,"_yoast_wpseo_focuskw":"SBB ComImpact Beitritt","_yoast_wpseo_metadesc":"Die SBB tritt ComImpact bei und st\u00e4rkt so die F\u00f6rderung von CommTech in der Schweiz. Der Verein w\u00e4chst auf elf Firmenmitglieder.","articlekey":"","footnotes":""},"categories":[29],"tags":[5102,4343,2055],"class_list":["post-36223","post","type-post","status-publish","format-standard","hentry","category-marketing","tag-comimpact","tag-markom","tag-sbb"],"acf":[],"yoast_head":"<!-- This site is optimized with the Yoast SEO plugin v27.4 - https:\/\/yoast.com\/product\/yoast-seo-wordpress\/ -->\n<title>SBB tritt Brancheninitiative ComImpact bei - Organisator<\/title>\n<meta name=\"description\" content=\"Die SBB tritt ComImpact bei und st\u00e4rkt so die F\u00f6rderung von CommTech in der Schweiz. Der Verein w\u00e4chst auf elf Firmenmitglieder.\" \/>\n<meta name=\"robots\" content=\"index, follow, max-snippet:-1, max-image-preview:large, max-video-preview:-1\" \/>\n<link rel=\"canonical\" href=\"https:\/\/www.organisator.ch\/fr\/marketing\/2025-02-21\/sbb-tritt-brancheninitiative-comimpact-bei\/\" \/>\n<meta property=\"og:locale\" content=\"fr_FR\" \/>\n<meta property=\"og:type\" content=\"article\" \/>\n<meta property=\"og:title\" content=\"SBB tritt Brancheninitiative ComImpact bei - Organisator\" \/>\n<meta property=\"og:description\" content=\"Die SBB tritt ComImpact bei und st\u00e4rkt so die F\u00f6rderung von CommTech in der Schweiz. Der Verein w\u00e4chst auf elf Firmenmitglieder.\" \/>\n<meta property=\"og:url\" content=\"https:\/\/www.organisator.ch\/fr\/marketing\/2025-02-21\/sbb-tritt-brancheninitiative-comimpact-bei\/\" \/>\n<meta property=\"og:site_name\" content=\"Organisator\" \/>\n<meta property=\"article:publisher\" content=\"https:\/\/www.facebook.com\/OrganisatorFachmagazin\" \/>\n<meta property=\"article:published_time\" content=\"2025-02-21T06:16:40+00:00\" \/>\n<meta property=\"article:modified_time\" content=\"2025-02-21T06:17:14+00:00\" \/>\n<meta name=\"author\" content=\"galledia\" \/>\n<meta name=\"twitter:card\" content=\"summary_large_image\" \/>\n<meta name=\"twitter:creator\" content=\"@admin\" \/>\n<script type=\"application\/ld+json\" class=\"yoast-schema-graph\">{\"@context\":\"https:\\\/\\\/schema.org\",\"@graph\":[{\"@type\":\"Article\",\"@id\":\"https:\\\/\\\/www.organisator.ch\\\/marketing\\\/2025-02-21\\\/sbb-tritt-brancheninitiative-comimpact-bei\\\/#article\",\"isPartOf\":{\"@id\":\"https:\\\/\\\/www.organisator.ch\\\/marketing\\\/2025-02-21\\\/sbb-tritt-brancheninitiative-comimpact-bei\\\/\"},\"author\":{\"name\":\"galledia\",\"@id\":\"https:\\\/\\\/www.organisator.ch\\\/#\\\/schema\\\/person\\\/4e51799071cd2dd1232ac003643ef5f0\"},\"headline\":\"SBB tritt Brancheninitiative ComImpact bei\",\"datePublished\":\"2025-02-21T06:16:40+00:00\",\"dateModified\":\"2025-02-21T06:17:14+00:00\",\"mainEntityOfPage\":{\"@id\":\"https:\\\/\\\/www.organisator.ch\\\/marketing\\\/2025-02-21\\\/sbb-tritt-brancheninitiative-comimpact-bei\\\/\"},\"wordCount\":100,\"publisher\":{\"@id\":\"https:\\\/\\\/www.organisator.ch\\\/#organization\"},\"image\":{\"@id\":\"https:\\\/\\\/www.organisator.ch\\\/marketing\\\/2025-02-21\\\/sbb-tritt-brancheninitiative-comimpact-bei\\\/#primaryimage\"},\"thumbnailUrl\":\"https:\\\/\\\/www.markt-kom.com\\\/wp-content\\\/uploads\\\/2025\\\/02\\\/MartinaRettenmund.jpg\",\"keywords\":[\"ComImpact\",\"MarKom\",\"SBB\"],\"articleSection\":[\"MARKETING\"],\"inLanguage\":\"fr-FR\"},{\"@type\":\"WebPage\",\"@id\":\"https:\\\/\\\/www.organisator.ch\\\/marketing\\\/2025-02-21\\\/sbb-tritt-brancheninitiative-comimpact-bei\\\/\",\"url\":\"https:\\\/\\\/www.organisator.ch\\\/marketing\\\/2025-02-21\\\/sbb-tritt-brancheninitiative-comimpact-bei\\\/\",\"name\":\"SBB tritt Brancheninitiative ComImpact bei - Organisator\",\"isPartOf\":{\"@id\":\"https:\\\/\\\/www.organisator.ch\\\/#website\"},\"primaryImageOfPage\":{\"@id\":\"https:\\\/\\\/www.organisator.ch\\\/marketing\\\/2025-02-21\\\/sbb-tritt-brancheninitiative-comimpact-bei\\\/#primaryimage\"},\"image\":{\"@id\":\"https:\\\/\\\/www.organisator.ch\\\/marketing\\\/2025-02-21\\\/sbb-tritt-brancheninitiative-comimpact-bei\\\/#primaryimage\"},\"thumbnailUrl\":\"https:\\\/\\\/www.markt-kom.com\\\/wp-content\\\/uploads\\\/2025\\\/02\\\/MartinaRettenmund.jpg\",\"datePublished\":\"2025-02-21T06:16:40+00:00\",\"dateModified\":\"2025-02-21T06:17:14+00:00\",\"description\":\"Die SBB tritt ComImpact bei und st\u00e4rkt so die F\u00f6rderung von CommTech in der Schweiz. Der Verein w\u00e4chst auf elf Firmenmitglieder.\",\"breadcrumb\":{\"@id\":\"https:\\\/\\\/www.organisator.ch\\\/marketing\\\/2025-02-21\\\/sbb-tritt-brancheninitiative-comimpact-bei\\\/#breadcrumb\"},\"inLanguage\":\"fr-FR\",\"potentialAction\":[{\"@type\":\"ReadAction\",\"target\":[\"https:\\\/\\\/www.organisator.ch\\\/marketing\\\/2025-02-21\\\/sbb-tritt-brancheninitiative-comimpact-bei\\\/\"]}]},{\"@type\":\"ImageObject\",\"inLanguage\":\"fr-FR\",\"@id\":\"https:\\\/\\\/www.organisator.ch\\\/marketing\\\/2025-02-21\\\/sbb-tritt-brancheninitiative-comimpact-bei\\\/#primaryimage\",\"url\":\"https:\\\/\\\/www.markt-kom.com\\\/wp-content\\\/uploads\\\/2025\\\/02\\\/MartinaRettenmund.jpg\",\"contentUrl\":\"https:\\\/\\\/www.markt-kom.com\\\/wp-content\\\/uploads\\\/2025\\\/02\\\/MartinaRettenmund.jpg\"},{\"@type\":\"BreadcrumbList\",\"@id\":\"https:\\\/\\\/www.organisator.ch\\\/marketing\\\/2025-02-21\\\/sbb-tritt-brancheninitiative-comimpact-bei\\\/#breadcrumb\",\"itemListElement\":[{\"@type\":\"ListItem\",\"position\":1,\"name\":\"Home\",\"item\":\"https:\\\/\\\/www.organisator.ch\\\/\"},{\"@type\":\"ListItem\",\"position\":2,\"name\":\"SBB tritt Brancheninitiative ComImpact bei\"}]},{\"@type\":\"WebSite\",\"@id\":\"https:\\\/\\\/www.organisator.ch\\\/#website\",\"url\":\"https:\\\/\\\/www.organisator.ch\\\/\",\"name\":\"Organisator\",\"description\":\"Kompetent. Praxisnah. Der ORGANISATOR bereitet in 10 Ausgaben pro Jahr die wesentlichen Themen f\u00fcr F\u00fchrungskr\u00e4fte von KMU auf.\",\"publisher\":{\"@id\":\"https:\\\/\\\/www.organisator.ch\\\/#organization\"},\"potentialAction\":[{\"@type\":\"SearchAction\",\"target\":{\"@type\":\"EntryPoint\",\"urlTemplate\":\"https:\\\/\\\/www.organisator.ch\\\/?s={search_term_string}\"},\"query-input\":{\"@type\":\"PropertyValueSpecification\",\"valueRequired\":true,\"valueName\":\"search_term_string\"}}],\"inLanguage\":\"fr-FR\"},{\"@type\":\"Organization\",\"@id\":\"https:\\\/\\\/www.organisator.ch\\\/#organization\",\"name\":\"Organisator\",\"url\":\"https:\\\/\\\/www.organisator.ch\\\/\",\"logo\":{\"@type\":\"ImageObject\",\"inLanguage\":\"fr-FR\",\"@id\":\"https:\\\/\\\/www.organisator.ch\\\/#\\\/schema\\\/logo\\\/image\\\/\",\"url\":\"https:\\\/\\\/www.organisator.ch\\\/wp-content\\\/uploads\\\/2022\\\/01\\\/Logo_Organisator_Website.png\",\"contentUrl\":\"https:\\\/\\\/www.organisator.ch\\\/wp-content\\\/uploads\\\/2022\\\/01\\\/Logo_Organisator_Website.png\",\"width\":800,\"height\":77,\"caption\":\"Organisator\"},\"image\":{\"@id\":\"https:\\\/\\\/www.organisator.ch\\\/#\\\/schema\\\/logo\\\/image\\\/\"},\"sameAs\":[\"https:\\\/\\\/www.facebook.com\\\/OrganisatorFachmagazin\",\"https:\\\/\\\/www.linkedin.com\\\/showcase\\\/organisator-das-magazin-fr-kmu\",\"https:\\\/\\\/www.xing.com\\\/news\\\/pages\\\/organisator-ch-695\",\"https:\\\/\\\/www.youtube.com\\\/channel\\\/UCGP2Sq0iWaZwT3BdIAQFYpw\"]},{\"@type\":\"Person\",\"@id\":\"https:\\\/\\\/www.organisator.ch\\\/#\\\/schema\\\/person\\\/4e51799071cd2dd1232ac003643ef5f0\",\"name\":\"galledia\",\"image\":{\"@type\":\"ImageObject\",\"inLanguage\":\"fr-FR\",\"@id\":\"https:\\\/\\\/secure.gravatar.com\\\/avatar\\\/78a7f90c01fc2bfc875782a0d4922b37cde2cf184ce347b91316d23cd7f69a36?s=96&d=mm&r=g\",\"url\":\"https:\\\/\\\/secure.gravatar.com\\\/avatar\\\/78a7f90c01fc2bfc875782a0d4922b37cde2cf184ce347b91316d23cd7f69a36?s=96&d=mm&r=g\",\"contentUrl\":\"https:\\\/\\\/secure.gravatar.com\\\/avatar\\\/78a7f90c01fc2bfc875782a0d4922b37cde2cf184ce347b91316d23cd7f69a36?s=96&d=mm&r=g\",\"caption\":\"galledia\"},\"sameAs\":[\"https:\\\/\\\/x.com\\\/admin\"],\"url\":\"https:\\\/\\\/www.organisator.ch\\\/fr\\\/author\\\/galledia\\\/\"}]}<\/script>\n<!-- \/ Yoast SEO plugin. -->","yoast_head_json":{"title":"Les CFF rejoignent l'initiative sectorielle ComImpact - Organisateur","description":"Les CFF adh\u00e8rent \u00e0 ComImpact et renforcent ainsi la promotion des CommTech en Suisse. L'association s'agrandit et compte d\u00e9sormais onze entreprises membres.","robots":{"index":"index","follow":"follow","max-snippet":"max-snippet:-1","max-image-preview":"max-image-preview:large","max-video-preview":"max-video-preview:-1"},"canonical":"https:\/\/www.organisator.ch\/fr\/marketing\/2025-02-21\/sbb-tritt-brancheninitiative-comimpact-bei\/","og_locale":"fr_FR","og_type":"article","og_title":"SBB tritt Brancheninitiative ComImpact bei - Organisator","og_description":"Die SBB tritt ComImpact bei und st\u00e4rkt so die F\u00f6rderung von CommTech in der Schweiz. Der Verein w\u00e4chst auf elf Firmenmitglieder.","og_url":"https:\/\/www.organisator.ch\/fr\/marketing\/2025-02-21\/sbb-tritt-brancheninitiative-comimpact-bei\/","og_site_name":"Organisator","article_publisher":"https:\/\/www.facebook.com\/OrganisatorFachmagazin","article_published_time":"2025-02-21T06:16:40+00:00","article_modified_time":"2025-02-21T06:17:14+00:00","author":"galledia","twitter_card":"summary_large_image","twitter_creator":"@admin","schema":{"@context":"https:\/\/schema.org","@graph":[{"@type":"Article","@id":"https:\/\/www.organisator.ch\/marketing\/2025-02-21\/sbb-tritt-brancheninitiative-comimpact-bei\/#article","isPartOf":{"@id":"https:\/\/www.organisator.ch\/marketing\/2025-02-21\/sbb-tritt-brancheninitiative-comimpact-bei\/"},"author":{"name":"galledia","@id":"https:\/\/www.organisator.ch\/#\/schema\/person\/4e51799071cd2dd1232ac003643ef5f0"},"headline":"SBB tritt Brancheninitiative ComImpact bei","datePublished":"2025-02-21T06:16:40+00:00","dateModified":"2025-02-21T06:17:14+00:00","mainEntityOfPage":{"@id":"https:\/\/www.organisator.ch\/marketing\/2025-02-21\/sbb-tritt-brancheninitiative-comimpact-bei\/"},"wordCount":100,"publisher":{"@id":"https:\/\/www.organisator.ch\/#organization"},"image":{"@id":"https:\/\/www.organisator.ch\/marketing\/2025-02-21\/sbb-tritt-brancheninitiative-comimpact-bei\/#primaryimage"},"thumbnailUrl":"https:\/\/www.markt-kom.com\/wp-content\/uploads\/2025\/02\/MartinaRettenmund.jpg","keywords":["ComImpact","MarKom","SBB"],"articleSection":["MARKETING"],"inLanguage":"fr-FR"},{"@type":"WebPage","@id":"https:\/\/www.organisator.ch\/marketing\/2025-02-21\/sbb-tritt-brancheninitiative-comimpact-bei\/","url":"https:\/\/www.organisator.ch\/marketing\/2025-02-21\/sbb-tritt-brancheninitiative-comimpact-bei\/","name":"Les CFF rejoignent l'initiative sectorielle ComImpact - Organisateur","isPartOf":{"@id":"https:\/\/www.organisator.ch\/#website"},"primaryImageOfPage":{"@id":"https:\/\/www.organisator.ch\/marketing\/2025-02-21\/sbb-tritt-brancheninitiative-comimpact-bei\/#primaryimage"},"image":{"@id":"https:\/\/www.organisator.ch\/marketing\/2025-02-21\/sbb-tritt-brancheninitiative-comimpact-bei\/#primaryimage"},"thumbnailUrl":"https:\/\/www.markt-kom.com\/wp-content\/uploads\/2025\/02\/MartinaRettenmund.jpg","datePublished":"2025-02-21T06:16:40+00:00","dateModified":"2025-02-21T06:17:14+00:00","description":"Les CFF adh\u00e8rent \u00e0 ComImpact et renforcent ainsi la promotion des CommTech en Suisse. L'association s'agrandit et compte d\u00e9sormais onze entreprises membres.","breadcrumb":{"@id":"https:\/\/www.organisator.ch\/marketing\/2025-02-21\/sbb-tritt-brancheninitiative-comimpact-bei\/#breadcrumb"},"inLanguage":"fr-FR","potentialAction":[{"@type":"ReadAction","target":["https:\/\/www.organisator.ch\/marketing\/2025-02-21\/sbb-tritt-brancheninitiative-comimpact-bei\/"]}]},{"@type":"ImageObject","inLanguage":"fr-FR","@id":"https:\/\/www.organisator.ch\/marketing\/2025-02-21\/sbb-tritt-brancheninitiative-comimpact-bei\/#primaryimage","url":"https:\/\/www.markt-kom.com\/wp-content\/uploads\/2025\/02\/MartinaRettenmund.jpg","contentUrl":"https:\/\/www.markt-kom.com\/wp-content\/uploads\/2025\/02\/MartinaRettenmund.jpg"},{"@type":"BreadcrumbList","@id":"https:\/\/www.organisator.ch\/marketing\/2025-02-21\/sbb-tritt-brancheninitiative-comimpact-bei\/#breadcrumb","itemListElement":[{"@type":"ListItem","position":1,"name":"Home","item":"https:\/\/www.organisator.ch\/"},{"@type":"ListItem","position":2,"name":"SBB tritt Brancheninitiative ComImpact bei"}]},{"@type":"WebSite","@id":"https:\/\/www.organisator.ch\/#website","url":"https:\/\/www.organisator.ch\/","name":"Organisateur","description":"Comp\u00e9tence et comp\u00e9tence. Proches de la pratique. L'ORGANISATEUR pr\u00e9pare 10 num\u00e9ros par an sur les th\u00e8mes essentiels pour les dirigeants de PME.","publisher":{"@id":"https:\/\/www.organisator.ch\/#organization"},"potentialAction":[{"@type":"SearchAction","target":{"@type":"EntryPoint","urlTemplate":"https:\/\/www.organisator.ch\/?s={search_term_string}"},"query-input":{"@type":"PropertyValueSpecification","valueRequired":true,"valueName":"search_term_string"}}],"inLanguage":"fr-FR"},{"@type":"Organization","@id":"https:\/\/www.organisator.ch\/#organization","name":"Organisateur","url":"https:\/\/www.organisator.ch\/","logo":{"@type":"ImageObject","inLanguage":"fr-FR","@id":"https:\/\/www.organisator.ch\/#\/schema\/logo\/image\/","url":"https:\/\/www.organisator.ch\/wp-content\/uploads\/2022\/01\/Logo_Organisator_Website.png","contentUrl":"https:\/\/www.organisator.ch\/wp-content\/uploads\/2022\/01\/Logo_Organisator_Website.png","width":800,"height":77,"caption":"Organisator"},"image":{"@id":"https:\/\/www.organisator.ch\/#\/schema\/logo\/image\/"},"sameAs":["https:\/\/www.facebook.com\/OrganisatorFachmagazin","https:\/\/www.linkedin.com\/showcase\/organisator-das-magazin-fr-kmu","https:\/\/www.xing.com\/news\/pages\/organisator-ch-695","https:\/\/www.youtube.com\/channel\/UCGP2Sq0iWaZwT3BdIAQFYpw"]},{"@type":"Person","@id":"https:\/\/www.organisator.ch\/#\/schema\/person\/4e51799071cd2dd1232ac003643ef5f0","name":"galledia","image":{"@type":"ImageObject","inLanguage":"fr-FR","@id":"https:\/\/secure.gravatar.com\/avatar\/78a7f90c01fc2bfc875782a0d4922b37cde2cf184ce347b91316d23cd7f69a36?s=96&d=mm&r=g","url":"https:\/\/secure.gravatar.com\/avatar\/78a7f90c01fc2bfc875782a0d4922b37cde2cf184ce347b91316d23cd7f69a36?s=96&d=mm&r=g","contentUrl":"https:\/\/secure.gravatar.com\/avatar\/78a7f90c01fc2bfc875782a0d4922b37cde2cf184ce347b91316d23cd7f69a36?s=96&d=mm&r=g","caption":"galledia"},"sameAs":["https:\/\/x.com\/admin"],"url":"https:\/\/www.organisator.ch\/fr\/author\/galledia\/"}]}},"_links":{"self":[{"href":"https:\/\/www.organisator.ch\/fr\/wp-json\/wp\/v2\/posts\/36223","targetHints":{"allow":["GET"]}}],"collection":[{"href":"https:\/\/www.organisator.ch\/fr\/wp-json\/wp\/v2\/posts"}],"about":[{"href":"https:\/\/www.organisator.ch\/fr\/wp-json\/wp\/v2\/types\/post"}],"author":[{"embeddable":true,"href":"https:\/\/www.organisator.ch\/fr\/wp-json\/wp\/v2\/users\/8"}],"replies":[{"embeddable":true,"href":"https:\/\/www.organisator.ch\/fr\/wp-json\/wp\/v2\/comments?post=36223"}],"version-history":[{"count":2,"href":"https:\/\/www.organisator.ch\/fr\/wp-json\/wp\/v2\/posts\/36223\/revisions"}],"predecessor-version":[{"id":36234,"href":"https:\/\/www.organisator.ch\/fr\/wp-json\/wp\/v2\/posts\/36223\/revisions\/36234"}],"wp:attachment":[{"href":"https:\/\/www.organisator.ch\/fr\/wp-json\/wp\/v2\/media?parent=36223"}],"wp:term":[{"taxonomy":"category","embeddable":true,"href":"https:\/\/www.organisator.ch\/fr\/wp-json\/wp\/v2\/categories?post=36223"},{"taxonomy":"post_tag","embeddable":true,"href":"https:\/\/www.organisator.ch\/fr\/wp-json\/wp\/v2\/tags?post=36223"}],"curies":[{"name":"wp","href":"https:\/\/api.w.org\/{rel}","templated":true}]}}